{"id":163245,"date":"2022-07-25T12:03:20","date_gmt":"2022-07-25T11:03:20","guid":{"rendered":"https:\/\/radioljubuski.ba\/?p=163245"},"modified":"2022-07-25T13:47:55","modified_gmt":"2022-07-25T12:47:55","slug":"lucic-na-ustav-federacije-doneseno-je-preko-stotinu-amandmana-a-sve-odluke-su-isle-na-stetu-hrvata","status":"publish","type":"post","link":"https:\/\/radioljubuski.ba\/index.php\/2022\/07\/25\/lucic-na-ustav-federacije-doneseno-je-preko-stotinu-amandmana-a-sve-odluke-su-isle-na-stetu-hrvata\/","title":{"rendered":"Lu\u010di\u0107: Na Ustav Federacije doneseno je preko stotinu amandmana, a sve odluke su i\u0161le na \u0161tetu Hrvata."},"content":{"rendered":"\n<p>Unato\u010d otvorenom protivljenju Bo\u0161njaka vezano za izmjene izbornog zakona u Bosni i Hercegovini koje je \u017eeli provesti &#8220;visoki me\u0111unarodni predstavnik Christian Schmidt&#8221; za tu zemlju \u010dini se kako \u0107e se nametnuti rje\u0161enje o kojima se nije mogao prona\u0107i dogovor. \u0160to su tzv. &#8220;Bonske ovlasti&#8221; koje \u0107e biti poznate do 1. Kolovoza i za\u0161to Bo\u0161nja\u010dke politi\u010dke stranke i politi\u010dari o tome ne \u017eele niti \u010duti i \u0161to s tim dobivaju Hrvatske stranke u toj zemlji?&nbsp;<\/p>\n\n\n\n<p>Povjesni\u010dar prof. dr. sc. su Ivica Lu\u010di\u0107 kazao je u HTV-ovoj emisiji &#8220;Studio 4&#8221; kako su tzv. &#8220;Bonske ovlasti&#8221; ovlasti visokog predstavnika za Bosnu i Hercegovinu, kojima mo\u017ee izme\u0111u ostalog, nametati razne odluke.<\/p>\n\n\n\n<p>-Kao \u0161to su vrlo \u010desto, ve\u0107 koristili prethodnici, sada\u0161njeg visokog predstavnika, poru\u010dio je.<\/p>\n\n\n\n<p>Dodao je kako se u Bosni i Hercegovini sve tri strane nisu mogle dogovoriti oko ni\u010dega.<\/p>\n\n\n\n<p>-Sve \u0161to postoji u Bosni i Hercegovini kada je u pitanju Ustav, zakoni, uglavnom je sve nametnuto, rekao je Lu\u010di\u0107.&nbsp;<\/p>\n\n\n\n<p>Na Ustav Federacije Bosne i Hercegovine doneseno je preko stotinu amandmana, a sve odluke su i\u0161le na \u0161tetu Hrvata.<\/p>\n\n\n\n<p>-Sve su i\u0161le da bi se zadovoljila nekakva funkcionalnost, ja\u010danje dr\u017eave, naglasio je.<\/p>\n\n\n\n<p>Je li kraj manipulaciji da bi hrvatski narod predstavljali bo\u0161nja\u010dki politi\u010dari u tamo\u0161njem parlamentu ili Hrvati koji slijepo provode bo\u0161nja\u010dku politiku? Lu\u010di\u0107 je istaknuo kako na\u017ealost, nije to kraj, ve\u0107 je to samo jedna mala promjena, koja je jako va\u017ena.<\/p>\n\n\n\n<p>Va\u017ena je zbog toga, \u0161to se jedna paradigma funkcioniranja, ve\u0107 dvadesetak godina, prestaje i mijenja.<\/p>\n\n\n\n<p>&#8211; Nestankom te paradigme, vjerojatno \u0107e splasnuti euforija bo\u0161nja\u010dkog nacionalizma i islamizma, koji je vrlo blisko povezan s njim. Prestat \u0107e te \u0161pekulacije i manipulacije, koje se uglavnom rade preko nekih vanjskih institucija, naglasio je povjesni\u010dar Lu\u010di\u0107.&nbsp;<\/p>\n\n\n\n<p>Izmjene Izbornog zakona mogle bi se odnositi na izbor predstavnika u Domu naroda Parlamenta Federacije Bosne i Hercegovine. Na to su bo\u0161nja\u010dki politi\u010dari odgovorili histeri\u010dnim izjavama, doslovno, govorom mr\u017enje.<\/p>\n\n\n\n<p>Povjesni\u010dar prof. dr. sc. su Ivica Lu\u010di\u0107 rekao je kako je dobro da ta situacija nije pro\u0161la &#8220;ispod radara&#8221; hrvatske javnosti.<\/p>\n\n\n\n<p>-Dobar dio procesa o kojem sam govorio, pogotovo u razdoblju od 2000. do 2010. godine, Hrvatska politika je sudjelovala u uni\u0161tenju Hrvata u Bosni i Hercegovini. U tome je sudjelovao i sada\u0161nji predsjednik Republike u dva mandata. Ova promjena bi bila barem mali povratak u normalu, poru\u010dio je.<\/p>\n\n\n\n<p>Bakir Izetbegovi\u0107 poru\u010duje &#8211; ova izmjena za nas je lu\u0111a\u010dka ko\u0161ulja. Tvrdi da uvo\u0111enje praga od tri posto, zna\u010di da manjinski narodi u odre\u0111enim \u017eupanijama, ne\u0107e imati svoje predstavnike.<\/p>\n\n\n\n<p>Lu\u010di\u0107 je dodao kako Bakira Izetbegovi\u0107a nije uop\u0107e briga za manjinske narode, njega nije briga za Hrvate u Sarajevu ili Tuzli. Izmjena Izbornog zakona je vrlo bitan za Hrvate. Hrvati u BiH samo \u017eele da se provodi Ustav.<\/p>\n\n\n\n<p> Izvor: <a href=\"https:\/\/pogled.ba\/politika\/lucic-na-ustav-federacije-doneseno-je-preko-stotinu-amandmana-a-sve-odluke-su-isle-na-stetu-hrvata\/251520\">Pogled.ba<\/a><\/p>\n","protected":false},"excerpt":{"rendered":"<p>Unato\u010d otvorenom protivljenju Bo\u0161njaka vezano za izmjene izbornog zakona u Bosni i Hercegovini koje je \u017eeli provesti &#8220;visoki me\u0111unarodni predstavnik Christian Schmidt&#8221; za tu zemlju \u010dini se kako \u0107e se nametnuti rje\u0161enje o kojima se nije mogao prona\u0107i dogovor. \u0160to su tzv. &#8220;Bonske ovlasti&#8221; koje \u0107e biti poznate do 1. Kolovoza i za\u0161to Bo\u0161nja\u010dke politi\u010dke [&hellip;]<\/p>\n","protected":false},"author":2,"featured_media":163246,"comment_status":"closed","ping_status":"closed","sticky":false,"template":"","format":"standard","meta":{"h5ap_radio_sources":[],"footnotes":""},"categories":[1],"tags":[],"class_list":["post-163245","post","type-post","status-publish","format-standard","has-post-thumbnail","hentry","category-bihiregija"],"yoast_head":"<!-- This site is optimized with the Yoast SEO plugin v27.5 - https:\/\/yoast.com\/product\/yoast-seo-wordpress\/ -->\n<title>Lu\u010di\u0107: Na Ustav Federacije doneseno je preko stotinu amandmana, a sve odluke su i\u0161le na \u0161tetu Hrvata. - RADIO LJUBU\u0160KI<\/title>\n<meta name=\"robots\" content=\"index, follow, max-snippet:-1, max-image-preview:large, max-video-preview:-1\" \/>\n<link rel=\"canonical\" href=\"https:\/\/radioljubuski.ba\/index.php\/2022\/07\/25\/lucic-na-ustav-federacije-doneseno-je-preko-stotinu-amandmana-a-sve-odluke-su-isle-na-stetu-hrvata\/\" \/>\n<meta property=\"og:locale\" content=\"hr_HR\" \/>\n<meta property=\"og:type\" content=\"article\" \/>\n<meta property=\"og:title\" content=\"Lu\u010di\u0107: Na Ustav Federacije doneseno je preko stotinu amandmana, a sve odluke su i\u0161le na \u0161tetu Hrvata. - RADIO LJUBU\u0160KI\" \/>\n<meta property=\"og:description\" content=\"Unato\u010d otvorenom protivljenju Bo\u0161njaka vezano za izmjene izbornog zakona u Bosni i Hercegovini koje je \u017eeli provesti &#8220;visoki me\u0111unarodni predstavnik Christian Schmidt&#8221; za tu zemlju \u010dini se kako \u0107e se nametnuti rje\u0161enje o kojima se nije mogao prona\u0107i dogovor. \u0160to su tzv. &#8220;Bonske ovlasti&#8221; koje \u0107e biti poznate do 1. Kolovoza i za\u0161to Bo\u0161nja\u010dke politi\u010dke [&hellip;]\" \/>\n<meta property=\"og:url\" content=\"https:\/\/radioljubuski.ba\/index.php\/2022\/07\/25\/lucic-na-ustav-federacije-doneseno-je-preko-stotinu-amandmana-a-sve-odluke-su-isle-na-stetu-hrvata\/\" \/>\n<meta property=\"og:site_name\" content=\"RADIO LJUBU\u0160KI\" \/>\n<meta property=\"article:publisher\" content=\"https:\/\/www.facebook.com\/Radiio-Ljubuski-1490835324566332\" \/>\n<meta property=\"article:published_time\" content=\"2022-07-25T11:03:20+00:00\" \/>\n<meta property=\"article:modified_time\" content=\"2022-07-25T12:47:55+00:00\" \/>\n<meta property=\"og:image\" content=\"https:\/\/radioljubuski.ba\/wp-content\/uploads\/2022\/07\/2-2022-07-25-11-51-37-lucic.jpg\" \/>\n\t<meta property=\"og:image:width\" content=\"1000\" \/>\n\t<meta property=\"og:image:height\" content=\"625\" \/>\n\t<meta property=\"og:image:type\" content=\"image\/jpeg\" \/>\n<meta name=\"author\" content=\"Radio Ljubu\u0161ki\" \/>\n<meta name=\"twitter:card\" content=\"summary_large_image\" \/>\n<meta name=\"twitter:creator\" content=\"@radioljubuski\" \/>\n<meta name=\"twitter:site\" content=\"@radioljubuski\" \/>\n<meta name=\"twitter:label1\" content=\"Napisao\/la\" \/>\n\t<meta name=\"twitter:data1\" content=\"Radio Ljubu\u0161ki\" \/>\n\t<meta name=\"twitter:label2\" content=\"Procijenjeno vrijeme \u010ditanja\" \/>\n\t<meta name=\"twitter:data2\" content=\"2 minute\" \/>\n<script type=\"application\/ld+json\" class=\"yoast-schema-graph\">{\"@context\":\"https:\\\/\\\/schema.org\",\"@graph\":[{\"@type\":\"Article\",\"@id\":\"https:\\\/\\\/radioljubuski.ba\\\/index.php\\\/2022\\\/07\\\/25\\\/lucic-na-ustav-federacije-doneseno-je-preko-stotinu-amandmana-a-sve-odluke-su-isle-na-stetu-hrvata\\\/#article\",\"isPartOf\":{\"@id\":\"https:\\\/\\\/radioljubuski.ba\\\/index.php\\\/2022\\\/07\\\/25\\\/lucic-na-ustav-federacije-doneseno-je-preko-stotinu-amandmana-a-sve-odluke-su-isle-na-stetu-hrvata\\\/\"},\"author\":{\"name\":\"Radio Ljubu\u0161ki\",\"@id\":\"https:\\\/\\\/radioljubuski.ba\\\/#\\\/schema\\\/person\\\/19fc700381a780f69665d7956c469e3b\"},\"headline\":\"Lu\u010di\u0107: Na Ustav Federacije doneseno je preko stotinu amandmana, a sve odluke su i\u0161le na \u0161tetu Hrvata.\",\"datePublished\":\"2022-07-25T11:03:20+00:00\",\"dateModified\":\"2022-07-25T12:47:55+00:00\",\"mainEntityOfPage\":{\"@id\":\"https:\\\/\\\/radioljubuski.ba\\\/index.php\\\/2022\\\/07\\\/25\\\/lucic-na-ustav-federacije-doneseno-je-preko-stotinu-amandmana-a-sve-odluke-su-isle-na-stetu-hrvata\\\/\"},\"wordCount\":523,\"publisher\":{\"@id\":\"https:\\\/\\\/radioljubuski.ba\\\/#organization\"},\"image\":{\"@id\":\"https:\\\/\\\/radioljubuski.ba\\\/index.php\\\/2022\\\/07\\\/25\\\/lucic-na-ustav-federacije-doneseno-je-preko-stotinu-amandmana-a-sve-odluke-su-isle-na-stetu-hrvata\\\/#primaryimage\"},\"thumbnailUrl\":\"https:\\\/\\\/radioljubuski.ba\\\/wp-content\\\/uploads\\\/2022\\\/07\\\/2-2022-07-25-11-51-37-lucic.jpg\",\"articleSection\":[\"BIH i regija\"],\"inLanguage\":\"hr\"},{\"@type\":\"WebPage\",\"@id\":\"https:\\\/\\\/radioljubuski.ba\\\/index.php\\\/2022\\\/07\\\/25\\\/lucic-na-ustav-federacije-doneseno-je-preko-stotinu-amandmana-a-sve-odluke-su-isle-na-stetu-hrvata\\\/\",\"url\":\"https:\\\/\\\/radioljubuski.ba\\\/index.php\\\/2022\\\/07\\\/25\\\/lucic-na-ustav-federacije-doneseno-je-preko-stotinu-amandmana-a-sve-odluke-su-isle-na-stetu-hrvata\\\/\",\"name\":\"Lu\u010di\u0107: Na Ustav Federacije doneseno je preko stotinu amandmana, a sve odluke su i\u0161le na \u0161tetu Hrvata. - RADIO LJUBU\u0160KI\",\"isPartOf\":{\"@id\":\"https:\\\/\\\/radioljubuski.ba\\\/#website\"},\"primaryImageOfPage\":{\"@id\":\"https:\\\/\\\/radioljubuski.ba\\\/index.php\\\/2022\\\/07\\\/25\\\/lucic-na-ustav-federacije-doneseno-je-preko-stotinu-amandmana-a-sve-odluke-su-isle-na-stetu-hrvata\\\/#primaryimage\"},\"image\":{\"@id\":\"https:\\\/\\\/radioljubuski.ba\\\/index.php\\\/2022\\\/07\\\/25\\\/lucic-na-ustav-federacije-doneseno-je-preko-stotinu-amandmana-a-sve-odluke-su-isle-na-stetu-hrvata\\\/#primaryimage\"},\"thumbnailUrl\":\"https:\\\/\\\/radioljubuski.ba\\\/wp-content\\\/uploads\\\/2022\\\/07\\\/2-2022-07-25-11-51-37-lucic.jpg\",\"datePublished\":\"2022-07-25T11:03:20+00:00\",\"dateModified\":\"2022-07-25T12:47:55+00:00\",\"breadcrumb\":{\"@id\":\"https:\\\/\\\/radioljubuski.ba\\\/index.php\\\/2022\\\/07\\\/25\\\/lucic-na-ustav-federacije-doneseno-je-preko-stotinu-amandmana-a-sve-odluke-su-isle-na-stetu-hrvata\\\/#breadcrumb\"},\"inLanguage\":\"hr\",\"potentialAction\":[{\"@type\":\"ReadAction\",\"target\":[\"https:\\\/\\\/radioljubuski.ba\\\/index.php\\\/2022\\\/07\\\/25\\\/lucic-na-ustav-federacije-doneseno-je-preko-stotinu-amandmana-a-sve-odluke-su-isle-na-stetu-hrvata\\\/\"]}]},{\"@type\":\"ImageObject\",\"inLanguage\":\"hr\",\"@id\":\"https:\\\/\\\/radioljubuski.ba\\\/index.php\\\/2022\\\/07\\\/25\\\/lucic-na-ustav-federacije-doneseno-je-preko-stotinu-amandmana-a-sve-odluke-su-isle-na-stetu-hrvata\\\/#primaryimage\",\"url\":\"https:\\\/\\\/radioljubuski.ba\\\/wp-content\\\/uploads\\\/2022\\\/07\\\/2-2022-07-25-11-51-37-lucic.jpg\",\"contentUrl\":\"https:\\\/\\\/radioljubuski.ba\\\/wp-content\\\/uploads\\\/2022\\\/07\\\/2-2022-07-25-11-51-37-lucic.jpg\",\"width\":1000,\"height\":625},{\"@type\":\"BreadcrumbList\",\"@id\":\"https:\\\/\\\/radioljubuski.ba\\\/index.php\\\/2022\\\/07\\\/25\\\/lucic-na-ustav-federacije-doneseno-je-preko-stotinu-amandmana-a-sve-odluke-su-isle-na-stetu-hrvata\\\/#breadcrumb\",\"itemListElement\":[{\"@type\":\"ListItem\",\"position\":1,\"name\":\"Po\u010detna stranica\",\"item\":\"https:\\\/\\\/radioljubuski.ba\\\/\"},{\"@type\":\"ListItem\",\"position\":2,\"name\":\"Lu\u010di\u0107: Na Ustav Federacije doneseno je preko stotinu amandmana, a sve odluke su i\u0161le na \u0161tetu Hrvata.\"}]},{\"@type\":\"WebSite\",\"@id\":\"https:\\\/\\\/radioljubuski.ba\\\/#website\",\"url\":\"https:\\\/\\\/radioljubuski.ba\\\/\",\"name\":\"Radio Ljubu\u0161ki\",\"description\":\"Sun\u010dana frekvencija Hercegovine\",\"publisher\":{\"@id\":\"https:\\\/\\\/radioljubuski.ba\\\/#organization\"},\"potentialAction\":[{\"@type\":\"SearchAction\",\"target\":{\"@type\":\"EntryPoint\",\"urlTemplate\":\"https:\\\/\\\/radioljubuski.ba\\\/?s={search_term_string}\"},\"query-input\":{\"@type\":\"PropertyValueSpecification\",\"valueRequired\":true,\"valueName\":\"search_term_string\"}}],\"inLanguage\":\"hr\"},{\"@type\":\"Organization\",\"@id\":\"https:\\\/\\\/radioljubuski.ba\\\/#organization\",\"name\":\"Radio Ljubu\u0161ki\",\"url\":\"https:\\\/\\\/radioljubuski.ba\\\/\",\"logo\":{\"@type\":\"ImageObject\",\"inLanguage\":\"hr\",\"@id\":\"https:\\\/\\\/radioljubuski.ba\\\/#\\\/schema\\\/logo\\\/image\\\/\",\"url\":\"https:\\\/\\\/radioljubuski.ba\\\/wp-content\\\/uploads\\\/2021\\\/02\\\/cropped-Radio_Ljubuski_logo1.jpg\",\"contentUrl\":\"https:\\\/\\\/radioljubuski.ba\\\/wp-content\\\/uploads\\\/2021\\\/02\\\/cropped-Radio_Ljubuski_logo1.jpg\",\"width\":512,\"height\":512,\"caption\":\"Radio Ljubu\u0161ki\"},\"image\":{\"@id\":\"https:\\\/\\\/radioljubuski.ba\\\/#\\\/schema\\\/logo\\\/image\\\/\"},\"sameAs\":[\"https:\\\/\\\/www.facebook.com\\\/Radiio-Ljubuski-1490835324566332\",\"https:\\\/\\\/x.com\\\/radioljubuski\",\"https:\\\/\\\/hr.linkedin.com\\\/company\\\/radio-ljubuski\",\"https:\\\/\\\/www.youtube.com\\\/channel\\\/UCHYaeO_n0Db3tjNGudGpXyw\"]},{\"@type\":\"Person\",\"@id\":\"https:\\\/\\\/radioljubuski.ba\\\/#\\\/schema\\\/person\\\/19fc700381a780f69665d7956c469e3b\",\"name\":\"Radio Ljubu\u0161ki\"}]}<\/script>\n<!-- \/ Yoast SEO plugin. -->","yoast_head_json":{"title":"Lu\u010di\u0107: Na Ustav Federacije doneseno je preko stotinu amandmana, a sve odluke su i\u0161le na \u0161tetu Hrvata. - RADIO LJUBU\u0160KI","robots":{"index":"index","follow":"follow","max-snippet":"max-snippet:-1","max-image-preview":"max-image-preview:large","max-video-preview":"max-video-preview:-1"},"canonical":"https:\/\/radioljubuski.ba\/index.php\/2022\/07\/25\/lucic-na-ustav-federacije-doneseno-je-preko-stotinu-amandmana-a-sve-odluke-su-isle-na-stetu-hrvata\/","og_locale":"hr_HR","og_type":"article","og_title":"Lu\u010di\u0107: Na Ustav Federacije doneseno je preko stotinu amandmana, a sve odluke su i\u0161le na \u0161tetu Hrvata. - RADIO LJUBU\u0160KI","og_description":"Unato\u010d otvorenom protivljenju Bo\u0161njaka vezano za izmjene izbornog zakona u Bosni i Hercegovini koje je \u017eeli provesti &#8220;visoki me\u0111unarodni predstavnik Christian Schmidt&#8221; za tu zemlju \u010dini se kako \u0107e se nametnuti rje\u0161enje o kojima se nije mogao prona\u0107i dogovor. \u0160to su tzv. &#8220;Bonske ovlasti&#8221; koje \u0107e biti poznate do 1. Kolovoza i za\u0161to Bo\u0161nja\u010dke politi\u010dke [&hellip;]","og_url":"https:\/\/radioljubuski.ba\/index.php\/2022\/07\/25\/lucic-na-ustav-federacije-doneseno-je-preko-stotinu-amandmana-a-sve-odluke-su-isle-na-stetu-hrvata\/","og_site_name":"RADIO LJUBU\u0160KI","article_publisher":"https:\/\/www.facebook.com\/Radiio-Ljubuski-1490835324566332","article_published_time":"2022-07-25T11:03:20+00:00","article_modified_time":"2022-07-25T12:47:55+00:00","og_image":[{"width":1000,"height":625,"url":"https:\/\/radioljubuski.ba\/wp-content\/uploads\/2022\/07\/2-2022-07-25-11-51-37-lucic.jpg","type":"image\/jpeg"}],"author":"Radio Ljubu\u0161ki","twitter_card":"summary_large_image","twitter_creator":"@radioljubuski","twitter_site":"@radioljubuski","twitter_misc":{"Napisao\/la":"Radio Ljubu\u0161ki","Procijenjeno vrijeme \u010ditanja":"2 minute"},"schema":{"@context":"https:\/\/schema.org","@graph":[{"@type":"Article","@id":"https:\/\/radioljubuski.ba\/index.php\/2022\/07\/25\/lucic-na-ustav-federacije-doneseno-je-preko-stotinu-amandmana-a-sve-odluke-su-isle-na-stetu-hrvata\/#article","isPartOf":{"@id":"https:\/\/radioljubuski.ba\/index.php\/2022\/07\/25\/lucic-na-ustav-federacije-doneseno-je-preko-stotinu-amandmana-a-sve-odluke-su-isle-na-stetu-hrvata\/"},"author":{"name":"Radio Ljubu\u0161ki","@id":"https:\/\/radioljubuski.ba\/#\/schema\/person\/19fc700381a780f69665d7956c469e3b"},"headline":"Lu\u010di\u0107: Na Ustav Federacije doneseno je preko stotinu amandmana, a sve odluke su i\u0161le na \u0161tetu Hrvata.","datePublished":"2022-07-25T11:03:20+00:00","dateModified":"2022-07-25T12:47:55+00:00","mainEntityOfPage":{"@id":"https:\/\/radioljubuski.ba\/index.php\/2022\/07\/25\/lucic-na-ustav-federacije-doneseno-je-preko-stotinu-amandmana-a-sve-odluke-su-isle-na-stetu-hrvata\/"},"wordCount":523,"publisher":{"@id":"https:\/\/radioljubuski.ba\/#organization"},"image":{"@id":"https:\/\/radioljubuski.ba\/index.php\/2022\/07\/25\/lucic-na-ustav-federacije-doneseno-je-preko-stotinu-amandmana-a-sve-odluke-su-isle-na-stetu-hrvata\/#primaryimage"},"thumbnailUrl":"https:\/\/radioljubuski.ba\/wp-content\/uploads\/2022\/07\/2-2022-07-25-11-51-37-lucic.jpg","articleSection":["BIH i regija"],"inLanguage":"hr"},{"@type":"WebPage","@id":"https:\/\/radioljubuski.ba\/index.php\/2022\/07\/25\/lucic-na-ustav-federacije-doneseno-je-preko-stotinu-amandmana-a-sve-odluke-su-isle-na-stetu-hrvata\/","url":"https:\/\/radioljubuski.ba\/index.php\/2022\/07\/25\/lucic-na-ustav-federacije-doneseno-je-preko-stotinu-amandmana-a-sve-odluke-su-isle-na-stetu-hrvata\/","name":"Lu\u010di\u0107: Na Ustav Federacije doneseno je preko stotinu amandmana, a sve odluke su i\u0161le na \u0161tetu Hrvata. - RADIO LJUBU\u0160KI","isPartOf":{"@id":"https:\/\/radioljubuski.ba\/#website"},"primaryImageOfPage":{"@id":"https:\/\/radioljubuski.ba\/index.php\/2022\/07\/25\/lucic-na-ustav-federacije-doneseno-je-preko-stotinu-amandmana-a-sve-odluke-su-isle-na-stetu-hrvata\/#primaryimage"},"image":{"@id":"https:\/\/radioljubuski.ba\/index.php\/2022\/07\/25\/lucic-na-ustav-federacije-doneseno-je-preko-stotinu-amandmana-a-sve-odluke-su-isle-na-stetu-hrvata\/#primaryimage"},"thumbnailUrl":"https:\/\/radioljubuski.ba\/wp-content\/uploads\/2022\/07\/2-2022-07-25-11-51-37-lucic.jpg","datePublished":"2022-07-25T11:03:20+00:00","dateModified":"2022-07-25T12:47:55+00:00","breadcrumb":{"@id":"https:\/\/radioljubuski.ba\/index.php\/2022\/07\/25\/lucic-na-ustav-federacije-doneseno-je-preko-stotinu-amandmana-a-sve-odluke-su-isle-na-stetu-hrvata\/#breadcrumb"},"inLanguage":"hr","potentialAction":[{"@type":"ReadAction","target":["https:\/\/radioljubuski.ba\/index.php\/2022\/07\/25\/lucic-na-ustav-federacije-doneseno-je-preko-stotinu-amandmana-a-sve-odluke-su-isle-na-stetu-hrvata\/"]}]},{"@type":"ImageObject","inLanguage":"hr","@id":"https:\/\/radioljubuski.ba\/index.php\/2022\/07\/25\/lucic-na-ustav-federacije-doneseno-je-preko-stotinu-amandmana-a-sve-odluke-su-isle-na-stetu-hrvata\/#primaryimage","url":"https:\/\/radioljubuski.ba\/wp-content\/uploads\/2022\/07\/2-2022-07-25-11-51-37-lucic.jpg","contentUrl":"https:\/\/radioljubuski.ba\/wp-content\/uploads\/2022\/07\/2-2022-07-25-11-51-37-lucic.jpg","width":1000,"height":625},{"@type":"BreadcrumbList","@id":"https:\/\/radioljubuski.ba\/index.php\/2022\/07\/25\/lucic-na-ustav-federacije-doneseno-je-preko-stotinu-amandmana-a-sve-odluke-su-isle-na-stetu-hrvata\/#breadcrumb","itemListElement":[{"@type":"ListItem","position":1,"name":"Po\u010detna stranica","item":"https:\/\/radioljubuski.ba\/"},{"@type":"ListItem","position":2,"name":"Lu\u010di\u0107: Na Ustav Federacije doneseno je preko stotinu amandmana, a sve odluke su i\u0161le na \u0161tetu Hrvata."}]},{"@type":"WebSite","@id":"https:\/\/radioljubuski.ba\/#website","url":"https:\/\/radioljubuski.ba\/","name":"Radio Ljubu\u0161ki","description":"Sun\u010dana frekvencija Hercegovine","publisher":{"@id":"https:\/\/radioljubuski.ba\/#organization"},"potentialAction":[{"@type":"SearchAction","target":{"@type":"EntryPoint","urlTemplate":"https:\/\/radioljubuski.ba\/?s={search_term_string}"},"query-input":{"@type":"PropertyValueSpecification","valueRequired":true,"valueName":"search_term_string"}}],"inLanguage":"hr"},{"@type":"Organization","@id":"https:\/\/radioljubuski.ba\/#organization","name":"Radio Ljubu\u0161ki","url":"https:\/\/radioljubuski.ba\/","logo":{"@type":"ImageObject","inLanguage":"hr","@id":"https:\/\/radioljubuski.ba\/#\/schema\/logo\/image\/","url":"https:\/\/radioljubuski.ba\/wp-content\/uploads\/2021\/02\/cropped-Radio_Ljubuski_logo1.jpg","contentUrl":"https:\/\/radioljubuski.ba\/wp-content\/uploads\/2021\/02\/cropped-Radio_Ljubuski_logo1.jpg","width":512,"height":512,"caption":"Radio Ljubu\u0161ki"},"image":{"@id":"https:\/\/radioljubuski.ba\/#\/schema\/logo\/image\/"},"sameAs":["https:\/\/www.facebook.com\/Radiio-Ljubuski-1490835324566332","https:\/\/x.com\/radioljubuski","https:\/\/hr.linkedin.com\/company\/radio-ljubuski","https:\/\/www.youtube.com\/channel\/UCHYaeO_n0Db3tjNGudGpXyw"]},{"@type":"Person","@id":"https:\/\/radioljubuski.ba\/#\/schema\/person\/19fc700381a780f69665d7956c469e3b","name":"Radio Ljubu\u0161ki"}]}},"_links":{"self":[{"href":"https:\/\/radioljubuski.ba\/index.php\/wp-json\/wp\/v2\/posts\/163245","targetHints":{"allow":["GET"]}}],"collection":[{"href":"https:\/\/radioljubuski.ba\/index.php\/wp-json\/wp\/v2\/posts"}],"about":[{"href":"https:\/\/radioljubuski.ba\/index.php\/wp-json\/wp\/v2\/types\/post"}],"author":[{"embeddable":true,"href":"https:\/\/radioljubuski.ba\/index.php\/wp-json\/wp\/v2\/users\/2"}],"replies":[{"embeddable":true,"href":"https:\/\/radioljubuski.ba\/index.php\/wp-json\/wp\/v2\/comments?post=163245"}],"version-history":[{"count":2,"href":"https:\/\/radioljubuski.ba\/index.php\/wp-json\/wp\/v2\/posts\/163245\/revisions"}],"predecessor-version":[{"id":163310,"href":"https:\/\/radioljubuski.ba\/index.php\/wp-json\/wp\/v2\/posts\/163245\/revisions\/163310"}],"wp:featuredmedia":[{"embeddable":true,"href":"https:\/\/radioljubuski.ba\/index.php\/wp-json\/wp\/v2\/media\/163246"}],"wp:attachment":[{"href":"https:\/\/radioljubuski.ba\/index.php\/wp-json\/wp\/v2\/media?parent=163245"}],"wp:term":[{"taxonomy":"category","embeddable":true,"href":"https:\/\/radioljubuski.ba\/index.php\/wp-json\/wp\/v2\/categories?post=163245"},{"taxonomy":"post_tag","embeddable":true,"href":"https:\/\/radioljubuski.ba\/index.php\/wp-json\/wp\/v2\/tags?post=163245"}],"curies":[{"name":"wp","href":"https:\/\/api.w.org\/{rel}","templated":true}]}}