{"id":163255,"date":"2022-07-25T12:09:56","date_gmt":"2022-07-25T11:09:56","guid":{"rendered":"https:\/\/radioljubuski.ba\/?p=163255"},"modified":"2022-07-25T12:09:59","modified_gmt":"2022-07-25T11:09:59","slug":"25-srpnja-1990-veliki-srpski-sabor-u-srbu-i-stari-kult-ugrozenog-srbina-2","status":"publish","type":"post","link":"https:\/\/radioljubuski.ba\/index.php\/2022\/07\/25\/25-srpnja-1990-veliki-srpski-sabor-u-srbu-i-stari-kult-ugrozenog-srbina-2\/","title":{"rendered":"25. srpnja 1990. \u2018Veliki srpski sabor\u2019 u Srbu i stari kult \u2018ugro\u017eenog Srbina\u2019"},"content":{"rendered":"\n<p>\u2018Kult ugro\u017eenog Srbina\u2019 nije nova pojava u srpskoj politici. Ova fraza se iz Srbije sustavno i sistematski \u0161irila me\u0111u Srbe u Hrvatskoj i bila glavni okida\u010d za agresiju 1991. godine. Pokazalo se da je fraza o \u2018ugro\u017eenom Srbinu\u2019 u stvarnosti prijetnja Hrvatima. Tako je bilo kada je izvikivana na \u2018Velikom srpskom saboru\u2019 25. srpnja 1990. uo\u010di rata u Hrvatskoj.<\/p>\n\n\n\n<p>\u2018Kult ugro\u017eenog Srbina\u2019 nije nastao 2020. u Hrvatskoj ili Crnoj Gori, niti prije toga 1991. s Jovanom Ra\u0161kovi\u0107em, niti sa Slobodanom Milo\u0161evi\u0107em. Ta patogena i lukava politi\u010dko-manipulativna fraza u slu\u017ebi stvaranja Velike Srbije stara je 150 godina i \u010desto slu\u017ei kao propagandno-psiholo\u0161ka priprema za agresiju na druge narode, a osobito hrvatski narod.<\/p>\n\n\n\n<p>La\u017ena \u2018ugro\u017eenost Srba\u2019 bila je glavni motiv i pokreta\u010d agresije na Hrvatsku, Bosnu i Hercegovinu i Kosovo. Mit o \u2018ugro\u017eenim Srbima\u2019 po\u010deo je prljavu kampanju ve\u0107 u Jugoslaviji nakon Titove smrti, prvo na Kosovu gdje je albanski narod bio izlo\u017een velikosrpskom teroru, a dolaskom Slobodana Milo\u0161evi\u0107a na vlast 1986. po\u010dela je kampanja o \u2018ugro\u017eenim Srbima u Hrvatskoj\u2019.<\/p>\n\n\n\n<h3 class=\"wp-block-heading\"><strong>Kult o \u2018ugro\u017eenom Srbinu\u2019 \u2013 propagandna fraza koja pokre\u0107e ratove u korist Velike Srbije<\/strong><\/h3>\n\n\n\n<p>Vrlo je zanimljivo da su Srbi frazu o \u2018ugro\u017eenom Srbinu\u2019 masovno koristili jo\u0161 prilikom stvaranja Banovine Hrvatske 1939. godine, premda je Banovina bila u okviru Jugoslavije. Militantnim pokli\u010dem \u2018Srbi na okup!\u201c okupljali su ljude u pobuni protiv stvaranja hrvatske banovine u Jugoslaviji. Smetala im je hrvatska banovina kao dio Jugoslavije, a kako onda ne bi samostalna Hrvatska.<\/p>\n\n\n\n<p>Banovina nestaje vojnim pu\u010dem 27. o\u017eujka 1941. u Beogradu kada Srbija ponovno uvla\u010di u svjetski rat Hrvate, Srbe i druge narode, jednako kao i 1914. godine. Daleko najve\u0107u cijenu II. svjetskog rata platio je hrvatski narod koji na popisu 1948. ima najve\u0107e demografske gubitke i manjak stanovni\u0161tva kao posljedica ratnih djelovanja, zlo\u010dina \u010detnika u NDH i genocidnog istrebljenja Hrvata koje su izveli partizani nakon zavr\u0161etka rata.<\/p>\n\n\n\n<h3 class=\"wp-block-heading\"><strong>SPC \u0161iri stra\u0161nu la\u017e o stotinama tisu\u0107a ubijenih Srba<\/strong><\/h3>\n\n\n\n<p>O doga\u0111ajima u NDH se jako puno zna, a posebno je posljednjih godina do\u0161lo do otkrivanja zna\u010dajne arhivske gra\u0111e.Teza o \u2018ugro\u017eenom Srbinu\u2019 bila je po\u010detkom rata i raspada Jugoslavije plasirana iz redova Srpske pravoslavne crkve u Beogradu kada je napisan i u javnost plasiran dokument pod imenom Valerijanov memorandum. Dokument je bio pun la\u017ei i pretjerivanja.<\/p>\n\n\n\n<p>U njemu pi\u0161e da je ve\u0107 u lipnju 1941. u NDH ubijeno 100.000 Srba (prije otvaranja logora Jasenovac), u kolovozu ve\u0107 180.000 ubijenih Srba, a u rujnu 1941. taj broj je narastao na nevjerojatnih 360.000 ubijenih Srba! Istovremeno, dok SPC \u0161iri stra\u0161nu la\u017e o stotinama tisu\u0107a ubijenih Srba, javlja se i drugi dokument koji se zove Homogena Srbija koji postaje slu\u017ebeni dokument \u010detni\u010dkog pokreta koji je bio pod nadzorom Vlade u Londonu. Prema tom dokumentu, treba uni\u0161titi sve Hrvate ju\u017eno od linije Virovitica-Sisak-Karlovac-Ogulin-Karlobag.<\/p>\n\n\n\n<p>Sustavno se \u0161iri la\u017e i uveli\u010davaju \u017ertve o enormno i nemogu\u0107e velikom broju ubijenih Srba i u isto vrijeme provodi genocidna politika prema Hrvatima.<\/p>\n\n\n\n<h3 class=\"wp-block-heading\"><strong>\u010cetni\u010dki plan Moljevi\u0107a Homogena Srbija realiziran 1991. godine<\/strong><\/h3>\n\n\n\n<p>Ovaj obrazac je ponovljen u Domovinskom ratu, samo sa puno boljim pozicijama za ostvarenje Velike Srbije koje su uvijek bile vo\u0111ene iz Beograda. Do\u0161lo je vrijeme za provo\u0111enje genocida u Hrvatskoj i Bosni i Hercegovini. \u010cetnici 1991. vi\u0161e nisu bili gerilski pokret kao u NDH, ve\u0107 militantna snaga koju vodi do zuba naoru\u017eana JNA pra\u0107ena tisu\u0107ama dobrovoljaca iz Srbije, Crne Gore i Bosne i Hercegovine. Zajedni\u010dki i s istim ciljem po\u010dinju agresiju na Hrvatsku s poznatom propagandon na dva temelja: \u0161ire \u2018kult ugro\u017eenog Srbina\u2019 u Hrvatskoj i strah me\u0111u srpskim stanovni\u0161tvom, a istovremeno kre\u0107u u realizaciju planova Stevana Moljevi\u0107a i genocidnog etni\u010dkog \u010di\u0161\u0107enja Hrvata.<\/p>\n\n\n\n<p>Gdje je 1991. pro\u0161la \u010detni\u010dka vojska i JNA ostaju spaljena sela, protjerano i pobijeno stanovni\u0161tvo, koncentracijski logori i mu\u010denja, sustavno silovanje \u017eena, ru\u0161enje katoli\u010dkih crkava i dr. To je bilo op\u0107e pravilo od Konavala i Dubrovnika na jugu do Vukovara i Baranje na sjeveru \u2013 doslovno fizi\u010dko uni\u0161tenje Hrvata prema nacrtima \u010detni\u010dkih ideologa. JNA je bila instrument, jer je ta vojska i tako bila velikosprska na sli\u010dan na\u010din kao i vojska prvoj Jugoslaviji; nacionalno svjesni Hrvat u toj vojsci nije mogao egzisrtirati, a u svakoj jugoslavenskoj vojsci dominirali su Srbi.<\/p>\n\n\n\n<p>Moljevi\u0107eve ideje, dakle, realizirane su 1991. u Hrvatskoj i 1992. u Bosni i Hercegovini kada je dostignuta linija Velike Srbije, a Hrvati i Bo\u0161njaci etni\u010dki o\u010di\u0161\u0107eni ubijanjem, silovanjem i progonima. Ostali su izolirani d\u017eepovi koji su se branili od potpune realizacije te monstruozne ideje i nestanka Hrvata ju\u017eno od linije Virovitica-Karlovac-Karlobag. Ono \u0161to je ostalo od tog fa\u0161isti\u010dko-\u010detni\u010dkog plana zove se danas Republika Srpska, genocidna tvorevina nastala etni\u010dkim \u010di\u0161\u0107enjem Hrvata i Bo\u0161njaka.<\/p>\n\n\n\n<h3 class=\"wp-block-heading\"><strong>Kult o \u2018ugro\u017eenom Srbinu\u2019 \u2013 hranjen i uzgajan u Jugoslaviji<\/strong><\/h3>\n\n\n\n<p>U Titovoj Jugoslaviji se pa\u017eljivo \u2018uzgajao\u2019 mit o ugro\u017eenom Srbinu, a pothranjivan je la\u017eima o 700.000 ubijenih Srba u Jasenovcu. Uz du\u017ean pijetet prema svim \u017ertvama rata, tako posebno i logora Jasenovac, valja ustanoviti da je takva bezo\u010dna manipulacija brojkama, kao i opisima mu\u010denja u kojima i \u010dasne sestre maljem razbijaju glave kozara\u010dkoj djeci (kakve monstruozne la\u017ei!) dovela do situacije da upravo ta teza poslu\u017eila kao okida\u010d za oru\u017eanu pobunu Srba u Hrvatskoj. Iz Beograda je \u0161irena histerija da su Srbi ugro\u017eeni jer se stvara nova \u2018Tu\u0111manova usta\u0161ka Hrvatska\u2019.<\/p>\n\n\n\n<p>Zbog toga Srbi trebaju uzeti oru\u017eje u ruke i pobiti sve \u2018tu\u0111manovce\u2019. U praksi je to zna\u010dilo da treba ostvariti Veliku Srbiju. Dobar dio Srba u Hrvatskoj nasjeo je na sustavno \u0161irenu propagandu i mr\u017enju iz Beograda, uz obilatu pomo\u0107 Srpske pravoslavne crkve koja ima veliki utjecaj me\u0111u Srbima gdje god \u017eive.<\/p>\n\n\n\n<h3 class=\"wp-block-heading\"><strong>Brutalnost i mr\u017enja kojom su se srpski ustanici oborili na sve hrvatsko<\/strong><\/h3>\n\n\n\n<p>\u2018Veliki srpski sabor\u2019 nije slu\u010dajno odr\u017ean u Srbu 1990. godine. Mjesto Srb ima poseban zna\u010daj: 45 godina imalo je sredi\u0161nje mjesto u Hrvatskoj kao \u2018Dan antifa\u0161isti\u010dkog ustanka\u2019 i obilje\u017eavalo se na najvi\u0161em dr\u017eavnom nivou. U stvarnosti se 1941. radilo o op\u0107em srpskom oru\u017eanom ustanku u kojem su pored komunista sudjelovali \u010detnici, razli\u010dite naoru\u017eane skupine seljaka, a pomo\u0107 i podr\u0161ku svemu davali su \u010dak talijanski fa\u0161isti. Posljedica ustanka bili su stravi\u010dni zlo\u010dini i potpuno uni\u0161tenje Hrvata na podru\u010dju ustanka, ne\u0161to \u0161to je vrlo sli\u010dno doga\u0111anjima iz 1991. godine i \u2018novom ustanku Srba\u2019.<\/p>\n\n\n\n<p>I danas \u0161okira brutalnost i mr\u017enja kojom su se srpski ustanici oborili na sve hrvatsko u srpnju 1941. godine. Ve\u0107ina toga je i danas obavijena velom \u0161utnje i povijesne pra\u0161ine, ali posljednjih godina su iza\u0161la na vidjelo zlodjela kao ubijanje cijelog roda obitelji Ivezi\u0107 u Srbu od kojih je bio 18 djece i najmla\u0111i Jure je imao samo 3 godine, ubijanje i sta\u0161no mu\u010denje cijele obitelji Matijevi\u0107 i njihovo petero djece u Krnjeu\u0161i od kojih najmla\u0111a Kata je imala samo 6 godina, ubijanje cijele porodice Balen i njihovo petero djece, bacaje u vatru bebe od 7 mjeseci Ivana Balena, bacanje u bunar djeteta Dragutina Jurjevi\u0107a starog samo godinu dana ili stra\u0161an zlo\u010din ubijanja Anice Bara\u0107 i njezinih osmero djece u Grahovu.<\/p>\n\n\n\n<h3 class=\"wp-block-heading\"><strong>Kult \u2018ugro\u017eenog Srbina\u2019 \u0161iri se ve\u0107 150 godina \u2013 davno prije pojave NDH<\/strong><\/h3>\n\n\n\n<p>Kult \u2018ugro\u017eenog Srbina\u2019 ima svoju povijest dugu gotovo stolje\u0107e i pol. Potje\u010de iz razdoblja bana Khuena krajem 19. stolje\u0107a, vremena va\u017enog za formiranje ove ideologije. Bilo je to doba kada je Srbija dobila svoju kraljevinu na Berlinskom kongresu i kada je formirana moderna srpska nacija sna\u017eno vezana uz pravoslavno-povijesne mitove na kojima se temelji srpski nacionalizam.<\/p>\n\n\n\n<p>Ugro\u017eenost\u2019 Srba i srpstva dominantna je ideja srpske politike napose od 1878. godine, a koristi se kao va\u017ean \u010dimbenik u agresiji na tu\u0111e prostore i druge narode. Od tog vremena poku\u0161avaju se realizirati planovi Na\u010dertanija koji su predvi\u0111ali srpski ekspanzionizam prema zemljama koje su zacrtali da moraju postati dio Srbije, ili obnove tzv. Du\u0161anovog carstva. Samo Du\u0161anovo carstvo veliki je mit jer se radi o dr\u017eavi koja je trajala samo 25 godina od 1346-1371. kada je uni\u0161teno od Turaka u bitki na Marici. Du\u0161anovo carstvo je velika povijesna prevara jer se radi o carstvu koje nitko nije priznao, a \u2018car\u2019 Du\u0161an je bio proklet (anatemiziran) od vrhovnog poglavara svih pravoslavnih crkava \u2013 carigradskog patrijarha.<\/p>\n\n\n\n<h3 class=\"wp-block-heading\"><strong>Povjesni\u010dar Mato Artukovi\u0107: Kult \u2018ugro\u017eenog Srbina\u2019 traje ve\u0107 130 godina zahvaljuju\u0107i hrvatskim Jugoslavenima<\/strong><\/h3>\n\n\n\n<p>Od 1878. se vodi agresivna politika \u0161irenja Srbije kontrolirana iz Beograda i obuhva\u0107a sve okolne zemlje: Makedoniju, Kosovo, Ugarsku, Bansku Hrvatsku, Dalmaciju, Bosnu i Hercegovinu. Iz nekih od ovih zemalja (Makedonija, Kosovo, Bosna i Hercegovina) putuju razna protestna poslanstva na relaciji Be\u010d-Carigrad-Petrograd koja samo govore o \u2018ugro\u017eenosti\u2019 srpskoga naroda. I tu i u drugim ovdje nabrojanim zemljama (Ugarska, Banska Hrvatska, Dalmacija) stvaraju se stranke koje su pod izravnim utjecajem iz Beograda koji ih pla\u0107a i organizira.<\/p>\n\n\n\n<p>Sva historiografska djela od 1878. odjekuju samo pla\u010dem tijekom cijele povijesti. Djela iza\u0161la iz pera pisaca Srpske samostalne stranke u Austro-Ugarskoj (ali ne samo njih) obra\u0111uju samo veli\u010dinu svojega naroda, njegovu ugro\u017eenost, tu\u0111u agresivnost (napose Hrvata). Srbin jr bez grijeha prema bilo kome i bilo kada, to je glavni lik u toj historiografiji tu\u0111e krivnje. Hrvate se optu\u017euje da su skloni kao narod nasljednom neprijateljstvu i \u2018zatiranju\u2019 Srba.<\/p>\n\n\n\n<h3 class=\"wp-block-heading\"><strong>Sto\u017eerne to\u010dke u propagandi<\/strong><\/h3>\n\n\n\n<p>Srbija uvijek uzima sto\u017eerne to\u010dke u propagandi kojima nastoji stvarati \u2018kult ugro\u017eenog Srbina\u2019 i optu\u017eivati Hrvate za mr\u017enju prema Srbima i genocidnost:<\/p>\n\n\n\n<p>Dok nije bilo Jugoslavije, u Austro-Ugarskoj, Hrvate se te\u0161ko optu\u017euje za genocidne sklonosti zbog \u2018unija\u0107enja\u2019.<\/p>\n\n\n\n<p>2. U prvoj Jugoslaviji, na optu\u017enicu o \u2018unija\u0107enju\u2019 dodaje se ratovanje Hrvata u vojsci Austro-Ugarske (kao da nije normalno biti u vojsci dr\u017eave \u010diji si dio i kao da je Austro-Ugarska bila najve\u0107e zlo). To su arhetipovi koji se sustavno ucjepljuju me\u0111u stanovni\u0161tvo, a koje ga \u010desto bez rezerve prihva\u0107a.<\/p>\n\n\n\n<p>3. U drugoj Jugoslaviji, sto\u017eerne optu\u017ebe i nametanje kolektivne krivnje Hrvatima prebbacuje se na Jasenovac i NDH, te je tako ostalo do danas, premda je Srbija u me\u0111uvremenu izvr\u0161ila genocid nad Hrvatima i Bo\u0161njacima u posljednjem ratu.<\/p>\n\n\n\n<p>4. Nakon Domovinskog rata i smrti predsjednika Tu\u0111mana do\u0161lo je do agresivne propagande i poku\u0161aja progla\u0161avanja Oluje genocidnom akcijom. Ta kampanja dolazila je iz Beograda, a podr\u017eavao ju je ve\u0107i broj medija i politi\u010dara u Hrvatskoj. Prvu presudu generalim Gotovini i Marka\u010du u kojoj su progla\u0161eni krivima, Srbija i veliki dio politi\u010dara i medija u Hrvatskoj do\u010dekali su odu\u0161evljeno, dok su zbog osloba\u0111aju\u0107e presude \u010dak mijenjali zlurado sastavljene i ve\u0107 pripremljenen naslovnice.<\/p>\n\n\n\n<h3 class=\"wp-block-heading\"><strong>Srbija ve\u0107 godinama poku\u0161ava Oluju prikazati kao genocidnu kampanju<\/strong><\/h3>\n\n\n\n<p>Danas se u Srbiji ponovno poku\u0161ava dodati oslobodila\u010dka akcija Oluja kao genocid nad Srbima, bez spominjanja tijeka doga\u0111anja od pojave Slobodana Milo\u0161evi\u0107a, Ratka Mladi\u0107a i \u017deljka Ra\u017enjatovi\u0107a Arkana, trojke koja simboli\u010dki utjelovljuje politi\u010dko-vojno-\u010detni\u010dko zlo koje je nemilosrdno uni\u0161tavalo Hrvate u svojoj domovini.<\/p>\n\n\n\n<p>Srbija ve\u0107 godinama poku\u0161ava Oluju prikazati kao genocidnu kampanju protiv srpskog naroda u Hrvatskoj. Hrvatska je imala Bo\u017eju pomo\u0107, jer da su generali Gotovina i Marka\u010d osu\u0111eni u Haagu, Srbija bi organizirala nevi\u0111enu kampanju o genocidnosti Hrvata u svijetu na sli\u010dan na\u010din kao o Jasenovcu.<\/p>\n\n\n\n<p>Oluja bi bila progla\u0161avana ve\u0107im zlom od Jasenovca.<\/p>\n\n\n\n<p>Ovako ostaju optu\u017ebe Srbije i njihove politi\u010dko-klerikalne klike na skupovima koje odr\u017eavaju svake godine u kolovozu, gdje se iz najvi\u0161ih vrhova dr\u017eave i SPC-a \u010duju rije\u010di o \u2018nacisti\u010dkoj Hrvatskoj\u2019, \u2018Tu\u0111manu kao Hitleru\u2019, \u2018Hrvatskoj kao novoj NDH\u2019 i sli\u010dno. Na skupu kojem je nazo\u010dio Milorad Pupovac prije dvije godine u Ba\u010dkoj Topoli, predsjednik Srbije Vu\u010di\u0107 je najgorim mogu\u0107im rije\u010dima govori o nacizmu u Hrvatskoj.<\/p>\n\n\n\n<p>Sve to se \u010dini da bi se odr\u017eao \u2018kult ugro\u017eenog Srbina\u2019 koji ide uvijek u paketu s idejama stvaranja Velike Srbije koja se ostvaruje protjerivanjam i ubijanjem ne-srba.<\/p>\n\n\n\n<h5 class=\"wp-block-heading\">Izvori:<\/h5>\n\n\n\n<p>Prema korijenu hrvatsko-srpskog sukoba, dr. sc. Mato Artukovi\u0107<\/p>\n\n\n\n<p>Srpski kulturni klub i Banovina Hrvatska, KRE\u0160IMIR REGAN, Leksikografski zavod \u201cMiroslav Krle\u017ea\u201d, Zagreb, Republika Hrvatska<\/p>\n\n\n\n<p>USPOSTAVA I USTROJ REPUBLIKE SRPSKE KRAJINE 1990-1991., Ivan Lu\u010di\u0107, diplomski rad<\/p>\n\n\n\n<p>Srpska propaganda prema Hrvatskoj 1989.-1992., Benedikt Staklarevi\u0107, diplomski rad<\/p>\n\n\n\n<p><em>Izvor: narod.hr<\/em><\/p>\n","protected":false},"excerpt":{"rendered":"<p>\u2018Kult ugro\u017eenog Srbina\u2019 nije nova pojava u srpskoj politici. Ova fraza se iz Srbije sustavno i sistematski \u0161irila me\u0111u Srbe u Hrvatskoj i bila glavni okida\u010d za agresiju 1991. godine. Pokazalo se da je fraza o \u2018ugro\u017eenom Srbinu\u2019 u stvarnosti prijetnja Hrvatima. Tako je bilo kada je izvikivana na \u2018Velikom srpskom saboru\u2019 25. srpnja 1990. [&hellip;]<\/p>\n","protected":false},"author":2,"featured_media":163256,"comment_status":"closed","ping_status":"closed","sticky":false,"template":"","format":"standard","meta":{"h5ap_radio_sources":[],"footnotes":""},"categories":[1],"tags":[],"class_list":["post-163255","post","type-post","status-publish","format-standard","has-post-thumbnail","hentry","category-bihiregija"],"yoast_head":"<!-- This site is optimized with the Yoast SEO plugin v27.5 - https:\/\/yoast.com\/product\/yoast-seo-wordpress\/ -->\n<title>25. srpnja 1990. \u2018Veliki srpski sabor\u2019 u Srbu i stari kult \u2018ugro\u017eenog Srbina\u2019 - RADIO LJUBU\u0160KI<\/title>\n<meta name=\"robots\" content=\"index, follow, max-snippet:-1, max-image-preview:large, max-video-preview:-1\" \/>\n<link rel=\"canonical\" href=\"https:\/\/radioljubuski.ba\/index.php\/2022\/07\/25\/25-srpnja-1990-veliki-srpski-sabor-u-srbu-i-stari-kult-ugrozenog-srbina-2\/\" \/>\n<meta property=\"og:locale\" content=\"hr_HR\" \/>\n<meta property=\"og:type\" content=\"article\" \/>\n<meta property=\"og:title\" content=\"25. srpnja 1990. \u2018Veliki srpski sabor\u2019 u Srbu i stari kult \u2018ugro\u017eenog Srbina\u2019 - RADIO LJUBU\u0160KI\" \/>\n<meta property=\"og:description\" content=\"\u2018Kult ugro\u017eenog Srbina\u2019 nije nova pojava u srpskoj politici. Ova fraza se iz Srbije sustavno i sistematski \u0161irila me\u0111u Srbe u Hrvatskoj i bila glavni okida\u010d za agresiju 1991. godine. Pokazalo se da je fraza o \u2018ugro\u017eenom Srbinu\u2019 u stvarnosti prijetnja Hrvatima. Tako je bilo kada je izvikivana na \u2018Velikom srpskom saboru\u2019 25. srpnja 1990. [&hellip;]\" \/>\n<meta property=\"og:url\" content=\"https:\/\/radioljubuski.ba\/index.php\/2022\/07\/25\/25-srpnja-1990-veliki-srpski-sabor-u-srbu-i-stari-kult-ugrozenog-srbina-2\/\" \/>\n<meta property=\"og:site_name\" content=\"RADIO LJUBU\u0160KI\" \/>\n<meta property=\"article:publisher\" content=\"https:\/\/www.facebook.com\/Radiio-Ljubuski-1490835324566332\" \/>\n<meta property=\"article:published_time\" content=\"2022-07-25T11:09:56+00:00\" \/>\n<meta property=\"article:modified_time\" content=\"2022-07-25T11:09:59+00:00\" \/>\n<meta property=\"og:image\" content=\"https:\/\/radioljubuski.ba\/wp-content\/uploads\/2022\/07\/HN202007096465221-696x466-1.jpg\" \/>\n\t<meta property=\"og:image:width\" content=\"696\" \/>\n\t<meta property=\"og:image:height\" content=\"466\" \/>\n\t<meta property=\"og:image:type\" content=\"image\/jpeg\" \/>\n<meta name=\"author\" content=\"Radio Ljubu\u0161ki\" \/>\n<meta name=\"twitter:card\" content=\"summary_large_image\" \/>\n<meta name=\"twitter:creator\" content=\"@radioljubuski\" \/>\n<meta name=\"twitter:site\" content=\"@radioljubuski\" \/>\n<meta name=\"twitter:label1\" content=\"Napisao\/la\" \/>\n\t<meta name=\"twitter:data1\" content=\"Radio Ljubu\u0161ki\" \/>\n\t<meta name=\"twitter:label2\" content=\"Procijenjeno vrijeme \u010ditanja\" \/>\n\t<meta name=\"twitter:data2\" content=\"9 minuta\" \/>\n<script type=\"application\/ld+json\" class=\"yoast-schema-graph\">{\"@context\":\"https:\\\/\\\/schema.org\",\"@graph\":[{\"@type\":\"Article\",\"@id\":\"https:\\\/\\\/radioljubuski.ba\\\/index.php\\\/2022\\\/07\\\/25\\\/25-srpnja-1990-veliki-srpski-sabor-u-srbu-i-stari-kult-ugrozenog-srbina-2\\\/#article\",\"isPartOf\":{\"@id\":\"https:\\\/\\\/radioljubuski.ba\\\/index.php\\\/2022\\\/07\\\/25\\\/25-srpnja-1990-veliki-srpski-sabor-u-srbu-i-stari-kult-ugrozenog-srbina-2\\\/\"},\"author\":{\"name\":\"Radio Ljubu\u0161ki\",\"@id\":\"https:\\\/\\\/radioljubuski.ba\\\/#\\\/schema\\\/person\\\/19fc700381a780f69665d7956c469e3b\"},\"headline\":\"25. srpnja 1990. \u2018Veliki srpski sabor\u2019 u Srbu i stari kult \u2018ugro\u017eenog Srbina\u2019\",\"datePublished\":\"2022-07-25T11:09:56+00:00\",\"dateModified\":\"2022-07-25T11:09:59+00:00\",\"mainEntityOfPage\":{\"@id\":\"https:\\\/\\\/radioljubuski.ba\\\/index.php\\\/2022\\\/07\\\/25\\\/25-srpnja-1990-veliki-srpski-sabor-u-srbu-i-stari-kult-ugrozenog-srbina-2\\\/\"},\"wordCount\":2135,\"publisher\":{\"@id\":\"https:\\\/\\\/radioljubuski.ba\\\/#organization\"},\"image\":{\"@id\":\"https:\\\/\\\/radioljubuski.ba\\\/index.php\\\/2022\\\/07\\\/25\\\/25-srpnja-1990-veliki-srpski-sabor-u-srbu-i-stari-kult-ugrozenog-srbina-2\\\/#primaryimage\"},\"thumbnailUrl\":\"https:\\\/\\\/radioljubuski.ba\\\/wp-content\\\/uploads\\\/2022\\\/07\\\/HN202007096465221-696x466-1.jpg\",\"articleSection\":[\"BIH i regija\"],\"inLanguage\":\"hr\"},{\"@type\":\"WebPage\",\"@id\":\"https:\\\/\\\/radioljubuski.ba\\\/index.php\\\/2022\\\/07\\\/25\\\/25-srpnja-1990-veliki-srpski-sabor-u-srbu-i-stari-kult-ugrozenog-srbina-2\\\/\",\"url\":\"https:\\\/\\\/radioljubuski.ba\\\/index.php\\\/2022\\\/07\\\/25\\\/25-srpnja-1990-veliki-srpski-sabor-u-srbu-i-stari-kult-ugrozenog-srbina-2\\\/\",\"name\":\"25. srpnja 1990. \u2018Veliki srpski sabor\u2019 u Srbu i stari kult \u2018ugro\u017eenog Srbina\u2019 - RADIO LJUBU\u0160KI\",\"isPartOf\":{\"@id\":\"https:\\\/\\\/radioljubuski.ba\\\/#website\"},\"primaryImageOfPage\":{\"@id\":\"https:\\\/\\\/radioljubuski.ba\\\/index.php\\\/2022\\\/07\\\/25\\\/25-srpnja-1990-veliki-srpski-sabor-u-srbu-i-stari-kult-ugrozenog-srbina-2\\\/#primaryimage\"},\"image\":{\"@id\":\"https:\\\/\\\/radioljubuski.ba\\\/index.php\\\/2022\\\/07\\\/25\\\/25-srpnja-1990-veliki-srpski-sabor-u-srbu-i-stari-kult-ugrozenog-srbina-2\\\/#primaryimage\"},\"thumbnailUrl\":\"https:\\\/\\\/radioljubuski.ba\\\/wp-content\\\/uploads\\\/2022\\\/07\\\/HN202007096465221-696x466-1.jpg\",\"datePublished\":\"2022-07-25T11:09:56+00:00\",\"dateModified\":\"2022-07-25T11:09:59+00:00\",\"breadcrumb\":{\"@id\":\"https:\\\/\\\/radioljubuski.ba\\\/index.php\\\/2022\\\/07\\\/25\\\/25-srpnja-1990-veliki-srpski-sabor-u-srbu-i-stari-kult-ugrozenog-srbina-2\\\/#breadcrumb\"},\"inLanguage\":\"hr\",\"potentialAction\":[{\"@type\":\"ReadAction\",\"target\":[\"https:\\\/\\\/radioljubuski.ba\\\/index.php\\\/2022\\\/07\\\/25\\\/25-srpnja-1990-veliki-srpski-sabor-u-srbu-i-stari-kult-ugrozenog-srbina-2\\\/\"]}]},{\"@type\":\"ImageObject\",\"inLanguage\":\"hr\",\"@id\":\"https:\\\/\\\/radioljubuski.ba\\\/index.php\\\/2022\\\/07\\\/25\\\/25-srpnja-1990-veliki-srpski-sabor-u-srbu-i-stari-kult-ugrozenog-srbina-2\\\/#primaryimage\",\"url\":\"https:\\\/\\\/radioljubuski.ba\\\/wp-content\\\/uploads\\\/2022\\\/07\\\/HN202007096465221-696x466-1.jpg\",\"contentUrl\":\"https:\\\/\\\/radioljubuski.ba\\\/wp-content\\\/uploads\\\/2022\\\/07\\\/HN202007096465221-696x466-1.jpg\",\"width\":696,\"height\":466},{\"@type\":\"BreadcrumbList\",\"@id\":\"https:\\\/\\\/radioljubuski.ba\\\/index.php\\\/2022\\\/07\\\/25\\\/25-srpnja-1990-veliki-srpski-sabor-u-srbu-i-stari-kult-ugrozenog-srbina-2\\\/#breadcrumb\",\"itemListElement\":[{\"@type\":\"ListItem\",\"position\":1,\"name\":\"Po\u010detna stranica\",\"item\":\"https:\\\/\\\/radioljubuski.ba\\\/\"},{\"@type\":\"ListItem\",\"position\":2,\"name\":\"25. srpnja 1990. \u2018Veliki srpski sabor\u2019 u Srbu i stari kult \u2018ugro\u017eenog Srbina\u2019\"}]},{\"@type\":\"WebSite\",\"@id\":\"https:\\\/\\\/radioljubuski.ba\\\/#website\",\"url\":\"https:\\\/\\\/radioljubuski.ba\\\/\",\"name\":\"Radio Ljubu\u0161ki\",\"description\":\"Sun\u010dana frekvencija Hercegovine\",\"publisher\":{\"@id\":\"https:\\\/\\\/radioljubuski.ba\\\/#organization\"},\"potentialAction\":[{\"@type\":\"SearchAction\",\"target\":{\"@type\":\"EntryPoint\",\"urlTemplate\":\"https:\\\/\\\/radioljubuski.ba\\\/?s={search_term_string}\"},\"query-input\":{\"@type\":\"PropertyValueSpecification\",\"valueRequired\":true,\"valueName\":\"search_term_string\"}}],\"inLanguage\":\"hr\"},{\"@type\":\"Organization\",\"@id\":\"https:\\\/\\\/radioljubuski.ba\\\/#organization\",\"name\":\"Radio Ljubu\u0161ki\",\"url\":\"https:\\\/\\\/radioljubuski.ba\\\/\",\"logo\":{\"@type\":\"ImageObject\",\"inLanguage\":\"hr\",\"@id\":\"https:\\\/\\\/radioljubuski.ba\\\/#\\\/schema\\\/logo\\\/image\\\/\",\"url\":\"https:\\\/\\\/radioljubuski.ba\\\/wp-content\\\/uploads\\\/2021\\\/02\\\/cropped-Radio_Ljubuski_logo1.jpg\",\"contentUrl\":\"https:\\\/\\\/radioljubuski.ba\\\/wp-content\\\/uploads\\\/2021\\\/02\\\/cropped-Radio_Ljubuski_logo1.jpg\",\"width\":512,\"height\":512,\"caption\":\"Radio Ljubu\u0161ki\"},\"image\":{\"@id\":\"https:\\\/\\\/radioljubuski.ba\\\/#\\\/schema\\\/logo\\\/image\\\/\"},\"sameAs\":[\"https:\\\/\\\/www.facebook.com\\\/Radiio-Ljubuski-1490835324566332\",\"https:\\\/\\\/x.com\\\/radioljubuski\",\"https:\\\/\\\/hr.linkedin.com\\\/company\\\/radio-ljubuski\",\"https:\\\/\\\/www.youtube.com\\\/channel\\\/UCHYaeO_n0Db3tjNGudGpXyw\"]},{\"@type\":\"Person\",\"@id\":\"https:\\\/\\\/radioljubuski.ba\\\/#\\\/schema\\\/person\\\/19fc700381a780f69665d7956c469e3b\",\"name\":\"Radio Ljubu\u0161ki\"}]}<\/script>\n<!-- \/ Yoast SEO plugin. -->","yoast_head_json":{"title":"25. srpnja 1990. \u2018Veliki srpski sabor\u2019 u Srbu i stari kult \u2018ugro\u017eenog Srbina\u2019 - RADIO LJUBU\u0160KI","robots":{"index":"index","follow":"follow","max-snippet":"max-snippet:-1","max-image-preview":"max-image-preview:large","max-video-preview":"max-video-preview:-1"},"canonical":"https:\/\/radioljubuski.ba\/index.php\/2022\/07\/25\/25-srpnja-1990-veliki-srpski-sabor-u-srbu-i-stari-kult-ugrozenog-srbina-2\/","og_locale":"hr_HR","og_type":"article","og_title":"25. srpnja 1990. \u2018Veliki srpski sabor\u2019 u Srbu i stari kult \u2018ugro\u017eenog Srbina\u2019 - RADIO LJUBU\u0160KI","og_description":"\u2018Kult ugro\u017eenog Srbina\u2019 nije nova pojava u srpskoj politici. Ova fraza se iz Srbije sustavno i sistematski \u0161irila me\u0111u Srbe u Hrvatskoj i bila glavni okida\u010d za agresiju 1991. godine. Pokazalo se da je fraza o \u2018ugro\u017eenom Srbinu\u2019 u stvarnosti prijetnja Hrvatima. Tako je bilo kada je izvikivana na \u2018Velikom srpskom saboru\u2019 25. srpnja 1990. [&hellip;]","og_url":"https:\/\/radioljubuski.ba\/index.php\/2022\/07\/25\/25-srpnja-1990-veliki-srpski-sabor-u-srbu-i-stari-kult-ugrozenog-srbina-2\/","og_site_name":"RADIO LJUBU\u0160KI","article_publisher":"https:\/\/www.facebook.com\/Radiio-Ljubuski-1490835324566332","article_published_time":"2022-07-25T11:09:56+00:00","article_modified_time":"2022-07-25T11:09:59+00:00","og_image":[{"width":696,"height":466,"url":"https:\/\/radioljubuski.ba\/wp-content\/uploads\/2022\/07\/HN202007096465221-696x466-1.jpg","type":"image\/jpeg"}],"author":"Radio Ljubu\u0161ki","twitter_card":"summary_large_image","twitter_creator":"@radioljubuski","twitter_site":"@radioljubuski","twitter_misc":{"Napisao\/la":"Radio Ljubu\u0161ki","Procijenjeno vrijeme \u010ditanja":"9 minuta"},"schema":{"@context":"https:\/\/schema.org","@graph":[{"@type":"Article","@id":"https:\/\/radioljubuski.ba\/index.php\/2022\/07\/25\/25-srpnja-1990-veliki-srpski-sabor-u-srbu-i-stari-kult-ugrozenog-srbina-2\/#article","isPartOf":{"@id":"https:\/\/radioljubuski.ba\/index.php\/2022\/07\/25\/25-srpnja-1990-veliki-srpski-sabor-u-srbu-i-stari-kult-ugrozenog-srbina-2\/"},"author":{"name":"Radio Ljubu\u0161ki","@id":"https:\/\/radioljubuski.ba\/#\/schema\/person\/19fc700381a780f69665d7956c469e3b"},"headline":"25. srpnja 1990. \u2018Veliki srpski sabor\u2019 u Srbu i stari kult \u2018ugro\u017eenog Srbina\u2019","datePublished":"2022-07-25T11:09:56+00:00","dateModified":"2022-07-25T11:09:59+00:00","mainEntityOfPage":{"@id":"https:\/\/radioljubuski.ba\/index.php\/2022\/07\/25\/25-srpnja-1990-veliki-srpski-sabor-u-srbu-i-stari-kult-ugrozenog-srbina-2\/"},"wordCount":2135,"publisher":{"@id":"https:\/\/radioljubuski.ba\/#organization"},"image":{"@id":"https:\/\/radioljubuski.ba\/index.php\/2022\/07\/25\/25-srpnja-1990-veliki-srpski-sabor-u-srbu-i-stari-kult-ugrozenog-srbina-2\/#primaryimage"},"thumbnailUrl":"https:\/\/radioljubuski.ba\/wp-content\/uploads\/2022\/07\/HN202007096465221-696x466-1.jpg","articleSection":["BIH i regija"],"inLanguage":"hr"},{"@type":"WebPage","@id":"https:\/\/radioljubuski.ba\/index.php\/2022\/07\/25\/25-srpnja-1990-veliki-srpski-sabor-u-srbu-i-stari-kult-ugrozenog-srbina-2\/","url":"https:\/\/radioljubuski.ba\/index.php\/2022\/07\/25\/25-srpnja-1990-veliki-srpski-sabor-u-srbu-i-stari-kult-ugrozenog-srbina-2\/","name":"25. srpnja 1990. \u2018Veliki srpski sabor\u2019 u Srbu i stari kult \u2018ugro\u017eenog Srbina\u2019 - RADIO LJUBU\u0160KI","isPartOf":{"@id":"https:\/\/radioljubuski.ba\/#website"},"primaryImageOfPage":{"@id":"https:\/\/radioljubuski.ba\/index.php\/2022\/07\/25\/25-srpnja-1990-veliki-srpski-sabor-u-srbu-i-stari-kult-ugrozenog-srbina-2\/#primaryimage"},"image":{"@id":"https:\/\/radioljubuski.ba\/index.php\/2022\/07\/25\/25-srpnja-1990-veliki-srpski-sabor-u-srbu-i-stari-kult-ugrozenog-srbina-2\/#primaryimage"},"thumbnailUrl":"https:\/\/radioljubuski.ba\/wp-content\/uploads\/2022\/07\/HN202007096465221-696x466-1.jpg","datePublished":"2022-07-25T11:09:56+00:00","dateModified":"2022-07-25T11:09:59+00:00","breadcrumb":{"@id":"https:\/\/radioljubuski.ba\/index.php\/2022\/07\/25\/25-srpnja-1990-veliki-srpski-sabor-u-srbu-i-stari-kult-ugrozenog-srbina-2\/#breadcrumb"},"inLanguage":"hr","potentialAction":[{"@type":"ReadAction","target":["https:\/\/radioljubuski.ba\/index.php\/2022\/07\/25\/25-srpnja-1990-veliki-srpski-sabor-u-srbu-i-stari-kult-ugrozenog-srbina-2\/"]}]},{"@type":"ImageObject","inLanguage":"hr","@id":"https:\/\/radioljubuski.ba\/index.php\/2022\/07\/25\/25-srpnja-1990-veliki-srpski-sabor-u-srbu-i-stari-kult-ugrozenog-srbina-2\/#primaryimage","url":"https:\/\/radioljubuski.ba\/wp-content\/uploads\/2022\/07\/HN202007096465221-696x466-1.jpg","contentUrl":"https:\/\/radioljubuski.ba\/wp-content\/uploads\/2022\/07\/HN202007096465221-696x466-1.jpg","width":696,"height":466},{"@type":"BreadcrumbList","@id":"https:\/\/radioljubuski.ba\/index.php\/2022\/07\/25\/25-srpnja-1990-veliki-srpski-sabor-u-srbu-i-stari-kult-ugrozenog-srbina-2\/#breadcrumb","itemListElement":[{"@type":"ListItem","position":1,"name":"Po\u010detna stranica","item":"https:\/\/radioljubuski.ba\/"},{"@type":"ListItem","position":2,"name":"25. srpnja 1990. \u2018Veliki srpski sabor\u2019 u Srbu i stari kult \u2018ugro\u017eenog Srbina\u2019"}]},{"@type":"WebSite","@id":"https:\/\/radioljubuski.ba\/#website","url":"https:\/\/radioljubuski.ba\/","name":"Radio Ljubu\u0161ki","description":"Sun\u010dana frekvencija Hercegovine","publisher":{"@id":"https:\/\/radioljubuski.ba\/#organization"},"potentialAction":[{"@type":"SearchAction","target":{"@type":"EntryPoint","urlTemplate":"https:\/\/radioljubuski.ba\/?s={search_term_string}"},"query-input":{"@type":"PropertyValueSpecification","valueRequired":true,"valueName":"search_term_string"}}],"inLanguage":"hr"},{"@type":"Organization","@id":"https:\/\/radioljubuski.ba\/#organization","name":"Radio Ljubu\u0161ki","url":"https:\/\/radioljubuski.ba\/","logo":{"@type":"ImageObject","inLanguage":"hr","@id":"https:\/\/radioljubuski.ba\/#\/schema\/logo\/image\/","url":"https:\/\/radioljubuski.ba\/wp-content\/uploads\/2021\/02\/cropped-Radio_Ljubuski_logo1.jpg","contentUrl":"https:\/\/radioljubuski.ba\/wp-content\/uploads\/2021\/02\/cropped-Radio_Ljubuski_logo1.jpg","width":512,"height":512,"caption":"Radio Ljubu\u0161ki"},"image":{"@id":"https:\/\/radioljubuski.ba\/#\/schema\/logo\/image\/"},"sameAs":["https:\/\/www.facebook.com\/Radiio-Ljubuski-1490835324566332","https:\/\/x.com\/radioljubuski","https:\/\/hr.linkedin.com\/company\/radio-ljubuski","https:\/\/www.youtube.com\/channel\/UCHYaeO_n0Db3tjNGudGpXyw"]},{"@type":"Person","@id":"https:\/\/radioljubuski.ba\/#\/schema\/person\/19fc700381a780f69665d7956c469e3b","name":"Radio Ljubu\u0161ki"}]}},"_links":{"self":[{"href":"https:\/\/radioljubuski.ba\/index.php\/wp-json\/wp\/v2\/posts\/163255","targetHints":{"allow":["GET"]}}],"collection":[{"href":"https:\/\/radioljubuski.ba\/index.php\/wp-json\/wp\/v2\/posts"}],"about":[{"href":"https:\/\/radioljubuski.ba\/index.php\/wp-json\/wp\/v2\/types\/post"}],"author":[{"embeddable":true,"href":"https:\/\/radioljubuski.ba\/index.php\/wp-json\/wp\/v2\/users\/2"}],"replies":[{"embeddable":true,"href":"https:\/\/radioljubuski.ba\/index.php\/wp-json\/wp\/v2\/comments?post=163255"}],"version-history":[{"count":1,"href":"https:\/\/radioljubuski.ba\/index.php\/wp-json\/wp\/v2\/posts\/163255\/revisions"}],"predecessor-version":[{"id":163257,"href":"https:\/\/radioljubuski.ba\/index.php\/wp-json\/wp\/v2\/posts\/163255\/revisions\/163257"}],"wp:featuredmedia":[{"embeddable":true,"href":"https:\/\/radioljubuski.ba\/index.php\/wp-json\/wp\/v2\/media\/163256"}],"wp:attachment":[{"href":"https:\/\/radioljubuski.ba\/index.php\/wp-json\/wp\/v2\/media?parent=163255"}],"wp:term":[{"taxonomy":"category","embeddable":true,"href":"https:\/\/radioljubuski.ba\/index.php\/wp-json\/wp\/v2\/categories?post=163255"},{"taxonomy":"post_tag","embeddable":true,"href":"https:\/\/radioljubuski.ba\/index.php\/wp-json\/wp\/v2\/tags?post=163255"}],"curies":[{"name":"wp","href":"https:\/\/api.w.org\/{rel}","templated":true}]}}