{"id":163261,"date":"2022-07-25T12:11:49","date_gmt":"2022-07-25T11:11:49","guid":{"rendered":"https:\/\/radioljubuski.ba\/?p=163261"},"modified":"2022-07-25T12:11:51","modified_gmt":"2022-07-25T11:11:51","slug":"visnja-staresina-smrad-zagrebackog-smeca-dragocjeno-je-nacionalno-iskustvo","status":"publish","type":"post","link":"https:\/\/radioljubuski.ba\/index.php\/2022\/07\/25\/visnja-staresina-smrad-zagrebackog-smeca-dragocjeno-je-nacionalno-iskustvo\/","title":{"rendered":"Vi\u0161nja Stare\u0161ina: Smrad zagreba\u010dkog sme\u0107a dragocjeno je nacionalno iskustvo"},"content":{"rendered":"\n<p>Neki za budu\u0107nost zabrinuti ljudi, poput Nijemaca, ve\u0107 su odavno pokupovali sve zalihe ulja i bra\u0161na po supermarketima u strahu od ruske zime. Sad navali\u0161e na krznene kapute i skija\u0161ke jakne jer se o\u010dekuje, \u0161tovi\u0161e planira i unaprijed najavljuje, kako iz Berlina tako i iz Bruxellesa, da \u0107e zbog poreme\u0107aja na tr\u017ei\u0161tu plina grijanje biti smanjeno. Da \u0107e preporu\u010dene, odnosno zadane temperature u stanovima i radnim prostorima biti nekoliko stupnjeva ni\u017ee od dosad uobi\u010dajenih, kako bi energetski sustav izdr\u017eao. Sve su to scenariji za slu\u010daj da prije zime ne do\u0111e do nekog primirja izme\u0111u Rusije i Ukrajine, zamrzavanja sukoba i barem dogovora o okvirima njegova budu\u0107eg rje\u0161avanja.<\/p>\n\n\n\n<h2 class=\"wp-block-heading\">Oporbe gotovo i nema<\/h2>\n\n\n\n<p>U na\u0161em podneblju tako daleka predvi\u0111anja s vi\u0161e scenarija ba\u0161 nisu uobi\u010dajena. Ali ipak, ma kako problemati\u010dne i klijentelizmom optere\u0107ene bile, klasi\u010dna hrvatska dr\u017eavna uprava i lokalna samouprava po\u0161tuju barem godi\u0161nja doba, zakone fizike i sli\u010dne zadanosti. Tako se zna da \u010detiri-pet mjeseci poslije ljetnih \u017eega dolazi zima i po\u010dinje sezona grijanja, osobito na kontinentu, da auto ne mo\u017ee voziti bez goriva i kota\u010da\u2026 Ili, kada je o Zagrebu rije\u010d, to se barem dosad znalo. U posljednjih godinu dana, otkako su grad preuzeli gradona\u010delnik Tomislav Toma\u0161evi\u0107 (legendarni savjetnik stotinjak stranih vlada!!!) i njegovi progresivni aktivisti Mo\u017eemo, dogodila se totalna revolucija, koja traje. I koja najavljuje \u0161irenje na nacionalnu razinu i na druge gradove.<\/p>\n\n\n\n<p>Ovih je dana Mostov zastupnik u gradskoj skup\u0161tini Trpimir Golu\u017ea podsjetio gradona\u010delnika Toma\u0161evi\u0107a na Izvje\u0161\u0107e o poslovanju Gradske plinare, prema kojem je suodgovoran za njezine gubitke u pro\u0161loj i ovoj godini u iznosu od 359 milijuna kuna. \u0160to se dogodilo? Gradona\u010delnik i njegovi novi ljudi \u2013 koji su osvojili Zagreb na nezadovoljstvu dotada\u0161njim Bandi\u0107evim upravljanjem gradom optere\u0107enim klijentelizmom i na zasi\u0107enosti politi\u010dkim establi\u0161mentom \u2013 naprosto su previdjeli da nakon ljeta dolazi zima. I propustili su na vrijeme ugovoriti dovoljnu koli\u010dinu plina, za kupce iz poslovnog sektora. A onda su jo\u0161 propustili primijetiti da cijene plina rastu. Rezultat: na kraju su bili prisiljeni kupiti plin po mnogo vi\u0161im cijenama.<\/p>\n\n\n\n<p>Progresivni kakvi ve\u0107 jesu, poku\u0161ali su proljetos svoj propust prebaciti na korisnike tog plina, \u0161alju\u0107i poslovnom sektoru vi\u0161estruko ve\u0107e ra\u010dune. I umalo su ugrozili cijeli poslovni sektor, jer iz svojih NGO iskustava oni si i ne mogu predo\u010diti \u0161to to zna\u010di nekoj tvrtki preko no\u0107i umnogostru\u010diti cijenu grijanja. No kako Toma\u0161evi\u0107 i Mo\u017eemo jo\u0161 uvijek ne mogu tuma\u010diti ugovore i zakone, ta \u201cdosjetka\u201d nije uspjela pa je njihov propust \u201csjeo\u201d na ra\u010dun gradskog poduze\u0107a, odnosno Gradske plinare. U informacijski proto\u010dnoj sredini sa zainteresiranom oporbom, takva razina upravlja\u010dke nekompetencije bila bi prvorazredni skandal. U na\u0161im okolnostima mediji Toma\u0161evi\u0107u i njegovim progresivcima jo\u0161 uvijek toleriraju \u201cnesnala\u017eenje\u201d.<\/p>\n\n\n\n<p>A i pripadnici HDZ-ove oporbe i SDP-ovih koalicijskih partnera \u0107e vam off the record re\u0107i da osim zastupnika Golu\u017ee, Toma\u0161evi\u0107 i Mo\u017eemo zapravo i nemaju istinske oporbe u Gradskoj skup\u0161tini. Jer svatko ne\u0161to kalkulira s njihovim propustima i koga briga za izgubljenih 350 milijuna kuna. Za razliku od Berlina, u Zagrebu se uop\u0107e ne osje\u0107a neka zabrinutost zbog grijanja sljede\u0107e zime. Pa o tome \u0107emo razmi\u0161ljati \u2013 kad do\u0111e zima.<\/p>\n\n\n\n<p>Trenuta\u010dno je akutniji problem sme\u0107e. Jer zbog velikih vru\u0107ina jo\u0161 ja\u010de smrdi. Ne samo da veliki znalac zbrinjavanja otpada u svjetskim razmjerima, Tomislav Toma\u0161evi\u0107 kao gradona\u010delnik nije dosad pokazao ni\u0161ta od tih svojih znanja, ve\u0107 se sme\u0107e vi\u0161e ne odvozi niti po onom starom Bandi\u0107evom modelu. Za\u0161to? Ka\u017ee on, nema ispravnih kamiona. A za\u0161to nema ispravnih kamiona? Zato \u0161to su progresivci previdjeli da kamione treba odr\u017eavati. Koliko je poznato, zasad jo\u0161 nisu uplanirali da kamioni voze bez goriva.<\/p>\n\n\n\n<h2 class=\"wp-block-heading\">Temeljita revolucija<\/h2>\n\n\n\n<p>I dok taj progresivni pristup nikako ne uspijeva u komunalnim poslovima, dok zbog nekompetencije i klijentelizma s novim predznakom Zagreb gubi velike europske projekte (poput Centra za translacijsku medicinu Srebrnjak), novi zagreba\u010dki upravlja\u010di provode temeljitu kulturnu revoluciju u \u0161kolama, gradskim kulturnim institucijama, dru\u0161tvenim djelatnostima, pronalaze nove \u201cneprijatelje naroda\u201d u obiteljima s vi\u0161e djece, tradicionalnom kulturnom identitetu i, dakako, u Crkvi\u2026 Iako su izvorno crvenu malo zamaskirali duginim bojama, drugu Titu bi sigurno bili dragi, a ni drug Mao i drugarica Jiang ne bi ih se postidjeli.<\/p>\n\n\n\n<p>S obzirom na hrvatska povijesna iskustva s naprednim snagama i revolucijama, vrijedi s vremena na vrijeme pogledati kako te nove progresivne snage upravljaju Zagrebom, da bi ih se u\u010dinilo tek jednokratnim zagreba\u010dkim iskustvom. Donekle \u010dak i korisnim zbog spoznaje kako se preodjeveni (jugoslavenski) bolj\u0161evizam mo\u017ee vratiti i u politi\u010dki pluralnim, nominalno demokratskim dru\u0161tvima. Ako ta spoznaja tra\u017ei \u017ertvu, onda mo\u017eda i vrijedi osjetiti kako nam sme\u0107e smrdi u Zagrebu jedno ljeto, do\u017eivjeti neizvjesnu sezonu grijanja jednu zimu\u2026 Da se zbog nezadovoljstva i zasi\u0107enosti dosada\u0161njim politi\u010dkim establi\u0161mentom, uz nove naprednjake s bolj\u0161evi\u010dkim temeljima, ne bismo svi smrzavali vi\u0161e godina.<\/p>\n\n\n\n<p>Pi\u0161e: Vi\u0161nja stare\u0161ina\/slobodnadalmacija.hr<\/p>\n","protected":false},"excerpt":{"rendered":"<p>Neki za budu\u0107nost zabrinuti ljudi, poput Nijemaca, ve\u0107 su odavno pokupovali sve zalihe ulja i bra\u0161na po supermarketima u strahu od ruske zime. Sad navali\u0161e na krznene kapute i skija\u0161ke jakne jer se o\u010dekuje, \u0161tovi\u0161e planira i unaprijed najavljuje, kako iz Berlina tako i iz Bruxellesa, da \u0107e zbog poreme\u0107aja na tr\u017ei\u0161tu plina grijanje biti [&hellip;]<\/p>\n","protected":false},"author":2,"featured_media":29544,"comment_status":"closed","ping_status":"closed","sticky":false,"template":"","format":"standard","meta":{"h5ap_radio_sources":[],"footnotes":""},"categories":[1],"tags":[],"class_list":["post-163261","post","type-post","status-publish","format-standard","has-post-thumbnail","hentry","category-bihiregija"],"yoast_head":"<!-- This site is optimized with the Yoast SEO plugin v27.5 - https:\/\/yoast.com\/product\/yoast-seo-wordpress\/ -->\n<title>Vi\u0161nja Stare\u0161ina: Smrad zagreba\u010dkog sme\u0107a dragocjeno je nacionalno iskustvo - RADIO LJUBU\u0160KI<\/title>\n<meta name=\"robots\" content=\"index, follow, max-snippet:-1, max-image-preview:large, max-video-preview:-1\" \/>\n<link rel=\"canonical\" href=\"https:\/\/radioljubuski.ba\/index.php\/2022\/07\/25\/visnja-staresina-smrad-zagrebackog-smeca-dragocjeno-je-nacionalno-iskustvo\/\" \/>\n<meta property=\"og:locale\" content=\"hr_HR\" \/>\n<meta property=\"og:type\" content=\"article\" \/>\n<meta property=\"og:title\" content=\"Vi\u0161nja Stare\u0161ina: Smrad zagreba\u010dkog sme\u0107a dragocjeno je nacionalno iskustvo - RADIO LJUBU\u0160KI\" \/>\n<meta property=\"og:description\" content=\"Neki za budu\u0107nost zabrinuti ljudi, poput Nijemaca, ve\u0107 su odavno pokupovali sve zalihe ulja i bra\u0161na po supermarketima u strahu od ruske zime. Sad navali\u0161e na krznene kapute i skija\u0161ke jakne jer se o\u010dekuje, \u0161tovi\u0161e planira i unaprijed najavljuje, kako iz Berlina tako i iz Bruxellesa, da \u0107e zbog poreme\u0107aja na tr\u017ei\u0161tu plina grijanje biti [&hellip;]\" \/>\n<meta property=\"og:url\" content=\"https:\/\/radioljubuski.ba\/index.php\/2022\/07\/25\/visnja-staresina-smrad-zagrebackog-smeca-dragocjeno-je-nacionalno-iskustvo\/\" \/>\n<meta property=\"og:site_name\" content=\"RADIO LJUBU\u0160KI\" \/>\n<meta property=\"article:publisher\" content=\"https:\/\/www.facebook.com\/Radiio-Ljubuski-1490835324566332\" \/>\n<meta property=\"article:published_time\" content=\"2022-07-25T11:11:49+00:00\" \/>\n<meta property=\"article:modified_time\" content=\"2022-07-25T11:11:51+00:00\" \/>\n<meta property=\"og:image\" content=\"https:\/\/radioljubuski.ba\/wp-content\/uploads\/2021\/06\/visnja-staresina-735-735x400-1.jpg\" \/>\n\t<meta property=\"og:image:width\" content=\"735\" \/>\n\t<meta property=\"og:image:height\" content=\"400\" \/>\n\t<meta property=\"og:image:type\" content=\"image\/jpeg\" \/>\n<meta name=\"author\" content=\"Radio Ljubu\u0161ki\" \/>\n<meta name=\"twitter:card\" content=\"summary_large_image\" \/>\n<meta name=\"twitter:creator\" content=\"@radioljubuski\" \/>\n<meta name=\"twitter:site\" content=\"@radioljubuski\" \/>\n<meta name=\"twitter:label1\" content=\"Napisao\/la\" \/>\n\t<meta name=\"twitter:data1\" content=\"Radio Ljubu\u0161ki\" \/>\n\t<meta name=\"twitter:label2\" content=\"Procijenjeno vrijeme \u010ditanja\" \/>\n\t<meta name=\"twitter:data2\" content=\"4 minute\" \/>\n<script type=\"application\/ld+json\" class=\"yoast-schema-graph\">{\"@context\":\"https:\\\/\\\/schema.org\",\"@graph\":[{\"@type\":\"Article\",\"@id\":\"https:\\\/\\\/radioljubuski.ba\\\/index.php\\\/2022\\\/07\\\/25\\\/visnja-staresina-smrad-zagrebackog-smeca-dragocjeno-je-nacionalno-iskustvo\\\/#article\",\"isPartOf\":{\"@id\":\"https:\\\/\\\/radioljubuski.ba\\\/index.php\\\/2022\\\/07\\\/25\\\/visnja-staresina-smrad-zagrebackog-smeca-dragocjeno-je-nacionalno-iskustvo\\\/\"},\"author\":{\"name\":\"Radio Ljubu\u0161ki\",\"@id\":\"https:\\\/\\\/radioljubuski.ba\\\/#\\\/schema\\\/person\\\/19fc700381a780f69665d7956c469e3b\"},\"headline\":\"Vi\u0161nja Stare\u0161ina: Smrad zagreba\u010dkog sme\u0107a dragocjeno je nacionalno iskustvo\",\"datePublished\":\"2022-07-25T11:11:49+00:00\",\"dateModified\":\"2022-07-25T11:11:51+00:00\",\"mainEntityOfPage\":{\"@id\":\"https:\\\/\\\/radioljubuski.ba\\\/index.php\\\/2022\\\/07\\\/25\\\/visnja-staresina-smrad-zagrebackog-smeca-dragocjeno-je-nacionalno-iskustvo\\\/\"},\"wordCount\":903,\"publisher\":{\"@id\":\"https:\\\/\\\/radioljubuski.ba\\\/#organization\"},\"image\":{\"@id\":\"https:\\\/\\\/radioljubuski.ba\\\/index.php\\\/2022\\\/07\\\/25\\\/visnja-staresina-smrad-zagrebackog-smeca-dragocjeno-je-nacionalno-iskustvo\\\/#primaryimage\"},\"thumbnailUrl\":\"https:\\\/\\\/radioljubuski.ba\\\/wp-content\\\/uploads\\\/2021\\\/06\\\/visnja-staresina-735-735x400-1.jpg\",\"articleSection\":[\"BIH i regija\"],\"inLanguage\":\"hr\"},{\"@type\":\"WebPage\",\"@id\":\"https:\\\/\\\/radioljubuski.ba\\\/index.php\\\/2022\\\/07\\\/25\\\/visnja-staresina-smrad-zagrebackog-smeca-dragocjeno-je-nacionalno-iskustvo\\\/\",\"url\":\"https:\\\/\\\/radioljubuski.ba\\\/index.php\\\/2022\\\/07\\\/25\\\/visnja-staresina-smrad-zagrebackog-smeca-dragocjeno-je-nacionalno-iskustvo\\\/\",\"name\":\"Vi\u0161nja Stare\u0161ina: Smrad zagreba\u010dkog sme\u0107a dragocjeno je nacionalno iskustvo - RADIO LJUBU\u0160KI\",\"isPartOf\":{\"@id\":\"https:\\\/\\\/radioljubuski.ba\\\/#website\"},\"primaryImageOfPage\":{\"@id\":\"https:\\\/\\\/radioljubuski.ba\\\/index.php\\\/2022\\\/07\\\/25\\\/visnja-staresina-smrad-zagrebackog-smeca-dragocjeno-je-nacionalno-iskustvo\\\/#primaryimage\"},\"image\":{\"@id\":\"https:\\\/\\\/radioljubuski.ba\\\/index.php\\\/2022\\\/07\\\/25\\\/visnja-staresina-smrad-zagrebackog-smeca-dragocjeno-je-nacionalno-iskustvo\\\/#primaryimage\"},\"thumbnailUrl\":\"https:\\\/\\\/radioljubuski.ba\\\/wp-content\\\/uploads\\\/2021\\\/06\\\/visnja-staresina-735-735x400-1.jpg\",\"datePublished\":\"2022-07-25T11:11:49+00:00\",\"dateModified\":\"2022-07-25T11:11:51+00:00\",\"breadcrumb\":{\"@id\":\"https:\\\/\\\/radioljubuski.ba\\\/index.php\\\/2022\\\/07\\\/25\\\/visnja-staresina-smrad-zagrebackog-smeca-dragocjeno-je-nacionalno-iskustvo\\\/#breadcrumb\"},\"inLanguage\":\"hr\",\"potentialAction\":[{\"@type\":\"ReadAction\",\"target\":[\"https:\\\/\\\/radioljubuski.ba\\\/index.php\\\/2022\\\/07\\\/25\\\/visnja-staresina-smrad-zagrebackog-smeca-dragocjeno-je-nacionalno-iskustvo\\\/\"]}]},{\"@type\":\"ImageObject\",\"inLanguage\":\"hr\",\"@id\":\"https:\\\/\\\/radioljubuski.ba\\\/index.php\\\/2022\\\/07\\\/25\\\/visnja-staresina-smrad-zagrebackog-smeca-dragocjeno-je-nacionalno-iskustvo\\\/#primaryimage\",\"url\":\"https:\\\/\\\/radioljubuski.ba\\\/wp-content\\\/uploads\\\/2021\\\/06\\\/visnja-staresina-735-735x400-1.jpg\",\"contentUrl\":\"https:\\\/\\\/radioljubuski.ba\\\/wp-content\\\/uploads\\\/2021\\\/06\\\/visnja-staresina-735-735x400-1.jpg\",\"width\":735,\"height\":400},{\"@type\":\"BreadcrumbList\",\"@id\":\"https:\\\/\\\/radioljubuski.ba\\\/index.php\\\/2022\\\/07\\\/25\\\/visnja-staresina-smrad-zagrebackog-smeca-dragocjeno-je-nacionalno-iskustvo\\\/#breadcrumb\",\"itemListElement\":[{\"@type\":\"ListItem\",\"position\":1,\"name\":\"Po\u010detna stranica\",\"item\":\"https:\\\/\\\/radioljubuski.ba\\\/\"},{\"@type\":\"ListItem\",\"position\":2,\"name\":\"Vi\u0161nja Stare\u0161ina: Smrad zagreba\u010dkog sme\u0107a dragocjeno je nacionalno iskustvo\"}]},{\"@type\":\"WebSite\",\"@id\":\"https:\\\/\\\/radioljubuski.ba\\\/#website\",\"url\":\"https:\\\/\\\/radioljubuski.ba\\\/\",\"name\":\"Radio Ljubu\u0161ki\",\"description\":\"Sun\u010dana frekvencija Hercegovine\",\"publisher\":{\"@id\":\"https:\\\/\\\/radioljubuski.ba\\\/#organization\"},\"potentialAction\":[{\"@type\":\"SearchAction\",\"target\":{\"@type\":\"EntryPoint\",\"urlTemplate\":\"https:\\\/\\\/radioljubuski.ba\\\/?s={search_term_string}\"},\"query-input\":{\"@type\":\"PropertyValueSpecification\",\"valueRequired\":true,\"valueName\":\"search_term_string\"}}],\"inLanguage\":\"hr\"},{\"@type\":\"Organization\",\"@id\":\"https:\\\/\\\/radioljubuski.ba\\\/#organization\",\"name\":\"Radio Ljubu\u0161ki\",\"url\":\"https:\\\/\\\/radioljubuski.ba\\\/\",\"logo\":{\"@type\":\"ImageObject\",\"inLanguage\":\"hr\",\"@id\":\"https:\\\/\\\/radioljubuski.ba\\\/#\\\/schema\\\/logo\\\/image\\\/\",\"url\":\"https:\\\/\\\/radioljubuski.ba\\\/wp-content\\\/uploads\\\/2021\\\/02\\\/cropped-Radio_Ljubuski_logo1.jpg\",\"contentUrl\":\"https:\\\/\\\/radioljubuski.ba\\\/wp-content\\\/uploads\\\/2021\\\/02\\\/cropped-Radio_Ljubuski_logo1.jpg\",\"width\":512,\"height\":512,\"caption\":\"Radio Ljubu\u0161ki\"},\"image\":{\"@id\":\"https:\\\/\\\/radioljubuski.ba\\\/#\\\/schema\\\/logo\\\/image\\\/\"},\"sameAs\":[\"https:\\\/\\\/www.facebook.com\\\/Radiio-Ljubuski-1490835324566332\",\"https:\\\/\\\/x.com\\\/radioljubuski\",\"https:\\\/\\\/hr.linkedin.com\\\/company\\\/radio-ljubuski\",\"https:\\\/\\\/www.youtube.com\\\/channel\\\/UCHYaeO_n0Db3tjNGudGpXyw\"]},{\"@type\":\"Person\",\"@id\":\"https:\\\/\\\/radioljubuski.ba\\\/#\\\/schema\\\/person\\\/19fc700381a780f69665d7956c469e3b\",\"name\":\"Radio Ljubu\u0161ki\"}]}<\/script>\n<!-- \/ Yoast SEO plugin. -->","yoast_head_json":{"title":"Vi\u0161nja Stare\u0161ina: Smrad zagreba\u010dkog sme\u0107a dragocjeno je nacionalno iskustvo - RADIO LJUBU\u0160KI","robots":{"index":"index","follow":"follow","max-snippet":"max-snippet:-1","max-image-preview":"max-image-preview:large","max-video-preview":"max-video-preview:-1"},"canonical":"https:\/\/radioljubuski.ba\/index.php\/2022\/07\/25\/visnja-staresina-smrad-zagrebackog-smeca-dragocjeno-je-nacionalno-iskustvo\/","og_locale":"hr_HR","og_type":"article","og_title":"Vi\u0161nja Stare\u0161ina: Smrad zagreba\u010dkog sme\u0107a dragocjeno je nacionalno iskustvo - RADIO LJUBU\u0160KI","og_description":"Neki za budu\u0107nost zabrinuti ljudi, poput Nijemaca, ve\u0107 su odavno pokupovali sve zalihe ulja i bra\u0161na po supermarketima u strahu od ruske zime. Sad navali\u0161e na krznene kapute i skija\u0161ke jakne jer se o\u010dekuje, \u0161tovi\u0161e planira i unaprijed najavljuje, kako iz Berlina tako i iz Bruxellesa, da \u0107e zbog poreme\u0107aja na tr\u017ei\u0161tu plina grijanje biti [&hellip;]","og_url":"https:\/\/radioljubuski.ba\/index.php\/2022\/07\/25\/visnja-staresina-smrad-zagrebackog-smeca-dragocjeno-je-nacionalno-iskustvo\/","og_site_name":"RADIO LJUBU\u0160KI","article_publisher":"https:\/\/www.facebook.com\/Radiio-Ljubuski-1490835324566332","article_published_time":"2022-07-25T11:11:49+00:00","article_modified_time":"2022-07-25T11:11:51+00:00","og_image":[{"width":735,"height":400,"url":"https:\/\/radioljubuski.ba\/wp-content\/uploads\/2021\/06\/visnja-staresina-735-735x400-1.jpg","type":"image\/jpeg"}],"author":"Radio Ljubu\u0161ki","twitter_card":"summary_large_image","twitter_creator":"@radioljubuski","twitter_site":"@radioljubuski","twitter_misc":{"Napisao\/la":"Radio Ljubu\u0161ki","Procijenjeno vrijeme \u010ditanja":"4 minute"},"schema":{"@context":"https:\/\/schema.org","@graph":[{"@type":"Article","@id":"https:\/\/radioljubuski.ba\/index.php\/2022\/07\/25\/visnja-staresina-smrad-zagrebackog-smeca-dragocjeno-je-nacionalno-iskustvo\/#article","isPartOf":{"@id":"https:\/\/radioljubuski.ba\/index.php\/2022\/07\/25\/visnja-staresina-smrad-zagrebackog-smeca-dragocjeno-je-nacionalno-iskustvo\/"},"author":{"name":"Radio Ljubu\u0161ki","@id":"https:\/\/radioljubuski.ba\/#\/schema\/person\/19fc700381a780f69665d7956c469e3b"},"headline":"Vi\u0161nja Stare\u0161ina: Smrad zagreba\u010dkog sme\u0107a dragocjeno je nacionalno iskustvo","datePublished":"2022-07-25T11:11:49+00:00","dateModified":"2022-07-25T11:11:51+00:00","mainEntityOfPage":{"@id":"https:\/\/radioljubuski.ba\/index.php\/2022\/07\/25\/visnja-staresina-smrad-zagrebackog-smeca-dragocjeno-je-nacionalno-iskustvo\/"},"wordCount":903,"publisher":{"@id":"https:\/\/radioljubuski.ba\/#organization"},"image":{"@id":"https:\/\/radioljubuski.ba\/index.php\/2022\/07\/25\/visnja-staresina-smrad-zagrebackog-smeca-dragocjeno-je-nacionalno-iskustvo\/#primaryimage"},"thumbnailUrl":"https:\/\/radioljubuski.ba\/wp-content\/uploads\/2021\/06\/visnja-staresina-735-735x400-1.jpg","articleSection":["BIH i regija"],"inLanguage":"hr"},{"@type":"WebPage","@id":"https:\/\/radioljubuski.ba\/index.php\/2022\/07\/25\/visnja-staresina-smrad-zagrebackog-smeca-dragocjeno-je-nacionalno-iskustvo\/","url":"https:\/\/radioljubuski.ba\/index.php\/2022\/07\/25\/visnja-staresina-smrad-zagrebackog-smeca-dragocjeno-je-nacionalno-iskustvo\/","name":"Vi\u0161nja Stare\u0161ina: Smrad zagreba\u010dkog sme\u0107a dragocjeno je nacionalno iskustvo - RADIO LJUBU\u0160KI","isPartOf":{"@id":"https:\/\/radioljubuski.ba\/#website"},"primaryImageOfPage":{"@id":"https:\/\/radioljubuski.ba\/index.php\/2022\/07\/25\/visnja-staresina-smrad-zagrebackog-smeca-dragocjeno-je-nacionalno-iskustvo\/#primaryimage"},"image":{"@id":"https:\/\/radioljubuski.ba\/index.php\/2022\/07\/25\/visnja-staresina-smrad-zagrebackog-smeca-dragocjeno-je-nacionalno-iskustvo\/#primaryimage"},"thumbnailUrl":"https:\/\/radioljubuski.ba\/wp-content\/uploads\/2021\/06\/visnja-staresina-735-735x400-1.jpg","datePublished":"2022-07-25T11:11:49+00:00","dateModified":"2022-07-25T11:11:51+00:00","breadcrumb":{"@id":"https:\/\/radioljubuski.ba\/index.php\/2022\/07\/25\/visnja-staresina-smrad-zagrebackog-smeca-dragocjeno-je-nacionalno-iskustvo\/#breadcrumb"},"inLanguage":"hr","potentialAction":[{"@type":"ReadAction","target":["https:\/\/radioljubuski.ba\/index.php\/2022\/07\/25\/visnja-staresina-smrad-zagrebackog-smeca-dragocjeno-je-nacionalno-iskustvo\/"]}]},{"@type":"ImageObject","inLanguage":"hr","@id":"https:\/\/radioljubuski.ba\/index.php\/2022\/07\/25\/visnja-staresina-smrad-zagrebackog-smeca-dragocjeno-je-nacionalno-iskustvo\/#primaryimage","url":"https:\/\/radioljubuski.ba\/wp-content\/uploads\/2021\/06\/visnja-staresina-735-735x400-1.jpg","contentUrl":"https:\/\/radioljubuski.ba\/wp-content\/uploads\/2021\/06\/visnja-staresina-735-735x400-1.jpg","width":735,"height":400},{"@type":"BreadcrumbList","@id":"https:\/\/radioljubuski.ba\/index.php\/2022\/07\/25\/visnja-staresina-smrad-zagrebackog-smeca-dragocjeno-je-nacionalno-iskustvo\/#breadcrumb","itemListElement":[{"@type":"ListItem","position":1,"name":"Po\u010detna stranica","item":"https:\/\/radioljubuski.ba\/"},{"@type":"ListItem","position":2,"name":"Vi\u0161nja Stare\u0161ina: Smrad zagreba\u010dkog sme\u0107a dragocjeno je nacionalno iskustvo"}]},{"@type":"WebSite","@id":"https:\/\/radioljubuski.ba\/#website","url":"https:\/\/radioljubuski.ba\/","name":"Radio Ljubu\u0161ki","description":"Sun\u010dana frekvencija Hercegovine","publisher":{"@id":"https:\/\/radioljubuski.ba\/#organization"},"potentialAction":[{"@type":"SearchAction","target":{"@type":"EntryPoint","urlTemplate":"https:\/\/radioljubuski.ba\/?s={search_term_string}"},"query-input":{"@type":"PropertyValueSpecification","valueRequired":true,"valueName":"search_term_string"}}],"inLanguage":"hr"},{"@type":"Organization","@id":"https:\/\/radioljubuski.ba\/#organization","name":"Radio Ljubu\u0161ki","url":"https:\/\/radioljubuski.ba\/","logo":{"@type":"ImageObject","inLanguage":"hr","@id":"https:\/\/radioljubuski.ba\/#\/schema\/logo\/image\/","url":"https:\/\/radioljubuski.ba\/wp-content\/uploads\/2021\/02\/cropped-Radio_Ljubuski_logo1.jpg","contentUrl":"https:\/\/radioljubuski.ba\/wp-content\/uploads\/2021\/02\/cropped-Radio_Ljubuski_logo1.jpg","width":512,"height":512,"caption":"Radio Ljubu\u0161ki"},"image":{"@id":"https:\/\/radioljubuski.ba\/#\/schema\/logo\/image\/"},"sameAs":["https:\/\/www.facebook.com\/Radiio-Ljubuski-1490835324566332","https:\/\/x.com\/radioljubuski","https:\/\/hr.linkedin.com\/company\/radio-ljubuski","https:\/\/www.youtube.com\/channel\/UCHYaeO_n0Db3tjNGudGpXyw"]},{"@type":"Person","@id":"https:\/\/radioljubuski.ba\/#\/schema\/person\/19fc700381a780f69665d7956c469e3b","name":"Radio Ljubu\u0161ki"}]}},"_links":{"self":[{"href":"https:\/\/radioljubuski.ba\/index.php\/wp-json\/wp\/v2\/posts\/163261","targetHints":{"allow":["GET"]}}],"collection":[{"href":"https:\/\/radioljubuski.ba\/index.php\/wp-json\/wp\/v2\/posts"}],"about":[{"href":"https:\/\/radioljubuski.ba\/index.php\/wp-json\/wp\/v2\/types\/post"}],"author":[{"embeddable":true,"href":"https:\/\/radioljubuski.ba\/index.php\/wp-json\/wp\/v2\/users\/2"}],"replies":[{"embeddable":true,"href":"https:\/\/radioljubuski.ba\/index.php\/wp-json\/wp\/v2\/comments?post=163261"}],"version-history":[{"count":1,"href":"https:\/\/radioljubuski.ba\/index.php\/wp-json\/wp\/v2\/posts\/163261\/revisions"}],"predecessor-version":[{"id":163263,"href":"https:\/\/radioljubuski.ba\/index.php\/wp-json\/wp\/v2\/posts\/163261\/revisions\/163263"}],"wp:featuredmedia":[{"embeddable":true,"href":"https:\/\/radioljubuski.ba\/index.php\/wp-json\/wp\/v2\/media\/29544"}],"wp:attachment":[{"href":"https:\/\/radioljubuski.ba\/index.php\/wp-json\/wp\/v2\/media?parent=163261"}],"wp:term":[{"taxonomy":"category","embeddable":true,"href":"https:\/\/radioljubuski.ba\/index.php\/wp-json\/wp\/v2\/categories?post=163261"},{"taxonomy":"post_tag","embeddable":true,"href":"https:\/\/radioljubuski.ba\/index.php\/wp-json\/wp\/v2\/tags?post=163261"}],"curies":[{"name":"wp","href":"https:\/\/api.w.org\/{rel}","templated":true}]}}