{"id":163268,"date":"2022-07-25T12:15:05","date_gmt":"2022-07-25T11:15:05","guid":{"rendered":"https:\/\/radioljubuski.ba\/?p=163268"},"modified":"2022-07-25T12:15:06","modified_gmt":"2022-07-25T11:15:06","slug":"sabor-objavio-pregled-troskova-rada-zastupnika-evo-koji-zastupnici-su-dobili-najvise-naknade-za-prijevoz","status":"publish","type":"post","link":"https:\/\/radioljubuski.ba\/index.php\/2022\/07\/25\/sabor-objavio-pregled-troskova-rada-zastupnika-evo-koji-zastupnici-su-dobili-najvise-naknade-za-prijevoz\/","title":{"rendered":"Sabor objavio pregled tro\u0161kova rada zastupnika: Evo koji zastupnici su dobili najvi\u0161e naknade za prijevoz"},"content":{"rendered":"\n<p>Hrvatski Sabor na svojim je stranicama objavio pregled tro\u0161kova rada zastupnika u razdoblju od 1. sije\u010dnja do 15. srpnja 2022.<\/p>\n\n\n\n<p>Hrvatski sabor redovno, dvaput godi\u0161nje, objavljuje polugodi\u0161nje tro\u0161kove rada zastupnika nastale u sklopu obavljanja njihovih slu\u017ebenih du\u017enosti te u skladu s nadle\u017enim propisima. Prikaz tro\u0161kova odnosi se na razdoblje od 1. sije\u010dnja do 15. srpnja 2022. godine.<\/p>\n\n\n\n<h3 class=\"wp-block-heading\"><strong>Zastupni\u010dki pau\u0161al i naknada za odvojeni \u017eivot<\/strong><\/h3>\n\n\n\n<p>Zastupnici, uz mjese\u010dnu pla\u0107u, ostvaruju pravo na isplatu zastupni\u010dkog pau\u0161ala u iznosu od 1.500,00 kuna mjese\u010dno te naknade za odvojeni \u017eivot u iznosu od 1.000,00 kuna mjese\u010dno. Naknada za odvojeni \u017eivot ne ispla\u0107uje se zastupnicima tijekom ustavne stanke u radu Sabora (od 15. srpnja do 15. rujna, od 15. prosinca do 15. sije\u010dnja teku\u0107e godine), te u razdoblju od raspu\u0161tanja do konstituiranja novog saziva Sabora (u skladu s Odlukom o smje\u0161taju zastupnika Hrvatskoga sabora u Zagrebu u vrijeme zasjedanja Sabora, radnih tijela i klubova zastupnika, NN 44\/05 \u2013 pro\u010di\u0161\u0107eni tekst, i 47\/16).<\/p>\n\n\n\n<h3 class=\"wp-block-heading\"><strong>Slu\u017ebeni stanovi<\/strong><\/h3>\n\n\n\n<p>Zastupnici s prebivali\u0161tem udaljenim vi\u0161e od 50 km od Zagreba imaju pravo na kori\u0161tenje smje\u0161taja u stanovima za slu\u017ebene potrebe te u unajmljenim garsonijerama i jednosobnim stanovima, i to u mjese\u010dnom iznosu do 2.500,00 kuna na ime najma stana, kao i na naknadu re\u017eijskih tro\u0161kova do 500,00 kuna mjese\u010dno. Mogu\u0107e razlike u tro\u0161kovima najma stana i re\u017eijskim tro\u0161kovima zastupnici snose sami (u skladu s Odlukom o smje\u0161taju zastupnika Hrvatskoga sabora u Zagrebu u vrijeme zasjedanja Sabora, radnih tijela i klubova zastupnika, NN 44\/05-pro\u010di\u0161\u0107eni tekst, i 47\/16).<\/p>\n\n\n\n<h3 class=\"wp-block-heading\"><strong>Dnevnica<\/strong><\/h3>\n\n\n\n<p>U okviru obavljanja svojih zastupni\u010dkih du\u017enosti i aktivnosti zastupnici imaju pravo na isplatu dnevnice \u2013 koja za slu\u017ebeno putovanje u zemlji iznosi 150,00 kuna \u2013 i naknadu tro\u0161kova za kori\u0161tenje privatnog automobila u slu\u017ebene svrhe (2,00 kune po prije\u0111enom kilometru), a u skladu s Odlukom o visini dnevnice za slu\u017ebeno putovanje u zemlji i visini naknada za dr\u017eavne du\u017enosnike, suce i druge pravosudne du\u017enosnike, te ostale zaposlene koji se financiraju iz sredstava dr\u017eavnog prora\u010duna, a \u010dija prava nisu ure\u0111ene kolektivnim ugovorima (NN 117\/12), kao i na naknadu tro\u0161kova cestarine uz predo\u010denje ra\u010duna.<\/p>\n\n\n\n<h3 class=\"wp-block-heading\"><strong>Naknada tro\u0161kova prijevoza<\/strong><\/h3>\n\n\n\n<p>Zastupnici, koji se koriste smje\u0161tajem u stanovima za slu\u017ebene potrebe ili u unajmljenim stanovima i oni koji se iznimno koriste hotelskim smje\u0161tajem, a na sjednice Sabora, radnih tijela i klubova zastupnika dolaze vlastitim vozilom, imaju pravo na vi\u0161ekratnu naknadu tro\u0161kova kilometra\u017ee (pri dolasku i odlasku u svakom tjednu koliko traje zasjedanje).<\/p>\n\n\n\n<p>Zastupnici, koji se ne koriste smje\u0161tajem u stanovima za slu\u017ebene potrebe, u unajmljenim stanovima, hotelskim smje\u0161tajem ili u stanu koji je u njihovom vlasni\u0161tvu ili vlasni\u0161tvu \u010dlana njihove u\u017ee obitelji, a imaju prebivali\u0161te udaljeno vi\u0161e od 50, a manje od 150 km od Zagreba i na sjednice Sabora, radnih tijela i klubova zastupnika dolaze vlastitim ili unajmljenim vozilom odnosno vozilom u vlasni\u0161tvu \u010dlana u\u017ee obitelji ili \u010dlana zajedni\u010dkog ku\u0107anstva, imaju pravo na naknadu mjese\u010dnih tro\u0161kova prijevoza do 2.500,00 kuna (u skladu s Odlukom o uvjetima kori\u0161tenja slu\u017ebenih osobnih automobila, mobilnih telefona, sredstava za slu\u017ebena putovanja, poslovnih kreditnih kartica i sredstava reprezentacije, NN 137\/02-pro\u010di\u0161\u0107eni tekst, 18\/06, i 59\/16).<\/p>\n\n\n\n<h3 class=\"wp-block-heading\"><strong>Javni prijevoz<\/strong><\/h3>\n\n\n\n<p>Za dolazak na plenarna zasjedanja Hrvatskoga sabora zastupnicima s prebivali\u0161tem udaljenim vi\u0161e od 50 kilometara, uz kori\u0161tenje osobnog vozila, omogu\u0107eno je i kori\u0161tenje sredstava javnog prijevoza (autobus, vlak, zrakoplov, trajekt), a tako nastali tro\u0161kovi tako\u0111er im se refundiraju uz predo\u010denje ra\u010duna. Isto vrijedi i za slu\u017ebena putovanja u inozemstvo, koja uz to uklju\u010duju i pla\u0107anje hotelskog smje\u0161taja.<\/p>\n\n\n\n<p>Tro\u0161kovi saborskih zastupnika, bez pla\u0107a, u prvoj polovici ove godine pribli\u017eili su se onima iz predepidemijske 2019. godine i iznosili su ne\u0161to vi\u0161e od 4, 7 milijuna kuna, dok su prije tri godine bili oko pet milijuna kuna.<\/p>\n\n\n\n<p>Ubla\u017eavanje, a potom i ukidanje epidemiolo\u0161kih mjera uvedenih zbog koronavirusa, osjetilo se i na zastupni\u010dkim tro\u0161kovima, pa su oni u prvoj polovici ove godine bili za oko 700.000 kuna ve\u0107i u odnosu na isto lanjsko razdoblje.<\/p>\n\n\n\n<h3 class=\"wp-block-heading\"><strong>Avionske karte i hoteli<\/strong><\/h3>\n\n\n\n<p>Zastupnici su po\u010deli vi\u0161e putovati na aktivnosti izvan Hrvatske, \u0161to se odrazilo i na tro\u0161kove avionskih karata, hotela, dnevnica, ove je godine na njih potro\u0161eno 394.000 kuna, odnosno 217.000, odnosno 110 tisu\u0107a kuna. Pro\u0161le godine avionske su karte pla\u0107ene samo 60.000 kuna, smje\u0161taj u hotelima 52. 500, a dnevnice 21.000 kuna.<\/p>\n\n\n\n<h3 class=\"wp-block-heading\"><strong>Privatni automobili u slu\u017ebene svrhe<\/strong><\/h3>\n\n\n\n<p>I dalje prednja\u010de tro\u0161kovi kori\u0161tenja osobnih automobila u slu\u017ebene svrhe za \u0161to je zastupnicima ispla\u0107eno 1,9 milijuna kuna, sto tisu\u0107a kuna vi\u0161e nego lani, uz to, za cestarinu im je pla\u0107eno 320.000 kuna.<\/p>\n\n\n\n<p>Za zastupni\u010dke stanarine pla\u0107eno je 1,1 milijun kuna, pribli\u017eno kako i lani, za re\u017eije oko 150.000 kuna.<\/p>\n\n\n\n<p>Za odvojeni \u017eivot zastupnicima je u proljetnoj saborskoj sezoni ispla\u0107eno 476.000 kuna, otprilike kao i lani.<\/p>\n\n\n\n<p>Zastupnici su ove godine vi\u0161e koristili javni prijevoz na koji su potro\u0161ili 29.000 kuna, 5.000 kuna vi\u0161e nego lani. Broj onih koji su se vozili autobusom, vlakom ili trajektom ove je godine \u2018narastao\u2019 na 17, lani ih je bilo samo devetero.<\/p>\n\n\n\n<h3 class=\"wp-block-heading\"><strong>Hajdukovi\u0107 i Stier<\/strong><\/h3>\n\n\n\n<p>Na javni prijevoz najvi\u0161e je potro\u0161io HDZ-ov Marko Pavi\u0107 \u2013 12.000 kuna.<\/p>\n\n\n\n<p>Na kategoriju \u2018ostalo\u2019 zastupnici su ove godine potro\u0161ili 24.000 kuna, a u to spada tro\u0161ak taxi prijevoza, pla\u0107anje parkinga, vinjeta, putnog osiguranja te testiranje na koronavirus i prijevod PCR testova. Lani je za sve to potro\u0161eno 2200 kuna.<\/p>\n\n\n\n<p>Pojedina\u010dno, najve\u0107e su tro\u0161kove imali zastupnici koji vode ili su \u010dlanovi odbora u \u010dijem je djelokrugu me\u0111unarodna suradnja te oni koji \u017eive najdalje od Zagreba.<\/p>\n\n\n\n<p>Najve\u0107i tro\u0161ak, 134.000 kuna imao je Domagoj Hajdukovi\u0107 (Socijaldemokrati), predsjednik Odbora za europske poslove te Davor Ivo Stier (HDZ), predsjednik Odbora za me\u0111uparlamentarnu suradnju, 110. 000 kuna.<\/p>\n\n\n\n<p>Slijede ih Matko Kuzmani\u0107 (86.000 kuna), Nevenko Barbari\u0107 (HDZ, 80.000), Katica Glamuzina (Socijaldemokrati, 80.000), Bo\u017eo Petrov (Most, 76.000 kuna), te Franko Vidovi\u0107 (Socijaldemokrati) i Radoje Vidovi\u0107 (HDZ) s tro\u0161kovima od po 72.000 kuna.<\/p>\n\n\n\n<p><em>Izvor: narod.hr<\/em><\/p>\n","protected":false},"excerpt":{"rendered":"<p>Hrvatski Sabor na svojim je stranicama objavio pregled tro\u0161kova rada zastupnika u razdoblju od 1. sije\u010dnja do 15. srpnja 2022. Hrvatski sabor redovno, dvaput godi\u0161nje, objavljuje polugodi\u0161nje tro\u0161kove rada zastupnika nastale u sklopu obavljanja njihovih slu\u017ebenih du\u017enosti te u skladu s nadle\u017enim propisima. Prikaz tro\u0161kova odnosi se na razdoblje od 1. sije\u010dnja do 15. srpnja [&hellip;]<\/p>\n","protected":false},"author":2,"featured_media":163269,"comment_status":"closed","ping_status":"closed","sticky":false,"template":"","format":"standard","meta":{"h5ap_radio_sources":[],"footnotes":""},"categories":[1],"tags":[],"class_list":["post-163268","post","type-post","status-publish","format-standard","has-post-thumbnail","hentry","category-bihiregija"],"yoast_head":"<!-- This site is optimized with the Yoast SEO plugin v27.5 - https:\/\/yoast.com\/product\/yoast-seo-wordpress\/ -->\n<title>Sabor objavio pregled tro\u0161kova rada zastupnika: Evo koji zastupnici su dobili najvi\u0161e naknade za prijevoz - RADIO LJUBU\u0160KI<\/title>\n<meta name=\"robots\" content=\"index, follow, max-snippet:-1, max-image-preview:large, max-video-preview:-1\" \/>\n<link rel=\"canonical\" href=\"https:\/\/radioljubuski.ba\/index.php\/2022\/07\/25\/sabor-objavio-pregled-troskova-rada-zastupnika-evo-koji-zastupnici-su-dobili-najvise-naknade-za-prijevoz\/\" \/>\n<meta property=\"og:locale\" content=\"hr_HR\" \/>\n<meta property=\"og:type\" content=\"article\" \/>\n<meta property=\"og:title\" content=\"Sabor objavio pregled tro\u0161kova rada zastupnika: Evo koji zastupnici su dobili najvi\u0161e naknade za prijevoz - RADIO LJUBU\u0160KI\" \/>\n<meta property=\"og:description\" content=\"Hrvatski Sabor na svojim je stranicama objavio pregled tro\u0161kova rada zastupnika u razdoblju od 1. sije\u010dnja do 15. srpnja 2022. Hrvatski sabor redovno, dvaput godi\u0161nje, objavljuje polugodi\u0161nje tro\u0161kove rada zastupnika nastale u sklopu obavljanja njihovih slu\u017ebenih du\u017enosti te u skladu s nadle\u017enim propisima. Prikaz tro\u0161kova odnosi se na razdoblje od 1. sije\u010dnja do 15. srpnja [&hellip;]\" \/>\n<meta property=\"og:url\" content=\"https:\/\/radioljubuski.ba\/index.php\/2022\/07\/25\/sabor-objavio-pregled-troskova-rada-zastupnika-evo-koji-zastupnici-su-dobili-najvise-naknade-za-prijevoz\/\" \/>\n<meta property=\"og:site_name\" content=\"RADIO LJUBU\u0160KI\" \/>\n<meta property=\"article:publisher\" content=\"https:\/\/www.facebook.com\/Radiio-Ljubuski-1490835324566332\" \/>\n<meta property=\"article:published_time\" content=\"2022-07-25T11:15:05+00:00\" \/>\n<meta property=\"article:modified_time\" content=\"2022-07-25T11:15:06+00:00\" \/>\n<meta property=\"og:image\" content=\"https:\/\/radioljubuski.ba\/wp-content\/uploads\/2022\/07\/HN20220714617216-696x464-1.jpg\" \/>\n\t<meta property=\"og:image:width\" content=\"696\" \/>\n\t<meta property=\"og:image:height\" content=\"464\" \/>\n\t<meta property=\"og:image:type\" content=\"image\/jpeg\" \/>\n<meta name=\"author\" content=\"Radio Ljubu\u0161ki\" \/>\n<meta name=\"twitter:card\" content=\"summary_large_image\" \/>\n<meta name=\"twitter:creator\" content=\"@radioljubuski\" \/>\n<meta name=\"twitter:site\" content=\"@radioljubuski\" \/>\n<meta name=\"twitter:label1\" content=\"Napisao\/la\" \/>\n\t<meta name=\"twitter:data1\" content=\"Radio Ljubu\u0161ki\" \/>\n\t<meta name=\"twitter:label2\" content=\"Procijenjeno vrijeme \u010ditanja\" \/>\n\t<meta name=\"twitter:data2\" content=\"5 minuta\" \/>\n<script type=\"application\/ld+json\" class=\"yoast-schema-graph\">{\"@context\":\"https:\\\/\\\/schema.org\",\"@graph\":[{\"@type\":\"Article\",\"@id\":\"https:\\\/\\\/radioljubuski.ba\\\/index.php\\\/2022\\\/07\\\/25\\\/sabor-objavio-pregled-troskova-rada-zastupnika-evo-koji-zastupnici-su-dobili-najvise-naknade-za-prijevoz\\\/#article\",\"isPartOf\":{\"@id\":\"https:\\\/\\\/radioljubuski.ba\\\/index.php\\\/2022\\\/07\\\/25\\\/sabor-objavio-pregled-troskova-rada-zastupnika-evo-koji-zastupnici-su-dobili-najvise-naknade-za-prijevoz\\\/\"},\"author\":{\"name\":\"Radio Ljubu\u0161ki\",\"@id\":\"https:\\\/\\\/radioljubuski.ba\\\/#\\\/schema\\\/person\\\/19fc700381a780f69665d7956c469e3b\"},\"headline\":\"Sabor objavio pregled tro\u0161kova rada zastupnika: Evo koji zastupnici su dobili najvi\u0161e naknade za prijevoz\",\"datePublished\":\"2022-07-25T11:15:05+00:00\",\"dateModified\":\"2022-07-25T11:15:06+00:00\",\"mainEntityOfPage\":{\"@id\":\"https:\\\/\\\/radioljubuski.ba\\\/index.php\\\/2022\\\/07\\\/25\\\/sabor-objavio-pregled-troskova-rada-zastupnika-evo-koji-zastupnici-su-dobili-najvise-naknade-za-prijevoz\\\/\"},\"wordCount\":1043,\"publisher\":{\"@id\":\"https:\\\/\\\/radioljubuski.ba\\\/#organization\"},\"image\":{\"@id\":\"https:\\\/\\\/radioljubuski.ba\\\/index.php\\\/2022\\\/07\\\/25\\\/sabor-objavio-pregled-troskova-rada-zastupnika-evo-koji-zastupnici-su-dobili-najvise-naknade-za-prijevoz\\\/#primaryimage\"},\"thumbnailUrl\":\"https:\\\/\\\/radioljubuski.ba\\\/wp-content\\\/uploads\\\/2022\\\/07\\\/HN20220714617216-696x464-1.jpg\",\"articleSection\":[\"BIH i regija\"],\"inLanguage\":\"hr\"},{\"@type\":\"WebPage\",\"@id\":\"https:\\\/\\\/radioljubuski.ba\\\/index.php\\\/2022\\\/07\\\/25\\\/sabor-objavio-pregled-troskova-rada-zastupnika-evo-koji-zastupnici-su-dobili-najvise-naknade-za-prijevoz\\\/\",\"url\":\"https:\\\/\\\/radioljubuski.ba\\\/index.php\\\/2022\\\/07\\\/25\\\/sabor-objavio-pregled-troskova-rada-zastupnika-evo-koji-zastupnici-su-dobili-najvise-naknade-za-prijevoz\\\/\",\"name\":\"Sabor objavio pregled tro\u0161kova rada zastupnika: Evo koji zastupnici su dobili najvi\u0161e naknade za prijevoz - RADIO LJUBU\u0160KI\",\"isPartOf\":{\"@id\":\"https:\\\/\\\/radioljubuski.ba\\\/#website\"},\"primaryImageOfPage\":{\"@id\":\"https:\\\/\\\/radioljubuski.ba\\\/index.php\\\/2022\\\/07\\\/25\\\/sabor-objavio-pregled-troskova-rada-zastupnika-evo-koji-zastupnici-su-dobili-najvise-naknade-za-prijevoz\\\/#primaryimage\"},\"image\":{\"@id\":\"https:\\\/\\\/radioljubuski.ba\\\/index.php\\\/2022\\\/07\\\/25\\\/sabor-objavio-pregled-troskova-rada-zastupnika-evo-koji-zastupnici-su-dobili-najvise-naknade-za-prijevoz\\\/#primaryimage\"},\"thumbnailUrl\":\"https:\\\/\\\/radioljubuski.ba\\\/wp-content\\\/uploads\\\/2022\\\/07\\\/HN20220714617216-696x464-1.jpg\",\"datePublished\":\"2022-07-25T11:15:05+00:00\",\"dateModified\":\"2022-07-25T11:15:06+00:00\",\"breadcrumb\":{\"@id\":\"https:\\\/\\\/radioljubuski.ba\\\/index.php\\\/2022\\\/07\\\/25\\\/sabor-objavio-pregled-troskova-rada-zastupnika-evo-koji-zastupnici-su-dobili-najvise-naknade-za-prijevoz\\\/#breadcrumb\"},\"inLanguage\":\"hr\",\"potentialAction\":[{\"@type\":\"ReadAction\",\"target\":[\"https:\\\/\\\/radioljubuski.ba\\\/index.php\\\/2022\\\/07\\\/25\\\/sabor-objavio-pregled-troskova-rada-zastupnika-evo-koji-zastupnici-su-dobili-najvise-naknade-za-prijevoz\\\/\"]}]},{\"@type\":\"ImageObject\",\"inLanguage\":\"hr\",\"@id\":\"https:\\\/\\\/radioljubuski.ba\\\/index.php\\\/2022\\\/07\\\/25\\\/sabor-objavio-pregled-troskova-rada-zastupnika-evo-koji-zastupnici-su-dobili-najvise-naknade-za-prijevoz\\\/#primaryimage\",\"url\":\"https:\\\/\\\/radioljubuski.ba\\\/wp-content\\\/uploads\\\/2022\\\/07\\\/HN20220714617216-696x464-1.jpg\",\"contentUrl\":\"https:\\\/\\\/radioljubuski.ba\\\/wp-content\\\/uploads\\\/2022\\\/07\\\/HN20220714617216-696x464-1.jpg\",\"width\":696,\"height\":464},{\"@type\":\"BreadcrumbList\",\"@id\":\"https:\\\/\\\/radioljubuski.ba\\\/index.php\\\/2022\\\/07\\\/25\\\/sabor-objavio-pregled-troskova-rada-zastupnika-evo-koji-zastupnici-su-dobili-najvise-naknade-za-prijevoz\\\/#breadcrumb\",\"itemListElement\":[{\"@type\":\"ListItem\",\"position\":1,\"name\":\"Po\u010detna stranica\",\"item\":\"https:\\\/\\\/radioljubuski.ba\\\/\"},{\"@type\":\"ListItem\",\"position\":2,\"name\":\"Sabor objavio pregled tro\u0161kova rada zastupnika: Evo koji zastupnici su dobili najvi\u0161e naknade za prijevoz\"}]},{\"@type\":\"WebSite\",\"@id\":\"https:\\\/\\\/radioljubuski.ba\\\/#website\",\"url\":\"https:\\\/\\\/radioljubuski.ba\\\/\",\"name\":\"Radio Ljubu\u0161ki\",\"description\":\"Sun\u010dana frekvencija Hercegovine\",\"publisher\":{\"@id\":\"https:\\\/\\\/radioljubuski.ba\\\/#organization\"},\"potentialAction\":[{\"@type\":\"SearchAction\",\"target\":{\"@type\":\"EntryPoint\",\"urlTemplate\":\"https:\\\/\\\/radioljubuski.ba\\\/?s={search_term_string}\"},\"query-input\":{\"@type\":\"PropertyValueSpecification\",\"valueRequired\":true,\"valueName\":\"search_term_string\"}}],\"inLanguage\":\"hr\"},{\"@type\":\"Organization\",\"@id\":\"https:\\\/\\\/radioljubuski.ba\\\/#organization\",\"name\":\"Radio Ljubu\u0161ki\",\"url\":\"https:\\\/\\\/radioljubuski.ba\\\/\",\"logo\":{\"@type\":\"ImageObject\",\"inLanguage\":\"hr\",\"@id\":\"https:\\\/\\\/radioljubuski.ba\\\/#\\\/schema\\\/logo\\\/image\\\/\",\"url\":\"https:\\\/\\\/radioljubuski.ba\\\/wp-content\\\/uploads\\\/2021\\\/02\\\/cropped-Radio_Ljubuski_logo1.jpg\",\"contentUrl\":\"https:\\\/\\\/radioljubuski.ba\\\/wp-content\\\/uploads\\\/2021\\\/02\\\/cropped-Radio_Ljubuski_logo1.jpg\",\"width\":512,\"height\":512,\"caption\":\"Radio Ljubu\u0161ki\"},\"image\":{\"@id\":\"https:\\\/\\\/radioljubuski.ba\\\/#\\\/schema\\\/logo\\\/image\\\/\"},\"sameAs\":[\"https:\\\/\\\/www.facebook.com\\\/Radiio-Ljubuski-1490835324566332\",\"https:\\\/\\\/x.com\\\/radioljubuski\",\"https:\\\/\\\/hr.linkedin.com\\\/company\\\/radio-ljubuski\",\"https:\\\/\\\/www.youtube.com\\\/channel\\\/UCHYaeO_n0Db3tjNGudGpXyw\"]},{\"@type\":\"Person\",\"@id\":\"https:\\\/\\\/radioljubuski.ba\\\/#\\\/schema\\\/person\\\/19fc700381a780f69665d7956c469e3b\",\"name\":\"Radio Ljubu\u0161ki\"}]}<\/script>\n<!-- \/ Yoast SEO plugin. -->","yoast_head_json":{"title":"Sabor objavio pregled tro\u0161kova rada zastupnika: Evo koji zastupnici su dobili najvi\u0161e naknade za prijevoz - RADIO LJUBU\u0160KI","robots":{"index":"index","follow":"follow","max-snippet":"max-snippet:-1","max-image-preview":"max-image-preview:large","max-video-preview":"max-video-preview:-1"},"canonical":"https:\/\/radioljubuski.ba\/index.php\/2022\/07\/25\/sabor-objavio-pregled-troskova-rada-zastupnika-evo-koji-zastupnici-su-dobili-najvise-naknade-za-prijevoz\/","og_locale":"hr_HR","og_type":"article","og_title":"Sabor objavio pregled tro\u0161kova rada zastupnika: Evo koji zastupnici su dobili najvi\u0161e naknade za prijevoz - RADIO LJUBU\u0160KI","og_description":"Hrvatski Sabor na svojim je stranicama objavio pregled tro\u0161kova rada zastupnika u razdoblju od 1. sije\u010dnja do 15. srpnja 2022. Hrvatski sabor redovno, dvaput godi\u0161nje, objavljuje polugodi\u0161nje tro\u0161kove rada zastupnika nastale u sklopu obavljanja njihovih slu\u017ebenih du\u017enosti te u skladu s nadle\u017enim propisima. Prikaz tro\u0161kova odnosi se na razdoblje od 1. sije\u010dnja do 15. srpnja [&hellip;]","og_url":"https:\/\/radioljubuski.ba\/index.php\/2022\/07\/25\/sabor-objavio-pregled-troskova-rada-zastupnika-evo-koji-zastupnici-su-dobili-najvise-naknade-za-prijevoz\/","og_site_name":"RADIO LJUBU\u0160KI","article_publisher":"https:\/\/www.facebook.com\/Radiio-Ljubuski-1490835324566332","article_published_time":"2022-07-25T11:15:05+00:00","article_modified_time":"2022-07-25T11:15:06+00:00","og_image":[{"width":696,"height":464,"url":"https:\/\/radioljubuski.ba\/wp-content\/uploads\/2022\/07\/HN20220714617216-696x464-1.jpg","type":"image\/jpeg"}],"author":"Radio Ljubu\u0161ki","twitter_card":"summary_large_image","twitter_creator":"@radioljubuski","twitter_site":"@radioljubuski","twitter_misc":{"Napisao\/la":"Radio Ljubu\u0161ki","Procijenjeno vrijeme \u010ditanja":"5 minuta"},"schema":{"@context":"https:\/\/schema.org","@graph":[{"@type":"Article","@id":"https:\/\/radioljubuski.ba\/index.php\/2022\/07\/25\/sabor-objavio-pregled-troskova-rada-zastupnika-evo-koji-zastupnici-su-dobili-najvise-naknade-za-prijevoz\/#article","isPartOf":{"@id":"https:\/\/radioljubuski.ba\/index.php\/2022\/07\/25\/sabor-objavio-pregled-troskova-rada-zastupnika-evo-koji-zastupnici-su-dobili-najvise-naknade-za-prijevoz\/"},"author":{"name":"Radio Ljubu\u0161ki","@id":"https:\/\/radioljubuski.ba\/#\/schema\/person\/19fc700381a780f69665d7956c469e3b"},"headline":"Sabor objavio pregled tro\u0161kova rada zastupnika: Evo koji zastupnici su dobili najvi\u0161e naknade za prijevoz","datePublished":"2022-07-25T11:15:05+00:00","dateModified":"2022-07-25T11:15:06+00:00","mainEntityOfPage":{"@id":"https:\/\/radioljubuski.ba\/index.php\/2022\/07\/25\/sabor-objavio-pregled-troskova-rada-zastupnika-evo-koji-zastupnici-su-dobili-najvise-naknade-za-prijevoz\/"},"wordCount":1043,"publisher":{"@id":"https:\/\/radioljubuski.ba\/#organization"},"image":{"@id":"https:\/\/radioljubuski.ba\/index.php\/2022\/07\/25\/sabor-objavio-pregled-troskova-rada-zastupnika-evo-koji-zastupnici-su-dobili-najvise-naknade-za-prijevoz\/#primaryimage"},"thumbnailUrl":"https:\/\/radioljubuski.ba\/wp-content\/uploads\/2022\/07\/HN20220714617216-696x464-1.jpg","articleSection":["BIH i regija"],"inLanguage":"hr"},{"@type":"WebPage","@id":"https:\/\/radioljubuski.ba\/index.php\/2022\/07\/25\/sabor-objavio-pregled-troskova-rada-zastupnika-evo-koji-zastupnici-su-dobili-najvise-naknade-za-prijevoz\/","url":"https:\/\/radioljubuski.ba\/index.php\/2022\/07\/25\/sabor-objavio-pregled-troskova-rada-zastupnika-evo-koji-zastupnici-su-dobili-najvise-naknade-za-prijevoz\/","name":"Sabor objavio pregled tro\u0161kova rada zastupnika: Evo koji zastupnici su dobili najvi\u0161e naknade za prijevoz - RADIO LJUBU\u0160KI","isPartOf":{"@id":"https:\/\/radioljubuski.ba\/#website"},"primaryImageOfPage":{"@id":"https:\/\/radioljubuski.ba\/index.php\/2022\/07\/25\/sabor-objavio-pregled-troskova-rada-zastupnika-evo-koji-zastupnici-su-dobili-najvise-naknade-za-prijevoz\/#primaryimage"},"image":{"@id":"https:\/\/radioljubuski.ba\/index.php\/2022\/07\/25\/sabor-objavio-pregled-troskova-rada-zastupnika-evo-koji-zastupnici-su-dobili-najvise-naknade-za-prijevoz\/#primaryimage"},"thumbnailUrl":"https:\/\/radioljubuski.ba\/wp-content\/uploads\/2022\/07\/HN20220714617216-696x464-1.jpg","datePublished":"2022-07-25T11:15:05+00:00","dateModified":"2022-07-25T11:15:06+00:00","breadcrumb":{"@id":"https:\/\/radioljubuski.ba\/index.php\/2022\/07\/25\/sabor-objavio-pregled-troskova-rada-zastupnika-evo-koji-zastupnici-su-dobili-najvise-naknade-za-prijevoz\/#breadcrumb"},"inLanguage":"hr","potentialAction":[{"@type":"ReadAction","target":["https:\/\/radioljubuski.ba\/index.php\/2022\/07\/25\/sabor-objavio-pregled-troskova-rada-zastupnika-evo-koji-zastupnici-su-dobili-najvise-naknade-za-prijevoz\/"]}]},{"@type":"ImageObject","inLanguage":"hr","@id":"https:\/\/radioljubuski.ba\/index.php\/2022\/07\/25\/sabor-objavio-pregled-troskova-rada-zastupnika-evo-koji-zastupnici-su-dobili-najvise-naknade-za-prijevoz\/#primaryimage","url":"https:\/\/radioljubuski.ba\/wp-content\/uploads\/2022\/07\/HN20220714617216-696x464-1.jpg","contentUrl":"https:\/\/radioljubuski.ba\/wp-content\/uploads\/2022\/07\/HN20220714617216-696x464-1.jpg","width":696,"height":464},{"@type":"BreadcrumbList","@id":"https:\/\/radioljubuski.ba\/index.php\/2022\/07\/25\/sabor-objavio-pregled-troskova-rada-zastupnika-evo-koji-zastupnici-su-dobili-najvise-naknade-za-prijevoz\/#breadcrumb","itemListElement":[{"@type":"ListItem","position":1,"name":"Po\u010detna stranica","item":"https:\/\/radioljubuski.ba\/"},{"@type":"ListItem","position":2,"name":"Sabor objavio pregled tro\u0161kova rada zastupnika: Evo koji zastupnici su dobili najvi\u0161e naknade za prijevoz"}]},{"@type":"WebSite","@id":"https:\/\/radioljubuski.ba\/#website","url":"https:\/\/radioljubuski.ba\/","name":"Radio Ljubu\u0161ki","description":"Sun\u010dana frekvencija Hercegovine","publisher":{"@id":"https:\/\/radioljubuski.ba\/#organization"},"potentialAction":[{"@type":"SearchAction","target":{"@type":"EntryPoint","urlTemplate":"https:\/\/radioljubuski.ba\/?s={search_term_string}"},"query-input":{"@type":"PropertyValueSpecification","valueRequired":true,"valueName":"search_term_string"}}],"inLanguage":"hr"},{"@type":"Organization","@id":"https:\/\/radioljubuski.ba\/#organization","name":"Radio Ljubu\u0161ki","url":"https:\/\/radioljubuski.ba\/","logo":{"@type":"ImageObject","inLanguage":"hr","@id":"https:\/\/radioljubuski.ba\/#\/schema\/logo\/image\/","url":"https:\/\/radioljubuski.ba\/wp-content\/uploads\/2021\/02\/cropped-Radio_Ljubuski_logo1.jpg","contentUrl":"https:\/\/radioljubuski.ba\/wp-content\/uploads\/2021\/02\/cropped-Radio_Ljubuski_logo1.jpg","width":512,"height":512,"caption":"Radio Ljubu\u0161ki"},"image":{"@id":"https:\/\/radioljubuski.ba\/#\/schema\/logo\/image\/"},"sameAs":["https:\/\/www.facebook.com\/Radiio-Ljubuski-1490835324566332","https:\/\/x.com\/radioljubuski","https:\/\/hr.linkedin.com\/company\/radio-ljubuski","https:\/\/www.youtube.com\/channel\/UCHYaeO_n0Db3tjNGudGpXyw"]},{"@type":"Person","@id":"https:\/\/radioljubuski.ba\/#\/schema\/person\/19fc700381a780f69665d7956c469e3b","name":"Radio Ljubu\u0161ki"}]}},"_links":{"self":[{"href":"https:\/\/radioljubuski.ba\/index.php\/wp-json\/wp\/v2\/posts\/163268","targetHints":{"allow":["GET"]}}],"collection":[{"href":"https:\/\/radioljubuski.ba\/index.php\/wp-json\/wp\/v2\/posts"}],"about":[{"href":"https:\/\/radioljubuski.ba\/index.php\/wp-json\/wp\/v2\/types\/post"}],"author":[{"embeddable":true,"href":"https:\/\/radioljubuski.ba\/index.php\/wp-json\/wp\/v2\/users\/2"}],"replies":[{"embeddable":true,"href":"https:\/\/radioljubuski.ba\/index.php\/wp-json\/wp\/v2\/comments?post=163268"}],"version-history":[{"count":1,"href":"https:\/\/radioljubuski.ba\/index.php\/wp-json\/wp\/v2\/posts\/163268\/revisions"}],"predecessor-version":[{"id":163270,"href":"https:\/\/radioljubuski.ba\/index.php\/wp-json\/wp\/v2\/posts\/163268\/revisions\/163270"}],"wp:featuredmedia":[{"embeddable":true,"href":"https:\/\/radioljubuski.ba\/index.php\/wp-json\/wp\/v2\/media\/163269"}],"wp:attachment":[{"href":"https:\/\/radioljubuski.ba\/index.php\/wp-json\/wp\/v2\/media?parent=163268"}],"wp:term":[{"taxonomy":"category","embeddable":true,"href":"https:\/\/radioljubuski.ba\/index.php\/wp-json\/wp\/v2\/categories?post=163268"},{"taxonomy":"post_tag","embeddable":true,"href":"https:\/\/radioljubuski.ba\/index.php\/wp-json\/wp\/v2\/tags?post=163268"}],"curies":[{"name":"wp","href":"https:\/\/api.w.org\/{rel}","templated":true}]}}