{"id":163271,"date":"2022-07-25T12:16:29","date_gmt":"2022-07-25T11:16:29","guid":{"rendered":"https:\/\/radioljubuski.ba\/?p=163271"},"modified":"2022-07-25T12:16:30","modified_gmt":"2022-07-25T11:16:30","slug":"osmasi-navalili-na-obrtnicke-skole-evo-u-koju-struku-masovno-hrle","status":"publish","type":"post","link":"https:\/\/radioljubuski.ba\/index.php\/2022\/07\/25\/osmasi-navalili-na-obrtnicke-skole-evo-u-koju-struku-masovno-hrle\/","title":{"rendered":"Osma\u0161i navalili na obrtni\u010dke \u0161kole: Evo u koju struku masovno hrle"},"content":{"rendered":"\n<p><strong>Anto Vidovi\u0107<\/strong>, dugogodi\u0161nji ravnatelj Obrtni\u010dke i industrijske graditeljske \u0161kole u Novom Zagrebu, ne pamti da je ikada u ljetnom roku imao popunjenu upisnu kvotu. Za upis u\u010denika u prvi razred 15 trogodi\u0161njih obrtni\u010dkih programa, s ukupno 144 mjesta, prijavila su se \u010dak 853 kandidata. Ravnatelj je prvo mislio da je rije\u010d o pogre\u0161ci u sustavu, a potom se danima zadr\u017eao u osje\u0107aju pozitivnog \u0161oka \u2013 da \u010detvero u\u010denika na kraju nije odustalo od upisa, \u0161kola prvi put od svog osnutka 1991. godine ne bi imala jesenski rok. Za usporedbu, niz godina \u0161kola je upisivala 70-ak u\u010denika.<\/p>\n\n\n\n<p>Rije\u010d je o dobro poznatom i dugogodi\u0161njem trendu slabog interesa za upis u obrtni\u010dka zanimanja zbog preferencije u\u010denika i njihovih roditelja prema gimnazijama i \u010detverogodi\u0161njim strukovnim \u0161kolama. Me\u0111utim, trend se ipak lagano mijenja. Najve\u0107i interes ove sezone Obrtni\u010dka \u0161kola ima za instalatere grijanja i klimatizacije. Za 18 upisnih mjesta prijavilo se vi\u0161e od 100 kandidata, od kojih je za 50-ak to bio prvi izbor, ka\u017ee ravnatelj. Sli\u010dno je s kerami\u010darima.<\/p>\n\n\n\n<h3 class=\"wp-block-heading\"><strong>Promid\u017eba zanimanja<\/strong><\/h3>\n\n\n\n<p>Dogodio im se jo\u0161 jedan presedan: prvi su put u program autolakirera upisali djevojku. U toj su \u0161koli djevojke rijetke, ove ih se godine upisalo desetak, ve\u0107inom u program staklara i pismoslikara, no ima i budu\u0107ih fasaderki i dimnja\u010darki. Upravo njihovim upisom u \u0161koli su se dosjetili nove ideje za promid\u017ebu strukovnih zanimanja. Naime, u jednoj od televizijskih reklama u\u010denica ove \u0161kole, koja se obrazuje u programu rukovatelj samohodnim gra\u0111evinskim strojevima \u2013 kolokvijalno, bagerist \u2013 otvara mnogima omiljeno pi\u0107e uz pomo\u0107 bagera.<\/p>\n\n\n\n<p>\u2013 To je na\u0161a cura, bageristica, a idu\u0107u kampanju temeljit \u0107emo na na\u0161oj autolakirerki \u2013 planira ravnatelj. Porast interesa za obrtni\u010dka zanimanja i u nizu drugih \u0161kola potvr\u0111uju podaci iz upisne baze Ministarstva znanosti i obrazovanja. U ovogodi\u0161njem ljetnom roku upisalo se gotovo 400 u\u010denika vi\u0161e nego u oba lanjska roka, ljetnom i jesenskom. Lani se, naime, u oba roka upisao 9321 u\u010denik, a sada u ljetnom njih 9710. Prema usporednoj upisnoj listi ovogodi\u0161njeg ljetnog i oba lanjska roka koju nam je dostavilo Ministarstvo, od 100 trogodi\u0161njih zanimanja, njih 58 bilje\u017ei rast, a devet programa upisalo je ovoga ljeta jednak broj u\u010denika kao i lani na oba roka, prenosi <a href=\"https:\/\/www.jutarnji.hr\/vijesti\/hrvatska\/osmasi-hrle-u-kuhare-i-automehanicare-iskocilo-jos-nekoliko-zanimanja-tu-je-sansa-za-zaradu-15226734\" target=\"_blank\" rel=\"noreferrer noopener\">Ve\u010dernji list<\/a>.<\/p>\n\n\n\n<h5 class=\"wp-block-heading\"><\/h5>\n\n\n\n<p>Najve\u0107i je porast broja upisanih u programu kuhar, koji je u ljetnom roku upisao 61 u\u010denik vi\u0161e nego u oba lanjska, pa ih je ukupno upisanih sada 1174. Slijede automehatroni\u010dari kojih je na ljetnom roku 47 vi\u0161e nego u oba lanjska. \u0160kole su ih upisale 392. Raste broj i u programu CNC operatera \u2013 71 vi\u0161e nego u lanjska oba roka (ukupno je prvi razred upisalo njih 618), a bilje\u017ei se i rast broja u upisu konobara jer je pravo upisa u ljetnom roku ostvario ukupno 521 u\u010denik, 61 vi\u0161e nego u oba lanjska roka. Rast broja bilje\u017ee i stolari, kerami\u010dari-oblaga\u010di, slasti\u010dari, pa i pekari, podopokriva\u010di, stolari, \u017eeljezni\u010dki prometni radnici, zidari, vrtlari, pone\u0161to vodoinstalateri, instalateri grijanja i klimatizacije, fasaderi, pa i \u2013 dimnja\u010dari. Slabo je i dalje s upisima u programe poput mljekara, brodograditelja i klesara.<\/p>\n\n\n\n<h3 class=\"wp-block-heading\"><strong>Pozitivno mi\u0161ljenje<\/strong><\/h3>\n\n\n\n<p>Jedan od razloga ve\u0107eg interesa u\u010denika za upis u obrtni\u010dke programe ravnatelj Anto Vidovi\u0107 vidi u minulim potresima.<\/p>\n\n\n\n<p>\u2013 Mogu\u0107e je da su posljedice potresa napravile pomak u razmi\u0161ljanju roditelja u smislu stvaranja pozitivnog mi\u0161ljenja o graditeljskoj struci. Kada vam strada ku\u0107a, a potraga za majstorima postane nemogu\u0107a misija, tada se mo\u017eda i o \u0161koli po\u010dne druk\u010dije razmi\u0161ljati. U smislu, \u2018sine, mo\u017eda ipak nisi za visoku \u0161kolu, ali ima i zanata\u2018. S druge strane, poslodavci nude praksu na\u0161im u\u010denicima gdje ih nau\u010de onome \u0161to im treba i dobivaju gotovog majstora koji ostaje kod njih \u2013 ka\u017ee Vidovi\u0107 \u010dijih je troje u\u010denika ove godine osvojilo tri zlata i broncu na dr\u017eavnom natjecanju WorldSkills u organizaciji Agencije za strukovno obrazovanje.<\/p>\n\n\n\n<p>Upravo to veliko natjecanje ima za cilj promociju strukovnih zanimanja. <strong>Mile \u017div\u010di\u0107<\/strong>, ravnatelj Agencije za strukovno obrazovanje i obrazovanje odraslih, napominje kako od 2018. aktivno rade na promociji strukovnog obrazovanja kojom poku\u0161avaju pove\u0107ati vidljivost.<\/p>\n\n\n\n<p>\u2013 Stvari ne idu preko no\u0107i. Upozoravamo na \u010dinjenicu da strukovno obrazovanje daje vi\u0161e prilika, da poznavanje vje\u0161tina daje prilike za profesionalni razvoj, ali na kraju i dobar \u017eivot i dobru zaradu. Mislim da smo natjecanjem WorldSkills, koje je okupilo vi\u0161e tisu\u0107a osnovaca, pridonijeli popularizaciji, no jasno je da je pomake nemogu\u0107e posti\u0107i u kratkom roku \u2013 isti\u010de \u017div\u010di\u0107.<\/p>\n\n\n\n<p><em>Izvor: narod.hr\/vecernji.hr<\/em><\/p>\n","protected":false},"excerpt":{"rendered":"<p>Anto Vidovi\u0107, dugogodi\u0161nji ravnatelj Obrtni\u010dke i industrijske graditeljske \u0161kole u Novom Zagrebu, ne pamti da je ikada u ljetnom roku imao popunjenu upisnu kvotu. Za upis u\u010denika u prvi razred 15 trogodi\u0161njih obrtni\u010dkih programa, s ukupno 144 mjesta, prijavila su se \u010dak 853 kandidata. Ravnatelj je prvo mislio da je rije\u010d o pogre\u0161ci u sustavu, [&hellip;]<\/p>\n","protected":false},"author":2,"featured_media":163274,"comment_status":"closed","ping_status":"closed","sticky":false,"template":"","format":"standard","meta":{"h5ap_radio_sources":[],"footnotes":""},"categories":[1],"tags":[],"class_list":["post-163271","post","type-post","status-publish","format-standard","has-post-thumbnail","hentry","category-bihiregija"],"yoast_head":"<!-- This site is optimized with the Yoast SEO plugin v27.5 - https:\/\/yoast.com\/product\/yoast-seo-wordpress\/ -->\n<title>Osma\u0161i navalili na obrtni\u010dke \u0161kole: Evo u koju struku masovno hrle - RADIO LJUBU\u0160KI<\/title>\n<meta name=\"robots\" content=\"index, follow, max-snippet:-1, max-image-preview:large, max-video-preview:-1\" \/>\n<link rel=\"canonical\" href=\"https:\/\/radioljubuski.ba\/index.php\/2022\/07\/25\/osmasi-navalili-na-obrtnicke-skole-evo-u-koju-struku-masovno-hrle\/\" \/>\n<meta property=\"og:locale\" content=\"hr_HR\" \/>\n<meta property=\"og:type\" content=\"article\" \/>\n<meta property=\"og:title\" content=\"Osma\u0161i navalili na obrtni\u010dke \u0161kole: Evo u koju struku masovno hrle - RADIO LJUBU\u0160KI\" \/>\n<meta property=\"og:description\" content=\"Anto Vidovi\u0107, dugogodi\u0161nji ravnatelj Obrtni\u010dke i industrijske graditeljske \u0161kole u Novom Zagrebu, ne pamti da je ikada u ljetnom roku imao popunjenu upisnu kvotu. Za upis u\u010denika u prvi razred 15 trogodi\u0161njih obrtni\u010dkih programa, s ukupno 144 mjesta, prijavila su se \u010dak 853 kandidata. Ravnatelj je prvo mislio da je rije\u010d o pogre\u0161ci u sustavu, [&hellip;]\" \/>\n<meta property=\"og:url\" content=\"https:\/\/radioljubuski.ba\/index.php\/2022\/07\/25\/osmasi-navalili-na-obrtnicke-skole-evo-u-koju-struku-masovno-hrle\/\" \/>\n<meta property=\"og:site_name\" content=\"RADIO LJUBU\u0160KI\" \/>\n<meta property=\"article:publisher\" content=\"https:\/\/www.facebook.com\/Radiio-Ljubuski-1490835324566332\" \/>\n<meta property=\"article:published_time\" content=\"2022-07-25T11:16:29+00:00\" \/>\n<meta property=\"article:modified_time\" content=\"2022-07-25T11:16:30+00:00\" \/>\n<meta property=\"og:image\" content=\"https:\/\/radioljubuski.ba\/wp-content\/uploads\/2022\/07\/iStock-942163402-696x465-1.jpg\" \/>\n\t<meta property=\"og:image:width\" content=\"696\" \/>\n\t<meta property=\"og:image:height\" content=\"465\" \/>\n\t<meta property=\"og:image:type\" content=\"image\/jpeg\" \/>\n<meta name=\"author\" content=\"Radio Ljubu\u0161ki\" \/>\n<meta name=\"twitter:card\" content=\"summary_large_image\" \/>\n<meta name=\"twitter:creator\" content=\"@radioljubuski\" \/>\n<meta name=\"twitter:site\" content=\"@radioljubuski\" \/>\n<meta name=\"twitter:label1\" content=\"Napisao\/la\" \/>\n\t<meta name=\"twitter:data1\" content=\"Radio Ljubu\u0161ki\" \/>\n\t<meta name=\"twitter:label2\" content=\"Procijenjeno vrijeme \u010ditanja\" \/>\n\t<meta name=\"twitter:data2\" content=\"4 minute\" \/>\n<script type=\"application\/ld+json\" class=\"yoast-schema-graph\">{\"@context\":\"https:\\\/\\\/schema.org\",\"@graph\":[{\"@type\":\"Article\",\"@id\":\"https:\\\/\\\/radioljubuski.ba\\\/index.php\\\/2022\\\/07\\\/25\\\/osmasi-navalili-na-obrtnicke-skole-evo-u-koju-struku-masovno-hrle\\\/#article\",\"isPartOf\":{\"@id\":\"https:\\\/\\\/radioljubuski.ba\\\/index.php\\\/2022\\\/07\\\/25\\\/osmasi-navalili-na-obrtnicke-skole-evo-u-koju-struku-masovno-hrle\\\/\"},\"author\":{\"name\":\"Radio Ljubu\u0161ki\",\"@id\":\"https:\\\/\\\/radioljubuski.ba\\\/#\\\/schema\\\/person\\\/19fc700381a780f69665d7956c469e3b\"},\"headline\":\"Osma\u0161i navalili na obrtni\u010dke \u0161kole: Evo u koju struku masovno hrle\",\"datePublished\":\"2022-07-25T11:16:29+00:00\",\"dateModified\":\"2022-07-25T11:16:30+00:00\",\"mainEntityOfPage\":{\"@id\":\"https:\\\/\\\/radioljubuski.ba\\\/index.php\\\/2022\\\/07\\\/25\\\/osmasi-navalili-na-obrtnicke-skole-evo-u-koju-struku-masovno-hrle\\\/\"},\"wordCount\":789,\"publisher\":{\"@id\":\"https:\\\/\\\/radioljubuski.ba\\\/#organization\"},\"image\":{\"@id\":\"https:\\\/\\\/radioljubuski.ba\\\/index.php\\\/2022\\\/07\\\/25\\\/osmasi-navalili-na-obrtnicke-skole-evo-u-koju-struku-masovno-hrle\\\/#primaryimage\"},\"thumbnailUrl\":\"https:\\\/\\\/radioljubuski.ba\\\/wp-content\\\/uploads\\\/2022\\\/07\\\/iStock-942163402-696x465-1.jpg\",\"articleSection\":[\"BIH i regija\"],\"inLanguage\":\"hr\"},{\"@type\":\"WebPage\",\"@id\":\"https:\\\/\\\/radioljubuski.ba\\\/index.php\\\/2022\\\/07\\\/25\\\/osmasi-navalili-na-obrtnicke-skole-evo-u-koju-struku-masovno-hrle\\\/\",\"url\":\"https:\\\/\\\/radioljubuski.ba\\\/index.php\\\/2022\\\/07\\\/25\\\/osmasi-navalili-na-obrtnicke-skole-evo-u-koju-struku-masovno-hrle\\\/\",\"name\":\"Osma\u0161i navalili na obrtni\u010dke \u0161kole: Evo u koju struku masovno hrle - RADIO LJUBU\u0160KI\",\"isPartOf\":{\"@id\":\"https:\\\/\\\/radioljubuski.ba\\\/#website\"},\"primaryImageOfPage\":{\"@id\":\"https:\\\/\\\/radioljubuski.ba\\\/index.php\\\/2022\\\/07\\\/25\\\/osmasi-navalili-na-obrtnicke-skole-evo-u-koju-struku-masovno-hrle\\\/#primaryimage\"},\"image\":{\"@id\":\"https:\\\/\\\/radioljubuski.ba\\\/index.php\\\/2022\\\/07\\\/25\\\/osmasi-navalili-na-obrtnicke-skole-evo-u-koju-struku-masovno-hrle\\\/#primaryimage\"},\"thumbnailUrl\":\"https:\\\/\\\/radioljubuski.ba\\\/wp-content\\\/uploads\\\/2022\\\/07\\\/iStock-942163402-696x465-1.jpg\",\"datePublished\":\"2022-07-25T11:16:29+00:00\",\"dateModified\":\"2022-07-25T11:16:30+00:00\",\"breadcrumb\":{\"@id\":\"https:\\\/\\\/radioljubuski.ba\\\/index.php\\\/2022\\\/07\\\/25\\\/osmasi-navalili-na-obrtnicke-skole-evo-u-koju-struku-masovno-hrle\\\/#breadcrumb\"},\"inLanguage\":\"hr\",\"potentialAction\":[{\"@type\":\"ReadAction\",\"target\":[\"https:\\\/\\\/radioljubuski.ba\\\/index.php\\\/2022\\\/07\\\/25\\\/osmasi-navalili-na-obrtnicke-skole-evo-u-koju-struku-masovno-hrle\\\/\"]}]},{\"@type\":\"ImageObject\",\"inLanguage\":\"hr\",\"@id\":\"https:\\\/\\\/radioljubuski.ba\\\/index.php\\\/2022\\\/07\\\/25\\\/osmasi-navalili-na-obrtnicke-skole-evo-u-koju-struku-masovno-hrle\\\/#primaryimage\",\"url\":\"https:\\\/\\\/radioljubuski.ba\\\/wp-content\\\/uploads\\\/2022\\\/07\\\/iStock-942163402-696x465-1.jpg\",\"contentUrl\":\"https:\\\/\\\/radioljubuski.ba\\\/wp-content\\\/uploads\\\/2022\\\/07\\\/iStock-942163402-696x465-1.jpg\",\"width\":696,\"height\":465},{\"@type\":\"BreadcrumbList\",\"@id\":\"https:\\\/\\\/radioljubuski.ba\\\/index.php\\\/2022\\\/07\\\/25\\\/osmasi-navalili-na-obrtnicke-skole-evo-u-koju-struku-masovno-hrle\\\/#breadcrumb\",\"itemListElement\":[{\"@type\":\"ListItem\",\"position\":1,\"name\":\"Po\u010detna stranica\",\"item\":\"https:\\\/\\\/radioljubuski.ba\\\/\"},{\"@type\":\"ListItem\",\"position\":2,\"name\":\"Osma\u0161i navalili na obrtni\u010dke \u0161kole: Evo u koju struku masovno hrle\"}]},{\"@type\":\"WebSite\",\"@id\":\"https:\\\/\\\/radioljubuski.ba\\\/#website\",\"url\":\"https:\\\/\\\/radioljubuski.ba\\\/\",\"name\":\"Radio Ljubu\u0161ki\",\"description\":\"Sun\u010dana frekvencija Hercegovine\",\"publisher\":{\"@id\":\"https:\\\/\\\/radioljubuski.ba\\\/#organization\"},\"potentialAction\":[{\"@type\":\"SearchAction\",\"target\":{\"@type\":\"EntryPoint\",\"urlTemplate\":\"https:\\\/\\\/radioljubuski.ba\\\/?s={search_term_string}\"},\"query-input\":{\"@type\":\"PropertyValueSpecification\",\"valueRequired\":true,\"valueName\":\"search_term_string\"}}],\"inLanguage\":\"hr\"},{\"@type\":\"Organization\",\"@id\":\"https:\\\/\\\/radioljubuski.ba\\\/#organization\",\"name\":\"Radio Ljubu\u0161ki\",\"url\":\"https:\\\/\\\/radioljubuski.ba\\\/\",\"logo\":{\"@type\":\"ImageObject\",\"inLanguage\":\"hr\",\"@id\":\"https:\\\/\\\/radioljubuski.ba\\\/#\\\/schema\\\/logo\\\/image\\\/\",\"url\":\"https:\\\/\\\/radioljubuski.ba\\\/wp-content\\\/uploads\\\/2021\\\/02\\\/cropped-Radio_Ljubuski_logo1.jpg\",\"contentUrl\":\"https:\\\/\\\/radioljubuski.ba\\\/wp-content\\\/uploads\\\/2021\\\/02\\\/cropped-Radio_Ljubuski_logo1.jpg\",\"width\":512,\"height\":512,\"caption\":\"Radio Ljubu\u0161ki\"},\"image\":{\"@id\":\"https:\\\/\\\/radioljubuski.ba\\\/#\\\/schema\\\/logo\\\/image\\\/\"},\"sameAs\":[\"https:\\\/\\\/www.facebook.com\\\/Radiio-Ljubuski-1490835324566332\",\"https:\\\/\\\/x.com\\\/radioljubuski\",\"https:\\\/\\\/hr.linkedin.com\\\/company\\\/radio-ljubuski\",\"https:\\\/\\\/www.youtube.com\\\/channel\\\/UCHYaeO_n0Db3tjNGudGpXyw\"]},{\"@type\":\"Person\",\"@id\":\"https:\\\/\\\/radioljubuski.ba\\\/#\\\/schema\\\/person\\\/19fc700381a780f69665d7956c469e3b\",\"name\":\"Radio Ljubu\u0161ki\"}]}<\/script>\n<!-- \/ Yoast SEO plugin. -->","yoast_head_json":{"title":"Osma\u0161i navalili na obrtni\u010dke \u0161kole: Evo u koju struku masovno hrle - RADIO LJUBU\u0160KI","robots":{"index":"index","follow":"follow","max-snippet":"max-snippet:-1","max-image-preview":"max-image-preview:large","max-video-preview":"max-video-preview:-1"},"canonical":"https:\/\/radioljubuski.ba\/index.php\/2022\/07\/25\/osmasi-navalili-na-obrtnicke-skole-evo-u-koju-struku-masovno-hrle\/","og_locale":"hr_HR","og_type":"article","og_title":"Osma\u0161i navalili na obrtni\u010dke \u0161kole: Evo u koju struku masovno hrle - RADIO LJUBU\u0160KI","og_description":"Anto Vidovi\u0107, dugogodi\u0161nji ravnatelj Obrtni\u010dke i industrijske graditeljske \u0161kole u Novom Zagrebu, ne pamti da je ikada u ljetnom roku imao popunjenu upisnu kvotu. Za upis u\u010denika u prvi razred 15 trogodi\u0161njih obrtni\u010dkih programa, s ukupno 144 mjesta, prijavila su se \u010dak 853 kandidata. Ravnatelj je prvo mislio da je rije\u010d o pogre\u0161ci u sustavu, [&hellip;]","og_url":"https:\/\/radioljubuski.ba\/index.php\/2022\/07\/25\/osmasi-navalili-na-obrtnicke-skole-evo-u-koju-struku-masovno-hrle\/","og_site_name":"RADIO LJUBU\u0160KI","article_publisher":"https:\/\/www.facebook.com\/Radiio-Ljubuski-1490835324566332","article_published_time":"2022-07-25T11:16:29+00:00","article_modified_time":"2022-07-25T11:16:30+00:00","og_image":[{"width":696,"height":465,"url":"https:\/\/radioljubuski.ba\/wp-content\/uploads\/2022\/07\/iStock-942163402-696x465-1.jpg","type":"image\/jpeg"}],"author":"Radio Ljubu\u0161ki","twitter_card":"summary_large_image","twitter_creator":"@radioljubuski","twitter_site":"@radioljubuski","twitter_misc":{"Napisao\/la":"Radio Ljubu\u0161ki","Procijenjeno vrijeme \u010ditanja":"4 minute"},"schema":{"@context":"https:\/\/schema.org","@graph":[{"@type":"Article","@id":"https:\/\/radioljubuski.ba\/index.php\/2022\/07\/25\/osmasi-navalili-na-obrtnicke-skole-evo-u-koju-struku-masovno-hrle\/#article","isPartOf":{"@id":"https:\/\/radioljubuski.ba\/index.php\/2022\/07\/25\/osmasi-navalili-na-obrtnicke-skole-evo-u-koju-struku-masovno-hrle\/"},"author":{"name":"Radio Ljubu\u0161ki","@id":"https:\/\/radioljubuski.ba\/#\/schema\/person\/19fc700381a780f69665d7956c469e3b"},"headline":"Osma\u0161i navalili na obrtni\u010dke \u0161kole: Evo u koju struku masovno hrle","datePublished":"2022-07-25T11:16:29+00:00","dateModified":"2022-07-25T11:16:30+00:00","mainEntityOfPage":{"@id":"https:\/\/radioljubuski.ba\/index.php\/2022\/07\/25\/osmasi-navalili-na-obrtnicke-skole-evo-u-koju-struku-masovno-hrle\/"},"wordCount":789,"publisher":{"@id":"https:\/\/radioljubuski.ba\/#organization"},"image":{"@id":"https:\/\/radioljubuski.ba\/index.php\/2022\/07\/25\/osmasi-navalili-na-obrtnicke-skole-evo-u-koju-struku-masovno-hrle\/#primaryimage"},"thumbnailUrl":"https:\/\/radioljubuski.ba\/wp-content\/uploads\/2022\/07\/iStock-942163402-696x465-1.jpg","articleSection":["BIH i regija"],"inLanguage":"hr"},{"@type":"WebPage","@id":"https:\/\/radioljubuski.ba\/index.php\/2022\/07\/25\/osmasi-navalili-na-obrtnicke-skole-evo-u-koju-struku-masovno-hrle\/","url":"https:\/\/radioljubuski.ba\/index.php\/2022\/07\/25\/osmasi-navalili-na-obrtnicke-skole-evo-u-koju-struku-masovno-hrle\/","name":"Osma\u0161i navalili na obrtni\u010dke \u0161kole: Evo u koju struku masovno hrle - RADIO LJUBU\u0160KI","isPartOf":{"@id":"https:\/\/radioljubuski.ba\/#website"},"primaryImageOfPage":{"@id":"https:\/\/radioljubuski.ba\/index.php\/2022\/07\/25\/osmasi-navalili-na-obrtnicke-skole-evo-u-koju-struku-masovno-hrle\/#primaryimage"},"image":{"@id":"https:\/\/radioljubuski.ba\/index.php\/2022\/07\/25\/osmasi-navalili-na-obrtnicke-skole-evo-u-koju-struku-masovno-hrle\/#primaryimage"},"thumbnailUrl":"https:\/\/radioljubuski.ba\/wp-content\/uploads\/2022\/07\/iStock-942163402-696x465-1.jpg","datePublished":"2022-07-25T11:16:29+00:00","dateModified":"2022-07-25T11:16:30+00:00","breadcrumb":{"@id":"https:\/\/radioljubuski.ba\/index.php\/2022\/07\/25\/osmasi-navalili-na-obrtnicke-skole-evo-u-koju-struku-masovno-hrle\/#breadcrumb"},"inLanguage":"hr","potentialAction":[{"@type":"ReadAction","target":["https:\/\/radioljubuski.ba\/index.php\/2022\/07\/25\/osmasi-navalili-na-obrtnicke-skole-evo-u-koju-struku-masovno-hrle\/"]}]},{"@type":"ImageObject","inLanguage":"hr","@id":"https:\/\/radioljubuski.ba\/index.php\/2022\/07\/25\/osmasi-navalili-na-obrtnicke-skole-evo-u-koju-struku-masovno-hrle\/#primaryimage","url":"https:\/\/radioljubuski.ba\/wp-content\/uploads\/2022\/07\/iStock-942163402-696x465-1.jpg","contentUrl":"https:\/\/radioljubuski.ba\/wp-content\/uploads\/2022\/07\/iStock-942163402-696x465-1.jpg","width":696,"height":465},{"@type":"BreadcrumbList","@id":"https:\/\/radioljubuski.ba\/index.php\/2022\/07\/25\/osmasi-navalili-na-obrtnicke-skole-evo-u-koju-struku-masovno-hrle\/#breadcrumb","itemListElement":[{"@type":"ListItem","position":1,"name":"Po\u010detna stranica","item":"https:\/\/radioljubuski.ba\/"},{"@type":"ListItem","position":2,"name":"Osma\u0161i navalili na obrtni\u010dke \u0161kole: Evo u koju struku masovno hrle"}]},{"@type":"WebSite","@id":"https:\/\/radioljubuski.ba\/#website","url":"https:\/\/radioljubuski.ba\/","name":"Radio Ljubu\u0161ki","description":"Sun\u010dana frekvencija Hercegovine","publisher":{"@id":"https:\/\/radioljubuski.ba\/#organization"},"potentialAction":[{"@type":"SearchAction","target":{"@type":"EntryPoint","urlTemplate":"https:\/\/radioljubuski.ba\/?s={search_term_string}"},"query-input":{"@type":"PropertyValueSpecification","valueRequired":true,"valueName":"search_term_string"}}],"inLanguage":"hr"},{"@type":"Organization","@id":"https:\/\/radioljubuski.ba\/#organization","name":"Radio Ljubu\u0161ki","url":"https:\/\/radioljubuski.ba\/","logo":{"@type":"ImageObject","inLanguage":"hr","@id":"https:\/\/radioljubuski.ba\/#\/schema\/logo\/image\/","url":"https:\/\/radioljubuski.ba\/wp-content\/uploads\/2021\/02\/cropped-Radio_Ljubuski_logo1.jpg","contentUrl":"https:\/\/radioljubuski.ba\/wp-content\/uploads\/2021\/02\/cropped-Radio_Ljubuski_logo1.jpg","width":512,"height":512,"caption":"Radio Ljubu\u0161ki"},"image":{"@id":"https:\/\/radioljubuski.ba\/#\/schema\/logo\/image\/"},"sameAs":["https:\/\/www.facebook.com\/Radiio-Ljubuski-1490835324566332","https:\/\/x.com\/radioljubuski","https:\/\/hr.linkedin.com\/company\/radio-ljubuski","https:\/\/www.youtube.com\/channel\/UCHYaeO_n0Db3tjNGudGpXyw"]},{"@type":"Person","@id":"https:\/\/radioljubuski.ba\/#\/schema\/person\/19fc700381a780f69665d7956c469e3b","name":"Radio Ljubu\u0161ki"}]}},"_links":{"self":[{"href":"https:\/\/radioljubuski.ba\/index.php\/wp-json\/wp\/v2\/posts\/163271","targetHints":{"allow":["GET"]}}],"collection":[{"href":"https:\/\/radioljubuski.ba\/index.php\/wp-json\/wp\/v2\/posts"}],"about":[{"href":"https:\/\/radioljubuski.ba\/index.php\/wp-json\/wp\/v2\/types\/post"}],"author":[{"embeddable":true,"href":"https:\/\/radioljubuski.ba\/index.php\/wp-json\/wp\/v2\/users\/2"}],"replies":[{"embeddable":true,"href":"https:\/\/radioljubuski.ba\/index.php\/wp-json\/wp\/v2\/comments?post=163271"}],"version-history":[{"count":1,"href":"https:\/\/radioljubuski.ba\/index.php\/wp-json\/wp\/v2\/posts\/163271\/revisions"}],"predecessor-version":[{"id":163275,"href":"https:\/\/radioljubuski.ba\/index.php\/wp-json\/wp\/v2\/posts\/163271\/revisions\/163275"}],"wp:featuredmedia":[{"embeddable":true,"href":"https:\/\/radioljubuski.ba\/index.php\/wp-json\/wp\/v2\/media\/163274"}],"wp:attachment":[{"href":"https:\/\/radioljubuski.ba\/index.php\/wp-json\/wp\/v2\/media?parent=163271"}],"wp:term":[{"taxonomy":"category","embeddable":true,"href":"https:\/\/radioljubuski.ba\/index.php\/wp-json\/wp\/v2\/categories?post=163271"},{"taxonomy":"post_tag","embeddable":true,"href":"https:\/\/radioljubuski.ba\/index.php\/wp-json\/wp\/v2\/tags?post=163271"}],"curies":[{"name":"wp","href":"https:\/\/api.w.org\/{rel}","templated":true}]}}