{"id":163279,"date":"2022-07-25T12:20:13","date_gmt":"2022-07-25T11:20:13","guid":{"rendered":"https:\/\/radioljubuski.ba\/?p=163279"},"modified":"2022-07-25T12:20:14","modified_gmt":"2022-07-25T11:20:14","slug":"spanjolska-odbila-prijedlog-bruxellesa-da-sve-clanice-eu-smanje-potrosnju-plina-za-15-posto","status":"publish","type":"post","link":"https:\/\/radioljubuski.ba\/index.php\/2022\/07\/25\/spanjolska-odbila-prijedlog-bruxellesa-da-sve-clanice-eu-smanje-potrosnju-plina-za-15-posto\/","title":{"rendered":"\u0160panjolska odbila prijedlog Bruxellesa da sve \u010dlanice EU smanje potro\u0161nju plina za 15 posto"},"content":{"rendered":"\n<p>\u0160panjolska je krenula u napad na najnoviji prijedlog Bruxellesa koji predla\u017ee da sve europske zemlje smanje potro\u0161nju plina za 15 posto do sljede\u0107eg prolje\u0107a, bez obzira na stupanj njihove izlo\u017eenosti Rusiji.<\/p>\n\n\n\n<p>\u201cNe mo\u017eemo pretpostaviti nerazmjernu \u017ertvu o kojoj nas nisu \u010dak ni pitali za prethodno mi\u0161ljenje\u201d, rekla je tre\u0107a potpredsjednica i ministrica za ekolo\u0161ku tranziciju, Teresa Ribera, na tiskovnoj konferenciji odr\u017eanoj nekoliko sati nakon \u0161to je Europska komisija otkrila plan koji ne smatra \u201cni naju\u010dinkovitijim, ni najpravednijim\u201d, prenosi <a href=\"https:\/\/elpais.com\/economia\/2022-07-20\/espana-rechaza-la-propuesta-de-bruselas-de-recortar-un-15-el-consumo-de-gas.html\">El Pais<\/a>. \u0160to god se dogodilo, poru\u010dila je, \u201c\u0161panjolske obitelji ne\u0107e trpjeti nestanak plina ili struje u svojim domovima.\u201d<\/p>\n\n\n\n<h3 class=\"wp-block-heading\"><strong>\u0160panjolska mo\u017ee pokriti 30 % LNG-a u Europi<\/strong><\/h3>\n\n\n\n<p>\u0160panjolska, navodi, brani europske vrijednosti i solidarizirat \u0107e se s ostatkom Unije, \u201cali ne nau\u0161trb doma\u0107ih i industrijskih potro\u0161a\u010da\u201d, koji ve\u0107 du\u017ee vrijeme pla\u0107aju \u201cvrlo visok ra\u010dun\u201d i koji \u201cne zaslu\u017euju ograni\u010denja niti racionalizaciju.\u201d \u201c\u0160panjolska je zemlja predana solidarnosti, ali moramo vidjeti koji je najbolji na\u010din da ponudimo solidarnost, \u0161to je vjerojatno vi\u0161e povezano sa sposobno\u0161\u0107u kori\u0161tenja na\u0161e infrastrukture za potporu dr\u017eavama \u010dlanicama koje su ovisile o plinu koji je stizao plinovodom.\u201d<\/p>\n\n\n\n<p>Riberine izjave, u kojima je kori\u0161ten neuobi\u010dajeno o\u0161tar ton na prijedlog Bruxellesa, dolaze nekoliko sati nakon \u0161to su du\u017enosnici zajednice predlo\u017eili linearno smanjenje potro\u0161nje plina usprkos Putinovim prijetnjama, bez razlike me\u0111u zemljama. To je ne\u0161to zapanjuju\u0107e, budu\u0107i da je ovisnost o euroazijskom divu vrlo varijabilna izme\u0111u pojedinih zemalja, ali argument EU je da bi to oslobodilo izvozne kapacitete alternativnih dobavlja\u010da Rusiji.<\/p>\n\n\n\n<p>\u201c\u0160panjolska mo\u017ee imati ulogu \u201cvrata\u201d za vi\u0161e od 30% ukapljenog prirodnog plina (LNG) u Europu, s infrastrukturom spremnom za podr\u0161ku susjedima. \u201c\u0160panjolska je obavila svoju doma\u0107u zada\u0107u u ovom podru\u010dju, pla\u0107aju\u0107i vi\u0161e od mnogih europskih partnera, i opire se nametanju obveza iznad onoga \u0161to odgovara nama i \u0161to se tra\u017ei od drugih partnera u zajednici u smislu napora\u201d, poru\u010dila je ministrica.<\/p>\n\n\n\n<p><em>Izvor: narod.hr\/El Pais<\/em><\/p>\n","protected":false},"excerpt":{"rendered":"<p>\u0160panjolska je krenula u napad na najnoviji prijedlog Bruxellesa koji predla\u017ee da sve europske zemlje smanje potro\u0161nju plina za 15 posto do sljede\u0107eg prolje\u0107a, bez obzira na stupanj njihove izlo\u017eenosti Rusiji. \u201cNe mo\u017eemo pretpostaviti nerazmjernu \u017ertvu o kojoj nas nisu \u010dak ni pitali za prethodno mi\u0161ljenje\u201d, rekla je tre\u0107a potpredsjednica i ministrica za ekolo\u0161ku tranziciju, [&hellip;]<\/p>\n","protected":false},"author":2,"featured_media":163280,"comment_status":"closed","ping_status":"closed","sticky":false,"template":"","format":"standard","meta":{"h5ap_radio_sources":[],"footnotes":""},"categories":[1],"tags":[],"class_list":["post-163279","post","type-post","status-publish","format-standard","has-post-thumbnail","hentry","category-bihiregija"],"yoast_head":"<!-- This site is optimized with the Yoast SEO plugin v27.5 - https:\/\/yoast.com\/product\/yoast-seo-wordpress\/ -->\n<title>\u0160panjolska odbila prijedlog Bruxellesa da sve \u010dlanice EU smanje potro\u0161nju plina za 15 posto - RADIO LJUBU\u0160KI<\/title>\n<meta name=\"robots\" content=\"index, follow, max-snippet:-1, max-image-preview:large, max-video-preview:-1\" \/>\n<link rel=\"canonical\" href=\"https:\/\/radioljubuski.ba\/index.php\/2022\/07\/25\/spanjolska-odbila-prijedlog-bruxellesa-da-sve-clanice-eu-smanje-potrosnju-plina-za-15-posto\/\" \/>\n<meta property=\"og:locale\" content=\"hr_HR\" \/>\n<meta property=\"og:type\" content=\"article\" \/>\n<meta property=\"og:title\" content=\"\u0160panjolska odbila prijedlog Bruxellesa da sve \u010dlanice EU smanje potro\u0161nju plina za 15 posto - RADIO LJUBU\u0160KI\" \/>\n<meta property=\"og:description\" content=\"\u0160panjolska je krenula u napad na najnoviji prijedlog Bruxellesa koji predla\u017ee da sve europske zemlje smanje potro\u0161nju plina za 15 posto do sljede\u0107eg prolje\u0107a, bez obzira na stupanj njihove izlo\u017eenosti Rusiji. \u201cNe mo\u017eemo pretpostaviti nerazmjernu \u017ertvu o kojoj nas nisu \u010dak ni pitali za prethodno mi\u0161ljenje\u201d, rekla je tre\u0107a potpredsjednica i ministrica za ekolo\u0161ku tranziciju, [&hellip;]\" \/>\n<meta property=\"og:url\" content=\"https:\/\/radioljubuski.ba\/index.php\/2022\/07\/25\/spanjolska-odbila-prijedlog-bruxellesa-da-sve-clanice-eu-smanje-potrosnju-plina-za-15-posto\/\" \/>\n<meta property=\"og:site_name\" content=\"RADIO LJUBU\u0160KI\" \/>\n<meta property=\"article:publisher\" content=\"https:\/\/www.facebook.com\/Radiio-Ljubuski-1490835324566332\" \/>\n<meta property=\"article:published_time\" content=\"2022-07-25T11:20:13+00:00\" \/>\n<meta property=\"article:modified_time\" content=\"2022-07-25T11:20:14+00:00\" \/>\n<meta property=\"og:image\" content=\"https:\/\/radioljubuski.ba\/wp-content\/uploads\/2022\/07\/1624px-Teresa_Ribera_Consejo_de_Ministros_de_5_de_octubre_de_2018-696x463-1.jpg\" \/>\n\t<meta property=\"og:image:width\" content=\"696\" \/>\n\t<meta property=\"og:image:height\" content=\"463\" \/>\n\t<meta property=\"og:image:type\" content=\"image\/jpeg\" \/>\n<meta name=\"author\" content=\"Radio Ljubu\u0161ki\" \/>\n<meta name=\"twitter:card\" content=\"summary_large_image\" \/>\n<meta name=\"twitter:creator\" content=\"@radioljubuski\" \/>\n<meta name=\"twitter:site\" content=\"@radioljubuski\" \/>\n<meta name=\"twitter:label1\" content=\"Napisao\/la\" \/>\n\t<meta name=\"twitter:data1\" content=\"Radio Ljubu\u0161ki\" \/>\n\t<meta name=\"twitter:label2\" content=\"Procijenjeno vrijeme \u010ditanja\" \/>\n\t<meta name=\"twitter:data2\" content=\"2 minute\" \/>\n<script type=\"application\/ld+json\" class=\"yoast-schema-graph\">{\"@context\":\"https:\\\/\\\/schema.org\",\"@graph\":[{\"@type\":\"Article\",\"@id\":\"https:\\\/\\\/radioljubuski.ba\\\/index.php\\\/2022\\\/07\\\/25\\\/spanjolska-odbila-prijedlog-bruxellesa-da-sve-clanice-eu-smanje-potrosnju-plina-za-15-posto\\\/#article\",\"isPartOf\":{\"@id\":\"https:\\\/\\\/radioljubuski.ba\\\/index.php\\\/2022\\\/07\\\/25\\\/spanjolska-odbila-prijedlog-bruxellesa-da-sve-clanice-eu-smanje-potrosnju-plina-za-15-posto\\\/\"},\"author\":{\"name\":\"Radio Ljubu\u0161ki\",\"@id\":\"https:\\\/\\\/radioljubuski.ba\\\/#\\\/schema\\\/person\\\/19fc700381a780f69665d7956c469e3b\"},\"headline\":\"\u0160panjolska odbila prijedlog Bruxellesa da sve \u010dlanice EU smanje potro\u0161nju plina za 15 posto\",\"datePublished\":\"2022-07-25T11:20:13+00:00\",\"dateModified\":\"2022-07-25T11:20:14+00:00\",\"mainEntityOfPage\":{\"@id\":\"https:\\\/\\\/radioljubuski.ba\\\/index.php\\\/2022\\\/07\\\/25\\\/spanjolska-odbila-prijedlog-bruxellesa-da-sve-clanice-eu-smanje-potrosnju-plina-za-15-posto\\\/\"},\"wordCount\":366,\"publisher\":{\"@id\":\"https:\\\/\\\/radioljubuski.ba\\\/#organization\"},\"image\":{\"@id\":\"https:\\\/\\\/radioljubuski.ba\\\/index.php\\\/2022\\\/07\\\/25\\\/spanjolska-odbila-prijedlog-bruxellesa-da-sve-clanice-eu-smanje-potrosnju-plina-za-15-posto\\\/#primaryimage\"},\"thumbnailUrl\":\"https:\\\/\\\/radioljubuski.ba\\\/wp-content\\\/uploads\\\/2022\\\/07\\\/1624px-Teresa_Ribera_Consejo_de_Ministros_de_5_de_octubre_de_2018-696x463-1.jpg\",\"articleSection\":[\"BIH i regija\"],\"inLanguage\":\"hr\"},{\"@type\":\"WebPage\",\"@id\":\"https:\\\/\\\/radioljubuski.ba\\\/index.php\\\/2022\\\/07\\\/25\\\/spanjolska-odbila-prijedlog-bruxellesa-da-sve-clanice-eu-smanje-potrosnju-plina-za-15-posto\\\/\",\"url\":\"https:\\\/\\\/radioljubuski.ba\\\/index.php\\\/2022\\\/07\\\/25\\\/spanjolska-odbila-prijedlog-bruxellesa-da-sve-clanice-eu-smanje-potrosnju-plina-za-15-posto\\\/\",\"name\":\"\u0160panjolska odbila prijedlog Bruxellesa da sve \u010dlanice EU smanje potro\u0161nju plina za 15 posto - RADIO LJUBU\u0160KI\",\"isPartOf\":{\"@id\":\"https:\\\/\\\/radioljubuski.ba\\\/#website\"},\"primaryImageOfPage\":{\"@id\":\"https:\\\/\\\/radioljubuski.ba\\\/index.php\\\/2022\\\/07\\\/25\\\/spanjolska-odbila-prijedlog-bruxellesa-da-sve-clanice-eu-smanje-potrosnju-plina-za-15-posto\\\/#primaryimage\"},\"image\":{\"@id\":\"https:\\\/\\\/radioljubuski.ba\\\/index.php\\\/2022\\\/07\\\/25\\\/spanjolska-odbila-prijedlog-bruxellesa-da-sve-clanice-eu-smanje-potrosnju-plina-za-15-posto\\\/#primaryimage\"},\"thumbnailUrl\":\"https:\\\/\\\/radioljubuski.ba\\\/wp-content\\\/uploads\\\/2022\\\/07\\\/1624px-Teresa_Ribera_Consejo_de_Ministros_de_5_de_octubre_de_2018-696x463-1.jpg\",\"datePublished\":\"2022-07-25T11:20:13+00:00\",\"dateModified\":\"2022-07-25T11:20:14+00:00\",\"breadcrumb\":{\"@id\":\"https:\\\/\\\/radioljubuski.ba\\\/index.php\\\/2022\\\/07\\\/25\\\/spanjolska-odbila-prijedlog-bruxellesa-da-sve-clanice-eu-smanje-potrosnju-plina-za-15-posto\\\/#breadcrumb\"},\"inLanguage\":\"hr\",\"potentialAction\":[{\"@type\":\"ReadAction\",\"target\":[\"https:\\\/\\\/radioljubuski.ba\\\/index.php\\\/2022\\\/07\\\/25\\\/spanjolska-odbila-prijedlog-bruxellesa-da-sve-clanice-eu-smanje-potrosnju-plina-za-15-posto\\\/\"]}]},{\"@type\":\"ImageObject\",\"inLanguage\":\"hr\",\"@id\":\"https:\\\/\\\/radioljubuski.ba\\\/index.php\\\/2022\\\/07\\\/25\\\/spanjolska-odbila-prijedlog-bruxellesa-da-sve-clanice-eu-smanje-potrosnju-plina-za-15-posto\\\/#primaryimage\",\"url\":\"https:\\\/\\\/radioljubuski.ba\\\/wp-content\\\/uploads\\\/2022\\\/07\\\/1624px-Teresa_Ribera_Consejo_de_Ministros_de_5_de_octubre_de_2018-696x463-1.jpg\",\"contentUrl\":\"https:\\\/\\\/radioljubuski.ba\\\/wp-content\\\/uploads\\\/2022\\\/07\\\/1624px-Teresa_Ribera_Consejo_de_Ministros_de_5_de_octubre_de_2018-696x463-1.jpg\",\"width\":696,\"height\":463},{\"@type\":\"BreadcrumbList\",\"@id\":\"https:\\\/\\\/radioljubuski.ba\\\/index.php\\\/2022\\\/07\\\/25\\\/spanjolska-odbila-prijedlog-bruxellesa-da-sve-clanice-eu-smanje-potrosnju-plina-za-15-posto\\\/#breadcrumb\",\"itemListElement\":[{\"@type\":\"ListItem\",\"position\":1,\"name\":\"Po\u010detna stranica\",\"item\":\"https:\\\/\\\/radioljubuski.ba\\\/\"},{\"@type\":\"ListItem\",\"position\":2,\"name\":\"\u0160panjolska odbila prijedlog Bruxellesa da sve \u010dlanice EU smanje potro\u0161nju plina za 15 posto\"}]},{\"@type\":\"WebSite\",\"@id\":\"https:\\\/\\\/radioljubuski.ba\\\/#website\",\"url\":\"https:\\\/\\\/radioljubuski.ba\\\/\",\"name\":\"Radio Ljubu\u0161ki\",\"description\":\"Sun\u010dana frekvencija Hercegovine\",\"publisher\":{\"@id\":\"https:\\\/\\\/radioljubuski.ba\\\/#organization\"},\"potentialAction\":[{\"@type\":\"SearchAction\",\"target\":{\"@type\":\"EntryPoint\",\"urlTemplate\":\"https:\\\/\\\/radioljubuski.ba\\\/?s={search_term_string}\"},\"query-input\":{\"@type\":\"PropertyValueSpecification\",\"valueRequired\":true,\"valueName\":\"search_term_string\"}}],\"inLanguage\":\"hr\"},{\"@type\":\"Organization\",\"@id\":\"https:\\\/\\\/radioljubuski.ba\\\/#organization\",\"name\":\"Radio Ljubu\u0161ki\",\"url\":\"https:\\\/\\\/radioljubuski.ba\\\/\",\"logo\":{\"@type\":\"ImageObject\",\"inLanguage\":\"hr\",\"@id\":\"https:\\\/\\\/radioljubuski.ba\\\/#\\\/schema\\\/logo\\\/image\\\/\",\"url\":\"https:\\\/\\\/radioljubuski.ba\\\/wp-content\\\/uploads\\\/2021\\\/02\\\/cropped-Radio_Ljubuski_logo1.jpg\",\"contentUrl\":\"https:\\\/\\\/radioljubuski.ba\\\/wp-content\\\/uploads\\\/2021\\\/02\\\/cropped-Radio_Ljubuski_logo1.jpg\",\"width\":512,\"height\":512,\"caption\":\"Radio Ljubu\u0161ki\"},\"image\":{\"@id\":\"https:\\\/\\\/radioljubuski.ba\\\/#\\\/schema\\\/logo\\\/image\\\/\"},\"sameAs\":[\"https:\\\/\\\/www.facebook.com\\\/Radiio-Ljubuski-1490835324566332\",\"https:\\\/\\\/x.com\\\/radioljubuski\",\"https:\\\/\\\/hr.linkedin.com\\\/company\\\/radio-ljubuski\",\"https:\\\/\\\/www.youtube.com\\\/channel\\\/UCHYaeO_n0Db3tjNGudGpXyw\"]},{\"@type\":\"Person\",\"@id\":\"https:\\\/\\\/radioljubuski.ba\\\/#\\\/schema\\\/person\\\/19fc700381a780f69665d7956c469e3b\",\"name\":\"Radio Ljubu\u0161ki\"}]}<\/script>\n<!-- \/ Yoast SEO plugin. -->","yoast_head_json":{"title":"\u0160panjolska odbila prijedlog Bruxellesa da sve \u010dlanice EU smanje potro\u0161nju plina za 15 posto - RADIO LJUBU\u0160KI","robots":{"index":"index","follow":"follow","max-snippet":"max-snippet:-1","max-image-preview":"max-image-preview:large","max-video-preview":"max-video-preview:-1"},"canonical":"https:\/\/radioljubuski.ba\/index.php\/2022\/07\/25\/spanjolska-odbila-prijedlog-bruxellesa-da-sve-clanice-eu-smanje-potrosnju-plina-za-15-posto\/","og_locale":"hr_HR","og_type":"article","og_title":"\u0160panjolska odbila prijedlog Bruxellesa da sve \u010dlanice EU smanje potro\u0161nju plina za 15 posto - RADIO LJUBU\u0160KI","og_description":"\u0160panjolska je krenula u napad na najnoviji prijedlog Bruxellesa koji predla\u017ee da sve europske zemlje smanje potro\u0161nju plina za 15 posto do sljede\u0107eg prolje\u0107a, bez obzira na stupanj njihove izlo\u017eenosti Rusiji. \u201cNe mo\u017eemo pretpostaviti nerazmjernu \u017ertvu o kojoj nas nisu \u010dak ni pitali za prethodno mi\u0161ljenje\u201d, rekla je tre\u0107a potpredsjednica i ministrica za ekolo\u0161ku tranziciju, [&hellip;]","og_url":"https:\/\/radioljubuski.ba\/index.php\/2022\/07\/25\/spanjolska-odbila-prijedlog-bruxellesa-da-sve-clanice-eu-smanje-potrosnju-plina-za-15-posto\/","og_site_name":"RADIO LJUBU\u0160KI","article_publisher":"https:\/\/www.facebook.com\/Radiio-Ljubuski-1490835324566332","article_published_time":"2022-07-25T11:20:13+00:00","article_modified_time":"2022-07-25T11:20:14+00:00","og_image":[{"width":696,"height":463,"url":"https:\/\/radioljubuski.ba\/wp-content\/uploads\/2022\/07\/1624px-Teresa_Ribera_Consejo_de_Ministros_de_5_de_octubre_de_2018-696x463-1.jpg","type":"image\/jpeg"}],"author":"Radio Ljubu\u0161ki","twitter_card":"summary_large_image","twitter_creator":"@radioljubuski","twitter_site":"@radioljubuski","twitter_misc":{"Napisao\/la":"Radio Ljubu\u0161ki","Procijenjeno vrijeme \u010ditanja":"2 minute"},"schema":{"@context":"https:\/\/schema.org","@graph":[{"@type":"Article","@id":"https:\/\/radioljubuski.ba\/index.php\/2022\/07\/25\/spanjolska-odbila-prijedlog-bruxellesa-da-sve-clanice-eu-smanje-potrosnju-plina-za-15-posto\/#article","isPartOf":{"@id":"https:\/\/radioljubuski.ba\/index.php\/2022\/07\/25\/spanjolska-odbila-prijedlog-bruxellesa-da-sve-clanice-eu-smanje-potrosnju-plina-za-15-posto\/"},"author":{"name":"Radio Ljubu\u0161ki","@id":"https:\/\/radioljubuski.ba\/#\/schema\/person\/19fc700381a780f69665d7956c469e3b"},"headline":"\u0160panjolska odbila prijedlog Bruxellesa da sve \u010dlanice EU smanje potro\u0161nju plina za 15 posto","datePublished":"2022-07-25T11:20:13+00:00","dateModified":"2022-07-25T11:20:14+00:00","mainEntityOfPage":{"@id":"https:\/\/radioljubuski.ba\/index.php\/2022\/07\/25\/spanjolska-odbila-prijedlog-bruxellesa-da-sve-clanice-eu-smanje-potrosnju-plina-za-15-posto\/"},"wordCount":366,"publisher":{"@id":"https:\/\/radioljubuski.ba\/#organization"},"image":{"@id":"https:\/\/radioljubuski.ba\/index.php\/2022\/07\/25\/spanjolska-odbila-prijedlog-bruxellesa-da-sve-clanice-eu-smanje-potrosnju-plina-za-15-posto\/#primaryimage"},"thumbnailUrl":"https:\/\/radioljubuski.ba\/wp-content\/uploads\/2022\/07\/1624px-Teresa_Ribera_Consejo_de_Ministros_de_5_de_octubre_de_2018-696x463-1.jpg","articleSection":["BIH i regija"],"inLanguage":"hr"},{"@type":"WebPage","@id":"https:\/\/radioljubuski.ba\/index.php\/2022\/07\/25\/spanjolska-odbila-prijedlog-bruxellesa-da-sve-clanice-eu-smanje-potrosnju-plina-za-15-posto\/","url":"https:\/\/radioljubuski.ba\/index.php\/2022\/07\/25\/spanjolska-odbila-prijedlog-bruxellesa-da-sve-clanice-eu-smanje-potrosnju-plina-za-15-posto\/","name":"\u0160panjolska odbila prijedlog Bruxellesa da sve \u010dlanice EU smanje potro\u0161nju plina za 15 posto - RADIO LJUBU\u0160KI","isPartOf":{"@id":"https:\/\/radioljubuski.ba\/#website"},"primaryImageOfPage":{"@id":"https:\/\/radioljubuski.ba\/index.php\/2022\/07\/25\/spanjolska-odbila-prijedlog-bruxellesa-da-sve-clanice-eu-smanje-potrosnju-plina-za-15-posto\/#primaryimage"},"image":{"@id":"https:\/\/radioljubuski.ba\/index.php\/2022\/07\/25\/spanjolska-odbila-prijedlog-bruxellesa-da-sve-clanice-eu-smanje-potrosnju-plina-za-15-posto\/#primaryimage"},"thumbnailUrl":"https:\/\/radioljubuski.ba\/wp-content\/uploads\/2022\/07\/1624px-Teresa_Ribera_Consejo_de_Ministros_de_5_de_octubre_de_2018-696x463-1.jpg","datePublished":"2022-07-25T11:20:13+00:00","dateModified":"2022-07-25T11:20:14+00:00","breadcrumb":{"@id":"https:\/\/radioljubuski.ba\/index.php\/2022\/07\/25\/spanjolska-odbila-prijedlog-bruxellesa-da-sve-clanice-eu-smanje-potrosnju-plina-za-15-posto\/#breadcrumb"},"inLanguage":"hr","potentialAction":[{"@type":"ReadAction","target":["https:\/\/radioljubuski.ba\/index.php\/2022\/07\/25\/spanjolska-odbila-prijedlog-bruxellesa-da-sve-clanice-eu-smanje-potrosnju-plina-za-15-posto\/"]}]},{"@type":"ImageObject","inLanguage":"hr","@id":"https:\/\/radioljubuski.ba\/index.php\/2022\/07\/25\/spanjolska-odbila-prijedlog-bruxellesa-da-sve-clanice-eu-smanje-potrosnju-plina-za-15-posto\/#primaryimage","url":"https:\/\/radioljubuski.ba\/wp-content\/uploads\/2022\/07\/1624px-Teresa_Ribera_Consejo_de_Ministros_de_5_de_octubre_de_2018-696x463-1.jpg","contentUrl":"https:\/\/radioljubuski.ba\/wp-content\/uploads\/2022\/07\/1624px-Teresa_Ribera_Consejo_de_Ministros_de_5_de_octubre_de_2018-696x463-1.jpg","width":696,"height":463},{"@type":"BreadcrumbList","@id":"https:\/\/radioljubuski.ba\/index.php\/2022\/07\/25\/spanjolska-odbila-prijedlog-bruxellesa-da-sve-clanice-eu-smanje-potrosnju-plina-za-15-posto\/#breadcrumb","itemListElement":[{"@type":"ListItem","position":1,"name":"Po\u010detna stranica","item":"https:\/\/radioljubuski.ba\/"},{"@type":"ListItem","position":2,"name":"\u0160panjolska odbila prijedlog Bruxellesa da sve \u010dlanice EU smanje potro\u0161nju plina za 15 posto"}]},{"@type":"WebSite","@id":"https:\/\/radioljubuski.ba\/#website","url":"https:\/\/radioljubuski.ba\/","name":"Radio Ljubu\u0161ki","description":"Sun\u010dana frekvencija Hercegovine","publisher":{"@id":"https:\/\/radioljubuski.ba\/#organization"},"potentialAction":[{"@type":"SearchAction","target":{"@type":"EntryPoint","urlTemplate":"https:\/\/radioljubuski.ba\/?s={search_term_string}"},"query-input":{"@type":"PropertyValueSpecification","valueRequired":true,"valueName":"search_term_string"}}],"inLanguage":"hr"},{"@type":"Organization","@id":"https:\/\/radioljubuski.ba\/#organization","name":"Radio Ljubu\u0161ki","url":"https:\/\/radioljubuski.ba\/","logo":{"@type":"ImageObject","inLanguage":"hr","@id":"https:\/\/radioljubuski.ba\/#\/schema\/logo\/image\/","url":"https:\/\/radioljubuski.ba\/wp-content\/uploads\/2021\/02\/cropped-Radio_Ljubuski_logo1.jpg","contentUrl":"https:\/\/radioljubuski.ba\/wp-content\/uploads\/2021\/02\/cropped-Radio_Ljubuski_logo1.jpg","width":512,"height":512,"caption":"Radio Ljubu\u0161ki"},"image":{"@id":"https:\/\/radioljubuski.ba\/#\/schema\/logo\/image\/"},"sameAs":["https:\/\/www.facebook.com\/Radiio-Ljubuski-1490835324566332","https:\/\/x.com\/radioljubuski","https:\/\/hr.linkedin.com\/company\/radio-ljubuski","https:\/\/www.youtube.com\/channel\/UCHYaeO_n0Db3tjNGudGpXyw"]},{"@type":"Person","@id":"https:\/\/radioljubuski.ba\/#\/schema\/person\/19fc700381a780f69665d7956c469e3b","name":"Radio Ljubu\u0161ki"}]}},"_links":{"self":[{"href":"https:\/\/radioljubuski.ba\/index.php\/wp-json\/wp\/v2\/posts\/163279","targetHints":{"allow":["GET"]}}],"collection":[{"href":"https:\/\/radioljubuski.ba\/index.php\/wp-json\/wp\/v2\/posts"}],"about":[{"href":"https:\/\/radioljubuski.ba\/index.php\/wp-json\/wp\/v2\/types\/post"}],"author":[{"embeddable":true,"href":"https:\/\/radioljubuski.ba\/index.php\/wp-json\/wp\/v2\/users\/2"}],"replies":[{"embeddable":true,"href":"https:\/\/radioljubuski.ba\/index.php\/wp-json\/wp\/v2\/comments?post=163279"}],"version-history":[{"count":1,"href":"https:\/\/radioljubuski.ba\/index.php\/wp-json\/wp\/v2\/posts\/163279\/revisions"}],"predecessor-version":[{"id":163281,"href":"https:\/\/radioljubuski.ba\/index.php\/wp-json\/wp\/v2\/posts\/163279\/revisions\/163281"}],"wp:featuredmedia":[{"embeddable":true,"href":"https:\/\/radioljubuski.ba\/index.php\/wp-json\/wp\/v2\/media\/163280"}],"wp:attachment":[{"href":"https:\/\/radioljubuski.ba\/index.php\/wp-json\/wp\/v2\/media?parent=163279"}],"wp:term":[{"taxonomy":"category","embeddable":true,"href":"https:\/\/radioljubuski.ba\/index.php\/wp-json\/wp\/v2\/categories?post=163279"},{"taxonomy":"post_tag","embeddable":true,"href":"https:\/\/radioljubuski.ba\/index.php\/wp-json\/wp\/v2\/tags?post=163279"}],"curies":[{"name":"wp","href":"https:\/\/api.w.org\/{rel}","templated":true}]}}