{"id":163288,"date":"2022-07-25T12:24:09","date_gmt":"2022-07-25T11:24:09","guid":{"rendered":"https:\/\/radioljubuski.ba\/?p=163288"},"modified":"2022-07-25T12:24:10","modified_gmt":"2022-07-25T11:24:10","slug":"umag-u-mecu-dana-poljicak-debitira-protiv-bivseg-umaskog-pobjednika","status":"publish","type":"post","link":"https:\/\/radioljubuski.ba\/index.php\/2022\/07\/25\/umag-u-mecu-dana-poljicak-debitira-protiv-bivseg-umaskog-pobjednika\/","title":{"rendered":"Umag: U me\u010du dana Polji\u010dak debitira protiv biv\u0161eg uma\u0161kog pobjednika"},"content":{"rendered":"\n<p>Juniorski wimbledonski pobjednik 18-godi\u0161nji Spli\u0107anin Mili Polji\u010dak svoj \u0107e prvi me\u010d na ATP Tour razini odigrati u ponedjeljak nave\u010der (ne prije 20 sati) na stadionu Gorana Ivani\u0161evi\u0107a u uma\u0161kom Stella Marisu, a suparnik \u0107e mu biti uma\u0161ki pobjednik i polufinalist Roland Garrosa iz 2018. Marco Cecchinato (ATP \u2013 147.).<\/p>\n\n\n\n<p>Prvi nositelj kvalifikacija bio je Francuz Corentin Moutet (ATP \u2013 112.) koji je u nedjeljnom zavr\u0161nom krugu sa 7-5, 6-4 nadigrao Matiju Pecoti\u0107a i tako je 33-godi\u0161nji hrvatski predstavnik drugu godinu zaredom ostao na korak do ulaska u glavni \u017edrijeb uma\u0161kog ATP turnira.<\/p>\n\n\n\n<p>Uz Cecchinata, u nedjelju su nastup u glavnom turniru izborila jo\u0161 dvojica talijanskih tenisa\u010da, 20-godi\u0161nji Giulio Zeppieri i 29-godi\u0161nji Franco Agamenone, pa \u0107e Talijani biti najzastupljenija nacija na 32. izdanju Plava Laguna Croatia Opena s ukupno \u0161estoricom predstavnika. Petoricu tenisa\u010da u glavnom \u017edrijebu uma\u0161kog turnira ima Argentina, a \u0160panjolska je tre\u0107a najzastupljenija dr\u017eava sa \u010detvoricom predstavnika.<\/p>\n\n\n\n<p>Najmla\u0111eg predstavnika ima Hrvatska, a to aktualni europski juniorski doprvak, 16-godi\u0161nji Spli\u0107anin Dino Pri\u017emi\u0107. Najstariji igra\u010d u turniru je 35-godi\u0161nji Talijan Fabio Fognini koji \u0107e po 12. put nastupiti na turniru na kojem je trijumfirao 2016. te bio finalist 2013.<\/p>\n\n\n\n<p><em>Izvor: narod.hr<\/em><\/p>\n","protected":false},"excerpt":{"rendered":"<p>Juniorski wimbledonski pobjednik 18-godi\u0161nji Spli\u0107anin Mili Polji\u010dak svoj \u0107e prvi me\u010d na ATP Tour razini odigrati u ponedjeljak nave\u010der (ne prije 20 sati) na stadionu Gorana Ivani\u0161evi\u0107a u uma\u0161kom Stella Marisu, a suparnik \u0107e mu biti uma\u0161ki pobjednik i polufinalist Roland Garrosa iz 2018. Marco Cecchinato (ATP \u2013 147.). Prvi nositelj kvalifikacija bio je Francuz [&hellip;]<\/p>\n","protected":false},"author":2,"featured_media":163289,"comment_status":"closed","ping_status":"closed","sticky":false,"template":"","format":"standard","meta":{"h5ap_radio_sources":[],"footnotes":""},"categories":[7],"tags":[],"class_list":["post-163288","post","type-post","status-publish","format-standard","has-post-thumbnail","hentry","category-sport"],"yoast_head":"<!-- This site is optimized with the Yoast SEO plugin v27.5 - https:\/\/yoast.com\/product\/yoast-seo-wordpress\/ -->\n<title>Umag: U me\u010du dana Polji\u010dak debitira protiv biv\u0161eg uma\u0161kog pobjednika - RADIO LJUBU\u0160KI<\/title>\n<meta name=\"robots\" content=\"index, follow, max-snippet:-1, max-image-preview:large, max-video-preview:-1\" \/>\n<link rel=\"canonical\" href=\"https:\/\/radioljubuski.ba\/index.php\/2022\/07\/25\/umag-u-mecu-dana-poljicak-debitira-protiv-bivseg-umaskog-pobjednika\/\" \/>\n<meta property=\"og:locale\" content=\"hr_HR\" \/>\n<meta property=\"og:type\" content=\"article\" \/>\n<meta property=\"og:title\" content=\"Umag: U me\u010du dana Polji\u010dak debitira protiv biv\u0161eg uma\u0161kog pobjednika - RADIO LJUBU\u0160KI\" \/>\n<meta property=\"og:description\" content=\"Juniorski wimbledonski pobjednik 18-godi\u0161nji Spli\u0107anin Mili Polji\u010dak svoj \u0107e prvi me\u010d na ATP Tour razini odigrati u ponedjeljak nave\u010der (ne prije 20 sati) na stadionu Gorana Ivani\u0161evi\u0107a u uma\u0161kom Stella Marisu, a suparnik \u0107e mu biti uma\u0161ki pobjednik i polufinalist Roland Garrosa iz 2018. Marco Cecchinato (ATP \u2013 147.). Prvi nositelj kvalifikacija bio je Francuz [&hellip;]\" \/>\n<meta property=\"og:url\" content=\"https:\/\/radioljubuski.ba\/index.php\/2022\/07\/25\/umag-u-mecu-dana-poljicak-debitira-protiv-bivseg-umaskog-pobjednika\/\" \/>\n<meta property=\"og:site_name\" content=\"RADIO LJUBU\u0160KI\" \/>\n<meta property=\"article:publisher\" content=\"https:\/\/www.facebook.com\/Radiio-Ljubuski-1490835324566332\" \/>\n<meta property=\"article:published_time\" content=\"2022-07-25T11:24:09+00:00\" \/>\n<meta property=\"article:modified_time\" content=\"2022-07-25T11:24:10+00:00\" \/>\n<meta property=\"og:image\" content=\"https:\/\/radioljubuski.ba\/wp-content\/uploads\/2022\/07\/mili-poljicak.png\" \/>\n\t<meta property=\"og:image:width\" content=\"600\" \/>\n\t<meta property=\"og:image:height\" content=\"315\" \/>\n\t<meta property=\"og:image:type\" content=\"image\/png\" \/>\n<meta name=\"author\" content=\"Radio Ljubu\u0161ki\" \/>\n<meta name=\"twitter:card\" content=\"summary_large_image\" \/>\n<meta name=\"twitter:creator\" content=\"@radioljubuski\" \/>\n<meta name=\"twitter:site\" content=\"@radioljubuski\" \/>\n<meta name=\"twitter:label1\" content=\"Napisao\/la\" \/>\n\t<meta name=\"twitter:data1\" content=\"Radio Ljubu\u0161ki\" \/>\n\t<meta name=\"twitter:label2\" content=\"Procijenjeno vrijeme \u010ditanja\" \/>\n\t<meta name=\"twitter:data2\" content=\"1 minuta\" \/>\n<script type=\"application\/ld+json\" class=\"yoast-schema-graph\">{\"@context\":\"https:\\\/\\\/schema.org\",\"@graph\":[{\"@type\":\"Article\",\"@id\":\"https:\\\/\\\/radioljubuski.ba\\\/index.php\\\/2022\\\/07\\\/25\\\/umag-u-mecu-dana-poljicak-debitira-protiv-bivseg-umaskog-pobjednika\\\/#article\",\"isPartOf\":{\"@id\":\"https:\\\/\\\/radioljubuski.ba\\\/index.php\\\/2022\\\/07\\\/25\\\/umag-u-mecu-dana-poljicak-debitira-protiv-bivseg-umaskog-pobjednika\\\/\"},\"author\":{\"name\":\"Radio Ljubu\u0161ki\",\"@id\":\"https:\\\/\\\/radioljubuski.ba\\\/#\\\/schema\\\/person\\\/19fc700381a780f69665d7956c469e3b\"},\"headline\":\"Umag: U me\u010du dana Polji\u010dak debitira protiv biv\u0161eg uma\u0161kog pobjednika\",\"datePublished\":\"2022-07-25T11:24:09+00:00\",\"dateModified\":\"2022-07-25T11:24:10+00:00\",\"mainEntityOfPage\":{\"@id\":\"https:\\\/\\\/radioljubuski.ba\\\/index.php\\\/2022\\\/07\\\/25\\\/umag-u-mecu-dana-poljicak-debitira-protiv-bivseg-umaskog-pobjednika\\\/\"},\"wordCount\":219,\"publisher\":{\"@id\":\"https:\\\/\\\/radioljubuski.ba\\\/#organization\"},\"image\":{\"@id\":\"https:\\\/\\\/radioljubuski.ba\\\/index.php\\\/2022\\\/07\\\/25\\\/umag-u-mecu-dana-poljicak-debitira-protiv-bivseg-umaskog-pobjednika\\\/#primaryimage\"},\"thumbnailUrl\":\"https:\\\/\\\/radioljubuski.ba\\\/wp-content\\\/uploads\\\/2022\\\/07\\\/mili-poljicak.png\",\"articleSection\":[\"\u0160port\"],\"inLanguage\":\"hr\"},{\"@type\":\"WebPage\",\"@id\":\"https:\\\/\\\/radioljubuski.ba\\\/index.php\\\/2022\\\/07\\\/25\\\/umag-u-mecu-dana-poljicak-debitira-protiv-bivseg-umaskog-pobjednika\\\/\",\"url\":\"https:\\\/\\\/radioljubuski.ba\\\/index.php\\\/2022\\\/07\\\/25\\\/umag-u-mecu-dana-poljicak-debitira-protiv-bivseg-umaskog-pobjednika\\\/\",\"name\":\"Umag: U me\u010du dana Polji\u010dak debitira protiv biv\u0161eg uma\u0161kog pobjednika - RADIO LJUBU\u0160KI\",\"isPartOf\":{\"@id\":\"https:\\\/\\\/radioljubuski.ba\\\/#website\"},\"primaryImageOfPage\":{\"@id\":\"https:\\\/\\\/radioljubuski.ba\\\/index.php\\\/2022\\\/07\\\/25\\\/umag-u-mecu-dana-poljicak-debitira-protiv-bivseg-umaskog-pobjednika\\\/#primaryimage\"},\"image\":{\"@id\":\"https:\\\/\\\/radioljubuski.ba\\\/index.php\\\/2022\\\/07\\\/25\\\/umag-u-mecu-dana-poljicak-debitira-protiv-bivseg-umaskog-pobjednika\\\/#primaryimage\"},\"thumbnailUrl\":\"https:\\\/\\\/radioljubuski.ba\\\/wp-content\\\/uploads\\\/2022\\\/07\\\/mili-poljicak.png\",\"datePublished\":\"2022-07-25T11:24:09+00:00\",\"dateModified\":\"2022-07-25T11:24:10+00:00\",\"breadcrumb\":{\"@id\":\"https:\\\/\\\/radioljubuski.ba\\\/index.php\\\/2022\\\/07\\\/25\\\/umag-u-mecu-dana-poljicak-debitira-protiv-bivseg-umaskog-pobjednika\\\/#breadcrumb\"},\"inLanguage\":\"hr\",\"potentialAction\":[{\"@type\":\"ReadAction\",\"target\":[\"https:\\\/\\\/radioljubuski.ba\\\/index.php\\\/2022\\\/07\\\/25\\\/umag-u-mecu-dana-poljicak-debitira-protiv-bivseg-umaskog-pobjednika\\\/\"]}]},{\"@type\":\"ImageObject\",\"inLanguage\":\"hr\",\"@id\":\"https:\\\/\\\/radioljubuski.ba\\\/index.php\\\/2022\\\/07\\\/25\\\/umag-u-mecu-dana-poljicak-debitira-protiv-bivseg-umaskog-pobjednika\\\/#primaryimage\",\"url\":\"https:\\\/\\\/radioljubuski.ba\\\/wp-content\\\/uploads\\\/2022\\\/07\\\/mili-poljicak.png\",\"contentUrl\":\"https:\\\/\\\/radioljubuski.ba\\\/wp-content\\\/uploads\\\/2022\\\/07\\\/mili-poljicak.png\",\"width\":600,\"height\":315},{\"@type\":\"BreadcrumbList\",\"@id\":\"https:\\\/\\\/radioljubuski.ba\\\/index.php\\\/2022\\\/07\\\/25\\\/umag-u-mecu-dana-poljicak-debitira-protiv-bivseg-umaskog-pobjednika\\\/#breadcrumb\",\"itemListElement\":[{\"@type\":\"ListItem\",\"position\":1,\"name\":\"Po\u010detna stranica\",\"item\":\"https:\\\/\\\/radioljubuski.ba\\\/\"},{\"@type\":\"ListItem\",\"position\":2,\"name\":\"Umag: U me\u010du dana Polji\u010dak debitira protiv biv\u0161eg uma\u0161kog pobjednika\"}]},{\"@type\":\"WebSite\",\"@id\":\"https:\\\/\\\/radioljubuski.ba\\\/#website\",\"url\":\"https:\\\/\\\/radioljubuski.ba\\\/\",\"name\":\"Radio Ljubu\u0161ki\",\"description\":\"Sun\u010dana frekvencija Hercegovine\",\"publisher\":{\"@id\":\"https:\\\/\\\/radioljubuski.ba\\\/#organization\"},\"potentialAction\":[{\"@type\":\"SearchAction\",\"target\":{\"@type\":\"EntryPoint\",\"urlTemplate\":\"https:\\\/\\\/radioljubuski.ba\\\/?s={search_term_string}\"},\"query-input\":{\"@type\":\"PropertyValueSpecification\",\"valueRequired\":true,\"valueName\":\"search_term_string\"}}],\"inLanguage\":\"hr\"},{\"@type\":\"Organization\",\"@id\":\"https:\\\/\\\/radioljubuski.ba\\\/#organization\",\"name\":\"Radio Ljubu\u0161ki\",\"url\":\"https:\\\/\\\/radioljubuski.ba\\\/\",\"logo\":{\"@type\":\"ImageObject\",\"inLanguage\":\"hr\",\"@id\":\"https:\\\/\\\/radioljubuski.ba\\\/#\\\/schema\\\/logo\\\/image\\\/\",\"url\":\"https:\\\/\\\/radioljubuski.ba\\\/wp-content\\\/uploads\\\/2021\\\/02\\\/cropped-Radio_Ljubuski_logo1.jpg\",\"contentUrl\":\"https:\\\/\\\/radioljubuski.ba\\\/wp-content\\\/uploads\\\/2021\\\/02\\\/cropped-Radio_Ljubuski_logo1.jpg\",\"width\":512,\"height\":512,\"caption\":\"Radio Ljubu\u0161ki\"},\"image\":{\"@id\":\"https:\\\/\\\/radioljubuski.ba\\\/#\\\/schema\\\/logo\\\/image\\\/\"},\"sameAs\":[\"https:\\\/\\\/www.facebook.com\\\/Radiio-Ljubuski-1490835324566332\",\"https:\\\/\\\/x.com\\\/radioljubuski\",\"https:\\\/\\\/hr.linkedin.com\\\/company\\\/radio-ljubuski\",\"https:\\\/\\\/www.youtube.com\\\/channel\\\/UCHYaeO_n0Db3tjNGudGpXyw\"]},{\"@type\":\"Person\",\"@id\":\"https:\\\/\\\/radioljubuski.ba\\\/#\\\/schema\\\/person\\\/19fc700381a780f69665d7956c469e3b\",\"name\":\"Radio Ljubu\u0161ki\"}]}<\/script>\n<!-- \/ Yoast SEO plugin. -->","yoast_head_json":{"title":"Umag: U me\u010du dana Polji\u010dak debitira protiv biv\u0161eg uma\u0161kog pobjednika - RADIO LJUBU\u0160KI","robots":{"index":"index","follow":"follow","max-snippet":"max-snippet:-1","max-image-preview":"max-image-preview:large","max-video-preview":"max-video-preview:-1"},"canonical":"https:\/\/radioljubuski.ba\/index.php\/2022\/07\/25\/umag-u-mecu-dana-poljicak-debitira-protiv-bivseg-umaskog-pobjednika\/","og_locale":"hr_HR","og_type":"article","og_title":"Umag: U me\u010du dana Polji\u010dak debitira protiv biv\u0161eg uma\u0161kog pobjednika - RADIO LJUBU\u0160KI","og_description":"Juniorski wimbledonski pobjednik 18-godi\u0161nji Spli\u0107anin Mili Polji\u010dak svoj \u0107e prvi me\u010d na ATP Tour razini odigrati u ponedjeljak nave\u010der (ne prije 20 sati) na stadionu Gorana Ivani\u0161evi\u0107a u uma\u0161kom Stella Marisu, a suparnik \u0107e mu biti uma\u0161ki pobjednik i polufinalist Roland Garrosa iz 2018. Marco Cecchinato (ATP \u2013 147.). Prvi nositelj kvalifikacija bio je Francuz [&hellip;]","og_url":"https:\/\/radioljubuski.ba\/index.php\/2022\/07\/25\/umag-u-mecu-dana-poljicak-debitira-protiv-bivseg-umaskog-pobjednika\/","og_site_name":"RADIO LJUBU\u0160KI","article_publisher":"https:\/\/www.facebook.com\/Radiio-Ljubuski-1490835324566332","article_published_time":"2022-07-25T11:24:09+00:00","article_modified_time":"2022-07-25T11:24:10+00:00","og_image":[{"width":600,"height":315,"url":"https:\/\/radioljubuski.ba\/wp-content\/uploads\/2022\/07\/mili-poljicak.png","type":"image\/png"}],"author":"Radio Ljubu\u0161ki","twitter_card":"summary_large_image","twitter_creator":"@radioljubuski","twitter_site":"@radioljubuski","twitter_misc":{"Napisao\/la":"Radio Ljubu\u0161ki","Procijenjeno vrijeme \u010ditanja":"1 minuta"},"schema":{"@context":"https:\/\/schema.org","@graph":[{"@type":"Article","@id":"https:\/\/radioljubuski.ba\/index.php\/2022\/07\/25\/umag-u-mecu-dana-poljicak-debitira-protiv-bivseg-umaskog-pobjednika\/#article","isPartOf":{"@id":"https:\/\/radioljubuski.ba\/index.php\/2022\/07\/25\/umag-u-mecu-dana-poljicak-debitira-protiv-bivseg-umaskog-pobjednika\/"},"author":{"name":"Radio Ljubu\u0161ki","@id":"https:\/\/radioljubuski.ba\/#\/schema\/person\/19fc700381a780f69665d7956c469e3b"},"headline":"Umag: U me\u010du dana Polji\u010dak debitira protiv biv\u0161eg uma\u0161kog pobjednika","datePublished":"2022-07-25T11:24:09+00:00","dateModified":"2022-07-25T11:24:10+00:00","mainEntityOfPage":{"@id":"https:\/\/radioljubuski.ba\/index.php\/2022\/07\/25\/umag-u-mecu-dana-poljicak-debitira-protiv-bivseg-umaskog-pobjednika\/"},"wordCount":219,"publisher":{"@id":"https:\/\/radioljubuski.ba\/#organization"},"image":{"@id":"https:\/\/radioljubuski.ba\/index.php\/2022\/07\/25\/umag-u-mecu-dana-poljicak-debitira-protiv-bivseg-umaskog-pobjednika\/#primaryimage"},"thumbnailUrl":"https:\/\/radioljubuski.ba\/wp-content\/uploads\/2022\/07\/mili-poljicak.png","articleSection":["\u0160port"],"inLanguage":"hr"},{"@type":"WebPage","@id":"https:\/\/radioljubuski.ba\/index.php\/2022\/07\/25\/umag-u-mecu-dana-poljicak-debitira-protiv-bivseg-umaskog-pobjednika\/","url":"https:\/\/radioljubuski.ba\/index.php\/2022\/07\/25\/umag-u-mecu-dana-poljicak-debitira-protiv-bivseg-umaskog-pobjednika\/","name":"Umag: U me\u010du dana Polji\u010dak debitira protiv biv\u0161eg uma\u0161kog pobjednika - RADIO LJUBU\u0160KI","isPartOf":{"@id":"https:\/\/radioljubuski.ba\/#website"},"primaryImageOfPage":{"@id":"https:\/\/radioljubuski.ba\/index.php\/2022\/07\/25\/umag-u-mecu-dana-poljicak-debitira-protiv-bivseg-umaskog-pobjednika\/#primaryimage"},"image":{"@id":"https:\/\/radioljubuski.ba\/index.php\/2022\/07\/25\/umag-u-mecu-dana-poljicak-debitira-protiv-bivseg-umaskog-pobjednika\/#primaryimage"},"thumbnailUrl":"https:\/\/radioljubuski.ba\/wp-content\/uploads\/2022\/07\/mili-poljicak.png","datePublished":"2022-07-25T11:24:09+00:00","dateModified":"2022-07-25T11:24:10+00:00","breadcrumb":{"@id":"https:\/\/radioljubuski.ba\/index.php\/2022\/07\/25\/umag-u-mecu-dana-poljicak-debitira-protiv-bivseg-umaskog-pobjednika\/#breadcrumb"},"inLanguage":"hr","potentialAction":[{"@type":"ReadAction","target":["https:\/\/radioljubuski.ba\/index.php\/2022\/07\/25\/umag-u-mecu-dana-poljicak-debitira-protiv-bivseg-umaskog-pobjednika\/"]}]},{"@type":"ImageObject","inLanguage":"hr","@id":"https:\/\/radioljubuski.ba\/index.php\/2022\/07\/25\/umag-u-mecu-dana-poljicak-debitira-protiv-bivseg-umaskog-pobjednika\/#primaryimage","url":"https:\/\/radioljubuski.ba\/wp-content\/uploads\/2022\/07\/mili-poljicak.png","contentUrl":"https:\/\/radioljubuski.ba\/wp-content\/uploads\/2022\/07\/mili-poljicak.png","width":600,"height":315},{"@type":"BreadcrumbList","@id":"https:\/\/radioljubuski.ba\/index.php\/2022\/07\/25\/umag-u-mecu-dana-poljicak-debitira-protiv-bivseg-umaskog-pobjednika\/#breadcrumb","itemListElement":[{"@type":"ListItem","position":1,"name":"Po\u010detna stranica","item":"https:\/\/radioljubuski.ba\/"},{"@type":"ListItem","position":2,"name":"Umag: U me\u010du dana Polji\u010dak debitira protiv biv\u0161eg uma\u0161kog pobjednika"}]},{"@type":"WebSite","@id":"https:\/\/radioljubuski.ba\/#website","url":"https:\/\/radioljubuski.ba\/","name":"Radio Ljubu\u0161ki","description":"Sun\u010dana frekvencija Hercegovine","publisher":{"@id":"https:\/\/radioljubuski.ba\/#organization"},"potentialAction":[{"@type":"SearchAction","target":{"@type":"EntryPoint","urlTemplate":"https:\/\/radioljubuski.ba\/?s={search_term_string}"},"query-input":{"@type":"PropertyValueSpecification","valueRequired":true,"valueName":"search_term_string"}}],"inLanguage":"hr"},{"@type":"Organization","@id":"https:\/\/radioljubuski.ba\/#organization","name":"Radio Ljubu\u0161ki","url":"https:\/\/radioljubuski.ba\/","logo":{"@type":"ImageObject","inLanguage":"hr","@id":"https:\/\/radioljubuski.ba\/#\/schema\/logo\/image\/","url":"https:\/\/radioljubuski.ba\/wp-content\/uploads\/2021\/02\/cropped-Radio_Ljubuski_logo1.jpg","contentUrl":"https:\/\/radioljubuski.ba\/wp-content\/uploads\/2021\/02\/cropped-Radio_Ljubuski_logo1.jpg","width":512,"height":512,"caption":"Radio Ljubu\u0161ki"},"image":{"@id":"https:\/\/radioljubuski.ba\/#\/schema\/logo\/image\/"},"sameAs":["https:\/\/www.facebook.com\/Radiio-Ljubuski-1490835324566332","https:\/\/x.com\/radioljubuski","https:\/\/hr.linkedin.com\/company\/radio-ljubuski","https:\/\/www.youtube.com\/channel\/UCHYaeO_n0Db3tjNGudGpXyw"]},{"@type":"Person","@id":"https:\/\/radioljubuski.ba\/#\/schema\/person\/19fc700381a780f69665d7956c469e3b","name":"Radio Ljubu\u0161ki"}]}},"_links":{"self":[{"href":"https:\/\/radioljubuski.ba\/index.php\/wp-json\/wp\/v2\/posts\/163288","targetHints":{"allow":["GET"]}}],"collection":[{"href":"https:\/\/radioljubuski.ba\/index.php\/wp-json\/wp\/v2\/posts"}],"about":[{"href":"https:\/\/radioljubuski.ba\/index.php\/wp-json\/wp\/v2\/types\/post"}],"author":[{"embeddable":true,"href":"https:\/\/radioljubuski.ba\/index.php\/wp-json\/wp\/v2\/users\/2"}],"replies":[{"embeddable":true,"href":"https:\/\/radioljubuski.ba\/index.php\/wp-json\/wp\/v2\/comments?post=163288"}],"version-history":[{"count":1,"href":"https:\/\/radioljubuski.ba\/index.php\/wp-json\/wp\/v2\/posts\/163288\/revisions"}],"predecessor-version":[{"id":163290,"href":"https:\/\/radioljubuski.ba\/index.php\/wp-json\/wp\/v2\/posts\/163288\/revisions\/163290"}],"wp:featuredmedia":[{"embeddable":true,"href":"https:\/\/radioljubuski.ba\/index.php\/wp-json\/wp\/v2\/media\/163289"}],"wp:attachment":[{"href":"https:\/\/radioljubuski.ba\/index.php\/wp-json\/wp\/v2\/media?parent=163288"}],"wp:term":[{"taxonomy":"category","embeddable":true,"href":"https:\/\/radioljubuski.ba\/index.php\/wp-json\/wp\/v2\/categories?post=163288"},{"taxonomy":"post_tag","embeddable":true,"href":"https:\/\/radioljubuski.ba\/index.php\/wp-json\/wp\/v2\/tags?post=163288"}],"curies":[{"name":"wp","href":"https:\/\/api.w.org\/{rel}","templated":true}]}}