{"id":163337,"date":"2022-07-25T14:02:40","date_gmt":"2022-07-25T13:02:40","guid":{"rendered":"https:\/\/radioljubuski.ba\/?p=163337"},"modified":"2022-07-25T14:02:42","modified_gmt":"2022-07-25T13:02:42","slug":"tradicionalna-manifestacija-na-temeljima-bazilike-nase-odrzana-u-mokrom","status":"publish","type":"post","link":"https:\/\/radioljubuski.ba\/index.php\/2022\/07\/25\/tradicionalna-manifestacija-na-temeljima-bazilike-nase-odrzana-u-mokrom\/","title":{"rendered":"Tradicionalna manifestacija \u201cNa temeljima bazilike na\u0161e\u201d odr\u017eana u Mokrom"},"content":{"rendered":"\n<h5 class=\"wp-block-heading\"><strong>U nedjelju je 11. put zaredom odr\u017eana kulturno-zabavna manifestacija \u201cNa temeljima bazilike na\u0161e\u201d, koja se ve\u0107 tradicionalno odr\u017eava prvu nedjelju nakon blagdana svetog Ilije u Mokrom kod \u0160irokog Brijega.<\/strong><\/h5>\n\n\n\n<p>Manifestacija je zapo\u010dela u 18 sati slavljem svete mise koju je predvodio<strong> fra Dario Gali\u0107<\/strong> na temeljima starokr\u0161\u0107anske bazilike (V. \u2013VI. st.), na lokalitetu u narodu poznatijem kao Crkvina.<\/p>\n\n\n\n<p>Nakon misnog slavlja na Mokarskom polju odr\u017ean je kulturno-zabavni program,<strong> 11. ve\u010der folklora \u201cNa temeljima bazilike na\u0161e\u201d <\/strong>u organizaciji KUD-a Mokro i pod glavnim pokroviteljstvom Grada \u0160irokog Brijega na \u010delu s gradona\u010delnikom<strong> Mirom Kraljevi\u0107em<\/strong>.<\/p>\n\n\n\n<p>U programu ovogodi\u0161nje manifestacije, uz doma\u0107ine iz KUD-a Mokro, <strong>nastupilo je jo\u0161 pet kulturno-umjetni\u010dkih dru\u0161tava<\/strong> iz Bosne i Hercegovine i Hrvatske: HKUD Bijela \u2013 Br\u010dko Distrikt, HKUD Sv. Ante iz Cima, HKUD Domanovi\u0107i, HKUD Crna\u010d i KUD Krenica iz Gale, naselja u op\u0107ini Otok kod Sinja.<\/p>\n\n\n\n<p>Nakon izvedbi kulturno-umjetni\u010dkih dru\u0161tava, veselje se nastavilo zabavnim programom<strong> uz nastup grupe Zvone i bend<\/strong>, a najmla\u0111e posjetitelje uveseljavale su maskote njima omiljenih likova iz crtanih filmova.<\/p>\n\n\n\n<p>Uz raznovrsnu ponudu hrane i pi\u0107a, pjesme i plesa, posjetitelji su imali priliku<strong> osvojiti i vrijedne nagrade<\/strong> u bogatoj tomboli.<\/p>\n\n\n\n<p>Glavni pokrovitelji: Grad \u0160iroki Brijeg i Federalno ministarstvo kulture i sporta.<\/p>\n\n\n\n<p>Sponzori manifestacije: JP Elektroprivreda d.d., Leda, O\u017eujsko pivo, Ministarstvo obrazovanja, znanosti, kulture i \u0161porta \u017dupanije Zapadnohercegova\u010dke, JU Coming, JKP \u010cisto\u0107a, Lukas TP Naki\u0107, Mi\u0161ki\u0107 Bus, Agropet i Vetpet \u0160iroki Brijeg, Mjesna zajednica Mokro, Mepas d.o.o., MCI d.o.o., Euroherc Osiguranje d.d., Soldo Metali d.o.o., ABC Petrol d.o.o., Sportski centar \u0110uli\u0107, Vibar d.o.o., Emerus d.o.o., Mokarski tambura\u0161i, T.R. Bla\u017ea, Bagari\u0107 d.o.o., Sanopharm, Servis Jeli\u0107, Pavkovi\u0107 Paneli, Ante Hrka\u0107 \u2013 Red\u017ei\u0107, S.T.R. Baja, A3 d.o.o., Autoku\u0107a Matijevi\u0107 i Mesnica Lovac, navedeno je u priop\u0107enju.<\/p>\n\n\n\n<p>\/HMS\/<\/p>\n","protected":false},"excerpt":{"rendered":"<p>U nedjelju je 11. put zaredom odr\u017eana kulturno-zabavna manifestacija \u201cNa temeljima bazilike na\u0161e\u201d, koja se ve\u0107 tradicionalno odr\u017eava prvu nedjelju nakon blagdana svetog Ilije u Mokrom kod \u0160irokog Brijega. Manifestacija je zapo\u010dela u 18 sati slavljem svete mise koju je predvodio fra Dario Gali\u0107 na temeljima starokr\u0161\u0107anske bazilike (V. \u2013VI. st.), na lokalitetu u narodu [&hellip;]<\/p>\n","protected":false},"author":2,"featured_media":163338,"comment_status":"closed","ping_status":"closed","sticky":false,"template":"","format":"standard","meta":{"h5ap_radio_sources":[],"footnotes":""},"categories":[1],"tags":[],"class_list":["post-163337","post","type-post","status-publish","format-standard","has-post-thumbnail","hentry","category-bihiregija"],"yoast_head":"<!-- This site is optimized with the Yoast SEO plugin v27.5 - https:\/\/yoast.com\/product\/yoast-seo-wordpress\/ -->\n<title>Tradicionalna manifestacija \u201cNa temeljima bazilike na\u0161e\u201d odr\u017eana u Mokrom - RADIO LJUBU\u0160KI<\/title>\n<meta name=\"robots\" content=\"index, follow, max-snippet:-1, max-image-preview:large, max-video-preview:-1\" \/>\n<link rel=\"canonical\" href=\"https:\/\/radioljubuski.ba\/index.php\/2022\/07\/25\/tradicionalna-manifestacija-na-temeljima-bazilike-nase-odrzana-u-mokrom\/\" \/>\n<meta property=\"og:locale\" content=\"hr_HR\" \/>\n<meta property=\"og:type\" content=\"article\" \/>\n<meta property=\"og:title\" content=\"Tradicionalna manifestacija \u201cNa temeljima bazilike na\u0161e\u201d odr\u017eana u Mokrom - RADIO LJUBU\u0160KI\" \/>\n<meta property=\"og:description\" content=\"U nedjelju je 11. put zaredom odr\u017eana kulturno-zabavna manifestacija \u201cNa temeljima bazilike na\u0161e\u201d, koja se ve\u0107 tradicionalno odr\u017eava prvu nedjelju nakon blagdana svetog Ilije u Mokrom kod \u0160irokog Brijega. Manifestacija je zapo\u010dela u 18 sati slavljem svete mise koju je predvodio fra Dario Gali\u0107 na temeljima starokr\u0161\u0107anske bazilike (V. \u2013VI. st.), na lokalitetu u narodu [&hellip;]\" \/>\n<meta property=\"og:url\" content=\"https:\/\/radioljubuski.ba\/index.php\/2022\/07\/25\/tradicionalna-manifestacija-na-temeljima-bazilike-nase-odrzana-u-mokrom\/\" \/>\n<meta property=\"og:site_name\" content=\"RADIO LJUBU\u0160KI\" \/>\n<meta property=\"article:publisher\" content=\"https:\/\/www.facebook.com\/Radiio-Ljubuski-1490835324566332\" \/>\n<meta property=\"article:published_time\" content=\"2022-07-25T13:02:40+00:00\" \/>\n<meta property=\"article:modified_time\" content=\"2022-07-25T13:02:42+00:00\" \/>\n<meta property=\"og:image\" content=\"https:\/\/radioljubuski.ba\/wp-content\/uploads\/2022\/07\/Na-temeljima-bazilike-nase-Mokro-810x540-1.jpg\" \/>\n\t<meta property=\"og:image:width\" content=\"810\" \/>\n\t<meta property=\"og:image:height\" content=\"540\" \/>\n\t<meta property=\"og:image:type\" content=\"image\/jpeg\" \/>\n<meta name=\"author\" content=\"Radio Ljubu\u0161ki\" \/>\n<meta name=\"twitter:card\" content=\"summary_large_image\" \/>\n<meta name=\"twitter:creator\" content=\"@radioljubuski\" \/>\n<meta name=\"twitter:site\" content=\"@radioljubuski\" \/>\n<meta name=\"twitter:label1\" content=\"Napisao\/la\" \/>\n\t<meta name=\"twitter:data1\" content=\"Radio Ljubu\u0161ki\" \/>\n\t<meta name=\"twitter:label2\" content=\"Procijenjeno vrijeme \u010ditanja\" \/>\n\t<meta name=\"twitter:data2\" content=\"2 minute\" \/>\n<script type=\"application\/ld+json\" class=\"yoast-schema-graph\">{\"@context\":\"https:\\\/\\\/schema.org\",\"@graph\":[{\"@type\":\"Article\",\"@id\":\"https:\\\/\\\/radioljubuski.ba\\\/index.php\\\/2022\\\/07\\\/25\\\/tradicionalna-manifestacija-na-temeljima-bazilike-nase-odrzana-u-mokrom\\\/#article\",\"isPartOf\":{\"@id\":\"https:\\\/\\\/radioljubuski.ba\\\/index.php\\\/2022\\\/07\\\/25\\\/tradicionalna-manifestacija-na-temeljima-bazilike-nase-odrzana-u-mokrom\\\/\"},\"author\":{\"name\":\"Radio Ljubu\u0161ki\",\"@id\":\"https:\\\/\\\/radioljubuski.ba\\\/#\\\/schema\\\/person\\\/19fc700381a780f69665d7956c469e3b\"},\"headline\":\"Tradicionalna manifestacija \u201cNa temeljima bazilike na\u0161e\u201d odr\u017eana u Mokrom\",\"datePublished\":\"2022-07-25T13:02:40+00:00\",\"dateModified\":\"2022-07-25T13:02:42+00:00\",\"mainEntityOfPage\":{\"@id\":\"https:\\\/\\\/radioljubuski.ba\\\/index.php\\\/2022\\\/07\\\/25\\\/tradicionalna-manifestacija-na-temeljima-bazilike-nase-odrzana-u-mokrom\\\/\"},\"wordCount\":335,\"publisher\":{\"@id\":\"https:\\\/\\\/radioljubuski.ba\\\/#organization\"},\"image\":{\"@id\":\"https:\\\/\\\/radioljubuski.ba\\\/index.php\\\/2022\\\/07\\\/25\\\/tradicionalna-manifestacija-na-temeljima-bazilike-nase-odrzana-u-mokrom\\\/#primaryimage\"},\"thumbnailUrl\":\"https:\\\/\\\/radioljubuski.ba\\\/wp-content\\\/uploads\\\/2022\\\/07\\\/Na-temeljima-bazilike-nase-Mokro-810x540-1.jpg\",\"articleSection\":[\"BIH i regija\"],\"inLanguage\":\"hr\"},{\"@type\":\"WebPage\",\"@id\":\"https:\\\/\\\/radioljubuski.ba\\\/index.php\\\/2022\\\/07\\\/25\\\/tradicionalna-manifestacija-na-temeljima-bazilike-nase-odrzana-u-mokrom\\\/\",\"url\":\"https:\\\/\\\/radioljubuski.ba\\\/index.php\\\/2022\\\/07\\\/25\\\/tradicionalna-manifestacija-na-temeljima-bazilike-nase-odrzana-u-mokrom\\\/\",\"name\":\"Tradicionalna manifestacija \u201cNa temeljima bazilike na\u0161e\u201d odr\u017eana u Mokrom - RADIO LJUBU\u0160KI\",\"isPartOf\":{\"@id\":\"https:\\\/\\\/radioljubuski.ba\\\/#website\"},\"primaryImageOfPage\":{\"@id\":\"https:\\\/\\\/radioljubuski.ba\\\/index.php\\\/2022\\\/07\\\/25\\\/tradicionalna-manifestacija-na-temeljima-bazilike-nase-odrzana-u-mokrom\\\/#primaryimage\"},\"image\":{\"@id\":\"https:\\\/\\\/radioljubuski.ba\\\/index.php\\\/2022\\\/07\\\/25\\\/tradicionalna-manifestacija-na-temeljima-bazilike-nase-odrzana-u-mokrom\\\/#primaryimage\"},\"thumbnailUrl\":\"https:\\\/\\\/radioljubuski.ba\\\/wp-content\\\/uploads\\\/2022\\\/07\\\/Na-temeljima-bazilike-nase-Mokro-810x540-1.jpg\",\"datePublished\":\"2022-07-25T13:02:40+00:00\",\"dateModified\":\"2022-07-25T13:02:42+00:00\",\"breadcrumb\":{\"@id\":\"https:\\\/\\\/radioljubuski.ba\\\/index.php\\\/2022\\\/07\\\/25\\\/tradicionalna-manifestacija-na-temeljima-bazilike-nase-odrzana-u-mokrom\\\/#breadcrumb\"},\"inLanguage\":\"hr\",\"potentialAction\":[{\"@type\":\"ReadAction\",\"target\":[\"https:\\\/\\\/radioljubuski.ba\\\/index.php\\\/2022\\\/07\\\/25\\\/tradicionalna-manifestacija-na-temeljima-bazilike-nase-odrzana-u-mokrom\\\/\"]}]},{\"@type\":\"ImageObject\",\"inLanguage\":\"hr\",\"@id\":\"https:\\\/\\\/radioljubuski.ba\\\/index.php\\\/2022\\\/07\\\/25\\\/tradicionalna-manifestacija-na-temeljima-bazilike-nase-odrzana-u-mokrom\\\/#primaryimage\",\"url\":\"https:\\\/\\\/radioljubuski.ba\\\/wp-content\\\/uploads\\\/2022\\\/07\\\/Na-temeljima-bazilike-nase-Mokro-810x540-1.jpg\",\"contentUrl\":\"https:\\\/\\\/radioljubuski.ba\\\/wp-content\\\/uploads\\\/2022\\\/07\\\/Na-temeljima-bazilike-nase-Mokro-810x540-1.jpg\",\"width\":810,\"height\":540},{\"@type\":\"BreadcrumbList\",\"@id\":\"https:\\\/\\\/radioljubuski.ba\\\/index.php\\\/2022\\\/07\\\/25\\\/tradicionalna-manifestacija-na-temeljima-bazilike-nase-odrzana-u-mokrom\\\/#breadcrumb\",\"itemListElement\":[{\"@type\":\"ListItem\",\"position\":1,\"name\":\"Po\u010detna stranica\",\"item\":\"https:\\\/\\\/radioljubuski.ba\\\/\"},{\"@type\":\"ListItem\",\"position\":2,\"name\":\"Tradicionalna manifestacija \u201cNa temeljima bazilike na\u0161e\u201d odr\u017eana u Mokrom\"}]},{\"@type\":\"WebSite\",\"@id\":\"https:\\\/\\\/radioljubuski.ba\\\/#website\",\"url\":\"https:\\\/\\\/radioljubuski.ba\\\/\",\"name\":\"Radio Ljubu\u0161ki\",\"description\":\"Sun\u010dana frekvencija Hercegovine\",\"publisher\":{\"@id\":\"https:\\\/\\\/radioljubuski.ba\\\/#organization\"},\"potentialAction\":[{\"@type\":\"SearchAction\",\"target\":{\"@type\":\"EntryPoint\",\"urlTemplate\":\"https:\\\/\\\/radioljubuski.ba\\\/?s={search_term_string}\"},\"query-input\":{\"@type\":\"PropertyValueSpecification\",\"valueRequired\":true,\"valueName\":\"search_term_string\"}}],\"inLanguage\":\"hr\"},{\"@type\":\"Organization\",\"@id\":\"https:\\\/\\\/radioljubuski.ba\\\/#organization\",\"name\":\"Radio Ljubu\u0161ki\",\"url\":\"https:\\\/\\\/radioljubuski.ba\\\/\",\"logo\":{\"@type\":\"ImageObject\",\"inLanguage\":\"hr\",\"@id\":\"https:\\\/\\\/radioljubuski.ba\\\/#\\\/schema\\\/logo\\\/image\\\/\",\"url\":\"https:\\\/\\\/radioljubuski.ba\\\/wp-content\\\/uploads\\\/2021\\\/02\\\/cropped-Radio_Ljubuski_logo1.jpg\",\"contentUrl\":\"https:\\\/\\\/radioljubuski.ba\\\/wp-content\\\/uploads\\\/2021\\\/02\\\/cropped-Radio_Ljubuski_logo1.jpg\",\"width\":512,\"height\":512,\"caption\":\"Radio Ljubu\u0161ki\"},\"image\":{\"@id\":\"https:\\\/\\\/radioljubuski.ba\\\/#\\\/schema\\\/logo\\\/image\\\/\"},\"sameAs\":[\"https:\\\/\\\/www.facebook.com\\\/Radiio-Ljubuski-1490835324566332\",\"https:\\\/\\\/x.com\\\/radioljubuski\",\"https:\\\/\\\/hr.linkedin.com\\\/company\\\/radio-ljubuski\",\"https:\\\/\\\/www.youtube.com\\\/channel\\\/UCHYaeO_n0Db3tjNGudGpXyw\"]},{\"@type\":\"Person\",\"@id\":\"https:\\\/\\\/radioljubuski.ba\\\/#\\\/schema\\\/person\\\/19fc700381a780f69665d7956c469e3b\",\"name\":\"Radio Ljubu\u0161ki\"}]}<\/script>\n<!-- \/ Yoast SEO plugin. -->","yoast_head_json":{"title":"Tradicionalna manifestacija \u201cNa temeljima bazilike na\u0161e\u201d odr\u017eana u Mokrom - RADIO LJUBU\u0160KI","robots":{"index":"index","follow":"follow","max-snippet":"max-snippet:-1","max-image-preview":"max-image-preview:large","max-video-preview":"max-video-preview:-1"},"canonical":"https:\/\/radioljubuski.ba\/index.php\/2022\/07\/25\/tradicionalna-manifestacija-na-temeljima-bazilike-nase-odrzana-u-mokrom\/","og_locale":"hr_HR","og_type":"article","og_title":"Tradicionalna manifestacija \u201cNa temeljima bazilike na\u0161e\u201d odr\u017eana u Mokrom - RADIO LJUBU\u0160KI","og_description":"U nedjelju je 11. put zaredom odr\u017eana kulturno-zabavna manifestacija \u201cNa temeljima bazilike na\u0161e\u201d, koja se ve\u0107 tradicionalno odr\u017eava prvu nedjelju nakon blagdana svetog Ilije u Mokrom kod \u0160irokog Brijega. Manifestacija je zapo\u010dela u 18 sati slavljem svete mise koju je predvodio fra Dario Gali\u0107 na temeljima starokr\u0161\u0107anske bazilike (V. \u2013VI. st.), na lokalitetu u narodu [&hellip;]","og_url":"https:\/\/radioljubuski.ba\/index.php\/2022\/07\/25\/tradicionalna-manifestacija-na-temeljima-bazilike-nase-odrzana-u-mokrom\/","og_site_name":"RADIO LJUBU\u0160KI","article_publisher":"https:\/\/www.facebook.com\/Radiio-Ljubuski-1490835324566332","article_published_time":"2022-07-25T13:02:40+00:00","article_modified_time":"2022-07-25T13:02:42+00:00","og_image":[{"width":810,"height":540,"url":"https:\/\/radioljubuski.ba\/wp-content\/uploads\/2022\/07\/Na-temeljima-bazilike-nase-Mokro-810x540-1.jpg","type":"image\/jpeg"}],"author":"Radio Ljubu\u0161ki","twitter_card":"summary_large_image","twitter_creator":"@radioljubuski","twitter_site":"@radioljubuski","twitter_misc":{"Napisao\/la":"Radio Ljubu\u0161ki","Procijenjeno vrijeme \u010ditanja":"2 minute"},"schema":{"@context":"https:\/\/schema.org","@graph":[{"@type":"Article","@id":"https:\/\/radioljubuski.ba\/index.php\/2022\/07\/25\/tradicionalna-manifestacija-na-temeljima-bazilike-nase-odrzana-u-mokrom\/#article","isPartOf":{"@id":"https:\/\/radioljubuski.ba\/index.php\/2022\/07\/25\/tradicionalna-manifestacija-na-temeljima-bazilike-nase-odrzana-u-mokrom\/"},"author":{"name":"Radio Ljubu\u0161ki","@id":"https:\/\/radioljubuski.ba\/#\/schema\/person\/19fc700381a780f69665d7956c469e3b"},"headline":"Tradicionalna manifestacija \u201cNa temeljima bazilike na\u0161e\u201d odr\u017eana u Mokrom","datePublished":"2022-07-25T13:02:40+00:00","dateModified":"2022-07-25T13:02:42+00:00","mainEntityOfPage":{"@id":"https:\/\/radioljubuski.ba\/index.php\/2022\/07\/25\/tradicionalna-manifestacija-na-temeljima-bazilike-nase-odrzana-u-mokrom\/"},"wordCount":335,"publisher":{"@id":"https:\/\/radioljubuski.ba\/#organization"},"image":{"@id":"https:\/\/radioljubuski.ba\/index.php\/2022\/07\/25\/tradicionalna-manifestacija-na-temeljima-bazilike-nase-odrzana-u-mokrom\/#primaryimage"},"thumbnailUrl":"https:\/\/radioljubuski.ba\/wp-content\/uploads\/2022\/07\/Na-temeljima-bazilike-nase-Mokro-810x540-1.jpg","articleSection":["BIH i regija"],"inLanguage":"hr"},{"@type":"WebPage","@id":"https:\/\/radioljubuski.ba\/index.php\/2022\/07\/25\/tradicionalna-manifestacija-na-temeljima-bazilike-nase-odrzana-u-mokrom\/","url":"https:\/\/radioljubuski.ba\/index.php\/2022\/07\/25\/tradicionalna-manifestacija-na-temeljima-bazilike-nase-odrzana-u-mokrom\/","name":"Tradicionalna manifestacija \u201cNa temeljima bazilike na\u0161e\u201d odr\u017eana u Mokrom - RADIO LJUBU\u0160KI","isPartOf":{"@id":"https:\/\/radioljubuski.ba\/#website"},"primaryImageOfPage":{"@id":"https:\/\/radioljubuski.ba\/index.php\/2022\/07\/25\/tradicionalna-manifestacija-na-temeljima-bazilike-nase-odrzana-u-mokrom\/#primaryimage"},"image":{"@id":"https:\/\/radioljubuski.ba\/index.php\/2022\/07\/25\/tradicionalna-manifestacija-na-temeljima-bazilike-nase-odrzana-u-mokrom\/#primaryimage"},"thumbnailUrl":"https:\/\/radioljubuski.ba\/wp-content\/uploads\/2022\/07\/Na-temeljima-bazilike-nase-Mokro-810x540-1.jpg","datePublished":"2022-07-25T13:02:40+00:00","dateModified":"2022-07-25T13:02:42+00:00","breadcrumb":{"@id":"https:\/\/radioljubuski.ba\/index.php\/2022\/07\/25\/tradicionalna-manifestacija-na-temeljima-bazilike-nase-odrzana-u-mokrom\/#breadcrumb"},"inLanguage":"hr","potentialAction":[{"@type":"ReadAction","target":["https:\/\/radioljubuski.ba\/index.php\/2022\/07\/25\/tradicionalna-manifestacija-na-temeljima-bazilike-nase-odrzana-u-mokrom\/"]}]},{"@type":"ImageObject","inLanguage":"hr","@id":"https:\/\/radioljubuski.ba\/index.php\/2022\/07\/25\/tradicionalna-manifestacija-na-temeljima-bazilike-nase-odrzana-u-mokrom\/#primaryimage","url":"https:\/\/radioljubuski.ba\/wp-content\/uploads\/2022\/07\/Na-temeljima-bazilike-nase-Mokro-810x540-1.jpg","contentUrl":"https:\/\/radioljubuski.ba\/wp-content\/uploads\/2022\/07\/Na-temeljima-bazilike-nase-Mokro-810x540-1.jpg","width":810,"height":540},{"@type":"BreadcrumbList","@id":"https:\/\/radioljubuski.ba\/index.php\/2022\/07\/25\/tradicionalna-manifestacija-na-temeljima-bazilike-nase-odrzana-u-mokrom\/#breadcrumb","itemListElement":[{"@type":"ListItem","position":1,"name":"Po\u010detna stranica","item":"https:\/\/radioljubuski.ba\/"},{"@type":"ListItem","position":2,"name":"Tradicionalna manifestacija \u201cNa temeljima bazilike na\u0161e\u201d odr\u017eana u Mokrom"}]},{"@type":"WebSite","@id":"https:\/\/radioljubuski.ba\/#website","url":"https:\/\/radioljubuski.ba\/","name":"Radio Ljubu\u0161ki","description":"Sun\u010dana frekvencija Hercegovine","publisher":{"@id":"https:\/\/radioljubuski.ba\/#organization"},"potentialAction":[{"@type":"SearchAction","target":{"@type":"EntryPoint","urlTemplate":"https:\/\/radioljubuski.ba\/?s={search_term_string}"},"query-input":{"@type":"PropertyValueSpecification","valueRequired":true,"valueName":"search_term_string"}}],"inLanguage":"hr"},{"@type":"Organization","@id":"https:\/\/radioljubuski.ba\/#organization","name":"Radio Ljubu\u0161ki","url":"https:\/\/radioljubuski.ba\/","logo":{"@type":"ImageObject","inLanguage":"hr","@id":"https:\/\/radioljubuski.ba\/#\/schema\/logo\/image\/","url":"https:\/\/radioljubuski.ba\/wp-content\/uploads\/2021\/02\/cropped-Radio_Ljubuski_logo1.jpg","contentUrl":"https:\/\/radioljubuski.ba\/wp-content\/uploads\/2021\/02\/cropped-Radio_Ljubuski_logo1.jpg","width":512,"height":512,"caption":"Radio Ljubu\u0161ki"},"image":{"@id":"https:\/\/radioljubuski.ba\/#\/schema\/logo\/image\/"},"sameAs":["https:\/\/www.facebook.com\/Radiio-Ljubuski-1490835324566332","https:\/\/x.com\/radioljubuski","https:\/\/hr.linkedin.com\/company\/radio-ljubuski","https:\/\/www.youtube.com\/channel\/UCHYaeO_n0Db3tjNGudGpXyw"]},{"@type":"Person","@id":"https:\/\/radioljubuski.ba\/#\/schema\/person\/19fc700381a780f69665d7956c469e3b","name":"Radio Ljubu\u0161ki"}]}},"_links":{"self":[{"href":"https:\/\/radioljubuski.ba\/index.php\/wp-json\/wp\/v2\/posts\/163337","targetHints":{"allow":["GET"]}}],"collection":[{"href":"https:\/\/radioljubuski.ba\/index.php\/wp-json\/wp\/v2\/posts"}],"about":[{"href":"https:\/\/radioljubuski.ba\/index.php\/wp-json\/wp\/v2\/types\/post"}],"author":[{"embeddable":true,"href":"https:\/\/radioljubuski.ba\/index.php\/wp-json\/wp\/v2\/users\/2"}],"replies":[{"embeddable":true,"href":"https:\/\/radioljubuski.ba\/index.php\/wp-json\/wp\/v2\/comments?post=163337"}],"version-history":[{"count":1,"href":"https:\/\/radioljubuski.ba\/index.php\/wp-json\/wp\/v2\/posts\/163337\/revisions"}],"predecessor-version":[{"id":163339,"href":"https:\/\/radioljubuski.ba\/index.php\/wp-json\/wp\/v2\/posts\/163337\/revisions\/163339"}],"wp:featuredmedia":[{"embeddable":true,"href":"https:\/\/radioljubuski.ba\/index.php\/wp-json\/wp\/v2\/media\/163338"}],"wp:attachment":[{"href":"https:\/\/radioljubuski.ba\/index.php\/wp-json\/wp\/v2\/media?parent=163337"}],"wp:term":[{"taxonomy":"category","embeddable":true,"href":"https:\/\/radioljubuski.ba\/index.php\/wp-json\/wp\/v2\/categories?post=163337"},{"taxonomy":"post_tag","embeddable":true,"href":"https:\/\/radioljubuski.ba\/index.php\/wp-json\/wp\/v2\/tags?post=163337"}],"curies":[{"name":"wp","href":"https:\/\/api.w.org\/{rel}","templated":true}]}}