{"id":163349,"date":"2022-07-25T14:09:00","date_gmt":"2022-07-25T13:09:00","guid":{"rendered":"https:\/\/radioljubuski.ba\/?p=163349"},"modified":"2022-07-25T14:09:01","modified_gmt":"2022-07-25T13:09:01","slug":"xavi-zatrazio-dovodenje-messija","status":"publish","type":"post","link":"https:\/\/radioljubuski.ba\/index.php\/2022\/07\/25\/xavi-zatrazio-dovodenje-messija\/","title":{"rendered":"Xavi zatra\u017eio dovo\u0111enje Messija"},"content":{"rendered":"\n<p><strong>Barcelonin trener Xavi Hernandez zatra\u017eio je od \u010delnika kluba dovo\u0111enje Lionela Messija. Xavi je svjestan da \u0107e te\u0161ko dovesti Messija ove sezone, ali ga \u017eeli vratiti u srpnju 2023. godine kada Argentinac postane slobodan igra\u010d.<\/strong><\/p>\n\n\n\n<p>\u201cXavi je u odli\u010dnim odnosima s argentinskom zvijezdom i uvjeren je da Messijev povratak mo\u017ee puno pomo\u0107i katalonskom klubu, kako financijski tako i sportski\u201d, pi\u0161e Sport i navodi kako je i Messijev i Barcelonin cilj da Argentinac zavr\u0161i karijeru u klubu u koji je do\u0161ao kao 13-godi\u0161njak, pi\u0161e Index.hr.<\/p>\n\n\n\n<p>Messi je Barcelonu napustio pro\u0161le godine nakon \u0161to mu Katalonci zbog financijskih problema nisu mogli ponuditi novi ugovor. \u201cIako \u0107e sljede\u0107e godine Messi proslaviti 36. ro\u0111endan, Xavi vjeruje da bi Messijev povratak ponovno pokrenuo klub te da Leo mo\u017ee ponuditi jo\u0161 puno toga na terenu i biti vo\u0111a nove Barcelonine mom\u010dadi\u201d, dodaje Sport.<\/p>\n\n\n\n<p>Xavi je svoju \u017eelju prenio upravi koja je ve\u0107 krenula u akciju povratka Messija, ali problem je i \u0161to PSG nudi novi ugovor Argentincu. Messi \u0107e o tome u kojem \u0107e klubu igrati sljede\u0107e sezone razmi\u0161ljati nakon prosinca i Svjetskog prvenstva, dotad ne \u017eeli pregovarati.<\/p>\n\n\n\n<p>\/HMS\/<\/p>\n","protected":false},"excerpt":{"rendered":"<p>Barcelonin trener Xavi Hernandez zatra\u017eio je od \u010delnika kluba dovo\u0111enje Lionela Messija. Xavi je svjestan da \u0107e te\u0161ko dovesti Messija ove sezone, ali ga \u017eeli vratiti u srpnju 2023. godine kada Argentinac postane slobodan igra\u010d. \u201cXavi je u odli\u010dnim odnosima s argentinskom zvijezdom i uvjeren je da Messijev povratak mo\u017ee puno pomo\u0107i katalonskom klubu, kako [&hellip;]<\/p>\n","protected":false},"author":2,"featured_media":163350,"comment_status":"closed","ping_status":"closed","sticky":false,"template":"","format":"standard","meta":{"h5ap_radio_sources":[],"footnotes":""},"categories":[7],"tags":[],"class_list":["post-163349","post","type-post","status-publish","format-standard","has-post-thumbnail","hentry","category-sport"],"yoast_head":"<!-- This site is optimized with the Yoast SEO plugin v27.5 - https:\/\/yoast.com\/product\/yoast-seo-wordpress\/ -->\n<title>Xavi zatra\u017eio dovo\u0111enje Messija - RADIO LJUBU\u0160KI<\/title>\n<meta name=\"robots\" content=\"index, follow, max-snippet:-1, max-image-preview:large, max-video-preview:-1\" \/>\n<link rel=\"canonical\" href=\"https:\/\/radioljubuski.ba\/index.php\/2022\/07\/25\/xavi-zatrazio-dovodenje-messija\/\" \/>\n<meta property=\"og:locale\" content=\"hr_HR\" \/>\n<meta property=\"og:type\" content=\"article\" \/>\n<meta property=\"og:title\" content=\"Xavi zatra\u017eio dovo\u0111enje Messija - RADIO LJUBU\u0160KI\" \/>\n<meta property=\"og:description\" content=\"Barcelonin trener Xavi Hernandez zatra\u017eio je od \u010delnika kluba dovo\u0111enje Lionela Messija. Xavi je svjestan da \u0107e te\u0161ko dovesti Messija ove sezone, ali ga \u017eeli vratiti u srpnju 2023. godine kada Argentinac postane slobodan igra\u010d. \u201cXavi je u odli\u010dnim odnosima s argentinskom zvijezdom i uvjeren je da Messijev povratak mo\u017ee puno pomo\u0107i katalonskom klubu, kako [&hellip;]\" \/>\n<meta property=\"og:url\" content=\"https:\/\/radioljubuski.ba\/index.php\/2022\/07\/25\/xavi-zatrazio-dovodenje-messija\/\" \/>\n<meta property=\"og:site_name\" content=\"RADIO LJUBU\u0160KI\" \/>\n<meta property=\"article:publisher\" content=\"https:\/\/www.facebook.com\/Radiio-Ljubuski-1490835324566332\" \/>\n<meta property=\"article:published_time\" content=\"2022-07-25T13:09:00+00:00\" \/>\n<meta property=\"article:modified_time\" content=\"2022-07-25T13:09:01+00:00\" \/>\n<meta property=\"og:image\" content=\"https:\/\/radioljubuski.ba\/wp-content\/uploads\/2022\/07\/messi.jpg\" \/>\n\t<meta property=\"og:image:width\" content=\"765\" \/>\n\t<meta property=\"og:image:height\" content=\"403\" \/>\n\t<meta property=\"og:image:type\" content=\"image\/jpeg\" \/>\n<meta name=\"author\" content=\"Radio Ljubu\u0161ki\" \/>\n<meta name=\"twitter:card\" content=\"summary_large_image\" \/>\n<meta name=\"twitter:creator\" content=\"@radioljubuski\" \/>\n<meta name=\"twitter:site\" content=\"@radioljubuski\" \/>\n<meta name=\"twitter:label1\" content=\"Napisao\/la\" \/>\n\t<meta name=\"twitter:data1\" content=\"Radio Ljubu\u0161ki\" \/>\n\t<meta name=\"twitter:label2\" content=\"Procijenjeno vrijeme \u010ditanja\" \/>\n\t<meta name=\"twitter:data2\" content=\"1 minuta\" \/>\n<script type=\"application\/ld+json\" class=\"yoast-schema-graph\">{\"@context\":\"https:\\\/\\\/schema.org\",\"@graph\":[{\"@type\":\"Article\",\"@id\":\"https:\\\/\\\/radioljubuski.ba\\\/index.php\\\/2022\\\/07\\\/25\\\/xavi-zatrazio-dovodenje-messija\\\/#article\",\"isPartOf\":{\"@id\":\"https:\\\/\\\/radioljubuski.ba\\\/index.php\\\/2022\\\/07\\\/25\\\/xavi-zatrazio-dovodenje-messija\\\/\"},\"author\":{\"name\":\"Radio Ljubu\u0161ki\",\"@id\":\"https:\\\/\\\/radioljubuski.ba\\\/#\\\/schema\\\/person\\\/19fc700381a780f69665d7956c469e3b\"},\"headline\":\"Xavi zatra\u017eio dovo\u0111enje Messija\",\"datePublished\":\"2022-07-25T13:09:00+00:00\",\"dateModified\":\"2022-07-25T13:09:01+00:00\",\"mainEntityOfPage\":{\"@id\":\"https:\\\/\\\/radioljubuski.ba\\\/index.php\\\/2022\\\/07\\\/25\\\/xavi-zatrazio-dovodenje-messija\\\/\"},\"wordCount\":207,\"publisher\":{\"@id\":\"https:\\\/\\\/radioljubuski.ba\\\/#organization\"},\"image\":{\"@id\":\"https:\\\/\\\/radioljubuski.ba\\\/index.php\\\/2022\\\/07\\\/25\\\/xavi-zatrazio-dovodenje-messija\\\/#primaryimage\"},\"thumbnailUrl\":\"https:\\\/\\\/radioljubuski.ba\\\/wp-content\\\/uploads\\\/2022\\\/07\\\/messi.jpg\",\"articleSection\":[\"\u0160port\"],\"inLanguage\":\"hr\"},{\"@type\":\"WebPage\",\"@id\":\"https:\\\/\\\/radioljubuski.ba\\\/index.php\\\/2022\\\/07\\\/25\\\/xavi-zatrazio-dovodenje-messija\\\/\",\"url\":\"https:\\\/\\\/radioljubuski.ba\\\/index.php\\\/2022\\\/07\\\/25\\\/xavi-zatrazio-dovodenje-messija\\\/\",\"name\":\"Xavi zatra\u017eio dovo\u0111enje Messija - RADIO LJUBU\u0160KI\",\"isPartOf\":{\"@id\":\"https:\\\/\\\/radioljubuski.ba\\\/#website\"},\"primaryImageOfPage\":{\"@id\":\"https:\\\/\\\/radioljubuski.ba\\\/index.php\\\/2022\\\/07\\\/25\\\/xavi-zatrazio-dovodenje-messija\\\/#primaryimage\"},\"image\":{\"@id\":\"https:\\\/\\\/radioljubuski.ba\\\/index.php\\\/2022\\\/07\\\/25\\\/xavi-zatrazio-dovodenje-messija\\\/#primaryimage\"},\"thumbnailUrl\":\"https:\\\/\\\/radioljubuski.ba\\\/wp-content\\\/uploads\\\/2022\\\/07\\\/messi.jpg\",\"datePublished\":\"2022-07-25T13:09:00+00:00\",\"dateModified\":\"2022-07-25T13:09:01+00:00\",\"breadcrumb\":{\"@id\":\"https:\\\/\\\/radioljubuski.ba\\\/index.php\\\/2022\\\/07\\\/25\\\/xavi-zatrazio-dovodenje-messija\\\/#breadcrumb\"},\"inLanguage\":\"hr\",\"potentialAction\":[{\"@type\":\"ReadAction\",\"target\":[\"https:\\\/\\\/radioljubuski.ba\\\/index.php\\\/2022\\\/07\\\/25\\\/xavi-zatrazio-dovodenje-messija\\\/\"]}]},{\"@type\":\"ImageObject\",\"inLanguage\":\"hr\",\"@id\":\"https:\\\/\\\/radioljubuski.ba\\\/index.php\\\/2022\\\/07\\\/25\\\/xavi-zatrazio-dovodenje-messija\\\/#primaryimage\",\"url\":\"https:\\\/\\\/radioljubuski.ba\\\/wp-content\\\/uploads\\\/2022\\\/07\\\/messi.jpg\",\"contentUrl\":\"https:\\\/\\\/radioljubuski.ba\\\/wp-content\\\/uploads\\\/2022\\\/07\\\/messi.jpg\",\"width\":765,\"height\":403},{\"@type\":\"BreadcrumbList\",\"@id\":\"https:\\\/\\\/radioljubuski.ba\\\/index.php\\\/2022\\\/07\\\/25\\\/xavi-zatrazio-dovodenje-messija\\\/#breadcrumb\",\"itemListElement\":[{\"@type\":\"ListItem\",\"position\":1,\"name\":\"Po\u010detna stranica\",\"item\":\"https:\\\/\\\/radioljubuski.ba\\\/\"},{\"@type\":\"ListItem\",\"position\":2,\"name\":\"Xavi zatra\u017eio dovo\u0111enje Messija\"}]},{\"@type\":\"WebSite\",\"@id\":\"https:\\\/\\\/radioljubuski.ba\\\/#website\",\"url\":\"https:\\\/\\\/radioljubuski.ba\\\/\",\"name\":\"Radio Ljubu\u0161ki\",\"description\":\"Sun\u010dana frekvencija Hercegovine\",\"publisher\":{\"@id\":\"https:\\\/\\\/radioljubuski.ba\\\/#organization\"},\"potentialAction\":[{\"@type\":\"SearchAction\",\"target\":{\"@type\":\"EntryPoint\",\"urlTemplate\":\"https:\\\/\\\/radioljubuski.ba\\\/?s={search_term_string}\"},\"query-input\":{\"@type\":\"PropertyValueSpecification\",\"valueRequired\":true,\"valueName\":\"search_term_string\"}}],\"inLanguage\":\"hr\"},{\"@type\":\"Organization\",\"@id\":\"https:\\\/\\\/radioljubuski.ba\\\/#organization\",\"name\":\"Radio Ljubu\u0161ki\",\"url\":\"https:\\\/\\\/radioljubuski.ba\\\/\",\"logo\":{\"@type\":\"ImageObject\",\"inLanguage\":\"hr\",\"@id\":\"https:\\\/\\\/radioljubuski.ba\\\/#\\\/schema\\\/logo\\\/image\\\/\",\"url\":\"https:\\\/\\\/radioljubuski.ba\\\/wp-content\\\/uploads\\\/2021\\\/02\\\/cropped-Radio_Ljubuski_logo1.jpg\",\"contentUrl\":\"https:\\\/\\\/radioljubuski.ba\\\/wp-content\\\/uploads\\\/2021\\\/02\\\/cropped-Radio_Ljubuski_logo1.jpg\",\"width\":512,\"height\":512,\"caption\":\"Radio Ljubu\u0161ki\"},\"image\":{\"@id\":\"https:\\\/\\\/radioljubuski.ba\\\/#\\\/schema\\\/logo\\\/image\\\/\"},\"sameAs\":[\"https:\\\/\\\/www.facebook.com\\\/Radiio-Ljubuski-1490835324566332\",\"https:\\\/\\\/x.com\\\/radioljubuski\",\"https:\\\/\\\/hr.linkedin.com\\\/company\\\/radio-ljubuski\",\"https:\\\/\\\/www.youtube.com\\\/channel\\\/UCHYaeO_n0Db3tjNGudGpXyw\"]},{\"@type\":\"Person\",\"@id\":\"https:\\\/\\\/radioljubuski.ba\\\/#\\\/schema\\\/person\\\/19fc700381a780f69665d7956c469e3b\",\"name\":\"Radio Ljubu\u0161ki\"}]}<\/script>\n<!-- \/ Yoast SEO plugin. -->","yoast_head_json":{"title":"Xavi zatra\u017eio dovo\u0111enje Messija - RADIO LJUBU\u0160KI","robots":{"index":"index","follow":"follow","max-snippet":"max-snippet:-1","max-image-preview":"max-image-preview:large","max-video-preview":"max-video-preview:-1"},"canonical":"https:\/\/radioljubuski.ba\/index.php\/2022\/07\/25\/xavi-zatrazio-dovodenje-messija\/","og_locale":"hr_HR","og_type":"article","og_title":"Xavi zatra\u017eio dovo\u0111enje Messija - RADIO LJUBU\u0160KI","og_description":"Barcelonin trener Xavi Hernandez zatra\u017eio je od \u010delnika kluba dovo\u0111enje Lionela Messija. Xavi je svjestan da \u0107e te\u0161ko dovesti Messija ove sezone, ali ga \u017eeli vratiti u srpnju 2023. godine kada Argentinac postane slobodan igra\u010d. \u201cXavi je u odli\u010dnim odnosima s argentinskom zvijezdom i uvjeren je da Messijev povratak mo\u017ee puno pomo\u0107i katalonskom klubu, kako [&hellip;]","og_url":"https:\/\/radioljubuski.ba\/index.php\/2022\/07\/25\/xavi-zatrazio-dovodenje-messija\/","og_site_name":"RADIO LJUBU\u0160KI","article_publisher":"https:\/\/www.facebook.com\/Radiio-Ljubuski-1490835324566332","article_published_time":"2022-07-25T13:09:00+00:00","article_modified_time":"2022-07-25T13:09:01+00:00","og_image":[{"width":765,"height":403,"url":"https:\/\/radioljubuski.ba\/wp-content\/uploads\/2022\/07\/messi.jpg","type":"image\/jpeg"}],"author":"Radio Ljubu\u0161ki","twitter_card":"summary_large_image","twitter_creator":"@radioljubuski","twitter_site":"@radioljubuski","twitter_misc":{"Napisao\/la":"Radio Ljubu\u0161ki","Procijenjeno vrijeme \u010ditanja":"1 minuta"},"schema":{"@context":"https:\/\/schema.org","@graph":[{"@type":"Article","@id":"https:\/\/radioljubuski.ba\/index.php\/2022\/07\/25\/xavi-zatrazio-dovodenje-messija\/#article","isPartOf":{"@id":"https:\/\/radioljubuski.ba\/index.php\/2022\/07\/25\/xavi-zatrazio-dovodenje-messija\/"},"author":{"name":"Radio Ljubu\u0161ki","@id":"https:\/\/radioljubuski.ba\/#\/schema\/person\/19fc700381a780f69665d7956c469e3b"},"headline":"Xavi zatra\u017eio dovo\u0111enje Messija","datePublished":"2022-07-25T13:09:00+00:00","dateModified":"2022-07-25T13:09:01+00:00","mainEntityOfPage":{"@id":"https:\/\/radioljubuski.ba\/index.php\/2022\/07\/25\/xavi-zatrazio-dovodenje-messija\/"},"wordCount":207,"publisher":{"@id":"https:\/\/radioljubuski.ba\/#organization"},"image":{"@id":"https:\/\/radioljubuski.ba\/index.php\/2022\/07\/25\/xavi-zatrazio-dovodenje-messija\/#primaryimage"},"thumbnailUrl":"https:\/\/radioljubuski.ba\/wp-content\/uploads\/2022\/07\/messi.jpg","articleSection":["\u0160port"],"inLanguage":"hr"},{"@type":"WebPage","@id":"https:\/\/radioljubuski.ba\/index.php\/2022\/07\/25\/xavi-zatrazio-dovodenje-messija\/","url":"https:\/\/radioljubuski.ba\/index.php\/2022\/07\/25\/xavi-zatrazio-dovodenje-messija\/","name":"Xavi zatra\u017eio dovo\u0111enje Messija - RADIO LJUBU\u0160KI","isPartOf":{"@id":"https:\/\/radioljubuski.ba\/#website"},"primaryImageOfPage":{"@id":"https:\/\/radioljubuski.ba\/index.php\/2022\/07\/25\/xavi-zatrazio-dovodenje-messija\/#primaryimage"},"image":{"@id":"https:\/\/radioljubuski.ba\/index.php\/2022\/07\/25\/xavi-zatrazio-dovodenje-messija\/#primaryimage"},"thumbnailUrl":"https:\/\/radioljubuski.ba\/wp-content\/uploads\/2022\/07\/messi.jpg","datePublished":"2022-07-25T13:09:00+00:00","dateModified":"2022-07-25T13:09:01+00:00","breadcrumb":{"@id":"https:\/\/radioljubuski.ba\/index.php\/2022\/07\/25\/xavi-zatrazio-dovodenje-messija\/#breadcrumb"},"inLanguage":"hr","potentialAction":[{"@type":"ReadAction","target":["https:\/\/radioljubuski.ba\/index.php\/2022\/07\/25\/xavi-zatrazio-dovodenje-messija\/"]}]},{"@type":"ImageObject","inLanguage":"hr","@id":"https:\/\/radioljubuski.ba\/index.php\/2022\/07\/25\/xavi-zatrazio-dovodenje-messija\/#primaryimage","url":"https:\/\/radioljubuski.ba\/wp-content\/uploads\/2022\/07\/messi.jpg","contentUrl":"https:\/\/radioljubuski.ba\/wp-content\/uploads\/2022\/07\/messi.jpg","width":765,"height":403},{"@type":"BreadcrumbList","@id":"https:\/\/radioljubuski.ba\/index.php\/2022\/07\/25\/xavi-zatrazio-dovodenje-messija\/#breadcrumb","itemListElement":[{"@type":"ListItem","position":1,"name":"Po\u010detna stranica","item":"https:\/\/radioljubuski.ba\/"},{"@type":"ListItem","position":2,"name":"Xavi zatra\u017eio dovo\u0111enje Messija"}]},{"@type":"WebSite","@id":"https:\/\/radioljubuski.ba\/#website","url":"https:\/\/radioljubuski.ba\/","name":"Radio Ljubu\u0161ki","description":"Sun\u010dana frekvencija Hercegovine","publisher":{"@id":"https:\/\/radioljubuski.ba\/#organization"},"potentialAction":[{"@type":"SearchAction","target":{"@type":"EntryPoint","urlTemplate":"https:\/\/radioljubuski.ba\/?s={search_term_string}"},"query-input":{"@type":"PropertyValueSpecification","valueRequired":true,"valueName":"search_term_string"}}],"inLanguage":"hr"},{"@type":"Organization","@id":"https:\/\/radioljubuski.ba\/#organization","name":"Radio Ljubu\u0161ki","url":"https:\/\/radioljubuski.ba\/","logo":{"@type":"ImageObject","inLanguage":"hr","@id":"https:\/\/radioljubuski.ba\/#\/schema\/logo\/image\/","url":"https:\/\/radioljubuski.ba\/wp-content\/uploads\/2021\/02\/cropped-Radio_Ljubuski_logo1.jpg","contentUrl":"https:\/\/radioljubuski.ba\/wp-content\/uploads\/2021\/02\/cropped-Radio_Ljubuski_logo1.jpg","width":512,"height":512,"caption":"Radio Ljubu\u0161ki"},"image":{"@id":"https:\/\/radioljubuski.ba\/#\/schema\/logo\/image\/"},"sameAs":["https:\/\/www.facebook.com\/Radiio-Ljubuski-1490835324566332","https:\/\/x.com\/radioljubuski","https:\/\/hr.linkedin.com\/company\/radio-ljubuski","https:\/\/www.youtube.com\/channel\/UCHYaeO_n0Db3tjNGudGpXyw"]},{"@type":"Person","@id":"https:\/\/radioljubuski.ba\/#\/schema\/person\/19fc700381a780f69665d7956c469e3b","name":"Radio Ljubu\u0161ki"}]}},"_links":{"self":[{"href":"https:\/\/radioljubuski.ba\/index.php\/wp-json\/wp\/v2\/posts\/163349","targetHints":{"allow":["GET"]}}],"collection":[{"href":"https:\/\/radioljubuski.ba\/index.php\/wp-json\/wp\/v2\/posts"}],"about":[{"href":"https:\/\/radioljubuski.ba\/index.php\/wp-json\/wp\/v2\/types\/post"}],"author":[{"embeddable":true,"href":"https:\/\/radioljubuski.ba\/index.php\/wp-json\/wp\/v2\/users\/2"}],"replies":[{"embeddable":true,"href":"https:\/\/radioljubuski.ba\/index.php\/wp-json\/wp\/v2\/comments?post=163349"}],"version-history":[{"count":1,"href":"https:\/\/radioljubuski.ba\/index.php\/wp-json\/wp\/v2\/posts\/163349\/revisions"}],"predecessor-version":[{"id":163351,"href":"https:\/\/radioljubuski.ba\/index.php\/wp-json\/wp\/v2\/posts\/163349\/revisions\/163351"}],"wp:featuredmedia":[{"embeddable":true,"href":"https:\/\/radioljubuski.ba\/index.php\/wp-json\/wp\/v2\/media\/163350"}],"wp:attachment":[{"href":"https:\/\/radioljubuski.ba\/index.php\/wp-json\/wp\/v2\/media?parent=163349"}],"wp:term":[{"taxonomy":"category","embeddable":true,"href":"https:\/\/radioljubuski.ba\/index.php\/wp-json\/wp\/v2\/categories?post=163349"},{"taxonomy":"post_tag","embeddable":true,"href":"https:\/\/radioljubuski.ba\/index.php\/wp-json\/wp\/v2\/tags?post=163349"}],"curies":[{"name":"wp","href":"https:\/\/api.w.org\/{rel}","templated":true}]}}