{"id":163352,"date":"2022-07-25T14:10:54","date_gmt":"2022-07-25T13:10:54","guid":{"rendered":"https:\/\/radioljubuski.ba\/?p=163352"},"modified":"2022-07-25T14:10:55","modified_gmt":"2022-07-25T13:10:55","slug":"siroki-brijeg-38-umjetnika-predstavilo-svoje-radove","status":"publish","type":"post","link":"https:\/\/radioljubuski.ba\/index.php\/2022\/07\/25\/siroki-brijeg-38-umjetnika-predstavilo-svoje-radove\/","title":{"rendered":"\u0160iroki Brijeg: 38 umjetnika predstavilo svoje radove"},"content":{"rendered":"\n<h5 class=\"wp-block-heading\"><strong>Dvadeseta Me\u0111unarodna izlo\u017eba \u201dPrivatno i javno\u201d otvorena je u petak nave\u010der u vrtu ateljea Vu\u010dkovi\u0107 i NV galerije u \u0160irokom Brijegu.<\/strong><\/h5>\n\n\n\n<p>Na ovoj jednove\u010dernjoj likovnoj manifestaciji izlagalo je <strong>38 umjetnika<\/strong> iz BiH, Hrvatske, Sjeverne Makedonije, Srbije i Njema\u010dke.<\/p>\n\n\n\n<p>Dodijeljene su i <strong>nagrade za mlade<\/strong> \u201dNikola Vu\u010dkovi\u0107\u201d o kojima je odlu\u010divao petero\u010dlani stru\u010dni \u017eiri: Sandra Zuanovi\u0107 (Berlin), Milan Zori\u010di\u0107 (Knin), Dragana Nui\u0107-Vu\u010dkovi\u0107 (\u0160iroki Brijeg), Denis Hara\u010di\u0107 (Sarajevo ) i Igor Brki\u0107 (Kri\u017eevci).<\/p>\n\n\n\n<p>Dobitnici nagrada su <strong>Veronika Strini\u0107<\/strong>, akademska grafi\u010darka\/slikarica iz Livna i <strong>Amer Had\u017ei\u0107<\/strong>, akademski grafi\u010dar\/slikar iz Sarajeva, prenosi Jabuka.tv.<\/p>\n\n\n\n<p>U NV galeriji u sklopu manifestacije otvorena je <strong>samostalna izlo\u017eba<\/strong> akademskog kipara <strong>Dejana Pranjkovi\u0107a<\/strong> iz Travnika, \u201dIndustrial &amp; Steampunk\u201d, nagra\u0111enog na ovoj izlo\u017ebi 2017. godine.<\/p>\n\n\n\n<p><strong>Veronika Strini\u0107<\/strong> diplomirala je grafiku na Akademiji likovnih umjetnosti u \u0160irokom Brijegu, gdje je trenutno na diplomskom studiju slikarstva.<\/p>\n\n\n\n<p><strong>Amer Had\u017ei\u0107<\/strong> diplomirao je grafiku na ALU u Sarajevu, gdje radi kao asistent na grafi\u010dkom odjelu.<\/p>\n\n\n\n<p>Nagrade za mlade utemeljio je osniva\u010d manifestacije \u201dPrivatno i javno\u201d, akademski kipar <strong>Nikola Vu\u010dkovi\u0107<\/strong> iz Metkovi\u0107a (1956.-2020.), dugogodi\u0161nji profesor kiparstva na ALU u \u0160irokom Brijegu. Izlo\u017ebe je otvorila prof. <strong>Dragana Nui\u0107-Vu\u010dkovi\u0107<\/strong>.<\/p>\n\n\n\n<p>\/HMS\/<\/p>\n","protected":false},"excerpt":{"rendered":"<p>Dvadeseta Me\u0111unarodna izlo\u017eba \u201dPrivatno i javno\u201d otvorena je u petak nave\u010der u vrtu ateljea Vu\u010dkovi\u0107 i NV galerije u \u0160irokom Brijegu. Na ovoj jednove\u010dernjoj likovnoj manifestaciji izlagalo je 38 umjetnika iz BiH, Hrvatske, Sjeverne Makedonije, Srbije i Njema\u010dke. Dodijeljene su i nagrade za mlade \u201dNikola Vu\u010dkovi\u0107\u201d o kojima je odlu\u010divao petero\u010dlani stru\u010dni \u017eiri: Sandra Zuanovi\u0107 [&hellip;]<\/p>\n","protected":false},"author":2,"featured_media":163353,"comment_status":"closed","ping_status":"closed","sticky":false,"template":"","format":"standard","meta":{"h5ap_radio_sources":[],"footnotes":""},"categories":[1],"tags":[],"class_list":["post-163352","post","type-post","status-publish","format-standard","has-post-thumbnail","hentry","category-bihiregija"],"yoast_head":"<!-- This site is optimized with the Yoast SEO plugin v27.5 - https:\/\/yoast.com\/product\/yoast-seo-wordpress\/ -->\n<title>\u0160iroki Brijeg: 38 umjetnika predstavilo svoje radove - RADIO LJUBU\u0160KI<\/title>\n<meta name=\"robots\" content=\"index, follow, max-snippet:-1, max-image-preview:large, max-video-preview:-1\" \/>\n<link rel=\"canonical\" href=\"https:\/\/radioljubuski.ba\/index.php\/2022\/07\/25\/siroki-brijeg-38-umjetnika-predstavilo-svoje-radove\/\" \/>\n<meta property=\"og:locale\" content=\"hr_HR\" \/>\n<meta property=\"og:type\" content=\"article\" \/>\n<meta property=\"og:title\" content=\"\u0160iroki Brijeg: 38 umjetnika predstavilo svoje radove - RADIO LJUBU\u0160KI\" \/>\n<meta property=\"og:description\" content=\"Dvadeseta Me\u0111unarodna izlo\u017eba \u201dPrivatno i javno\u201d otvorena je u petak nave\u010der u vrtu ateljea Vu\u010dkovi\u0107 i NV galerije u \u0160irokom Brijegu. Na ovoj jednove\u010dernjoj likovnoj manifestaciji izlagalo je 38 umjetnika iz BiH, Hrvatske, Sjeverne Makedonije, Srbije i Njema\u010dke. Dodijeljene su i nagrade za mlade \u201dNikola Vu\u010dkovi\u0107\u201d o kojima je odlu\u010divao petero\u010dlani stru\u010dni \u017eiri: Sandra Zuanovi\u0107 [&hellip;]\" \/>\n<meta property=\"og:url\" content=\"https:\/\/radioljubuski.ba\/index.php\/2022\/07\/25\/siroki-brijeg-38-umjetnika-predstavilo-svoje-radove\/\" \/>\n<meta property=\"og:site_name\" content=\"RADIO LJUBU\u0160KI\" \/>\n<meta property=\"article:publisher\" content=\"https:\/\/www.facebook.com\/Radiio-Ljubuski-1490835324566332\" \/>\n<meta property=\"article:published_time\" content=\"2022-07-25T13:10:54+00:00\" \/>\n<meta property=\"article:modified_time\" content=\"2022-07-25T13:10:55+00:00\" \/>\n<meta property=\"og:image\" content=\"https:\/\/radioljubuski.ba\/wp-content\/uploads\/2022\/07\/izlozba-privatno-javno-NV-galerija-9-810x524-1.jpg\" \/>\n\t<meta property=\"og:image:width\" content=\"810\" \/>\n\t<meta property=\"og:image:height\" content=\"524\" \/>\n\t<meta property=\"og:image:type\" content=\"image\/jpeg\" \/>\n<meta name=\"author\" content=\"Radio Ljubu\u0161ki\" \/>\n<meta name=\"twitter:card\" content=\"summary_large_image\" \/>\n<meta name=\"twitter:creator\" content=\"@radioljubuski\" \/>\n<meta name=\"twitter:site\" content=\"@radioljubuski\" \/>\n<meta name=\"twitter:label1\" content=\"Napisao\/la\" \/>\n\t<meta name=\"twitter:data1\" content=\"Radio Ljubu\u0161ki\" \/>\n\t<meta name=\"twitter:label2\" content=\"Procijenjeno vrijeme \u010ditanja\" \/>\n\t<meta name=\"twitter:data2\" content=\"1 minuta\" \/>\n<script type=\"application\/ld+json\" class=\"yoast-schema-graph\">{\"@context\":\"https:\\\/\\\/schema.org\",\"@graph\":[{\"@type\":\"Article\",\"@id\":\"https:\\\/\\\/radioljubuski.ba\\\/index.php\\\/2022\\\/07\\\/25\\\/siroki-brijeg-38-umjetnika-predstavilo-svoje-radove\\\/#article\",\"isPartOf\":{\"@id\":\"https:\\\/\\\/radioljubuski.ba\\\/index.php\\\/2022\\\/07\\\/25\\\/siroki-brijeg-38-umjetnika-predstavilo-svoje-radove\\\/\"},\"author\":{\"name\":\"Radio Ljubu\u0161ki\",\"@id\":\"https:\\\/\\\/radioljubuski.ba\\\/#\\\/schema\\\/person\\\/19fc700381a780f69665d7956c469e3b\"},\"headline\":\"\u0160iroki Brijeg: 38 umjetnika predstavilo svoje radove\",\"datePublished\":\"2022-07-25T13:10:54+00:00\",\"dateModified\":\"2022-07-25T13:10:55+00:00\",\"mainEntityOfPage\":{\"@id\":\"https:\\\/\\\/radioljubuski.ba\\\/index.php\\\/2022\\\/07\\\/25\\\/siroki-brijeg-38-umjetnika-predstavilo-svoje-radove\\\/\"},\"wordCount\":217,\"publisher\":{\"@id\":\"https:\\\/\\\/radioljubuski.ba\\\/#organization\"},\"image\":{\"@id\":\"https:\\\/\\\/radioljubuski.ba\\\/index.php\\\/2022\\\/07\\\/25\\\/siroki-brijeg-38-umjetnika-predstavilo-svoje-radove\\\/#primaryimage\"},\"thumbnailUrl\":\"https:\\\/\\\/radioljubuski.ba\\\/wp-content\\\/uploads\\\/2022\\\/07\\\/izlozba-privatno-javno-NV-galerija-9-810x524-1.jpg\",\"articleSection\":[\"BIH i regija\"],\"inLanguage\":\"hr\"},{\"@type\":\"WebPage\",\"@id\":\"https:\\\/\\\/radioljubuski.ba\\\/index.php\\\/2022\\\/07\\\/25\\\/siroki-brijeg-38-umjetnika-predstavilo-svoje-radove\\\/\",\"url\":\"https:\\\/\\\/radioljubuski.ba\\\/index.php\\\/2022\\\/07\\\/25\\\/siroki-brijeg-38-umjetnika-predstavilo-svoje-radove\\\/\",\"name\":\"\u0160iroki Brijeg: 38 umjetnika predstavilo svoje radove - RADIO LJUBU\u0160KI\",\"isPartOf\":{\"@id\":\"https:\\\/\\\/radioljubuski.ba\\\/#website\"},\"primaryImageOfPage\":{\"@id\":\"https:\\\/\\\/radioljubuski.ba\\\/index.php\\\/2022\\\/07\\\/25\\\/siroki-brijeg-38-umjetnika-predstavilo-svoje-radove\\\/#primaryimage\"},\"image\":{\"@id\":\"https:\\\/\\\/radioljubuski.ba\\\/index.php\\\/2022\\\/07\\\/25\\\/siroki-brijeg-38-umjetnika-predstavilo-svoje-radove\\\/#primaryimage\"},\"thumbnailUrl\":\"https:\\\/\\\/radioljubuski.ba\\\/wp-content\\\/uploads\\\/2022\\\/07\\\/izlozba-privatno-javno-NV-galerija-9-810x524-1.jpg\",\"datePublished\":\"2022-07-25T13:10:54+00:00\",\"dateModified\":\"2022-07-25T13:10:55+00:00\",\"breadcrumb\":{\"@id\":\"https:\\\/\\\/radioljubuski.ba\\\/index.php\\\/2022\\\/07\\\/25\\\/siroki-brijeg-38-umjetnika-predstavilo-svoje-radove\\\/#breadcrumb\"},\"inLanguage\":\"hr\",\"potentialAction\":[{\"@type\":\"ReadAction\",\"target\":[\"https:\\\/\\\/radioljubuski.ba\\\/index.php\\\/2022\\\/07\\\/25\\\/siroki-brijeg-38-umjetnika-predstavilo-svoje-radove\\\/\"]}]},{\"@type\":\"ImageObject\",\"inLanguage\":\"hr\",\"@id\":\"https:\\\/\\\/radioljubuski.ba\\\/index.php\\\/2022\\\/07\\\/25\\\/siroki-brijeg-38-umjetnika-predstavilo-svoje-radove\\\/#primaryimage\",\"url\":\"https:\\\/\\\/radioljubuski.ba\\\/wp-content\\\/uploads\\\/2022\\\/07\\\/izlozba-privatno-javno-NV-galerija-9-810x524-1.jpg\",\"contentUrl\":\"https:\\\/\\\/radioljubuski.ba\\\/wp-content\\\/uploads\\\/2022\\\/07\\\/izlozba-privatno-javno-NV-galerija-9-810x524-1.jpg\",\"width\":810,\"height\":524},{\"@type\":\"BreadcrumbList\",\"@id\":\"https:\\\/\\\/radioljubuski.ba\\\/index.php\\\/2022\\\/07\\\/25\\\/siroki-brijeg-38-umjetnika-predstavilo-svoje-radove\\\/#breadcrumb\",\"itemListElement\":[{\"@type\":\"ListItem\",\"position\":1,\"name\":\"Po\u010detna stranica\",\"item\":\"https:\\\/\\\/radioljubuski.ba\\\/\"},{\"@type\":\"ListItem\",\"position\":2,\"name\":\"\u0160iroki Brijeg: 38 umjetnika predstavilo svoje radove\"}]},{\"@type\":\"WebSite\",\"@id\":\"https:\\\/\\\/radioljubuski.ba\\\/#website\",\"url\":\"https:\\\/\\\/radioljubuski.ba\\\/\",\"name\":\"Radio Ljubu\u0161ki\",\"description\":\"Sun\u010dana frekvencija Hercegovine\",\"publisher\":{\"@id\":\"https:\\\/\\\/radioljubuski.ba\\\/#organization\"},\"potentialAction\":[{\"@type\":\"SearchAction\",\"target\":{\"@type\":\"EntryPoint\",\"urlTemplate\":\"https:\\\/\\\/radioljubuski.ba\\\/?s={search_term_string}\"},\"query-input\":{\"@type\":\"PropertyValueSpecification\",\"valueRequired\":true,\"valueName\":\"search_term_string\"}}],\"inLanguage\":\"hr\"},{\"@type\":\"Organization\",\"@id\":\"https:\\\/\\\/radioljubuski.ba\\\/#organization\",\"name\":\"Radio Ljubu\u0161ki\",\"url\":\"https:\\\/\\\/radioljubuski.ba\\\/\",\"logo\":{\"@type\":\"ImageObject\",\"inLanguage\":\"hr\",\"@id\":\"https:\\\/\\\/radioljubuski.ba\\\/#\\\/schema\\\/logo\\\/image\\\/\",\"url\":\"https:\\\/\\\/radioljubuski.ba\\\/wp-content\\\/uploads\\\/2021\\\/02\\\/cropped-Radio_Ljubuski_logo1.jpg\",\"contentUrl\":\"https:\\\/\\\/radioljubuski.ba\\\/wp-content\\\/uploads\\\/2021\\\/02\\\/cropped-Radio_Ljubuski_logo1.jpg\",\"width\":512,\"height\":512,\"caption\":\"Radio Ljubu\u0161ki\"},\"image\":{\"@id\":\"https:\\\/\\\/radioljubuski.ba\\\/#\\\/schema\\\/logo\\\/image\\\/\"},\"sameAs\":[\"https:\\\/\\\/www.facebook.com\\\/Radiio-Ljubuski-1490835324566332\",\"https:\\\/\\\/x.com\\\/radioljubuski\",\"https:\\\/\\\/hr.linkedin.com\\\/company\\\/radio-ljubuski\",\"https:\\\/\\\/www.youtube.com\\\/channel\\\/UCHYaeO_n0Db3tjNGudGpXyw\"]},{\"@type\":\"Person\",\"@id\":\"https:\\\/\\\/radioljubuski.ba\\\/#\\\/schema\\\/person\\\/19fc700381a780f69665d7956c469e3b\",\"name\":\"Radio Ljubu\u0161ki\"}]}<\/script>\n<!-- \/ Yoast SEO plugin. -->","yoast_head_json":{"title":"\u0160iroki Brijeg: 38 umjetnika predstavilo svoje radove - RADIO LJUBU\u0160KI","robots":{"index":"index","follow":"follow","max-snippet":"max-snippet:-1","max-image-preview":"max-image-preview:large","max-video-preview":"max-video-preview:-1"},"canonical":"https:\/\/radioljubuski.ba\/index.php\/2022\/07\/25\/siroki-brijeg-38-umjetnika-predstavilo-svoje-radove\/","og_locale":"hr_HR","og_type":"article","og_title":"\u0160iroki Brijeg: 38 umjetnika predstavilo svoje radove - RADIO LJUBU\u0160KI","og_description":"Dvadeseta Me\u0111unarodna izlo\u017eba \u201dPrivatno i javno\u201d otvorena je u petak nave\u010der u vrtu ateljea Vu\u010dkovi\u0107 i NV galerije u \u0160irokom Brijegu. Na ovoj jednove\u010dernjoj likovnoj manifestaciji izlagalo je 38 umjetnika iz BiH, Hrvatske, Sjeverne Makedonije, Srbije i Njema\u010dke. Dodijeljene su i nagrade za mlade \u201dNikola Vu\u010dkovi\u0107\u201d o kojima je odlu\u010divao petero\u010dlani stru\u010dni \u017eiri: Sandra Zuanovi\u0107 [&hellip;]","og_url":"https:\/\/radioljubuski.ba\/index.php\/2022\/07\/25\/siroki-brijeg-38-umjetnika-predstavilo-svoje-radove\/","og_site_name":"RADIO LJUBU\u0160KI","article_publisher":"https:\/\/www.facebook.com\/Radiio-Ljubuski-1490835324566332","article_published_time":"2022-07-25T13:10:54+00:00","article_modified_time":"2022-07-25T13:10:55+00:00","og_image":[{"width":810,"height":524,"url":"https:\/\/radioljubuski.ba\/wp-content\/uploads\/2022\/07\/izlozba-privatno-javno-NV-galerija-9-810x524-1.jpg","type":"image\/jpeg"}],"author":"Radio Ljubu\u0161ki","twitter_card":"summary_large_image","twitter_creator":"@radioljubuski","twitter_site":"@radioljubuski","twitter_misc":{"Napisao\/la":"Radio Ljubu\u0161ki","Procijenjeno vrijeme \u010ditanja":"1 minuta"},"schema":{"@context":"https:\/\/schema.org","@graph":[{"@type":"Article","@id":"https:\/\/radioljubuski.ba\/index.php\/2022\/07\/25\/siroki-brijeg-38-umjetnika-predstavilo-svoje-radove\/#article","isPartOf":{"@id":"https:\/\/radioljubuski.ba\/index.php\/2022\/07\/25\/siroki-brijeg-38-umjetnika-predstavilo-svoje-radove\/"},"author":{"name":"Radio Ljubu\u0161ki","@id":"https:\/\/radioljubuski.ba\/#\/schema\/person\/19fc700381a780f69665d7956c469e3b"},"headline":"\u0160iroki Brijeg: 38 umjetnika predstavilo svoje radove","datePublished":"2022-07-25T13:10:54+00:00","dateModified":"2022-07-25T13:10:55+00:00","mainEntityOfPage":{"@id":"https:\/\/radioljubuski.ba\/index.php\/2022\/07\/25\/siroki-brijeg-38-umjetnika-predstavilo-svoje-radove\/"},"wordCount":217,"publisher":{"@id":"https:\/\/radioljubuski.ba\/#organization"},"image":{"@id":"https:\/\/radioljubuski.ba\/index.php\/2022\/07\/25\/siroki-brijeg-38-umjetnika-predstavilo-svoje-radove\/#primaryimage"},"thumbnailUrl":"https:\/\/radioljubuski.ba\/wp-content\/uploads\/2022\/07\/izlozba-privatno-javno-NV-galerija-9-810x524-1.jpg","articleSection":["BIH i regija"],"inLanguage":"hr"},{"@type":"WebPage","@id":"https:\/\/radioljubuski.ba\/index.php\/2022\/07\/25\/siroki-brijeg-38-umjetnika-predstavilo-svoje-radove\/","url":"https:\/\/radioljubuski.ba\/index.php\/2022\/07\/25\/siroki-brijeg-38-umjetnika-predstavilo-svoje-radove\/","name":"\u0160iroki Brijeg: 38 umjetnika predstavilo svoje radove - RADIO LJUBU\u0160KI","isPartOf":{"@id":"https:\/\/radioljubuski.ba\/#website"},"primaryImageOfPage":{"@id":"https:\/\/radioljubuski.ba\/index.php\/2022\/07\/25\/siroki-brijeg-38-umjetnika-predstavilo-svoje-radove\/#primaryimage"},"image":{"@id":"https:\/\/radioljubuski.ba\/index.php\/2022\/07\/25\/siroki-brijeg-38-umjetnika-predstavilo-svoje-radove\/#primaryimage"},"thumbnailUrl":"https:\/\/radioljubuski.ba\/wp-content\/uploads\/2022\/07\/izlozba-privatno-javno-NV-galerija-9-810x524-1.jpg","datePublished":"2022-07-25T13:10:54+00:00","dateModified":"2022-07-25T13:10:55+00:00","breadcrumb":{"@id":"https:\/\/radioljubuski.ba\/index.php\/2022\/07\/25\/siroki-brijeg-38-umjetnika-predstavilo-svoje-radove\/#breadcrumb"},"inLanguage":"hr","potentialAction":[{"@type":"ReadAction","target":["https:\/\/radioljubuski.ba\/index.php\/2022\/07\/25\/siroki-brijeg-38-umjetnika-predstavilo-svoje-radove\/"]}]},{"@type":"ImageObject","inLanguage":"hr","@id":"https:\/\/radioljubuski.ba\/index.php\/2022\/07\/25\/siroki-brijeg-38-umjetnika-predstavilo-svoje-radove\/#primaryimage","url":"https:\/\/radioljubuski.ba\/wp-content\/uploads\/2022\/07\/izlozba-privatno-javno-NV-galerija-9-810x524-1.jpg","contentUrl":"https:\/\/radioljubuski.ba\/wp-content\/uploads\/2022\/07\/izlozba-privatno-javno-NV-galerija-9-810x524-1.jpg","width":810,"height":524},{"@type":"BreadcrumbList","@id":"https:\/\/radioljubuski.ba\/index.php\/2022\/07\/25\/siroki-brijeg-38-umjetnika-predstavilo-svoje-radove\/#breadcrumb","itemListElement":[{"@type":"ListItem","position":1,"name":"Po\u010detna stranica","item":"https:\/\/radioljubuski.ba\/"},{"@type":"ListItem","position":2,"name":"\u0160iroki Brijeg: 38 umjetnika predstavilo svoje radove"}]},{"@type":"WebSite","@id":"https:\/\/radioljubuski.ba\/#website","url":"https:\/\/radioljubuski.ba\/","name":"Radio Ljubu\u0161ki","description":"Sun\u010dana frekvencija Hercegovine","publisher":{"@id":"https:\/\/radioljubuski.ba\/#organization"},"potentialAction":[{"@type":"SearchAction","target":{"@type":"EntryPoint","urlTemplate":"https:\/\/radioljubuski.ba\/?s={search_term_string}"},"query-input":{"@type":"PropertyValueSpecification","valueRequired":true,"valueName":"search_term_string"}}],"inLanguage":"hr"},{"@type":"Organization","@id":"https:\/\/radioljubuski.ba\/#organization","name":"Radio Ljubu\u0161ki","url":"https:\/\/radioljubuski.ba\/","logo":{"@type":"ImageObject","inLanguage":"hr","@id":"https:\/\/radioljubuski.ba\/#\/schema\/logo\/image\/","url":"https:\/\/radioljubuski.ba\/wp-content\/uploads\/2021\/02\/cropped-Radio_Ljubuski_logo1.jpg","contentUrl":"https:\/\/radioljubuski.ba\/wp-content\/uploads\/2021\/02\/cropped-Radio_Ljubuski_logo1.jpg","width":512,"height":512,"caption":"Radio Ljubu\u0161ki"},"image":{"@id":"https:\/\/radioljubuski.ba\/#\/schema\/logo\/image\/"},"sameAs":["https:\/\/www.facebook.com\/Radiio-Ljubuski-1490835324566332","https:\/\/x.com\/radioljubuski","https:\/\/hr.linkedin.com\/company\/radio-ljubuski","https:\/\/www.youtube.com\/channel\/UCHYaeO_n0Db3tjNGudGpXyw"]},{"@type":"Person","@id":"https:\/\/radioljubuski.ba\/#\/schema\/person\/19fc700381a780f69665d7956c469e3b","name":"Radio Ljubu\u0161ki"}]}},"_links":{"self":[{"href":"https:\/\/radioljubuski.ba\/index.php\/wp-json\/wp\/v2\/posts\/163352","targetHints":{"allow":["GET"]}}],"collection":[{"href":"https:\/\/radioljubuski.ba\/index.php\/wp-json\/wp\/v2\/posts"}],"about":[{"href":"https:\/\/radioljubuski.ba\/index.php\/wp-json\/wp\/v2\/types\/post"}],"author":[{"embeddable":true,"href":"https:\/\/radioljubuski.ba\/index.php\/wp-json\/wp\/v2\/users\/2"}],"replies":[{"embeddable":true,"href":"https:\/\/radioljubuski.ba\/index.php\/wp-json\/wp\/v2\/comments?post=163352"}],"version-history":[{"count":1,"href":"https:\/\/radioljubuski.ba\/index.php\/wp-json\/wp\/v2\/posts\/163352\/revisions"}],"predecessor-version":[{"id":163354,"href":"https:\/\/radioljubuski.ba\/index.php\/wp-json\/wp\/v2\/posts\/163352\/revisions\/163354"}],"wp:featuredmedia":[{"embeddable":true,"href":"https:\/\/radioljubuski.ba\/index.php\/wp-json\/wp\/v2\/media\/163353"}],"wp:attachment":[{"href":"https:\/\/radioljubuski.ba\/index.php\/wp-json\/wp\/v2\/media?parent=163352"}],"wp:term":[{"taxonomy":"category","embeddable":true,"href":"https:\/\/radioljubuski.ba\/index.php\/wp-json\/wp\/v2\/categories?post=163352"},{"taxonomy":"post_tag","embeddable":true,"href":"https:\/\/radioljubuski.ba\/index.php\/wp-json\/wp\/v2\/tags?post=163352"}],"curies":[{"name":"wp","href":"https:\/\/api.w.org\/{rel}","templated":true}]}}