{"id":163374,"date":"2022-07-26T07:14:05","date_gmt":"2022-07-26T06:14:05","guid":{"rendered":"https:\/\/radioljubuski.ba\/?p=163374"},"modified":"2022-07-26T07:15:33","modified_gmt":"2022-07-26T06:15:33","slug":"lijecnik-iz-mostara-imamo-primjera-da-su-ljudi-dvaput-triput-cijepljeni-i-preboljeli-a-dobiju-koronu","status":"publish","type":"post","link":"https:\/\/radioljubuski.ba\/index.php\/2022\/07\/26\/lijecnik-iz-mostara-imamo-primjera-da-su-ljudi-dvaput-triput-cijepljeni-i-preboljeli-a-dobiju-koronu\/","title":{"rendered":"Lije\u010dnik iz Mostara: Imamo primjera da su ljudi dvaput, triput cijepljeni i preboljeli, a dobiju koronu"},"content":{"rendered":"\n<p>Nakon perioda zati\u0161ja, ponovo slo\u017eenija epidemiolo\u0161ka slika u Bosni i Hercegovini. Neke bolnice i klini\u010dki centri preventivno zabranjuju posjete. Iako novi sojevi koronavirusa izazivaju blagu klini\u010dku sliku, zabrinjava podatak da su otporniji na imunitet dobijen cijepljenjem.<\/p>\n\n\n\n<p>Koronavirus ponovo puni bolnice i klini\u010dke centre u Bosni i Hercegovini. Uglavnom je rije\u010d o kroni\u010dnim bolesnicima i starijim osobama. Ipak, preventivno se vra\u0107aju epidemiolo\u0161ke mjere. Zabranjene su posjete pacijentima u UKC Republike Srpske u Banja Luci i bolnici \u201eSveti Vra\u010devi\u201c u Bijeljini. Za hospitalizaciju, osim kada je hitna, potreban je i negativan antigenski test. No\u0161enje maski obavezno i u hodnicima.<br>&nbsp;<br>&#8220;Mi smo uvijek bili korak-dva ispred same epidemiolo\u0161ke situacije i razvoja, tako da su i ovi koraci s tim ciljem poduzeti&#8221;, ka\u017ee prim. dr Goran Topi\u0107, UKC RS Banja Luka za&nbsp;<a href=\"https:\/\/bhrt.ba\/novi-talas-koronavirusa-situacija-jo%C5%A1-nije-zabrinjavaju%C4%87a-ali-ljekari-pozivaju-na-oprez\" target=\"_blank\" rel=\"noreferrer noopener\">BHRT<\/a>.<br>&nbsp;<br>&#8220;Mi smo pripreme uradili, od \u010di\u0161\u0107enja prostorija, dezinfekcije, servisa respiratora, provjere mre\u017ee za medicinske gasove, tako da spremno do\u010dekujemo, na\u017ealost&#8221;, navodi prim. dr Mikajlo Lazi\u0107, bolnica \u201eSveti Vra\u010devi\u201c, Bijeljina.<br>&nbsp;<br>Iako je 70 posto dnevno testiranih na koronavirus pozitivno, rije\u010d je o blagim ili srednje te\u0161kim klini\u010dkim slikama. Zato u ve\u0107im medicinskim centrima u Federaciji Bosne i Herecegovine, poput Sarajeva, Tuzle, Mostara&#8230; trenutno ne razmi\u0161ljaju o zabrani posjeta hospitaliziranim pacijentima.<br>&nbsp;<br>&#8220;Puni smo \u0161to se ti\u010de kovid oboljelih bolesnika, ali to su sve stariji bolesnici sa drugim komorbiditetima, to obi\u010dno budu sr\u010dani bolesnici preba\u010deni sa internog, plu\u0107nog gdje se otkrije da je febrilnost zbog korone. \u0160to je interesantno, imamo primjera da su ljudi dvaput-triput cijepljeni i preboljeli, a dobiju koronu. Ostajemo nemo\u0107ni s koronom, jo\u0161 ako nam se pojave majmunske boginje, ne znam gdje \u0107e nam biti kraj&#8221;, upozorava prim. dr Nazif Dervi\u0161kadi\u0107, bolnica \u201eDr Safet Muji\u0107\u201c, Mostar.<br>&nbsp;<br>Jesen je prekretnica koja \u0107e odrediti karakteristike epidemije, ka\u017eu nadle\u017eni. Lije\u010dnici u Bosni i Hercegovini jo\u0161 najvi\u0161e ra\u010dunaju na svijest gra\u0111ana. Samoizolaciju savjetuju i zbog najbla\u017eih simptoma bolesti.<\/p>\n\n\n\n<p>&#8220;Neki pacijetni imaju i ni\u017eu temperaturu, ispod 38, tegobe gornjih respiratornih puteva, hunjavica, promuklost, grlobolja&#8221;, mogu\u0107e simptome nabraja prim. dr Sanja Mari\u0107 Preradovi\u0107, \u0161ef covid ambulante u Banja Luci.<br>&nbsp;<br>Prema ra\u010dunici epidemiologa, situacija jo\u0161 nije zabrinjavaju\u0107a. No, zabrinjava podatak da su neki sojevi omikrona otporniji na imunitet dobijen cijepljenjem, ali i pojava novih javno-zdravstvenih opasnosti u svijetu.<\/p>\n\n\n\n<figure class=\"wp-block-embed is-type-video is-provider-youtube wp-block-embed-youtube wp-embed-aspect-16-9 wp-has-aspect-ratio\"><div class=\"wp-block-embed__wrapper\">\n<iframe loading=\"lazy\" title=\"UKC RS - Zabranjene posjete pacijentima\" width=\"640\" height=\"360\" src=\"https:\/\/www.youtube.com\/embed\/QZhf5D8B1cU?feature=oembed\" frameborder=\"0\" allow=\"accelerometer; autoplay; clipboard-write; encrypted-media; gyroscope; picture-in-picture; web-share\" referrerpolicy=\"strict-origin-when-cross-origin\" allowfullscreen><\/iframe>\n<\/div><\/figure>\n\n\n\n<p>Izvor:<a href=\"https:\/\/pogled.ba\/novosti\/lijecnik-iz-mostara-imamo-primjera-da-su-ljudi-dvaput-triput-cijepljeni-i-preboljeli-a-dobiju-koronu\/251579\">Pogled.ba<\/a><\/p>\n","protected":false},"excerpt":{"rendered":"<p>Nakon perioda zati\u0161ja, ponovo slo\u017eenija epidemiolo\u0161ka slika u Bosni i Hercegovini. Neke bolnice i klini\u010dki centri preventivno zabranjuju posjete. Iako novi sojevi koronavirusa izazivaju blagu klini\u010dku sliku, zabrinjava podatak da su otporniji na imunitet dobijen cijepljenjem. Koronavirus ponovo puni bolnice i klini\u010dke centre u Bosni i Hercegovini. Uglavnom je rije\u010d o kroni\u010dnim bolesnicima i starijim [&hellip;]<\/p>\n","protected":false},"author":2,"featured_media":163377,"comment_status":"closed","ping_status":"closed","sticky":false,"template":"","format":"standard","meta":{"h5ap_radio_sources":[],"footnotes":""},"categories":[1],"tags":[],"class_list":["post-163374","post","type-post","status-publish","format-standard","has-post-thumbnail","hentry","category-bihiregija"],"yoast_head":"<!-- This site is optimized with the Yoast SEO plugin v27.5 - https:\/\/yoast.com\/product\/yoast-seo-wordpress\/ -->\n<title>Lije\u010dnik iz Mostara: Imamo primjera da su ljudi dvaput, triput cijepljeni i preboljeli, a dobiju koronu - RADIO LJUBU\u0160KI<\/title>\n<meta name=\"robots\" content=\"index, follow, max-snippet:-1, max-image-preview:large, max-video-preview:-1\" \/>\n<link rel=\"canonical\" href=\"https:\/\/radioljubuski.ba\/index.php\/2022\/07\/26\/lijecnik-iz-mostara-imamo-primjera-da-su-ljudi-dvaput-triput-cijepljeni-i-preboljeli-a-dobiju-koronu\/\" \/>\n<meta property=\"og:locale\" content=\"hr_HR\" \/>\n<meta property=\"og:type\" content=\"article\" \/>\n<meta property=\"og:title\" content=\"Lije\u010dnik iz Mostara: Imamo primjera da su ljudi dvaput, triput cijepljeni i preboljeli, a dobiju koronu - RADIO LJUBU\u0160KI\" \/>\n<meta property=\"og:description\" content=\"Nakon perioda zati\u0161ja, ponovo slo\u017eenija epidemiolo\u0161ka slika u Bosni i Hercegovini. Neke bolnice i klini\u010dki centri preventivno zabranjuju posjete. Iako novi sojevi koronavirusa izazivaju blagu klini\u010dku sliku, zabrinjava podatak da su otporniji na imunitet dobijen cijepljenjem. Koronavirus ponovo puni bolnice i klini\u010dke centre u Bosni i Hercegovini. Uglavnom je rije\u010d o kroni\u010dnim bolesnicima i starijim [&hellip;]\" \/>\n<meta property=\"og:url\" content=\"https:\/\/radioljubuski.ba\/index.php\/2022\/07\/26\/lijecnik-iz-mostara-imamo-primjera-da-su-ljudi-dvaput-triput-cijepljeni-i-preboljeli-a-dobiju-koronu\/\" \/>\n<meta property=\"og:site_name\" content=\"RADIO LJUBU\u0160KI\" \/>\n<meta property=\"article:publisher\" content=\"https:\/\/www.facebook.com\/Radiio-Ljubuski-1490835324566332\" \/>\n<meta property=\"article:published_time\" content=\"2022-07-26T06:14:05+00:00\" \/>\n<meta property=\"article:modified_time\" content=\"2022-07-26T06:15:33+00:00\" \/>\n<meta property=\"og:image\" content=\"https:\/\/radioljubuski.ba\/wp-content\/uploads\/2022\/07\/2-2021-03-20-10-35-21-cjepivo-2.jpg\" \/>\n\t<meta property=\"og:image:width\" content=\"1000\" \/>\n\t<meta property=\"og:image:height\" content=\"625\" \/>\n\t<meta property=\"og:image:type\" content=\"image\/jpeg\" \/>\n<meta name=\"author\" content=\"Radio Ljubu\u0161ki\" \/>\n<meta name=\"twitter:card\" content=\"summary_large_image\" \/>\n<meta name=\"twitter:creator\" content=\"@radioljubuski\" \/>\n<meta name=\"twitter:site\" content=\"@radioljubuski\" \/>\n<meta name=\"twitter:label1\" content=\"Napisao\/la\" \/>\n\t<meta name=\"twitter:data1\" content=\"Radio Ljubu\u0161ki\" \/>\n\t<meta name=\"twitter:label2\" content=\"Procijenjeno vrijeme \u010ditanja\" \/>\n\t<meta name=\"twitter:data2\" content=\"2 minute\" \/>\n<script type=\"application\/ld+json\" class=\"yoast-schema-graph\">{\"@context\":\"https:\\\/\\\/schema.org\",\"@graph\":[{\"@type\":\"Article\",\"@id\":\"https:\\\/\\\/radioljubuski.ba\\\/index.php\\\/2022\\\/07\\\/26\\\/lijecnik-iz-mostara-imamo-primjera-da-su-ljudi-dvaput-triput-cijepljeni-i-preboljeli-a-dobiju-koronu\\\/#article\",\"isPartOf\":{\"@id\":\"https:\\\/\\\/radioljubuski.ba\\\/index.php\\\/2022\\\/07\\\/26\\\/lijecnik-iz-mostara-imamo-primjera-da-su-ljudi-dvaput-triput-cijepljeni-i-preboljeli-a-dobiju-koronu\\\/\"},\"author\":{\"name\":\"Radio Ljubu\u0161ki\",\"@id\":\"https:\\\/\\\/radioljubuski.ba\\\/#\\\/schema\\\/person\\\/19fc700381a780f69665d7956c469e3b\"},\"headline\":\"Lije\u010dnik iz Mostara: Imamo primjera da su ljudi dvaput, triput cijepljeni i preboljeli, a dobiju koronu\",\"datePublished\":\"2022-07-26T06:14:05+00:00\",\"dateModified\":\"2022-07-26T06:15:33+00:00\",\"mainEntityOfPage\":{\"@id\":\"https:\\\/\\\/radioljubuski.ba\\\/index.php\\\/2022\\\/07\\\/26\\\/lijecnik-iz-mostara-imamo-primjera-da-su-ljudi-dvaput-triput-cijepljeni-i-preboljeli-a-dobiju-koronu\\\/\"},\"wordCount\":435,\"publisher\":{\"@id\":\"https:\\\/\\\/radioljubuski.ba\\\/#organization\"},\"image\":{\"@id\":\"https:\\\/\\\/radioljubuski.ba\\\/index.php\\\/2022\\\/07\\\/26\\\/lijecnik-iz-mostara-imamo-primjera-da-su-ljudi-dvaput-triput-cijepljeni-i-preboljeli-a-dobiju-koronu\\\/#primaryimage\"},\"thumbnailUrl\":\"https:\\\/\\\/radioljubuski.ba\\\/wp-content\\\/uploads\\\/2022\\\/07\\\/2-2021-03-20-10-35-21-cjepivo-2.jpg\",\"articleSection\":[\"BIH i regija\"],\"inLanguage\":\"hr\"},{\"@type\":\"WebPage\",\"@id\":\"https:\\\/\\\/radioljubuski.ba\\\/index.php\\\/2022\\\/07\\\/26\\\/lijecnik-iz-mostara-imamo-primjera-da-su-ljudi-dvaput-triput-cijepljeni-i-preboljeli-a-dobiju-koronu\\\/\",\"url\":\"https:\\\/\\\/radioljubuski.ba\\\/index.php\\\/2022\\\/07\\\/26\\\/lijecnik-iz-mostara-imamo-primjera-da-su-ljudi-dvaput-triput-cijepljeni-i-preboljeli-a-dobiju-koronu\\\/\",\"name\":\"Lije\u010dnik iz Mostara: Imamo primjera da su ljudi dvaput, triput cijepljeni i preboljeli, a dobiju koronu - RADIO LJUBU\u0160KI\",\"isPartOf\":{\"@id\":\"https:\\\/\\\/radioljubuski.ba\\\/#website\"},\"primaryImageOfPage\":{\"@id\":\"https:\\\/\\\/radioljubuski.ba\\\/index.php\\\/2022\\\/07\\\/26\\\/lijecnik-iz-mostara-imamo-primjera-da-su-ljudi-dvaput-triput-cijepljeni-i-preboljeli-a-dobiju-koronu\\\/#primaryimage\"},\"image\":{\"@id\":\"https:\\\/\\\/radioljubuski.ba\\\/index.php\\\/2022\\\/07\\\/26\\\/lijecnik-iz-mostara-imamo-primjera-da-su-ljudi-dvaput-triput-cijepljeni-i-preboljeli-a-dobiju-koronu\\\/#primaryimage\"},\"thumbnailUrl\":\"https:\\\/\\\/radioljubuski.ba\\\/wp-content\\\/uploads\\\/2022\\\/07\\\/2-2021-03-20-10-35-21-cjepivo-2.jpg\",\"datePublished\":\"2022-07-26T06:14:05+00:00\",\"dateModified\":\"2022-07-26T06:15:33+00:00\",\"breadcrumb\":{\"@id\":\"https:\\\/\\\/radioljubuski.ba\\\/index.php\\\/2022\\\/07\\\/26\\\/lijecnik-iz-mostara-imamo-primjera-da-su-ljudi-dvaput-triput-cijepljeni-i-preboljeli-a-dobiju-koronu\\\/#breadcrumb\"},\"inLanguage\":\"hr\",\"potentialAction\":[{\"@type\":\"ReadAction\",\"target\":[\"https:\\\/\\\/radioljubuski.ba\\\/index.php\\\/2022\\\/07\\\/26\\\/lijecnik-iz-mostara-imamo-primjera-da-su-ljudi-dvaput-triput-cijepljeni-i-preboljeli-a-dobiju-koronu\\\/\"]}]},{\"@type\":\"ImageObject\",\"inLanguage\":\"hr\",\"@id\":\"https:\\\/\\\/radioljubuski.ba\\\/index.php\\\/2022\\\/07\\\/26\\\/lijecnik-iz-mostara-imamo-primjera-da-su-ljudi-dvaput-triput-cijepljeni-i-preboljeli-a-dobiju-koronu\\\/#primaryimage\",\"url\":\"https:\\\/\\\/radioljubuski.ba\\\/wp-content\\\/uploads\\\/2022\\\/07\\\/2-2021-03-20-10-35-21-cjepivo-2.jpg\",\"contentUrl\":\"https:\\\/\\\/radioljubuski.ba\\\/wp-content\\\/uploads\\\/2022\\\/07\\\/2-2021-03-20-10-35-21-cjepivo-2.jpg\",\"width\":1000,\"height\":625},{\"@type\":\"BreadcrumbList\",\"@id\":\"https:\\\/\\\/radioljubuski.ba\\\/index.php\\\/2022\\\/07\\\/26\\\/lijecnik-iz-mostara-imamo-primjera-da-su-ljudi-dvaput-triput-cijepljeni-i-preboljeli-a-dobiju-koronu\\\/#breadcrumb\",\"itemListElement\":[{\"@type\":\"ListItem\",\"position\":1,\"name\":\"Po\u010detna stranica\",\"item\":\"https:\\\/\\\/radioljubuski.ba\\\/\"},{\"@type\":\"ListItem\",\"position\":2,\"name\":\"Lije\u010dnik iz Mostara: Imamo primjera da su ljudi dvaput, triput cijepljeni i preboljeli, a dobiju koronu\"}]},{\"@type\":\"WebSite\",\"@id\":\"https:\\\/\\\/radioljubuski.ba\\\/#website\",\"url\":\"https:\\\/\\\/radioljubuski.ba\\\/\",\"name\":\"Radio Ljubu\u0161ki\",\"description\":\"Sun\u010dana frekvencija Hercegovine\",\"publisher\":{\"@id\":\"https:\\\/\\\/radioljubuski.ba\\\/#organization\"},\"potentialAction\":[{\"@type\":\"SearchAction\",\"target\":{\"@type\":\"EntryPoint\",\"urlTemplate\":\"https:\\\/\\\/radioljubuski.ba\\\/?s={search_term_string}\"},\"query-input\":{\"@type\":\"PropertyValueSpecification\",\"valueRequired\":true,\"valueName\":\"search_term_string\"}}],\"inLanguage\":\"hr\"},{\"@type\":\"Organization\",\"@id\":\"https:\\\/\\\/radioljubuski.ba\\\/#organization\",\"name\":\"Radio Ljubu\u0161ki\",\"url\":\"https:\\\/\\\/radioljubuski.ba\\\/\",\"logo\":{\"@type\":\"ImageObject\",\"inLanguage\":\"hr\",\"@id\":\"https:\\\/\\\/radioljubuski.ba\\\/#\\\/schema\\\/logo\\\/image\\\/\",\"url\":\"https:\\\/\\\/radioljubuski.ba\\\/wp-content\\\/uploads\\\/2021\\\/02\\\/cropped-Radio_Ljubuski_logo1.jpg\",\"contentUrl\":\"https:\\\/\\\/radioljubuski.ba\\\/wp-content\\\/uploads\\\/2021\\\/02\\\/cropped-Radio_Ljubuski_logo1.jpg\",\"width\":512,\"height\":512,\"caption\":\"Radio Ljubu\u0161ki\"},\"image\":{\"@id\":\"https:\\\/\\\/radioljubuski.ba\\\/#\\\/schema\\\/logo\\\/image\\\/\"},\"sameAs\":[\"https:\\\/\\\/www.facebook.com\\\/Radiio-Ljubuski-1490835324566332\",\"https:\\\/\\\/x.com\\\/radioljubuski\",\"https:\\\/\\\/hr.linkedin.com\\\/company\\\/radio-ljubuski\",\"https:\\\/\\\/www.youtube.com\\\/channel\\\/UCHYaeO_n0Db3tjNGudGpXyw\"]},{\"@type\":\"Person\",\"@id\":\"https:\\\/\\\/radioljubuski.ba\\\/#\\\/schema\\\/person\\\/19fc700381a780f69665d7956c469e3b\",\"name\":\"Radio Ljubu\u0161ki\"}]}<\/script>\n<!-- \/ Yoast SEO plugin. -->","yoast_head_json":{"title":"Lije\u010dnik iz Mostara: Imamo primjera da su ljudi dvaput, triput cijepljeni i preboljeli, a dobiju koronu - RADIO LJUBU\u0160KI","robots":{"index":"index","follow":"follow","max-snippet":"max-snippet:-1","max-image-preview":"max-image-preview:large","max-video-preview":"max-video-preview:-1"},"canonical":"https:\/\/radioljubuski.ba\/index.php\/2022\/07\/26\/lijecnik-iz-mostara-imamo-primjera-da-su-ljudi-dvaput-triput-cijepljeni-i-preboljeli-a-dobiju-koronu\/","og_locale":"hr_HR","og_type":"article","og_title":"Lije\u010dnik iz Mostara: Imamo primjera da su ljudi dvaput, triput cijepljeni i preboljeli, a dobiju koronu - RADIO LJUBU\u0160KI","og_description":"Nakon perioda zati\u0161ja, ponovo slo\u017eenija epidemiolo\u0161ka slika u Bosni i Hercegovini. Neke bolnice i klini\u010dki centri preventivno zabranjuju posjete. Iako novi sojevi koronavirusa izazivaju blagu klini\u010dku sliku, zabrinjava podatak da su otporniji na imunitet dobijen cijepljenjem. Koronavirus ponovo puni bolnice i klini\u010dke centre u Bosni i Hercegovini. Uglavnom je rije\u010d o kroni\u010dnim bolesnicima i starijim [&hellip;]","og_url":"https:\/\/radioljubuski.ba\/index.php\/2022\/07\/26\/lijecnik-iz-mostara-imamo-primjera-da-su-ljudi-dvaput-triput-cijepljeni-i-preboljeli-a-dobiju-koronu\/","og_site_name":"RADIO LJUBU\u0160KI","article_publisher":"https:\/\/www.facebook.com\/Radiio-Ljubuski-1490835324566332","article_published_time":"2022-07-26T06:14:05+00:00","article_modified_time":"2022-07-26T06:15:33+00:00","og_image":[{"width":1000,"height":625,"url":"https:\/\/radioljubuski.ba\/wp-content\/uploads\/2022\/07\/2-2021-03-20-10-35-21-cjepivo-2.jpg","type":"image\/jpeg"}],"author":"Radio Ljubu\u0161ki","twitter_card":"summary_large_image","twitter_creator":"@radioljubuski","twitter_site":"@radioljubuski","twitter_misc":{"Napisao\/la":"Radio Ljubu\u0161ki","Procijenjeno vrijeme \u010ditanja":"2 minute"},"schema":{"@context":"https:\/\/schema.org","@graph":[{"@type":"Article","@id":"https:\/\/radioljubuski.ba\/index.php\/2022\/07\/26\/lijecnik-iz-mostara-imamo-primjera-da-su-ljudi-dvaput-triput-cijepljeni-i-preboljeli-a-dobiju-koronu\/#article","isPartOf":{"@id":"https:\/\/radioljubuski.ba\/index.php\/2022\/07\/26\/lijecnik-iz-mostara-imamo-primjera-da-su-ljudi-dvaput-triput-cijepljeni-i-preboljeli-a-dobiju-koronu\/"},"author":{"name":"Radio Ljubu\u0161ki","@id":"https:\/\/radioljubuski.ba\/#\/schema\/person\/19fc700381a780f69665d7956c469e3b"},"headline":"Lije\u010dnik iz Mostara: Imamo primjera da su ljudi dvaput, triput cijepljeni i preboljeli, a dobiju koronu","datePublished":"2022-07-26T06:14:05+00:00","dateModified":"2022-07-26T06:15:33+00:00","mainEntityOfPage":{"@id":"https:\/\/radioljubuski.ba\/index.php\/2022\/07\/26\/lijecnik-iz-mostara-imamo-primjera-da-su-ljudi-dvaput-triput-cijepljeni-i-preboljeli-a-dobiju-koronu\/"},"wordCount":435,"publisher":{"@id":"https:\/\/radioljubuski.ba\/#organization"},"image":{"@id":"https:\/\/radioljubuski.ba\/index.php\/2022\/07\/26\/lijecnik-iz-mostara-imamo-primjera-da-su-ljudi-dvaput-triput-cijepljeni-i-preboljeli-a-dobiju-koronu\/#primaryimage"},"thumbnailUrl":"https:\/\/radioljubuski.ba\/wp-content\/uploads\/2022\/07\/2-2021-03-20-10-35-21-cjepivo-2.jpg","articleSection":["BIH i regija"],"inLanguage":"hr"},{"@type":"WebPage","@id":"https:\/\/radioljubuski.ba\/index.php\/2022\/07\/26\/lijecnik-iz-mostara-imamo-primjera-da-su-ljudi-dvaput-triput-cijepljeni-i-preboljeli-a-dobiju-koronu\/","url":"https:\/\/radioljubuski.ba\/index.php\/2022\/07\/26\/lijecnik-iz-mostara-imamo-primjera-da-su-ljudi-dvaput-triput-cijepljeni-i-preboljeli-a-dobiju-koronu\/","name":"Lije\u010dnik iz Mostara: Imamo primjera da su ljudi dvaput, triput cijepljeni i preboljeli, a dobiju koronu - RADIO LJUBU\u0160KI","isPartOf":{"@id":"https:\/\/radioljubuski.ba\/#website"},"primaryImageOfPage":{"@id":"https:\/\/radioljubuski.ba\/index.php\/2022\/07\/26\/lijecnik-iz-mostara-imamo-primjera-da-su-ljudi-dvaput-triput-cijepljeni-i-preboljeli-a-dobiju-koronu\/#primaryimage"},"image":{"@id":"https:\/\/radioljubuski.ba\/index.php\/2022\/07\/26\/lijecnik-iz-mostara-imamo-primjera-da-su-ljudi-dvaput-triput-cijepljeni-i-preboljeli-a-dobiju-koronu\/#primaryimage"},"thumbnailUrl":"https:\/\/radioljubuski.ba\/wp-content\/uploads\/2022\/07\/2-2021-03-20-10-35-21-cjepivo-2.jpg","datePublished":"2022-07-26T06:14:05+00:00","dateModified":"2022-07-26T06:15:33+00:00","breadcrumb":{"@id":"https:\/\/radioljubuski.ba\/index.php\/2022\/07\/26\/lijecnik-iz-mostara-imamo-primjera-da-su-ljudi-dvaput-triput-cijepljeni-i-preboljeli-a-dobiju-koronu\/#breadcrumb"},"inLanguage":"hr","potentialAction":[{"@type":"ReadAction","target":["https:\/\/radioljubuski.ba\/index.php\/2022\/07\/26\/lijecnik-iz-mostara-imamo-primjera-da-su-ljudi-dvaput-triput-cijepljeni-i-preboljeli-a-dobiju-koronu\/"]}]},{"@type":"ImageObject","inLanguage":"hr","@id":"https:\/\/radioljubuski.ba\/index.php\/2022\/07\/26\/lijecnik-iz-mostara-imamo-primjera-da-su-ljudi-dvaput-triput-cijepljeni-i-preboljeli-a-dobiju-koronu\/#primaryimage","url":"https:\/\/radioljubuski.ba\/wp-content\/uploads\/2022\/07\/2-2021-03-20-10-35-21-cjepivo-2.jpg","contentUrl":"https:\/\/radioljubuski.ba\/wp-content\/uploads\/2022\/07\/2-2021-03-20-10-35-21-cjepivo-2.jpg","width":1000,"height":625},{"@type":"BreadcrumbList","@id":"https:\/\/radioljubuski.ba\/index.php\/2022\/07\/26\/lijecnik-iz-mostara-imamo-primjera-da-su-ljudi-dvaput-triput-cijepljeni-i-preboljeli-a-dobiju-koronu\/#breadcrumb","itemListElement":[{"@type":"ListItem","position":1,"name":"Po\u010detna stranica","item":"https:\/\/radioljubuski.ba\/"},{"@type":"ListItem","position":2,"name":"Lije\u010dnik iz Mostara: Imamo primjera da su ljudi dvaput, triput cijepljeni i preboljeli, a dobiju koronu"}]},{"@type":"WebSite","@id":"https:\/\/radioljubuski.ba\/#website","url":"https:\/\/radioljubuski.ba\/","name":"Radio Ljubu\u0161ki","description":"Sun\u010dana frekvencija Hercegovine","publisher":{"@id":"https:\/\/radioljubuski.ba\/#organization"},"potentialAction":[{"@type":"SearchAction","target":{"@type":"EntryPoint","urlTemplate":"https:\/\/radioljubuski.ba\/?s={search_term_string}"},"query-input":{"@type":"PropertyValueSpecification","valueRequired":true,"valueName":"search_term_string"}}],"inLanguage":"hr"},{"@type":"Organization","@id":"https:\/\/radioljubuski.ba\/#organization","name":"Radio Ljubu\u0161ki","url":"https:\/\/radioljubuski.ba\/","logo":{"@type":"ImageObject","inLanguage":"hr","@id":"https:\/\/radioljubuski.ba\/#\/schema\/logo\/image\/","url":"https:\/\/radioljubuski.ba\/wp-content\/uploads\/2021\/02\/cropped-Radio_Ljubuski_logo1.jpg","contentUrl":"https:\/\/radioljubuski.ba\/wp-content\/uploads\/2021\/02\/cropped-Radio_Ljubuski_logo1.jpg","width":512,"height":512,"caption":"Radio Ljubu\u0161ki"},"image":{"@id":"https:\/\/radioljubuski.ba\/#\/schema\/logo\/image\/"},"sameAs":["https:\/\/www.facebook.com\/Radiio-Ljubuski-1490835324566332","https:\/\/x.com\/radioljubuski","https:\/\/hr.linkedin.com\/company\/radio-ljubuski","https:\/\/www.youtube.com\/channel\/UCHYaeO_n0Db3tjNGudGpXyw"]},{"@type":"Person","@id":"https:\/\/radioljubuski.ba\/#\/schema\/person\/19fc700381a780f69665d7956c469e3b","name":"Radio Ljubu\u0161ki"}]}},"_links":{"self":[{"href":"https:\/\/radioljubuski.ba\/index.php\/wp-json\/wp\/v2\/posts\/163374","targetHints":{"allow":["GET"]}}],"collection":[{"href":"https:\/\/radioljubuski.ba\/index.php\/wp-json\/wp\/v2\/posts"}],"about":[{"href":"https:\/\/radioljubuski.ba\/index.php\/wp-json\/wp\/v2\/types\/post"}],"author":[{"embeddable":true,"href":"https:\/\/radioljubuski.ba\/index.php\/wp-json\/wp\/v2\/users\/2"}],"replies":[{"embeddable":true,"href":"https:\/\/radioljubuski.ba\/index.php\/wp-json\/wp\/v2\/comments?post=163374"}],"version-history":[{"count":3,"href":"https:\/\/radioljubuski.ba\/index.php\/wp-json\/wp\/v2\/posts\/163374\/revisions"}],"predecessor-version":[{"id":163378,"href":"https:\/\/radioljubuski.ba\/index.php\/wp-json\/wp\/v2\/posts\/163374\/revisions\/163378"}],"wp:featuredmedia":[{"embeddable":true,"href":"https:\/\/radioljubuski.ba\/index.php\/wp-json\/wp\/v2\/media\/163377"}],"wp:attachment":[{"href":"https:\/\/radioljubuski.ba\/index.php\/wp-json\/wp\/v2\/media?parent=163374"}],"wp:term":[{"taxonomy":"category","embeddable":true,"href":"https:\/\/radioljubuski.ba\/index.php\/wp-json\/wp\/v2\/categories?post=163374"},{"taxonomy":"post_tag","embeddable":true,"href":"https:\/\/radioljubuski.ba\/index.php\/wp-json\/wp\/v2\/tags?post=163374"}],"curies":[{"name":"wp","href":"https:\/\/api.w.org\/{rel}","templated":true}]}}