{"id":163389,"date":"2022-07-26T07:26:26","date_gmt":"2022-07-26T06:26:26","guid":{"rendered":"https:\/\/radioljubuski.ba\/?p=163389"},"modified":"2022-07-26T07:26:27","modified_gmt":"2022-07-26T06:26:27","slug":"narancasto-upozorenje-zbog-vrucine-i-moguce-grmljavine","status":"publish","type":"post","link":"https:\/\/radioljubuski.ba\/index.php\/2022\/07\/26\/narancasto-upozorenje-zbog-vrucine-i-moguce-grmljavine\/","title":{"rendered":"Naran\u010dasto upozorenje zbog vru\u0107ine i mogu\u0107e grmljavine"},"content":{"rendered":"\n<p>U Republici Srpskoj i Federaciji BiH danas je na snazi naran\u010dasto upozorenje zbog visoke temperature, ali i mogu\u0107nosti grmljavine, objavljeno je na stranici Meteoalarma.<\/p>\n\n\n\n<p>Grmljavina se lokalno o\u010dekuje u regiji Banja Luke, Vi\u0161egrada i Fo\u010de, od podneva do pono\u0107i.<\/p>\n\n\n\n<p>Naran\u010dasti meteoalarm na snazi je i zbog visoke temperature zraka na podru\u010dju cijele Srpske, koja \u0107e biti u intervalu od 33 do 38 stupnjeva Celzijeva.<\/p>\n\n\n\n<p>U FBiH grmljavina se o\u010dekuje u regiji Biha\u0107a i Livna od 12.00 do 17.00 sati, a naran\u010dasti meteoalarm istovremeno je na snazi i zbog visoke temperature, na podru\u010dju Biha\u0107a oko 35, a Livna oko 37 stupnjeva<\/p>\n\n\n\n<p>Mostarsku regiju o\u010dekuje temperatura do 39, a podru\u010dje Sarajeva i Tuzle do 36 stupnjeva Celzijevih.<\/p>\n\n\n\n<p>Naran\u010dasti meteoalarm upozorava na opasno vrijeme, a \u017euti na potencijalno opasno vrijeme.<\/p>\n\n\n\n<p><strong>Objavljena je i prognoza za idu\u0107e dane:&nbsp;<\/strong><\/p>\n\n\n\n<p>(Srijeda)., umjereno obla\u010dno vrijeme. Tokom dana sa mjestimi\u010dnom ki\u0161om ili kratkotrajnim pljuskom. Jutarnje temperature od 16 do 21, na jugu do 25, a najvi\u0161e dnevne temperature od 27 do 33, na jugu do 36 stupnjeva.<\/p>\n\n\n\n<p>(\u010cetvrtak)., umjereno obla\u010dno vrijeme. U jutarnjim satima, ponegdje na jugu i sa slabom ki\u0161om. Tokom dana razvojem obla\u010dnosti, u centralnim i isto\u010dnim podru\u010djima sa ki\u0161om ili karatkotrajnim pljuskom. Jutarnje temperature od 16 do 21, na jugu do 25, a najvi\u0161e dnevne temperature od 29 do 36 stupnjeva.<\/p>\n\n\n\n<p>(Petak)., malo do umjereno obla\u010dno i sun\u010dano vrijeme. Razvojem obla\u010dnosti, ponegdje u Bosni, mogu\u0107 je i kratkotrajni pljusak. Jutarnje temperature od 18 do 24, na jugu do 26, a najvi\u0161e dnevne temperature od 29 do 36 stupnjeva.<\/p>\n\n\n\n<p>Izvor:<a href=\"https:\/\/pogled.ba\/novosti\/narancasto-upozorenje-zbog-vrucine-i-moguce-grmljavine\/251587\">Pogled.ba<\/a><\/p>\n","protected":false},"excerpt":{"rendered":"<p>U Republici Srpskoj i Federaciji BiH danas je na snazi naran\u010dasto upozorenje zbog visoke temperature, ali i mogu\u0107nosti grmljavine, objavljeno je na stranici Meteoalarma. Grmljavina se lokalno o\u010dekuje u regiji Banja Luke, Vi\u0161egrada i Fo\u010de, od podneva do pono\u0107i. Naran\u010dasti meteoalarm na snazi je i zbog visoke temperature zraka na podru\u010dju cijele Srpske, koja \u0107e [&hellip;]<\/p>\n","protected":false},"author":2,"featured_media":163390,"comment_status":"closed","ping_status":"closed","sticky":false,"template":"","format":"standard","meta":{"h5ap_radio_sources":[],"footnotes":""},"categories":[1],"tags":[],"class_list":["post-163389","post","type-post","status-publish","format-standard","has-post-thumbnail","hentry","category-bihiregija"],"yoast_head":"<!-- This site is optimized with the Yoast SEO plugin v27.5 - https:\/\/yoast.com\/product\/yoast-seo-wordpress\/ -->\n<title>Naran\u010dasto upozorenje zbog vru\u0107ine i mogu\u0107e grmljavine - RADIO LJUBU\u0160KI<\/title>\n<meta name=\"robots\" content=\"index, follow, max-snippet:-1, max-image-preview:large, max-video-preview:-1\" \/>\n<link rel=\"canonical\" href=\"https:\/\/radioljubuski.ba\/index.php\/2022\/07\/26\/narancasto-upozorenje-zbog-vrucine-i-moguce-grmljavine\/\" \/>\n<meta property=\"og:locale\" content=\"hr_HR\" \/>\n<meta property=\"og:type\" content=\"article\" \/>\n<meta property=\"og:title\" content=\"Naran\u010dasto upozorenje zbog vru\u0107ine i mogu\u0107e grmljavine - RADIO LJUBU\u0160KI\" \/>\n<meta property=\"og:description\" content=\"U Republici Srpskoj i Federaciji BiH danas je na snazi naran\u010dasto upozorenje zbog visoke temperature, ali i mogu\u0107nosti grmljavine, objavljeno je na stranici Meteoalarma. Grmljavina se lokalno o\u010dekuje u regiji Banja Luke, Vi\u0161egrada i Fo\u010de, od podneva do pono\u0107i. Naran\u010dasti meteoalarm na snazi je i zbog visoke temperature zraka na podru\u010dju cijele Srpske, koja \u0107e [&hellip;]\" \/>\n<meta property=\"og:url\" content=\"https:\/\/radioljubuski.ba\/index.php\/2022\/07\/26\/narancasto-upozorenje-zbog-vrucine-i-moguce-grmljavine\/\" \/>\n<meta property=\"og:site_name\" content=\"RADIO LJUBU\u0160KI\" \/>\n<meta property=\"article:publisher\" content=\"https:\/\/www.facebook.com\/Radiio-Ljubuski-1490835324566332\" \/>\n<meta property=\"article:published_time\" content=\"2022-07-26T06:26:26+00:00\" \/>\n<meta property=\"article:modified_time\" content=\"2022-07-26T06:26:27+00:00\" \/>\n<meta property=\"og:image\" content=\"https:\/\/radioljubuski.ba\/wp-content\/uploads\/2022\/07\/8-2022-07-26-08-14-19-vrucina-osvjezenje-1.jpg\" \/>\n\t<meta property=\"og:image:width\" content=\"1000\" \/>\n\t<meta property=\"og:image:height\" content=\"625\" \/>\n\t<meta property=\"og:image:type\" content=\"image\/jpeg\" \/>\n<meta name=\"author\" content=\"Radio Ljubu\u0161ki\" \/>\n<meta name=\"twitter:card\" content=\"summary_large_image\" \/>\n<meta name=\"twitter:creator\" content=\"@radioljubuski\" \/>\n<meta name=\"twitter:site\" content=\"@radioljubuski\" \/>\n<meta name=\"twitter:label1\" content=\"Napisao\/la\" \/>\n\t<meta name=\"twitter:data1\" content=\"Radio Ljubu\u0161ki\" \/>\n\t<meta name=\"twitter:label2\" content=\"Procijenjeno vrijeme \u010ditanja\" \/>\n\t<meta name=\"twitter:data2\" content=\"2 minute\" \/>\n<script type=\"application\/ld+json\" class=\"yoast-schema-graph\">{\"@context\":\"https:\\\/\\\/schema.org\",\"@graph\":[{\"@type\":\"Article\",\"@id\":\"https:\\\/\\\/radioljubuski.ba\\\/index.php\\\/2022\\\/07\\\/26\\\/narancasto-upozorenje-zbog-vrucine-i-moguce-grmljavine\\\/#article\",\"isPartOf\":{\"@id\":\"https:\\\/\\\/radioljubuski.ba\\\/index.php\\\/2022\\\/07\\\/26\\\/narancasto-upozorenje-zbog-vrucine-i-moguce-grmljavine\\\/\"},\"author\":{\"name\":\"Radio Ljubu\u0161ki\",\"@id\":\"https:\\\/\\\/radioljubuski.ba\\\/#\\\/schema\\\/person\\\/19fc700381a780f69665d7956c469e3b\"},\"headline\":\"Naran\u010dasto upozorenje zbog vru\u0107ine i mogu\u0107e grmljavine\",\"datePublished\":\"2022-07-26T06:26:26+00:00\",\"dateModified\":\"2022-07-26T06:26:27+00:00\",\"mainEntityOfPage\":{\"@id\":\"https:\\\/\\\/radioljubuski.ba\\\/index.php\\\/2022\\\/07\\\/26\\\/narancasto-upozorenje-zbog-vrucine-i-moguce-grmljavine\\\/\"},\"wordCount\":275,\"publisher\":{\"@id\":\"https:\\\/\\\/radioljubuski.ba\\\/#organization\"},\"image\":{\"@id\":\"https:\\\/\\\/radioljubuski.ba\\\/index.php\\\/2022\\\/07\\\/26\\\/narancasto-upozorenje-zbog-vrucine-i-moguce-grmljavine\\\/#primaryimage\"},\"thumbnailUrl\":\"https:\\\/\\\/radioljubuski.ba\\\/wp-content\\\/uploads\\\/2022\\\/07\\\/8-2022-07-26-08-14-19-vrucina-osvjezenje-1.jpg\",\"articleSection\":[\"BIH i regija\"],\"inLanguage\":\"hr\"},{\"@type\":\"WebPage\",\"@id\":\"https:\\\/\\\/radioljubuski.ba\\\/index.php\\\/2022\\\/07\\\/26\\\/narancasto-upozorenje-zbog-vrucine-i-moguce-grmljavine\\\/\",\"url\":\"https:\\\/\\\/radioljubuski.ba\\\/index.php\\\/2022\\\/07\\\/26\\\/narancasto-upozorenje-zbog-vrucine-i-moguce-grmljavine\\\/\",\"name\":\"Naran\u010dasto upozorenje zbog vru\u0107ine i mogu\u0107e grmljavine - RADIO LJUBU\u0160KI\",\"isPartOf\":{\"@id\":\"https:\\\/\\\/radioljubuski.ba\\\/#website\"},\"primaryImageOfPage\":{\"@id\":\"https:\\\/\\\/radioljubuski.ba\\\/index.php\\\/2022\\\/07\\\/26\\\/narancasto-upozorenje-zbog-vrucine-i-moguce-grmljavine\\\/#primaryimage\"},\"image\":{\"@id\":\"https:\\\/\\\/radioljubuski.ba\\\/index.php\\\/2022\\\/07\\\/26\\\/narancasto-upozorenje-zbog-vrucine-i-moguce-grmljavine\\\/#primaryimage\"},\"thumbnailUrl\":\"https:\\\/\\\/radioljubuski.ba\\\/wp-content\\\/uploads\\\/2022\\\/07\\\/8-2022-07-26-08-14-19-vrucina-osvjezenje-1.jpg\",\"datePublished\":\"2022-07-26T06:26:26+00:00\",\"dateModified\":\"2022-07-26T06:26:27+00:00\",\"breadcrumb\":{\"@id\":\"https:\\\/\\\/radioljubuski.ba\\\/index.php\\\/2022\\\/07\\\/26\\\/narancasto-upozorenje-zbog-vrucine-i-moguce-grmljavine\\\/#breadcrumb\"},\"inLanguage\":\"hr\",\"potentialAction\":[{\"@type\":\"ReadAction\",\"target\":[\"https:\\\/\\\/radioljubuski.ba\\\/index.php\\\/2022\\\/07\\\/26\\\/narancasto-upozorenje-zbog-vrucine-i-moguce-grmljavine\\\/\"]}]},{\"@type\":\"ImageObject\",\"inLanguage\":\"hr\",\"@id\":\"https:\\\/\\\/radioljubuski.ba\\\/index.php\\\/2022\\\/07\\\/26\\\/narancasto-upozorenje-zbog-vrucine-i-moguce-grmljavine\\\/#primaryimage\",\"url\":\"https:\\\/\\\/radioljubuski.ba\\\/wp-content\\\/uploads\\\/2022\\\/07\\\/8-2022-07-26-08-14-19-vrucina-osvjezenje-1.jpg\",\"contentUrl\":\"https:\\\/\\\/radioljubuski.ba\\\/wp-content\\\/uploads\\\/2022\\\/07\\\/8-2022-07-26-08-14-19-vrucina-osvjezenje-1.jpg\",\"width\":1000,\"height\":625},{\"@type\":\"BreadcrumbList\",\"@id\":\"https:\\\/\\\/radioljubuski.ba\\\/index.php\\\/2022\\\/07\\\/26\\\/narancasto-upozorenje-zbog-vrucine-i-moguce-grmljavine\\\/#breadcrumb\",\"itemListElement\":[{\"@type\":\"ListItem\",\"position\":1,\"name\":\"Po\u010detna stranica\",\"item\":\"https:\\\/\\\/radioljubuski.ba\\\/\"},{\"@type\":\"ListItem\",\"position\":2,\"name\":\"Naran\u010dasto upozorenje zbog vru\u0107ine i mogu\u0107e grmljavine\"}]},{\"@type\":\"WebSite\",\"@id\":\"https:\\\/\\\/radioljubuski.ba\\\/#website\",\"url\":\"https:\\\/\\\/radioljubuski.ba\\\/\",\"name\":\"Radio Ljubu\u0161ki\",\"description\":\"Sun\u010dana frekvencija Hercegovine\",\"publisher\":{\"@id\":\"https:\\\/\\\/radioljubuski.ba\\\/#organization\"},\"potentialAction\":[{\"@type\":\"SearchAction\",\"target\":{\"@type\":\"EntryPoint\",\"urlTemplate\":\"https:\\\/\\\/radioljubuski.ba\\\/?s={search_term_string}\"},\"query-input\":{\"@type\":\"PropertyValueSpecification\",\"valueRequired\":true,\"valueName\":\"search_term_string\"}}],\"inLanguage\":\"hr\"},{\"@type\":\"Organization\",\"@id\":\"https:\\\/\\\/radioljubuski.ba\\\/#organization\",\"name\":\"Radio Ljubu\u0161ki\",\"url\":\"https:\\\/\\\/radioljubuski.ba\\\/\",\"logo\":{\"@type\":\"ImageObject\",\"inLanguage\":\"hr\",\"@id\":\"https:\\\/\\\/radioljubuski.ba\\\/#\\\/schema\\\/logo\\\/image\\\/\",\"url\":\"https:\\\/\\\/radioljubuski.ba\\\/wp-content\\\/uploads\\\/2021\\\/02\\\/cropped-Radio_Ljubuski_logo1.jpg\",\"contentUrl\":\"https:\\\/\\\/radioljubuski.ba\\\/wp-content\\\/uploads\\\/2021\\\/02\\\/cropped-Radio_Ljubuski_logo1.jpg\",\"width\":512,\"height\":512,\"caption\":\"Radio Ljubu\u0161ki\"},\"image\":{\"@id\":\"https:\\\/\\\/radioljubuski.ba\\\/#\\\/schema\\\/logo\\\/image\\\/\"},\"sameAs\":[\"https:\\\/\\\/www.facebook.com\\\/Radiio-Ljubuski-1490835324566332\",\"https:\\\/\\\/x.com\\\/radioljubuski\",\"https:\\\/\\\/hr.linkedin.com\\\/company\\\/radio-ljubuski\",\"https:\\\/\\\/www.youtube.com\\\/channel\\\/UCHYaeO_n0Db3tjNGudGpXyw\"]},{\"@type\":\"Person\",\"@id\":\"https:\\\/\\\/radioljubuski.ba\\\/#\\\/schema\\\/person\\\/19fc700381a780f69665d7956c469e3b\",\"name\":\"Radio Ljubu\u0161ki\"}]}<\/script>\n<!-- \/ Yoast SEO plugin. -->","yoast_head_json":{"title":"Naran\u010dasto upozorenje zbog vru\u0107ine i mogu\u0107e grmljavine - RADIO LJUBU\u0160KI","robots":{"index":"index","follow":"follow","max-snippet":"max-snippet:-1","max-image-preview":"max-image-preview:large","max-video-preview":"max-video-preview:-1"},"canonical":"https:\/\/radioljubuski.ba\/index.php\/2022\/07\/26\/narancasto-upozorenje-zbog-vrucine-i-moguce-grmljavine\/","og_locale":"hr_HR","og_type":"article","og_title":"Naran\u010dasto upozorenje zbog vru\u0107ine i mogu\u0107e grmljavine - RADIO LJUBU\u0160KI","og_description":"U Republici Srpskoj i Federaciji BiH danas je na snazi naran\u010dasto upozorenje zbog visoke temperature, ali i mogu\u0107nosti grmljavine, objavljeno je na stranici Meteoalarma. Grmljavina se lokalno o\u010dekuje u regiji Banja Luke, Vi\u0161egrada i Fo\u010de, od podneva do pono\u0107i. Naran\u010dasti meteoalarm na snazi je i zbog visoke temperature zraka na podru\u010dju cijele Srpske, koja \u0107e [&hellip;]","og_url":"https:\/\/radioljubuski.ba\/index.php\/2022\/07\/26\/narancasto-upozorenje-zbog-vrucine-i-moguce-grmljavine\/","og_site_name":"RADIO LJUBU\u0160KI","article_publisher":"https:\/\/www.facebook.com\/Radiio-Ljubuski-1490835324566332","article_published_time":"2022-07-26T06:26:26+00:00","article_modified_time":"2022-07-26T06:26:27+00:00","og_image":[{"width":1000,"height":625,"url":"https:\/\/radioljubuski.ba\/wp-content\/uploads\/2022\/07\/8-2022-07-26-08-14-19-vrucina-osvjezenje-1.jpg","type":"image\/jpeg"}],"author":"Radio Ljubu\u0161ki","twitter_card":"summary_large_image","twitter_creator":"@radioljubuski","twitter_site":"@radioljubuski","twitter_misc":{"Napisao\/la":"Radio Ljubu\u0161ki","Procijenjeno vrijeme \u010ditanja":"2 minute"},"schema":{"@context":"https:\/\/schema.org","@graph":[{"@type":"Article","@id":"https:\/\/radioljubuski.ba\/index.php\/2022\/07\/26\/narancasto-upozorenje-zbog-vrucine-i-moguce-grmljavine\/#article","isPartOf":{"@id":"https:\/\/radioljubuski.ba\/index.php\/2022\/07\/26\/narancasto-upozorenje-zbog-vrucine-i-moguce-grmljavine\/"},"author":{"name":"Radio Ljubu\u0161ki","@id":"https:\/\/radioljubuski.ba\/#\/schema\/person\/19fc700381a780f69665d7956c469e3b"},"headline":"Naran\u010dasto upozorenje zbog vru\u0107ine i mogu\u0107e grmljavine","datePublished":"2022-07-26T06:26:26+00:00","dateModified":"2022-07-26T06:26:27+00:00","mainEntityOfPage":{"@id":"https:\/\/radioljubuski.ba\/index.php\/2022\/07\/26\/narancasto-upozorenje-zbog-vrucine-i-moguce-grmljavine\/"},"wordCount":275,"publisher":{"@id":"https:\/\/radioljubuski.ba\/#organization"},"image":{"@id":"https:\/\/radioljubuski.ba\/index.php\/2022\/07\/26\/narancasto-upozorenje-zbog-vrucine-i-moguce-grmljavine\/#primaryimage"},"thumbnailUrl":"https:\/\/radioljubuski.ba\/wp-content\/uploads\/2022\/07\/8-2022-07-26-08-14-19-vrucina-osvjezenje-1.jpg","articleSection":["BIH i regija"],"inLanguage":"hr"},{"@type":"WebPage","@id":"https:\/\/radioljubuski.ba\/index.php\/2022\/07\/26\/narancasto-upozorenje-zbog-vrucine-i-moguce-grmljavine\/","url":"https:\/\/radioljubuski.ba\/index.php\/2022\/07\/26\/narancasto-upozorenje-zbog-vrucine-i-moguce-grmljavine\/","name":"Naran\u010dasto upozorenje zbog vru\u0107ine i mogu\u0107e grmljavine - RADIO LJUBU\u0160KI","isPartOf":{"@id":"https:\/\/radioljubuski.ba\/#website"},"primaryImageOfPage":{"@id":"https:\/\/radioljubuski.ba\/index.php\/2022\/07\/26\/narancasto-upozorenje-zbog-vrucine-i-moguce-grmljavine\/#primaryimage"},"image":{"@id":"https:\/\/radioljubuski.ba\/index.php\/2022\/07\/26\/narancasto-upozorenje-zbog-vrucine-i-moguce-grmljavine\/#primaryimage"},"thumbnailUrl":"https:\/\/radioljubuski.ba\/wp-content\/uploads\/2022\/07\/8-2022-07-26-08-14-19-vrucina-osvjezenje-1.jpg","datePublished":"2022-07-26T06:26:26+00:00","dateModified":"2022-07-26T06:26:27+00:00","breadcrumb":{"@id":"https:\/\/radioljubuski.ba\/index.php\/2022\/07\/26\/narancasto-upozorenje-zbog-vrucine-i-moguce-grmljavine\/#breadcrumb"},"inLanguage":"hr","potentialAction":[{"@type":"ReadAction","target":["https:\/\/radioljubuski.ba\/index.php\/2022\/07\/26\/narancasto-upozorenje-zbog-vrucine-i-moguce-grmljavine\/"]}]},{"@type":"ImageObject","inLanguage":"hr","@id":"https:\/\/radioljubuski.ba\/index.php\/2022\/07\/26\/narancasto-upozorenje-zbog-vrucine-i-moguce-grmljavine\/#primaryimage","url":"https:\/\/radioljubuski.ba\/wp-content\/uploads\/2022\/07\/8-2022-07-26-08-14-19-vrucina-osvjezenje-1.jpg","contentUrl":"https:\/\/radioljubuski.ba\/wp-content\/uploads\/2022\/07\/8-2022-07-26-08-14-19-vrucina-osvjezenje-1.jpg","width":1000,"height":625},{"@type":"BreadcrumbList","@id":"https:\/\/radioljubuski.ba\/index.php\/2022\/07\/26\/narancasto-upozorenje-zbog-vrucine-i-moguce-grmljavine\/#breadcrumb","itemListElement":[{"@type":"ListItem","position":1,"name":"Po\u010detna stranica","item":"https:\/\/radioljubuski.ba\/"},{"@type":"ListItem","position":2,"name":"Naran\u010dasto upozorenje zbog vru\u0107ine i mogu\u0107e grmljavine"}]},{"@type":"WebSite","@id":"https:\/\/radioljubuski.ba\/#website","url":"https:\/\/radioljubuski.ba\/","name":"Radio Ljubu\u0161ki","description":"Sun\u010dana frekvencija Hercegovine","publisher":{"@id":"https:\/\/radioljubuski.ba\/#organization"},"potentialAction":[{"@type":"SearchAction","target":{"@type":"EntryPoint","urlTemplate":"https:\/\/radioljubuski.ba\/?s={search_term_string}"},"query-input":{"@type":"PropertyValueSpecification","valueRequired":true,"valueName":"search_term_string"}}],"inLanguage":"hr"},{"@type":"Organization","@id":"https:\/\/radioljubuski.ba\/#organization","name":"Radio Ljubu\u0161ki","url":"https:\/\/radioljubuski.ba\/","logo":{"@type":"ImageObject","inLanguage":"hr","@id":"https:\/\/radioljubuski.ba\/#\/schema\/logo\/image\/","url":"https:\/\/radioljubuski.ba\/wp-content\/uploads\/2021\/02\/cropped-Radio_Ljubuski_logo1.jpg","contentUrl":"https:\/\/radioljubuski.ba\/wp-content\/uploads\/2021\/02\/cropped-Radio_Ljubuski_logo1.jpg","width":512,"height":512,"caption":"Radio Ljubu\u0161ki"},"image":{"@id":"https:\/\/radioljubuski.ba\/#\/schema\/logo\/image\/"},"sameAs":["https:\/\/www.facebook.com\/Radiio-Ljubuski-1490835324566332","https:\/\/x.com\/radioljubuski","https:\/\/hr.linkedin.com\/company\/radio-ljubuski","https:\/\/www.youtube.com\/channel\/UCHYaeO_n0Db3tjNGudGpXyw"]},{"@type":"Person","@id":"https:\/\/radioljubuski.ba\/#\/schema\/person\/19fc700381a780f69665d7956c469e3b","name":"Radio Ljubu\u0161ki"}]}},"_links":{"self":[{"href":"https:\/\/radioljubuski.ba\/index.php\/wp-json\/wp\/v2\/posts\/163389","targetHints":{"allow":["GET"]}}],"collection":[{"href":"https:\/\/radioljubuski.ba\/index.php\/wp-json\/wp\/v2\/posts"}],"about":[{"href":"https:\/\/radioljubuski.ba\/index.php\/wp-json\/wp\/v2\/types\/post"}],"author":[{"embeddable":true,"href":"https:\/\/radioljubuski.ba\/index.php\/wp-json\/wp\/v2\/users\/2"}],"replies":[{"embeddable":true,"href":"https:\/\/radioljubuski.ba\/index.php\/wp-json\/wp\/v2\/comments?post=163389"}],"version-history":[{"count":1,"href":"https:\/\/radioljubuski.ba\/index.php\/wp-json\/wp\/v2\/posts\/163389\/revisions"}],"predecessor-version":[{"id":163391,"href":"https:\/\/radioljubuski.ba\/index.php\/wp-json\/wp\/v2\/posts\/163389\/revisions\/163391"}],"wp:featuredmedia":[{"embeddable":true,"href":"https:\/\/radioljubuski.ba\/index.php\/wp-json\/wp\/v2\/media\/163390"}],"wp:attachment":[{"href":"https:\/\/radioljubuski.ba\/index.php\/wp-json\/wp\/v2\/media?parent=163389"}],"wp:term":[{"taxonomy":"category","embeddable":true,"href":"https:\/\/radioljubuski.ba\/index.php\/wp-json\/wp\/v2\/categories?post=163389"},{"taxonomy":"post_tag","embeddable":true,"href":"https:\/\/radioljubuski.ba\/index.php\/wp-json\/wp\/v2\/tags?post=163389"}],"curies":[{"name":"wp","href":"https:\/\/api.w.org\/{rel}","templated":true}]}}