{"id":163392,"date":"2022-07-26T07:34:07","date_gmt":"2022-07-26T06:34:07","guid":{"rendered":"https:\/\/radioljubuski.ba\/?p=163392"},"modified":"2022-07-26T07:34:08","modified_gmt":"2022-07-26T06:34:08","slug":"poljicak-za-pobjedu-su-falile-nijanse-iskustvo-je-prevagnulo","status":"publish","type":"post","link":"https:\/\/radioljubuski.ba\/index.php\/2022\/07\/26\/poljicak-za-pobjedu-su-falile-nijanse-iskustvo-je-prevagnulo\/","title":{"rendered":"Polji\u010dak: Za pobjedu su falile nijanse, iskustvo je prevagnulo"},"content":{"rendered":"\n<p>Gotovo tri sata trajala je borba izme\u0111u aktualnog pobjednika juniorskog Wimbledona, 18-godi\u0161njeg Spli\u0107anina Milija Polji\u010dka, i uma\u0161kog pobjednika iz 2018., 29-godi\u0161njeg Talijana Marca Cecchinata, za plasman u drugo kolo 32. izdanja Plava Laguna Croatia Opena, da bi na kraju slavio nekada\u0161nji polufinalist Roland Garrosa sa 6-1, 5-7, 6-2.<\/p>\n\n\n\n<p>Polji\u010dkov prvi nastup u pojedina\u010dnoj konkurenciji na ATP Tour razini nikoga nije mogao ostaviti ravnodu\u0161nim, jer mladi je hrvatski tenisa\u010d pokazao da ima srce, tenisku kvalitetu i dovoljno udaraca u svom arsenalu za borbu s prouku\u0161anim, dugogodi\u0161njim profesionalcima. Stoga je bilo logi\u010dno da ni Polji\u010dak nije bio nesretan zbog poraza.<\/p>\n\n\n\n<p>&#8211; Jako sam sretan i zadovljan svojim debijem u singlu na ATP turniru. Mislim da su mi za pobjedu falile nijanse, iskustvo je prevagnulo. Nemam za \u010dime \u017ealiti, dao sam sve od sebe, svoj maksimum u ovom trenutku. Ovo je pozitivan me\u010d za mene, rekao je Spli\u0107anin na konferenciji za medije koja je odr\u017eana ve\u0107 u novom danu, debelo nakon \u0161to je otkucala pono\u0107.<\/p>\n\n\n\n<p>&#8211; Prvi set je bio 6-1, a igrali smo skoro sat vremena. Bilo je dosta izjedna\u010denih poena, dosta izjedna\u010denih gemova. Moglo je, uz malo sre\u0107e, mo\u017eda oti\u0107i i na moju stranu. Nije realno da je prvi set zavr\u0161io 6-1. Moglo je biti 6-3 ili 6-4. Mislim, bio je on bolji u prvom setu, ali ja sam se digao u drugom. Izvukao sam prvi gem u tre\u0107em setu, imao neke \u0161anse. Kasnije, kad sam izgubio servis, opet sam imao \u0161anse za vratiti se, ali on je u nekim krucijalnim momentima odigrao vrhunske poene i bio je za par nijansi bolji od mene i ja mu mogu samo \u010destitati, analizirao je doga\u0111anja na uma\u0161kom stadionu &#8220;Goran Ivani\u0161evi\u0107&#8221; na kojem je svojim sjajnim potezima i borbeno\u0161\u0107u vi\u0161e puta dignuti gledatelje na noge i izmamiti ovacije.<\/p>\n\n\n\n<p>&#8211; Publika te svakako digne u nekim trenucima, daje ti dodatnu energiju, nekakav dodatni impuls koji ti zna\u010di, tako da mislim da mi je to pomoglo u drugom setu kad sam se vra\u0107ao, kad sam ga dobio. To mo\u017ee dosta pomo\u0107i.<\/p>\n\n\n\n<p>Po\u010detak me\u010da je mo\u017eda bio klju\u010dan za kona\u010dan ishod jer je Polji\u010dak imao prilike za oduzimanje servisa Talijanu u prvom i tre\u0107em gemu, mogao je i zadr\u017eati svoj po\u010detni servis. No, umjesto 3-0 za Polji\u010dka, bilo je 5-0 za Cecchinata. Presudilo je nekoliko previ\u0161e proma\u0161enih prvih servisa hrvatskog juniora i nekoliko neiznu\u0111enih pogre\u0161aka.<\/p>\n\n\n\n<p>&#8211; Prvi set je bio najlo\u0161iji s moje strane, tako da bih, kad bi to bilo mogu\u0107e, vratio taj po\u010detak. No, nemam za \u010dime \u017ealiti. Odigrao sam odli\u010dan me\u010d, na visokom nivou, s igra\u010dem koji je vrhunski tenisa\u010d na zemlji. Odigrao prije \u010detiri godine polufinale Roland Garrosa i osvojio Umag.<\/p>\n\n\n\n<p>Dvoboj sa Cecchinatom samo je u\u010dvrstio njegovo uvjerenje u ono \u0161to se dalo naslutiti jo\u0161 u travnju.<\/p>\n\n\n\n<p>&#8211; Ve\u0107 finale Challengera u Zagrebu mi je bio znak da se, uz napredak u jo\u0161 nekim segmentima, mogu nositi s tim profesionalcima. Ovo je jo\u0161 razina vi\u0161e i dodatna motivacija za daljni rad, zato \u0161to vidim da uz mali napredak pripadam ATP Touru.<\/p>\n\n\n\n<p>Polji\u010dak tvrdi da nije osjetio umor tijekom me\u010da.<\/p>\n\n\n\n<p>&#8211; Te\u0161ko je za igrati, velika vlaga, vru\u0107ina, dosta su te\u0161ki uvjeti, ali stvarno nisam imao nikakvih problema fizi\u010dki to izdr\u017eati.<\/p>\n\n\n\n<p>Uma\u0161ka pri\u010da za njega nije zavr\u0161ena. \u010ceka ga turnir parova u kombinaciji s&nbsp;<strong>Ninom Serdaru\u0161i\u0107em<\/strong>, a potom i novi izazovi u seniorskoj konkurenciji.<\/p>\n\n\n\n<p>&#8211; \u017delim se spustiti na renkingu koliko je god to mogu\u0107e. Cilj je da dogodine mogu igrati kvalifikacije Roland Garrosa ili Wimbledona. No, u tenisu se iz tjedna u tjedan sve mijenja. Mogu deset tjedana ne odigrati ni\u0161ta, a onda jedan tjedan odli\u010dno i onda opet bude super, zaboravi\u0161 tih deset poraza. Cilj je odigrati \u0161to vi\u0161e seniorskih turnira, naviknuti se na taj nivo i biti \u0161to bolji, zaklju\u010dio je igra\u010d koji je zaradio simpatije uma\u0161ke publike.<\/p>\n\n\n\n<p>izvor: hrt.hr<\/p>\n","protected":false},"excerpt":{"rendered":"<p>Gotovo tri sata trajala je borba izme\u0111u aktualnog pobjednika juniorskog Wimbledona, 18-godi\u0161njeg Spli\u0107anina Milija Polji\u010dka, i uma\u0161kog pobjednika iz 2018., 29-godi\u0161njeg Talijana Marca Cecchinata, za plasman u drugo kolo 32. izdanja Plava Laguna Croatia Opena, da bi na kraju slavio nekada\u0161nji polufinalist Roland Garrosa sa 6-1, 5-7, 6-2. Polji\u010dkov prvi nastup u pojedina\u010dnoj konkurenciji na [&hellip;]<\/p>\n","protected":false},"author":2,"featured_media":163393,"comment_status":"closed","ping_status":"closed","sticky":false,"template":"","format":"standard","meta":{"h5ap_radio_sources":[],"footnotes":""},"categories":[7],"tags":[],"class_list":["post-163392","post","type-post","status-publish","format-standard","has-post-thumbnail","hentry","category-sport"],"yoast_head":"<!-- This site is optimized with the Yoast SEO plugin v27.5 - https:\/\/yoast.com\/product\/yoast-seo-wordpress\/ -->\n<title>Polji\u010dak: Za pobjedu su falile nijanse, iskustvo je prevagnulo - RADIO LJUBU\u0160KI<\/title>\n<meta name=\"robots\" content=\"index, follow, max-snippet:-1, max-image-preview:large, max-video-preview:-1\" \/>\n<link rel=\"canonical\" href=\"https:\/\/radioljubuski.ba\/index.php\/2022\/07\/26\/poljicak-za-pobjedu-su-falile-nijanse-iskustvo-je-prevagnulo\/\" \/>\n<meta property=\"og:locale\" content=\"hr_HR\" \/>\n<meta property=\"og:type\" content=\"article\" \/>\n<meta property=\"og:title\" content=\"Polji\u010dak: Za pobjedu su falile nijanse, iskustvo je prevagnulo - RADIO LJUBU\u0160KI\" \/>\n<meta property=\"og:description\" content=\"Gotovo tri sata trajala je borba izme\u0111u aktualnog pobjednika juniorskog Wimbledona, 18-godi\u0161njeg Spli\u0107anina Milija Polji\u010dka, i uma\u0161kog pobjednika iz 2018., 29-godi\u0161njeg Talijana Marca Cecchinata, za plasman u drugo kolo 32. izdanja Plava Laguna Croatia Opena, da bi na kraju slavio nekada\u0161nji polufinalist Roland Garrosa sa 6-1, 5-7, 6-2. Polji\u010dkov prvi nastup u pojedina\u010dnoj konkurenciji na [&hellip;]\" \/>\n<meta property=\"og:url\" content=\"https:\/\/radioljubuski.ba\/index.php\/2022\/07\/26\/poljicak-za-pobjedu-su-falile-nijanse-iskustvo-je-prevagnulo\/\" \/>\n<meta property=\"og:site_name\" content=\"RADIO LJUBU\u0160KI\" \/>\n<meta property=\"article:publisher\" content=\"https:\/\/www.facebook.com\/Radiio-Ljubuski-1490835324566332\" \/>\n<meta property=\"article:published_time\" content=\"2022-07-26T06:34:07+00:00\" \/>\n<meta property=\"article:modified_time\" content=\"2022-07-26T06:34:08+00:00\" \/>\n<meta property=\"og:image\" content=\"https:\/\/radioljubuski.ba\/wp-content\/uploads\/2022\/07\/mili-1.jpg\" \/>\n\t<meta property=\"og:image:width\" content=\"279\" \/>\n\t<meta property=\"og:image:height\" content=\"181\" \/>\n\t<meta property=\"og:image:type\" content=\"image\/jpeg\" \/>\n<meta name=\"author\" content=\"Radio Ljubu\u0161ki\" \/>\n<meta name=\"twitter:card\" content=\"summary_large_image\" \/>\n<meta name=\"twitter:creator\" content=\"@radioljubuski\" \/>\n<meta name=\"twitter:site\" content=\"@radioljubuski\" \/>\n<meta name=\"twitter:label1\" content=\"Napisao\/la\" \/>\n\t<meta name=\"twitter:data1\" content=\"Radio Ljubu\u0161ki\" \/>\n\t<meta name=\"twitter:label2\" content=\"Procijenjeno vrijeme \u010ditanja\" \/>\n\t<meta name=\"twitter:data2\" content=\"3 minute\" \/>\n<script type=\"application\/ld+json\" class=\"yoast-schema-graph\">{\"@context\":\"https:\\\/\\\/schema.org\",\"@graph\":[{\"@type\":\"Article\",\"@id\":\"https:\\\/\\\/radioljubuski.ba\\\/index.php\\\/2022\\\/07\\\/26\\\/poljicak-za-pobjedu-su-falile-nijanse-iskustvo-je-prevagnulo\\\/#article\",\"isPartOf\":{\"@id\":\"https:\\\/\\\/radioljubuski.ba\\\/index.php\\\/2022\\\/07\\\/26\\\/poljicak-za-pobjedu-su-falile-nijanse-iskustvo-je-prevagnulo\\\/\"},\"author\":{\"name\":\"Radio Ljubu\u0161ki\",\"@id\":\"https:\\\/\\\/radioljubuski.ba\\\/#\\\/schema\\\/person\\\/19fc700381a780f69665d7956c469e3b\"},\"headline\":\"Polji\u010dak: Za pobjedu su falile nijanse, iskustvo je prevagnulo\",\"datePublished\":\"2022-07-26T06:34:07+00:00\",\"dateModified\":\"2022-07-26T06:34:08+00:00\",\"mainEntityOfPage\":{\"@id\":\"https:\\\/\\\/radioljubuski.ba\\\/index.php\\\/2022\\\/07\\\/26\\\/poljicak-za-pobjedu-su-falile-nijanse-iskustvo-je-prevagnulo\\\/\"},\"wordCount\":711,\"publisher\":{\"@id\":\"https:\\\/\\\/radioljubuski.ba\\\/#organization\"},\"image\":{\"@id\":\"https:\\\/\\\/radioljubuski.ba\\\/index.php\\\/2022\\\/07\\\/26\\\/poljicak-za-pobjedu-su-falile-nijanse-iskustvo-je-prevagnulo\\\/#primaryimage\"},\"thumbnailUrl\":\"https:\\\/\\\/radioljubuski.ba\\\/wp-content\\\/uploads\\\/2022\\\/07\\\/mili-1.jpg\",\"articleSection\":[\"\u0160port\"],\"inLanguage\":\"hr\"},{\"@type\":\"WebPage\",\"@id\":\"https:\\\/\\\/radioljubuski.ba\\\/index.php\\\/2022\\\/07\\\/26\\\/poljicak-za-pobjedu-su-falile-nijanse-iskustvo-je-prevagnulo\\\/\",\"url\":\"https:\\\/\\\/radioljubuski.ba\\\/index.php\\\/2022\\\/07\\\/26\\\/poljicak-za-pobjedu-su-falile-nijanse-iskustvo-je-prevagnulo\\\/\",\"name\":\"Polji\u010dak: Za pobjedu su falile nijanse, iskustvo je prevagnulo - RADIO LJUBU\u0160KI\",\"isPartOf\":{\"@id\":\"https:\\\/\\\/radioljubuski.ba\\\/#website\"},\"primaryImageOfPage\":{\"@id\":\"https:\\\/\\\/radioljubuski.ba\\\/index.php\\\/2022\\\/07\\\/26\\\/poljicak-za-pobjedu-su-falile-nijanse-iskustvo-je-prevagnulo\\\/#primaryimage\"},\"image\":{\"@id\":\"https:\\\/\\\/radioljubuski.ba\\\/index.php\\\/2022\\\/07\\\/26\\\/poljicak-za-pobjedu-su-falile-nijanse-iskustvo-je-prevagnulo\\\/#primaryimage\"},\"thumbnailUrl\":\"https:\\\/\\\/radioljubuski.ba\\\/wp-content\\\/uploads\\\/2022\\\/07\\\/mili-1.jpg\",\"datePublished\":\"2022-07-26T06:34:07+00:00\",\"dateModified\":\"2022-07-26T06:34:08+00:00\",\"breadcrumb\":{\"@id\":\"https:\\\/\\\/radioljubuski.ba\\\/index.php\\\/2022\\\/07\\\/26\\\/poljicak-za-pobjedu-su-falile-nijanse-iskustvo-je-prevagnulo\\\/#breadcrumb\"},\"inLanguage\":\"hr\",\"potentialAction\":[{\"@type\":\"ReadAction\",\"target\":[\"https:\\\/\\\/radioljubuski.ba\\\/index.php\\\/2022\\\/07\\\/26\\\/poljicak-za-pobjedu-su-falile-nijanse-iskustvo-je-prevagnulo\\\/\"]}]},{\"@type\":\"ImageObject\",\"inLanguage\":\"hr\",\"@id\":\"https:\\\/\\\/radioljubuski.ba\\\/index.php\\\/2022\\\/07\\\/26\\\/poljicak-za-pobjedu-su-falile-nijanse-iskustvo-je-prevagnulo\\\/#primaryimage\",\"url\":\"https:\\\/\\\/radioljubuski.ba\\\/wp-content\\\/uploads\\\/2022\\\/07\\\/mili-1.jpg\",\"contentUrl\":\"https:\\\/\\\/radioljubuski.ba\\\/wp-content\\\/uploads\\\/2022\\\/07\\\/mili-1.jpg\",\"width\":279,\"height\":181},{\"@type\":\"BreadcrumbList\",\"@id\":\"https:\\\/\\\/radioljubuski.ba\\\/index.php\\\/2022\\\/07\\\/26\\\/poljicak-za-pobjedu-su-falile-nijanse-iskustvo-je-prevagnulo\\\/#breadcrumb\",\"itemListElement\":[{\"@type\":\"ListItem\",\"position\":1,\"name\":\"Po\u010detna stranica\",\"item\":\"https:\\\/\\\/radioljubuski.ba\\\/\"},{\"@type\":\"ListItem\",\"position\":2,\"name\":\"Polji\u010dak: Za pobjedu su falile nijanse, iskustvo je prevagnulo\"}]},{\"@type\":\"WebSite\",\"@id\":\"https:\\\/\\\/radioljubuski.ba\\\/#website\",\"url\":\"https:\\\/\\\/radioljubuski.ba\\\/\",\"name\":\"Radio Ljubu\u0161ki\",\"description\":\"Sun\u010dana frekvencija Hercegovine\",\"publisher\":{\"@id\":\"https:\\\/\\\/radioljubuski.ba\\\/#organization\"},\"potentialAction\":[{\"@type\":\"SearchAction\",\"target\":{\"@type\":\"EntryPoint\",\"urlTemplate\":\"https:\\\/\\\/radioljubuski.ba\\\/?s={search_term_string}\"},\"query-input\":{\"@type\":\"PropertyValueSpecification\",\"valueRequired\":true,\"valueName\":\"search_term_string\"}}],\"inLanguage\":\"hr\"},{\"@type\":\"Organization\",\"@id\":\"https:\\\/\\\/radioljubuski.ba\\\/#organization\",\"name\":\"Radio Ljubu\u0161ki\",\"url\":\"https:\\\/\\\/radioljubuski.ba\\\/\",\"logo\":{\"@type\":\"ImageObject\",\"inLanguage\":\"hr\",\"@id\":\"https:\\\/\\\/radioljubuski.ba\\\/#\\\/schema\\\/logo\\\/image\\\/\",\"url\":\"https:\\\/\\\/radioljubuski.ba\\\/wp-content\\\/uploads\\\/2021\\\/02\\\/cropped-Radio_Ljubuski_logo1.jpg\",\"contentUrl\":\"https:\\\/\\\/radioljubuski.ba\\\/wp-content\\\/uploads\\\/2021\\\/02\\\/cropped-Radio_Ljubuski_logo1.jpg\",\"width\":512,\"height\":512,\"caption\":\"Radio Ljubu\u0161ki\"},\"image\":{\"@id\":\"https:\\\/\\\/radioljubuski.ba\\\/#\\\/schema\\\/logo\\\/image\\\/\"},\"sameAs\":[\"https:\\\/\\\/www.facebook.com\\\/Radiio-Ljubuski-1490835324566332\",\"https:\\\/\\\/x.com\\\/radioljubuski\",\"https:\\\/\\\/hr.linkedin.com\\\/company\\\/radio-ljubuski\",\"https:\\\/\\\/www.youtube.com\\\/channel\\\/UCHYaeO_n0Db3tjNGudGpXyw\"]},{\"@type\":\"Person\",\"@id\":\"https:\\\/\\\/radioljubuski.ba\\\/#\\\/schema\\\/person\\\/19fc700381a780f69665d7956c469e3b\",\"name\":\"Radio Ljubu\u0161ki\"}]}<\/script>\n<!-- \/ Yoast SEO plugin. -->","yoast_head_json":{"title":"Polji\u010dak: Za pobjedu su falile nijanse, iskustvo je prevagnulo - RADIO LJUBU\u0160KI","robots":{"index":"index","follow":"follow","max-snippet":"max-snippet:-1","max-image-preview":"max-image-preview:large","max-video-preview":"max-video-preview:-1"},"canonical":"https:\/\/radioljubuski.ba\/index.php\/2022\/07\/26\/poljicak-za-pobjedu-su-falile-nijanse-iskustvo-je-prevagnulo\/","og_locale":"hr_HR","og_type":"article","og_title":"Polji\u010dak: Za pobjedu su falile nijanse, iskustvo je prevagnulo - RADIO LJUBU\u0160KI","og_description":"Gotovo tri sata trajala je borba izme\u0111u aktualnog pobjednika juniorskog Wimbledona, 18-godi\u0161njeg Spli\u0107anina Milija Polji\u010dka, i uma\u0161kog pobjednika iz 2018., 29-godi\u0161njeg Talijana Marca Cecchinata, za plasman u drugo kolo 32. izdanja Plava Laguna Croatia Opena, da bi na kraju slavio nekada\u0161nji polufinalist Roland Garrosa sa 6-1, 5-7, 6-2. Polji\u010dkov prvi nastup u pojedina\u010dnoj konkurenciji na [&hellip;]","og_url":"https:\/\/radioljubuski.ba\/index.php\/2022\/07\/26\/poljicak-za-pobjedu-su-falile-nijanse-iskustvo-je-prevagnulo\/","og_site_name":"RADIO LJUBU\u0160KI","article_publisher":"https:\/\/www.facebook.com\/Radiio-Ljubuski-1490835324566332","article_published_time":"2022-07-26T06:34:07+00:00","article_modified_time":"2022-07-26T06:34:08+00:00","og_image":[{"width":279,"height":181,"url":"https:\/\/radioljubuski.ba\/wp-content\/uploads\/2022\/07\/mili-1.jpg","type":"image\/jpeg"}],"author":"Radio Ljubu\u0161ki","twitter_card":"summary_large_image","twitter_creator":"@radioljubuski","twitter_site":"@radioljubuski","twitter_misc":{"Napisao\/la":"Radio Ljubu\u0161ki","Procijenjeno vrijeme \u010ditanja":"3 minute"},"schema":{"@context":"https:\/\/schema.org","@graph":[{"@type":"Article","@id":"https:\/\/radioljubuski.ba\/index.php\/2022\/07\/26\/poljicak-za-pobjedu-su-falile-nijanse-iskustvo-je-prevagnulo\/#article","isPartOf":{"@id":"https:\/\/radioljubuski.ba\/index.php\/2022\/07\/26\/poljicak-za-pobjedu-su-falile-nijanse-iskustvo-je-prevagnulo\/"},"author":{"name":"Radio Ljubu\u0161ki","@id":"https:\/\/radioljubuski.ba\/#\/schema\/person\/19fc700381a780f69665d7956c469e3b"},"headline":"Polji\u010dak: Za pobjedu su falile nijanse, iskustvo je prevagnulo","datePublished":"2022-07-26T06:34:07+00:00","dateModified":"2022-07-26T06:34:08+00:00","mainEntityOfPage":{"@id":"https:\/\/radioljubuski.ba\/index.php\/2022\/07\/26\/poljicak-za-pobjedu-su-falile-nijanse-iskustvo-je-prevagnulo\/"},"wordCount":711,"publisher":{"@id":"https:\/\/radioljubuski.ba\/#organization"},"image":{"@id":"https:\/\/radioljubuski.ba\/index.php\/2022\/07\/26\/poljicak-za-pobjedu-su-falile-nijanse-iskustvo-je-prevagnulo\/#primaryimage"},"thumbnailUrl":"https:\/\/radioljubuski.ba\/wp-content\/uploads\/2022\/07\/mili-1.jpg","articleSection":["\u0160port"],"inLanguage":"hr"},{"@type":"WebPage","@id":"https:\/\/radioljubuski.ba\/index.php\/2022\/07\/26\/poljicak-za-pobjedu-su-falile-nijanse-iskustvo-je-prevagnulo\/","url":"https:\/\/radioljubuski.ba\/index.php\/2022\/07\/26\/poljicak-za-pobjedu-su-falile-nijanse-iskustvo-je-prevagnulo\/","name":"Polji\u010dak: Za pobjedu su falile nijanse, iskustvo je prevagnulo - RADIO LJUBU\u0160KI","isPartOf":{"@id":"https:\/\/radioljubuski.ba\/#website"},"primaryImageOfPage":{"@id":"https:\/\/radioljubuski.ba\/index.php\/2022\/07\/26\/poljicak-za-pobjedu-su-falile-nijanse-iskustvo-je-prevagnulo\/#primaryimage"},"image":{"@id":"https:\/\/radioljubuski.ba\/index.php\/2022\/07\/26\/poljicak-za-pobjedu-su-falile-nijanse-iskustvo-je-prevagnulo\/#primaryimage"},"thumbnailUrl":"https:\/\/radioljubuski.ba\/wp-content\/uploads\/2022\/07\/mili-1.jpg","datePublished":"2022-07-26T06:34:07+00:00","dateModified":"2022-07-26T06:34:08+00:00","breadcrumb":{"@id":"https:\/\/radioljubuski.ba\/index.php\/2022\/07\/26\/poljicak-za-pobjedu-su-falile-nijanse-iskustvo-je-prevagnulo\/#breadcrumb"},"inLanguage":"hr","potentialAction":[{"@type":"ReadAction","target":["https:\/\/radioljubuski.ba\/index.php\/2022\/07\/26\/poljicak-za-pobjedu-su-falile-nijanse-iskustvo-je-prevagnulo\/"]}]},{"@type":"ImageObject","inLanguage":"hr","@id":"https:\/\/radioljubuski.ba\/index.php\/2022\/07\/26\/poljicak-za-pobjedu-su-falile-nijanse-iskustvo-je-prevagnulo\/#primaryimage","url":"https:\/\/radioljubuski.ba\/wp-content\/uploads\/2022\/07\/mili-1.jpg","contentUrl":"https:\/\/radioljubuski.ba\/wp-content\/uploads\/2022\/07\/mili-1.jpg","width":279,"height":181},{"@type":"BreadcrumbList","@id":"https:\/\/radioljubuski.ba\/index.php\/2022\/07\/26\/poljicak-za-pobjedu-su-falile-nijanse-iskustvo-je-prevagnulo\/#breadcrumb","itemListElement":[{"@type":"ListItem","position":1,"name":"Po\u010detna stranica","item":"https:\/\/radioljubuski.ba\/"},{"@type":"ListItem","position":2,"name":"Polji\u010dak: Za pobjedu su falile nijanse, iskustvo je prevagnulo"}]},{"@type":"WebSite","@id":"https:\/\/radioljubuski.ba\/#website","url":"https:\/\/radioljubuski.ba\/","name":"Radio Ljubu\u0161ki","description":"Sun\u010dana frekvencija Hercegovine","publisher":{"@id":"https:\/\/radioljubuski.ba\/#organization"},"potentialAction":[{"@type":"SearchAction","target":{"@type":"EntryPoint","urlTemplate":"https:\/\/radioljubuski.ba\/?s={search_term_string}"},"query-input":{"@type":"PropertyValueSpecification","valueRequired":true,"valueName":"search_term_string"}}],"inLanguage":"hr"},{"@type":"Organization","@id":"https:\/\/radioljubuski.ba\/#organization","name":"Radio Ljubu\u0161ki","url":"https:\/\/radioljubuski.ba\/","logo":{"@type":"ImageObject","inLanguage":"hr","@id":"https:\/\/radioljubuski.ba\/#\/schema\/logo\/image\/","url":"https:\/\/radioljubuski.ba\/wp-content\/uploads\/2021\/02\/cropped-Radio_Ljubuski_logo1.jpg","contentUrl":"https:\/\/radioljubuski.ba\/wp-content\/uploads\/2021\/02\/cropped-Radio_Ljubuski_logo1.jpg","width":512,"height":512,"caption":"Radio Ljubu\u0161ki"},"image":{"@id":"https:\/\/radioljubuski.ba\/#\/schema\/logo\/image\/"},"sameAs":["https:\/\/www.facebook.com\/Radiio-Ljubuski-1490835324566332","https:\/\/x.com\/radioljubuski","https:\/\/hr.linkedin.com\/company\/radio-ljubuski","https:\/\/www.youtube.com\/channel\/UCHYaeO_n0Db3tjNGudGpXyw"]},{"@type":"Person","@id":"https:\/\/radioljubuski.ba\/#\/schema\/person\/19fc700381a780f69665d7956c469e3b","name":"Radio Ljubu\u0161ki"}]}},"_links":{"self":[{"href":"https:\/\/radioljubuski.ba\/index.php\/wp-json\/wp\/v2\/posts\/163392","targetHints":{"allow":["GET"]}}],"collection":[{"href":"https:\/\/radioljubuski.ba\/index.php\/wp-json\/wp\/v2\/posts"}],"about":[{"href":"https:\/\/radioljubuski.ba\/index.php\/wp-json\/wp\/v2\/types\/post"}],"author":[{"embeddable":true,"href":"https:\/\/radioljubuski.ba\/index.php\/wp-json\/wp\/v2\/users\/2"}],"replies":[{"embeddable":true,"href":"https:\/\/radioljubuski.ba\/index.php\/wp-json\/wp\/v2\/comments?post=163392"}],"version-history":[{"count":1,"href":"https:\/\/radioljubuski.ba\/index.php\/wp-json\/wp\/v2\/posts\/163392\/revisions"}],"predecessor-version":[{"id":163394,"href":"https:\/\/radioljubuski.ba\/index.php\/wp-json\/wp\/v2\/posts\/163392\/revisions\/163394"}],"wp:featuredmedia":[{"embeddable":true,"href":"https:\/\/radioljubuski.ba\/index.php\/wp-json\/wp\/v2\/media\/163393"}],"wp:attachment":[{"href":"https:\/\/radioljubuski.ba\/index.php\/wp-json\/wp\/v2\/media?parent=163392"}],"wp:term":[{"taxonomy":"category","embeddable":true,"href":"https:\/\/radioljubuski.ba\/index.php\/wp-json\/wp\/v2\/categories?post=163392"},{"taxonomy":"post_tag","embeddable":true,"href":"https:\/\/radioljubuski.ba\/index.php\/wp-json\/wp\/v2\/tags?post=163392"}],"curies":[{"name":"wp","href":"https:\/\/api.w.org\/{rel}","templated":true}]}}