{"id":163398,"date":"2022-07-26T07:39:38","date_gmt":"2022-07-26T06:39:38","guid":{"rendered":"https:\/\/radioljubuski.ba\/?p=163398"},"modified":"2022-07-26T07:39:39","modified_gmt":"2022-07-26T06:39:39","slug":"cacic-kvalitetniji-smo-iskustvo-je-na-nasoj-strani","status":"publish","type":"post","link":"https:\/\/radioljubuski.ba\/index.php\/2022\/07\/26\/cacic-kvalitetniji-smo-iskustvo-je-na-nasoj-strani\/","title":{"rendered":"\u010ca\u010di\u0107: Kvalitetniji smo, iskustvo je na na\u0161oj strani"},"content":{"rendered":"\n<p>&#8211; U\u010dinit \u0107emo sve kako bi bili bolji nego li u prvom susretu te uz du\u017eno po\u0161tovanje prema na\u0161em suparniku mislim da je Dinamo kvalitetnija mom\u010dad, najavio je trener Dinama Ante \u010ca\u010di\u0107 uzvrat drugog pretkola Lige prvaka protiv \u0160kupija u Skoplju.<\/p>\n\n\n\n<p>Uzvratna utakmica po\u010dinje u 21 sat u utorak, uz prijenos na Drugom programu HTV-a, a podsjetimo kako je hrvatski prvak kao doma\u0107in, u prvom susretu, odigrao 2:2 protiv prvaka Sjeverne Makedonije. Sve to je najava \u017eestoke borbe u uzvratu za prolaz u tre\u0107e pretkolo elitnog natjecanja.<\/p>\n\n\n\n<p>&#8211; Iako smo gosti prihva\u0107am ulogu favorita i u ovom uzvratu. Definitivno moramo odigrati bolju utakmicu nego li u Zagrebu. Po nogometnim parametrima smo imali vi\u0161e od igre i imali bolje prilike u prvom susretu. Da smo bolje koristili te \u0161anse imali bi i bolji rezultat te bi ugodnije \u010dekali ovaj uzvrat. Oni su, pak, iskoristili dvije na\u0161e nepa\u017enje i do\u0161li su do rezultata koji im daje nadu. Mi imamo kvalitetniji igra\u010di kadar, iskustvo iz Europe tako\u0111er je na na\u0161oj strani. \u017delimo odraditi ono \u0161to se od nas o\u010dekuje, poru\u010dio je trener Dinama \u010ca\u010di\u0107.<\/p>\n\n\n\n<p>Osvrnuo se trener hrvatskog prvaka i na to kakvog suparnika o\u010dekuje i tko \u0107e izostati iz njegove mom\u010dadi u uzvratnom susretu.<\/p>\n\n\n\n<p>&#8211; Ne\u0107e biti&nbsp;<strong>Josipa \u0160utala<\/strong>&nbsp;i&nbsp;<strong>Catherine-Theophilea<\/strong>. Ho\u0107emo li igrati s jednim ili dva napada\u010da tek \u0107emo vidjeti. Ne ovisimo o jednom napada\u010du i strijelcu, najbolje je to oslikala posljednja utakmica u Koprivnici gdje smo imali pet razli\u010ditih strijelaca. \u0160kupi? Oni \u017eele iznena\u0111enje, a mi to moramo sprije\u010diti. Na\u0161 suparnik je dobar u sredini terena, ima dubinu i dobru energiju, a prema naprijed imaju tri dobra ofenzivna igra\u010da. Ina\u010de, Alvarez mi se \u010dini kao njihov najva\u017eniji igra\u010d. No, moram naglasiti kako je \u0160kupi u prvom ogledu izgledao vrlo kompaktno. To mu je davalo snagu.<\/p>\n\n\n\n<p>Jednu je stvar \u010ca\u010di\u0107 po\u017eelio za kraj ove najave uzvratne utakmice drugog pretkola Lige prvaka.<\/p>\n\n\n\n<p>&#8211; Uvijek smo dobro reagirali, ali smo stalno primali prvi pogotke u utakmicama na startu ove sezone. Mislim da je vrijeme da tome do\u0111e kraj. Bilo je kritika na na\u0161 ra\u010dun po\u010detkom sezone, ali \u010dak bih naglasio da su nam dobrodo\u0161le u tom trenutku.<\/p>\n\n\n\n<p>Pobjednik susreta izme\u0111u hrvatskog i sjeverno-makedonskog prvaka \u0107e u 3. pretkolu igrati protiv boljeg iz susreta Ludogorec &#8211; Shamrock Rovers. U prvom susretu bugarski prvak Ludogorec je slavio s 3-0. U slu\u010daju neuspjeha Dinamo seli u 3. pretkolo Europske lige gdje \u0107e ih \u010dekati pora\u017eeni iz tako\u0111er dvoboja Ludogorec &#8211; Shamrock Rovers.<\/p>\n\n\n\n<p>izvor: hrt.hr<\/p>\n","protected":false},"excerpt":{"rendered":"<p>&#8211; U\u010dinit \u0107emo sve kako bi bili bolji nego li u prvom susretu te uz du\u017eno po\u0161tovanje prema na\u0161em suparniku mislim da je Dinamo kvalitetnija mom\u010dad, najavio je trener Dinama Ante \u010ca\u010di\u0107 uzvrat drugog pretkola Lige prvaka protiv \u0160kupija u Skoplju. Uzvratna utakmica po\u010dinje u 21 sat u utorak, uz prijenos na Drugom programu HTV-a, [&hellip;]<\/p>\n","protected":false},"author":2,"featured_media":163399,"comment_status":"closed","ping_status":"closed","sticky":false,"template":"","format":"standard","meta":{"h5ap_radio_sources":[],"footnotes":""},"categories":[7],"tags":[],"class_list":["post-163398","post","type-post","status-publish","format-standard","has-post-thumbnail","hentry","category-sport"],"yoast_head":"<!-- This site is optimized with the Yoast SEO plugin v27.5 - https:\/\/yoast.com\/product\/yoast-seo-wordpress\/ -->\n<title>\u010ca\u010di\u0107: Kvalitetniji smo, iskustvo je na na\u0161oj strani - RADIO LJUBU\u0160KI<\/title>\n<meta name=\"robots\" content=\"index, follow, max-snippet:-1, max-image-preview:large, max-video-preview:-1\" \/>\n<link rel=\"canonical\" href=\"https:\/\/radioljubuski.ba\/index.php\/2022\/07\/26\/cacic-kvalitetniji-smo-iskustvo-je-na-nasoj-strani\/\" \/>\n<meta property=\"og:locale\" content=\"hr_HR\" \/>\n<meta property=\"og:type\" content=\"article\" \/>\n<meta property=\"og:title\" content=\"\u010ca\u010di\u0107: Kvalitetniji smo, iskustvo je na na\u0161oj strani - RADIO LJUBU\u0160KI\" \/>\n<meta property=\"og:description\" content=\"&#8211; U\u010dinit \u0107emo sve kako bi bili bolji nego li u prvom susretu te uz du\u017eno po\u0161tovanje prema na\u0161em suparniku mislim da je Dinamo kvalitetnija mom\u010dad, najavio je trener Dinama Ante \u010ca\u010di\u0107 uzvrat drugog pretkola Lige prvaka protiv \u0160kupija u Skoplju. Uzvratna utakmica po\u010dinje u 21 sat u utorak, uz prijenos na Drugom programu HTV-a, [&hellip;]\" \/>\n<meta property=\"og:url\" content=\"https:\/\/radioljubuski.ba\/index.php\/2022\/07\/26\/cacic-kvalitetniji-smo-iskustvo-je-na-nasoj-strani\/\" \/>\n<meta property=\"og:site_name\" content=\"RADIO LJUBU\u0160KI\" \/>\n<meta property=\"article:publisher\" content=\"https:\/\/www.facebook.com\/Radiio-Ljubuski-1490835324566332\" \/>\n<meta property=\"article:published_time\" content=\"2022-07-26T06:39:38+00:00\" \/>\n<meta property=\"article:modified_time\" content=\"2022-07-26T06:39:39+00:00\" \/>\n<meta property=\"og:image\" content=\"https:\/\/radioljubuski.ba\/wp-content\/uploads\/2022\/07\/cacic-2.jpg\" \/>\n\t<meta property=\"og:image:width\" content=\"300\" \/>\n\t<meta property=\"og:image:height\" content=\"168\" \/>\n\t<meta property=\"og:image:type\" content=\"image\/jpeg\" \/>\n<meta name=\"author\" content=\"Radio Ljubu\u0161ki\" \/>\n<meta name=\"twitter:card\" content=\"summary_large_image\" \/>\n<meta name=\"twitter:creator\" content=\"@radioljubuski\" \/>\n<meta name=\"twitter:site\" content=\"@radioljubuski\" \/>\n<meta name=\"twitter:label1\" content=\"Napisao\/la\" \/>\n\t<meta name=\"twitter:data1\" content=\"Radio Ljubu\u0161ki\" \/>\n\t<meta name=\"twitter:label2\" content=\"Procijenjeno vrijeme \u010ditanja\" \/>\n\t<meta name=\"twitter:data2\" content=\"2 minute\" \/>\n<script type=\"application\/ld+json\" class=\"yoast-schema-graph\">{\"@context\":\"https:\\\/\\\/schema.org\",\"@graph\":[{\"@type\":\"Article\",\"@id\":\"https:\\\/\\\/radioljubuski.ba\\\/index.php\\\/2022\\\/07\\\/26\\\/cacic-kvalitetniji-smo-iskustvo-je-na-nasoj-strani\\\/#article\",\"isPartOf\":{\"@id\":\"https:\\\/\\\/radioljubuski.ba\\\/index.php\\\/2022\\\/07\\\/26\\\/cacic-kvalitetniji-smo-iskustvo-je-na-nasoj-strani\\\/\"},\"author\":{\"name\":\"Radio Ljubu\u0161ki\",\"@id\":\"https:\\\/\\\/radioljubuski.ba\\\/#\\\/schema\\\/person\\\/19fc700381a780f69665d7956c469e3b\"},\"headline\":\"\u010ca\u010di\u0107: Kvalitetniji smo, iskustvo je na na\u0161oj strani\",\"datePublished\":\"2022-07-26T06:39:38+00:00\",\"dateModified\":\"2022-07-26T06:39:39+00:00\",\"mainEntityOfPage\":{\"@id\":\"https:\\\/\\\/radioljubuski.ba\\\/index.php\\\/2022\\\/07\\\/26\\\/cacic-kvalitetniji-smo-iskustvo-je-na-nasoj-strani\\\/\"},\"wordCount\":461,\"publisher\":{\"@id\":\"https:\\\/\\\/radioljubuski.ba\\\/#organization\"},\"image\":{\"@id\":\"https:\\\/\\\/radioljubuski.ba\\\/index.php\\\/2022\\\/07\\\/26\\\/cacic-kvalitetniji-smo-iskustvo-je-na-nasoj-strani\\\/#primaryimage\"},\"thumbnailUrl\":\"https:\\\/\\\/radioljubuski.ba\\\/wp-content\\\/uploads\\\/2022\\\/07\\\/cacic-2.jpg\",\"articleSection\":[\"\u0160port\"],\"inLanguage\":\"hr\"},{\"@type\":\"WebPage\",\"@id\":\"https:\\\/\\\/radioljubuski.ba\\\/index.php\\\/2022\\\/07\\\/26\\\/cacic-kvalitetniji-smo-iskustvo-je-na-nasoj-strani\\\/\",\"url\":\"https:\\\/\\\/radioljubuski.ba\\\/index.php\\\/2022\\\/07\\\/26\\\/cacic-kvalitetniji-smo-iskustvo-je-na-nasoj-strani\\\/\",\"name\":\"\u010ca\u010di\u0107: Kvalitetniji smo, iskustvo je na na\u0161oj strani - RADIO LJUBU\u0160KI\",\"isPartOf\":{\"@id\":\"https:\\\/\\\/radioljubuski.ba\\\/#website\"},\"primaryImageOfPage\":{\"@id\":\"https:\\\/\\\/radioljubuski.ba\\\/index.php\\\/2022\\\/07\\\/26\\\/cacic-kvalitetniji-smo-iskustvo-je-na-nasoj-strani\\\/#primaryimage\"},\"image\":{\"@id\":\"https:\\\/\\\/radioljubuski.ba\\\/index.php\\\/2022\\\/07\\\/26\\\/cacic-kvalitetniji-smo-iskustvo-je-na-nasoj-strani\\\/#primaryimage\"},\"thumbnailUrl\":\"https:\\\/\\\/radioljubuski.ba\\\/wp-content\\\/uploads\\\/2022\\\/07\\\/cacic-2.jpg\",\"datePublished\":\"2022-07-26T06:39:38+00:00\",\"dateModified\":\"2022-07-26T06:39:39+00:00\",\"breadcrumb\":{\"@id\":\"https:\\\/\\\/radioljubuski.ba\\\/index.php\\\/2022\\\/07\\\/26\\\/cacic-kvalitetniji-smo-iskustvo-je-na-nasoj-strani\\\/#breadcrumb\"},\"inLanguage\":\"hr\",\"potentialAction\":[{\"@type\":\"ReadAction\",\"target\":[\"https:\\\/\\\/radioljubuski.ba\\\/index.php\\\/2022\\\/07\\\/26\\\/cacic-kvalitetniji-smo-iskustvo-je-na-nasoj-strani\\\/\"]}]},{\"@type\":\"ImageObject\",\"inLanguage\":\"hr\",\"@id\":\"https:\\\/\\\/radioljubuski.ba\\\/index.php\\\/2022\\\/07\\\/26\\\/cacic-kvalitetniji-smo-iskustvo-je-na-nasoj-strani\\\/#primaryimage\",\"url\":\"https:\\\/\\\/radioljubuski.ba\\\/wp-content\\\/uploads\\\/2022\\\/07\\\/cacic-2.jpg\",\"contentUrl\":\"https:\\\/\\\/radioljubuski.ba\\\/wp-content\\\/uploads\\\/2022\\\/07\\\/cacic-2.jpg\",\"width\":300,\"height\":168},{\"@type\":\"BreadcrumbList\",\"@id\":\"https:\\\/\\\/radioljubuski.ba\\\/index.php\\\/2022\\\/07\\\/26\\\/cacic-kvalitetniji-smo-iskustvo-je-na-nasoj-strani\\\/#breadcrumb\",\"itemListElement\":[{\"@type\":\"ListItem\",\"position\":1,\"name\":\"Po\u010detna stranica\",\"item\":\"https:\\\/\\\/radioljubuski.ba\\\/\"},{\"@type\":\"ListItem\",\"position\":2,\"name\":\"\u010ca\u010di\u0107: Kvalitetniji smo, iskustvo je na na\u0161oj strani\"}]},{\"@type\":\"WebSite\",\"@id\":\"https:\\\/\\\/radioljubuski.ba\\\/#website\",\"url\":\"https:\\\/\\\/radioljubuski.ba\\\/\",\"name\":\"Radio Ljubu\u0161ki\",\"description\":\"Sun\u010dana frekvencija Hercegovine\",\"publisher\":{\"@id\":\"https:\\\/\\\/radioljubuski.ba\\\/#organization\"},\"potentialAction\":[{\"@type\":\"SearchAction\",\"target\":{\"@type\":\"EntryPoint\",\"urlTemplate\":\"https:\\\/\\\/radioljubuski.ba\\\/?s={search_term_string}\"},\"query-input\":{\"@type\":\"PropertyValueSpecification\",\"valueRequired\":true,\"valueName\":\"search_term_string\"}}],\"inLanguage\":\"hr\"},{\"@type\":\"Organization\",\"@id\":\"https:\\\/\\\/radioljubuski.ba\\\/#organization\",\"name\":\"Radio Ljubu\u0161ki\",\"url\":\"https:\\\/\\\/radioljubuski.ba\\\/\",\"logo\":{\"@type\":\"ImageObject\",\"inLanguage\":\"hr\",\"@id\":\"https:\\\/\\\/radioljubuski.ba\\\/#\\\/schema\\\/logo\\\/image\\\/\",\"url\":\"https:\\\/\\\/radioljubuski.ba\\\/wp-content\\\/uploads\\\/2021\\\/02\\\/cropped-Radio_Ljubuski_logo1.jpg\",\"contentUrl\":\"https:\\\/\\\/radioljubuski.ba\\\/wp-content\\\/uploads\\\/2021\\\/02\\\/cropped-Radio_Ljubuski_logo1.jpg\",\"width\":512,\"height\":512,\"caption\":\"Radio Ljubu\u0161ki\"},\"image\":{\"@id\":\"https:\\\/\\\/radioljubuski.ba\\\/#\\\/schema\\\/logo\\\/image\\\/\"},\"sameAs\":[\"https:\\\/\\\/www.facebook.com\\\/Radiio-Ljubuski-1490835324566332\",\"https:\\\/\\\/x.com\\\/radioljubuski\",\"https:\\\/\\\/hr.linkedin.com\\\/company\\\/radio-ljubuski\",\"https:\\\/\\\/www.youtube.com\\\/channel\\\/UCHYaeO_n0Db3tjNGudGpXyw\"]},{\"@type\":\"Person\",\"@id\":\"https:\\\/\\\/radioljubuski.ba\\\/#\\\/schema\\\/person\\\/19fc700381a780f69665d7956c469e3b\",\"name\":\"Radio Ljubu\u0161ki\"}]}<\/script>\n<!-- \/ Yoast SEO plugin. -->","yoast_head_json":{"title":"\u010ca\u010di\u0107: Kvalitetniji smo, iskustvo je na na\u0161oj strani - RADIO LJUBU\u0160KI","robots":{"index":"index","follow":"follow","max-snippet":"max-snippet:-1","max-image-preview":"max-image-preview:large","max-video-preview":"max-video-preview:-1"},"canonical":"https:\/\/radioljubuski.ba\/index.php\/2022\/07\/26\/cacic-kvalitetniji-smo-iskustvo-je-na-nasoj-strani\/","og_locale":"hr_HR","og_type":"article","og_title":"\u010ca\u010di\u0107: Kvalitetniji smo, iskustvo je na na\u0161oj strani - RADIO LJUBU\u0160KI","og_description":"&#8211; U\u010dinit \u0107emo sve kako bi bili bolji nego li u prvom susretu te uz du\u017eno po\u0161tovanje prema na\u0161em suparniku mislim da je Dinamo kvalitetnija mom\u010dad, najavio je trener Dinama Ante \u010ca\u010di\u0107 uzvrat drugog pretkola Lige prvaka protiv \u0160kupija u Skoplju. Uzvratna utakmica po\u010dinje u 21 sat u utorak, uz prijenos na Drugom programu HTV-a, [&hellip;]","og_url":"https:\/\/radioljubuski.ba\/index.php\/2022\/07\/26\/cacic-kvalitetniji-smo-iskustvo-je-na-nasoj-strani\/","og_site_name":"RADIO LJUBU\u0160KI","article_publisher":"https:\/\/www.facebook.com\/Radiio-Ljubuski-1490835324566332","article_published_time":"2022-07-26T06:39:38+00:00","article_modified_time":"2022-07-26T06:39:39+00:00","og_image":[{"width":300,"height":168,"url":"https:\/\/radioljubuski.ba\/wp-content\/uploads\/2022\/07\/cacic-2.jpg","type":"image\/jpeg"}],"author":"Radio Ljubu\u0161ki","twitter_card":"summary_large_image","twitter_creator":"@radioljubuski","twitter_site":"@radioljubuski","twitter_misc":{"Napisao\/la":"Radio Ljubu\u0161ki","Procijenjeno vrijeme \u010ditanja":"2 minute"},"schema":{"@context":"https:\/\/schema.org","@graph":[{"@type":"Article","@id":"https:\/\/radioljubuski.ba\/index.php\/2022\/07\/26\/cacic-kvalitetniji-smo-iskustvo-je-na-nasoj-strani\/#article","isPartOf":{"@id":"https:\/\/radioljubuski.ba\/index.php\/2022\/07\/26\/cacic-kvalitetniji-smo-iskustvo-je-na-nasoj-strani\/"},"author":{"name":"Radio Ljubu\u0161ki","@id":"https:\/\/radioljubuski.ba\/#\/schema\/person\/19fc700381a780f69665d7956c469e3b"},"headline":"\u010ca\u010di\u0107: Kvalitetniji smo, iskustvo je na na\u0161oj strani","datePublished":"2022-07-26T06:39:38+00:00","dateModified":"2022-07-26T06:39:39+00:00","mainEntityOfPage":{"@id":"https:\/\/radioljubuski.ba\/index.php\/2022\/07\/26\/cacic-kvalitetniji-smo-iskustvo-je-na-nasoj-strani\/"},"wordCount":461,"publisher":{"@id":"https:\/\/radioljubuski.ba\/#organization"},"image":{"@id":"https:\/\/radioljubuski.ba\/index.php\/2022\/07\/26\/cacic-kvalitetniji-smo-iskustvo-je-na-nasoj-strani\/#primaryimage"},"thumbnailUrl":"https:\/\/radioljubuski.ba\/wp-content\/uploads\/2022\/07\/cacic-2.jpg","articleSection":["\u0160port"],"inLanguage":"hr"},{"@type":"WebPage","@id":"https:\/\/radioljubuski.ba\/index.php\/2022\/07\/26\/cacic-kvalitetniji-smo-iskustvo-je-na-nasoj-strani\/","url":"https:\/\/radioljubuski.ba\/index.php\/2022\/07\/26\/cacic-kvalitetniji-smo-iskustvo-je-na-nasoj-strani\/","name":"\u010ca\u010di\u0107: Kvalitetniji smo, iskustvo je na na\u0161oj strani - RADIO LJUBU\u0160KI","isPartOf":{"@id":"https:\/\/radioljubuski.ba\/#website"},"primaryImageOfPage":{"@id":"https:\/\/radioljubuski.ba\/index.php\/2022\/07\/26\/cacic-kvalitetniji-smo-iskustvo-je-na-nasoj-strani\/#primaryimage"},"image":{"@id":"https:\/\/radioljubuski.ba\/index.php\/2022\/07\/26\/cacic-kvalitetniji-smo-iskustvo-je-na-nasoj-strani\/#primaryimage"},"thumbnailUrl":"https:\/\/radioljubuski.ba\/wp-content\/uploads\/2022\/07\/cacic-2.jpg","datePublished":"2022-07-26T06:39:38+00:00","dateModified":"2022-07-26T06:39:39+00:00","breadcrumb":{"@id":"https:\/\/radioljubuski.ba\/index.php\/2022\/07\/26\/cacic-kvalitetniji-smo-iskustvo-je-na-nasoj-strani\/#breadcrumb"},"inLanguage":"hr","potentialAction":[{"@type":"ReadAction","target":["https:\/\/radioljubuski.ba\/index.php\/2022\/07\/26\/cacic-kvalitetniji-smo-iskustvo-je-na-nasoj-strani\/"]}]},{"@type":"ImageObject","inLanguage":"hr","@id":"https:\/\/radioljubuski.ba\/index.php\/2022\/07\/26\/cacic-kvalitetniji-smo-iskustvo-je-na-nasoj-strani\/#primaryimage","url":"https:\/\/radioljubuski.ba\/wp-content\/uploads\/2022\/07\/cacic-2.jpg","contentUrl":"https:\/\/radioljubuski.ba\/wp-content\/uploads\/2022\/07\/cacic-2.jpg","width":300,"height":168},{"@type":"BreadcrumbList","@id":"https:\/\/radioljubuski.ba\/index.php\/2022\/07\/26\/cacic-kvalitetniji-smo-iskustvo-je-na-nasoj-strani\/#breadcrumb","itemListElement":[{"@type":"ListItem","position":1,"name":"Po\u010detna stranica","item":"https:\/\/radioljubuski.ba\/"},{"@type":"ListItem","position":2,"name":"\u010ca\u010di\u0107: Kvalitetniji smo, iskustvo je na na\u0161oj strani"}]},{"@type":"WebSite","@id":"https:\/\/radioljubuski.ba\/#website","url":"https:\/\/radioljubuski.ba\/","name":"Radio Ljubu\u0161ki","description":"Sun\u010dana frekvencija Hercegovine","publisher":{"@id":"https:\/\/radioljubuski.ba\/#organization"},"potentialAction":[{"@type":"SearchAction","target":{"@type":"EntryPoint","urlTemplate":"https:\/\/radioljubuski.ba\/?s={search_term_string}"},"query-input":{"@type":"PropertyValueSpecification","valueRequired":true,"valueName":"search_term_string"}}],"inLanguage":"hr"},{"@type":"Organization","@id":"https:\/\/radioljubuski.ba\/#organization","name":"Radio Ljubu\u0161ki","url":"https:\/\/radioljubuski.ba\/","logo":{"@type":"ImageObject","inLanguage":"hr","@id":"https:\/\/radioljubuski.ba\/#\/schema\/logo\/image\/","url":"https:\/\/radioljubuski.ba\/wp-content\/uploads\/2021\/02\/cropped-Radio_Ljubuski_logo1.jpg","contentUrl":"https:\/\/radioljubuski.ba\/wp-content\/uploads\/2021\/02\/cropped-Radio_Ljubuski_logo1.jpg","width":512,"height":512,"caption":"Radio Ljubu\u0161ki"},"image":{"@id":"https:\/\/radioljubuski.ba\/#\/schema\/logo\/image\/"},"sameAs":["https:\/\/www.facebook.com\/Radiio-Ljubuski-1490835324566332","https:\/\/x.com\/radioljubuski","https:\/\/hr.linkedin.com\/company\/radio-ljubuski","https:\/\/www.youtube.com\/channel\/UCHYaeO_n0Db3tjNGudGpXyw"]},{"@type":"Person","@id":"https:\/\/radioljubuski.ba\/#\/schema\/person\/19fc700381a780f69665d7956c469e3b","name":"Radio Ljubu\u0161ki"}]}},"_links":{"self":[{"href":"https:\/\/radioljubuski.ba\/index.php\/wp-json\/wp\/v2\/posts\/163398","targetHints":{"allow":["GET"]}}],"collection":[{"href":"https:\/\/radioljubuski.ba\/index.php\/wp-json\/wp\/v2\/posts"}],"about":[{"href":"https:\/\/radioljubuski.ba\/index.php\/wp-json\/wp\/v2\/types\/post"}],"author":[{"embeddable":true,"href":"https:\/\/radioljubuski.ba\/index.php\/wp-json\/wp\/v2\/users\/2"}],"replies":[{"embeddable":true,"href":"https:\/\/radioljubuski.ba\/index.php\/wp-json\/wp\/v2\/comments?post=163398"}],"version-history":[{"count":1,"href":"https:\/\/radioljubuski.ba\/index.php\/wp-json\/wp\/v2\/posts\/163398\/revisions"}],"predecessor-version":[{"id":163400,"href":"https:\/\/radioljubuski.ba\/index.php\/wp-json\/wp\/v2\/posts\/163398\/revisions\/163400"}],"wp:featuredmedia":[{"embeddable":true,"href":"https:\/\/radioljubuski.ba\/index.php\/wp-json\/wp\/v2\/media\/163399"}],"wp:attachment":[{"href":"https:\/\/radioljubuski.ba\/index.php\/wp-json\/wp\/v2\/media?parent=163398"}],"wp:term":[{"taxonomy":"category","embeddable":true,"href":"https:\/\/radioljubuski.ba\/index.php\/wp-json\/wp\/v2\/categories?post=163398"},{"taxonomy":"post_tag","embeddable":true,"href":"https:\/\/radioljubuski.ba\/index.php\/wp-json\/wp\/v2\/tags?post=163398"}],"curies":[{"name":"wp","href":"https:\/\/api.w.org\/{rel}","templated":true}]}}