{"id":163423,"date":"2022-07-26T09:58:23","date_gmt":"2022-07-26T08:58:23","guid":{"rendered":"https:\/\/radioljubuski.ba\/?p=163423"},"modified":"2022-07-26T09:58:24","modified_gmt":"2022-07-26T08:58:24","slug":"izetbegovic-zaprijetio-schmidtu-da-ulazi-u-politicko-minsko-polje-trazio-i-od-islamskih-zemalja-da-ga-zaustave","status":"publish","type":"post","link":"https:\/\/radioljubuski.ba\/index.php\/2022\/07\/26\/izetbegovic-zaprijetio-schmidtu-da-ulazi-u-politicko-minsko-polje-trazio-i-od-islamskih-zemalja-da-ga-zaustave\/","title":{"rendered":"Izetbegovi\u0107 zaprijetio Schmidtu da ulazi u \u201cpoliti\u010dko minsko polje\u201d, tra\u017eio i od islamskih zemalja da ga zaustave"},"content":{"rendered":"\n<p><strong>Predsjednik SDA Bakir Izetbegovi\u0107 na ju\u010dera\u0161njoj press koferenciji rekao da ne vjeruje da \u0107e visoki predstavnik u Bosni i Hercegovini nametnuti izmjene Izbornog zakona u BiH bez konsultacije sa parlamentom i parlamentarnim strankama, javlja N1.<\/strong><\/p>\n\n\n\n<p>-Nisam mogao vjerovati da \u0107e visoki predstavnik biti spreman uraditi takve stvari i poru\u010dio sam mu da to ne uradi jer je to politi\u010dko minsko polje i mo\u017ee na\u0161tetiti funkcioniranju Federacije BiH ako to uradi. I ugroziti svoj autoritet, a nama je potreban autoritet visokog predstavnika. Danas sam razgovarao s njim i ponovio mu ista upozorenja i zahtjev. Visoki predstavnik u BiH je tu da bi \u0161titio Dayton, a nipo\u0161to da bi nametao rje\u0161enja do kojih mi nismo uspjeli do\u0107i kroz niz pregovora koji su se protegli kroz cijelu pro\u0161lu godinu, a naro\u010dito promjena u veoma osjetljivoj sferi me\u0111unacionalnih i strana\u010dkih balansa i balansa utjecaja stranaka koje pripadaju etnocentri\u010dnim i gra\u0111anskim opcijama. Ono \u0161to sam postigao, mislim da OHR ne\u0107e donijeti odluku bez konsultacija s predstavnicima parlamentarnih stranaka i nadam se bez susreta Schmidta s federalnim Parlamentom, Zastupni\u010dkim domom i Domom naroda u FBiH. To je zahtjev kluba zastupnika SDA i mislim da \u0107e se visoki predstavnik odazvati i ne mijenjati Ustav FBiH bez usagla\u0161avanja i konsultacija s parlamentom\u201d, kazao je Izetbegovi\u0107.<\/p>\n\n\n\n<p>Rekao je da je pravni tim SDA napravio detaljnu analizu koja \u0107e biti dostavljena javnosti, a na bazi onoga s \u010dime su raspolagali.<\/p>\n\n\n\n<p>\u201cTo je Non Paper, na bazi onoga \u0161to je namjerno ili nenamjerno procurilo u javnost. Elementi te analize su: popuna Doma naroda FBiH i taj famozni postotak od tri posto odre\u0111enog konstitutivnog naroda kojeg ima ili nema u odre\u0111enom kantonu, prema na\u0161m mi\u0161ljenju ne bi bili predstavljeni oni koji su najpozvaniji da budu u Domu naroda, naprimjer, Bo\u0161njaci iz Posavskog, Livanjskog, a vjerojatno i iz Bosansko-podrinjskog kantona koji izgleda ne bi bio uop\u0107e predstavljen, a Federacija je i kantona ne samo konstitutivnih naroda i to je protivno Europskoj konvenciji o ljudskim pravima da se na takav na\u010din uzme pravo onih koji su u manjem broju predstavljeni nasuprot onih koji su u ve\u0107em postotku predstavljeni. Uz klauzulu 8 iz svakog kluba zastupnika kod imenovanja predstavnika Federacije i formiranja nove strukture federalne vlasti, klub zastupnika HDZ-a bi dobio zauvijek ekskluzivitet u predstavljanju Hrvata u FBiH i to bi vodilo gubitku multietni\u010dnosti, dobila bi se mogu\u0107nost da SNSD dobije kontrolni paket u Domu naroda, ovakva rje\u0161enja pove\u0107avaju postoje\u0107u asimetriju u djelovanju Vije\u0107a naroda u RS i Domu naroda FBiH. HDZ dobija na pladnju ono \u0161to nije dobio u pregovorima, osam ljudi bi kontroliralo Federaciju. \u0160to se ti\u010de imenovanja predsjednika i Vlade FBiH ovo su poja\u010dani mehanizmi blokade i pove\u0107ava se sprega HDZ-a i SNSD-a\u201d, naveo je, izme\u0111u ostalog, Izetbegovi\u0107.<\/p>\n\n\n\n<p>Pored razgovora sa Schmidtom, Izetbegovi\u0107 je danas razgovarao i s veleposlanikom Turske koja u Vije\u0107u za implementaciju mira (PIC) predstavlja Organizaciju islamske konferencije (OIC).<\/p>\n\n\n\n<p>\u201cPredali smo mu ovu analizu i zamolio sam ga da se u ime OIC-a suprotstavi tome\u201d, poru\u010dio je Izetbegovi\u0107.<\/p>\n\n\n\n<p>\/HMS\/<\/p>\n","protected":false},"excerpt":{"rendered":"<p>Predsjednik SDA Bakir Izetbegovi\u0107 na ju\u010dera\u0161njoj press koferenciji rekao da ne vjeruje da \u0107e visoki predstavnik u Bosni i Hercegovini nametnuti izmjene Izbornog zakona u BiH bez konsultacije sa parlamentom i parlamentarnim strankama, javlja N1. -Nisam mogao vjerovati da \u0107e visoki predstavnik biti spreman uraditi takve stvari i poru\u010dio sam mu da to ne uradi [&hellip;]<\/p>\n","protected":false},"author":2,"featured_media":0,"comment_status":"closed","ping_status":"closed","sticky":false,"template":"","format":"standard","meta":{"h5ap_radio_sources":[],"footnotes":""},"categories":[1],"tags":[],"class_list":["post-163423","post","type-post","status-publish","format-standard","hentry","category-bihiregija"],"yoast_head":"<!-- This site is optimized with the Yoast SEO plugin v27.5 - https:\/\/yoast.com\/product\/yoast-seo-wordpress\/ -->\n<title>Izetbegovi\u0107 zaprijetio Schmidtu da ulazi u \u201cpoliti\u010dko minsko polje\u201d, tra\u017eio i od islamskih zemalja da ga zaustave - RADIO LJUBU\u0160KI<\/title>\n<meta name=\"robots\" content=\"index, follow, max-snippet:-1, max-image-preview:large, max-video-preview:-1\" \/>\n<link rel=\"canonical\" href=\"https:\/\/radioljubuski.ba\/index.php\/2022\/07\/26\/izetbegovic-zaprijetio-schmidtu-da-ulazi-u-politicko-minsko-polje-trazio-i-od-islamskih-zemalja-da-ga-zaustave\/\" \/>\n<meta property=\"og:locale\" content=\"hr_HR\" \/>\n<meta property=\"og:type\" content=\"article\" \/>\n<meta property=\"og:title\" content=\"Izetbegovi\u0107 zaprijetio Schmidtu da ulazi u \u201cpoliti\u010dko minsko polje\u201d, tra\u017eio i od islamskih zemalja da ga zaustave - RADIO LJUBU\u0160KI\" \/>\n<meta property=\"og:description\" content=\"Predsjednik SDA Bakir Izetbegovi\u0107 na ju\u010dera\u0161njoj press koferenciji rekao da ne vjeruje da \u0107e visoki predstavnik u Bosni i Hercegovini nametnuti izmjene Izbornog zakona u BiH bez konsultacije sa parlamentom i parlamentarnim strankama, javlja N1. -Nisam mogao vjerovati da \u0107e visoki predstavnik biti spreman uraditi takve stvari i poru\u010dio sam mu da to ne uradi [&hellip;]\" \/>\n<meta property=\"og:url\" content=\"https:\/\/radioljubuski.ba\/index.php\/2022\/07\/26\/izetbegovic-zaprijetio-schmidtu-da-ulazi-u-politicko-minsko-polje-trazio-i-od-islamskih-zemalja-da-ga-zaustave\/\" \/>\n<meta property=\"og:site_name\" content=\"RADIO LJUBU\u0160KI\" \/>\n<meta property=\"article:publisher\" content=\"https:\/\/www.facebook.com\/Radiio-Ljubuski-1490835324566332\" \/>\n<meta property=\"article:published_time\" content=\"2022-07-26T08:58:23+00:00\" \/>\n<meta property=\"article:modified_time\" content=\"2022-07-26T08:58:24+00:00\" \/>\n<meta property=\"og:image\" content=\"https:\/\/radioljubuski.ba\/wp-content\/uploads\/2021\/06\/tMKaB0Lr_BAKIRS.jpg\" \/>\n\t<meta property=\"og:image:width\" content=\"1000\" \/>\n\t<meta property=\"og:image:height\" content=\"625\" \/>\n\t<meta property=\"og:image:type\" content=\"image\/jpeg\" \/>\n<meta name=\"author\" content=\"Radio Ljubu\u0161ki\" \/>\n<meta name=\"twitter:card\" content=\"summary_large_image\" \/>\n<meta name=\"twitter:creator\" content=\"@radioljubuski\" \/>\n<meta name=\"twitter:site\" content=\"@radioljubuski\" \/>\n<meta name=\"twitter:label1\" content=\"Napisao\/la\" \/>\n\t<meta name=\"twitter:data1\" content=\"Radio Ljubu\u0161ki\" \/>\n\t<meta name=\"twitter:label2\" content=\"Procijenjeno vrijeme \u010ditanja\" \/>\n\t<meta name=\"twitter:data2\" content=\"3 minute\" \/>\n<script type=\"application\/ld+json\" class=\"yoast-schema-graph\">{\"@context\":\"https:\\\/\\\/schema.org\",\"@graph\":[{\"@type\":\"Article\",\"@id\":\"https:\\\/\\\/radioljubuski.ba\\\/index.php\\\/2022\\\/07\\\/26\\\/izetbegovic-zaprijetio-schmidtu-da-ulazi-u-politicko-minsko-polje-trazio-i-od-islamskih-zemalja-da-ga-zaustave\\\/#article\",\"isPartOf\":{\"@id\":\"https:\\\/\\\/radioljubuski.ba\\\/index.php\\\/2022\\\/07\\\/26\\\/izetbegovic-zaprijetio-schmidtu-da-ulazi-u-politicko-minsko-polje-trazio-i-od-islamskih-zemalja-da-ga-zaustave\\\/\"},\"author\":{\"name\":\"Radio Ljubu\u0161ki\",\"@id\":\"https:\\\/\\\/radioljubuski.ba\\\/#\\\/schema\\\/person\\\/19fc700381a780f69665d7956c469e3b\"},\"headline\":\"Izetbegovi\u0107 zaprijetio Schmidtu da ulazi u \u201cpoliti\u010dko minsko polje\u201d, tra\u017eio i od islamskih zemalja da ga zaustave\",\"datePublished\":\"2022-07-26T08:58:23+00:00\",\"dateModified\":\"2022-07-26T08:58:24+00:00\",\"mainEntityOfPage\":{\"@id\":\"https:\\\/\\\/radioljubuski.ba\\\/index.php\\\/2022\\\/07\\\/26\\\/izetbegovic-zaprijetio-schmidtu-da-ulazi-u-politicko-minsko-polje-trazio-i-od-islamskih-zemalja-da-ga-zaustave\\\/\"},\"wordCount\":546,\"publisher\":{\"@id\":\"https:\\\/\\\/radioljubuski.ba\\\/#organization\"},\"articleSection\":[\"BIH i regija\"],\"inLanguage\":\"hr\"},{\"@type\":\"WebPage\",\"@id\":\"https:\\\/\\\/radioljubuski.ba\\\/index.php\\\/2022\\\/07\\\/26\\\/izetbegovic-zaprijetio-schmidtu-da-ulazi-u-politicko-minsko-polje-trazio-i-od-islamskih-zemalja-da-ga-zaustave\\\/\",\"url\":\"https:\\\/\\\/radioljubuski.ba\\\/index.php\\\/2022\\\/07\\\/26\\\/izetbegovic-zaprijetio-schmidtu-da-ulazi-u-politicko-minsko-polje-trazio-i-od-islamskih-zemalja-da-ga-zaustave\\\/\",\"name\":\"Izetbegovi\u0107 zaprijetio Schmidtu da ulazi u \u201cpoliti\u010dko minsko polje\u201d, tra\u017eio i od islamskih zemalja da ga zaustave - RADIO LJUBU\u0160KI\",\"isPartOf\":{\"@id\":\"https:\\\/\\\/radioljubuski.ba\\\/#website\"},\"datePublished\":\"2022-07-26T08:58:23+00:00\",\"dateModified\":\"2022-07-26T08:58:24+00:00\",\"breadcrumb\":{\"@id\":\"https:\\\/\\\/radioljubuski.ba\\\/index.php\\\/2022\\\/07\\\/26\\\/izetbegovic-zaprijetio-schmidtu-da-ulazi-u-politicko-minsko-polje-trazio-i-od-islamskih-zemalja-da-ga-zaustave\\\/#breadcrumb\"},\"inLanguage\":\"hr\",\"potentialAction\":[{\"@type\":\"ReadAction\",\"target\":[\"https:\\\/\\\/radioljubuski.ba\\\/index.php\\\/2022\\\/07\\\/26\\\/izetbegovic-zaprijetio-schmidtu-da-ulazi-u-politicko-minsko-polje-trazio-i-od-islamskih-zemalja-da-ga-zaustave\\\/\"]}]},{\"@type\":\"BreadcrumbList\",\"@id\":\"https:\\\/\\\/radioljubuski.ba\\\/index.php\\\/2022\\\/07\\\/26\\\/izetbegovic-zaprijetio-schmidtu-da-ulazi-u-politicko-minsko-polje-trazio-i-od-islamskih-zemalja-da-ga-zaustave\\\/#breadcrumb\",\"itemListElement\":[{\"@type\":\"ListItem\",\"position\":1,\"name\":\"Po\u010detna stranica\",\"item\":\"https:\\\/\\\/radioljubuski.ba\\\/\"},{\"@type\":\"ListItem\",\"position\":2,\"name\":\"Izetbegovi\u0107 zaprijetio Schmidtu da ulazi u \u201cpoliti\u010dko minsko polje\u201d, tra\u017eio i od islamskih zemalja da ga zaustave\"}]},{\"@type\":\"WebSite\",\"@id\":\"https:\\\/\\\/radioljubuski.ba\\\/#website\",\"url\":\"https:\\\/\\\/radioljubuski.ba\\\/\",\"name\":\"Radio Ljubu\u0161ki\",\"description\":\"Sun\u010dana frekvencija Hercegovine\",\"publisher\":{\"@id\":\"https:\\\/\\\/radioljubuski.ba\\\/#organization\"},\"potentialAction\":[{\"@type\":\"SearchAction\",\"target\":{\"@type\":\"EntryPoint\",\"urlTemplate\":\"https:\\\/\\\/radioljubuski.ba\\\/?s={search_term_string}\"},\"query-input\":{\"@type\":\"PropertyValueSpecification\",\"valueRequired\":true,\"valueName\":\"search_term_string\"}}],\"inLanguage\":\"hr\"},{\"@type\":\"Organization\",\"@id\":\"https:\\\/\\\/radioljubuski.ba\\\/#organization\",\"name\":\"Radio Ljubu\u0161ki\",\"url\":\"https:\\\/\\\/radioljubuski.ba\\\/\",\"logo\":{\"@type\":\"ImageObject\",\"inLanguage\":\"hr\",\"@id\":\"https:\\\/\\\/radioljubuski.ba\\\/#\\\/schema\\\/logo\\\/image\\\/\",\"url\":\"https:\\\/\\\/radioljubuski.ba\\\/wp-content\\\/uploads\\\/2021\\\/02\\\/cropped-Radio_Ljubuski_logo1.jpg\",\"contentUrl\":\"https:\\\/\\\/radioljubuski.ba\\\/wp-content\\\/uploads\\\/2021\\\/02\\\/cropped-Radio_Ljubuski_logo1.jpg\",\"width\":512,\"height\":512,\"caption\":\"Radio Ljubu\u0161ki\"},\"image\":{\"@id\":\"https:\\\/\\\/radioljubuski.ba\\\/#\\\/schema\\\/logo\\\/image\\\/\"},\"sameAs\":[\"https:\\\/\\\/www.facebook.com\\\/Radiio-Ljubuski-1490835324566332\",\"https:\\\/\\\/x.com\\\/radioljubuski\",\"https:\\\/\\\/hr.linkedin.com\\\/company\\\/radio-ljubuski\",\"https:\\\/\\\/www.youtube.com\\\/channel\\\/UCHYaeO_n0Db3tjNGudGpXyw\"]},{\"@type\":\"Person\",\"@id\":\"https:\\\/\\\/radioljubuski.ba\\\/#\\\/schema\\\/person\\\/19fc700381a780f69665d7956c469e3b\",\"name\":\"Radio Ljubu\u0161ki\"}]}<\/script>\n<!-- \/ Yoast SEO plugin. -->","yoast_head_json":{"title":"Izetbegovi\u0107 zaprijetio Schmidtu da ulazi u \u201cpoliti\u010dko minsko polje\u201d, tra\u017eio i od islamskih zemalja da ga zaustave - RADIO LJUBU\u0160KI","robots":{"index":"index","follow":"follow","max-snippet":"max-snippet:-1","max-image-preview":"max-image-preview:large","max-video-preview":"max-video-preview:-1"},"canonical":"https:\/\/radioljubuski.ba\/index.php\/2022\/07\/26\/izetbegovic-zaprijetio-schmidtu-da-ulazi-u-politicko-minsko-polje-trazio-i-od-islamskih-zemalja-da-ga-zaustave\/","og_locale":"hr_HR","og_type":"article","og_title":"Izetbegovi\u0107 zaprijetio Schmidtu da ulazi u \u201cpoliti\u010dko minsko polje\u201d, tra\u017eio i od islamskih zemalja da ga zaustave - RADIO LJUBU\u0160KI","og_description":"Predsjednik SDA Bakir Izetbegovi\u0107 na ju\u010dera\u0161njoj press koferenciji rekao da ne vjeruje da \u0107e visoki predstavnik u Bosni i Hercegovini nametnuti izmjene Izbornog zakona u BiH bez konsultacije sa parlamentom i parlamentarnim strankama, javlja N1. -Nisam mogao vjerovati da \u0107e visoki predstavnik biti spreman uraditi takve stvari i poru\u010dio sam mu da to ne uradi [&hellip;]","og_url":"https:\/\/radioljubuski.ba\/index.php\/2022\/07\/26\/izetbegovic-zaprijetio-schmidtu-da-ulazi-u-politicko-minsko-polje-trazio-i-od-islamskih-zemalja-da-ga-zaustave\/","og_site_name":"RADIO LJUBU\u0160KI","article_publisher":"https:\/\/www.facebook.com\/Radiio-Ljubuski-1490835324566332","article_published_time":"2022-07-26T08:58:23+00:00","article_modified_time":"2022-07-26T08:58:24+00:00","og_image":[{"width":1000,"height":625,"url":"https:\/\/radioljubuski.ba\/wp-content\/uploads\/2021\/06\/tMKaB0Lr_BAKIRS.jpg","type":"image\/jpeg"}],"author":"Radio Ljubu\u0161ki","twitter_card":"summary_large_image","twitter_creator":"@radioljubuski","twitter_site":"@radioljubuski","twitter_misc":{"Napisao\/la":"Radio Ljubu\u0161ki","Procijenjeno vrijeme \u010ditanja":"3 minute"},"schema":{"@context":"https:\/\/schema.org","@graph":[{"@type":"Article","@id":"https:\/\/radioljubuski.ba\/index.php\/2022\/07\/26\/izetbegovic-zaprijetio-schmidtu-da-ulazi-u-politicko-minsko-polje-trazio-i-od-islamskih-zemalja-da-ga-zaustave\/#article","isPartOf":{"@id":"https:\/\/radioljubuski.ba\/index.php\/2022\/07\/26\/izetbegovic-zaprijetio-schmidtu-da-ulazi-u-politicko-minsko-polje-trazio-i-od-islamskih-zemalja-da-ga-zaustave\/"},"author":{"name":"Radio Ljubu\u0161ki","@id":"https:\/\/radioljubuski.ba\/#\/schema\/person\/19fc700381a780f69665d7956c469e3b"},"headline":"Izetbegovi\u0107 zaprijetio Schmidtu da ulazi u \u201cpoliti\u010dko minsko polje\u201d, tra\u017eio i od islamskih zemalja da ga zaustave","datePublished":"2022-07-26T08:58:23+00:00","dateModified":"2022-07-26T08:58:24+00:00","mainEntityOfPage":{"@id":"https:\/\/radioljubuski.ba\/index.php\/2022\/07\/26\/izetbegovic-zaprijetio-schmidtu-da-ulazi-u-politicko-minsko-polje-trazio-i-od-islamskih-zemalja-da-ga-zaustave\/"},"wordCount":546,"publisher":{"@id":"https:\/\/radioljubuski.ba\/#organization"},"articleSection":["BIH i regija"],"inLanguage":"hr"},{"@type":"WebPage","@id":"https:\/\/radioljubuski.ba\/index.php\/2022\/07\/26\/izetbegovic-zaprijetio-schmidtu-da-ulazi-u-politicko-minsko-polje-trazio-i-od-islamskih-zemalja-da-ga-zaustave\/","url":"https:\/\/radioljubuski.ba\/index.php\/2022\/07\/26\/izetbegovic-zaprijetio-schmidtu-da-ulazi-u-politicko-minsko-polje-trazio-i-od-islamskih-zemalja-da-ga-zaustave\/","name":"Izetbegovi\u0107 zaprijetio Schmidtu da ulazi u \u201cpoliti\u010dko minsko polje\u201d, tra\u017eio i od islamskih zemalja da ga zaustave - RADIO LJUBU\u0160KI","isPartOf":{"@id":"https:\/\/radioljubuski.ba\/#website"},"datePublished":"2022-07-26T08:58:23+00:00","dateModified":"2022-07-26T08:58:24+00:00","breadcrumb":{"@id":"https:\/\/radioljubuski.ba\/index.php\/2022\/07\/26\/izetbegovic-zaprijetio-schmidtu-da-ulazi-u-politicko-minsko-polje-trazio-i-od-islamskih-zemalja-da-ga-zaustave\/#breadcrumb"},"inLanguage":"hr","potentialAction":[{"@type":"ReadAction","target":["https:\/\/radioljubuski.ba\/index.php\/2022\/07\/26\/izetbegovic-zaprijetio-schmidtu-da-ulazi-u-politicko-minsko-polje-trazio-i-od-islamskih-zemalja-da-ga-zaustave\/"]}]},{"@type":"BreadcrumbList","@id":"https:\/\/radioljubuski.ba\/index.php\/2022\/07\/26\/izetbegovic-zaprijetio-schmidtu-da-ulazi-u-politicko-minsko-polje-trazio-i-od-islamskih-zemalja-da-ga-zaustave\/#breadcrumb","itemListElement":[{"@type":"ListItem","position":1,"name":"Po\u010detna stranica","item":"https:\/\/radioljubuski.ba\/"},{"@type":"ListItem","position":2,"name":"Izetbegovi\u0107 zaprijetio Schmidtu da ulazi u \u201cpoliti\u010dko minsko polje\u201d, tra\u017eio i od islamskih zemalja da ga zaustave"}]},{"@type":"WebSite","@id":"https:\/\/radioljubuski.ba\/#website","url":"https:\/\/radioljubuski.ba\/","name":"Radio Ljubu\u0161ki","description":"Sun\u010dana frekvencija Hercegovine","publisher":{"@id":"https:\/\/radioljubuski.ba\/#organization"},"potentialAction":[{"@type":"SearchAction","target":{"@type":"EntryPoint","urlTemplate":"https:\/\/radioljubuski.ba\/?s={search_term_string}"},"query-input":{"@type":"PropertyValueSpecification","valueRequired":true,"valueName":"search_term_string"}}],"inLanguage":"hr"},{"@type":"Organization","@id":"https:\/\/radioljubuski.ba\/#organization","name":"Radio Ljubu\u0161ki","url":"https:\/\/radioljubuski.ba\/","logo":{"@type":"ImageObject","inLanguage":"hr","@id":"https:\/\/radioljubuski.ba\/#\/schema\/logo\/image\/","url":"https:\/\/radioljubuski.ba\/wp-content\/uploads\/2021\/02\/cropped-Radio_Ljubuski_logo1.jpg","contentUrl":"https:\/\/radioljubuski.ba\/wp-content\/uploads\/2021\/02\/cropped-Radio_Ljubuski_logo1.jpg","width":512,"height":512,"caption":"Radio Ljubu\u0161ki"},"image":{"@id":"https:\/\/radioljubuski.ba\/#\/schema\/logo\/image\/"},"sameAs":["https:\/\/www.facebook.com\/Radiio-Ljubuski-1490835324566332","https:\/\/x.com\/radioljubuski","https:\/\/hr.linkedin.com\/company\/radio-ljubuski","https:\/\/www.youtube.com\/channel\/UCHYaeO_n0Db3tjNGudGpXyw"]},{"@type":"Person","@id":"https:\/\/radioljubuski.ba\/#\/schema\/person\/19fc700381a780f69665d7956c469e3b","name":"Radio Ljubu\u0161ki"}]}},"_links":{"self":[{"href":"https:\/\/radioljubuski.ba\/index.php\/wp-json\/wp\/v2\/posts\/163423","targetHints":{"allow":["GET"]}}],"collection":[{"href":"https:\/\/radioljubuski.ba\/index.php\/wp-json\/wp\/v2\/posts"}],"about":[{"href":"https:\/\/radioljubuski.ba\/index.php\/wp-json\/wp\/v2\/types\/post"}],"author":[{"embeddable":true,"href":"https:\/\/radioljubuski.ba\/index.php\/wp-json\/wp\/v2\/users\/2"}],"replies":[{"embeddable":true,"href":"https:\/\/radioljubuski.ba\/index.php\/wp-json\/wp\/v2\/comments?post=163423"}],"version-history":[{"count":1,"href":"https:\/\/radioljubuski.ba\/index.php\/wp-json\/wp\/v2\/posts\/163423\/revisions"}],"predecessor-version":[{"id":163424,"href":"https:\/\/radioljubuski.ba\/index.php\/wp-json\/wp\/v2\/posts\/163423\/revisions\/163424"}],"wp:attachment":[{"href":"https:\/\/radioljubuski.ba\/index.php\/wp-json\/wp\/v2\/media?parent=163423"}],"wp:term":[{"taxonomy":"category","embeddable":true,"href":"https:\/\/radioljubuski.ba\/index.php\/wp-json\/wp\/v2\/categories?post=163423"},{"taxonomy":"post_tag","embeddable":true,"href":"https:\/\/radioljubuski.ba\/index.php\/wp-json\/wp\/v2\/tags?post=163423"}],"curies":[{"name":"wp","href":"https:\/\/api.w.org\/{rel}","templated":true}]}}