{"id":163430,"date":"2022-07-26T10:14:34","date_gmt":"2022-07-26T09:14:34","guid":{"rendered":"https:\/\/radioljubuski.ba\/?p=163430"},"modified":"2022-07-26T10:14:36","modified_gmt":"2022-07-26T09:14:36","slug":"premijer-usz-ruznic-nemate-nam-pravo-uskratiti-predstavnike-u-domu-naroda-fbih","status":"publish","type":"post","link":"https:\/\/radioljubuski.ba\/index.php\/2022\/07\/26\/premijer-usz-ruznic-nemate-nam-pravo-uskratiti-predstavnike-u-domu-naroda-fbih\/","title":{"rendered":"Premijer US\u017d Ru\u017eni\u0107: Nemate nam pravo uskratiti predstavnike u Domu naroda FBiH"},"content":{"rendered":"\n<p><strong>Predsjednik Vlade Unsko-sanske \u017eupanije Mustafa Ru\u017eni\u0107 poru\u010dio je visokom predstavniku Christianu Schmidtu, a povodom mogu\u0107eg nametanja odluke o izmjenama Izbornog zakona i Ustava Federacije BiH da ne\u0107e \u201cnijemo gledati stvaranje trajnih etni\u010dkih podjela\u201d.<\/strong><\/p>\n\n\n\n<p>\u201cObra\u0107am vam se kao premijer Vlade Unsko-sanskog kantona, ali kao i gra\u0111anin Bosne i Hercegovine. U svjetlu va\u0161ih najava o nametanju izmjena Izbornog zakona imam potrebu i du\u017enost posjetiti vas na nekoliko va\u017enih \u010dinjenica\u201d, rekao je Ru\u017eni\u0107.<\/p>\n\n\n\n<p>Dodao je da je Unsko-sanski kanton, kako ka\u017ee, jedini kanton u BiH u kojem se oduvijek i bez iznimke provode dosljedno sva prava svih gra\u0111ana bez obzira na nacionalnu pripadnost, te da su u zastupljenosti svih u kontinuitetu oslonjeni na Ustavom zajam\u010dena prava.<\/p>\n\n\n\n<p>\u201cVrlo je va\u017eno da znate da su u posljednjoj agresiji na BiH u ovom dijelu dr\u017eave svih gra\u0111ani zajedno se borili za njenu obranu u jedincima Petog korpusa Armije Republike BiH i Hrvatskog vije\u0107a obrane i da su ove vojne formacije u oba slu\u010daja popunjavali gra\u0111ani svih nacionalnosti, a da nikad nisu do\u0161le u me\u0111usobni sukob\u201d, navodi se.<\/p>\n\n\n\n<p>Ru\u017eni\u0107 je rekao da Schmidt mora znati da u Unsko-sanskom kantonu ni danas u javnom \u017eivotu ne postoji tema zvana su\u017eivot jer je to za gra\u0111ane USK oduvijek bio \u017eivot, zajedni\u010dki, isti, podjednak, i ni po \u010demu optere\u0107en nacionalnim ili vjerskim podjelama.<\/p>\n\n\n\n<p>\u201cJasno i glasno vam poru\u010dujemo da ovaj dio dr\u017eave BiH zaslu\u017euje i treba da ima svoje predstavnike u Domu naroda FBiH ispred svih gra\u0111ana i da nemate pravo uskratiti nam takvu vrstu slobode\u201d, rekao je Ru\u017eni\u0107.<\/p>\n\n\n\n<p>Kazao je da \u0107e se kao zajednica i narod pridru\u017eiti svim politi\u010dkim, dr\u017eavnim i vjerskim institucijama koje osu\u0111uju Schmidtove nametanje Izbornog zakona BiH.<\/p>\n\n\n\n<p>\u201cKao gra\u0111ani USK ne mo\u017eemo i ne\u0107emo nijemo promatrati stvaranje trajnih etni\u010dkih podjela i uni\u0161tavanje dr\u017eave za kakvu smo se borili, a to je Bosna i Hercegovina- zemlja svih njenih gra\u0111ana\u201d, zaklju\u010dio je premijer USK Ru\u017eni\u0107.<\/p>\n\n\n\n<p>Podsje\u0107amo, Ustavni sud BiH u predmetu U 23\/14 (Ljubi\u0107) izrijekom je kazao da dom naroda Parlamenta Federacije BiH nije dom kantona. Tako\u0111er, izaslanici u domu naroda ne predstavljaju gra\u0111ane nego narode koji su ih izabrali da \u0161tite njihova kolektivna prava. Hrvata u US\u017d nema toliko da bi mogli izabrati zastupnika u Skup\u0161tini USK odakle bi on bio poslanu Dom naroda PFBiH.<\/p>\n\n\n\n<p>Tako\u0111er podsje\u0107amo, iz USK je u Domu naroda PFBiH izaslanik bio Anel \u0160ahinovi\u0107 (izjasnio se kao Hrvat) koji je izabran bo\u0161nja\u010dkim glasovima a do formiranja novog saziva DNPFBiH vjerojatno \u0107e ga mijenjati Ramiz Halki\u0107.<\/p>\n\n\n\n<p>\/R. I. \/HMS\/<\/p>\n","protected":false},"excerpt":{"rendered":"<p>Predsjednik Vlade Unsko-sanske \u017eupanije Mustafa Ru\u017eni\u0107 poru\u010dio je visokom predstavniku Christianu Schmidtu, a povodom mogu\u0107eg nametanja odluke o izmjenama Izbornog zakona i Ustava Federacije BiH da ne\u0107e \u201cnijemo gledati stvaranje trajnih etni\u010dkih podjela\u201d. \u201cObra\u0107am vam se kao premijer Vlade Unsko-sanskog kantona, ali kao i gra\u0111anin Bosne i Hercegovine. U svjetlu va\u0161ih najava o nametanju izmjena [&hellip;]<\/p>\n","protected":false},"author":2,"featured_media":163431,"comment_status":"closed","ping_status":"closed","sticky":false,"template":"","format":"standard","meta":{"h5ap_radio_sources":[],"footnotes":""},"categories":[1],"tags":[],"class_list":["post-163430","post","type-post","status-publish","format-standard","has-post-thumbnail","hentry","category-bihiregija"],"yoast_head":"<!-- This site is optimized with the Yoast SEO plugin v27.5 - https:\/\/yoast.com\/product\/yoast-seo-wordpress\/ -->\n<title>Premijer US\u017d Ru\u017eni\u0107: Nemate nam pravo uskratiti predstavnike u Domu naroda FBiH - RADIO LJUBU\u0160KI<\/title>\n<meta name=\"robots\" content=\"index, follow, max-snippet:-1, max-image-preview:large, max-video-preview:-1\" \/>\n<link rel=\"canonical\" href=\"https:\/\/radioljubuski.ba\/index.php\/2022\/07\/26\/premijer-usz-ruznic-nemate-nam-pravo-uskratiti-predstavnike-u-domu-naroda-fbih\/\" \/>\n<meta property=\"og:locale\" content=\"hr_HR\" \/>\n<meta property=\"og:type\" content=\"article\" \/>\n<meta property=\"og:title\" content=\"Premijer US\u017d Ru\u017eni\u0107: Nemate nam pravo uskratiti predstavnike u Domu naroda FBiH - RADIO LJUBU\u0160KI\" \/>\n<meta property=\"og:description\" content=\"Predsjednik Vlade Unsko-sanske \u017eupanije Mustafa Ru\u017eni\u0107 poru\u010dio je visokom predstavniku Christianu Schmidtu, a povodom mogu\u0107eg nametanja odluke o izmjenama Izbornog zakona i Ustava Federacije BiH da ne\u0107e \u201cnijemo gledati stvaranje trajnih etni\u010dkih podjela\u201d. \u201cObra\u0107am vam se kao premijer Vlade Unsko-sanskog kantona, ali kao i gra\u0111anin Bosne i Hercegovine. U svjetlu va\u0161ih najava o nametanju izmjena [&hellip;]\" \/>\n<meta property=\"og:url\" content=\"https:\/\/radioljubuski.ba\/index.php\/2022\/07\/26\/premijer-usz-ruznic-nemate-nam-pravo-uskratiti-predstavnike-u-domu-naroda-fbih\/\" \/>\n<meta property=\"og:site_name\" content=\"RADIO LJUBU\u0160KI\" \/>\n<meta property=\"article:publisher\" content=\"https:\/\/www.facebook.com\/Radiio-Ljubuski-1490835324566332\" \/>\n<meta property=\"article:published_time\" content=\"2022-07-26T09:14:34+00:00\" \/>\n<meta property=\"article:modified_time\" content=\"2022-07-26T09:14:36+00:00\" \/>\n<meta property=\"og:image\" content=\"https:\/\/radioljubuski.ba\/wp-content\/uploads\/2022\/07\/mustafa-ruznic-d-810x480-1.jpg\" \/>\n\t<meta property=\"og:image:width\" content=\"810\" \/>\n\t<meta property=\"og:image:height\" content=\"480\" \/>\n\t<meta property=\"og:image:type\" content=\"image\/jpeg\" \/>\n<meta name=\"author\" content=\"Radio Ljubu\u0161ki\" \/>\n<meta name=\"twitter:card\" content=\"summary_large_image\" \/>\n<meta name=\"twitter:creator\" content=\"@radioljubuski\" \/>\n<meta name=\"twitter:site\" content=\"@radioljubuski\" \/>\n<meta name=\"twitter:label1\" content=\"Napisao\/la\" \/>\n\t<meta name=\"twitter:data1\" content=\"Radio Ljubu\u0161ki\" \/>\n\t<meta name=\"twitter:label2\" content=\"Procijenjeno vrijeme \u010ditanja\" \/>\n\t<meta name=\"twitter:data2\" content=\"2 minute\" \/>\n<script type=\"application\/ld+json\" class=\"yoast-schema-graph\">{\"@context\":\"https:\\\/\\\/schema.org\",\"@graph\":[{\"@type\":\"Article\",\"@id\":\"https:\\\/\\\/radioljubuski.ba\\\/index.php\\\/2022\\\/07\\\/26\\\/premijer-usz-ruznic-nemate-nam-pravo-uskratiti-predstavnike-u-domu-naroda-fbih\\\/#article\",\"isPartOf\":{\"@id\":\"https:\\\/\\\/radioljubuski.ba\\\/index.php\\\/2022\\\/07\\\/26\\\/premijer-usz-ruznic-nemate-nam-pravo-uskratiti-predstavnike-u-domu-naroda-fbih\\\/\"},\"author\":{\"name\":\"Radio Ljubu\u0161ki\",\"@id\":\"https:\\\/\\\/radioljubuski.ba\\\/#\\\/schema\\\/person\\\/19fc700381a780f69665d7956c469e3b\"},\"headline\":\"Premijer US\u017d Ru\u017eni\u0107: Nemate nam pravo uskratiti predstavnike u Domu naroda FBiH\",\"datePublished\":\"2022-07-26T09:14:34+00:00\",\"dateModified\":\"2022-07-26T09:14:36+00:00\",\"mainEntityOfPage\":{\"@id\":\"https:\\\/\\\/radioljubuski.ba\\\/index.php\\\/2022\\\/07\\\/26\\\/premijer-usz-ruznic-nemate-nam-pravo-uskratiti-predstavnike-u-domu-naroda-fbih\\\/\"},\"wordCount\":471,\"publisher\":{\"@id\":\"https:\\\/\\\/radioljubuski.ba\\\/#organization\"},\"image\":{\"@id\":\"https:\\\/\\\/radioljubuski.ba\\\/index.php\\\/2022\\\/07\\\/26\\\/premijer-usz-ruznic-nemate-nam-pravo-uskratiti-predstavnike-u-domu-naroda-fbih\\\/#primaryimage\"},\"thumbnailUrl\":\"https:\\\/\\\/radioljubuski.ba\\\/wp-content\\\/uploads\\\/2022\\\/07\\\/mustafa-ruznic-d-810x480-1.jpg\",\"articleSection\":[\"BIH i regija\"],\"inLanguage\":\"hr\"},{\"@type\":\"WebPage\",\"@id\":\"https:\\\/\\\/radioljubuski.ba\\\/index.php\\\/2022\\\/07\\\/26\\\/premijer-usz-ruznic-nemate-nam-pravo-uskratiti-predstavnike-u-domu-naroda-fbih\\\/\",\"url\":\"https:\\\/\\\/radioljubuski.ba\\\/index.php\\\/2022\\\/07\\\/26\\\/premijer-usz-ruznic-nemate-nam-pravo-uskratiti-predstavnike-u-domu-naroda-fbih\\\/\",\"name\":\"Premijer US\u017d Ru\u017eni\u0107: Nemate nam pravo uskratiti predstavnike u Domu naroda FBiH - RADIO LJUBU\u0160KI\",\"isPartOf\":{\"@id\":\"https:\\\/\\\/radioljubuski.ba\\\/#website\"},\"primaryImageOfPage\":{\"@id\":\"https:\\\/\\\/radioljubuski.ba\\\/index.php\\\/2022\\\/07\\\/26\\\/premijer-usz-ruznic-nemate-nam-pravo-uskratiti-predstavnike-u-domu-naroda-fbih\\\/#primaryimage\"},\"image\":{\"@id\":\"https:\\\/\\\/radioljubuski.ba\\\/index.php\\\/2022\\\/07\\\/26\\\/premijer-usz-ruznic-nemate-nam-pravo-uskratiti-predstavnike-u-domu-naroda-fbih\\\/#primaryimage\"},\"thumbnailUrl\":\"https:\\\/\\\/radioljubuski.ba\\\/wp-content\\\/uploads\\\/2022\\\/07\\\/mustafa-ruznic-d-810x480-1.jpg\",\"datePublished\":\"2022-07-26T09:14:34+00:00\",\"dateModified\":\"2022-07-26T09:14:36+00:00\",\"breadcrumb\":{\"@id\":\"https:\\\/\\\/radioljubuski.ba\\\/index.php\\\/2022\\\/07\\\/26\\\/premijer-usz-ruznic-nemate-nam-pravo-uskratiti-predstavnike-u-domu-naroda-fbih\\\/#breadcrumb\"},\"inLanguage\":\"hr\",\"potentialAction\":[{\"@type\":\"ReadAction\",\"target\":[\"https:\\\/\\\/radioljubuski.ba\\\/index.php\\\/2022\\\/07\\\/26\\\/premijer-usz-ruznic-nemate-nam-pravo-uskratiti-predstavnike-u-domu-naroda-fbih\\\/\"]}]},{\"@type\":\"ImageObject\",\"inLanguage\":\"hr\",\"@id\":\"https:\\\/\\\/radioljubuski.ba\\\/index.php\\\/2022\\\/07\\\/26\\\/premijer-usz-ruznic-nemate-nam-pravo-uskratiti-predstavnike-u-domu-naroda-fbih\\\/#primaryimage\",\"url\":\"https:\\\/\\\/radioljubuski.ba\\\/wp-content\\\/uploads\\\/2022\\\/07\\\/mustafa-ruznic-d-810x480-1.jpg\",\"contentUrl\":\"https:\\\/\\\/radioljubuski.ba\\\/wp-content\\\/uploads\\\/2022\\\/07\\\/mustafa-ruznic-d-810x480-1.jpg\",\"width\":810,\"height\":480},{\"@type\":\"BreadcrumbList\",\"@id\":\"https:\\\/\\\/radioljubuski.ba\\\/index.php\\\/2022\\\/07\\\/26\\\/premijer-usz-ruznic-nemate-nam-pravo-uskratiti-predstavnike-u-domu-naroda-fbih\\\/#breadcrumb\",\"itemListElement\":[{\"@type\":\"ListItem\",\"position\":1,\"name\":\"Po\u010detna stranica\",\"item\":\"https:\\\/\\\/radioljubuski.ba\\\/\"},{\"@type\":\"ListItem\",\"position\":2,\"name\":\"Premijer US\u017d Ru\u017eni\u0107: Nemate nam pravo uskratiti predstavnike u Domu naroda FBiH\"}]},{\"@type\":\"WebSite\",\"@id\":\"https:\\\/\\\/radioljubuski.ba\\\/#website\",\"url\":\"https:\\\/\\\/radioljubuski.ba\\\/\",\"name\":\"Radio Ljubu\u0161ki\",\"description\":\"Sun\u010dana frekvencija Hercegovine\",\"publisher\":{\"@id\":\"https:\\\/\\\/radioljubuski.ba\\\/#organization\"},\"potentialAction\":[{\"@type\":\"SearchAction\",\"target\":{\"@type\":\"EntryPoint\",\"urlTemplate\":\"https:\\\/\\\/radioljubuski.ba\\\/?s={search_term_string}\"},\"query-input\":{\"@type\":\"PropertyValueSpecification\",\"valueRequired\":true,\"valueName\":\"search_term_string\"}}],\"inLanguage\":\"hr\"},{\"@type\":\"Organization\",\"@id\":\"https:\\\/\\\/radioljubuski.ba\\\/#organization\",\"name\":\"Radio Ljubu\u0161ki\",\"url\":\"https:\\\/\\\/radioljubuski.ba\\\/\",\"logo\":{\"@type\":\"ImageObject\",\"inLanguage\":\"hr\",\"@id\":\"https:\\\/\\\/radioljubuski.ba\\\/#\\\/schema\\\/logo\\\/image\\\/\",\"url\":\"https:\\\/\\\/radioljubuski.ba\\\/wp-content\\\/uploads\\\/2021\\\/02\\\/cropped-Radio_Ljubuski_logo1.jpg\",\"contentUrl\":\"https:\\\/\\\/radioljubuski.ba\\\/wp-content\\\/uploads\\\/2021\\\/02\\\/cropped-Radio_Ljubuski_logo1.jpg\",\"width\":512,\"height\":512,\"caption\":\"Radio Ljubu\u0161ki\"},\"image\":{\"@id\":\"https:\\\/\\\/radioljubuski.ba\\\/#\\\/schema\\\/logo\\\/image\\\/\"},\"sameAs\":[\"https:\\\/\\\/www.facebook.com\\\/Radiio-Ljubuski-1490835324566332\",\"https:\\\/\\\/x.com\\\/radioljubuski\",\"https:\\\/\\\/hr.linkedin.com\\\/company\\\/radio-ljubuski\",\"https:\\\/\\\/www.youtube.com\\\/channel\\\/UCHYaeO_n0Db3tjNGudGpXyw\"]},{\"@type\":\"Person\",\"@id\":\"https:\\\/\\\/radioljubuski.ba\\\/#\\\/schema\\\/person\\\/19fc700381a780f69665d7956c469e3b\",\"name\":\"Radio Ljubu\u0161ki\"}]}<\/script>\n<!-- \/ Yoast SEO plugin. -->","yoast_head_json":{"title":"Premijer US\u017d Ru\u017eni\u0107: Nemate nam pravo uskratiti predstavnike u Domu naroda FBiH - RADIO LJUBU\u0160KI","robots":{"index":"index","follow":"follow","max-snippet":"max-snippet:-1","max-image-preview":"max-image-preview:large","max-video-preview":"max-video-preview:-1"},"canonical":"https:\/\/radioljubuski.ba\/index.php\/2022\/07\/26\/premijer-usz-ruznic-nemate-nam-pravo-uskratiti-predstavnike-u-domu-naroda-fbih\/","og_locale":"hr_HR","og_type":"article","og_title":"Premijer US\u017d Ru\u017eni\u0107: Nemate nam pravo uskratiti predstavnike u Domu naroda FBiH - RADIO LJUBU\u0160KI","og_description":"Predsjednik Vlade Unsko-sanske \u017eupanije Mustafa Ru\u017eni\u0107 poru\u010dio je visokom predstavniku Christianu Schmidtu, a povodom mogu\u0107eg nametanja odluke o izmjenama Izbornog zakona i Ustava Federacije BiH da ne\u0107e \u201cnijemo gledati stvaranje trajnih etni\u010dkih podjela\u201d. \u201cObra\u0107am vam se kao premijer Vlade Unsko-sanskog kantona, ali kao i gra\u0111anin Bosne i Hercegovine. U svjetlu va\u0161ih najava o nametanju izmjena [&hellip;]","og_url":"https:\/\/radioljubuski.ba\/index.php\/2022\/07\/26\/premijer-usz-ruznic-nemate-nam-pravo-uskratiti-predstavnike-u-domu-naroda-fbih\/","og_site_name":"RADIO LJUBU\u0160KI","article_publisher":"https:\/\/www.facebook.com\/Radiio-Ljubuski-1490835324566332","article_published_time":"2022-07-26T09:14:34+00:00","article_modified_time":"2022-07-26T09:14:36+00:00","og_image":[{"width":810,"height":480,"url":"https:\/\/radioljubuski.ba\/wp-content\/uploads\/2022\/07\/mustafa-ruznic-d-810x480-1.jpg","type":"image\/jpeg"}],"author":"Radio Ljubu\u0161ki","twitter_card":"summary_large_image","twitter_creator":"@radioljubuski","twitter_site":"@radioljubuski","twitter_misc":{"Napisao\/la":"Radio Ljubu\u0161ki","Procijenjeno vrijeme \u010ditanja":"2 minute"},"schema":{"@context":"https:\/\/schema.org","@graph":[{"@type":"Article","@id":"https:\/\/radioljubuski.ba\/index.php\/2022\/07\/26\/premijer-usz-ruznic-nemate-nam-pravo-uskratiti-predstavnike-u-domu-naroda-fbih\/#article","isPartOf":{"@id":"https:\/\/radioljubuski.ba\/index.php\/2022\/07\/26\/premijer-usz-ruznic-nemate-nam-pravo-uskratiti-predstavnike-u-domu-naroda-fbih\/"},"author":{"name":"Radio Ljubu\u0161ki","@id":"https:\/\/radioljubuski.ba\/#\/schema\/person\/19fc700381a780f69665d7956c469e3b"},"headline":"Premijer US\u017d Ru\u017eni\u0107: Nemate nam pravo uskratiti predstavnike u Domu naroda FBiH","datePublished":"2022-07-26T09:14:34+00:00","dateModified":"2022-07-26T09:14:36+00:00","mainEntityOfPage":{"@id":"https:\/\/radioljubuski.ba\/index.php\/2022\/07\/26\/premijer-usz-ruznic-nemate-nam-pravo-uskratiti-predstavnike-u-domu-naroda-fbih\/"},"wordCount":471,"publisher":{"@id":"https:\/\/radioljubuski.ba\/#organization"},"image":{"@id":"https:\/\/radioljubuski.ba\/index.php\/2022\/07\/26\/premijer-usz-ruznic-nemate-nam-pravo-uskratiti-predstavnike-u-domu-naroda-fbih\/#primaryimage"},"thumbnailUrl":"https:\/\/radioljubuski.ba\/wp-content\/uploads\/2022\/07\/mustafa-ruznic-d-810x480-1.jpg","articleSection":["BIH i regija"],"inLanguage":"hr"},{"@type":"WebPage","@id":"https:\/\/radioljubuski.ba\/index.php\/2022\/07\/26\/premijer-usz-ruznic-nemate-nam-pravo-uskratiti-predstavnike-u-domu-naroda-fbih\/","url":"https:\/\/radioljubuski.ba\/index.php\/2022\/07\/26\/premijer-usz-ruznic-nemate-nam-pravo-uskratiti-predstavnike-u-domu-naroda-fbih\/","name":"Premijer US\u017d Ru\u017eni\u0107: Nemate nam pravo uskratiti predstavnike u Domu naroda FBiH - RADIO LJUBU\u0160KI","isPartOf":{"@id":"https:\/\/radioljubuski.ba\/#website"},"primaryImageOfPage":{"@id":"https:\/\/radioljubuski.ba\/index.php\/2022\/07\/26\/premijer-usz-ruznic-nemate-nam-pravo-uskratiti-predstavnike-u-domu-naroda-fbih\/#primaryimage"},"image":{"@id":"https:\/\/radioljubuski.ba\/index.php\/2022\/07\/26\/premijer-usz-ruznic-nemate-nam-pravo-uskratiti-predstavnike-u-domu-naroda-fbih\/#primaryimage"},"thumbnailUrl":"https:\/\/radioljubuski.ba\/wp-content\/uploads\/2022\/07\/mustafa-ruznic-d-810x480-1.jpg","datePublished":"2022-07-26T09:14:34+00:00","dateModified":"2022-07-26T09:14:36+00:00","breadcrumb":{"@id":"https:\/\/radioljubuski.ba\/index.php\/2022\/07\/26\/premijer-usz-ruznic-nemate-nam-pravo-uskratiti-predstavnike-u-domu-naroda-fbih\/#breadcrumb"},"inLanguage":"hr","potentialAction":[{"@type":"ReadAction","target":["https:\/\/radioljubuski.ba\/index.php\/2022\/07\/26\/premijer-usz-ruznic-nemate-nam-pravo-uskratiti-predstavnike-u-domu-naroda-fbih\/"]}]},{"@type":"ImageObject","inLanguage":"hr","@id":"https:\/\/radioljubuski.ba\/index.php\/2022\/07\/26\/premijer-usz-ruznic-nemate-nam-pravo-uskratiti-predstavnike-u-domu-naroda-fbih\/#primaryimage","url":"https:\/\/radioljubuski.ba\/wp-content\/uploads\/2022\/07\/mustafa-ruznic-d-810x480-1.jpg","contentUrl":"https:\/\/radioljubuski.ba\/wp-content\/uploads\/2022\/07\/mustafa-ruznic-d-810x480-1.jpg","width":810,"height":480},{"@type":"BreadcrumbList","@id":"https:\/\/radioljubuski.ba\/index.php\/2022\/07\/26\/premijer-usz-ruznic-nemate-nam-pravo-uskratiti-predstavnike-u-domu-naroda-fbih\/#breadcrumb","itemListElement":[{"@type":"ListItem","position":1,"name":"Po\u010detna stranica","item":"https:\/\/radioljubuski.ba\/"},{"@type":"ListItem","position":2,"name":"Premijer US\u017d Ru\u017eni\u0107: Nemate nam pravo uskratiti predstavnike u Domu naroda FBiH"}]},{"@type":"WebSite","@id":"https:\/\/radioljubuski.ba\/#website","url":"https:\/\/radioljubuski.ba\/","name":"Radio Ljubu\u0161ki","description":"Sun\u010dana frekvencija Hercegovine","publisher":{"@id":"https:\/\/radioljubuski.ba\/#organization"},"potentialAction":[{"@type":"SearchAction","target":{"@type":"EntryPoint","urlTemplate":"https:\/\/radioljubuski.ba\/?s={search_term_string}"},"query-input":{"@type":"PropertyValueSpecification","valueRequired":true,"valueName":"search_term_string"}}],"inLanguage":"hr"},{"@type":"Organization","@id":"https:\/\/radioljubuski.ba\/#organization","name":"Radio Ljubu\u0161ki","url":"https:\/\/radioljubuski.ba\/","logo":{"@type":"ImageObject","inLanguage":"hr","@id":"https:\/\/radioljubuski.ba\/#\/schema\/logo\/image\/","url":"https:\/\/radioljubuski.ba\/wp-content\/uploads\/2021\/02\/cropped-Radio_Ljubuski_logo1.jpg","contentUrl":"https:\/\/radioljubuski.ba\/wp-content\/uploads\/2021\/02\/cropped-Radio_Ljubuski_logo1.jpg","width":512,"height":512,"caption":"Radio Ljubu\u0161ki"},"image":{"@id":"https:\/\/radioljubuski.ba\/#\/schema\/logo\/image\/"},"sameAs":["https:\/\/www.facebook.com\/Radiio-Ljubuski-1490835324566332","https:\/\/x.com\/radioljubuski","https:\/\/hr.linkedin.com\/company\/radio-ljubuski","https:\/\/www.youtube.com\/channel\/UCHYaeO_n0Db3tjNGudGpXyw"]},{"@type":"Person","@id":"https:\/\/radioljubuski.ba\/#\/schema\/person\/19fc700381a780f69665d7956c469e3b","name":"Radio Ljubu\u0161ki"}]}},"_links":{"self":[{"href":"https:\/\/radioljubuski.ba\/index.php\/wp-json\/wp\/v2\/posts\/163430","targetHints":{"allow":["GET"]}}],"collection":[{"href":"https:\/\/radioljubuski.ba\/index.php\/wp-json\/wp\/v2\/posts"}],"about":[{"href":"https:\/\/radioljubuski.ba\/index.php\/wp-json\/wp\/v2\/types\/post"}],"author":[{"embeddable":true,"href":"https:\/\/radioljubuski.ba\/index.php\/wp-json\/wp\/v2\/users\/2"}],"replies":[{"embeddable":true,"href":"https:\/\/radioljubuski.ba\/index.php\/wp-json\/wp\/v2\/comments?post=163430"}],"version-history":[{"count":1,"href":"https:\/\/radioljubuski.ba\/index.php\/wp-json\/wp\/v2\/posts\/163430\/revisions"}],"predecessor-version":[{"id":163432,"href":"https:\/\/radioljubuski.ba\/index.php\/wp-json\/wp\/v2\/posts\/163430\/revisions\/163432"}],"wp:featuredmedia":[{"embeddable":true,"href":"https:\/\/radioljubuski.ba\/index.php\/wp-json\/wp\/v2\/media\/163431"}],"wp:attachment":[{"href":"https:\/\/radioljubuski.ba\/index.php\/wp-json\/wp\/v2\/media?parent=163430"}],"wp:term":[{"taxonomy":"category","embeddable":true,"href":"https:\/\/radioljubuski.ba\/index.php\/wp-json\/wp\/v2\/categories?post=163430"},{"taxonomy":"post_tag","embeddable":true,"href":"https:\/\/radioljubuski.ba\/index.php\/wp-json\/wp\/v2\/tags?post=163430"}],"curies":[{"name":"wp","href":"https:\/\/api.w.org\/{rel}","templated":true}]}}