{"id":163439,"date":"2022-07-26T10:18:46","date_gmt":"2022-07-26T09:18:46","guid":{"rendered":"https:\/\/radioljubuski.ba\/?p=163439"},"modified":"2022-07-26T10:18:48","modified_gmt":"2022-07-26T09:18:48","slug":"hms-pristisci-i-prijetnje-nece-ga-pokolebati-schmidt-u-utorak-objavljuje-odluku-o-izmjenama-izbornog-zakona-i-ustava-bih","status":"publish","type":"post","link":"https:\/\/radioljubuski.ba\/index.php\/2022\/07\/26\/hms-pristisci-i-prijetnje-nece-ga-pokolebati-schmidt-u-utorak-objavljuje-odluku-o-izmjenama-izbornog-zakona-i-ustava-bih\/","title":{"rendered":"HMS: Pristisci i prijetnje ne\u0107e ga pokolebati, Schmidt u utorak objavljuje odluku o izmjenama Izbornog zakona i Ustava BiH"},"content":{"rendered":"\n<p><strong>Kako Hrvatski Medijski Servis saznaje iz pouzdanog izvora prijetnje nisu i ne\u0107e pokolebati visokog predstavnika u BiH Christiana Schmidta koji \u0107e u utorak objaviti odluku o izmjenama Izbornog zakona i Ustava FBiH, kojima \u0107e se djelomi\u010dno provesti presuda ustavnog suda BiH u predmetu Ljubi\u0107 o osiguranju legitimnog predstavlja konstitutivnih naroda u Domu naroda i Predsjedni\u0161tvu BiH, ali ne i u izboru hrvatskog \u010dlana Predsjedni\u0161tva.<\/strong><\/p>\n\n\n\n<p>Podsjetimo, ve\u0107 danima bo\u0161nja\u010dki politi\u010dari i politi\u010dki aktivisti prijete ratom, nasiljem i kaosom ukoliko Schmidt nametne izmjene Izbornog zakona, kojima bi se bar djelomi\u010dno vratila Hrvatima oteta prava. Vrhunac je dana\u0161anja izjava Bakira Izetbegovi\u0107a kako \u0107e se Schmidt ve\u010deras \u201csuo\u010diti s otporom naroda\u201d te da \u0107e se \u201cu 19 sati dogoditi kaos\u201d.<\/p>\n\n\n\n<p>Nakon ove Izetbegovi\u0107e izjave jedna strana obavije\u0161tajna slu\u017eba prije odprilike sat vremena dostavila je uredu visokog predstavnika Christiana Schmidta informaciju da \u0107e ve\u010deras kriminalne skupine bacati molotovljeve koktele na zgradu OHR-a, saznaje ekskluzivno Hrvatski Medijski Servis.<\/p>\n\n\n\n<p>Tu informaciju Schmidtov ured je odmah proslijedio \u0161efu osiguranja zgrade OHR-a. Kako saznajemo iz OHR-a je odmah o ovom obavje\u0161tan direktor Direkcije za kordinaciju policijskih tijela BiH Mirsad Vili\u0107.<\/p>\n\n\n\n<p>Ina\u010de prema saznanjima HMS-a, me\u0111u onima koji \u0107e ve\u010deras, na poziv bo\u0161nja\u010dkih stranaka prosvjedovati protiv navodne odluke visokog predstavnika da uvede cenzus od 3 posto na izbor izaslanika iz pojedinih \u017eupanija u Federalni Dom naroda \u010dime bi se, barem djelomi\u010dno, onemogu\u0107ilo da jedan narod bira drugome politi\u010dke predstavnike u Dom naroda bit \u0107e oko 100 agenata u civilu iz Direkcije za kordinaciju policijskih tjela, koja je zadu\u017eena i za Schmidtovu sigurnost.<\/p>\n\n\n\n<p>Nakon informacije koja je iz strane obavije\u0161tajne slu\u017ebe stigla u OHR i zahtjeva OHR-a upu\u0107enog Vili\u0107, on je odlu\u010dio osiguranje Schmidtovog ureda poja\u010dati sa jo\u0161 50 policajaca u civilu.<\/p>\n\n\n\n<p>\/HMS\/<\/p>\n","protected":false},"excerpt":{"rendered":"<p>Kako Hrvatski Medijski Servis saznaje iz pouzdanog izvora prijetnje nisu i ne\u0107e pokolebati visokog predstavnika u BiH Christiana Schmidta koji \u0107e u utorak objaviti odluku o izmjenama Izbornog zakona i Ustava FBiH, kojima \u0107e se djelomi\u010dno provesti presuda ustavnog suda BiH u predmetu Ljubi\u0107 o osiguranju legitimnog predstavlja konstitutivnih naroda u Domu naroda i Predsjedni\u0161tvu [&hellip;]<\/p>\n","protected":false},"author":2,"featured_media":161391,"comment_status":"closed","ping_status":"closed","sticky":false,"template":"","format":"standard","meta":{"h5ap_radio_sources":[],"footnotes":""},"categories":[1],"tags":[],"class_list":["post-163439","post","type-post","status-publish","format-standard","has-post-thumbnail","hentry","category-bihiregija"],"yoast_head":"<!-- This site is optimized with the Yoast SEO plugin v27.5 - https:\/\/yoast.com\/product\/yoast-seo-wordpress\/ -->\n<title>HMS: Pristisci i prijetnje ne\u0107e ga pokolebati, Schmidt u utorak objavljuje odluku o izmjenama Izbornog zakona i Ustava BiH - RADIO LJUBU\u0160KI<\/title>\n<meta name=\"robots\" content=\"index, follow, max-snippet:-1, max-image-preview:large, max-video-preview:-1\" \/>\n<link rel=\"canonical\" href=\"https:\/\/radioljubuski.ba\/index.php\/2022\/07\/26\/hms-pristisci-i-prijetnje-nece-ga-pokolebati-schmidt-u-utorak-objavljuje-odluku-o-izmjenama-izbornog-zakona-i-ustava-bih\/\" \/>\n<meta property=\"og:locale\" content=\"hr_HR\" \/>\n<meta property=\"og:type\" content=\"article\" \/>\n<meta property=\"og:title\" content=\"HMS: Pristisci i prijetnje ne\u0107e ga pokolebati, Schmidt u utorak objavljuje odluku o izmjenama Izbornog zakona i Ustava BiH - RADIO LJUBU\u0160KI\" \/>\n<meta property=\"og:description\" content=\"Kako Hrvatski Medijski Servis saznaje iz pouzdanog izvora prijetnje nisu i ne\u0107e pokolebati visokog predstavnika u BiH Christiana Schmidta koji \u0107e u utorak objaviti odluku o izmjenama Izbornog zakona i Ustava FBiH, kojima \u0107e se djelomi\u010dno provesti presuda ustavnog suda BiH u predmetu Ljubi\u0107 o osiguranju legitimnog predstavlja konstitutivnih naroda u Domu naroda i Predsjedni\u0161tvu [&hellip;]\" \/>\n<meta property=\"og:url\" content=\"https:\/\/radioljubuski.ba\/index.php\/2022\/07\/26\/hms-pristisci-i-prijetnje-nece-ga-pokolebati-schmidt-u-utorak-objavljuje-odluku-o-izmjenama-izbornog-zakona-i-ustava-bih\/\" \/>\n<meta property=\"og:site_name\" content=\"RADIO LJUBU\u0160KI\" \/>\n<meta property=\"article:publisher\" content=\"https:\/\/www.facebook.com\/Radiio-Ljubuski-1490835324566332\" \/>\n<meta property=\"article:published_time\" content=\"2022-07-26T09:18:46+00:00\" \/>\n<meta property=\"article:modified_time\" content=\"2022-07-26T09:18:48+00:00\" \/>\n<meta property=\"og:image\" content=\"https:\/\/radioljubuski.ba\/wp-content\/uploads\/2022\/07\/schmidt.jpg\" \/>\n\t<meta property=\"og:image:width\" content=\"1000\" \/>\n\t<meta property=\"og:image:height\" content=\"625\" \/>\n\t<meta property=\"og:image:type\" content=\"image\/jpeg\" \/>\n<meta name=\"author\" content=\"Radio Ljubu\u0161ki\" \/>\n<meta name=\"twitter:card\" content=\"summary_large_image\" \/>\n<meta name=\"twitter:creator\" content=\"@radioljubuski\" \/>\n<meta name=\"twitter:site\" content=\"@radioljubuski\" \/>\n<meta name=\"twitter:label1\" content=\"Napisao\/la\" \/>\n\t<meta name=\"twitter:data1\" content=\"Radio Ljubu\u0161ki\" \/>\n\t<meta name=\"twitter:label2\" content=\"Procijenjeno vrijeme \u010ditanja\" \/>\n\t<meta name=\"twitter:data2\" content=\"2 minute\" \/>\n<script type=\"application\/ld+json\" class=\"yoast-schema-graph\">{\"@context\":\"https:\\\/\\\/schema.org\",\"@graph\":[{\"@type\":\"Article\",\"@id\":\"https:\\\/\\\/radioljubuski.ba\\\/index.php\\\/2022\\\/07\\\/26\\\/hms-pristisci-i-prijetnje-nece-ga-pokolebati-schmidt-u-utorak-objavljuje-odluku-o-izmjenama-izbornog-zakona-i-ustava-bih\\\/#article\",\"isPartOf\":{\"@id\":\"https:\\\/\\\/radioljubuski.ba\\\/index.php\\\/2022\\\/07\\\/26\\\/hms-pristisci-i-prijetnje-nece-ga-pokolebati-schmidt-u-utorak-objavljuje-odluku-o-izmjenama-izbornog-zakona-i-ustava-bih\\\/\"},\"author\":{\"name\":\"Radio Ljubu\u0161ki\",\"@id\":\"https:\\\/\\\/radioljubuski.ba\\\/#\\\/schema\\\/person\\\/19fc700381a780f69665d7956c469e3b\"},\"headline\":\"HMS: Pristisci i prijetnje ne\u0107e ga pokolebati, Schmidt u utorak objavljuje odluku o izmjenama Izbornog zakona i Ustava BiH\",\"datePublished\":\"2022-07-26T09:18:46+00:00\",\"dateModified\":\"2022-07-26T09:18:48+00:00\",\"mainEntityOfPage\":{\"@id\":\"https:\\\/\\\/radioljubuski.ba\\\/index.php\\\/2022\\\/07\\\/26\\\/hms-pristisci-i-prijetnje-nece-ga-pokolebati-schmidt-u-utorak-objavljuje-odluku-o-izmjenama-izbornog-zakona-i-ustava-bih\\\/\"},\"wordCount\":330,\"publisher\":{\"@id\":\"https:\\\/\\\/radioljubuski.ba\\\/#organization\"},\"image\":{\"@id\":\"https:\\\/\\\/radioljubuski.ba\\\/index.php\\\/2022\\\/07\\\/26\\\/hms-pristisci-i-prijetnje-nece-ga-pokolebati-schmidt-u-utorak-objavljuje-odluku-o-izmjenama-izbornog-zakona-i-ustava-bih\\\/#primaryimage\"},\"thumbnailUrl\":\"https:\\\/\\\/radioljubuski.ba\\\/wp-content\\\/uploads\\\/2022\\\/07\\\/schmidt.jpg\",\"articleSection\":[\"BIH i regija\"],\"inLanguage\":\"hr\"},{\"@type\":\"WebPage\",\"@id\":\"https:\\\/\\\/radioljubuski.ba\\\/index.php\\\/2022\\\/07\\\/26\\\/hms-pristisci-i-prijetnje-nece-ga-pokolebati-schmidt-u-utorak-objavljuje-odluku-o-izmjenama-izbornog-zakona-i-ustava-bih\\\/\",\"url\":\"https:\\\/\\\/radioljubuski.ba\\\/index.php\\\/2022\\\/07\\\/26\\\/hms-pristisci-i-prijetnje-nece-ga-pokolebati-schmidt-u-utorak-objavljuje-odluku-o-izmjenama-izbornog-zakona-i-ustava-bih\\\/\",\"name\":\"HMS: Pristisci i prijetnje ne\u0107e ga pokolebati, Schmidt u utorak objavljuje odluku o izmjenama Izbornog zakona i Ustava BiH - RADIO LJUBU\u0160KI\",\"isPartOf\":{\"@id\":\"https:\\\/\\\/radioljubuski.ba\\\/#website\"},\"primaryImageOfPage\":{\"@id\":\"https:\\\/\\\/radioljubuski.ba\\\/index.php\\\/2022\\\/07\\\/26\\\/hms-pristisci-i-prijetnje-nece-ga-pokolebati-schmidt-u-utorak-objavljuje-odluku-o-izmjenama-izbornog-zakona-i-ustava-bih\\\/#primaryimage\"},\"image\":{\"@id\":\"https:\\\/\\\/radioljubuski.ba\\\/index.php\\\/2022\\\/07\\\/26\\\/hms-pristisci-i-prijetnje-nece-ga-pokolebati-schmidt-u-utorak-objavljuje-odluku-o-izmjenama-izbornog-zakona-i-ustava-bih\\\/#primaryimage\"},\"thumbnailUrl\":\"https:\\\/\\\/radioljubuski.ba\\\/wp-content\\\/uploads\\\/2022\\\/07\\\/schmidt.jpg\",\"datePublished\":\"2022-07-26T09:18:46+00:00\",\"dateModified\":\"2022-07-26T09:18:48+00:00\",\"breadcrumb\":{\"@id\":\"https:\\\/\\\/radioljubuski.ba\\\/index.php\\\/2022\\\/07\\\/26\\\/hms-pristisci-i-prijetnje-nece-ga-pokolebati-schmidt-u-utorak-objavljuje-odluku-o-izmjenama-izbornog-zakona-i-ustava-bih\\\/#breadcrumb\"},\"inLanguage\":\"hr\",\"potentialAction\":[{\"@type\":\"ReadAction\",\"target\":[\"https:\\\/\\\/radioljubuski.ba\\\/index.php\\\/2022\\\/07\\\/26\\\/hms-pristisci-i-prijetnje-nece-ga-pokolebati-schmidt-u-utorak-objavljuje-odluku-o-izmjenama-izbornog-zakona-i-ustava-bih\\\/\"]}]},{\"@type\":\"ImageObject\",\"inLanguage\":\"hr\",\"@id\":\"https:\\\/\\\/radioljubuski.ba\\\/index.php\\\/2022\\\/07\\\/26\\\/hms-pristisci-i-prijetnje-nece-ga-pokolebati-schmidt-u-utorak-objavljuje-odluku-o-izmjenama-izbornog-zakona-i-ustava-bih\\\/#primaryimage\",\"url\":\"https:\\\/\\\/radioljubuski.ba\\\/wp-content\\\/uploads\\\/2022\\\/07\\\/schmidt.jpg\",\"contentUrl\":\"https:\\\/\\\/radioljubuski.ba\\\/wp-content\\\/uploads\\\/2022\\\/07\\\/schmidt.jpg\",\"width\":1000,\"height\":625},{\"@type\":\"BreadcrumbList\",\"@id\":\"https:\\\/\\\/radioljubuski.ba\\\/index.php\\\/2022\\\/07\\\/26\\\/hms-pristisci-i-prijetnje-nece-ga-pokolebati-schmidt-u-utorak-objavljuje-odluku-o-izmjenama-izbornog-zakona-i-ustava-bih\\\/#breadcrumb\",\"itemListElement\":[{\"@type\":\"ListItem\",\"position\":1,\"name\":\"Po\u010detna stranica\",\"item\":\"https:\\\/\\\/radioljubuski.ba\\\/\"},{\"@type\":\"ListItem\",\"position\":2,\"name\":\"HMS: Pristisci i prijetnje ne\u0107e ga pokolebati, Schmidt u utorak objavljuje odluku o izmjenama Izbornog zakona i Ustava BiH\"}]},{\"@type\":\"WebSite\",\"@id\":\"https:\\\/\\\/radioljubuski.ba\\\/#website\",\"url\":\"https:\\\/\\\/radioljubuski.ba\\\/\",\"name\":\"Radio Ljubu\u0161ki\",\"description\":\"Sun\u010dana frekvencija Hercegovine\",\"publisher\":{\"@id\":\"https:\\\/\\\/radioljubuski.ba\\\/#organization\"},\"potentialAction\":[{\"@type\":\"SearchAction\",\"target\":{\"@type\":\"EntryPoint\",\"urlTemplate\":\"https:\\\/\\\/radioljubuski.ba\\\/?s={search_term_string}\"},\"query-input\":{\"@type\":\"PropertyValueSpecification\",\"valueRequired\":true,\"valueName\":\"search_term_string\"}}],\"inLanguage\":\"hr\"},{\"@type\":\"Organization\",\"@id\":\"https:\\\/\\\/radioljubuski.ba\\\/#organization\",\"name\":\"Radio Ljubu\u0161ki\",\"url\":\"https:\\\/\\\/radioljubuski.ba\\\/\",\"logo\":{\"@type\":\"ImageObject\",\"inLanguage\":\"hr\",\"@id\":\"https:\\\/\\\/radioljubuski.ba\\\/#\\\/schema\\\/logo\\\/image\\\/\",\"url\":\"https:\\\/\\\/radioljubuski.ba\\\/wp-content\\\/uploads\\\/2021\\\/02\\\/cropped-Radio_Ljubuski_logo1.jpg\",\"contentUrl\":\"https:\\\/\\\/radioljubuski.ba\\\/wp-content\\\/uploads\\\/2021\\\/02\\\/cropped-Radio_Ljubuski_logo1.jpg\",\"width\":512,\"height\":512,\"caption\":\"Radio Ljubu\u0161ki\"},\"image\":{\"@id\":\"https:\\\/\\\/radioljubuski.ba\\\/#\\\/schema\\\/logo\\\/image\\\/\"},\"sameAs\":[\"https:\\\/\\\/www.facebook.com\\\/Radiio-Ljubuski-1490835324566332\",\"https:\\\/\\\/x.com\\\/radioljubuski\",\"https:\\\/\\\/hr.linkedin.com\\\/company\\\/radio-ljubuski\",\"https:\\\/\\\/www.youtube.com\\\/channel\\\/UCHYaeO_n0Db3tjNGudGpXyw\"]},{\"@type\":\"Person\",\"@id\":\"https:\\\/\\\/radioljubuski.ba\\\/#\\\/schema\\\/person\\\/19fc700381a780f69665d7956c469e3b\",\"name\":\"Radio Ljubu\u0161ki\"}]}<\/script>\n<!-- \/ Yoast SEO plugin. -->","yoast_head_json":{"title":"HMS: Pristisci i prijetnje ne\u0107e ga pokolebati, Schmidt u utorak objavljuje odluku o izmjenama Izbornog zakona i Ustava BiH - RADIO LJUBU\u0160KI","robots":{"index":"index","follow":"follow","max-snippet":"max-snippet:-1","max-image-preview":"max-image-preview:large","max-video-preview":"max-video-preview:-1"},"canonical":"https:\/\/radioljubuski.ba\/index.php\/2022\/07\/26\/hms-pristisci-i-prijetnje-nece-ga-pokolebati-schmidt-u-utorak-objavljuje-odluku-o-izmjenama-izbornog-zakona-i-ustava-bih\/","og_locale":"hr_HR","og_type":"article","og_title":"HMS: Pristisci i prijetnje ne\u0107e ga pokolebati, Schmidt u utorak objavljuje odluku o izmjenama Izbornog zakona i Ustava BiH - RADIO LJUBU\u0160KI","og_description":"Kako Hrvatski Medijski Servis saznaje iz pouzdanog izvora prijetnje nisu i ne\u0107e pokolebati visokog predstavnika u BiH Christiana Schmidta koji \u0107e u utorak objaviti odluku o izmjenama Izbornog zakona i Ustava FBiH, kojima \u0107e se djelomi\u010dno provesti presuda ustavnog suda BiH u predmetu Ljubi\u0107 o osiguranju legitimnog predstavlja konstitutivnih naroda u Domu naroda i Predsjedni\u0161tvu [&hellip;]","og_url":"https:\/\/radioljubuski.ba\/index.php\/2022\/07\/26\/hms-pristisci-i-prijetnje-nece-ga-pokolebati-schmidt-u-utorak-objavljuje-odluku-o-izmjenama-izbornog-zakona-i-ustava-bih\/","og_site_name":"RADIO LJUBU\u0160KI","article_publisher":"https:\/\/www.facebook.com\/Radiio-Ljubuski-1490835324566332","article_published_time":"2022-07-26T09:18:46+00:00","article_modified_time":"2022-07-26T09:18:48+00:00","og_image":[{"width":1000,"height":625,"url":"https:\/\/radioljubuski.ba\/wp-content\/uploads\/2022\/07\/schmidt.jpg","type":"image\/jpeg"}],"author":"Radio Ljubu\u0161ki","twitter_card":"summary_large_image","twitter_creator":"@radioljubuski","twitter_site":"@radioljubuski","twitter_misc":{"Napisao\/la":"Radio Ljubu\u0161ki","Procijenjeno vrijeme \u010ditanja":"2 minute"},"schema":{"@context":"https:\/\/schema.org","@graph":[{"@type":"Article","@id":"https:\/\/radioljubuski.ba\/index.php\/2022\/07\/26\/hms-pristisci-i-prijetnje-nece-ga-pokolebati-schmidt-u-utorak-objavljuje-odluku-o-izmjenama-izbornog-zakona-i-ustava-bih\/#article","isPartOf":{"@id":"https:\/\/radioljubuski.ba\/index.php\/2022\/07\/26\/hms-pristisci-i-prijetnje-nece-ga-pokolebati-schmidt-u-utorak-objavljuje-odluku-o-izmjenama-izbornog-zakona-i-ustava-bih\/"},"author":{"name":"Radio Ljubu\u0161ki","@id":"https:\/\/radioljubuski.ba\/#\/schema\/person\/19fc700381a780f69665d7956c469e3b"},"headline":"HMS: Pristisci i prijetnje ne\u0107e ga pokolebati, Schmidt u utorak objavljuje odluku o izmjenama Izbornog zakona i Ustava BiH","datePublished":"2022-07-26T09:18:46+00:00","dateModified":"2022-07-26T09:18:48+00:00","mainEntityOfPage":{"@id":"https:\/\/radioljubuski.ba\/index.php\/2022\/07\/26\/hms-pristisci-i-prijetnje-nece-ga-pokolebati-schmidt-u-utorak-objavljuje-odluku-o-izmjenama-izbornog-zakona-i-ustava-bih\/"},"wordCount":330,"publisher":{"@id":"https:\/\/radioljubuski.ba\/#organization"},"image":{"@id":"https:\/\/radioljubuski.ba\/index.php\/2022\/07\/26\/hms-pristisci-i-prijetnje-nece-ga-pokolebati-schmidt-u-utorak-objavljuje-odluku-o-izmjenama-izbornog-zakona-i-ustava-bih\/#primaryimage"},"thumbnailUrl":"https:\/\/radioljubuski.ba\/wp-content\/uploads\/2022\/07\/schmidt.jpg","articleSection":["BIH i regija"],"inLanguage":"hr"},{"@type":"WebPage","@id":"https:\/\/radioljubuski.ba\/index.php\/2022\/07\/26\/hms-pristisci-i-prijetnje-nece-ga-pokolebati-schmidt-u-utorak-objavljuje-odluku-o-izmjenama-izbornog-zakona-i-ustava-bih\/","url":"https:\/\/radioljubuski.ba\/index.php\/2022\/07\/26\/hms-pristisci-i-prijetnje-nece-ga-pokolebati-schmidt-u-utorak-objavljuje-odluku-o-izmjenama-izbornog-zakona-i-ustava-bih\/","name":"HMS: Pristisci i prijetnje ne\u0107e ga pokolebati, Schmidt u utorak objavljuje odluku o izmjenama Izbornog zakona i Ustava BiH - RADIO LJUBU\u0160KI","isPartOf":{"@id":"https:\/\/radioljubuski.ba\/#website"},"primaryImageOfPage":{"@id":"https:\/\/radioljubuski.ba\/index.php\/2022\/07\/26\/hms-pristisci-i-prijetnje-nece-ga-pokolebati-schmidt-u-utorak-objavljuje-odluku-o-izmjenama-izbornog-zakona-i-ustava-bih\/#primaryimage"},"image":{"@id":"https:\/\/radioljubuski.ba\/index.php\/2022\/07\/26\/hms-pristisci-i-prijetnje-nece-ga-pokolebati-schmidt-u-utorak-objavljuje-odluku-o-izmjenama-izbornog-zakona-i-ustava-bih\/#primaryimage"},"thumbnailUrl":"https:\/\/radioljubuski.ba\/wp-content\/uploads\/2022\/07\/schmidt.jpg","datePublished":"2022-07-26T09:18:46+00:00","dateModified":"2022-07-26T09:18:48+00:00","breadcrumb":{"@id":"https:\/\/radioljubuski.ba\/index.php\/2022\/07\/26\/hms-pristisci-i-prijetnje-nece-ga-pokolebati-schmidt-u-utorak-objavljuje-odluku-o-izmjenama-izbornog-zakona-i-ustava-bih\/#breadcrumb"},"inLanguage":"hr","potentialAction":[{"@type":"ReadAction","target":["https:\/\/radioljubuski.ba\/index.php\/2022\/07\/26\/hms-pristisci-i-prijetnje-nece-ga-pokolebati-schmidt-u-utorak-objavljuje-odluku-o-izmjenama-izbornog-zakona-i-ustava-bih\/"]}]},{"@type":"ImageObject","inLanguage":"hr","@id":"https:\/\/radioljubuski.ba\/index.php\/2022\/07\/26\/hms-pristisci-i-prijetnje-nece-ga-pokolebati-schmidt-u-utorak-objavljuje-odluku-o-izmjenama-izbornog-zakona-i-ustava-bih\/#primaryimage","url":"https:\/\/radioljubuski.ba\/wp-content\/uploads\/2022\/07\/schmidt.jpg","contentUrl":"https:\/\/radioljubuski.ba\/wp-content\/uploads\/2022\/07\/schmidt.jpg","width":1000,"height":625},{"@type":"BreadcrumbList","@id":"https:\/\/radioljubuski.ba\/index.php\/2022\/07\/26\/hms-pristisci-i-prijetnje-nece-ga-pokolebati-schmidt-u-utorak-objavljuje-odluku-o-izmjenama-izbornog-zakona-i-ustava-bih\/#breadcrumb","itemListElement":[{"@type":"ListItem","position":1,"name":"Po\u010detna stranica","item":"https:\/\/radioljubuski.ba\/"},{"@type":"ListItem","position":2,"name":"HMS: Pristisci i prijetnje ne\u0107e ga pokolebati, Schmidt u utorak objavljuje odluku o izmjenama Izbornog zakona i Ustava BiH"}]},{"@type":"WebSite","@id":"https:\/\/radioljubuski.ba\/#website","url":"https:\/\/radioljubuski.ba\/","name":"Radio Ljubu\u0161ki","description":"Sun\u010dana frekvencija Hercegovine","publisher":{"@id":"https:\/\/radioljubuski.ba\/#organization"},"potentialAction":[{"@type":"SearchAction","target":{"@type":"EntryPoint","urlTemplate":"https:\/\/radioljubuski.ba\/?s={search_term_string}"},"query-input":{"@type":"PropertyValueSpecification","valueRequired":true,"valueName":"search_term_string"}}],"inLanguage":"hr"},{"@type":"Organization","@id":"https:\/\/radioljubuski.ba\/#organization","name":"Radio Ljubu\u0161ki","url":"https:\/\/radioljubuski.ba\/","logo":{"@type":"ImageObject","inLanguage":"hr","@id":"https:\/\/radioljubuski.ba\/#\/schema\/logo\/image\/","url":"https:\/\/radioljubuski.ba\/wp-content\/uploads\/2021\/02\/cropped-Radio_Ljubuski_logo1.jpg","contentUrl":"https:\/\/radioljubuski.ba\/wp-content\/uploads\/2021\/02\/cropped-Radio_Ljubuski_logo1.jpg","width":512,"height":512,"caption":"Radio Ljubu\u0161ki"},"image":{"@id":"https:\/\/radioljubuski.ba\/#\/schema\/logo\/image\/"},"sameAs":["https:\/\/www.facebook.com\/Radiio-Ljubuski-1490835324566332","https:\/\/x.com\/radioljubuski","https:\/\/hr.linkedin.com\/company\/radio-ljubuski","https:\/\/www.youtube.com\/channel\/UCHYaeO_n0Db3tjNGudGpXyw"]},{"@type":"Person","@id":"https:\/\/radioljubuski.ba\/#\/schema\/person\/19fc700381a780f69665d7956c469e3b","name":"Radio Ljubu\u0161ki"}]}},"_links":{"self":[{"href":"https:\/\/radioljubuski.ba\/index.php\/wp-json\/wp\/v2\/posts\/163439","targetHints":{"allow":["GET"]}}],"collection":[{"href":"https:\/\/radioljubuski.ba\/index.php\/wp-json\/wp\/v2\/posts"}],"about":[{"href":"https:\/\/radioljubuski.ba\/index.php\/wp-json\/wp\/v2\/types\/post"}],"author":[{"embeddable":true,"href":"https:\/\/radioljubuski.ba\/index.php\/wp-json\/wp\/v2\/users\/2"}],"replies":[{"embeddable":true,"href":"https:\/\/radioljubuski.ba\/index.php\/wp-json\/wp\/v2\/comments?post=163439"}],"version-history":[{"count":1,"href":"https:\/\/radioljubuski.ba\/index.php\/wp-json\/wp\/v2\/posts\/163439\/revisions"}],"predecessor-version":[{"id":163440,"href":"https:\/\/radioljubuski.ba\/index.php\/wp-json\/wp\/v2\/posts\/163439\/revisions\/163440"}],"wp:featuredmedia":[{"embeddable":true,"href":"https:\/\/radioljubuski.ba\/index.php\/wp-json\/wp\/v2\/media\/161391"}],"wp:attachment":[{"href":"https:\/\/radioljubuski.ba\/index.php\/wp-json\/wp\/v2\/media?parent=163439"}],"wp:term":[{"taxonomy":"category","embeddable":true,"href":"https:\/\/radioljubuski.ba\/index.php\/wp-json\/wp\/v2\/categories?post=163439"},{"taxonomy":"post_tag","embeddable":true,"href":"https:\/\/radioljubuski.ba\/index.php\/wp-json\/wp\/v2\/tags?post=163439"}],"curies":[{"name":"wp","href":"https:\/\/api.w.org\/{rel}","templated":true}]}}