{"id":163441,"date":"2022-07-26T10:45:38","date_gmt":"2022-07-26T09:45:38","guid":{"rendered":"https:\/\/radioljubuski.ba\/?p=163441"},"modified":"2022-07-28T09:19:33","modified_gmt":"2022-07-28T08:19:33","slug":"ljubuski-zavrsena-najveca-investicija-u-obnovu-i-prezentaciju-starog-grada-vrijedna-gotovo-400-tisuca-eura","status":"publish","type":"post","link":"https:\/\/radioljubuski.ba\/index.php\/2022\/07\/26\/ljubuski-zavrsena-najveca-investicija-u-obnovu-i-prezentaciju-starog-grada-vrijedna-gotovo-400-tisuca-eura\/","title":{"rendered":"Ljubu\u0161ki: Zavr\u0161ena najve\u0107a investicija u obnovu i prezentaciju Starog grada, vrijedna gotovo 400 tisu\u0107a eura"},"content":{"rendered":"\n<p>Ljubu\u0161ki je s obnovom kule usred Starog Grada dobio jednu novu turisti\u010dku atrakciju.<\/p>\n\n\n\n<p>Turisti ve\u0107 sada mogu u\u0107i u unutra\u0161nje dvori\u0161te Starog grada, popeti se na vrh obnovljene brani\u010d kule s koje mogu u\u017eivati u pogledu na grad, re\u010deno je na dana\u0161njem obilasku Starog grada povodom zavr\u0161etka opse\u017enih konzervatorsko-restauratorskih radova koji su provedeni i financirani kroz projekt \u201cHeritageREVIVED\u201c.<\/p>\n\n\n\n<p>\u201eTvr\u0111ava je jedna od simbola na\u0161eg grada koja se nalazi i na na\u0161em grbu. Samo to pokazuje koliko je tvr\u0111ava nama bitna. Generacije su sanjale i pri\u010dale o ovom trenutku, o obnovi kule, a u na\u0161e vrijeme se to ostvaruje\u201c, rekao je danas gradona\u010delnik Vedran Markoti\u0107.<\/p>\n\n\n\n<p>On je dodao kako su kroz projekt \u201cHeritageREVIVED\u201c proveli arheolo\u0161ka istra\u017eivanja i konzervatorsko-restauratorske radove na obnovi sredi\u0161nje Hercegu\u0161e, brani\u010d kule i dijela obrambenih bedema.<\/p>\n\n\n\n<p>Radovi su bili vrijedni gotovo 400 tisu\u0107a eura, te je rije\u010d o najve\u0107oj investiciji u obnovu i prezentaciju Starog grada dosad.<\/p>\n\n\n\n<p>Markoti\u0107 najavljuje kako ovo nije kraj ulaganja u obnovu Starog grada te da \u0107e nastaviti i dalje s apliciranjem na fondove.<\/p>\n\n\n\n<p>\u201eJedan dio ve\u0107i dio je zavr\u0161en, ali mi ne\u0107emo stati. Idemo dalje s nastavkom radova. Ve\u0107 smo osigurali dio sredstava. Idemo u obnovu bedema 8, 9 i 10\u201c, najavio je gradona\u010delnik.<\/p>\n\n\n\n<p>On dodaje kako je turisti\u010dka vrijednost tvr\u0111ave ogromna.<\/p>\n\n\n\n<p>\u201eNa\u0161a kula dosada nije bila sigurna za posjetitelje, me\u0111utim ovom obnovom i ovim ulaganjima to se mijenja\u201c, rekao je Markoti\u0107 i dodao kako su u proteklih nekoliko godina odradili velik posao na ovom lokalitetu.<\/p>\n\n\n\n<p>Ulo\u017eeni su milijuni u asfaltiranje pristupnih puteva i pro\u0161irenje prilaznog puta. Obnovljen je ju\u017eni bedem koji je prijetio da \u0107e se uru\u0161iti i \u201epovu\u0107i sve sa sobom\u201c, a sada je kona\u010dno obnovljena i sredi\u0161nja kula.<\/p>\n\n\n\n<p>\u201eNa\u0161a kula je sada sigurna za posjetitelje i stavljamo je u na\u0161u turisti\u010dku ponudu\u201c, rekao je Markoti\u0107.&nbsp;<\/p>\n\n\n\n<p>\u201eNa\u0161e napore kontinuirano podr\u017eava Zavod za za\u0161titu spomenika s kojim imamo izvrsnu suradnju. Radovi kroz EU projekt HeritageREVIVED dosad su najve\u0107i iskorak u prezentaciji Starog Grada, koji s Gra\u010dinama i Kravicama tvori najva\u017enije lokacije na\u0161e svakodnevice i turisti\u010dke ponude. Znamo kako su ove zidine izgledale pred godinu dana, vidimo kako izgledaju danas. Lokalitet je siguran i pristupa\u010dan za posjetitelje, od djece do stru\u010dne javnosti. Idemo dalje s prezentacijom, osigurali smo 150 tisu\u0107a maraka, od \u010dega ukupno 100 tisu\u0107a sufinanciraju Federalno ministarstvo prostornog ure\u0111enja i Federalno ministarstvo kulture. Duboko sam uvjeren da Stari grad ve\u0107 sada jest, a da \u0107e dobrim upravljanjem biti i jo\u0161 ve\u0107i ponos svima nama\u201c, poru\u010dio je gradona\u010delnik Vedran Markoti\u0107.<\/p>\n\n\n\n<p>Ravnatelj HERAG-a Radoslav Luburi\u0107 je istaknuo kako su nakon godinu dana, sukladno ugovorenom roku, zavr\u0161eni opse\u017eni konzervatorsko-restauratorskih radovi, provedeni i financirani kroz projekt \u201eHeritageREVIVED &#8211; Preservation, valorisation and promotion of cultural heritage on the outskirts of urban areas\u201c koji se provodi kroz INTERREG IPA program prekograni\u010dne suradnje Hrvatska \u2013 Bosna i Hercegovina \u2013 Crna Gora 2014. \u2013 2020.<\/p>\n\n\n\n<p>Investitor je Grad Ljubu\u0161ki, izvo\u0111a\u010d radova sukladno projektu Studia Urbing iz Sarajeva je Gra\u0111evinar Faji\u0107 d.o.o. Mostar, dok je nadzor vr\u0161ila tvrtka Arhi plus d.o.o. Mostar.<\/p>\n\n\n\n<p>\u201eGlavni cilj projekta je diverzificirati i promovirati kulturno-turisti\u010dku ponudu povijesnih gradova Ljubu\u0161koga, Solina i Ulcinja zajedni\u010dkom izgradnjom kapaciteta u upravljanju kulturnim turizmom i turizmom do\u017eivljaja te uspostavom nove i pobolj\u0161anjem postoje\u0107e turisti\u010dke infrastrukture. Specifi\u010dni cilj je oja\u010dati i diverzificirati turisti\u010dku ponudu prekograni\u010dnom suradnjom te omogu\u0107iti bolje upravljanje i odr\u017eivo kori\u0161tenje kulturne i prirodne ba\u0161tine. HERAG i Grad Ljubu\u0161ki imaju dugogodi\u0161nju uspje\u0161nu suradnju, na Starom gradu ovo je ve\u0107 tre\u0107i projekt sufinanciran sredstvima EU koji zajedno provodimo. U budu\u0107nosti \u0107emo nastaviti pripremati, prijavljivati i realizirati ovakve projekte na korist lokalne zajednice\u201c, istaknuo je ovom prilikom Radoslav Luburi\u0107, ravnatelj JU HERAG.<\/p>\n\n\n\n<p>Obilaskom Starog grada Ljubu\u0161kog pod stru\u010dnim vodstvom projektanta Ferhada Mulabegovi\u0107a i arheologa Mirka Ra\u0161i\u0107a obilje\u017een je danas zavr\u0161etak radova na ovom va\u017enom arheolo\u0161kom lokalitetu koji, uz rimski vojni logor na Gra\u010dinama, predstavlja najzna\u010dajniju kulturno-turisti\u010dku znamenitost Ljubu\u0161koga.<\/p>\n\n\n\n<p>Obilasku su, uz gradona\u010delnika Ljubu\u0161koga Vedrana Markoti\u0107a i ravnatelja HERAGa Radoslava Luburi\u0107a, prisustvovali ravnatelj JP Parkovi Ljubu\u0161ki Nikica Vu\u010di\u0107, dopredsjednik vlade i ministar financija \u017dZH Toni Kraljevi\u0107, predsjednik skup\u0161tine \u017dZH Ivan Jel\u010di\u0107, ministar unutarnjih poslova \u017dZH David Grbavac te zastupnik u Hrvatskom saboru Nevenko Barbari\u0107.<\/p>\n\n\n\n<p>Stari grad, ba\u0161 kao i posjetiteljski centar na rimskom vojnom logoru na Gra\u010dinama izgra\u0111en tako\u0111er kroz projekt HeritageREVIVED, bit \u0107e povjeren na upravljanje JU Parkovi LJubu\u0161ki, koja uspje\u0161no upravlja Kravicom<\/p>\n\n\n\n<p>\u0160to se ti\u010de projekta HeritageREVIVED, vode\u0107i partner je JU Razvojna agencija \u017dupanije Zapadnohercegova\u010dke-HERAG, dok su partneri na projektu Grad Ljubu\u0161ki (BIH), Grad Solin (HR), \u017dupanijska uprava za ceste Split (HR), Op\u0107ina Ulcinj (MNG). Projekt, koji traje od 15.10.2020. do 14.10.2022. godine, vrijedan je 1.965.441,19 EUR, od \u010dega se 1.670.625,00 EUR financira ERDF i IPA II fondovima Europske unije.<\/p>\n\n\n\n<iframe loading=\"lazy\" width=\"560\" height=\"315\" src=\"https:\/\/www.youtube.com\/embed\/Vzn4uHIm3b0\" title=\"YouTube video player\" frameborder=\"0\" allow=\"accelerometer; autoplay; clipboard-write; encrypted-media; gyroscope; picture-in-picture\" allowfullscreen=\"\"><\/iframe>\n\n\n\n<iframe loading=\"lazy\" src=\"https:\/\/www.facebook.com\/plugins\/post.php?href=https%3A%2F%2Fwww.facebook.com%2Fpermalink.php%3Fstory_fbid%3Dpfbid0uo27GWJej7GjJDMYKUZ1uBR63CuDGL6p3oGUTweuzbe6HL9XvLKZ6HjK7Go3GAuPl%26id%3D168112865100&amp;show_text=true&amp;width=500\" width=\"500\" height=\"742\" style=\"border:none;overflow:hidden\" scrolling=\"no\" frameborder=\"0\" allowfullscreen=\"true\" allow=\"autoplay; clipboard-write; encrypted-media; picture-in-picture; web-share\"><\/iframe>\n\n\n\n<p><strong>Ivan Herceg \/ Gordana Ili\u0107 \/ Radio Ljubu\u0161ki  <\/strong><\/p>\n","protected":false},"excerpt":{"rendered":"<p>Ljubu\u0161ki je s obnovom kule usred Starog Grada dobio jednu novu turisti\u010dku atrakciju. Turisti ve\u0107 sada mogu u\u0107i u unutra\u0161nje dvori\u0161te Starog grada, popeti se na vrh obnovljene brani\u010d kule s koje mogu u\u017eivati u pogledu na grad, re\u010deno je na dana\u0161njem obilasku Starog grada povodom zavr\u0161etka opse\u017enih konzervatorsko-restauratorskih radova koji su provedeni i financirani [&hellip;]<\/p>\n","protected":false},"author":2,"featured_media":163482,"comment_status":"closed","ping_status":"closed","sticky":false,"template":"","format":"standard","meta":{"h5ap_radio_sources":[],"footnotes":""},"categories":[3],"tags":[],"class_list":["post-163441","post","type-post","status-publish","format-standard","has-post-thumbnail","hentry","category-ljubuski"],"yoast_head":"<!-- This site is optimized with the Yoast SEO plugin v27.5 - https:\/\/yoast.com\/product\/yoast-seo-wordpress\/ -->\n<title>Ljubu\u0161ki: Zavr\u0161ena najve\u0107a investicija u obnovu i prezentaciju Starog grada, vrijedna gotovo 400 tisu\u0107a eura - RADIO LJUBU\u0160KI<\/title>\n<meta name=\"robots\" content=\"index, follow, max-snippet:-1, max-image-preview:large, max-video-preview:-1\" \/>\n<link rel=\"canonical\" href=\"https:\/\/radioljubuski.ba\/index.php\/2022\/07\/26\/ljubuski-zavrsena-najveca-investicija-u-obnovu-i-prezentaciju-starog-grada-vrijedna-gotovo-400-tisuca-eura\/\" \/>\n<meta property=\"og:locale\" content=\"hr_HR\" \/>\n<meta property=\"og:type\" content=\"article\" \/>\n<meta property=\"og:title\" content=\"Ljubu\u0161ki: Zavr\u0161ena najve\u0107a investicija u obnovu i prezentaciju Starog grada, vrijedna gotovo 400 tisu\u0107a eura - RADIO LJUBU\u0160KI\" \/>\n<meta property=\"og:description\" content=\"Ljubu\u0161ki je s obnovom kule usred Starog Grada dobio jednu novu turisti\u010dku atrakciju. Turisti ve\u0107 sada mogu u\u0107i u unutra\u0161nje dvori\u0161te Starog grada, popeti se na vrh obnovljene brani\u010d kule s koje mogu u\u017eivati u pogledu na grad, re\u010deno je na dana\u0161njem obilasku Starog grada povodom zavr\u0161etka opse\u017enih konzervatorsko-restauratorskih radova koji su provedeni i financirani [&hellip;]\" \/>\n<meta property=\"og:url\" content=\"https:\/\/radioljubuski.ba\/index.php\/2022\/07\/26\/ljubuski-zavrsena-najveca-investicija-u-obnovu-i-prezentaciju-starog-grada-vrijedna-gotovo-400-tisuca-eura\/\" \/>\n<meta property=\"og:site_name\" content=\"RADIO LJUBU\u0160KI\" \/>\n<meta property=\"article:publisher\" content=\"https:\/\/www.facebook.com\/Radiio-Ljubuski-1490835324566332\" \/>\n<meta property=\"article:published_time\" content=\"2022-07-26T09:45:38+00:00\" \/>\n<meta property=\"article:modified_time\" content=\"2022-07-28T08:19:33+00:00\" \/>\n<meta property=\"og:image\" content=\"https:\/\/radioljubuski.ba\/wp-content\/uploads\/2022\/07\/radovi-kula1.jpg\" \/>\n\t<meta property=\"og:image:width\" content=\"2048\" \/>\n\t<meta property=\"og:image:height\" content=\"1367\" \/>\n\t<meta property=\"og:image:type\" content=\"image\/jpeg\" \/>\n<meta name=\"author\" content=\"Radio Ljubu\u0161ki\" \/>\n<meta name=\"twitter:card\" content=\"summary_large_image\" \/>\n<meta name=\"twitter:creator\" content=\"@radioljubuski\" \/>\n<meta name=\"twitter:site\" content=\"@radioljubuski\" \/>\n<meta name=\"twitter:label1\" content=\"Napisao\/la\" \/>\n\t<meta name=\"twitter:data1\" content=\"Radio Ljubu\u0161ki\" \/>\n\t<meta name=\"twitter:label2\" content=\"Procijenjeno vrijeme \u010ditanja\" \/>\n\t<meta name=\"twitter:data2\" content=\"4 minute\" \/>\n<script type=\"application\/ld+json\" class=\"yoast-schema-graph\">{\"@context\":\"https:\\\/\\\/schema.org\",\"@graph\":[{\"@type\":\"Article\",\"@id\":\"https:\\\/\\\/radioljubuski.ba\\\/index.php\\\/2022\\\/07\\\/26\\\/ljubuski-zavrsena-najveca-investicija-u-obnovu-i-prezentaciju-starog-grada-vrijedna-gotovo-400-tisuca-eura\\\/#article\",\"isPartOf\":{\"@id\":\"https:\\\/\\\/radioljubuski.ba\\\/index.php\\\/2022\\\/07\\\/26\\\/ljubuski-zavrsena-najveca-investicija-u-obnovu-i-prezentaciju-starog-grada-vrijedna-gotovo-400-tisuca-eura\\\/\"},\"author\":{\"name\":\"Radio Ljubu\u0161ki\",\"@id\":\"https:\\\/\\\/radioljubuski.ba\\\/#\\\/schema\\\/person\\\/19fc700381a780f69665d7956c469e3b\"},\"headline\":\"Ljubu\u0161ki: Zavr\u0161ena najve\u0107a investicija u obnovu i prezentaciju Starog grada, vrijedna gotovo 400 tisu\u0107a eura\",\"datePublished\":\"2022-07-26T09:45:38+00:00\",\"dateModified\":\"2022-07-28T08:19:33+00:00\",\"mainEntityOfPage\":{\"@id\":\"https:\\\/\\\/radioljubuski.ba\\\/index.php\\\/2022\\\/07\\\/26\\\/ljubuski-zavrsena-najveca-investicija-u-obnovu-i-prezentaciju-starog-grada-vrijedna-gotovo-400-tisuca-eura\\\/\"},\"wordCount\":890,\"publisher\":{\"@id\":\"https:\\\/\\\/radioljubuski.ba\\\/#organization\"},\"image\":{\"@id\":\"https:\\\/\\\/radioljubuski.ba\\\/index.php\\\/2022\\\/07\\\/26\\\/ljubuski-zavrsena-najveca-investicija-u-obnovu-i-prezentaciju-starog-grada-vrijedna-gotovo-400-tisuca-eura\\\/#primaryimage\"},\"thumbnailUrl\":\"https:\\\/\\\/radioljubuski.ba\\\/wp-content\\\/uploads\\\/2022\\\/07\\\/radovi-kula1.jpg\",\"articleSection\":[\"Ljubu\u0161ki\"],\"inLanguage\":\"hr\"},{\"@type\":\"WebPage\",\"@id\":\"https:\\\/\\\/radioljubuski.ba\\\/index.php\\\/2022\\\/07\\\/26\\\/ljubuski-zavrsena-najveca-investicija-u-obnovu-i-prezentaciju-starog-grada-vrijedna-gotovo-400-tisuca-eura\\\/\",\"url\":\"https:\\\/\\\/radioljubuski.ba\\\/index.php\\\/2022\\\/07\\\/26\\\/ljubuski-zavrsena-najveca-investicija-u-obnovu-i-prezentaciju-starog-grada-vrijedna-gotovo-400-tisuca-eura\\\/\",\"name\":\"Ljubu\u0161ki: Zavr\u0161ena najve\u0107a investicija u obnovu i prezentaciju Starog grada, vrijedna gotovo 400 tisu\u0107a eura - RADIO LJUBU\u0160KI\",\"isPartOf\":{\"@id\":\"https:\\\/\\\/radioljubuski.ba\\\/#website\"},\"primaryImageOfPage\":{\"@id\":\"https:\\\/\\\/radioljubuski.ba\\\/index.php\\\/2022\\\/07\\\/26\\\/ljubuski-zavrsena-najveca-investicija-u-obnovu-i-prezentaciju-starog-grada-vrijedna-gotovo-400-tisuca-eura\\\/#primaryimage\"},\"image\":{\"@id\":\"https:\\\/\\\/radioljubuski.ba\\\/index.php\\\/2022\\\/07\\\/26\\\/ljubuski-zavrsena-najveca-investicija-u-obnovu-i-prezentaciju-starog-grada-vrijedna-gotovo-400-tisuca-eura\\\/#primaryimage\"},\"thumbnailUrl\":\"https:\\\/\\\/radioljubuski.ba\\\/wp-content\\\/uploads\\\/2022\\\/07\\\/radovi-kula1.jpg\",\"datePublished\":\"2022-07-26T09:45:38+00:00\",\"dateModified\":\"2022-07-28T08:19:33+00:00\",\"breadcrumb\":{\"@id\":\"https:\\\/\\\/radioljubuski.ba\\\/index.php\\\/2022\\\/07\\\/26\\\/ljubuski-zavrsena-najveca-investicija-u-obnovu-i-prezentaciju-starog-grada-vrijedna-gotovo-400-tisuca-eura\\\/#breadcrumb\"},\"inLanguage\":\"hr\",\"potentialAction\":[{\"@type\":\"ReadAction\",\"target\":[\"https:\\\/\\\/radioljubuski.ba\\\/index.php\\\/2022\\\/07\\\/26\\\/ljubuski-zavrsena-najveca-investicija-u-obnovu-i-prezentaciju-starog-grada-vrijedna-gotovo-400-tisuca-eura\\\/\"]}]},{\"@type\":\"ImageObject\",\"inLanguage\":\"hr\",\"@id\":\"https:\\\/\\\/radioljubuski.ba\\\/index.php\\\/2022\\\/07\\\/26\\\/ljubuski-zavrsena-najveca-investicija-u-obnovu-i-prezentaciju-starog-grada-vrijedna-gotovo-400-tisuca-eura\\\/#primaryimage\",\"url\":\"https:\\\/\\\/radioljubuski.ba\\\/wp-content\\\/uploads\\\/2022\\\/07\\\/radovi-kula1.jpg\",\"contentUrl\":\"https:\\\/\\\/radioljubuski.ba\\\/wp-content\\\/uploads\\\/2022\\\/07\\\/radovi-kula1.jpg\",\"width\":2048,\"height\":1367},{\"@type\":\"BreadcrumbList\",\"@id\":\"https:\\\/\\\/radioljubuski.ba\\\/index.php\\\/2022\\\/07\\\/26\\\/ljubuski-zavrsena-najveca-investicija-u-obnovu-i-prezentaciju-starog-grada-vrijedna-gotovo-400-tisuca-eura\\\/#breadcrumb\",\"itemListElement\":[{\"@type\":\"ListItem\",\"position\":1,\"name\":\"Po\u010detna stranica\",\"item\":\"https:\\\/\\\/radioljubuski.ba\\\/\"},{\"@type\":\"ListItem\",\"position\":2,\"name\":\"Ljubu\u0161ki: Zavr\u0161ena najve\u0107a investicija u obnovu i prezentaciju Starog grada, vrijedna gotovo 400 tisu\u0107a eura\"}]},{\"@type\":\"WebSite\",\"@id\":\"https:\\\/\\\/radioljubuski.ba\\\/#website\",\"url\":\"https:\\\/\\\/radioljubuski.ba\\\/\",\"name\":\"Radio Ljubu\u0161ki\",\"description\":\"Sun\u010dana frekvencija Hercegovine\",\"publisher\":{\"@id\":\"https:\\\/\\\/radioljubuski.ba\\\/#organization\"},\"potentialAction\":[{\"@type\":\"SearchAction\",\"target\":{\"@type\":\"EntryPoint\",\"urlTemplate\":\"https:\\\/\\\/radioljubuski.ba\\\/?s={search_term_string}\"},\"query-input\":{\"@type\":\"PropertyValueSpecification\",\"valueRequired\":true,\"valueName\":\"search_term_string\"}}],\"inLanguage\":\"hr\"},{\"@type\":\"Organization\",\"@id\":\"https:\\\/\\\/radioljubuski.ba\\\/#organization\",\"name\":\"Radio Ljubu\u0161ki\",\"url\":\"https:\\\/\\\/radioljubuski.ba\\\/\",\"logo\":{\"@type\":\"ImageObject\",\"inLanguage\":\"hr\",\"@id\":\"https:\\\/\\\/radioljubuski.ba\\\/#\\\/schema\\\/logo\\\/image\\\/\",\"url\":\"https:\\\/\\\/radioljubuski.ba\\\/wp-content\\\/uploads\\\/2021\\\/02\\\/cropped-Radio_Ljubuski_logo1.jpg\",\"contentUrl\":\"https:\\\/\\\/radioljubuski.ba\\\/wp-content\\\/uploads\\\/2021\\\/02\\\/cropped-Radio_Ljubuski_logo1.jpg\",\"width\":512,\"height\":512,\"caption\":\"Radio Ljubu\u0161ki\"},\"image\":{\"@id\":\"https:\\\/\\\/radioljubuski.ba\\\/#\\\/schema\\\/logo\\\/image\\\/\"},\"sameAs\":[\"https:\\\/\\\/www.facebook.com\\\/Radiio-Ljubuski-1490835324566332\",\"https:\\\/\\\/x.com\\\/radioljubuski\",\"https:\\\/\\\/hr.linkedin.com\\\/company\\\/radio-ljubuski\",\"https:\\\/\\\/www.youtube.com\\\/channel\\\/UCHYaeO_n0Db3tjNGudGpXyw\"]},{\"@type\":\"Person\",\"@id\":\"https:\\\/\\\/radioljubuski.ba\\\/#\\\/schema\\\/person\\\/19fc700381a780f69665d7956c469e3b\",\"name\":\"Radio Ljubu\u0161ki\"}]}<\/script>\n<!-- \/ Yoast SEO plugin. -->","yoast_head_json":{"title":"Ljubu\u0161ki: Zavr\u0161ena najve\u0107a investicija u obnovu i prezentaciju Starog grada, vrijedna gotovo 400 tisu\u0107a eura - RADIO LJUBU\u0160KI","robots":{"index":"index","follow":"follow","max-snippet":"max-snippet:-1","max-image-preview":"max-image-preview:large","max-video-preview":"max-video-preview:-1"},"canonical":"https:\/\/radioljubuski.ba\/index.php\/2022\/07\/26\/ljubuski-zavrsena-najveca-investicija-u-obnovu-i-prezentaciju-starog-grada-vrijedna-gotovo-400-tisuca-eura\/","og_locale":"hr_HR","og_type":"article","og_title":"Ljubu\u0161ki: Zavr\u0161ena najve\u0107a investicija u obnovu i prezentaciju Starog grada, vrijedna gotovo 400 tisu\u0107a eura - RADIO LJUBU\u0160KI","og_description":"Ljubu\u0161ki je s obnovom kule usred Starog Grada dobio jednu novu turisti\u010dku atrakciju. Turisti ve\u0107 sada mogu u\u0107i u unutra\u0161nje dvori\u0161te Starog grada, popeti se na vrh obnovljene brani\u010d kule s koje mogu u\u017eivati u pogledu na grad, re\u010deno je na dana\u0161njem obilasku Starog grada povodom zavr\u0161etka opse\u017enih konzervatorsko-restauratorskih radova koji su provedeni i financirani [&hellip;]","og_url":"https:\/\/radioljubuski.ba\/index.php\/2022\/07\/26\/ljubuski-zavrsena-najveca-investicija-u-obnovu-i-prezentaciju-starog-grada-vrijedna-gotovo-400-tisuca-eura\/","og_site_name":"RADIO LJUBU\u0160KI","article_publisher":"https:\/\/www.facebook.com\/Radiio-Ljubuski-1490835324566332","article_published_time":"2022-07-26T09:45:38+00:00","article_modified_time":"2022-07-28T08:19:33+00:00","og_image":[{"width":2048,"height":1367,"url":"https:\/\/radioljubuski.ba\/wp-content\/uploads\/2022\/07\/radovi-kula1.jpg","type":"image\/jpeg"}],"author":"Radio Ljubu\u0161ki","twitter_card":"summary_large_image","twitter_creator":"@radioljubuski","twitter_site":"@radioljubuski","twitter_misc":{"Napisao\/la":"Radio Ljubu\u0161ki","Procijenjeno vrijeme \u010ditanja":"4 minute"},"schema":{"@context":"https:\/\/schema.org","@graph":[{"@type":"Article","@id":"https:\/\/radioljubuski.ba\/index.php\/2022\/07\/26\/ljubuski-zavrsena-najveca-investicija-u-obnovu-i-prezentaciju-starog-grada-vrijedna-gotovo-400-tisuca-eura\/#article","isPartOf":{"@id":"https:\/\/radioljubuski.ba\/index.php\/2022\/07\/26\/ljubuski-zavrsena-najveca-investicija-u-obnovu-i-prezentaciju-starog-grada-vrijedna-gotovo-400-tisuca-eura\/"},"author":{"name":"Radio Ljubu\u0161ki","@id":"https:\/\/radioljubuski.ba\/#\/schema\/person\/19fc700381a780f69665d7956c469e3b"},"headline":"Ljubu\u0161ki: Zavr\u0161ena najve\u0107a investicija u obnovu i prezentaciju Starog grada, vrijedna gotovo 400 tisu\u0107a eura","datePublished":"2022-07-26T09:45:38+00:00","dateModified":"2022-07-28T08:19:33+00:00","mainEntityOfPage":{"@id":"https:\/\/radioljubuski.ba\/index.php\/2022\/07\/26\/ljubuski-zavrsena-najveca-investicija-u-obnovu-i-prezentaciju-starog-grada-vrijedna-gotovo-400-tisuca-eura\/"},"wordCount":890,"publisher":{"@id":"https:\/\/radioljubuski.ba\/#organization"},"image":{"@id":"https:\/\/radioljubuski.ba\/index.php\/2022\/07\/26\/ljubuski-zavrsena-najveca-investicija-u-obnovu-i-prezentaciju-starog-grada-vrijedna-gotovo-400-tisuca-eura\/#primaryimage"},"thumbnailUrl":"https:\/\/radioljubuski.ba\/wp-content\/uploads\/2022\/07\/radovi-kula1.jpg","articleSection":["Ljubu\u0161ki"],"inLanguage":"hr"},{"@type":"WebPage","@id":"https:\/\/radioljubuski.ba\/index.php\/2022\/07\/26\/ljubuski-zavrsena-najveca-investicija-u-obnovu-i-prezentaciju-starog-grada-vrijedna-gotovo-400-tisuca-eura\/","url":"https:\/\/radioljubuski.ba\/index.php\/2022\/07\/26\/ljubuski-zavrsena-najveca-investicija-u-obnovu-i-prezentaciju-starog-grada-vrijedna-gotovo-400-tisuca-eura\/","name":"Ljubu\u0161ki: Zavr\u0161ena najve\u0107a investicija u obnovu i prezentaciju Starog grada, vrijedna gotovo 400 tisu\u0107a eura - RADIO LJUBU\u0160KI","isPartOf":{"@id":"https:\/\/radioljubuski.ba\/#website"},"primaryImageOfPage":{"@id":"https:\/\/radioljubuski.ba\/index.php\/2022\/07\/26\/ljubuski-zavrsena-najveca-investicija-u-obnovu-i-prezentaciju-starog-grada-vrijedna-gotovo-400-tisuca-eura\/#primaryimage"},"image":{"@id":"https:\/\/radioljubuski.ba\/index.php\/2022\/07\/26\/ljubuski-zavrsena-najveca-investicija-u-obnovu-i-prezentaciju-starog-grada-vrijedna-gotovo-400-tisuca-eura\/#primaryimage"},"thumbnailUrl":"https:\/\/radioljubuski.ba\/wp-content\/uploads\/2022\/07\/radovi-kula1.jpg","datePublished":"2022-07-26T09:45:38+00:00","dateModified":"2022-07-28T08:19:33+00:00","breadcrumb":{"@id":"https:\/\/radioljubuski.ba\/index.php\/2022\/07\/26\/ljubuski-zavrsena-najveca-investicija-u-obnovu-i-prezentaciju-starog-grada-vrijedna-gotovo-400-tisuca-eura\/#breadcrumb"},"inLanguage":"hr","potentialAction":[{"@type":"ReadAction","target":["https:\/\/radioljubuski.ba\/index.php\/2022\/07\/26\/ljubuski-zavrsena-najveca-investicija-u-obnovu-i-prezentaciju-starog-grada-vrijedna-gotovo-400-tisuca-eura\/"]}]},{"@type":"ImageObject","inLanguage":"hr","@id":"https:\/\/radioljubuski.ba\/index.php\/2022\/07\/26\/ljubuski-zavrsena-najveca-investicija-u-obnovu-i-prezentaciju-starog-grada-vrijedna-gotovo-400-tisuca-eura\/#primaryimage","url":"https:\/\/radioljubuski.ba\/wp-content\/uploads\/2022\/07\/radovi-kula1.jpg","contentUrl":"https:\/\/radioljubuski.ba\/wp-content\/uploads\/2022\/07\/radovi-kula1.jpg","width":2048,"height":1367},{"@type":"BreadcrumbList","@id":"https:\/\/radioljubuski.ba\/index.php\/2022\/07\/26\/ljubuski-zavrsena-najveca-investicija-u-obnovu-i-prezentaciju-starog-grada-vrijedna-gotovo-400-tisuca-eura\/#breadcrumb","itemListElement":[{"@type":"ListItem","position":1,"name":"Po\u010detna stranica","item":"https:\/\/radioljubuski.ba\/"},{"@type":"ListItem","position":2,"name":"Ljubu\u0161ki: Zavr\u0161ena najve\u0107a investicija u obnovu i prezentaciju Starog grada, vrijedna gotovo 400 tisu\u0107a eura"}]},{"@type":"WebSite","@id":"https:\/\/radioljubuski.ba\/#website","url":"https:\/\/radioljubuski.ba\/","name":"Radio Ljubu\u0161ki","description":"Sun\u010dana frekvencija Hercegovine","publisher":{"@id":"https:\/\/radioljubuski.ba\/#organization"},"potentialAction":[{"@type":"SearchAction","target":{"@type":"EntryPoint","urlTemplate":"https:\/\/radioljubuski.ba\/?s={search_term_string}"},"query-input":{"@type":"PropertyValueSpecification","valueRequired":true,"valueName":"search_term_string"}}],"inLanguage":"hr"},{"@type":"Organization","@id":"https:\/\/radioljubuski.ba\/#organization","name":"Radio Ljubu\u0161ki","url":"https:\/\/radioljubuski.ba\/","logo":{"@type":"ImageObject","inLanguage":"hr","@id":"https:\/\/radioljubuski.ba\/#\/schema\/logo\/image\/","url":"https:\/\/radioljubuski.ba\/wp-content\/uploads\/2021\/02\/cropped-Radio_Ljubuski_logo1.jpg","contentUrl":"https:\/\/radioljubuski.ba\/wp-content\/uploads\/2021\/02\/cropped-Radio_Ljubuski_logo1.jpg","width":512,"height":512,"caption":"Radio Ljubu\u0161ki"},"image":{"@id":"https:\/\/radioljubuski.ba\/#\/schema\/logo\/image\/"},"sameAs":["https:\/\/www.facebook.com\/Radiio-Ljubuski-1490835324566332","https:\/\/x.com\/radioljubuski","https:\/\/hr.linkedin.com\/company\/radio-ljubuski","https:\/\/www.youtube.com\/channel\/UCHYaeO_n0Db3tjNGudGpXyw"]},{"@type":"Person","@id":"https:\/\/radioljubuski.ba\/#\/schema\/person\/19fc700381a780f69665d7956c469e3b","name":"Radio Ljubu\u0161ki"}]}},"_links":{"self":[{"href":"https:\/\/radioljubuski.ba\/index.php\/wp-json\/wp\/v2\/posts\/163441","targetHints":{"allow":["GET"]}}],"collection":[{"href":"https:\/\/radioljubuski.ba\/index.php\/wp-json\/wp\/v2\/posts"}],"about":[{"href":"https:\/\/radioljubuski.ba\/index.php\/wp-json\/wp\/v2\/types\/post"}],"author":[{"embeddable":true,"href":"https:\/\/radioljubuski.ba\/index.php\/wp-json\/wp\/v2\/users\/2"}],"replies":[{"embeddable":true,"href":"https:\/\/radioljubuski.ba\/index.php\/wp-json\/wp\/v2\/comments?post=163441"}],"version-history":[{"count":4,"href":"https:\/\/radioljubuski.ba\/index.php\/wp-json\/wp\/v2\/posts\/163441\/revisions"}],"predecessor-version":[{"id":163620,"href":"https:\/\/radioljubuski.ba\/index.php\/wp-json\/wp\/v2\/posts\/163441\/revisions\/163620"}],"wp:featuredmedia":[{"embeddable":true,"href":"https:\/\/radioljubuski.ba\/index.php\/wp-json\/wp\/v2\/media\/163482"}],"wp:attachment":[{"href":"https:\/\/radioljubuski.ba\/index.php\/wp-json\/wp\/v2\/media?parent=163441"}],"wp:term":[{"taxonomy":"category","embeddable":true,"href":"https:\/\/radioljubuski.ba\/index.php\/wp-json\/wp\/v2\/categories?post=163441"},{"taxonomy":"post_tag","embeddable":true,"href":"https:\/\/radioljubuski.ba\/index.php\/wp-json\/wp\/v2\/tags?post=163441"}],"curies":[{"name":"wp","href":"https:\/\/api.w.org\/{rel}","templated":true}]}}