{"id":163442,"date":"2022-07-26T10:21:03","date_gmt":"2022-07-26T09:21:03","guid":{"rendered":"https:\/\/radioljubuski.ba\/?p=163442"},"modified":"2022-07-26T10:21:04","modified_gmt":"2022-07-26T09:21:04","slug":"kojovic-dzaferovic-zlorabio-prosvjede-radoncic-on-je-sef-drzave","status":"publish","type":"post","link":"https:\/\/radioljubuski.ba\/index.php\/2022\/07\/26\/kojovic-dzaferovic-zlorabio-prosvjede-radoncic-on-je-sef-drzave\/","title":{"rendered":"Kojovi\u0107: D\u017eaferovi\u0107 zlorabio prosvjede; Radon\u010di\u0107: On je \u0161ef dr\u017eave"},"content":{"rendered":"\n<p><strong>Mnogi predstavnici bo\u0161nja\u010dke napustili su prosvjede ispred OHR-a nakon \u0161to se, uz jasno negodovanje skupine, obratio predsjedatelj i bo\u0161nja\u010dki \u010dlan Predsjedni\u0161tva Bosne i Hercegovine \u0160efik D\u017eaferovi\u0107.<\/strong><\/p>\n\n\n\n<figure class=\"wp-block-image\"><img decoding=\"async\" src=\"https:\/\/hms.ba\/wp-content\/uploads\/2022\/07\/prosvjed-sa-transparent.jpg\" alt=\"\" class=\"wp-image-467853\"\/><\/figure>\n\n\n\n<p>Pe\u0111a Kojovi\u0107 iz Na\u0161e stranke kazao je reporteru N1 da napu\u0161ta skup nakon \u0161to je, po njemu, D\u017eaferovi\u0107 zlorabio prosvjede. S njim je oti\u0161ao i Denis Be\u0107irovi\u0107, kandidat za bo\u0161nja\u010dkog \u010dlana dr\u017eavnog predsjedni\u0161tva.<\/p>\n\n\n\n<p>Za razliku od Kojovi\u0107a, lider SBB-a Fahrudin Radon\u010di\u0107 ocijenio je kako je D\u017eaferovi\u0107 kao predsjedavaju\u0107i imao pravo obratiti se.<\/p>\n\n\n\n<blockquote class=\"twitter-tweet\"><p lang=\"und\" dir=\"ltr\">Trenutak kada se D\u017eaferovi\u0107 \u017eeli obratiti gra\u0111anima. Zahiragi\u0107 se raspravlja. Nihad Ali\u010dkovi\u0107 (Pokret AntyDayrton) raspore\u0111uje. <a href=\"https:\/\/t.co\/WuwJ6nd9AY\">pic.twitter.com\/WuwJ6nd9AY<\/a><\/p>&mdash; TV N1 Sarajevo (@N1infoSA) <a href=\"https:\/\/twitter.com\/N1infoSA\/status\/1551619971603734528?ref_src=twsrc%5Etfw\">July 25, 2022<\/a><\/blockquote> <script async src=\"https:\/\/platform.twitter.com\/widgets.js\" charset=\"utf-8\"><\/script> \n\n\n\n<p>\u201cSaslu\u0161ao sam sve, \u010duo sam uva\u017eenog predsjedatelja D\u017eaferovi\u0107a i mislim da je s tim skup zavr\u0161en. Poslana je poruka iz Sarajeva visokom predstavniku da jedan problem ne rje\u0161ava tako \u0161to napravi jo\u0161 ve\u0107e. Nadam se da \u0107e odustati od ideja koje nisu dobre za BiH\u201d, rekao je lider SBB-a.<\/p>\n\n\n\n<p>\u201cMoj komentar je da je D\u017eaferovi\u0107 \u0161ef dr\u017eave i da mi imamo gra\u0111ansku du\u017enost da ga saslu\u0161amo. Dobro je da je i on govorio\u201d, zaklju\u010dio je Radon\u010di\u0107.<\/p>\n\n\n\n<p>Podsje\u0107amo, dio gra\u0111ana poku\u0161ao je sprije\u010diti obra\u0107anje&nbsp; \u0160efika D\u017eaferovi\u0107a tijekom prosvjeda ispred OHR-a.<\/p>\n\n\n\n<p>Ipak, D\u017eaferovi\u0107 je uspio poslati poruku visokom predstavniku Christianu Schmidta iako su se sve vrijeme \u010duli zvi\u017educi odre\u0111ene grupe prosvjednika koji su bili protiv govora politi\u010dara.<\/p>\n\n\n\n<p>\/HMS\/<\/p>\n","protected":false},"excerpt":{"rendered":"<p>Mnogi predstavnici bo\u0161nja\u010dke napustili su prosvjede ispred OHR-a nakon \u0161to se, uz jasno negodovanje skupine, obratio predsjedatelj i bo\u0161nja\u010dki \u010dlan Predsjedni\u0161tva Bosne i Hercegovine \u0160efik D\u017eaferovi\u0107. Pe\u0111a Kojovi\u0107 iz Na\u0161e stranke kazao je reporteru N1 da napu\u0161ta skup nakon \u0161to je, po njemu, D\u017eaferovi\u0107 zlorabio prosvjede. S njim je oti\u0161ao i Denis Be\u0107irovi\u0107, kandidat za [&hellip;]<\/p>\n","protected":false},"author":2,"featured_media":163443,"comment_status":"closed","ping_status":"closed","sticky":false,"template":"","format":"standard","meta":{"h5ap_radio_sources":[],"footnotes":""},"categories":[1],"tags":[],"class_list":["post-163442","post","type-post","status-publish","format-standard","has-post-thumbnail","hentry","category-bihiregija"],"yoast_head":"<!-- This site is optimized with the Yoast SEO plugin v27.5 - https:\/\/yoast.com\/product\/yoast-seo-wordpress\/ -->\n<title>Kojovi\u0107: D\u017eaferovi\u0107 zlorabio prosvjede; Radon\u010di\u0107: On je \u0161ef dr\u017eave - RADIO LJUBU\u0160KI<\/title>\n<meta name=\"robots\" content=\"index, follow, max-snippet:-1, max-image-preview:large, max-video-preview:-1\" \/>\n<link rel=\"canonical\" href=\"https:\/\/radioljubuski.ba\/index.php\/2022\/07\/26\/kojovic-dzaferovic-zlorabio-prosvjede-radoncic-on-je-sef-drzave\/\" \/>\n<meta property=\"og:locale\" content=\"hr_HR\" \/>\n<meta property=\"og:type\" content=\"article\" \/>\n<meta property=\"og:title\" content=\"Kojovi\u0107: D\u017eaferovi\u0107 zlorabio prosvjede; Radon\u010di\u0107: On je \u0161ef dr\u017eave - RADIO LJUBU\u0160KI\" \/>\n<meta property=\"og:description\" content=\"Mnogi predstavnici bo\u0161nja\u010dke napustili su prosvjede ispred OHR-a nakon \u0161to se, uz jasno negodovanje skupine, obratio predsjedatelj i bo\u0161nja\u010dki \u010dlan Predsjedni\u0161tva Bosne i Hercegovine \u0160efik D\u017eaferovi\u0107. Pe\u0111a Kojovi\u0107 iz Na\u0161e stranke kazao je reporteru N1 da napu\u0161ta skup nakon \u0161to je, po njemu, D\u017eaferovi\u0107 zlorabio prosvjede. S njim je oti\u0161ao i Denis Be\u0107irovi\u0107, kandidat za [&hellip;]\" \/>\n<meta property=\"og:url\" content=\"https:\/\/radioljubuski.ba\/index.php\/2022\/07\/26\/kojovic-dzaferovic-zlorabio-prosvjede-radoncic-on-je-sef-drzave\/\" \/>\n<meta property=\"og:site_name\" content=\"RADIO LJUBU\u0160KI\" \/>\n<meta property=\"article:publisher\" content=\"https:\/\/www.facebook.com\/Radiio-Ljubuski-1490835324566332\" \/>\n<meta property=\"article:published_time\" content=\"2022-07-26T09:21:03+00:00\" \/>\n<meta property=\"article:modified_time\" content=\"2022-07-26T09:21:04+00:00\" \/>\n<meta property=\"og:image\" content=\"https:\/\/radioljubuski.ba\/wp-content\/uploads\/2022\/07\/o_115997_1024.png\" \/>\n\t<meta property=\"og:image:width\" content=\"1024\" \/>\n\t<meta property=\"og:image:height\" content=\"462\" \/>\n\t<meta property=\"og:image:type\" content=\"image\/png\" \/>\n<meta name=\"author\" content=\"Radio Ljubu\u0161ki\" \/>\n<meta name=\"twitter:card\" content=\"summary_large_image\" \/>\n<meta name=\"twitter:creator\" content=\"@radioljubuski\" \/>\n<meta name=\"twitter:site\" content=\"@radioljubuski\" \/>\n<meta name=\"twitter:label1\" content=\"Napisao\/la\" \/>\n\t<meta name=\"twitter:data1\" content=\"Radio Ljubu\u0161ki\" \/>\n\t<meta name=\"twitter:label2\" content=\"Procijenjeno vrijeme \u010ditanja\" \/>\n\t<meta name=\"twitter:data2\" content=\"2 minute\" \/>\n<script type=\"application\/ld+json\" class=\"yoast-schema-graph\">{\"@context\":\"https:\\\/\\\/schema.org\",\"@graph\":[{\"@type\":\"Article\",\"@id\":\"https:\\\/\\\/radioljubuski.ba\\\/index.php\\\/2022\\\/07\\\/26\\\/kojovic-dzaferovic-zlorabio-prosvjede-radoncic-on-je-sef-drzave\\\/#article\",\"isPartOf\":{\"@id\":\"https:\\\/\\\/radioljubuski.ba\\\/index.php\\\/2022\\\/07\\\/26\\\/kojovic-dzaferovic-zlorabio-prosvjede-radoncic-on-je-sef-drzave\\\/\"},\"author\":{\"name\":\"Radio Ljubu\u0161ki\",\"@id\":\"https:\\\/\\\/radioljubuski.ba\\\/#\\\/schema\\\/person\\\/19fc700381a780f69665d7956c469e3b\"},\"headline\":\"Kojovi\u0107: D\u017eaferovi\u0107 zlorabio prosvjede; Radon\u010di\u0107: On je \u0161ef dr\u017eave\",\"datePublished\":\"2022-07-26T09:21:03+00:00\",\"dateModified\":\"2022-07-26T09:21:04+00:00\",\"mainEntityOfPage\":{\"@id\":\"https:\\\/\\\/radioljubuski.ba\\\/index.php\\\/2022\\\/07\\\/26\\\/kojovic-dzaferovic-zlorabio-prosvjede-radoncic-on-je-sef-drzave\\\/\"},\"wordCount\":284,\"publisher\":{\"@id\":\"https:\\\/\\\/radioljubuski.ba\\\/#organization\"},\"image\":{\"@id\":\"https:\\\/\\\/radioljubuski.ba\\\/index.php\\\/2022\\\/07\\\/26\\\/kojovic-dzaferovic-zlorabio-prosvjede-radoncic-on-je-sef-drzave\\\/#primaryimage\"},\"thumbnailUrl\":\"https:\\\/\\\/radioljubuski.ba\\\/wp-content\\\/uploads\\\/2022\\\/07\\\/o_115997_1024.png\",\"articleSection\":[\"BIH i regija\"],\"inLanguage\":\"hr\"},{\"@type\":\"WebPage\",\"@id\":\"https:\\\/\\\/radioljubuski.ba\\\/index.php\\\/2022\\\/07\\\/26\\\/kojovic-dzaferovic-zlorabio-prosvjede-radoncic-on-je-sef-drzave\\\/\",\"url\":\"https:\\\/\\\/radioljubuski.ba\\\/index.php\\\/2022\\\/07\\\/26\\\/kojovic-dzaferovic-zlorabio-prosvjede-radoncic-on-je-sef-drzave\\\/\",\"name\":\"Kojovi\u0107: D\u017eaferovi\u0107 zlorabio prosvjede; Radon\u010di\u0107: On je \u0161ef dr\u017eave - RADIO LJUBU\u0160KI\",\"isPartOf\":{\"@id\":\"https:\\\/\\\/radioljubuski.ba\\\/#website\"},\"primaryImageOfPage\":{\"@id\":\"https:\\\/\\\/radioljubuski.ba\\\/index.php\\\/2022\\\/07\\\/26\\\/kojovic-dzaferovic-zlorabio-prosvjede-radoncic-on-je-sef-drzave\\\/#primaryimage\"},\"image\":{\"@id\":\"https:\\\/\\\/radioljubuski.ba\\\/index.php\\\/2022\\\/07\\\/26\\\/kojovic-dzaferovic-zlorabio-prosvjede-radoncic-on-je-sef-drzave\\\/#primaryimage\"},\"thumbnailUrl\":\"https:\\\/\\\/radioljubuski.ba\\\/wp-content\\\/uploads\\\/2022\\\/07\\\/o_115997_1024.png\",\"datePublished\":\"2022-07-26T09:21:03+00:00\",\"dateModified\":\"2022-07-26T09:21:04+00:00\",\"breadcrumb\":{\"@id\":\"https:\\\/\\\/radioljubuski.ba\\\/index.php\\\/2022\\\/07\\\/26\\\/kojovic-dzaferovic-zlorabio-prosvjede-radoncic-on-je-sef-drzave\\\/#breadcrumb\"},\"inLanguage\":\"hr\",\"potentialAction\":[{\"@type\":\"ReadAction\",\"target\":[\"https:\\\/\\\/radioljubuski.ba\\\/index.php\\\/2022\\\/07\\\/26\\\/kojovic-dzaferovic-zlorabio-prosvjede-radoncic-on-je-sef-drzave\\\/\"]}]},{\"@type\":\"ImageObject\",\"inLanguage\":\"hr\",\"@id\":\"https:\\\/\\\/radioljubuski.ba\\\/index.php\\\/2022\\\/07\\\/26\\\/kojovic-dzaferovic-zlorabio-prosvjede-radoncic-on-je-sef-drzave\\\/#primaryimage\",\"url\":\"https:\\\/\\\/radioljubuski.ba\\\/wp-content\\\/uploads\\\/2022\\\/07\\\/o_115997_1024.png\",\"contentUrl\":\"https:\\\/\\\/radioljubuski.ba\\\/wp-content\\\/uploads\\\/2022\\\/07\\\/o_115997_1024.png\",\"width\":1024,\"height\":462},{\"@type\":\"BreadcrumbList\",\"@id\":\"https:\\\/\\\/radioljubuski.ba\\\/index.php\\\/2022\\\/07\\\/26\\\/kojovic-dzaferovic-zlorabio-prosvjede-radoncic-on-je-sef-drzave\\\/#breadcrumb\",\"itemListElement\":[{\"@type\":\"ListItem\",\"position\":1,\"name\":\"Po\u010detna stranica\",\"item\":\"https:\\\/\\\/radioljubuski.ba\\\/\"},{\"@type\":\"ListItem\",\"position\":2,\"name\":\"Kojovi\u0107: D\u017eaferovi\u0107 zlorabio prosvjede; Radon\u010di\u0107: On je \u0161ef dr\u017eave\"}]},{\"@type\":\"WebSite\",\"@id\":\"https:\\\/\\\/radioljubuski.ba\\\/#website\",\"url\":\"https:\\\/\\\/radioljubuski.ba\\\/\",\"name\":\"Radio Ljubu\u0161ki\",\"description\":\"Sun\u010dana frekvencija Hercegovine\",\"publisher\":{\"@id\":\"https:\\\/\\\/radioljubuski.ba\\\/#organization\"},\"potentialAction\":[{\"@type\":\"SearchAction\",\"target\":{\"@type\":\"EntryPoint\",\"urlTemplate\":\"https:\\\/\\\/radioljubuski.ba\\\/?s={search_term_string}\"},\"query-input\":{\"@type\":\"PropertyValueSpecification\",\"valueRequired\":true,\"valueName\":\"search_term_string\"}}],\"inLanguage\":\"hr\"},{\"@type\":\"Organization\",\"@id\":\"https:\\\/\\\/radioljubuski.ba\\\/#organization\",\"name\":\"Radio Ljubu\u0161ki\",\"url\":\"https:\\\/\\\/radioljubuski.ba\\\/\",\"logo\":{\"@type\":\"ImageObject\",\"inLanguage\":\"hr\",\"@id\":\"https:\\\/\\\/radioljubuski.ba\\\/#\\\/schema\\\/logo\\\/image\\\/\",\"url\":\"https:\\\/\\\/radioljubuski.ba\\\/wp-content\\\/uploads\\\/2021\\\/02\\\/cropped-Radio_Ljubuski_logo1.jpg\",\"contentUrl\":\"https:\\\/\\\/radioljubuski.ba\\\/wp-content\\\/uploads\\\/2021\\\/02\\\/cropped-Radio_Ljubuski_logo1.jpg\",\"width\":512,\"height\":512,\"caption\":\"Radio Ljubu\u0161ki\"},\"image\":{\"@id\":\"https:\\\/\\\/radioljubuski.ba\\\/#\\\/schema\\\/logo\\\/image\\\/\"},\"sameAs\":[\"https:\\\/\\\/www.facebook.com\\\/Radiio-Ljubuski-1490835324566332\",\"https:\\\/\\\/x.com\\\/radioljubuski\",\"https:\\\/\\\/hr.linkedin.com\\\/company\\\/radio-ljubuski\",\"https:\\\/\\\/www.youtube.com\\\/channel\\\/UCHYaeO_n0Db3tjNGudGpXyw\"]},{\"@type\":\"Person\",\"@id\":\"https:\\\/\\\/radioljubuski.ba\\\/#\\\/schema\\\/person\\\/19fc700381a780f69665d7956c469e3b\",\"name\":\"Radio Ljubu\u0161ki\"}]}<\/script>\n<!-- \/ Yoast SEO plugin. -->","yoast_head_json":{"title":"Kojovi\u0107: D\u017eaferovi\u0107 zlorabio prosvjede; Radon\u010di\u0107: On je \u0161ef dr\u017eave - RADIO LJUBU\u0160KI","robots":{"index":"index","follow":"follow","max-snippet":"max-snippet:-1","max-image-preview":"max-image-preview:large","max-video-preview":"max-video-preview:-1"},"canonical":"https:\/\/radioljubuski.ba\/index.php\/2022\/07\/26\/kojovic-dzaferovic-zlorabio-prosvjede-radoncic-on-je-sef-drzave\/","og_locale":"hr_HR","og_type":"article","og_title":"Kojovi\u0107: D\u017eaferovi\u0107 zlorabio prosvjede; Radon\u010di\u0107: On je \u0161ef dr\u017eave - RADIO LJUBU\u0160KI","og_description":"Mnogi predstavnici bo\u0161nja\u010dke napustili su prosvjede ispred OHR-a nakon \u0161to se, uz jasno negodovanje skupine, obratio predsjedatelj i bo\u0161nja\u010dki \u010dlan Predsjedni\u0161tva Bosne i Hercegovine \u0160efik D\u017eaferovi\u0107. Pe\u0111a Kojovi\u0107 iz Na\u0161e stranke kazao je reporteru N1 da napu\u0161ta skup nakon \u0161to je, po njemu, D\u017eaferovi\u0107 zlorabio prosvjede. S njim je oti\u0161ao i Denis Be\u0107irovi\u0107, kandidat za [&hellip;]","og_url":"https:\/\/radioljubuski.ba\/index.php\/2022\/07\/26\/kojovic-dzaferovic-zlorabio-prosvjede-radoncic-on-je-sef-drzave\/","og_site_name":"RADIO LJUBU\u0160KI","article_publisher":"https:\/\/www.facebook.com\/Radiio-Ljubuski-1490835324566332","article_published_time":"2022-07-26T09:21:03+00:00","article_modified_time":"2022-07-26T09:21:04+00:00","og_image":[{"width":1024,"height":462,"url":"https:\/\/radioljubuski.ba\/wp-content\/uploads\/2022\/07\/o_115997_1024.png","type":"image\/png"}],"author":"Radio Ljubu\u0161ki","twitter_card":"summary_large_image","twitter_creator":"@radioljubuski","twitter_site":"@radioljubuski","twitter_misc":{"Napisao\/la":"Radio Ljubu\u0161ki","Procijenjeno vrijeme \u010ditanja":"2 minute"},"schema":{"@context":"https:\/\/schema.org","@graph":[{"@type":"Article","@id":"https:\/\/radioljubuski.ba\/index.php\/2022\/07\/26\/kojovic-dzaferovic-zlorabio-prosvjede-radoncic-on-je-sef-drzave\/#article","isPartOf":{"@id":"https:\/\/radioljubuski.ba\/index.php\/2022\/07\/26\/kojovic-dzaferovic-zlorabio-prosvjede-radoncic-on-je-sef-drzave\/"},"author":{"name":"Radio Ljubu\u0161ki","@id":"https:\/\/radioljubuski.ba\/#\/schema\/person\/19fc700381a780f69665d7956c469e3b"},"headline":"Kojovi\u0107: D\u017eaferovi\u0107 zlorabio prosvjede; Radon\u010di\u0107: On je \u0161ef dr\u017eave","datePublished":"2022-07-26T09:21:03+00:00","dateModified":"2022-07-26T09:21:04+00:00","mainEntityOfPage":{"@id":"https:\/\/radioljubuski.ba\/index.php\/2022\/07\/26\/kojovic-dzaferovic-zlorabio-prosvjede-radoncic-on-je-sef-drzave\/"},"wordCount":284,"publisher":{"@id":"https:\/\/radioljubuski.ba\/#organization"},"image":{"@id":"https:\/\/radioljubuski.ba\/index.php\/2022\/07\/26\/kojovic-dzaferovic-zlorabio-prosvjede-radoncic-on-je-sef-drzave\/#primaryimage"},"thumbnailUrl":"https:\/\/radioljubuski.ba\/wp-content\/uploads\/2022\/07\/o_115997_1024.png","articleSection":["BIH i regija"],"inLanguage":"hr"},{"@type":"WebPage","@id":"https:\/\/radioljubuski.ba\/index.php\/2022\/07\/26\/kojovic-dzaferovic-zlorabio-prosvjede-radoncic-on-je-sef-drzave\/","url":"https:\/\/radioljubuski.ba\/index.php\/2022\/07\/26\/kojovic-dzaferovic-zlorabio-prosvjede-radoncic-on-je-sef-drzave\/","name":"Kojovi\u0107: D\u017eaferovi\u0107 zlorabio prosvjede; Radon\u010di\u0107: On je \u0161ef dr\u017eave - RADIO LJUBU\u0160KI","isPartOf":{"@id":"https:\/\/radioljubuski.ba\/#website"},"primaryImageOfPage":{"@id":"https:\/\/radioljubuski.ba\/index.php\/2022\/07\/26\/kojovic-dzaferovic-zlorabio-prosvjede-radoncic-on-je-sef-drzave\/#primaryimage"},"image":{"@id":"https:\/\/radioljubuski.ba\/index.php\/2022\/07\/26\/kojovic-dzaferovic-zlorabio-prosvjede-radoncic-on-je-sef-drzave\/#primaryimage"},"thumbnailUrl":"https:\/\/radioljubuski.ba\/wp-content\/uploads\/2022\/07\/o_115997_1024.png","datePublished":"2022-07-26T09:21:03+00:00","dateModified":"2022-07-26T09:21:04+00:00","breadcrumb":{"@id":"https:\/\/radioljubuski.ba\/index.php\/2022\/07\/26\/kojovic-dzaferovic-zlorabio-prosvjede-radoncic-on-je-sef-drzave\/#breadcrumb"},"inLanguage":"hr","potentialAction":[{"@type":"ReadAction","target":["https:\/\/radioljubuski.ba\/index.php\/2022\/07\/26\/kojovic-dzaferovic-zlorabio-prosvjede-radoncic-on-je-sef-drzave\/"]}]},{"@type":"ImageObject","inLanguage":"hr","@id":"https:\/\/radioljubuski.ba\/index.php\/2022\/07\/26\/kojovic-dzaferovic-zlorabio-prosvjede-radoncic-on-je-sef-drzave\/#primaryimage","url":"https:\/\/radioljubuski.ba\/wp-content\/uploads\/2022\/07\/o_115997_1024.png","contentUrl":"https:\/\/radioljubuski.ba\/wp-content\/uploads\/2022\/07\/o_115997_1024.png","width":1024,"height":462},{"@type":"BreadcrumbList","@id":"https:\/\/radioljubuski.ba\/index.php\/2022\/07\/26\/kojovic-dzaferovic-zlorabio-prosvjede-radoncic-on-je-sef-drzave\/#breadcrumb","itemListElement":[{"@type":"ListItem","position":1,"name":"Po\u010detna stranica","item":"https:\/\/radioljubuski.ba\/"},{"@type":"ListItem","position":2,"name":"Kojovi\u0107: D\u017eaferovi\u0107 zlorabio prosvjede; Radon\u010di\u0107: On je \u0161ef dr\u017eave"}]},{"@type":"WebSite","@id":"https:\/\/radioljubuski.ba\/#website","url":"https:\/\/radioljubuski.ba\/","name":"Radio Ljubu\u0161ki","description":"Sun\u010dana frekvencija Hercegovine","publisher":{"@id":"https:\/\/radioljubuski.ba\/#organization"},"potentialAction":[{"@type":"SearchAction","target":{"@type":"EntryPoint","urlTemplate":"https:\/\/radioljubuski.ba\/?s={search_term_string}"},"query-input":{"@type":"PropertyValueSpecification","valueRequired":true,"valueName":"search_term_string"}}],"inLanguage":"hr"},{"@type":"Organization","@id":"https:\/\/radioljubuski.ba\/#organization","name":"Radio Ljubu\u0161ki","url":"https:\/\/radioljubuski.ba\/","logo":{"@type":"ImageObject","inLanguage":"hr","@id":"https:\/\/radioljubuski.ba\/#\/schema\/logo\/image\/","url":"https:\/\/radioljubuski.ba\/wp-content\/uploads\/2021\/02\/cropped-Radio_Ljubuski_logo1.jpg","contentUrl":"https:\/\/radioljubuski.ba\/wp-content\/uploads\/2021\/02\/cropped-Radio_Ljubuski_logo1.jpg","width":512,"height":512,"caption":"Radio Ljubu\u0161ki"},"image":{"@id":"https:\/\/radioljubuski.ba\/#\/schema\/logo\/image\/"},"sameAs":["https:\/\/www.facebook.com\/Radiio-Ljubuski-1490835324566332","https:\/\/x.com\/radioljubuski","https:\/\/hr.linkedin.com\/company\/radio-ljubuski","https:\/\/www.youtube.com\/channel\/UCHYaeO_n0Db3tjNGudGpXyw"]},{"@type":"Person","@id":"https:\/\/radioljubuski.ba\/#\/schema\/person\/19fc700381a780f69665d7956c469e3b","name":"Radio Ljubu\u0161ki"}]}},"_links":{"self":[{"href":"https:\/\/radioljubuski.ba\/index.php\/wp-json\/wp\/v2\/posts\/163442","targetHints":{"allow":["GET"]}}],"collection":[{"href":"https:\/\/radioljubuski.ba\/index.php\/wp-json\/wp\/v2\/posts"}],"about":[{"href":"https:\/\/radioljubuski.ba\/index.php\/wp-json\/wp\/v2\/types\/post"}],"author":[{"embeddable":true,"href":"https:\/\/radioljubuski.ba\/index.php\/wp-json\/wp\/v2\/users\/2"}],"replies":[{"embeddable":true,"href":"https:\/\/radioljubuski.ba\/index.php\/wp-json\/wp\/v2\/comments?post=163442"}],"version-history":[{"count":1,"href":"https:\/\/radioljubuski.ba\/index.php\/wp-json\/wp\/v2\/posts\/163442\/revisions"}],"predecessor-version":[{"id":163444,"href":"https:\/\/radioljubuski.ba\/index.php\/wp-json\/wp\/v2\/posts\/163442\/revisions\/163444"}],"wp:featuredmedia":[{"embeddable":true,"href":"https:\/\/radioljubuski.ba\/index.php\/wp-json\/wp\/v2\/media\/163443"}],"wp:attachment":[{"href":"https:\/\/radioljubuski.ba\/index.php\/wp-json\/wp\/v2\/media?parent=163442"}],"wp:term":[{"taxonomy":"category","embeddable":true,"href":"https:\/\/radioljubuski.ba\/index.php\/wp-json\/wp\/v2\/categories?post=163442"},{"taxonomy":"post_tag","embeddable":true,"href":"https:\/\/radioljubuski.ba\/index.php\/wp-json\/wp\/v2\/tags?post=163442"}],"curies":[{"name":"wp","href":"https:\/\/api.w.org\/{rel}","templated":true}]}}