{"id":163448,"date":"2022-07-26T10:25:15","date_gmt":"2022-07-26T09:25:15","guid":{"rendered":"https:\/\/radioljubuski.ba\/?p=163448"},"modified":"2022-07-26T10:25:17","modified_gmt":"2022-07-26T09:25:17","slug":"novinarka-jerusalem-posta-istjerana-iz-ducana-kod-starog-mosta-jer-je-govorila-na-hebrejskom-jeziku","status":"publish","type":"post","link":"https:\/\/radioljubuski.ba\/index.php\/2022\/07\/26\/novinarka-jerusalem-posta-istjerana-iz-ducana-kod-starog-mosta-jer-je-govorila-na-hebrejskom-jeziku\/","title":{"rendered":"Novinarka Jerusalem Posta istjerana iz du\u0107ana kod Starog mosta jer je govorila na hebrejskom jeziku"},"content":{"rendered":"\n<p><strong>Urednica i novinarka najuglednije izraelske tiskovine i portala na engleskome jeziku \u201cThe Jerusalem Post\u201d Lahav Harkov Levine do\u017eivjela je veliku neugodnost prilikom posjeta Mostaru prije nekoliko godina jer su je s obitelji trgovci istjerali iz trgovine nedaleko od povijesnoga remek-djela Staroga mosta u Mostaru samo zbog \u010dinjenice \u0161to je \u017didovka i \u0161to je govorila na hebrejskom jeziku u tom trenutku, pi\u0161e<a href=\"https:\/\/www.vecernji.ba\/vijesti\/novinarka-jerusalem-posta-istjerana-iz-ducana-kod-starog-mosta-jer-je-govorila-na-hebrejskom-jeziku-1604750\"> Ve\u010dernji list BiH<\/a>.<\/strong><\/p>\n\n\n\n<p>Pro\u0161loga tjedna Ministarstvo vanjskih poslova Dr\u017eave Izrael objavilo je tweet u kojemu je pozdravilo odluku gradskih vlasti Mostara da promijene nazive ulica nazvanih po usta\u0161kim prvacima. Odluku kojom je Mostar promijenio nazive ulica pozdravili su i brojni me\u0111unarodni autoriteti, kako u BiH tako i u svijetu.<\/p>\n\n\n\n<p><strong>Bila s obitelji<\/strong><\/p>\n\n\n\n<p>\u2013 Ova \u0107e promjena nedvojbeno dodatno oja\u010dati odnose izme\u0111u na\u0161ih naroda \u2013 napisali su tada u objavi iz MVP-a Dr\u017eave Izrael. Tom prigodom odluku je s ne ba\u0161 pretjeranim entuzijazmom pozdravila i novinarka Lahav Harkov Levine koja u Jerusalem Postu izvje\u0161tava i analizira odnose Izraela sa svijetom, Uredom premijera, Vije\u0107em za nacionalnu sigurnost, Ministarstvom vanjskih poslova. \u2013 Mostar je jedino mjesto na svijetu gdje me je prodava\u010d pitao odakle sam. Kazala sam da sam iz Izraela te mi je na to re\u010deno da napustim prostor. Ali dje\u010dji koraci su dobri, pretpostavljam \u2013 napisala je u kratkoj objavi ova novinarka. Na upit Ve\u010dernjaka, tek je kratko objasnila \u0161to se dogodilo, odnosno kakav je incident i neugodnost do\u017eivjela. Prema njezinim rije\u010dima, to se dogodilo prije ne\u0161to vi\u0161e od \u0161est godina, u travnju 2016., no pri tome se nije mogla sjetiti to\u010dnog naziva trgovine. No, zna kako je rije\u010d o jednome od du\u0107ana do kojih se dolazi odmah nakon prelaska Staroga mosta. \u2013 Bilo je to odmah nakon prelaska Starog mosta, u podru\u010dju gdje ima svakakvih suvenira. Bila sam s obitelji, govorili smo na hebrejskom i \u010dovjek je pitao kojim jezikom govorimo. Kad smo mu rekli hebrejskim i da smo iz Izraela, zatra\u017eio je od nas da odemo. Sve u svemu, bio je to lijep posjet, ali taj doga\u0111aj bio je prili\u010dno \u0161okantan \u2013 navela je Harkov Levine. Na njezinu profilu na Twitteru, nakon objave o Mostaru, uslijedili su na deseci razli\u010ditih komentara. Jedan od njih je i onaj Noama Mamana iz Izraela koji je dvije godine proveo obrazuju\u0107i se na Koled\u017eu ujedinjenog svijeta (UWC) u Mostaru, poznatom upravo po multietni\u010dnosti. On je iznio posve druk\u010diji dojam.<\/p>\n\n\n\n<p><strong>Brojni komentari<\/strong><\/p>\n\n\n\n<p>\u2013 \u017divio sam u Mostaru dvije godine i odli\u010dno sam se proveo kao izraelski \u017didov. \u0160teta \u0161to je taj prodava\u010d ostavio lo\u0161 dojam o gradu koji je jedan od najjedinstvenijih na Balkanu. Ipak, dobar korak \u2013 ocijenio je Maman. Martin Mikuli\u0107 je pak objavio fotografije iz dvaju dijelova Mostara. Jednu Hrvatskoga doma hercega Stjepana Kosa\u010de osvijetljenoga u bojama zastave Dr\u017eave Izrael te drugu Staroga mosta preko kojega je preba\u010dena palestinska zastava. Twitter korisnik Plavomore objavio je pak zastavu Izraela preko koje gaze navija\u010di BiH \u2013 BH Fanaticosi u Zenici uo\u010di utakmice dviju nacionalnih vrsta. Jedan tvitera\u0161 napisao je da je novinarka zaslu\u017eila takvo \u0161to podr\u017eavaju\u0107i incident koji se dogodio u blizini Staroga mosta u povijesnoj jezgri grada.<\/p>\n\n\n\n<p>\/HMS\/<\/p>\n","protected":false},"excerpt":{"rendered":"<p>Urednica i novinarka najuglednije izraelske tiskovine i portala na engleskome jeziku \u201cThe Jerusalem Post\u201d Lahav Harkov Levine do\u017eivjela je veliku neugodnost prilikom posjeta Mostaru prije nekoliko godina jer su je s obitelji trgovci istjerali iz trgovine nedaleko od povijesnoga remek-djela Staroga mosta u Mostaru samo zbog \u010dinjenice \u0161to je \u017didovka i \u0161to je govorila na [&hellip;]<\/p>\n","protected":false},"author":2,"featured_media":93830,"comment_status":"closed","ping_status":"closed","sticky":false,"template":"","format":"standard","meta":{"h5ap_radio_sources":[],"footnotes":""},"categories":[1],"tags":[],"class_list":["post-163448","post","type-post","status-publish","format-standard","has-post-thumbnail","hentry","category-bihiregija"],"yoast_head":"<!-- This site is optimized with the Yoast SEO plugin v27.5 - https:\/\/yoast.com\/product\/yoast-seo-wordpress\/ -->\n<title>Novinarka Jerusalem Posta istjerana iz du\u0107ana kod Starog mosta jer je govorila na hebrejskom jeziku - RADIO LJUBU\u0160KI<\/title>\n<meta name=\"robots\" content=\"index, follow, max-snippet:-1, max-image-preview:large, max-video-preview:-1\" \/>\n<link rel=\"canonical\" href=\"https:\/\/radioljubuski.ba\/index.php\/2022\/07\/26\/novinarka-jerusalem-posta-istjerana-iz-ducana-kod-starog-mosta-jer-je-govorila-na-hebrejskom-jeziku\/\" \/>\n<meta property=\"og:locale\" content=\"hr_HR\" \/>\n<meta property=\"og:type\" content=\"article\" \/>\n<meta property=\"og:title\" content=\"Novinarka Jerusalem Posta istjerana iz du\u0107ana kod Starog mosta jer je govorila na hebrejskom jeziku - RADIO LJUBU\u0160KI\" \/>\n<meta property=\"og:description\" content=\"Urednica i novinarka najuglednije izraelske tiskovine i portala na engleskome jeziku \u201cThe Jerusalem Post\u201d Lahav Harkov Levine do\u017eivjela je veliku neugodnost prilikom posjeta Mostaru prije nekoliko godina jer su je s obitelji trgovci istjerali iz trgovine nedaleko od povijesnoga remek-djela Staroga mosta u Mostaru samo zbog \u010dinjenice \u0161to je \u017didovka i \u0161to je govorila na [&hellip;]\" \/>\n<meta property=\"og:url\" content=\"https:\/\/radioljubuski.ba\/index.php\/2022\/07\/26\/novinarka-jerusalem-posta-istjerana-iz-ducana-kod-starog-mosta-jer-je-govorila-na-hebrejskom-jeziku\/\" \/>\n<meta property=\"og:site_name\" content=\"RADIO LJUBU\u0160KI\" \/>\n<meta property=\"article:publisher\" content=\"https:\/\/www.facebook.com\/Radiio-Ljubuski-1490835324566332\" \/>\n<meta property=\"article:published_time\" content=\"2022-07-26T09:25:15+00:00\" \/>\n<meta property=\"article:modified_time\" content=\"2022-07-26T09:25:17+00:00\" \/>\n<meta property=\"og:image\" content=\"https:\/\/radioljubuski.ba\/wp-content\/uploads\/2021\/11\/J3sBeHYd_Turisti_stari_most_2017_1_1-1.jpg\" \/>\n\t<meta property=\"og:image:width\" content=\"1000\" \/>\n\t<meta property=\"og:image:height\" content=\"625\" \/>\n\t<meta property=\"og:image:type\" content=\"image\/jpeg\" \/>\n<meta name=\"author\" content=\"Radio Ljubu\u0161ki\" \/>\n<meta name=\"twitter:card\" content=\"summary_large_image\" \/>\n<meta name=\"twitter:creator\" content=\"@radioljubuski\" \/>\n<meta name=\"twitter:site\" content=\"@radioljubuski\" \/>\n<meta name=\"twitter:label1\" content=\"Napisao\/la\" \/>\n\t<meta name=\"twitter:data1\" content=\"Radio Ljubu\u0161ki\" \/>\n\t<meta name=\"twitter:label2\" content=\"Procijenjeno vrijeme \u010ditanja\" \/>\n\t<meta name=\"twitter:data2\" content=\"3 minute\" \/>\n<script type=\"application\/ld+json\" class=\"yoast-schema-graph\">{\"@context\":\"https:\\\/\\\/schema.org\",\"@graph\":[{\"@type\":\"Article\",\"@id\":\"https:\\\/\\\/radioljubuski.ba\\\/index.php\\\/2022\\\/07\\\/26\\\/novinarka-jerusalem-posta-istjerana-iz-ducana-kod-starog-mosta-jer-je-govorila-na-hebrejskom-jeziku\\\/#article\",\"isPartOf\":{\"@id\":\"https:\\\/\\\/radioljubuski.ba\\\/index.php\\\/2022\\\/07\\\/26\\\/novinarka-jerusalem-posta-istjerana-iz-ducana-kod-starog-mosta-jer-je-govorila-na-hebrejskom-jeziku\\\/\"},\"author\":{\"name\":\"Radio Ljubu\u0161ki\",\"@id\":\"https:\\\/\\\/radioljubuski.ba\\\/#\\\/schema\\\/person\\\/19fc700381a780f69665d7956c469e3b\"},\"headline\":\"Novinarka Jerusalem Posta istjerana iz du\u0107ana kod Starog mosta jer je govorila na hebrejskom jeziku\",\"datePublished\":\"2022-07-26T09:25:15+00:00\",\"dateModified\":\"2022-07-26T09:25:17+00:00\",\"mainEntityOfPage\":{\"@id\":\"https:\\\/\\\/radioljubuski.ba\\\/index.php\\\/2022\\\/07\\\/26\\\/novinarka-jerusalem-posta-istjerana-iz-ducana-kod-starog-mosta-jer-je-govorila-na-hebrejskom-jeziku\\\/\"},\"wordCount\":553,\"publisher\":{\"@id\":\"https:\\\/\\\/radioljubuski.ba\\\/#organization\"},\"image\":{\"@id\":\"https:\\\/\\\/radioljubuski.ba\\\/index.php\\\/2022\\\/07\\\/26\\\/novinarka-jerusalem-posta-istjerana-iz-ducana-kod-starog-mosta-jer-je-govorila-na-hebrejskom-jeziku\\\/#primaryimage\"},\"thumbnailUrl\":\"https:\\\/\\\/radioljubuski.ba\\\/wp-content\\\/uploads\\\/2021\\\/11\\\/J3sBeHYd_Turisti_stari_most_2017_1_1-1.jpg\",\"articleSection\":[\"BIH i regija\"],\"inLanguage\":\"hr\"},{\"@type\":\"WebPage\",\"@id\":\"https:\\\/\\\/radioljubuski.ba\\\/index.php\\\/2022\\\/07\\\/26\\\/novinarka-jerusalem-posta-istjerana-iz-ducana-kod-starog-mosta-jer-je-govorila-na-hebrejskom-jeziku\\\/\",\"url\":\"https:\\\/\\\/radioljubuski.ba\\\/index.php\\\/2022\\\/07\\\/26\\\/novinarka-jerusalem-posta-istjerana-iz-ducana-kod-starog-mosta-jer-je-govorila-na-hebrejskom-jeziku\\\/\",\"name\":\"Novinarka Jerusalem Posta istjerana iz du\u0107ana kod Starog mosta jer je govorila na hebrejskom jeziku - RADIO LJUBU\u0160KI\",\"isPartOf\":{\"@id\":\"https:\\\/\\\/radioljubuski.ba\\\/#website\"},\"primaryImageOfPage\":{\"@id\":\"https:\\\/\\\/radioljubuski.ba\\\/index.php\\\/2022\\\/07\\\/26\\\/novinarka-jerusalem-posta-istjerana-iz-ducana-kod-starog-mosta-jer-je-govorila-na-hebrejskom-jeziku\\\/#primaryimage\"},\"image\":{\"@id\":\"https:\\\/\\\/radioljubuski.ba\\\/index.php\\\/2022\\\/07\\\/26\\\/novinarka-jerusalem-posta-istjerana-iz-ducana-kod-starog-mosta-jer-je-govorila-na-hebrejskom-jeziku\\\/#primaryimage\"},\"thumbnailUrl\":\"https:\\\/\\\/radioljubuski.ba\\\/wp-content\\\/uploads\\\/2021\\\/11\\\/J3sBeHYd_Turisti_stari_most_2017_1_1-1.jpg\",\"datePublished\":\"2022-07-26T09:25:15+00:00\",\"dateModified\":\"2022-07-26T09:25:17+00:00\",\"breadcrumb\":{\"@id\":\"https:\\\/\\\/radioljubuski.ba\\\/index.php\\\/2022\\\/07\\\/26\\\/novinarka-jerusalem-posta-istjerana-iz-ducana-kod-starog-mosta-jer-je-govorila-na-hebrejskom-jeziku\\\/#breadcrumb\"},\"inLanguage\":\"hr\",\"potentialAction\":[{\"@type\":\"ReadAction\",\"target\":[\"https:\\\/\\\/radioljubuski.ba\\\/index.php\\\/2022\\\/07\\\/26\\\/novinarka-jerusalem-posta-istjerana-iz-ducana-kod-starog-mosta-jer-je-govorila-na-hebrejskom-jeziku\\\/\"]}]},{\"@type\":\"ImageObject\",\"inLanguage\":\"hr\",\"@id\":\"https:\\\/\\\/radioljubuski.ba\\\/index.php\\\/2022\\\/07\\\/26\\\/novinarka-jerusalem-posta-istjerana-iz-ducana-kod-starog-mosta-jer-je-govorila-na-hebrejskom-jeziku\\\/#primaryimage\",\"url\":\"https:\\\/\\\/radioljubuski.ba\\\/wp-content\\\/uploads\\\/2021\\\/11\\\/J3sBeHYd_Turisti_stari_most_2017_1_1-1.jpg\",\"contentUrl\":\"https:\\\/\\\/radioljubuski.ba\\\/wp-content\\\/uploads\\\/2021\\\/11\\\/J3sBeHYd_Turisti_stari_most_2017_1_1-1.jpg\",\"width\":1000,\"height\":625},{\"@type\":\"BreadcrumbList\",\"@id\":\"https:\\\/\\\/radioljubuski.ba\\\/index.php\\\/2022\\\/07\\\/26\\\/novinarka-jerusalem-posta-istjerana-iz-ducana-kod-starog-mosta-jer-je-govorila-na-hebrejskom-jeziku\\\/#breadcrumb\",\"itemListElement\":[{\"@type\":\"ListItem\",\"position\":1,\"name\":\"Po\u010detna stranica\",\"item\":\"https:\\\/\\\/radioljubuski.ba\\\/\"},{\"@type\":\"ListItem\",\"position\":2,\"name\":\"Novinarka Jerusalem Posta istjerana iz du\u0107ana kod Starog mosta jer je govorila na hebrejskom jeziku\"}]},{\"@type\":\"WebSite\",\"@id\":\"https:\\\/\\\/radioljubuski.ba\\\/#website\",\"url\":\"https:\\\/\\\/radioljubuski.ba\\\/\",\"name\":\"Radio Ljubu\u0161ki\",\"description\":\"Sun\u010dana frekvencija Hercegovine\",\"publisher\":{\"@id\":\"https:\\\/\\\/radioljubuski.ba\\\/#organization\"},\"potentialAction\":[{\"@type\":\"SearchAction\",\"target\":{\"@type\":\"EntryPoint\",\"urlTemplate\":\"https:\\\/\\\/radioljubuski.ba\\\/?s={search_term_string}\"},\"query-input\":{\"@type\":\"PropertyValueSpecification\",\"valueRequired\":true,\"valueName\":\"search_term_string\"}}],\"inLanguage\":\"hr\"},{\"@type\":\"Organization\",\"@id\":\"https:\\\/\\\/radioljubuski.ba\\\/#organization\",\"name\":\"Radio Ljubu\u0161ki\",\"url\":\"https:\\\/\\\/radioljubuski.ba\\\/\",\"logo\":{\"@type\":\"ImageObject\",\"inLanguage\":\"hr\",\"@id\":\"https:\\\/\\\/radioljubuski.ba\\\/#\\\/schema\\\/logo\\\/image\\\/\",\"url\":\"https:\\\/\\\/radioljubuski.ba\\\/wp-content\\\/uploads\\\/2021\\\/02\\\/cropped-Radio_Ljubuski_logo1.jpg\",\"contentUrl\":\"https:\\\/\\\/radioljubuski.ba\\\/wp-content\\\/uploads\\\/2021\\\/02\\\/cropped-Radio_Ljubuski_logo1.jpg\",\"width\":512,\"height\":512,\"caption\":\"Radio Ljubu\u0161ki\"},\"image\":{\"@id\":\"https:\\\/\\\/radioljubuski.ba\\\/#\\\/schema\\\/logo\\\/image\\\/\"},\"sameAs\":[\"https:\\\/\\\/www.facebook.com\\\/Radiio-Ljubuski-1490835324566332\",\"https:\\\/\\\/x.com\\\/radioljubuski\",\"https:\\\/\\\/hr.linkedin.com\\\/company\\\/radio-ljubuski\",\"https:\\\/\\\/www.youtube.com\\\/channel\\\/UCHYaeO_n0Db3tjNGudGpXyw\"]},{\"@type\":\"Person\",\"@id\":\"https:\\\/\\\/radioljubuski.ba\\\/#\\\/schema\\\/person\\\/19fc700381a780f69665d7956c469e3b\",\"name\":\"Radio Ljubu\u0161ki\"}]}<\/script>\n<!-- \/ Yoast SEO plugin. -->","yoast_head_json":{"title":"Novinarka Jerusalem Posta istjerana iz du\u0107ana kod Starog mosta jer je govorila na hebrejskom jeziku - RADIO LJUBU\u0160KI","robots":{"index":"index","follow":"follow","max-snippet":"max-snippet:-1","max-image-preview":"max-image-preview:large","max-video-preview":"max-video-preview:-1"},"canonical":"https:\/\/radioljubuski.ba\/index.php\/2022\/07\/26\/novinarka-jerusalem-posta-istjerana-iz-ducana-kod-starog-mosta-jer-je-govorila-na-hebrejskom-jeziku\/","og_locale":"hr_HR","og_type":"article","og_title":"Novinarka Jerusalem Posta istjerana iz du\u0107ana kod Starog mosta jer je govorila na hebrejskom jeziku - RADIO LJUBU\u0160KI","og_description":"Urednica i novinarka najuglednije izraelske tiskovine i portala na engleskome jeziku \u201cThe Jerusalem Post\u201d Lahav Harkov Levine do\u017eivjela je veliku neugodnost prilikom posjeta Mostaru prije nekoliko godina jer su je s obitelji trgovci istjerali iz trgovine nedaleko od povijesnoga remek-djela Staroga mosta u Mostaru samo zbog \u010dinjenice \u0161to je \u017didovka i \u0161to je govorila na [&hellip;]","og_url":"https:\/\/radioljubuski.ba\/index.php\/2022\/07\/26\/novinarka-jerusalem-posta-istjerana-iz-ducana-kod-starog-mosta-jer-je-govorila-na-hebrejskom-jeziku\/","og_site_name":"RADIO LJUBU\u0160KI","article_publisher":"https:\/\/www.facebook.com\/Radiio-Ljubuski-1490835324566332","article_published_time":"2022-07-26T09:25:15+00:00","article_modified_time":"2022-07-26T09:25:17+00:00","og_image":[{"width":1000,"height":625,"url":"https:\/\/radioljubuski.ba\/wp-content\/uploads\/2021\/11\/J3sBeHYd_Turisti_stari_most_2017_1_1-1.jpg","type":"image\/jpeg"}],"author":"Radio Ljubu\u0161ki","twitter_card":"summary_large_image","twitter_creator":"@radioljubuski","twitter_site":"@radioljubuski","twitter_misc":{"Napisao\/la":"Radio Ljubu\u0161ki","Procijenjeno vrijeme \u010ditanja":"3 minute"},"schema":{"@context":"https:\/\/schema.org","@graph":[{"@type":"Article","@id":"https:\/\/radioljubuski.ba\/index.php\/2022\/07\/26\/novinarka-jerusalem-posta-istjerana-iz-ducana-kod-starog-mosta-jer-je-govorila-na-hebrejskom-jeziku\/#article","isPartOf":{"@id":"https:\/\/radioljubuski.ba\/index.php\/2022\/07\/26\/novinarka-jerusalem-posta-istjerana-iz-ducana-kod-starog-mosta-jer-je-govorila-na-hebrejskom-jeziku\/"},"author":{"name":"Radio Ljubu\u0161ki","@id":"https:\/\/radioljubuski.ba\/#\/schema\/person\/19fc700381a780f69665d7956c469e3b"},"headline":"Novinarka Jerusalem Posta istjerana iz du\u0107ana kod Starog mosta jer je govorila na hebrejskom jeziku","datePublished":"2022-07-26T09:25:15+00:00","dateModified":"2022-07-26T09:25:17+00:00","mainEntityOfPage":{"@id":"https:\/\/radioljubuski.ba\/index.php\/2022\/07\/26\/novinarka-jerusalem-posta-istjerana-iz-ducana-kod-starog-mosta-jer-je-govorila-na-hebrejskom-jeziku\/"},"wordCount":553,"publisher":{"@id":"https:\/\/radioljubuski.ba\/#organization"},"image":{"@id":"https:\/\/radioljubuski.ba\/index.php\/2022\/07\/26\/novinarka-jerusalem-posta-istjerana-iz-ducana-kod-starog-mosta-jer-je-govorila-na-hebrejskom-jeziku\/#primaryimage"},"thumbnailUrl":"https:\/\/radioljubuski.ba\/wp-content\/uploads\/2021\/11\/J3sBeHYd_Turisti_stari_most_2017_1_1-1.jpg","articleSection":["BIH i regija"],"inLanguage":"hr"},{"@type":"WebPage","@id":"https:\/\/radioljubuski.ba\/index.php\/2022\/07\/26\/novinarka-jerusalem-posta-istjerana-iz-ducana-kod-starog-mosta-jer-je-govorila-na-hebrejskom-jeziku\/","url":"https:\/\/radioljubuski.ba\/index.php\/2022\/07\/26\/novinarka-jerusalem-posta-istjerana-iz-ducana-kod-starog-mosta-jer-je-govorila-na-hebrejskom-jeziku\/","name":"Novinarka Jerusalem Posta istjerana iz du\u0107ana kod Starog mosta jer je govorila na hebrejskom jeziku - RADIO LJUBU\u0160KI","isPartOf":{"@id":"https:\/\/radioljubuski.ba\/#website"},"primaryImageOfPage":{"@id":"https:\/\/radioljubuski.ba\/index.php\/2022\/07\/26\/novinarka-jerusalem-posta-istjerana-iz-ducana-kod-starog-mosta-jer-je-govorila-na-hebrejskom-jeziku\/#primaryimage"},"image":{"@id":"https:\/\/radioljubuski.ba\/index.php\/2022\/07\/26\/novinarka-jerusalem-posta-istjerana-iz-ducana-kod-starog-mosta-jer-je-govorila-na-hebrejskom-jeziku\/#primaryimage"},"thumbnailUrl":"https:\/\/radioljubuski.ba\/wp-content\/uploads\/2021\/11\/J3sBeHYd_Turisti_stari_most_2017_1_1-1.jpg","datePublished":"2022-07-26T09:25:15+00:00","dateModified":"2022-07-26T09:25:17+00:00","breadcrumb":{"@id":"https:\/\/radioljubuski.ba\/index.php\/2022\/07\/26\/novinarka-jerusalem-posta-istjerana-iz-ducana-kod-starog-mosta-jer-je-govorila-na-hebrejskom-jeziku\/#breadcrumb"},"inLanguage":"hr","potentialAction":[{"@type":"ReadAction","target":["https:\/\/radioljubuski.ba\/index.php\/2022\/07\/26\/novinarka-jerusalem-posta-istjerana-iz-ducana-kod-starog-mosta-jer-je-govorila-na-hebrejskom-jeziku\/"]}]},{"@type":"ImageObject","inLanguage":"hr","@id":"https:\/\/radioljubuski.ba\/index.php\/2022\/07\/26\/novinarka-jerusalem-posta-istjerana-iz-ducana-kod-starog-mosta-jer-je-govorila-na-hebrejskom-jeziku\/#primaryimage","url":"https:\/\/radioljubuski.ba\/wp-content\/uploads\/2021\/11\/J3sBeHYd_Turisti_stari_most_2017_1_1-1.jpg","contentUrl":"https:\/\/radioljubuski.ba\/wp-content\/uploads\/2021\/11\/J3sBeHYd_Turisti_stari_most_2017_1_1-1.jpg","width":1000,"height":625},{"@type":"BreadcrumbList","@id":"https:\/\/radioljubuski.ba\/index.php\/2022\/07\/26\/novinarka-jerusalem-posta-istjerana-iz-ducana-kod-starog-mosta-jer-je-govorila-na-hebrejskom-jeziku\/#breadcrumb","itemListElement":[{"@type":"ListItem","position":1,"name":"Po\u010detna stranica","item":"https:\/\/radioljubuski.ba\/"},{"@type":"ListItem","position":2,"name":"Novinarka Jerusalem Posta istjerana iz du\u0107ana kod Starog mosta jer je govorila na hebrejskom jeziku"}]},{"@type":"WebSite","@id":"https:\/\/radioljubuski.ba\/#website","url":"https:\/\/radioljubuski.ba\/","name":"Radio Ljubu\u0161ki","description":"Sun\u010dana frekvencija Hercegovine","publisher":{"@id":"https:\/\/radioljubuski.ba\/#organization"},"potentialAction":[{"@type":"SearchAction","target":{"@type":"EntryPoint","urlTemplate":"https:\/\/radioljubuski.ba\/?s={search_term_string}"},"query-input":{"@type":"PropertyValueSpecification","valueRequired":true,"valueName":"search_term_string"}}],"inLanguage":"hr"},{"@type":"Organization","@id":"https:\/\/radioljubuski.ba\/#organization","name":"Radio Ljubu\u0161ki","url":"https:\/\/radioljubuski.ba\/","logo":{"@type":"ImageObject","inLanguage":"hr","@id":"https:\/\/radioljubuski.ba\/#\/schema\/logo\/image\/","url":"https:\/\/radioljubuski.ba\/wp-content\/uploads\/2021\/02\/cropped-Radio_Ljubuski_logo1.jpg","contentUrl":"https:\/\/radioljubuski.ba\/wp-content\/uploads\/2021\/02\/cropped-Radio_Ljubuski_logo1.jpg","width":512,"height":512,"caption":"Radio Ljubu\u0161ki"},"image":{"@id":"https:\/\/radioljubuski.ba\/#\/schema\/logo\/image\/"},"sameAs":["https:\/\/www.facebook.com\/Radiio-Ljubuski-1490835324566332","https:\/\/x.com\/radioljubuski","https:\/\/hr.linkedin.com\/company\/radio-ljubuski","https:\/\/www.youtube.com\/channel\/UCHYaeO_n0Db3tjNGudGpXyw"]},{"@type":"Person","@id":"https:\/\/radioljubuski.ba\/#\/schema\/person\/19fc700381a780f69665d7956c469e3b","name":"Radio Ljubu\u0161ki"}]}},"_links":{"self":[{"href":"https:\/\/radioljubuski.ba\/index.php\/wp-json\/wp\/v2\/posts\/163448","targetHints":{"allow":["GET"]}}],"collection":[{"href":"https:\/\/radioljubuski.ba\/index.php\/wp-json\/wp\/v2\/posts"}],"about":[{"href":"https:\/\/radioljubuski.ba\/index.php\/wp-json\/wp\/v2\/types\/post"}],"author":[{"embeddable":true,"href":"https:\/\/radioljubuski.ba\/index.php\/wp-json\/wp\/v2\/users\/2"}],"replies":[{"embeddable":true,"href":"https:\/\/radioljubuski.ba\/index.php\/wp-json\/wp\/v2\/comments?post=163448"}],"version-history":[{"count":1,"href":"https:\/\/radioljubuski.ba\/index.php\/wp-json\/wp\/v2\/posts\/163448\/revisions"}],"predecessor-version":[{"id":163449,"href":"https:\/\/radioljubuski.ba\/index.php\/wp-json\/wp\/v2\/posts\/163448\/revisions\/163449"}],"wp:featuredmedia":[{"embeddable":true,"href":"https:\/\/radioljubuski.ba\/index.php\/wp-json\/wp\/v2\/media\/93830"}],"wp:attachment":[{"href":"https:\/\/radioljubuski.ba\/index.php\/wp-json\/wp\/v2\/media?parent=163448"}],"wp:term":[{"taxonomy":"category","embeddable":true,"href":"https:\/\/radioljubuski.ba\/index.php\/wp-json\/wp\/v2\/categories?post=163448"},{"taxonomy":"post_tag","embeddable":true,"href":"https:\/\/radioljubuski.ba\/index.php\/wp-json\/wp\/v2\/tags?post=163448"}],"curies":[{"name":"wp","href":"https:\/\/api.w.org\/{rel}","templated":true}]}}