{"id":163452,"date":"2022-07-26T10:28:40","date_gmt":"2022-07-26T09:28:40","guid":{"rendered":"https:\/\/radioljubuski.ba\/?p=163452"},"modified":"2022-07-26T10:28:41","modified_gmt":"2022-07-26T09:28:41","slug":"grlic-radman-bih-nije-vlasnistvo-jednog-naroda","status":"publish","type":"post","link":"https:\/\/radioljubuski.ba\/index.php\/2022\/07\/26\/grlic-radman-bih-nije-vlasnistvo-jednog-naroda\/","title":{"rendered":"Grli\u0107 Radman: BiH nije vlasni\u0161tvo jednog naroda"},"content":{"rendered":"\n<p><strong>Tijekom posjete Hrvatima u BiH, s premijerom Hrvatske Andrejem Plenkovi\u0107em je bio i Gordan Grli\u0107 Radman, ministar vanjskih poslova. U razgovoru za HRT je izjavio da Hrvatska podra\u017eava Visokog predstavnika da prona\u0111e rje\u0161enje koje \u0107e zadovoljiti tri konstitutivna naroda i omogu\u0107iti njihovu jednaku politi\u010dku participaciju kako u zakonodavnoj, tako i u izvr\u0161noj vlasti.<\/strong><\/p>\n\n\n\n<p>\u2013 Ovdje mo\u017eemo govoriti o izmjenama pod navodnicima, ovo je zapravo ispravljanje pogre\u0161aka onoga \u0161to su u\u010dinili njihovi prethodnici. Hrvati ovdje ne dobivaju ni\u0161ta novo, ve\u0107 se njima treba vratiti ono \u0161to su izgubili prije 20 godina, rekao je za Hrvatsku televiziju \u0161ef hrvatske diplomacije.<\/p>\n\n\n\n<p>Nakon najave o mogu\u0107oj promjeni izbornog zakona uslijedile su \u017eestoke reakcije, Grli\u0107 Radman smatra da je to nepotrebno i da to samo govori o tome koliko je BiH slo\u017eena i politi\u010dki lideri trebaju pokazati razboritost i zrelost.<\/p>\n\n\n\n<p>\u2013 Trebaju shvatiti da BiH nije vlasni\u0161tvo jednog naroda. Ovdje govorimo o me\u0111unarodnom pravu, rekao je.<\/p>\n\n\n\n<p>Grli\u0107 Radman je naglasio da BiH jedino mo\u017ee biti stabilna i institucionalno funkcionalna ako se osigura jednakopravnost sva tri konstitutivna naroda i ostalih gra\u0111ana bez obzira na njihovu brojnost.<\/p>\n\n\n\n<p>O Milanovi\u0107u: Ono \u0161to on ru\u0161i, mi ponovo gradimo<\/p>\n\n\n\n<p>Predsjednik Republike Hrvatske Zoran Milanovi\u0107 se osvrnuo na posjet premijera Andreja Plenkovi\u0107a BiH i rekao da taj posjet ne zna\u010di ni\u0161ta. Ministar Grli\u0107 Radman postavlja pitanje \u201ckada ste \u010duli ne\u0161to dobro od predsjednika dr\u017eave?\u201d.<\/p>\n\n\n\n<p>\u2013 Predsjednik dr\u017eave \u010dini veliku \u0161tetu RH, njenoj vanjskoj politici i reputaciji Hrvatske u svijetu. On te\u0161ko vrije\u0111a i Visokog predstavnika i sve napore koje \u010dini hrvatska vlada. Upravo je on zlo\u010dinitelj jer svaki njegov potez \u0161teti RH. Ono \u0161to on ru\u0161i, mi ponovo gradimo. \u017deli nas posva\u0111ati sa svim saveznicima, partnerima, rekao je.<\/p>\n\n\n\n<p>Dodao je kako se Milanovi\u0107 nije sastao s nikim, nije zvao niti jednog predsjednika, tu se trebala vidjeti njegova uloga.<\/p>\n\n\n\n<p>\u2013 Poru\u010dio bi Hrvatima u BiH da on \u0161teti svojom politikom Hrvatima u BiH, a \u0161teti i svim naporima koje hrvatska Vlada ula\u017ee na raznim formatima i me\u0111unarodnom konferencijama, dodao je.<\/p>\n\n\n\n<p>Vlada RH poma\u017ee strate\u0161ke projekte Hrvata u BiH<\/p>\n\n\n\n<p>Vlada (Hrvatske) je namijenila izda\u0161na sredstva za BiH, radi se i HNK u Mostaru, Grli\u0107 Radman isti\u010de da su to javno-strate\u0161ki projekti.<\/p>\n\n\n\n<p>\u2013 Tri su strate\u0161ka projekta, to su Hrvatsko narodno kazali\u0161te u Mostaru- to je pitanje kulture i identiteta, Sveu\u010dili\u0161na bolnica \u2013 to je zdravlje i ulaganje u mostarsko sveu\u010dili\u0161te \u2013 to je budu\u0107nost da bi u BiH ostali Hrvati, ali i svi ostali gra\u0111ani, naglasio je.<\/p>\n\n\n\n<p>\/HMS\/<\/p>\n","protected":false},"excerpt":{"rendered":"<p>Tijekom posjete Hrvatima u BiH, s premijerom Hrvatske Andrejem Plenkovi\u0107em je bio i Gordan Grli\u0107 Radman, ministar vanjskih poslova. U razgovoru za HRT je izjavio da Hrvatska podra\u017eava Visokog predstavnika da prona\u0111e rje\u0161enje koje \u0107e zadovoljiti tri konstitutivna naroda i omogu\u0107iti njihovu jednaku politi\u010dku participaciju kako u zakonodavnoj, tako i u izvr\u0161noj vlasti. \u2013 Ovdje [&hellip;]<\/p>\n","protected":false},"author":2,"featured_media":138555,"comment_status":"closed","ping_status":"closed","sticky":false,"template":"","format":"standard","meta":{"h5ap_radio_sources":[],"footnotes":""},"categories":[1],"tags":[],"class_list":["post-163452","post","type-post","status-publish","format-standard","has-post-thumbnail","hentry","category-bihiregija"],"yoast_head":"<!-- This site is optimized with the Yoast SEO plugin v27.5 - https:\/\/yoast.com\/product\/yoast-seo-wordpress\/ -->\n<title>Grli\u0107 Radman: BiH nije vlasni\u0161tvo jednog naroda - RADIO LJUBU\u0160KI<\/title>\n<meta name=\"robots\" content=\"index, follow, max-snippet:-1, max-image-preview:large, max-video-preview:-1\" \/>\n<link rel=\"canonical\" href=\"https:\/\/radioljubuski.ba\/index.php\/2022\/07\/26\/grlic-radman-bih-nije-vlasnistvo-jednog-naroda\/\" \/>\n<meta property=\"og:locale\" content=\"hr_HR\" \/>\n<meta property=\"og:type\" content=\"article\" \/>\n<meta property=\"og:title\" content=\"Grli\u0107 Radman: BiH nije vlasni\u0161tvo jednog naroda - RADIO LJUBU\u0160KI\" \/>\n<meta property=\"og:description\" content=\"Tijekom posjete Hrvatima u BiH, s premijerom Hrvatske Andrejem Plenkovi\u0107em je bio i Gordan Grli\u0107 Radman, ministar vanjskih poslova. U razgovoru za HRT je izjavio da Hrvatska podra\u017eava Visokog predstavnika da prona\u0111e rje\u0161enje koje \u0107e zadovoljiti tri konstitutivna naroda i omogu\u0107iti njihovu jednaku politi\u010dku participaciju kako u zakonodavnoj, tako i u izvr\u0161noj vlasti. \u2013 Ovdje [&hellip;]\" \/>\n<meta property=\"og:url\" content=\"https:\/\/radioljubuski.ba\/index.php\/2022\/07\/26\/grlic-radman-bih-nije-vlasnistvo-jednog-naroda\/\" \/>\n<meta property=\"og:site_name\" content=\"RADIO LJUBU\u0160KI\" \/>\n<meta property=\"article:publisher\" content=\"https:\/\/www.facebook.com\/Radiio-Ljubuski-1490835324566332\" \/>\n<meta property=\"article:published_time\" content=\"2022-07-26T09:28:40+00:00\" \/>\n<meta property=\"article:modified_time\" content=\"2022-07-26T09:28:41+00:00\" \/>\n<meta property=\"og:image\" content=\"https:\/\/radioljubuski.ba\/wp-content\/uploads\/2022\/05\/grlic.jpg\" \/>\n\t<meta property=\"og:image:width\" content=\"1000\" \/>\n\t<meta property=\"og:image:height\" content=\"625\" \/>\n\t<meta property=\"og:image:type\" content=\"image\/jpeg\" \/>\n<meta name=\"author\" content=\"Radio Ljubu\u0161ki\" \/>\n<meta name=\"twitter:card\" content=\"summary_large_image\" \/>\n<meta name=\"twitter:creator\" content=\"@radioljubuski\" \/>\n<meta name=\"twitter:site\" content=\"@radioljubuski\" \/>\n<meta name=\"twitter:label1\" content=\"Napisao\/la\" \/>\n\t<meta name=\"twitter:data1\" content=\"Radio Ljubu\u0161ki\" \/>\n\t<meta name=\"twitter:label2\" content=\"Procijenjeno vrijeme \u010ditanja\" \/>\n\t<meta name=\"twitter:data2\" content=\"2 minute\" \/>\n<script type=\"application\/ld+json\" class=\"yoast-schema-graph\">{\"@context\":\"https:\\\/\\\/schema.org\",\"@graph\":[{\"@type\":\"Article\",\"@id\":\"https:\\\/\\\/radioljubuski.ba\\\/index.php\\\/2022\\\/07\\\/26\\\/grlic-radman-bih-nije-vlasnistvo-jednog-naroda\\\/#article\",\"isPartOf\":{\"@id\":\"https:\\\/\\\/radioljubuski.ba\\\/index.php\\\/2022\\\/07\\\/26\\\/grlic-radman-bih-nije-vlasnistvo-jednog-naroda\\\/\"},\"author\":{\"name\":\"Radio Ljubu\u0161ki\",\"@id\":\"https:\\\/\\\/radioljubuski.ba\\\/#\\\/schema\\\/person\\\/19fc700381a780f69665d7956c469e3b\"},\"headline\":\"Grli\u0107 Radman: BiH nije vlasni\u0161tvo jednog naroda\",\"datePublished\":\"2022-07-26T09:28:40+00:00\",\"dateModified\":\"2022-07-26T09:28:41+00:00\",\"mainEntityOfPage\":{\"@id\":\"https:\\\/\\\/radioljubuski.ba\\\/index.php\\\/2022\\\/07\\\/26\\\/grlic-radman-bih-nije-vlasnistvo-jednog-naroda\\\/\"},\"wordCount\":452,\"publisher\":{\"@id\":\"https:\\\/\\\/radioljubuski.ba\\\/#organization\"},\"image\":{\"@id\":\"https:\\\/\\\/radioljubuski.ba\\\/index.php\\\/2022\\\/07\\\/26\\\/grlic-radman-bih-nije-vlasnistvo-jednog-naroda\\\/#primaryimage\"},\"thumbnailUrl\":\"https:\\\/\\\/radioljubuski.ba\\\/wp-content\\\/uploads\\\/2022\\\/05\\\/grlic.jpg\",\"articleSection\":[\"BIH i regija\"],\"inLanguage\":\"hr\"},{\"@type\":\"WebPage\",\"@id\":\"https:\\\/\\\/radioljubuski.ba\\\/index.php\\\/2022\\\/07\\\/26\\\/grlic-radman-bih-nije-vlasnistvo-jednog-naroda\\\/\",\"url\":\"https:\\\/\\\/radioljubuski.ba\\\/index.php\\\/2022\\\/07\\\/26\\\/grlic-radman-bih-nije-vlasnistvo-jednog-naroda\\\/\",\"name\":\"Grli\u0107 Radman: BiH nije vlasni\u0161tvo jednog naroda - RADIO LJUBU\u0160KI\",\"isPartOf\":{\"@id\":\"https:\\\/\\\/radioljubuski.ba\\\/#website\"},\"primaryImageOfPage\":{\"@id\":\"https:\\\/\\\/radioljubuski.ba\\\/index.php\\\/2022\\\/07\\\/26\\\/grlic-radman-bih-nije-vlasnistvo-jednog-naroda\\\/#primaryimage\"},\"image\":{\"@id\":\"https:\\\/\\\/radioljubuski.ba\\\/index.php\\\/2022\\\/07\\\/26\\\/grlic-radman-bih-nije-vlasnistvo-jednog-naroda\\\/#primaryimage\"},\"thumbnailUrl\":\"https:\\\/\\\/radioljubuski.ba\\\/wp-content\\\/uploads\\\/2022\\\/05\\\/grlic.jpg\",\"datePublished\":\"2022-07-26T09:28:40+00:00\",\"dateModified\":\"2022-07-26T09:28:41+00:00\",\"breadcrumb\":{\"@id\":\"https:\\\/\\\/radioljubuski.ba\\\/index.php\\\/2022\\\/07\\\/26\\\/grlic-radman-bih-nije-vlasnistvo-jednog-naroda\\\/#breadcrumb\"},\"inLanguage\":\"hr\",\"potentialAction\":[{\"@type\":\"ReadAction\",\"target\":[\"https:\\\/\\\/radioljubuski.ba\\\/index.php\\\/2022\\\/07\\\/26\\\/grlic-radman-bih-nije-vlasnistvo-jednog-naroda\\\/\"]}]},{\"@type\":\"ImageObject\",\"inLanguage\":\"hr\",\"@id\":\"https:\\\/\\\/radioljubuski.ba\\\/index.php\\\/2022\\\/07\\\/26\\\/grlic-radman-bih-nije-vlasnistvo-jednog-naroda\\\/#primaryimage\",\"url\":\"https:\\\/\\\/radioljubuski.ba\\\/wp-content\\\/uploads\\\/2022\\\/05\\\/grlic.jpg\",\"contentUrl\":\"https:\\\/\\\/radioljubuski.ba\\\/wp-content\\\/uploads\\\/2022\\\/05\\\/grlic.jpg\",\"width\":1000,\"height\":625},{\"@type\":\"BreadcrumbList\",\"@id\":\"https:\\\/\\\/radioljubuski.ba\\\/index.php\\\/2022\\\/07\\\/26\\\/grlic-radman-bih-nije-vlasnistvo-jednog-naroda\\\/#breadcrumb\",\"itemListElement\":[{\"@type\":\"ListItem\",\"position\":1,\"name\":\"Po\u010detna stranica\",\"item\":\"https:\\\/\\\/radioljubuski.ba\\\/\"},{\"@type\":\"ListItem\",\"position\":2,\"name\":\"Grli\u0107 Radman: BiH nije vlasni\u0161tvo jednog naroda\"}]},{\"@type\":\"WebSite\",\"@id\":\"https:\\\/\\\/radioljubuski.ba\\\/#website\",\"url\":\"https:\\\/\\\/radioljubuski.ba\\\/\",\"name\":\"Radio Ljubu\u0161ki\",\"description\":\"Sun\u010dana frekvencija Hercegovine\",\"publisher\":{\"@id\":\"https:\\\/\\\/radioljubuski.ba\\\/#organization\"},\"potentialAction\":[{\"@type\":\"SearchAction\",\"target\":{\"@type\":\"EntryPoint\",\"urlTemplate\":\"https:\\\/\\\/radioljubuski.ba\\\/?s={search_term_string}\"},\"query-input\":{\"@type\":\"PropertyValueSpecification\",\"valueRequired\":true,\"valueName\":\"search_term_string\"}}],\"inLanguage\":\"hr\"},{\"@type\":\"Organization\",\"@id\":\"https:\\\/\\\/radioljubuski.ba\\\/#organization\",\"name\":\"Radio Ljubu\u0161ki\",\"url\":\"https:\\\/\\\/radioljubuski.ba\\\/\",\"logo\":{\"@type\":\"ImageObject\",\"inLanguage\":\"hr\",\"@id\":\"https:\\\/\\\/radioljubuski.ba\\\/#\\\/schema\\\/logo\\\/image\\\/\",\"url\":\"https:\\\/\\\/radioljubuski.ba\\\/wp-content\\\/uploads\\\/2021\\\/02\\\/cropped-Radio_Ljubuski_logo1.jpg\",\"contentUrl\":\"https:\\\/\\\/radioljubuski.ba\\\/wp-content\\\/uploads\\\/2021\\\/02\\\/cropped-Radio_Ljubuski_logo1.jpg\",\"width\":512,\"height\":512,\"caption\":\"Radio Ljubu\u0161ki\"},\"image\":{\"@id\":\"https:\\\/\\\/radioljubuski.ba\\\/#\\\/schema\\\/logo\\\/image\\\/\"},\"sameAs\":[\"https:\\\/\\\/www.facebook.com\\\/Radiio-Ljubuski-1490835324566332\",\"https:\\\/\\\/x.com\\\/radioljubuski\",\"https:\\\/\\\/hr.linkedin.com\\\/company\\\/radio-ljubuski\",\"https:\\\/\\\/www.youtube.com\\\/channel\\\/UCHYaeO_n0Db3tjNGudGpXyw\"]},{\"@type\":\"Person\",\"@id\":\"https:\\\/\\\/radioljubuski.ba\\\/#\\\/schema\\\/person\\\/19fc700381a780f69665d7956c469e3b\",\"name\":\"Radio Ljubu\u0161ki\"}]}<\/script>\n<!-- \/ Yoast SEO plugin. -->","yoast_head_json":{"title":"Grli\u0107 Radman: BiH nije vlasni\u0161tvo jednog naroda - RADIO LJUBU\u0160KI","robots":{"index":"index","follow":"follow","max-snippet":"max-snippet:-1","max-image-preview":"max-image-preview:large","max-video-preview":"max-video-preview:-1"},"canonical":"https:\/\/radioljubuski.ba\/index.php\/2022\/07\/26\/grlic-radman-bih-nije-vlasnistvo-jednog-naroda\/","og_locale":"hr_HR","og_type":"article","og_title":"Grli\u0107 Radman: BiH nije vlasni\u0161tvo jednog naroda - RADIO LJUBU\u0160KI","og_description":"Tijekom posjete Hrvatima u BiH, s premijerom Hrvatske Andrejem Plenkovi\u0107em je bio i Gordan Grli\u0107 Radman, ministar vanjskih poslova. U razgovoru za HRT je izjavio da Hrvatska podra\u017eava Visokog predstavnika da prona\u0111e rje\u0161enje koje \u0107e zadovoljiti tri konstitutivna naroda i omogu\u0107iti njihovu jednaku politi\u010dku participaciju kako u zakonodavnoj, tako i u izvr\u0161noj vlasti. \u2013 Ovdje [&hellip;]","og_url":"https:\/\/radioljubuski.ba\/index.php\/2022\/07\/26\/grlic-radman-bih-nije-vlasnistvo-jednog-naroda\/","og_site_name":"RADIO LJUBU\u0160KI","article_publisher":"https:\/\/www.facebook.com\/Radiio-Ljubuski-1490835324566332","article_published_time":"2022-07-26T09:28:40+00:00","article_modified_time":"2022-07-26T09:28:41+00:00","og_image":[{"width":1000,"height":625,"url":"https:\/\/radioljubuski.ba\/wp-content\/uploads\/2022\/05\/grlic.jpg","type":"image\/jpeg"}],"author":"Radio Ljubu\u0161ki","twitter_card":"summary_large_image","twitter_creator":"@radioljubuski","twitter_site":"@radioljubuski","twitter_misc":{"Napisao\/la":"Radio Ljubu\u0161ki","Procijenjeno vrijeme \u010ditanja":"2 minute"},"schema":{"@context":"https:\/\/schema.org","@graph":[{"@type":"Article","@id":"https:\/\/radioljubuski.ba\/index.php\/2022\/07\/26\/grlic-radman-bih-nije-vlasnistvo-jednog-naroda\/#article","isPartOf":{"@id":"https:\/\/radioljubuski.ba\/index.php\/2022\/07\/26\/grlic-radman-bih-nije-vlasnistvo-jednog-naroda\/"},"author":{"name":"Radio Ljubu\u0161ki","@id":"https:\/\/radioljubuski.ba\/#\/schema\/person\/19fc700381a780f69665d7956c469e3b"},"headline":"Grli\u0107 Radman: BiH nije vlasni\u0161tvo jednog naroda","datePublished":"2022-07-26T09:28:40+00:00","dateModified":"2022-07-26T09:28:41+00:00","mainEntityOfPage":{"@id":"https:\/\/radioljubuski.ba\/index.php\/2022\/07\/26\/grlic-radman-bih-nije-vlasnistvo-jednog-naroda\/"},"wordCount":452,"publisher":{"@id":"https:\/\/radioljubuski.ba\/#organization"},"image":{"@id":"https:\/\/radioljubuski.ba\/index.php\/2022\/07\/26\/grlic-radman-bih-nije-vlasnistvo-jednog-naroda\/#primaryimage"},"thumbnailUrl":"https:\/\/radioljubuski.ba\/wp-content\/uploads\/2022\/05\/grlic.jpg","articleSection":["BIH i regija"],"inLanguage":"hr"},{"@type":"WebPage","@id":"https:\/\/radioljubuski.ba\/index.php\/2022\/07\/26\/grlic-radman-bih-nije-vlasnistvo-jednog-naroda\/","url":"https:\/\/radioljubuski.ba\/index.php\/2022\/07\/26\/grlic-radman-bih-nije-vlasnistvo-jednog-naroda\/","name":"Grli\u0107 Radman: BiH nije vlasni\u0161tvo jednog naroda - RADIO LJUBU\u0160KI","isPartOf":{"@id":"https:\/\/radioljubuski.ba\/#website"},"primaryImageOfPage":{"@id":"https:\/\/radioljubuski.ba\/index.php\/2022\/07\/26\/grlic-radman-bih-nije-vlasnistvo-jednog-naroda\/#primaryimage"},"image":{"@id":"https:\/\/radioljubuski.ba\/index.php\/2022\/07\/26\/grlic-radman-bih-nije-vlasnistvo-jednog-naroda\/#primaryimage"},"thumbnailUrl":"https:\/\/radioljubuski.ba\/wp-content\/uploads\/2022\/05\/grlic.jpg","datePublished":"2022-07-26T09:28:40+00:00","dateModified":"2022-07-26T09:28:41+00:00","breadcrumb":{"@id":"https:\/\/radioljubuski.ba\/index.php\/2022\/07\/26\/grlic-radman-bih-nije-vlasnistvo-jednog-naroda\/#breadcrumb"},"inLanguage":"hr","potentialAction":[{"@type":"ReadAction","target":["https:\/\/radioljubuski.ba\/index.php\/2022\/07\/26\/grlic-radman-bih-nije-vlasnistvo-jednog-naroda\/"]}]},{"@type":"ImageObject","inLanguage":"hr","@id":"https:\/\/radioljubuski.ba\/index.php\/2022\/07\/26\/grlic-radman-bih-nije-vlasnistvo-jednog-naroda\/#primaryimage","url":"https:\/\/radioljubuski.ba\/wp-content\/uploads\/2022\/05\/grlic.jpg","contentUrl":"https:\/\/radioljubuski.ba\/wp-content\/uploads\/2022\/05\/grlic.jpg","width":1000,"height":625},{"@type":"BreadcrumbList","@id":"https:\/\/radioljubuski.ba\/index.php\/2022\/07\/26\/grlic-radman-bih-nije-vlasnistvo-jednog-naroda\/#breadcrumb","itemListElement":[{"@type":"ListItem","position":1,"name":"Po\u010detna stranica","item":"https:\/\/radioljubuski.ba\/"},{"@type":"ListItem","position":2,"name":"Grli\u0107 Radman: BiH nije vlasni\u0161tvo jednog naroda"}]},{"@type":"WebSite","@id":"https:\/\/radioljubuski.ba\/#website","url":"https:\/\/radioljubuski.ba\/","name":"Radio Ljubu\u0161ki","description":"Sun\u010dana frekvencija Hercegovine","publisher":{"@id":"https:\/\/radioljubuski.ba\/#organization"},"potentialAction":[{"@type":"SearchAction","target":{"@type":"EntryPoint","urlTemplate":"https:\/\/radioljubuski.ba\/?s={search_term_string}"},"query-input":{"@type":"PropertyValueSpecification","valueRequired":true,"valueName":"search_term_string"}}],"inLanguage":"hr"},{"@type":"Organization","@id":"https:\/\/radioljubuski.ba\/#organization","name":"Radio Ljubu\u0161ki","url":"https:\/\/radioljubuski.ba\/","logo":{"@type":"ImageObject","inLanguage":"hr","@id":"https:\/\/radioljubuski.ba\/#\/schema\/logo\/image\/","url":"https:\/\/radioljubuski.ba\/wp-content\/uploads\/2021\/02\/cropped-Radio_Ljubuski_logo1.jpg","contentUrl":"https:\/\/radioljubuski.ba\/wp-content\/uploads\/2021\/02\/cropped-Radio_Ljubuski_logo1.jpg","width":512,"height":512,"caption":"Radio Ljubu\u0161ki"},"image":{"@id":"https:\/\/radioljubuski.ba\/#\/schema\/logo\/image\/"},"sameAs":["https:\/\/www.facebook.com\/Radiio-Ljubuski-1490835324566332","https:\/\/x.com\/radioljubuski","https:\/\/hr.linkedin.com\/company\/radio-ljubuski","https:\/\/www.youtube.com\/channel\/UCHYaeO_n0Db3tjNGudGpXyw"]},{"@type":"Person","@id":"https:\/\/radioljubuski.ba\/#\/schema\/person\/19fc700381a780f69665d7956c469e3b","name":"Radio Ljubu\u0161ki"}]}},"_links":{"self":[{"href":"https:\/\/radioljubuski.ba\/index.php\/wp-json\/wp\/v2\/posts\/163452","targetHints":{"allow":["GET"]}}],"collection":[{"href":"https:\/\/radioljubuski.ba\/index.php\/wp-json\/wp\/v2\/posts"}],"about":[{"href":"https:\/\/radioljubuski.ba\/index.php\/wp-json\/wp\/v2\/types\/post"}],"author":[{"embeddable":true,"href":"https:\/\/radioljubuski.ba\/index.php\/wp-json\/wp\/v2\/users\/2"}],"replies":[{"embeddable":true,"href":"https:\/\/radioljubuski.ba\/index.php\/wp-json\/wp\/v2\/comments?post=163452"}],"version-history":[{"count":1,"href":"https:\/\/radioljubuski.ba\/index.php\/wp-json\/wp\/v2\/posts\/163452\/revisions"}],"predecessor-version":[{"id":163453,"href":"https:\/\/radioljubuski.ba\/index.php\/wp-json\/wp\/v2\/posts\/163452\/revisions\/163453"}],"wp:featuredmedia":[{"embeddable":true,"href":"https:\/\/radioljubuski.ba\/index.php\/wp-json\/wp\/v2\/media\/138555"}],"wp:attachment":[{"href":"https:\/\/radioljubuski.ba\/index.php\/wp-json\/wp\/v2\/media?parent=163452"}],"wp:term":[{"taxonomy":"category","embeddable":true,"href":"https:\/\/radioljubuski.ba\/index.php\/wp-json\/wp\/v2\/categories?post=163452"},{"taxonomy":"post_tag","embeddable":true,"href":"https:\/\/radioljubuski.ba\/index.php\/wp-json\/wp\/v2\/tags?post=163452"}],"curies":[{"name":"wp","href":"https:\/\/api.w.org\/{rel}","templated":true}]}}