{"id":163457,"date":"2022-07-26T10:31:47","date_gmt":"2022-07-26T09:31:47","guid":{"rendered":"https:\/\/radioljubuski.ba\/?p=163457"},"modified":"2022-07-26T10:31:49","modified_gmt":"2022-07-26T09:31:49","slug":"vilic-potvrdio-pisanje-hms-a-kriminalne-skupine-planirale-napad-molotovljevim-koktelima-na-zgradu-ohr-a","status":"publish","type":"post","link":"https:\/\/radioljubuski.ba\/index.php\/2022\/07\/26\/vilic-potvrdio-pisanje-hms-a-kriminalne-skupine-planirale-napad-molotovljevim-koktelima-na-zgradu-ohr-a\/","title":{"rendered":"Vili\u0107 potvrdio pisanje HMS-a, kriminalne skupine planirale napad molotovljevim koktelima na zgradu OHR-a"},"content":{"rendered":"\n<p><strong>Ravnatelj Direkcije za koordinaciju policijskih tijela BiH, Mirsad Vili\u0107, kazao je za <a href=\"https:\/\/nap.ba\/news\/96392\">Patriju<\/a> da je policijska agencija kojoj je na \u010delu zaprimila informaciju od OHR-a da kriminalne skupine namjeravaju sino\u0107 zgradu OHR-a u Sarajevu napasti molotovljevim koktelima, potvrdiv\u0161i tako <a href=\"https:\/\/hms.ba\/schmidt-upozoren-kriminalne-skupine-namjeravaju-zgradu-ohr-a-napasti-molotovljevim-koktelima\/\">informaciju koju je Hrvatski Medijski Servis ekskluzivno objavio<\/a>.<\/strong><\/p>\n\n\n\n<p>Vili\u0107 je za NAP izjavio da je sino\u0107nji skup u Sarajevu bio miran i dostojanstven.<\/p>\n\n\n\n<p>\u201cSigurnost visokog predstavnika Christiana Schmidta i zgrade OHR-a su zagarantirani. Instance dr\u017eave Bosne i Hercegovine provode svoje aktivnosti u skladu sa zakonima i budite sigurni da profesionalno rade svoje posao\u201c, rekao je Vili\u0107.<\/p>\n\n\n\n<p>Zanimljivo, do zaklju\u010denja ovog teksta HMS nije dobio odgovor na upit DKPT-u o tome jesu li obavije\u0161teni od OHR-a da kriminalne skupine namjeravaju ve\u010deras zgradu OHR-a u Sarajevu napasti molotovljevim koktelima te jesu li dobili zahtjev za anga\u017emanom dodatnih policajaca u civilu na osiguranju zgrade OHR-a.&nbsp; Vili\u0107 je, kako vidimo, pisanje HMS-a potvrdio sarajevskim medijima.<\/p>\n\n\n\n<p>Podsjetimo, HMS je u kasnim poslijepodnevnim satima objavio da je jedna strana obavje\u0161tajna slu\u017eba dostavila Uredu visokog predstavnika Christiana Schmidta da \u0107e ve\u010deras kriminalne skupine bacati molotovljeve koktele na zgradu OHR-a.<\/p>\n\n\n\n<p>Pisali smo i da je informaciju Schmidtov ured odmah proslijedio \u0161efu osiguranja zgrade OHR-a te da je OHR-a o ovom obavijestio ravnatelja Direkcije za koordinaciju policijskih agencija BiH Mirsada Vili\u0107a.<\/p>\n\n\n\n<p>Tako\u0111er, nakon informacije koja je iz strane obavje\u0161tajne slu\u017ebe stigla u OHR i zahtjeva OHR-a upu\u0107enom Vili\u0107u, on je odlu\u010dio osiguranje Schmidtovog ureda poja\u010dati s jo\u0161 50 policajaca u civilu (uz oko sto policajaca koji su ve\u0107 bili anga\u017eirani) .<\/p>\n\n\n\n<p>Ve\u010deras je od 19 sati, na poziv bo\u0161nja\u010dkih stranaka, odr\u017ean prosvjed protiv navodne odluke visokog predstavnika da uvede cenzus od 3 posto na izbor izaslanika iz pojedinih \u017eupanija u Federalni Dom naroda \u010dime bi se, barem djelomi\u010dno, onemogu\u0107ilo da jedan narod bira drugome politi\u010dke predstavnike u Dom naroda.<\/p>\n\n\n\n<p>Policija je prosvjednike koji se jo\u0161 nalaze ispred zgrade OHR-a u Sarajevu i tu planiraju preno\u0107iti pozvala da se mirno razi\u0111u.<\/p>\n\n\n\n<p>\/R.I.\/HMS\/<\/p>\n","protected":false},"excerpt":{"rendered":"<p>Ravnatelj Direkcije za koordinaciju policijskih tijela BiH, Mirsad Vili\u0107, kazao je za Patriju da je policijska agencija kojoj je na \u010delu zaprimila informaciju od OHR-a da kriminalne skupine namjeravaju sino\u0107 zgradu OHR-a u Sarajevu napasti molotovljevim koktelima, potvrdiv\u0161i tako informaciju koju je Hrvatski Medijski Servis ekskluzivno objavio. Vili\u0107 je za NAP izjavio da je sino\u0107nji [&hellip;]<\/p>\n","protected":false},"author":2,"featured_media":163458,"comment_status":"closed","ping_status":"closed","sticky":false,"template":"","format":"standard","meta":{"h5ap_radio_sources":[],"footnotes":""},"categories":[1],"tags":[],"class_list":["post-163457","post","type-post","status-publish","format-standard","has-post-thumbnail","hentry","category-bihiregija"],"yoast_head":"<!-- This site is optimized with the Yoast SEO plugin v27.5 - https:\/\/yoast.com\/product\/yoast-seo-wordpress\/ -->\n<title>Vili\u0107 potvrdio pisanje HMS-a, kriminalne skupine planirale napad molotovljevim koktelima na zgradu OHR-a - RADIO LJUBU\u0160KI<\/title>\n<meta name=\"robots\" content=\"index, follow, max-snippet:-1, max-image-preview:large, max-video-preview:-1\" \/>\n<link rel=\"canonical\" href=\"https:\/\/radioljubuski.ba\/index.php\/2022\/07\/26\/vilic-potvrdio-pisanje-hms-a-kriminalne-skupine-planirale-napad-molotovljevim-koktelima-na-zgradu-ohr-a\/\" \/>\n<meta property=\"og:locale\" content=\"hr_HR\" \/>\n<meta property=\"og:type\" content=\"article\" \/>\n<meta property=\"og:title\" content=\"Vili\u0107 potvrdio pisanje HMS-a, kriminalne skupine planirale napad molotovljevim koktelima na zgradu OHR-a - RADIO LJUBU\u0160KI\" \/>\n<meta property=\"og:description\" content=\"Ravnatelj Direkcije za koordinaciju policijskih tijela BiH, Mirsad Vili\u0107, kazao je za Patriju da je policijska agencija kojoj je na \u010delu zaprimila informaciju od OHR-a da kriminalne skupine namjeravaju sino\u0107 zgradu OHR-a u Sarajevu napasti molotovljevim koktelima, potvrdiv\u0161i tako informaciju koju je Hrvatski Medijski Servis ekskluzivno objavio. Vili\u0107 je za NAP izjavio da je sino\u0107nji [&hellip;]\" \/>\n<meta property=\"og:url\" content=\"https:\/\/radioljubuski.ba\/index.php\/2022\/07\/26\/vilic-potvrdio-pisanje-hms-a-kriminalne-skupine-planirale-napad-molotovljevim-koktelima-na-zgradu-ohr-a\/\" \/>\n<meta property=\"og:site_name\" content=\"RADIO LJUBU\u0160KI\" \/>\n<meta property=\"article:publisher\" content=\"https:\/\/www.facebook.com\/Radiio-Ljubuski-1490835324566332\" \/>\n<meta property=\"article:published_time\" content=\"2022-07-26T09:31:47+00:00\" \/>\n<meta property=\"article:modified_time\" content=\"2022-07-26T09:31:49+00:00\" \/>\n<meta property=\"og:image\" content=\"https:\/\/radioljubuski.ba\/wp-content\/uploads\/2022\/07\/b_180222097.jpg\" \/>\n\t<meta property=\"og:image:width\" content=\"850\" \/>\n\t<meta property=\"og:image:height\" content=\"601\" \/>\n\t<meta property=\"og:image:type\" content=\"image\/jpeg\" \/>\n<meta name=\"author\" content=\"Radio Ljubu\u0161ki\" \/>\n<meta name=\"twitter:card\" content=\"summary_large_image\" \/>\n<meta name=\"twitter:creator\" content=\"@radioljubuski\" \/>\n<meta name=\"twitter:site\" content=\"@radioljubuski\" \/>\n<meta name=\"twitter:label1\" content=\"Napisao\/la\" \/>\n\t<meta name=\"twitter:data1\" content=\"Radio Ljubu\u0161ki\" \/>\n\t<meta name=\"twitter:label2\" content=\"Procijenjeno vrijeme \u010ditanja\" \/>\n\t<meta name=\"twitter:data2\" content=\"2 minute\" \/>\n<script type=\"application\/ld+json\" class=\"yoast-schema-graph\">{\"@context\":\"https:\\\/\\\/schema.org\",\"@graph\":[{\"@type\":\"Article\",\"@id\":\"https:\\\/\\\/radioljubuski.ba\\\/index.php\\\/2022\\\/07\\\/26\\\/vilic-potvrdio-pisanje-hms-a-kriminalne-skupine-planirale-napad-molotovljevim-koktelima-na-zgradu-ohr-a\\\/#article\",\"isPartOf\":{\"@id\":\"https:\\\/\\\/radioljubuski.ba\\\/index.php\\\/2022\\\/07\\\/26\\\/vilic-potvrdio-pisanje-hms-a-kriminalne-skupine-planirale-napad-molotovljevim-koktelima-na-zgradu-ohr-a\\\/\"},\"author\":{\"name\":\"Radio Ljubu\u0161ki\",\"@id\":\"https:\\\/\\\/radioljubuski.ba\\\/#\\\/schema\\\/person\\\/19fc700381a780f69665d7956c469e3b\"},\"headline\":\"Vili\u0107 potvrdio pisanje HMS-a, kriminalne skupine planirale napad molotovljevim koktelima na zgradu OHR-a\",\"datePublished\":\"2022-07-26T09:31:47+00:00\",\"dateModified\":\"2022-07-26T09:31:49+00:00\",\"mainEntityOfPage\":{\"@id\":\"https:\\\/\\\/radioljubuski.ba\\\/index.php\\\/2022\\\/07\\\/26\\\/vilic-potvrdio-pisanje-hms-a-kriminalne-skupine-planirale-napad-molotovljevim-koktelima-na-zgradu-ohr-a\\\/\"},\"wordCount\":361,\"publisher\":{\"@id\":\"https:\\\/\\\/radioljubuski.ba\\\/#organization\"},\"image\":{\"@id\":\"https:\\\/\\\/radioljubuski.ba\\\/index.php\\\/2022\\\/07\\\/26\\\/vilic-potvrdio-pisanje-hms-a-kriminalne-skupine-planirale-napad-molotovljevim-koktelima-na-zgradu-ohr-a\\\/#primaryimage\"},\"thumbnailUrl\":\"https:\\\/\\\/radioljubuski.ba\\\/wp-content\\\/uploads\\\/2022\\\/07\\\/b_180222097.jpg\",\"articleSection\":[\"BIH i regija\"],\"inLanguage\":\"hr\"},{\"@type\":\"WebPage\",\"@id\":\"https:\\\/\\\/radioljubuski.ba\\\/index.php\\\/2022\\\/07\\\/26\\\/vilic-potvrdio-pisanje-hms-a-kriminalne-skupine-planirale-napad-molotovljevim-koktelima-na-zgradu-ohr-a\\\/\",\"url\":\"https:\\\/\\\/radioljubuski.ba\\\/index.php\\\/2022\\\/07\\\/26\\\/vilic-potvrdio-pisanje-hms-a-kriminalne-skupine-planirale-napad-molotovljevim-koktelima-na-zgradu-ohr-a\\\/\",\"name\":\"Vili\u0107 potvrdio pisanje HMS-a, kriminalne skupine planirale napad molotovljevim koktelima na zgradu OHR-a - RADIO LJUBU\u0160KI\",\"isPartOf\":{\"@id\":\"https:\\\/\\\/radioljubuski.ba\\\/#website\"},\"primaryImageOfPage\":{\"@id\":\"https:\\\/\\\/radioljubuski.ba\\\/index.php\\\/2022\\\/07\\\/26\\\/vilic-potvrdio-pisanje-hms-a-kriminalne-skupine-planirale-napad-molotovljevim-koktelima-na-zgradu-ohr-a\\\/#primaryimage\"},\"image\":{\"@id\":\"https:\\\/\\\/radioljubuski.ba\\\/index.php\\\/2022\\\/07\\\/26\\\/vilic-potvrdio-pisanje-hms-a-kriminalne-skupine-planirale-napad-molotovljevim-koktelima-na-zgradu-ohr-a\\\/#primaryimage\"},\"thumbnailUrl\":\"https:\\\/\\\/radioljubuski.ba\\\/wp-content\\\/uploads\\\/2022\\\/07\\\/b_180222097.jpg\",\"datePublished\":\"2022-07-26T09:31:47+00:00\",\"dateModified\":\"2022-07-26T09:31:49+00:00\",\"breadcrumb\":{\"@id\":\"https:\\\/\\\/radioljubuski.ba\\\/index.php\\\/2022\\\/07\\\/26\\\/vilic-potvrdio-pisanje-hms-a-kriminalne-skupine-planirale-napad-molotovljevim-koktelima-na-zgradu-ohr-a\\\/#breadcrumb\"},\"inLanguage\":\"hr\",\"potentialAction\":[{\"@type\":\"ReadAction\",\"target\":[\"https:\\\/\\\/radioljubuski.ba\\\/index.php\\\/2022\\\/07\\\/26\\\/vilic-potvrdio-pisanje-hms-a-kriminalne-skupine-planirale-napad-molotovljevim-koktelima-na-zgradu-ohr-a\\\/\"]}]},{\"@type\":\"ImageObject\",\"inLanguage\":\"hr\",\"@id\":\"https:\\\/\\\/radioljubuski.ba\\\/index.php\\\/2022\\\/07\\\/26\\\/vilic-potvrdio-pisanje-hms-a-kriminalne-skupine-planirale-napad-molotovljevim-koktelima-na-zgradu-ohr-a\\\/#primaryimage\",\"url\":\"https:\\\/\\\/radioljubuski.ba\\\/wp-content\\\/uploads\\\/2022\\\/07\\\/b_180222097.jpg\",\"contentUrl\":\"https:\\\/\\\/radioljubuski.ba\\\/wp-content\\\/uploads\\\/2022\\\/07\\\/b_180222097.jpg\",\"width\":850,\"height\":601},{\"@type\":\"BreadcrumbList\",\"@id\":\"https:\\\/\\\/radioljubuski.ba\\\/index.php\\\/2022\\\/07\\\/26\\\/vilic-potvrdio-pisanje-hms-a-kriminalne-skupine-planirale-napad-molotovljevim-koktelima-na-zgradu-ohr-a\\\/#breadcrumb\",\"itemListElement\":[{\"@type\":\"ListItem\",\"position\":1,\"name\":\"Po\u010detna stranica\",\"item\":\"https:\\\/\\\/radioljubuski.ba\\\/\"},{\"@type\":\"ListItem\",\"position\":2,\"name\":\"Vili\u0107 potvrdio pisanje HMS-a, kriminalne skupine planirale napad molotovljevim koktelima na zgradu OHR-a\"}]},{\"@type\":\"WebSite\",\"@id\":\"https:\\\/\\\/radioljubuski.ba\\\/#website\",\"url\":\"https:\\\/\\\/radioljubuski.ba\\\/\",\"name\":\"Radio Ljubu\u0161ki\",\"description\":\"Sun\u010dana frekvencija Hercegovine\",\"publisher\":{\"@id\":\"https:\\\/\\\/radioljubuski.ba\\\/#organization\"},\"potentialAction\":[{\"@type\":\"SearchAction\",\"target\":{\"@type\":\"EntryPoint\",\"urlTemplate\":\"https:\\\/\\\/radioljubuski.ba\\\/?s={search_term_string}\"},\"query-input\":{\"@type\":\"PropertyValueSpecification\",\"valueRequired\":true,\"valueName\":\"search_term_string\"}}],\"inLanguage\":\"hr\"},{\"@type\":\"Organization\",\"@id\":\"https:\\\/\\\/radioljubuski.ba\\\/#organization\",\"name\":\"Radio Ljubu\u0161ki\",\"url\":\"https:\\\/\\\/radioljubuski.ba\\\/\",\"logo\":{\"@type\":\"ImageObject\",\"inLanguage\":\"hr\",\"@id\":\"https:\\\/\\\/radioljubuski.ba\\\/#\\\/schema\\\/logo\\\/image\\\/\",\"url\":\"https:\\\/\\\/radioljubuski.ba\\\/wp-content\\\/uploads\\\/2021\\\/02\\\/cropped-Radio_Ljubuski_logo1.jpg\",\"contentUrl\":\"https:\\\/\\\/radioljubuski.ba\\\/wp-content\\\/uploads\\\/2021\\\/02\\\/cropped-Radio_Ljubuski_logo1.jpg\",\"width\":512,\"height\":512,\"caption\":\"Radio Ljubu\u0161ki\"},\"image\":{\"@id\":\"https:\\\/\\\/radioljubuski.ba\\\/#\\\/schema\\\/logo\\\/image\\\/\"},\"sameAs\":[\"https:\\\/\\\/www.facebook.com\\\/Radiio-Ljubuski-1490835324566332\",\"https:\\\/\\\/x.com\\\/radioljubuski\",\"https:\\\/\\\/hr.linkedin.com\\\/company\\\/radio-ljubuski\",\"https:\\\/\\\/www.youtube.com\\\/channel\\\/UCHYaeO_n0Db3tjNGudGpXyw\"]},{\"@type\":\"Person\",\"@id\":\"https:\\\/\\\/radioljubuski.ba\\\/#\\\/schema\\\/person\\\/19fc700381a780f69665d7956c469e3b\",\"name\":\"Radio Ljubu\u0161ki\"}]}<\/script>\n<!-- \/ Yoast SEO plugin. -->","yoast_head_json":{"title":"Vili\u0107 potvrdio pisanje HMS-a, kriminalne skupine planirale napad molotovljevim koktelima na zgradu OHR-a - RADIO LJUBU\u0160KI","robots":{"index":"index","follow":"follow","max-snippet":"max-snippet:-1","max-image-preview":"max-image-preview:large","max-video-preview":"max-video-preview:-1"},"canonical":"https:\/\/radioljubuski.ba\/index.php\/2022\/07\/26\/vilic-potvrdio-pisanje-hms-a-kriminalne-skupine-planirale-napad-molotovljevim-koktelima-na-zgradu-ohr-a\/","og_locale":"hr_HR","og_type":"article","og_title":"Vili\u0107 potvrdio pisanje HMS-a, kriminalne skupine planirale napad molotovljevim koktelima na zgradu OHR-a - RADIO LJUBU\u0160KI","og_description":"Ravnatelj Direkcije za koordinaciju policijskih tijela BiH, Mirsad Vili\u0107, kazao je za Patriju da je policijska agencija kojoj je na \u010delu zaprimila informaciju od OHR-a da kriminalne skupine namjeravaju sino\u0107 zgradu OHR-a u Sarajevu napasti molotovljevim koktelima, potvrdiv\u0161i tako informaciju koju je Hrvatski Medijski Servis ekskluzivno objavio. Vili\u0107 je za NAP izjavio da je sino\u0107nji [&hellip;]","og_url":"https:\/\/radioljubuski.ba\/index.php\/2022\/07\/26\/vilic-potvrdio-pisanje-hms-a-kriminalne-skupine-planirale-napad-molotovljevim-koktelima-na-zgradu-ohr-a\/","og_site_name":"RADIO LJUBU\u0160KI","article_publisher":"https:\/\/www.facebook.com\/Radiio-Ljubuski-1490835324566332","article_published_time":"2022-07-26T09:31:47+00:00","article_modified_time":"2022-07-26T09:31:49+00:00","og_image":[{"width":850,"height":601,"url":"https:\/\/radioljubuski.ba\/wp-content\/uploads\/2022\/07\/b_180222097.jpg","type":"image\/jpeg"}],"author":"Radio Ljubu\u0161ki","twitter_card":"summary_large_image","twitter_creator":"@radioljubuski","twitter_site":"@radioljubuski","twitter_misc":{"Napisao\/la":"Radio Ljubu\u0161ki","Procijenjeno vrijeme \u010ditanja":"2 minute"},"schema":{"@context":"https:\/\/schema.org","@graph":[{"@type":"Article","@id":"https:\/\/radioljubuski.ba\/index.php\/2022\/07\/26\/vilic-potvrdio-pisanje-hms-a-kriminalne-skupine-planirale-napad-molotovljevim-koktelima-na-zgradu-ohr-a\/#article","isPartOf":{"@id":"https:\/\/radioljubuski.ba\/index.php\/2022\/07\/26\/vilic-potvrdio-pisanje-hms-a-kriminalne-skupine-planirale-napad-molotovljevim-koktelima-na-zgradu-ohr-a\/"},"author":{"name":"Radio Ljubu\u0161ki","@id":"https:\/\/radioljubuski.ba\/#\/schema\/person\/19fc700381a780f69665d7956c469e3b"},"headline":"Vili\u0107 potvrdio pisanje HMS-a, kriminalne skupine planirale napad molotovljevim koktelima na zgradu OHR-a","datePublished":"2022-07-26T09:31:47+00:00","dateModified":"2022-07-26T09:31:49+00:00","mainEntityOfPage":{"@id":"https:\/\/radioljubuski.ba\/index.php\/2022\/07\/26\/vilic-potvrdio-pisanje-hms-a-kriminalne-skupine-planirale-napad-molotovljevim-koktelima-na-zgradu-ohr-a\/"},"wordCount":361,"publisher":{"@id":"https:\/\/radioljubuski.ba\/#organization"},"image":{"@id":"https:\/\/radioljubuski.ba\/index.php\/2022\/07\/26\/vilic-potvrdio-pisanje-hms-a-kriminalne-skupine-planirale-napad-molotovljevim-koktelima-na-zgradu-ohr-a\/#primaryimage"},"thumbnailUrl":"https:\/\/radioljubuski.ba\/wp-content\/uploads\/2022\/07\/b_180222097.jpg","articleSection":["BIH i regija"],"inLanguage":"hr"},{"@type":"WebPage","@id":"https:\/\/radioljubuski.ba\/index.php\/2022\/07\/26\/vilic-potvrdio-pisanje-hms-a-kriminalne-skupine-planirale-napad-molotovljevim-koktelima-na-zgradu-ohr-a\/","url":"https:\/\/radioljubuski.ba\/index.php\/2022\/07\/26\/vilic-potvrdio-pisanje-hms-a-kriminalne-skupine-planirale-napad-molotovljevim-koktelima-na-zgradu-ohr-a\/","name":"Vili\u0107 potvrdio pisanje HMS-a, kriminalne skupine planirale napad molotovljevim koktelima na zgradu OHR-a - RADIO LJUBU\u0160KI","isPartOf":{"@id":"https:\/\/radioljubuski.ba\/#website"},"primaryImageOfPage":{"@id":"https:\/\/radioljubuski.ba\/index.php\/2022\/07\/26\/vilic-potvrdio-pisanje-hms-a-kriminalne-skupine-planirale-napad-molotovljevim-koktelima-na-zgradu-ohr-a\/#primaryimage"},"image":{"@id":"https:\/\/radioljubuski.ba\/index.php\/2022\/07\/26\/vilic-potvrdio-pisanje-hms-a-kriminalne-skupine-planirale-napad-molotovljevim-koktelima-na-zgradu-ohr-a\/#primaryimage"},"thumbnailUrl":"https:\/\/radioljubuski.ba\/wp-content\/uploads\/2022\/07\/b_180222097.jpg","datePublished":"2022-07-26T09:31:47+00:00","dateModified":"2022-07-26T09:31:49+00:00","breadcrumb":{"@id":"https:\/\/radioljubuski.ba\/index.php\/2022\/07\/26\/vilic-potvrdio-pisanje-hms-a-kriminalne-skupine-planirale-napad-molotovljevim-koktelima-na-zgradu-ohr-a\/#breadcrumb"},"inLanguage":"hr","potentialAction":[{"@type":"ReadAction","target":["https:\/\/radioljubuski.ba\/index.php\/2022\/07\/26\/vilic-potvrdio-pisanje-hms-a-kriminalne-skupine-planirale-napad-molotovljevim-koktelima-na-zgradu-ohr-a\/"]}]},{"@type":"ImageObject","inLanguage":"hr","@id":"https:\/\/radioljubuski.ba\/index.php\/2022\/07\/26\/vilic-potvrdio-pisanje-hms-a-kriminalne-skupine-planirale-napad-molotovljevim-koktelima-na-zgradu-ohr-a\/#primaryimage","url":"https:\/\/radioljubuski.ba\/wp-content\/uploads\/2022\/07\/b_180222097.jpg","contentUrl":"https:\/\/radioljubuski.ba\/wp-content\/uploads\/2022\/07\/b_180222097.jpg","width":850,"height":601},{"@type":"BreadcrumbList","@id":"https:\/\/radioljubuski.ba\/index.php\/2022\/07\/26\/vilic-potvrdio-pisanje-hms-a-kriminalne-skupine-planirale-napad-molotovljevim-koktelima-na-zgradu-ohr-a\/#breadcrumb","itemListElement":[{"@type":"ListItem","position":1,"name":"Po\u010detna stranica","item":"https:\/\/radioljubuski.ba\/"},{"@type":"ListItem","position":2,"name":"Vili\u0107 potvrdio pisanje HMS-a, kriminalne skupine planirale napad molotovljevim koktelima na zgradu OHR-a"}]},{"@type":"WebSite","@id":"https:\/\/radioljubuski.ba\/#website","url":"https:\/\/radioljubuski.ba\/","name":"Radio Ljubu\u0161ki","description":"Sun\u010dana frekvencija Hercegovine","publisher":{"@id":"https:\/\/radioljubuski.ba\/#organization"},"potentialAction":[{"@type":"SearchAction","target":{"@type":"EntryPoint","urlTemplate":"https:\/\/radioljubuski.ba\/?s={search_term_string}"},"query-input":{"@type":"PropertyValueSpecification","valueRequired":true,"valueName":"search_term_string"}}],"inLanguage":"hr"},{"@type":"Organization","@id":"https:\/\/radioljubuski.ba\/#organization","name":"Radio Ljubu\u0161ki","url":"https:\/\/radioljubuski.ba\/","logo":{"@type":"ImageObject","inLanguage":"hr","@id":"https:\/\/radioljubuski.ba\/#\/schema\/logo\/image\/","url":"https:\/\/radioljubuski.ba\/wp-content\/uploads\/2021\/02\/cropped-Radio_Ljubuski_logo1.jpg","contentUrl":"https:\/\/radioljubuski.ba\/wp-content\/uploads\/2021\/02\/cropped-Radio_Ljubuski_logo1.jpg","width":512,"height":512,"caption":"Radio Ljubu\u0161ki"},"image":{"@id":"https:\/\/radioljubuski.ba\/#\/schema\/logo\/image\/"},"sameAs":["https:\/\/www.facebook.com\/Radiio-Ljubuski-1490835324566332","https:\/\/x.com\/radioljubuski","https:\/\/hr.linkedin.com\/company\/radio-ljubuski","https:\/\/www.youtube.com\/channel\/UCHYaeO_n0Db3tjNGudGpXyw"]},{"@type":"Person","@id":"https:\/\/radioljubuski.ba\/#\/schema\/person\/19fc700381a780f69665d7956c469e3b","name":"Radio Ljubu\u0161ki"}]}},"_links":{"self":[{"href":"https:\/\/radioljubuski.ba\/index.php\/wp-json\/wp\/v2\/posts\/163457","targetHints":{"allow":["GET"]}}],"collection":[{"href":"https:\/\/radioljubuski.ba\/index.php\/wp-json\/wp\/v2\/posts"}],"about":[{"href":"https:\/\/radioljubuski.ba\/index.php\/wp-json\/wp\/v2\/types\/post"}],"author":[{"embeddable":true,"href":"https:\/\/radioljubuski.ba\/index.php\/wp-json\/wp\/v2\/users\/2"}],"replies":[{"embeddable":true,"href":"https:\/\/radioljubuski.ba\/index.php\/wp-json\/wp\/v2\/comments?post=163457"}],"version-history":[{"count":1,"href":"https:\/\/radioljubuski.ba\/index.php\/wp-json\/wp\/v2\/posts\/163457\/revisions"}],"predecessor-version":[{"id":163459,"href":"https:\/\/radioljubuski.ba\/index.php\/wp-json\/wp\/v2\/posts\/163457\/revisions\/163459"}],"wp:featuredmedia":[{"embeddable":true,"href":"https:\/\/radioljubuski.ba\/index.php\/wp-json\/wp\/v2\/media\/163458"}],"wp:attachment":[{"href":"https:\/\/radioljubuski.ba\/index.php\/wp-json\/wp\/v2\/media?parent=163457"}],"wp:term":[{"taxonomy":"category","embeddable":true,"href":"https:\/\/radioljubuski.ba\/index.php\/wp-json\/wp\/v2\/categories?post=163457"},{"taxonomy":"post_tag","embeddable":true,"href":"https:\/\/radioljubuski.ba\/index.php\/wp-json\/wp\/v2\/tags?post=163457"}],"curies":[{"name":"wp","href":"https:\/\/api.w.org\/{rel}","templated":true}]}}