{"id":163472,"date":"2022-07-26T10:40:37","date_gmt":"2022-07-26T09:40:37","guid":{"rendered":"https:\/\/radioljubuski.ba\/?p=163472"},"modified":"2022-07-26T10:40:38","modified_gmt":"2022-07-26T09:40:38","slug":"radanovic-bosnjaci-zele-drzavu-bez-srba-i-hrvata-na-prvu-eventualnu-odluku-visokog-predstavnika-koja-nije-100-posto-u-njihovu-korist-odmah-su-se-mobilizirali","status":"publish","type":"post","link":"https:\/\/radioljubuski.ba\/index.php\/2022\/07\/26\/radanovic-bosnjaci-zele-drzavu-bez-srba-i-hrvata-na-prvu-eventualnu-odluku-visokog-predstavnika-koja-nije-100-posto-u-njihovu-korist-odmah-su-se-mobilizirali\/","title":{"rendered":"Radanovi\u0107: Bo\u0161njaci \u017eele dr\u017eavu bez Srba i Hrvata, na prvu eventualnu odluku visokog predstavnika koja nije 100 posto u njihovu korist odmah su se mobilizirali"},"content":{"rendered":"\n<p><strong>Predsjednik Odbora za za\u0161titu prava Srba u FBiH \u0110or\u0111e Radanovi\u0107 ocijenio je da je koncept izmjena Izbornog zakona BiH Christiana Schmidta i na\u010din raspodjele mandata u Domu naroda Federacije BiH (FBiH) usmjeren na to da bo\u0161nja\u010dke stranke uzmu srpske mandate.<\/strong><\/p>\n\n\n\n<p>Radanovi\u0107 je u izjavi Srni rekao da to osmi\u0161ljeno tako \u0161to su na liste SDA, SDP-a, DF-a, SBB-a, SDBiH-a, NS-a na visoka mjesta stavljene osobe koje su se samo izjasnile kao Srbi, a \u010diji je identitet upitan.<\/p>\n\n\n\n<p>\u201cAko je izabran s liste SDA, nositelj visokih ratnih odlikovanja muslimanske Armije BiH, borio se u ratu protiv Srba u BiH, znao za zlo\u010dine muslimana nad Srbima, onda taj izja\u0161njeni Srbin ima zakonski legalitet da bude izabran u Dom naroda ispred srpskog naroda, ali nema nikakav legitimitet\u201d, istaknuo je Radanovi\u0107.<\/p>\n\n\n\n<p>Bo\u0161njaci, tvrdi Radanovi\u0107, \u017eele dr\u017eavu bez Srba i Hrvata.<\/p>\n\n\n\n<p>\u201cPrvi put u BiH je samo najavljeno da se mo\u017ee dogoditi da samozvani visoki predstavnik donese odluku koja nije 100 posto u korist Bo\u0161njaka, a, prema najavama, to mo\u017ee pomo\u0107i da Hrvati u FBiH ostvare svoja prava i odmah su se mobilizirale sve bo\u0161nja\u010dke politi\u010dke stranke\u201d, rekao je Radanovi\u0107.<\/p>\n\n\n\n<p>Kazao je da Schmidt \u017eeli protupravno nametnuti Srbima cenzus od tri posto jednog naroda u jednoj \u017eupaniji u FBiH, jer 56.550 pravoslavnih Srba, koliko ih je prema popisu stanovni\u0161tva iz 2013. godine \u017eivjelo u FBiH, treba izabrati 17 izaslanika u Dom naroda FBiH.<\/p>\n\n\n\n<p>Prema njegovim rije\u010dima, 7.058 Srba \u017eivi u Tuzlanskoj \u017eupaniji, \u0161to \u010dini 12,48 posto svih Srba u FBiH i to je minimalno da ta \u017eupanija daje dva Srbina u Dom naroda FBiH.<\/p>\n\n\n\n<p>On je pojasnio da bi tako 5.543 Srba koji \u017eive u Zeni\u010dko-dobojskoj \u017eupaniji, \u0161to je 9,8 posto cjelokupne srpske populacije u FBiH, izabralo jednog srpskog izaslanika u Dom naroda.<\/p>\n\n\n\n<p>Radanovi\u0107 je naveo i da je u \u017dupaniji Sarajevo popisano 13.300 Srba, \u0161to je 23,51 posto srpske populacije u FBiH, \u0161to \u010dini minimalno \u010detiri srpska izaslanika u Domu naroda iz \u017dupanije Sarajevo, te dodao da \u0107e po Schmidtovim najavljenim pravilima \u017dupanija Sarajevo dati \u010detiri izaslanika u klub Srba.<\/p>\n\n\n\n<p>\u201cU Srednjobosanskoj \u017eupaniji je 3.043 Srba, \u0161to je 5,38 posto svih Srba u FBiH, a \u0161to je dovoljno da dobiju jedno mjesto u Domu naroda FBiH, dok \u0107e 6.432 Srba iz Hercegova\u010dko-neretvanske \u017eupanije, \u0161to je 11,37 posto svih Srba u FBiH, imati pravo na dva mandata\u201d, rekao je.<\/p>\n\n\n\n<p>U Bosansko-podrinjskoj \u017eupaniji, ka\u017ee Radanovi\u0107, popisano je 885 Srba, \u0161to je 1,56 posto srpske populacije u FBiH, tako da Gora\u017ede ne\u0107e dati nijednog Srbina u Dom naroda FBiH, kao ni Posavska \u017eupanija gdje je popisan 831 Srbin.<\/p>\n\n\n\n<p>U Hercegbosanskoj \u017eupaniji je popisano 10.905 Srba, \u0161to je 19,28 posto svih Srba u FBiH, \u0161to zna\u010di da \u0107e u Domu naroda FBiH biti tri izaslanika iz Drvara, Grahova, Glamo\u010da.<\/p>\n\n\n\n<p>Unsko-sanska \u017eupanija \u0107e, kako je naveo Radanovi\u0107, dati dva izaslanika iz reda srpskog naroda, jer je u toj \u017eupaniji popisano 8.452 Srba, \u0161to \u010dini 14,94 posto svih Srba u FBiH.<\/p>\n\n\n\n<p>Radanovi\u0107 je ocijenio da \u0107e za preostala dva mandata \u201cSchmidt osmisliti pravnu formulaciju kako bi ih dobile bo\u0161nja\u010dke stranke sa sjedi\u0161tem u Sarajevu\u201d.<\/p>\n\n\n\n<p>\/HMS\/<\/p>\n","protected":false},"excerpt":{"rendered":"<p>Predsjednik Odbora za za\u0161titu prava Srba u FBiH \u0110or\u0111e Radanovi\u0107 ocijenio je da je koncept izmjena Izbornog zakona BiH Christiana Schmidta i na\u010din raspodjele mandata u Domu naroda Federacije BiH (FBiH) usmjeren na to da bo\u0161nja\u010dke stranke uzmu srpske mandate. Radanovi\u0107 je u izjavi Srni rekao da to osmi\u0161ljeno tako \u0161to su na liste SDA, [&hellip;]<\/p>\n","protected":false},"author":2,"featured_media":163473,"comment_status":"closed","ping_status":"closed","sticky":false,"template":"","format":"standard","meta":{"h5ap_radio_sources":[],"footnotes":""},"categories":[1],"tags":[],"class_list":["post-163472","post","type-post","status-publish","format-standard","has-post-thumbnail","hentry","category-bihiregija"],"yoast_head":"<!-- This site is optimized with the Yoast SEO plugin v27.5 - https:\/\/yoast.com\/product\/yoast-seo-wordpress\/ -->\n<title>Radanovi\u0107: Bo\u0161njaci \u017eele dr\u017eavu bez Srba i Hrvata, na prvu eventualnu odluku visokog predstavnika koja nije 100 posto u njihovu korist odmah su se mobilizirali - RADIO LJUBU\u0160KI<\/title>\n<meta name=\"robots\" content=\"index, follow, max-snippet:-1, max-image-preview:large, max-video-preview:-1\" \/>\n<link rel=\"canonical\" href=\"https:\/\/radioljubuski.ba\/index.php\/2022\/07\/26\/radanovic-bosnjaci-zele-drzavu-bez-srba-i-hrvata-na-prvu-eventualnu-odluku-visokog-predstavnika-koja-nije-100-posto-u-njihovu-korist-odmah-su-se-mobilizirali\/\" \/>\n<meta property=\"og:locale\" content=\"hr_HR\" \/>\n<meta property=\"og:type\" content=\"article\" \/>\n<meta property=\"og:title\" content=\"Radanovi\u0107: Bo\u0161njaci \u017eele dr\u017eavu bez Srba i Hrvata, na prvu eventualnu odluku visokog predstavnika koja nije 100 posto u njihovu korist odmah su se mobilizirali - RADIO LJUBU\u0160KI\" \/>\n<meta property=\"og:description\" content=\"Predsjednik Odbora za za\u0161titu prava Srba u FBiH \u0110or\u0111e Radanovi\u0107 ocijenio je da je koncept izmjena Izbornog zakona BiH Christiana Schmidta i na\u010din raspodjele mandata u Domu naroda Federacije BiH (FBiH) usmjeren na to da bo\u0161nja\u010dke stranke uzmu srpske mandate. Radanovi\u0107 je u izjavi Srni rekao da to osmi\u0161ljeno tako \u0161to su na liste SDA, [&hellip;]\" \/>\n<meta property=\"og:url\" content=\"https:\/\/radioljubuski.ba\/index.php\/2022\/07\/26\/radanovic-bosnjaci-zele-drzavu-bez-srba-i-hrvata-na-prvu-eventualnu-odluku-visokog-predstavnika-koja-nije-100-posto-u-njihovu-korist-odmah-su-se-mobilizirali\/\" \/>\n<meta property=\"og:site_name\" content=\"RADIO LJUBU\u0160KI\" \/>\n<meta property=\"article:publisher\" content=\"https:\/\/www.facebook.com\/Radiio-Ljubuski-1490835324566332\" \/>\n<meta property=\"article:published_time\" content=\"2022-07-26T09:40:37+00:00\" \/>\n<meta property=\"article:modified_time\" content=\"2022-07-26T09:40:38+00:00\" \/>\n<meta property=\"og:image\" content=\"https:\/\/radioljubuski.ba\/wp-content\/uploads\/2022\/07\/o_116017_480.jpg\" \/>\n\t<meta property=\"og:image:width\" content=\"480\" \/>\n\t<meta property=\"og:image:height\" content=\"290\" \/>\n\t<meta property=\"og:image:type\" content=\"image\/jpeg\" \/>\n<meta name=\"author\" content=\"Radio Ljubu\u0161ki\" \/>\n<meta name=\"twitter:card\" content=\"summary_large_image\" \/>\n<meta name=\"twitter:creator\" content=\"@radioljubuski\" \/>\n<meta name=\"twitter:site\" content=\"@radioljubuski\" \/>\n<meta name=\"twitter:label1\" content=\"Napisao\/la\" \/>\n\t<meta name=\"twitter:data1\" content=\"Radio Ljubu\u0161ki\" \/>\n\t<meta name=\"twitter:label2\" content=\"Procijenjeno vrijeme \u010ditanja\" \/>\n\t<meta name=\"twitter:data2\" content=\"3 minute\" \/>\n<script type=\"application\/ld+json\" class=\"yoast-schema-graph\">{\"@context\":\"https:\\\/\\\/schema.org\",\"@graph\":[{\"@type\":\"Article\",\"@id\":\"https:\\\/\\\/radioljubuski.ba\\\/index.php\\\/2022\\\/07\\\/26\\\/radanovic-bosnjaci-zele-drzavu-bez-srba-i-hrvata-na-prvu-eventualnu-odluku-visokog-predstavnika-koja-nije-100-posto-u-njihovu-korist-odmah-su-se-mobilizirali\\\/#article\",\"isPartOf\":{\"@id\":\"https:\\\/\\\/radioljubuski.ba\\\/index.php\\\/2022\\\/07\\\/26\\\/radanovic-bosnjaci-zele-drzavu-bez-srba-i-hrvata-na-prvu-eventualnu-odluku-visokog-predstavnika-koja-nije-100-posto-u-njihovu-korist-odmah-su-se-mobilizirali\\\/\"},\"author\":{\"name\":\"Radio Ljubu\u0161ki\",\"@id\":\"https:\\\/\\\/radioljubuski.ba\\\/#\\\/schema\\\/person\\\/19fc700381a780f69665d7956c469e3b\"},\"headline\":\"Radanovi\u0107: Bo\u0161njaci \u017eele dr\u017eavu bez Srba i Hrvata, na prvu eventualnu odluku visokog predstavnika koja nije 100 posto u njihovu korist odmah su se mobilizirali\",\"datePublished\":\"2022-07-26T09:40:37+00:00\",\"dateModified\":\"2022-07-26T09:40:38+00:00\",\"mainEntityOfPage\":{\"@id\":\"https:\\\/\\\/radioljubuski.ba\\\/index.php\\\/2022\\\/07\\\/26\\\/radanovic-bosnjaci-zele-drzavu-bez-srba-i-hrvata-na-prvu-eventualnu-odluku-visokog-predstavnika-koja-nije-100-posto-u-njihovu-korist-odmah-su-se-mobilizirali\\\/\"},\"wordCount\":539,\"publisher\":{\"@id\":\"https:\\\/\\\/radioljubuski.ba\\\/#organization\"},\"image\":{\"@id\":\"https:\\\/\\\/radioljubuski.ba\\\/index.php\\\/2022\\\/07\\\/26\\\/radanovic-bosnjaci-zele-drzavu-bez-srba-i-hrvata-na-prvu-eventualnu-odluku-visokog-predstavnika-koja-nije-100-posto-u-njihovu-korist-odmah-su-se-mobilizirali\\\/#primaryimage\"},\"thumbnailUrl\":\"https:\\\/\\\/radioljubuski.ba\\\/wp-content\\\/uploads\\\/2022\\\/07\\\/o_116017_480.jpg\",\"articleSection\":[\"BIH i regija\"],\"inLanguage\":\"hr\"},{\"@type\":\"WebPage\",\"@id\":\"https:\\\/\\\/radioljubuski.ba\\\/index.php\\\/2022\\\/07\\\/26\\\/radanovic-bosnjaci-zele-drzavu-bez-srba-i-hrvata-na-prvu-eventualnu-odluku-visokog-predstavnika-koja-nije-100-posto-u-njihovu-korist-odmah-su-se-mobilizirali\\\/\",\"url\":\"https:\\\/\\\/radioljubuski.ba\\\/index.php\\\/2022\\\/07\\\/26\\\/radanovic-bosnjaci-zele-drzavu-bez-srba-i-hrvata-na-prvu-eventualnu-odluku-visokog-predstavnika-koja-nije-100-posto-u-njihovu-korist-odmah-su-se-mobilizirali\\\/\",\"name\":\"Radanovi\u0107: Bo\u0161njaci \u017eele dr\u017eavu bez Srba i Hrvata, na prvu eventualnu odluku visokog predstavnika koja nije 100 posto u njihovu korist odmah su se mobilizirali - RADIO LJUBU\u0160KI\",\"isPartOf\":{\"@id\":\"https:\\\/\\\/radioljubuski.ba\\\/#website\"},\"primaryImageOfPage\":{\"@id\":\"https:\\\/\\\/radioljubuski.ba\\\/index.php\\\/2022\\\/07\\\/26\\\/radanovic-bosnjaci-zele-drzavu-bez-srba-i-hrvata-na-prvu-eventualnu-odluku-visokog-predstavnika-koja-nije-100-posto-u-njihovu-korist-odmah-su-se-mobilizirali\\\/#primaryimage\"},\"image\":{\"@id\":\"https:\\\/\\\/radioljubuski.ba\\\/index.php\\\/2022\\\/07\\\/26\\\/radanovic-bosnjaci-zele-drzavu-bez-srba-i-hrvata-na-prvu-eventualnu-odluku-visokog-predstavnika-koja-nije-100-posto-u-njihovu-korist-odmah-su-se-mobilizirali\\\/#primaryimage\"},\"thumbnailUrl\":\"https:\\\/\\\/radioljubuski.ba\\\/wp-content\\\/uploads\\\/2022\\\/07\\\/o_116017_480.jpg\",\"datePublished\":\"2022-07-26T09:40:37+00:00\",\"dateModified\":\"2022-07-26T09:40:38+00:00\",\"breadcrumb\":{\"@id\":\"https:\\\/\\\/radioljubuski.ba\\\/index.php\\\/2022\\\/07\\\/26\\\/radanovic-bosnjaci-zele-drzavu-bez-srba-i-hrvata-na-prvu-eventualnu-odluku-visokog-predstavnika-koja-nije-100-posto-u-njihovu-korist-odmah-su-se-mobilizirali\\\/#breadcrumb\"},\"inLanguage\":\"hr\",\"potentialAction\":[{\"@type\":\"ReadAction\",\"target\":[\"https:\\\/\\\/radioljubuski.ba\\\/index.php\\\/2022\\\/07\\\/26\\\/radanovic-bosnjaci-zele-drzavu-bez-srba-i-hrvata-na-prvu-eventualnu-odluku-visokog-predstavnika-koja-nije-100-posto-u-njihovu-korist-odmah-su-se-mobilizirali\\\/\"]}]},{\"@type\":\"ImageObject\",\"inLanguage\":\"hr\",\"@id\":\"https:\\\/\\\/radioljubuski.ba\\\/index.php\\\/2022\\\/07\\\/26\\\/radanovic-bosnjaci-zele-drzavu-bez-srba-i-hrvata-na-prvu-eventualnu-odluku-visokog-predstavnika-koja-nije-100-posto-u-njihovu-korist-odmah-su-se-mobilizirali\\\/#primaryimage\",\"url\":\"https:\\\/\\\/radioljubuski.ba\\\/wp-content\\\/uploads\\\/2022\\\/07\\\/o_116017_480.jpg\",\"contentUrl\":\"https:\\\/\\\/radioljubuski.ba\\\/wp-content\\\/uploads\\\/2022\\\/07\\\/o_116017_480.jpg\",\"width\":480,\"height\":290},{\"@type\":\"BreadcrumbList\",\"@id\":\"https:\\\/\\\/radioljubuski.ba\\\/index.php\\\/2022\\\/07\\\/26\\\/radanovic-bosnjaci-zele-drzavu-bez-srba-i-hrvata-na-prvu-eventualnu-odluku-visokog-predstavnika-koja-nije-100-posto-u-njihovu-korist-odmah-su-se-mobilizirali\\\/#breadcrumb\",\"itemListElement\":[{\"@type\":\"ListItem\",\"position\":1,\"name\":\"Po\u010detna stranica\",\"item\":\"https:\\\/\\\/radioljubuski.ba\\\/\"},{\"@type\":\"ListItem\",\"position\":2,\"name\":\"Radanovi\u0107: Bo\u0161njaci \u017eele dr\u017eavu bez Srba i Hrvata, na prvu eventualnu odluku visokog predstavnika koja nije 100 posto u njihovu korist odmah su se mobilizirali\"}]},{\"@type\":\"WebSite\",\"@id\":\"https:\\\/\\\/radioljubuski.ba\\\/#website\",\"url\":\"https:\\\/\\\/radioljubuski.ba\\\/\",\"name\":\"Radio Ljubu\u0161ki\",\"description\":\"Sun\u010dana frekvencija Hercegovine\",\"publisher\":{\"@id\":\"https:\\\/\\\/radioljubuski.ba\\\/#organization\"},\"potentialAction\":[{\"@type\":\"SearchAction\",\"target\":{\"@type\":\"EntryPoint\",\"urlTemplate\":\"https:\\\/\\\/radioljubuski.ba\\\/?s={search_term_string}\"},\"query-input\":{\"@type\":\"PropertyValueSpecification\",\"valueRequired\":true,\"valueName\":\"search_term_string\"}}],\"inLanguage\":\"hr\"},{\"@type\":\"Organization\",\"@id\":\"https:\\\/\\\/radioljubuski.ba\\\/#organization\",\"name\":\"Radio Ljubu\u0161ki\",\"url\":\"https:\\\/\\\/radioljubuski.ba\\\/\",\"logo\":{\"@type\":\"ImageObject\",\"inLanguage\":\"hr\",\"@id\":\"https:\\\/\\\/radioljubuski.ba\\\/#\\\/schema\\\/logo\\\/image\\\/\",\"url\":\"https:\\\/\\\/radioljubuski.ba\\\/wp-content\\\/uploads\\\/2021\\\/02\\\/cropped-Radio_Ljubuski_logo1.jpg\",\"contentUrl\":\"https:\\\/\\\/radioljubuski.ba\\\/wp-content\\\/uploads\\\/2021\\\/02\\\/cropped-Radio_Ljubuski_logo1.jpg\",\"width\":512,\"height\":512,\"caption\":\"Radio Ljubu\u0161ki\"},\"image\":{\"@id\":\"https:\\\/\\\/radioljubuski.ba\\\/#\\\/schema\\\/logo\\\/image\\\/\"},\"sameAs\":[\"https:\\\/\\\/www.facebook.com\\\/Radiio-Ljubuski-1490835324566332\",\"https:\\\/\\\/x.com\\\/radioljubuski\",\"https:\\\/\\\/hr.linkedin.com\\\/company\\\/radio-ljubuski\",\"https:\\\/\\\/www.youtube.com\\\/channel\\\/UCHYaeO_n0Db3tjNGudGpXyw\"]},{\"@type\":\"Person\",\"@id\":\"https:\\\/\\\/radioljubuski.ba\\\/#\\\/schema\\\/person\\\/19fc700381a780f69665d7956c469e3b\",\"name\":\"Radio Ljubu\u0161ki\"}]}<\/script>\n<!-- \/ Yoast SEO plugin. -->","yoast_head_json":{"title":"Radanovi\u0107: Bo\u0161njaci \u017eele dr\u017eavu bez Srba i Hrvata, na prvu eventualnu odluku visokog predstavnika koja nije 100 posto u njihovu korist odmah su se mobilizirali - RADIO LJUBU\u0160KI","robots":{"index":"index","follow":"follow","max-snippet":"max-snippet:-1","max-image-preview":"max-image-preview:large","max-video-preview":"max-video-preview:-1"},"canonical":"https:\/\/radioljubuski.ba\/index.php\/2022\/07\/26\/radanovic-bosnjaci-zele-drzavu-bez-srba-i-hrvata-na-prvu-eventualnu-odluku-visokog-predstavnika-koja-nije-100-posto-u-njihovu-korist-odmah-su-se-mobilizirali\/","og_locale":"hr_HR","og_type":"article","og_title":"Radanovi\u0107: Bo\u0161njaci \u017eele dr\u017eavu bez Srba i Hrvata, na prvu eventualnu odluku visokog predstavnika koja nije 100 posto u njihovu korist odmah su se mobilizirali - RADIO LJUBU\u0160KI","og_description":"Predsjednik Odbora za za\u0161titu prava Srba u FBiH \u0110or\u0111e Radanovi\u0107 ocijenio je da je koncept izmjena Izbornog zakona BiH Christiana Schmidta i na\u010din raspodjele mandata u Domu naroda Federacije BiH (FBiH) usmjeren na to da bo\u0161nja\u010dke stranke uzmu srpske mandate. Radanovi\u0107 je u izjavi Srni rekao da to osmi\u0161ljeno tako \u0161to su na liste SDA, [&hellip;]","og_url":"https:\/\/radioljubuski.ba\/index.php\/2022\/07\/26\/radanovic-bosnjaci-zele-drzavu-bez-srba-i-hrvata-na-prvu-eventualnu-odluku-visokog-predstavnika-koja-nije-100-posto-u-njihovu-korist-odmah-su-se-mobilizirali\/","og_site_name":"RADIO LJUBU\u0160KI","article_publisher":"https:\/\/www.facebook.com\/Radiio-Ljubuski-1490835324566332","article_published_time":"2022-07-26T09:40:37+00:00","article_modified_time":"2022-07-26T09:40:38+00:00","og_image":[{"width":480,"height":290,"url":"https:\/\/radioljubuski.ba\/wp-content\/uploads\/2022\/07\/o_116017_480.jpg","type":"image\/jpeg"}],"author":"Radio Ljubu\u0161ki","twitter_card":"summary_large_image","twitter_creator":"@radioljubuski","twitter_site":"@radioljubuski","twitter_misc":{"Napisao\/la":"Radio Ljubu\u0161ki","Procijenjeno vrijeme \u010ditanja":"3 minute"},"schema":{"@context":"https:\/\/schema.org","@graph":[{"@type":"Article","@id":"https:\/\/radioljubuski.ba\/index.php\/2022\/07\/26\/radanovic-bosnjaci-zele-drzavu-bez-srba-i-hrvata-na-prvu-eventualnu-odluku-visokog-predstavnika-koja-nije-100-posto-u-njihovu-korist-odmah-su-se-mobilizirali\/#article","isPartOf":{"@id":"https:\/\/radioljubuski.ba\/index.php\/2022\/07\/26\/radanovic-bosnjaci-zele-drzavu-bez-srba-i-hrvata-na-prvu-eventualnu-odluku-visokog-predstavnika-koja-nije-100-posto-u-njihovu-korist-odmah-su-se-mobilizirali\/"},"author":{"name":"Radio Ljubu\u0161ki","@id":"https:\/\/radioljubuski.ba\/#\/schema\/person\/19fc700381a780f69665d7956c469e3b"},"headline":"Radanovi\u0107: Bo\u0161njaci \u017eele dr\u017eavu bez Srba i Hrvata, na prvu eventualnu odluku visokog predstavnika koja nije 100 posto u njihovu korist odmah su se mobilizirali","datePublished":"2022-07-26T09:40:37+00:00","dateModified":"2022-07-26T09:40:38+00:00","mainEntityOfPage":{"@id":"https:\/\/radioljubuski.ba\/index.php\/2022\/07\/26\/radanovic-bosnjaci-zele-drzavu-bez-srba-i-hrvata-na-prvu-eventualnu-odluku-visokog-predstavnika-koja-nije-100-posto-u-njihovu-korist-odmah-su-se-mobilizirali\/"},"wordCount":539,"publisher":{"@id":"https:\/\/radioljubuski.ba\/#organization"},"image":{"@id":"https:\/\/radioljubuski.ba\/index.php\/2022\/07\/26\/radanovic-bosnjaci-zele-drzavu-bez-srba-i-hrvata-na-prvu-eventualnu-odluku-visokog-predstavnika-koja-nije-100-posto-u-njihovu-korist-odmah-su-se-mobilizirali\/#primaryimage"},"thumbnailUrl":"https:\/\/radioljubuski.ba\/wp-content\/uploads\/2022\/07\/o_116017_480.jpg","articleSection":["BIH i regija"],"inLanguage":"hr"},{"@type":"WebPage","@id":"https:\/\/radioljubuski.ba\/index.php\/2022\/07\/26\/radanovic-bosnjaci-zele-drzavu-bez-srba-i-hrvata-na-prvu-eventualnu-odluku-visokog-predstavnika-koja-nije-100-posto-u-njihovu-korist-odmah-su-se-mobilizirali\/","url":"https:\/\/radioljubuski.ba\/index.php\/2022\/07\/26\/radanovic-bosnjaci-zele-drzavu-bez-srba-i-hrvata-na-prvu-eventualnu-odluku-visokog-predstavnika-koja-nije-100-posto-u-njihovu-korist-odmah-su-se-mobilizirali\/","name":"Radanovi\u0107: Bo\u0161njaci \u017eele dr\u017eavu bez Srba i Hrvata, na prvu eventualnu odluku visokog predstavnika koja nije 100 posto u njihovu korist odmah su se mobilizirali - RADIO LJUBU\u0160KI","isPartOf":{"@id":"https:\/\/radioljubuski.ba\/#website"},"primaryImageOfPage":{"@id":"https:\/\/radioljubuski.ba\/index.php\/2022\/07\/26\/radanovic-bosnjaci-zele-drzavu-bez-srba-i-hrvata-na-prvu-eventualnu-odluku-visokog-predstavnika-koja-nije-100-posto-u-njihovu-korist-odmah-su-se-mobilizirali\/#primaryimage"},"image":{"@id":"https:\/\/radioljubuski.ba\/index.php\/2022\/07\/26\/radanovic-bosnjaci-zele-drzavu-bez-srba-i-hrvata-na-prvu-eventualnu-odluku-visokog-predstavnika-koja-nije-100-posto-u-njihovu-korist-odmah-su-se-mobilizirali\/#primaryimage"},"thumbnailUrl":"https:\/\/radioljubuski.ba\/wp-content\/uploads\/2022\/07\/o_116017_480.jpg","datePublished":"2022-07-26T09:40:37+00:00","dateModified":"2022-07-26T09:40:38+00:00","breadcrumb":{"@id":"https:\/\/radioljubuski.ba\/index.php\/2022\/07\/26\/radanovic-bosnjaci-zele-drzavu-bez-srba-i-hrvata-na-prvu-eventualnu-odluku-visokog-predstavnika-koja-nije-100-posto-u-njihovu-korist-odmah-su-se-mobilizirali\/#breadcrumb"},"inLanguage":"hr","potentialAction":[{"@type":"ReadAction","target":["https:\/\/radioljubuski.ba\/index.php\/2022\/07\/26\/radanovic-bosnjaci-zele-drzavu-bez-srba-i-hrvata-na-prvu-eventualnu-odluku-visokog-predstavnika-koja-nije-100-posto-u-njihovu-korist-odmah-su-se-mobilizirali\/"]}]},{"@type":"ImageObject","inLanguage":"hr","@id":"https:\/\/radioljubuski.ba\/index.php\/2022\/07\/26\/radanovic-bosnjaci-zele-drzavu-bez-srba-i-hrvata-na-prvu-eventualnu-odluku-visokog-predstavnika-koja-nije-100-posto-u-njihovu-korist-odmah-su-se-mobilizirali\/#primaryimage","url":"https:\/\/radioljubuski.ba\/wp-content\/uploads\/2022\/07\/o_116017_480.jpg","contentUrl":"https:\/\/radioljubuski.ba\/wp-content\/uploads\/2022\/07\/o_116017_480.jpg","width":480,"height":290},{"@type":"BreadcrumbList","@id":"https:\/\/radioljubuski.ba\/index.php\/2022\/07\/26\/radanovic-bosnjaci-zele-drzavu-bez-srba-i-hrvata-na-prvu-eventualnu-odluku-visokog-predstavnika-koja-nije-100-posto-u-njihovu-korist-odmah-su-se-mobilizirali\/#breadcrumb","itemListElement":[{"@type":"ListItem","position":1,"name":"Po\u010detna stranica","item":"https:\/\/radioljubuski.ba\/"},{"@type":"ListItem","position":2,"name":"Radanovi\u0107: Bo\u0161njaci \u017eele dr\u017eavu bez Srba i Hrvata, na prvu eventualnu odluku visokog predstavnika koja nije 100 posto u njihovu korist odmah su se mobilizirali"}]},{"@type":"WebSite","@id":"https:\/\/radioljubuski.ba\/#website","url":"https:\/\/radioljubuski.ba\/","name":"Radio Ljubu\u0161ki","description":"Sun\u010dana frekvencija Hercegovine","publisher":{"@id":"https:\/\/radioljubuski.ba\/#organization"},"potentialAction":[{"@type":"SearchAction","target":{"@type":"EntryPoint","urlTemplate":"https:\/\/radioljubuski.ba\/?s={search_term_string}"},"query-input":{"@type":"PropertyValueSpecification","valueRequired":true,"valueName":"search_term_string"}}],"inLanguage":"hr"},{"@type":"Organization","@id":"https:\/\/radioljubuski.ba\/#organization","name":"Radio Ljubu\u0161ki","url":"https:\/\/radioljubuski.ba\/","logo":{"@type":"ImageObject","inLanguage":"hr","@id":"https:\/\/radioljubuski.ba\/#\/schema\/logo\/image\/","url":"https:\/\/radioljubuski.ba\/wp-content\/uploads\/2021\/02\/cropped-Radio_Ljubuski_logo1.jpg","contentUrl":"https:\/\/radioljubuski.ba\/wp-content\/uploads\/2021\/02\/cropped-Radio_Ljubuski_logo1.jpg","width":512,"height":512,"caption":"Radio Ljubu\u0161ki"},"image":{"@id":"https:\/\/radioljubuski.ba\/#\/schema\/logo\/image\/"},"sameAs":["https:\/\/www.facebook.com\/Radiio-Ljubuski-1490835324566332","https:\/\/x.com\/radioljubuski","https:\/\/hr.linkedin.com\/company\/radio-ljubuski","https:\/\/www.youtube.com\/channel\/UCHYaeO_n0Db3tjNGudGpXyw"]},{"@type":"Person","@id":"https:\/\/radioljubuski.ba\/#\/schema\/person\/19fc700381a780f69665d7956c469e3b","name":"Radio Ljubu\u0161ki"}]}},"_links":{"self":[{"href":"https:\/\/radioljubuski.ba\/index.php\/wp-json\/wp\/v2\/posts\/163472","targetHints":{"allow":["GET"]}}],"collection":[{"href":"https:\/\/radioljubuski.ba\/index.php\/wp-json\/wp\/v2\/posts"}],"about":[{"href":"https:\/\/radioljubuski.ba\/index.php\/wp-json\/wp\/v2\/types\/post"}],"author":[{"embeddable":true,"href":"https:\/\/radioljubuski.ba\/index.php\/wp-json\/wp\/v2\/users\/2"}],"replies":[{"embeddable":true,"href":"https:\/\/radioljubuski.ba\/index.php\/wp-json\/wp\/v2\/comments?post=163472"}],"version-history":[{"count":1,"href":"https:\/\/radioljubuski.ba\/index.php\/wp-json\/wp\/v2\/posts\/163472\/revisions"}],"predecessor-version":[{"id":163474,"href":"https:\/\/radioljubuski.ba\/index.php\/wp-json\/wp\/v2\/posts\/163472\/revisions\/163474"}],"wp:featuredmedia":[{"embeddable":true,"href":"https:\/\/radioljubuski.ba\/index.php\/wp-json\/wp\/v2\/media\/163473"}],"wp:attachment":[{"href":"https:\/\/radioljubuski.ba\/index.php\/wp-json\/wp\/v2\/media?parent=163472"}],"wp:term":[{"taxonomy":"category","embeddable":true,"href":"https:\/\/radioljubuski.ba\/index.php\/wp-json\/wp\/v2\/categories?post=163472"},{"taxonomy":"post_tag","embeddable":true,"href":"https:\/\/radioljubuski.ba\/index.php\/wp-json\/wp\/v2\/tags?post=163472"}],"curies":[{"name":"wp","href":"https:\/\/api.w.org\/{rel}","templated":true}]}}