{"id":163475,"date":"2022-07-26T10:41:44","date_gmt":"2022-07-26T09:41:44","guid":{"rendered":"https:\/\/radioljubuski.ba\/?p=163475"},"modified":"2022-07-26T10:41:45","modified_gmt":"2022-07-26T09:41:45","slug":"kako-je-dodik-sprijecio-bosnjacke-clanove-predsjednistva-u-blokadi-izgradnje-peljeskog-mosta","status":"publish","type":"post","link":"https:\/\/radioljubuski.ba\/index.php\/2022\/07\/26\/kako-je-dodik-sprijecio-bosnjacke-clanove-predsjednistva-u-blokadi-izgradnje-peljeskog-mosta\/","title":{"rendered":"Kako je Dodik sprije\u010dio bo\u0161nja\u010dke \u010dlanove Predsjedni\u0161tva u blokadi izgradnje Pelje\u0161kog mosta"},"content":{"rendered":"\n<p><strong>U o\u017eujku 1994. u Washingtonu je postignut okvirni sporazum o uspostavi hrvatsko-bo\u0161nja\u010dke Federacije u Bosni i Hercegovini, do danas poznat pod nazivom Washingtonski sporazum. Jednom od njegovih odredbi, koju su potpisali predsjednik Republike Hrvatske Franjo Tu\u0111man i predsjednik Predsjedni\u0161tva Bosne i Hercegovine Alija Izetbegovi\u0107, predvi\u0111eno je i sklapanje me\u0111udr\u017eavnog Sporazuma o posebnim odnosima izme\u0111u Republike Hrvatske i Federacije Bosne i Hercegovine.<\/strong><\/p>\n\n\n\n<p>U vrijeme sastavljanja ovog sporazuma me\u0111u njegovim akterima po\u010delo se razgovarati o tome na koji \u0107e se na\u010din u budu\u0107nosti odvijati promet kroz Neum, tada jedini cestovni prolaz kojim se na krajnjem jugu moglo iz Hrvatske do\u0107i u Hrvatsku te koji \u0107e biti status luke Plo\u010de. Dogovoren je i Sporazum o Luci Plo\u010de i nesmetanom prolazu kroz Neum koji \u0107e biti potpisan \u010detiri godine poslije u sklopu Sporazuma o posebnim odnosima izme\u0111u Republike Hrvatske i Federacije Bosne i Hercegovine, ali nikad nije ratificiran u Saboru. Njime je prakti\u010dki Bosni i Hercegovini omogu\u0107eno neometano kori\u0161tenje Luke Plo\u010de i svojevrsni protektorat nad njom dok je Hrvatska zauzvrat dobila pravo neometanog prolaza ljudi i roba cestovnim koridorom kroz Neum. Ta \u0107e odredba godinama kasnije biti to\u010dka razdora izme\u0111u Hrvatske i Bosne i Hercegovine, a u kona\u010dnici \u0107e inzistiranje vodstva BiH na gradnji koridora do Plo\u010da i dovesti do kona\u010dne odluke o gradnji Pelje\u0161kog mosta, pi\u0161e <a href=\"https:\/\/www.jutarnji.hr\/vijesti\/peljeski-most\/operacija-most-za-most-ili-kako-je-peljesac-postao-vitalni-nacionalni-projekt-milorada-dodika-15226787\" target=\"_blank\" rel=\"noreferrer noopener\">Jutarnji.hr<\/a>.<\/p>\n\n\n\n<p>Bo\u0161nja\u010dka politi\u010dka vodstva BiH na svaki su spomen gradnje mosta podizala veliku politi\u010dku buru. Tvrdilo se kako Hrvatska njegovom gradnjom Bosni i Hercegovini zatvara prolaz prema otvorenom moru i da prvo treba utvrditi granicu izme\u0111u dviju dr\u017eava. Istodobno je od Hrvatske konstantno tra\u017eeno podizanje visine mosta. Tako se s prvotnih 30 do\u0161lo na 55 metara. Godine 2007., kada je odabran izvo\u0111a\u010d za gradnju mosta, Predsjedni\u0161tvo BiH usvaja zaklju\u010dak kojim i slu\u017ebeno od Hrvatske tra\u017ei da zaustavi gradnju Pelje\u0161kog mosta dok se ne rije\u0161i otvoreno pitanje vezano uz identifikaciju morske grani\u010dne crte i pristupa BiH otvorenom moru. Hrvatska Vlada zahtjev odbija.<\/p>\n\n\n\n<p>Godine 2012. i 2013. bile su vrijeme \u017eestokog hrvatskog lobiranja unutar Europske komisije da Bruxelles prihvati financiranje gradnje mosta. S druge strane, bo\u0161nja\u010dki politi\u010dari iz Bosne i Hercegovine poku\u0161ali su to onemogu\u0107iti. Sini\u0161a Hajda\u0161 Don\u010di\u0107 danas tvrdi kako je tada\u0161nji europski povjerenik za regionalnu politiku Johannes Hahn bio veliki protivnik gradnje mosta i zagovarao je argumente Bosne i Hercegovine da Hrvatska njegovom gradnjom kr\u0161i me\u0111unarodno pravo izlaza na otvoreno more BiH.<\/p>\n\n\n\n<p>\u201cTek dolaskom Corine Cretu na polo\u017eaj povjerenice za regionalni razvoj i Violete Bulc kao povjerenice za promet stvari su se po\u010dele mijenjati u na\u0161u korist\u201d, prisje\u0107a se Hajda\u0161 Don\u010di\u0107.<\/p>\n\n\n\n<p>Godine 2018., paralelno s po\u010detkom gradnje mosta, pokrenut je posljednji poku\u0161aj BiH da zaustavi gradnju mosta. Iako je Europska komisija odobrila financiranje te potvrdila kako Hrvatska njegovom gradnjom ne kr\u0161i me\u0111unarodne zakone, iz Sarajeva sti\u017ee najava tu\u017ebe protiv Hrvatske Me\u0111unarodnom sudu za pravo mora u Hamburgu. Glavni je argument bo\u0161nja\u010dkih lidera da \u0107e Pelje\u0161ki most sprije\u010diti ulazak ve\u0107ih plovila u akvatorij Neumskog zaljeva, ali i ugroziti pristup BiH otvorenom moru.<\/p>\n\n\n\n<p>Iz Hrvatske odgovaraju kako se gradnjom mosta ne kr\u0161e prava BiH o ne\u0161kodljivom prolazu te da se most gradi na hrvatskom teritoriju, 500 metara od privremene crte razgrani\u010denja koja se primjenjuje. Slu\u017ebeni Zagreb javno demonstrira smirenost i \u017eelju za smirivanjem tenzija. No, iza zatvorenih vrata smi\u0161lja se plan kako onemogu\u0107iti Bosnu i Hercegovinu da krene u postupak podno\u0161enja tu\u017ebe jer bi i sam proces, bez obzira na kona\u010dnu presudu, bio kamen oko vrata projektu, ali i dr\u017eavnoj politici.<\/p>\n\n\n\n<p>Bo\u0161nja\u010dke stranke pokrenule su inicijativu u Parlamentu BiH o zaustavljanju radova na Pelje\u0161kom mostu dok se ne rije\u0161i pitanje morske granice kod Neuma. Za tu inicijativu va\u017ean je bio ishod glasanja u Domu naroda, u kojem bo\u0161nja\u010dke stranke nemaju ve\u0107inu, a hrvatski zastupnici uz pomo\u0107 Stranke nezavisnih socijaldemokrata Milorada Dodika, predsjednika Republike Srpske, mogu sru\u0161iti inicijativu i podr\u017eati gradnju mosta.<\/p>\n\n\n\n<p>Stoga je slu\u017ebeni Zagreb upravo Milorada Dodika vidio kao glavnog saveznika u onemogu\u0107avanju tu\u017ebe te je po\u010dela operacija \u201cMost za most\u201d. Miloradu Dodiku Pelje\u0161ki most politi\u010dki i geostrate\u0161ki ne zna\u010di ni\u0161ta, ali mu je va\u017ean novi most Gradi\u0161ka preko rijeke Save, najkra\u0107i i najbr\u017ei izlaz Republike Srpske u Europsku uniju. Za Hrvatsku, pak, taj most nije od vitalnog zna\u010daja. U tom kolopletu interesa Milorad Dodik i Hrvatska na\u0161li su se na istoj strani. Slu\u017ebeni Zagreb odlu\u010dio je Dodiku ponuditi brzu gradnju mosta Gradi\u0161ka za podr\u0161ku u gradnji Pelje\u0161kog mosta i blokiranju prijedloga o podizanju tu\u017ebe protiv Hrvatske u Predsjedni\u0161tvu BiH. Dogovor je brzo sklopljen. Dodik je od hrvatskog ministra mora, prometa i infrastrukture dobio jamstvo da \u0107e Zagreb financirati gradnju pola mosta Gradi\u0161ka i da \u0107e u najkra\u0107em roku biti raspisan natje\u010daj za izvo\u0111a\u010de radova, a Dodik je obe\u0107ao podr\u0161ku svoje stranke gradnji Pelje\u0161kog mosta u Parlamentu BiH i blokadu prijedloga tu\u017ebe u Predsjedni\u0161tvu.<\/p>\n\n\n\n<p>Nakon \u0161to je u Domu naroda propala inicijativa za zaustavljanje radova na Pelje\u0161cu, \u010dlanovi Predsjedni\u0161tva BiH trebali su donijeti zaklju\u010dak o podno\u0161enju tu\u017ebe. U studenome 2018. godine formira se novo Predsjedni\u0161tvo u koje ulaze \u017deljko Kom\u0161i\u0107, \u0160efik D\u017eaferovi\u0107 i Milorad Dodik, koji je prvi od njih predsjedavaju\u0107i.<\/p>\n\n\n\n<p>Pet mjeseci poslije, 16. o\u017eujka 2019., u Sarajevu se odr\u017eava sjednica Predsjedni\u0161tva, a jedna od to\u010daka dnevnog reda je prijedlog zaklju\u010dka kojim se Hrvatska poziva da zaustavi gradnju Pelje\u0161kog mosta te da se razgovorom rije\u0161e sva otvorena pitanja. U suprotnome, BiH \u0107e pokrenuti postupak mirenja, a bude li to potrebno, pokrenut \u0107e postupak pred Me\u0111unarodnim sudom za pravo mora. Zaklju\u010dak mora biti jednoglasno usvojen.<\/p>\n\n\n\n<p>Za njega su glasali bo\u0161nja\u010dki \u010dlanovi Predsjedni\u0161tva \u017deljko Kom\u0161i\u0107 i \u0160efik D\u017eaferovi\u0107, a Milorad Dodik bio je protiv te se pozvao na pitanje vitalnog nacionalnog interesa. Istog tog dana kada je Dodik u Sarajevu branio Pelje\u0161ki most kao vitalni interes srpskog naroda, u Zagrebu je sve\u010dano potpisan ugovor s izvo\u0111a\u010dima radova za gradnju mosta Gradi\u0161ka. Dodik je od Narodne skup\u0161tine Republike Srpske zatra\u017eio da dvotre\u0107inskom ve\u0107inom podr\u017ei njegov stav \u010dime odluka Predsjedni\u0161tva automatski postaje neva\u017ee\u0107a. Skup\u0161tina je to podr\u017eala i time je sprije\u010dena posljednja mogu\u0107nost Bosne i Hercegovine da pravnim putem zaustavi gradnju Pelje\u0161kog mosta.<\/p>\n\n\n\n<p>\/HMS\/<\/p>\n","protected":false},"excerpt":{"rendered":"<p>U o\u017eujku 1994. u Washingtonu je postignut okvirni sporazum o uspostavi hrvatsko-bo\u0161nja\u010dke Federacije u Bosni i Hercegovini, do danas poznat pod nazivom Washingtonski sporazum. Jednom od njegovih odredbi, koju su potpisali predsjednik Republike Hrvatske Franjo Tu\u0111man i predsjednik Predsjedni\u0161tva Bosne i Hercegovine Alija Izetbegovi\u0107, predvi\u0111eno je i sklapanje me\u0111udr\u017eavnog Sporazuma o posebnim odnosima izme\u0111u Republike [&hellip;]<\/p>\n","protected":false},"author":2,"featured_media":163476,"comment_status":"closed","ping_status":"closed","sticky":false,"template":"","format":"standard","meta":{"h5ap_radio_sources":[],"footnotes":""},"categories":[1],"tags":[],"class_list":["post-163475","post","type-post","status-publish","format-standard","has-post-thumbnail","hentry","category-bihiregija"],"yoast_head":"<!-- This site is optimized with the Yoast SEO plugin v27.5 - https:\/\/yoast.com\/product\/yoast-seo-wordpress\/ -->\n<title>Kako je Dodik sprije\u010dio bo\u0161nja\u010dke \u010dlanove Predsjedni\u0161tva u blokadi izgradnje Pelje\u0161kog mosta - RADIO LJUBU\u0160KI<\/title>\n<meta name=\"robots\" content=\"index, follow, max-snippet:-1, max-image-preview:large, max-video-preview:-1\" \/>\n<link rel=\"canonical\" href=\"https:\/\/radioljubuski.ba\/index.php\/2022\/07\/26\/kako-je-dodik-sprijecio-bosnjacke-clanove-predsjednistva-u-blokadi-izgradnje-peljeskog-mosta\/\" \/>\n<meta property=\"og:locale\" content=\"hr_HR\" \/>\n<meta property=\"og:type\" content=\"article\" \/>\n<meta property=\"og:title\" content=\"Kako je Dodik sprije\u010dio bo\u0161nja\u010dke \u010dlanove Predsjedni\u0161tva u blokadi izgradnje Pelje\u0161kog mosta - RADIO LJUBU\u0160KI\" \/>\n<meta property=\"og:description\" content=\"U o\u017eujku 1994. u Washingtonu je postignut okvirni sporazum o uspostavi hrvatsko-bo\u0161nja\u010dke Federacije u Bosni i Hercegovini, do danas poznat pod nazivom Washingtonski sporazum. Jednom od njegovih odredbi, koju su potpisali predsjednik Republike Hrvatske Franjo Tu\u0111man i predsjednik Predsjedni\u0161tva Bosne i Hercegovine Alija Izetbegovi\u0107, predvi\u0111eno je i sklapanje me\u0111udr\u017eavnog Sporazuma o posebnim odnosima izme\u0111u Republike [&hellip;]\" \/>\n<meta property=\"og:url\" content=\"https:\/\/radioljubuski.ba\/index.php\/2022\/07\/26\/kako-je-dodik-sprijecio-bosnjacke-clanove-predsjednistva-u-blokadi-izgradnje-peljeskog-mosta\/\" \/>\n<meta property=\"og:site_name\" content=\"RADIO LJUBU\u0160KI\" \/>\n<meta property=\"article:publisher\" content=\"https:\/\/www.facebook.com\/Radiio-Ljubuski-1490835324566332\" \/>\n<meta property=\"article:published_time\" content=\"2022-07-26T09:41:44+00:00\" \/>\n<meta property=\"article:modified_time\" content=\"2022-07-26T09:41:45+00:00\" \/>\n<meta property=\"og:image\" content=\"https:\/\/radioljubuski.ba\/wp-content\/uploads\/2022\/07\/dodik-peljeski-most.jpg\" \/>\n\t<meta property=\"og:image:width\" content=\"1000\" \/>\n\t<meta property=\"og:image:height\" content=\"666\" \/>\n\t<meta property=\"og:image:type\" content=\"image\/jpeg\" \/>\n<meta name=\"author\" content=\"Radio Ljubu\u0161ki\" \/>\n<meta name=\"twitter:card\" content=\"summary_large_image\" \/>\n<meta name=\"twitter:creator\" content=\"@radioljubuski\" \/>\n<meta name=\"twitter:site\" content=\"@radioljubuski\" \/>\n<meta name=\"twitter:label1\" content=\"Napisao\/la\" \/>\n\t<meta name=\"twitter:data1\" content=\"Radio Ljubu\u0161ki\" \/>\n\t<meta name=\"twitter:label2\" content=\"Procijenjeno vrijeme \u010ditanja\" \/>\n\t<meta name=\"twitter:data2\" content=\"5 minuta\" \/>\n<script type=\"application\/ld+json\" class=\"yoast-schema-graph\">{\"@context\":\"https:\\\/\\\/schema.org\",\"@graph\":[{\"@type\":\"Article\",\"@id\":\"https:\\\/\\\/radioljubuski.ba\\\/index.php\\\/2022\\\/07\\\/26\\\/kako-je-dodik-sprijecio-bosnjacke-clanove-predsjednistva-u-blokadi-izgradnje-peljeskog-mosta\\\/#article\",\"isPartOf\":{\"@id\":\"https:\\\/\\\/radioljubuski.ba\\\/index.php\\\/2022\\\/07\\\/26\\\/kako-je-dodik-sprijecio-bosnjacke-clanove-predsjednistva-u-blokadi-izgradnje-peljeskog-mosta\\\/\"},\"author\":{\"name\":\"Radio Ljubu\u0161ki\",\"@id\":\"https:\\\/\\\/radioljubuski.ba\\\/#\\\/schema\\\/person\\\/19fc700381a780f69665d7956c469e3b\"},\"headline\":\"Kako je Dodik sprije\u010dio bo\u0161nja\u010dke \u010dlanove Predsjedni\u0161tva u blokadi izgradnje Pelje\u0161kog mosta\",\"datePublished\":\"2022-07-26T09:41:44+00:00\",\"dateModified\":\"2022-07-26T09:41:45+00:00\",\"mainEntityOfPage\":{\"@id\":\"https:\\\/\\\/radioljubuski.ba\\\/index.php\\\/2022\\\/07\\\/26\\\/kako-je-dodik-sprijecio-bosnjacke-clanove-predsjednistva-u-blokadi-izgradnje-peljeskog-mosta\\\/\"},\"wordCount\":1154,\"publisher\":{\"@id\":\"https:\\\/\\\/radioljubuski.ba\\\/#organization\"},\"image\":{\"@id\":\"https:\\\/\\\/radioljubuski.ba\\\/index.php\\\/2022\\\/07\\\/26\\\/kako-je-dodik-sprijecio-bosnjacke-clanove-predsjednistva-u-blokadi-izgradnje-peljeskog-mosta\\\/#primaryimage\"},\"thumbnailUrl\":\"https:\\\/\\\/radioljubuski.ba\\\/wp-content\\\/uploads\\\/2022\\\/07\\\/dodik-peljeski-most.jpg\",\"articleSection\":[\"BIH i regija\"],\"inLanguage\":\"hr\"},{\"@type\":\"WebPage\",\"@id\":\"https:\\\/\\\/radioljubuski.ba\\\/index.php\\\/2022\\\/07\\\/26\\\/kako-je-dodik-sprijecio-bosnjacke-clanove-predsjednistva-u-blokadi-izgradnje-peljeskog-mosta\\\/\",\"url\":\"https:\\\/\\\/radioljubuski.ba\\\/index.php\\\/2022\\\/07\\\/26\\\/kako-je-dodik-sprijecio-bosnjacke-clanove-predsjednistva-u-blokadi-izgradnje-peljeskog-mosta\\\/\",\"name\":\"Kako je Dodik sprije\u010dio bo\u0161nja\u010dke \u010dlanove Predsjedni\u0161tva u blokadi izgradnje Pelje\u0161kog mosta - RADIO LJUBU\u0160KI\",\"isPartOf\":{\"@id\":\"https:\\\/\\\/radioljubuski.ba\\\/#website\"},\"primaryImageOfPage\":{\"@id\":\"https:\\\/\\\/radioljubuski.ba\\\/index.php\\\/2022\\\/07\\\/26\\\/kako-je-dodik-sprijecio-bosnjacke-clanove-predsjednistva-u-blokadi-izgradnje-peljeskog-mosta\\\/#primaryimage\"},\"image\":{\"@id\":\"https:\\\/\\\/radioljubuski.ba\\\/index.php\\\/2022\\\/07\\\/26\\\/kako-je-dodik-sprijecio-bosnjacke-clanove-predsjednistva-u-blokadi-izgradnje-peljeskog-mosta\\\/#primaryimage\"},\"thumbnailUrl\":\"https:\\\/\\\/radioljubuski.ba\\\/wp-content\\\/uploads\\\/2022\\\/07\\\/dodik-peljeski-most.jpg\",\"datePublished\":\"2022-07-26T09:41:44+00:00\",\"dateModified\":\"2022-07-26T09:41:45+00:00\",\"breadcrumb\":{\"@id\":\"https:\\\/\\\/radioljubuski.ba\\\/index.php\\\/2022\\\/07\\\/26\\\/kako-je-dodik-sprijecio-bosnjacke-clanove-predsjednistva-u-blokadi-izgradnje-peljeskog-mosta\\\/#breadcrumb\"},\"inLanguage\":\"hr\",\"potentialAction\":[{\"@type\":\"ReadAction\",\"target\":[\"https:\\\/\\\/radioljubuski.ba\\\/index.php\\\/2022\\\/07\\\/26\\\/kako-je-dodik-sprijecio-bosnjacke-clanove-predsjednistva-u-blokadi-izgradnje-peljeskog-mosta\\\/\"]}]},{\"@type\":\"ImageObject\",\"inLanguage\":\"hr\",\"@id\":\"https:\\\/\\\/radioljubuski.ba\\\/index.php\\\/2022\\\/07\\\/26\\\/kako-je-dodik-sprijecio-bosnjacke-clanove-predsjednistva-u-blokadi-izgradnje-peljeskog-mosta\\\/#primaryimage\",\"url\":\"https:\\\/\\\/radioljubuski.ba\\\/wp-content\\\/uploads\\\/2022\\\/07\\\/dodik-peljeski-most.jpg\",\"contentUrl\":\"https:\\\/\\\/radioljubuski.ba\\\/wp-content\\\/uploads\\\/2022\\\/07\\\/dodik-peljeski-most.jpg\",\"width\":1000,\"height\":666},{\"@type\":\"BreadcrumbList\",\"@id\":\"https:\\\/\\\/radioljubuski.ba\\\/index.php\\\/2022\\\/07\\\/26\\\/kako-je-dodik-sprijecio-bosnjacke-clanove-predsjednistva-u-blokadi-izgradnje-peljeskog-mosta\\\/#breadcrumb\",\"itemListElement\":[{\"@type\":\"ListItem\",\"position\":1,\"name\":\"Po\u010detna stranica\",\"item\":\"https:\\\/\\\/radioljubuski.ba\\\/\"},{\"@type\":\"ListItem\",\"position\":2,\"name\":\"Kako je Dodik sprije\u010dio bo\u0161nja\u010dke \u010dlanove Predsjedni\u0161tva u blokadi izgradnje Pelje\u0161kog mosta\"}]},{\"@type\":\"WebSite\",\"@id\":\"https:\\\/\\\/radioljubuski.ba\\\/#website\",\"url\":\"https:\\\/\\\/radioljubuski.ba\\\/\",\"name\":\"Radio Ljubu\u0161ki\",\"description\":\"Sun\u010dana frekvencija Hercegovine\",\"publisher\":{\"@id\":\"https:\\\/\\\/radioljubuski.ba\\\/#organization\"},\"potentialAction\":[{\"@type\":\"SearchAction\",\"target\":{\"@type\":\"EntryPoint\",\"urlTemplate\":\"https:\\\/\\\/radioljubuski.ba\\\/?s={search_term_string}\"},\"query-input\":{\"@type\":\"PropertyValueSpecification\",\"valueRequired\":true,\"valueName\":\"search_term_string\"}}],\"inLanguage\":\"hr\"},{\"@type\":\"Organization\",\"@id\":\"https:\\\/\\\/radioljubuski.ba\\\/#organization\",\"name\":\"Radio Ljubu\u0161ki\",\"url\":\"https:\\\/\\\/radioljubuski.ba\\\/\",\"logo\":{\"@type\":\"ImageObject\",\"inLanguage\":\"hr\",\"@id\":\"https:\\\/\\\/radioljubuski.ba\\\/#\\\/schema\\\/logo\\\/image\\\/\",\"url\":\"https:\\\/\\\/radioljubuski.ba\\\/wp-content\\\/uploads\\\/2021\\\/02\\\/cropped-Radio_Ljubuski_logo1.jpg\",\"contentUrl\":\"https:\\\/\\\/radioljubuski.ba\\\/wp-content\\\/uploads\\\/2021\\\/02\\\/cropped-Radio_Ljubuski_logo1.jpg\",\"width\":512,\"height\":512,\"caption\":\"Radio Ljubu\u0161ki\"},\"image\":{\"@id\":\"https:\\\/\\\/radioljubuski.ba\\\/#\\\/schema\\\/logo\\\/image\\\/\"},\"sameAs\":[\"https:\\\/\\\/www.facebook.com\\\/Radiio-Ljubuski-1490835324566332\",\"https:\\\/\\\/x.com\\\/radioljubuski\",\"https:\\\/\\\/hr.linkedin.com\\\/company\\\/radio-ljubuski\",\"https:\\\/\\\/www.youtube.com\\\/channel\\\/UCHYaeO_n0Db3tjNGudGpXyw\"]},{\"@type\":\"Person\",\"@id\":\"https:\\\/\\\/radioljubuski.ba\\\/#\\\/schema\\\/person\\\/19fc700381a780f69665d7956c469e3b\",\"name\":\"Radio Ljubu\u0161ki\"}]}<\/script>\n<!-- \/ Yoast SEO plugin. -->","yoast_head_json":{"title":"Kako je Dodik sprije\u010dio bo\u0161nja\u010dke \u010dlanove Predsjedni\u0161tva u blokadi izgradnje Pelje\u0161kog mosta - RADIO LJUBU\u0160KI","robots":{"index":"index","follow":"follow","max-snippet":"max-snippet:-1","max-image-preview":"max-image-preview:large","max-video-preview":"max-video-preview:-1"},"canonical":"https:\/\/radioljubuski.ba\/index.php\/2022\/07\/26\/kako-je-dodik-sprijecio-bosnjacke-clanove-predsjednistva-u-blokadi-izgradnje-peljeskog-mosta\/","og_locale":"hr_HR","og_type":"article","og_title":"Kako je Dodik sprije\u010dio bo\u0161nja\u010dke \u010dlanove Predsjedni\u0161tva u blokadi izgradnje Pelje\u0161kog mosta - RADIO LJUBU\u0160KI","og_description":"U o\u017eujku 1994. u Washingtonu je postignut okvirni sporazum o uspostavi hrvatsko-bo\u0161nja\u010dke Federacije u Bosni i Hercegovini, do danas poznat pod nazivom Washingtonski sporazum. Jednom od njegovih odredbi, koju su potpisali predsjednik Republike Hrvatske Franjo Tu\u0111man i predsjednik Predsjedni\u0161tva Bosne i Hercegovine Alija Izetbegovi\u0107, predvi\u0111eno je i sklapanje me\u0111udr\u017eavnog Sporazuma o posebnim odnosima izme\u0111u Republike [&hellip;]","og_url":"https:\/\/radioljubuski.ba\/index.php\/2022\/07\/26\/kako-je-dodik-sprijecio-bosnjacke-clanove-predsjednistva-u-blokadi-izgradnje-peljeskog-mosta\/","og_site_name":"RADIO LJUBU\u0160KI","article_publisher":"https:\/\/www.facebook.com\/Radiio-Ljubuski-1490835324566332","article_published_time":"2022-07-26T09:41:44+00:00","article_modified_time":"2022-07-26T09:41:45+00:00","og_image":[{"width":1000,"height":666,"url":"https:\/\/radioljubuski.ba\/wp-content\/uploads\/2022\/07\/dodik-peljeski-most.jpg","type":"image\/jpeg"}],"author":"Radio Ljubu\u0161ki","twitter_card":"summary_large_image","twitter_creator":"@radioljubuski","twitter_site":"@radioljubuski","twitter_misc":{"Napisao\/la":"Radio Ljubu\u0161ki","Procijenjeno vrijeme \u010ditanja":"5 minuta"},"schema":{"@context":"https:\/\/schema.org","@graph":[{"@type":"Article","@id":"https:\/\/radioljubuski.ba\/index.php\/2022\/07\/26\/kako-je-dodik-sprijecio-bosnjacke-clanove-predsjednistva-u-blokadi-izgradnje-peljeskog-mosta\/#article","isPartOf":{"@id":"https:\/\/radioljubuski.ba\/index.php\/2022\/07\/26\/kako-je-dodik-sprijecio-bosnjacke-clanove-predsjednistva-u-blokadi-izgradnje-peljeskog-mosta\/"},"author":{"name":"Radio Ljubu\u0161ki","@id":"https:\/\/radioljubuski.ba\/#\/schema\/person\/19fc700381a780f69665d7956c469e3b"},"headline":"Kako je Dodik sprije\u010dio bo\u0161nja\u010dke \u010dlanove Predsjedni\u0161tva u blokadi izgradnje Pelje\u0161kog mosta","datePublished":"2022-07-26T09:41:44+00:00","dateModified":"2022-07-26T09:41:45+00:00","mainEntityOfPage":{"@id":"https:\/\/radioljubuski.ba\/index.php\/2022\/07\/26\/kako-je-dodik-sprijecio-bosnjacke-clanove-predsjednistva-u-blokadi-izgradnje-peljeskog-mosta\/"},"wordCount":1154,"publisher":{"@id":"https:\/\/radioljubuski.ba\/#organization"},"image":{"@id":"https:\/\/radioljubuski.ba\/index.php\/2022\/07\/26\/kako-je-dodik-sprijecio-bosnjacke-clanove-predsjednistva-u-blokadi-izgradnje-peljeskog-mosta\/#primaryimage"},"thumbnailUrl":"https:\/\/radioljubuski.ba\/wp-content\/uploads\/2022\/07\/dodik-peljeski-most.jpg","articleSection":["BIH i regija"],"inLanguage":"hr"},{"@type":"WebPage","@id":"https:\/\/radioljubuski.ba\/index.php\/2022\/07\/26\/kako-je-dodik-sprijecio-bosnjacke-clanove-predsjednistva-u-blokadi-izgradnje-peljeskog-mosta\/","url":"https:\/\/radioljubuski.ba\/index.php\/2022\/07\/26\/kako-je-dodik-sprijecio-bosnjacke-clanove-predsjednistva-u-blokadi-izgradnje-peljeskog-mosta\/","name":"Kako je Dodik sprije\u010dio bo\u0161nja\u010dke \u010dlanove Predsjedni\u0161tva u blokadi izgradnje Pelje\u0161kog mosta - RADIO LJUBU\u0160KI","isPartOf":{"@id":"https:\/\/radioljubuski.ba\/#website"},"primaryImageOfPage":{"@id":"https:\/\/radioljubuski.ba\/index.php\/2022\/07\/26\/kako-je-dodik-sprijecio-bosnjacke-clanove-predsjednistva-u-blokadi-izgradnje-peljeskog-mosta\/#primaryimage"},"image":{"@id":"https:\/\/radioljubuski.ba\/index.php\/2022\/07\/26\/kako-je-dodik-sprijecio-bosnjacke-clanove-predsjednistva-u-blokadi-izgradnje-peljeskog-mosta\/#primaryimage"},"thumbnailUrl":"https:\/\/radioljubuski.ba\/wp-content\/uploads\/2022\/07\/dodik-peljeski-most.jpg","datePublished":"2022-07-26T09:41:44+00:00","dateModified":"2022-07-26T09:41:45+00:00","breadcrumb":{"@id":"https:\/\/radioljubuski.ba\/index.php\/2022\/07\/26\/kako-je-dodik-sprijecio-bosnjacke-clanove-predsjednistva-u-blokadi-izgradnje-peljeskog-mosta\/#breadcrumb"},"inLanguage":"hr","potentialAction":[{"@type":"ReadAction","target":["https:\/\/radioljubuski.ba\/index.php\/2022\/07\/26\/kako-je-dodik-sprijecio-bosnjacke-clanove-predsjednistva-u-blokadi-izgradnje-peljeskog-mosta\/"]}]},{"@type":"ImageObject","inLanguage":"hr","@id":"https:\/\/radioljubuski.ba\/index.php\/2022\/07\/26\/kako-je-dodik-sprijecio-bosnjacke-clanove-predsjednistva-u-blokadi-izgradnje-peljeskog-mosta\/#primaryimage","url":"https:\/\/radioljubuski.ba\/wp-content\/uploads\/2022\/07\/dodik-peljeski-most.jpg","contentUrl":"https:\/\/radioljubuski.ba\/wp-content\/uploads\/2022\/07\/dodik-peljeski-most.jpg","width":1000,"height":666},{"@type":"BreadcrumbList","@id":"https:\/\/radioljubuski.ba\/index.php\/2022\/07\/26\/kako-je-dodik-sprijecio-bosnjacke-clanove-predsjednistva-u-blokadi-izgradnje-peljeskog-mosta\/#breadcrumb","itemListElement":[{"@type":"ListItem","position":1,"name":"Po\u010detna stranica","item":"https:\/\/radioljubuski.ba\/"},{"@type":"ListItem","position":2,"name":"Kako je Dodik sprije\u010dio bo\u0161nja\u010dke \u010dlanove Predsjedni\u0161tva u blokadi izgradnje Pelje\u0161kog mosta"}]},{"@type":"WebSite","@id":"https:\/\/radioljubuski.ba\/#website","url":"https:\/\/radioljubuski.ba\/","name":"Radio Ljubu\u0161ki","description":"Sun\u010dana frekvencija Hercegovine","publisher":{"@id":"https:\/\/radioljubuski.ba\/#organization"},"potentialAction":[{"@type":"SearchAction","target":{"@type":"EntryPoint","urlTemplate":"https:\/\/radioljubuski.ba\/?s={search_term_string}"},"query-input":{"@type":"PropertyValueSpecification","valueRequired":true,"valueName":"search_term_string"}}],"inLanguage":"hr"},{"@type":"Organization","@id":"https:\/\/radioljubuski.ba\/#organization","name":"Radio Ljubu\u0161ki","url":"https:\/\/radioljubuski.ba\/","logo":{"@type":"ImageObject","inLanguage":"hr","@id":"https:\/\/radioljubuski.ba\/#\/schema\/logo\/image\/","url":"https:\/\/radioljubuski.ba\/wp-content\/uploads\/2021\/02\/cropped-Radio_Ljubuski_logo1.jpg","contentUrl":"https:\/\/radioljubuski.ba\/wp-content\/uploads\/2021\/02\/cropped-Radio_Ljubuski_logo1.jpg","width":512,"height":512,"caption":"Radio Ljubu\u0161ki"},"image":{"@id":"https:\/\/radioljubuski.ba\/#\/schema\/logo\/image\/"},"sameAs":["https:\/\/www.facebook.com\/Radiio-Ljubuski-1490835324566332","https:\/\/x.com\/radioljubuski","https:\/\/hr.linkedin.com\/company\/radio-ljubuski","https:\/\/www.youtube.com\/channel\/UCHYaeO_n0Db3tjNGudGpXyw"]},{"@type":"Person","@id":"https:\/\/radioljubuski.ba\/#\/schema\/person\/19fc700381a780f69665d7956c469e3b","name":"Radio Ljubu\u0161ki"}]}},"_links":{"self":[{"href":"https:\/\/radioljubuski.ba\/index.php\/wp-json\/wp\/v2\/posts\/163475","targetHints":{"allow":["GET"]}}],"collection":[{"href":"https:\/\/radioljubuski.ba\/index.php\/wp-json\/wp\/v2\/posts"}],"about":[{"href":"https:\/\/radioljubuski.ba\/index.php\/wp-json\/wp\/v2\/types\/post"}],"author":[{"embeddable":true,"href":"https:\/\/radioljubuski.ba\/index.php\/wp-json\/wp\/v2\/users\/2"}],"replies":[{"embeddable":true,"href":"https:\/\/radioljubuski.ba\/index.php\/wp-json\/wp\/v2\/comments?post=163475"}],"version-history":[{"count":1,"href":"https:\/\/radioljubuski.ba\/index.php\/wp-json\/wp\/v2\/posts\/163475\/revisions"}],"predecessor-version":[{"id":163477,"href":"https:\/\/radioljubuski.ba\/index.php\/wp-json\/wp\/v2\/posts\/163475\/revisions\/163477"}],"wp:featuredmedia":[{"embeddable":true,"href":"https:\/\/radioljubuski.ba\/index.php\/wp-json\/wp\/v2\/media\/163476"}],"wp:attachment":[{"href":"https:\/\/radioljubuski.ba\/index.php\/wp-json\/wp\/v2\/media?parent=163475"}],"wp:term":[{"taxonomy":"category","embeddable":true,"href":"https:\/\/radioljubuski.ba\/index.php\/wp-json\/wp\/v2\/categories?post=163475"},{"taxonomy":"post_tag","embeddable":true,"href":"https:\/\/radioljubuski.ba\/index.php\/wp-json\/wp\/v2\/tags?post=163475"}],"curies":[{"name":"wp","href":"https:\/\/api.w.org\/{rel}","templated":true}]}}