{"id":163479,"date":"2022-07-26T10:46:23","date_gmt":"2022-07-26T09:46:23","guid":{"rendered":"https:\/\/radioljubuski.ba\/?p=163479"},"modified":"2022-07-26T10:46:24","modified_gmt":"2022-07-26T09:46:24","slug":"dva-helikoptera-gase-pozar-na-blidinju","status":"publish","type":"post","link":"https:\/\/radioljubuski.ba\/index.php\/2022\/07\/26\/dva-helikoptera-gase-pozar-na-blidinju\/","title":{"rendered":"Dva helikoptera gase po\u017ear na Blidinju"},"content":{"rendered":"\n<h5 class=\"wp-block-heading\">Po\u017ear na planini \u010cvrsnici u Parku prirode Blidinje aktivan je ve\u0107 deseti dan.<\/h5>\n\n\n\n<p>U utorak od 10:00 sati po\u017ear gase\u00a0dva helikoptera.<\/p>\n\n\n\n<figure class=\"wp-block-image size-large\"><img loading=\"lazy\" decoding=\"async\" width=\"1000\" height=\"695\" src=\"https:\/\/radioljubuski.ba\/wp-content\/uploads\/2022\/07\/pozar-cvrsnica-helikopter-mi-8.jpg\" alt=\"\" class=\"wp-image-163486\" srcset=\"https:\/\/radioljubuski.ba\/wp-content\/uploads\/2022\/07\/pozar-cvrsnica-helikopter-mi-8.jpg 1000w, https:\/\/radioljubuski.ba\/wp-content\/uploads\/2022\/07\/pozar-cvrsnica-helikopter-mi-8-300x209.jpg 300w, https:\/\/radioljubuski.ba\/wp-content\/uploads\/2022\/07\/pozar-cvrsnica-helikopter-mi-8-768x534.jpg 768w, https:\/\/radioljubuski.ba\/wp-content\/uploads\/2022\/07\/pozar-cvrsnica-helikopter-mi-8-18x12.jpg 18w\" sizes=\"auto, (max-width: 1000px) 100vw, 1000px\" \/><\/figure>\n\n\n\n<p>Radi se o helikopteru\u00a0Mi-8\u00a0Protupo\u017earnih namjenski organiziranih snaga Oru\u017eanih snaga RH iz sastava Hrvatskog ratnog zrakoplovstva koji nosi protupo\u017earni ure\u0111aj kapaciteta\u00a02.200 litara\u00a0te \u0107e on cijeli dan biti na Blidinju. Uz njega, po\u017ear gasi i\u00a0helikopter Oru\u017eanih snaga BiH\u00a0koji je do\u0161ao s duplom posadom kako bi mogli pomagati u ga\u0161enju cijeli dan,\u00a0potvr\u0111eno je za portal\u00a0Jabuka.tv\u00a0iz Uprave civilne za\u0161tite \u017dZH.<\/p>\n\n\n\n<p>Trenuta\u010dno\u00a0nisu ugro\u017eeni stambeni objekti, ali i dalje\u00a0postoji opasnost\u00a0zbog blizine po\u017earne linije. Na terenu je vi\u0161e desetaka vatrogasaca i dobrovoljaca.<\/p>\n\n\n\n<figure class=\"wp-block-image size-large\"><img loading=\"lazy\" decoding=\"async\" width=\"810\" height=\"476\" src=\"https:\/\/radioljubuski.ba\/wp-content\/uploads\/2022\/07\/helikopter-os-bih-cvrsnica-810x476-1.jpg\" alt=\"\" class=\"wp-image-163488\" srcset=\"https:\/\/radioljubuski.ba\/wp-content\/uploads\/2022\/07\/helikopter-os-bih-cvrsnica-810x476-1.jpg 810w, https:\/\/radioljubuski.ba\/wp-content\/uploads\/2022\/07\/helikopter-os-bih-cvrsnica-810x476-1-300x176.jpg 300w, https:\/\/radioljubuski.ba\/wp-content\/uploads\/2022\/07\/helikopter-os-bih-cvrsnica-810x476-1-768x451.jpg 768w, https:\/\/radioljubuski.ba\/wp-content\/uploads\/2022\/07\/helikopter-os-bih-cvrsnica-810x476-1-18x12.jpg 18w\" sizes=\"auto, (max-width: 810px) 100vw, 810px\" \/><\/figure>\n\n\n\n<p>I dalje stoji\u00a0apel svima koji mogu pomo\u0107i\u00a0u ga\u0161enju po\u017eara da se jave na brojeve mobitela navedene na plakatu u nastavku.<\/p>\n\n\n\n<blockquote class=\"twitter-tweet\"><p lang=\"und\" dir=\"ltr\">Hrvatski helikopter Mi-8 gasi po\u017ear na planini \u010cvrsnici u Parku prirode <a href=\"https:\/\/twitter.com\/hashtag\/Blidinje?src=hash&amp;ref_src=twsrc%5Etfw\">#Blidinje<\/a> <a href=\"https:\/\/t.co\/CPiO8eYK1I\">pic.twitter.com\/CPiO8eYK1I<\/a><\/p>&mdash; Jabuka.tv (@jabukatv) <a href=\"https:\/\/twitter.com\/jabukatv\/status\/1551861645290381313?ref_src=twsrc%5Etfw\">July 26, 2022<\/a><\/blockquote> <script async src=\"https:\/\/platform.twitter.com\/widgets.js\" charset=\"utf-8\"><\/script>\n\n\n\n<p>Izvor: <a href=\"https:\/\/publish.twitter.com\/?query=https%3A%2F%2Ftwitter.com%2Fjabukatv%2Fstatus%2F1551861645290381313&amp;widget=Tweet\">Jabuka.tv<\/a><\/p>\n","protected":false},"excerpt":{"rendered":"<p>Po\u017ear na planini \u010cvrsnici u Parku prirode Blidinje aktivan je ve\u0107 deseti dan. U utorak od 10:00 sati po\u017ear gase\u00a0dva helikoptera. Radi se o helikopteru\u00a0Mi-8\u00a0Protupo\u017earnih namjenski organiziranih snaga Oru\u017eanih snaga RH iz sastava Hrvatskog ratnog zrakoplovstva koji nosi protupo\u017earni ure\u0111aj kapaciteta\u00a02.200 litara\u00a0te \u0107e on cijeli dan biti na Blidinju. Uz njega, po\u017ear gasi i\u00a0helikopter Oru\u017eanih [&hellip;]<\/p>\n","protected":false},"author":2,"featured_media":163485,"comment_status":"closed","ping_status":"closed","sticky":false,"template":"","format":"standard","meta":{"h5ap_radio_sources":[],"footnotes":""},"categories":[1],"tags":[],"class_list":["post-163479","post","type-post","status-publish","format-standard","has-post-thumbnail","hentry","category-bihiregija"],"yoast_head":"<!-- This site is optimized with the Yoast SEO plugin v27.5 - https:\/\/yoast.com\/product\/yoast-seo-wordpress\/ -->\n<title>Dva helikoptera gase po\u017ear na Blidinju - RADIO LJUBU\u0160KI<\/title>\n<meta name=\"robots\" content=\"index, follow, max-snippet:-1, max-image-preview:large, max-video-preview:-1\" \/>\n<link rel=\"canonical\" href=\"https:\/\/radioljubuski.ba\/index.php\/2022\/07\/26\/dva-helikoptera-gase-pozar-na-blidinju\/\" \/>\n<meta property=\"og:locale\" content=\"hr_HR\" \/>\n<meta property=\"og:type\" content=\"article\" \/>\n<meta property=\"og:title\" content=\"Dva helikoptera gase po\u017ear na Blidinju - RADIO LJUBU\u0160KI\" \/>\n<meta property=\"og:description\" content=\"Po\u017ear na planini \u010cvrsnici u Parku prirode Blidinje aktivan je ve\u0107 deseti dan. U utorak od 10:00 sati po\u017ear gase\u00a0dva helikoptera. Radi se o helikopteru\u00a0Mi-8\u00a0Protupo\u017earnih namjenski organiziranih snaga Oru\u017eanih snaga RH iz sastava Hrvatskog ratnog zrakoplovstva koji nosi protupo\u017earni ure\u0111aj kapaciteta\u00a02.200 litara\u00a0te \u0107e on cijeli dan biti na Blidinju. Uz njega, po\u017ear gasi i\u00a0helikopter Oru\u017eanih [&hellip;]\" \/>\n<meta property=\"og:url\" content=\"https:\/\/radioljubuski.ba\/index.php\/2022\/07\/26\/dva-helikoptera-gase-pozar-na-blidinju\/\" \/>\n<meta property=\"og:site_name\" content=\"RADIO LJUBU\u0160KI\" \/>\n<meta property=\"article:publisher\" content=\"https:\/\/www.facebook.com\/Radiio-Ljubuski-1490835324566332\" \/>\n<meta property=\"article:published_time\" content=\"2022-07-26T09:46:23+00:00\" \/>\n<meta property=\"article:modified_time\" content=\"2022-07-26T09:46:24+00:00\" \/>\n<meta property=\"og:image\" content=\"https:\/\/radioljubuski.ba\/wp-content\/uploads\/2022\/07\/pozar-cvrsnica-helikopter-mi-8-22-810x538-1.jpg\" \/>\n\t<meta property=\"og:image:width\" content=\"810\" \/>\n\t<meta property=\"og:image:height\" content=\"538\" \/>\n\t<meta property=\"og:image:type\" content=\"image\/jpeg\" \/>\n<meta name=\"author\" content=\"Radio Ljubu\u0161ki\" \/>\n<meta name=\"twitter:card\" content=\"summary_large_image\" \/>\n<meta name=\"twitter:creator\" content=\"@radioljubuski\" \/>\n<meta name=\"twitter:site\" content=\"@radioljubuski\" \/>\n<meta name=\"twitter:label1\" content=\"Napisao\/la\" \/>\n\t<meta name=\"twitter:data1\" content=\"Radio Ljubu\u0161ki\" \/>\n\t<meta name=\"twitter:label2\" content=\"Procijenjeno vrijeme \u010ditanja\" \/>\n\t<meta name=\"twitter:data2\" content=\"2 minute\" \/>\n<script type=\"application\/ld+json\" class=\"yoast-schema-graph\">{\"@context\":\"https:\\\/\\\/schema.org\",\"@graph\":[{\"@type\":\"Article\",\"@id\":\"https:\\\/\\\/radioljubuski.ba\\\/index.php\\\/2022\\\/07\\\/26\\\/dva-helikoptera-gase-pozar-na-blidinju\\\/#article\",\"isPartOf\":{\"@id\":\"https:\\\/\\\/radioljubuski.ba\\\/index.php\\\/2022\\\/07\\\/26\\\/dva-helikoptera-gase-pozar-na-blidinju\\\/\"},\"author\":{\"name\":\"Radio Ljubu\u0161ki\",\"@id\":\"https:\\\/\\\/radioljubuski.ba\\\/#\\\/schema\\\/person\\\/19fc700381a780f69665d7956c469e3b\"},\"headline\":\"Dva helikoptera gase po\u017ear na Blidinju\",\"datePublished\":\"2022-07-26T09:46:23+00:00\",\"dateModified\":\"2022-07-26T09:46:24+00:00\",\"mainEntityOfPage\":{\"@id\":\"https:\\\/\\\/radioljubuski.ba\\\/index.php\\\/2022\\\/07\\\/26\\\/dva-helikoptera-gase-pozar-na-blidinju\\\/\"},\"wordCount\":183,\"publisher\":{\"@id\":\"https:\\\/\\\/radioljubuski.ba\\\/#organization\"},\"image\":{\"@id\":\"https:\\\/\\\/radioljubuski.ba\\\/index.php\\\/2022\\\/07\\\/26\\\/dva-helikoptera-gase-pozar-na-blidinju\\\/#primaryimage\"},\"thumbnailUrl\":\"https:\\\/\\\/radioljubuski.ba\\\/wp-content\\\/uploads\\\/2022\\\/07\\\/pozar-cvrsnica-helikopter-mi-8-22-810x538-1.jpg\",\"articleSection\":[\"BIH i regija\"],\"inLanguage\":\"hr\"},{\"@type\":\"WebPage\",\"@id\":\"https:\\\/\\\/radioljubuski.ba\\\/index.php\\\/2022\\\/07\\\/26\\\/dva-helikoptera-gase-pozar-na-blidinju\\\/\",\"url\":\"https:\\\/\\\/radioljubuski.ba\\\/index.php\\\/2022\\\/07\\\/26\\\/dva-helikoptera-gase-pozar-na-blidinju\\\/\",\"name\":\"Dva helikoptera gase po\u017ear na Blidinju - RADIO LJUBU\u0160KI\",\"isPartOf\":{\"@id\":\"https:\\\/\\\/radioljubuski.ba\\\/#website\"},\"primaryImageOfPage\":{\"@id\":\"https:\\\/\\\/radioljubuski.ba\\\/index.php\\\/2022\\\/07\\\/26\\\/dva-helikoptera-gase-pozar-na-blidinju\\\/#primaryimage\"},\"image\":{\"@id\":\"https:\\\/\\\/radioljubuski.ba\\\/index.php\\\/2022\\\/07\\\/26\\\/dva-helikoptera-gase-pozar-na-blidinju\\\/#primaryimage\"},\"thumbnailUrl\":\"https:\\\/\\\/radioljubuski.ba\\\/wp-content\\\/uploads\\\/2022\\\/07\\\/pozar-cvrsnica-helikopter-mi-8-22-810x538-1.jpg\",\"datePublished\":\"2022-07-26T09:46:23+00:00\",\"dateModified\":\"2022-07-26T09:46:24+00:00\",\"breadcrumb\":{\"@id\":\"https:\\\/\\\/radioljubuski.ba\\\/index.php\\\/2022\\\/07\\\/26\\\/dva-helikoptera-gase-pozar-na-blidinju\\\/#breadcrumb\"},\"inLanguage\":\"hr\",\"potentialAction\":[{\"@type\":\"ReadAction\",\"target\":[\"https:\\\/\\\/radioljubuski.ba\\\/index.php\\\/2022\\\/07\\\/26\\\/dva-helikoptera-gase-pozar-na-blidinju\\\/\"]}]},{\"@type\":\"ImageObject\",\"inLanguage\":\"hr\",\"@id\":\"https:\\\/\\\/radioljubuski.ba\\\/index.php\\\/2022\\\/07\\\/26\\\/dva-helikoptera-gase-pozar-na-blidinju\\\/#primaryimage\",\"url\":\"https:\\\/\\\/radioljubuski.ba\\\/wp-content\\\/uploads\\\/2022\\\/07\\\/pozar-cvrsnica-helikopter-mi-8-22-810x538-1.jpg\",\"contentUrl\":\"https:\\\/\\\/radioljubuski.ba\\\/wp-content\\\/uploads\\\/2022\\\/07\\\/pozar-cvrsnica-helikopter-mi-8-22-810x538-1.jpg\",\"width\":810,\"height\":538},{\"@type\":\"BreadcrumbList\",\"@id\":\"https:\\\/\\\/radioljubuski.ba\\\/index.php\\\/2022\\\/07\\\/26\\\/dva-helikoptera-gase-pozar-na-blidinju\\\/#breadcrumb\",\"itemListElement\":[{\"@type\":\"ListItem\",\"position\":1,\"name\":\"Po\u010detna stranica\",\"item\":\"https:\\\/\\\/radioljubuski.ba\\\/\"},{\"@type\":\"ListItem\",\"position\":2,\"name\":\"Dva helikoptera gase po\u017ear na Blidinju\"}]},{\"@type\":\"WebSite\",\"@id\":\"https:\\\/\\\/radioljubuski.ba\\\/#website\",\"url\":\"https:\\\/\\\/radioljubuski.ba\\\/\",\"name\":\"Radio Ljubu\u0161ki\",\"description\":\"Sun\u010dana frekvencija Hercegovine\",\"publisher\":{\"@id\":\"https:\\\/\\\/radioljubuski.ba\\\/#organization\"},\"potentialAction\":[{\"@type\":\"SearchAction\",\"target\":{\"@type\":\"EntryPoint\",\"urlTemplate\":\"https:\\\/\\\/radioljubuski.ba\\\/?s={search_term_string}\"},\"query-input\":{\"@type\":\"PropertyValueSpecification\",\"valueRequired\":true,\"valueName\":\"search_term_string\"}}],\"inLanguage\":\"hr\"},{\"@type\":\"Organization\",\"@id\":\"https:\\\/\\\/radioljubuski.ba\\\/#organization\",\"name\":\"Radio Ljubu\u0161ki\",\"url\":\"https:\\\/\\\/radioljubuski.ba\\\/\",\"logo\":{\"@type\":\"ImageObject\",\"inLanguage\":\"hr\",\"@id\":\"https:\\\/\\\/radioljubuski.ba\\\/#\\\/schema\\\/logo\\\/image\\\/\",\"url\":\"https:\\\/\\\/radioljubuski.ba\\\/wp-content\\\/uploads\\\/2021\\\/02\\\/cropped-Radio_Ljubuski_logo1.jpg\",\"contentUrl\":\"https:\\\/\\\/radioljubuski.ba\\\/wp-content\\\/uploads\\\/2021\\\/02\\\/cropped-Radio_Ljubuski_logo1.jpg\",\"width\":512,\"height\":512,\"caption\":\"Radio Ljubu\u0161ki\"},\"image\":{\"@id\":\"https:\\\/\\\/radioljubuski.ba\\\/#\\\/schema\\\/logo\\\/image\\\/\"},\"sameAs\":[\"https:\\\/\\\/www.facebook.com\\\/Radiio-Ljubuski-1490835324566332\",\"https:\\\/\\\/x.com\\\/radioljubuski\",\"https:\\\/\\\/hr.linkedin.com\\\/company\\\/radio-ljubuski\",\"https:\\\/\\\/www.youtube.com\\\/channel\\\/UCHYaeO_n0Db3tjNGudGpXyw\"]},{\"@type\":\"Person\",\"@id\":\"https:\\\/\\\/radioljubuski.ba\\\/#\\\/schema\\\/person\\\/19fc700381a780f69665d7956c469e3b\",\"name\":\"Radio Ljubu\u0161ki\"}]}<\/script>\n<!-- \/ Yoast SEO plugin. -->","yoast_head_json":{"title":"Dva helikoptera gase po\u017ear na Blidinju - RADIO LJUBU\u0160KI","robots":{"index":"index","follow":"follow","max-snippet":"max-snippet:-1","max-image-preview":"max-image-preview:large","max-video-preview":"max-video-preview:-1"},"canonical":"https:\/\/radioljubuski.ba\/index.php\/2022\/07\/26\/dva-helikoptera-gase-pozar-na-blidinju\/","og_locale":"hr_HR","og_type":"article","og_title":"Dva helikoptera gase po\u017ear na Blidinju - RADIO LJUBU\u0160KI","og_description":"Po\u017ear na planini \u010cvrsnici u Parku prirode Blidinje aktivan je ve\u0107 deseti dan. U utorak od 10:00 sati po\u017ear gase\u00a0dva helikoptera. Radi se o helikopteru\u00a0Mi-8\u00a0Protupo\u017earnih namjenski organiziranih snaga Oru\u017eanih snaga RH iz sastava Hrvatskog ratnog zrakoplovstva koji nosi protupo\u017earni ure\u0111aj kapaciteta\u00a02.200 litara\u00a0te \u0107e on cijeli dan biti na Blidinju. Uz njega, po\u017ear gasi i\u00a0helikopter Oru\u017eanih [&hellip;]","og_url":"https:\/\/radioljubuski.ba\/index.php\/2022\/07\/26\/dva-helikoptera-gase-pozar-na-blidinju\/","og_site_name":"RADIO LJUBU\u0160KI","article_publisher":"https:\/\/www.facebook.com\/Radiio-Ljubuski-1490835324566332","article_published_time":"2022-07-26T09:46:23+00:00","article_modified_time":"2022-07-26T09:46:24+00:00","og_image":[{"width":810,"height":538,"url":"https:\/\/radioljubuski.ba\/wp-content\/uploads\/2022\/07\/pozar-cvrsnica-helikopter-mi-8-22-810x538-1.jpg","type":"image\/jpeg"}],"author":"Radio Ljubu\u0161ki","twitter_card":"summary_large_image","twitter_creator":"@radioljubuski","twitter_site":"@radioljubuski","twitter_misc":{"Napisao\/la":"Radio Ljubu\u0161ki","Procijenjeno vrijeme \u010ditanja":"2 minute"},"schema":{"@context":"https:\/\/schema.org","@graph":[{"@type":"Article","@id":"https:\/\/radioljubuski.ba\/index.php\/2022\/07\/26\/dva-helikoptera-gase-pozar-na-blidinju\/#article","isPartOf":{"@id":"https:\/\/radioljubuski.ba\/index.php\/2022\/07\/26\/dva-helikoptera-gase-pozar-na-blidinju\/"},"author":{"name":"Radio Ljubu\u0161ki","@id":"https:\/\/radioljubuski.ba\/#\/schema\/person\/19fc700381a780f69665d7956c469e3b"},"headline":"Dva helikoptera gase po\u017ear na Blidinju","datePublished":"2022-07-26T09:46:23+00:00","dateModified":"2022-07-26T09:46:24+00:00","mainEntityOfPage":{"@id":"https:\/\/radioljubuski.ba\/index.php\/2022\/07\/26\/dva-helikoptera-gase-pozar-na-blidinju\/"},"wordCount":183,"publisher":{"@id":"https:\/\/radioljubuski.ba\/#organization"},"image":{"@id":"https:\/\/radioljubuski.ba\/index.php\/2022\/07\/26\/dva-helikoptera-gase-pozar-na-blidinju\/#primaryimage"},"thumbnailUrl":"https:\/\/radioljubuski.ba\/wp-content\/uploads\/2022\/07\/pozar-cvrsnica-helikopter-mi-8-22-810x538-1.jpg","articleSection":["BIH i regija"],"inLanguage":"hr"},{"@type":"WebPage","@id":"https:\/\/radioljubuski.ba\/index.php\/2022\/07\/26\/dva-helikoptera-gase-pozar-na-blidinju\/","url":"https:\/\/radioljubuski.ba\/index.php\/2022\/07\/26\/dva-helikoptera-gase-pozar-na-blidinju\/","name":"Dva helikoptera gase po\u017ear na Blidinju - RADIO LJUBU\u0160KI","isPartOf":{"@id":"https:\/\/radioljubuski.ba\/#website"},"primaryImageOfPage":{"@id":"https:\/\/radioljubuski.ba\/index.php\/2022\/07\/26\/dva-helikoptera-gase-pozar-na-blidinju\/#primaryimage"},"image":{"@id":"https:\/\/radioljubuski.ba\/index.php\/2022\/07\/26\/dva-helikoptera-gase-pozar-na-blidinju\/#primaryimage"},"thumbnailUrl":"https:\/\/radioljubuski.ba\/wp-content\/uploads\/2022\/07\/pozar-cvrsnica-helikopter-mi-8-22-810x538-1.jpg","datePublished":"2022-07-26T09:46:23+00:00","dateModified":"2022-07-26T09:46:24+00:00","breadcrumb":{"@id":"https:\/\/radioljubuski.ba\/index.php\/2022\/07\/26\/dva-helikoptera-gase-pozar-na-blidinju\/#breadcrumb"},"inLanguage":"hr","potentialAction":[{"@type":"ReadAction","target":["https:\/\/radioljubuski.ba\/index.php\/2022\/07\/26\/dva-helikoptera-gase-pozar-na-blidinju\/"]}]},{"@type":"ImageObject","inLanguage":"hr","@id":"https:\/\/radioljubuski.ba\/index.php\/2022\/07\/26\/dva-helikoptera-gase-pozar-na-blidinju\/#primaryimage","url":"https:\/\/radioljubuski.ba\/wp-content\/uploads\/2022\/07\/pozar-cvrsnica-helikopter-mi-8-22-810x538-1.jpg","contentUrl":"https:\/\/radioljubuski.ba\/wp-content\/uploads\/2022\/07\/pozar-cvrsnica-helikopter-mi-8-22-810x538-1.jpg","width":810,"height":538},{"@type":"BreadcrumbList","@id":"https:\/\/radioljubuski.ba\/index.php\/2022\/07\/26\/dva-helikoptera-gase-pozar-na-blidinju\/#breadcrumb","itemListElement":[{"@type":"ListItem","position":1,"name":"Po\u010detna stranica","item":"https:\/\/radioljubuski.ba\/"},{"@type":"ListItem","position":2,"name":"Dva helikoptera gase po\u017ear na Blidinju"}]},{"@type":"WebSite","@id":"https:\/\/radioljubuski.ba\/#website","url":"https:\/\/radioljubuski.ba\/","name":"Radio Ljubu\u0161ki","description":"Sun\u010dana frekvencija Hercegovine","publisher":{"@id":"https:\/\/radioljubuski.ba\/#organization"},"potentialAction":[{"@type":"SearchAction","target":{"@type":"EntryPoint","urlTemplate":"https:\/\/radioljubuski.ba\/?s={search_term_string}"},"query-input":{"@type":"PropertyValueSpecification","valueRequired":true,"valueName":"search_term_string"}}],"inLanguage":"hr"},{"@type":"Organization","@id":"https:\/\/radioljubuski.ba\/#organization","name":"Radio Ljubu\u0161ki","url":"https:\/\/radioljubuski.ba\/","logo":{"@type":"ImageObject","inLanguage":"hr","@id":"https:\/\/radioljubuski.ba\/#\/schema\/logo\/image\/","url":"https:\/\/radioljubuski.ba\/wp-content\/uploads\/2021\/02\/cropped-Radio_Ljubuski_logo1.jpg","contentUrl":"https:\/\/radioljubuski.ba\/wp-content\/uploads\/2021\/02\/cropped-Radio_Ljubuski_logo1.jpg","width":512,"height":512,"caption":"Radio Ljubu\u0161ki"},"image":{"@id":"https:\/\/radioljubuski.ba\/#\/schema\/logo\/image\/"},"sameAs":["https:\/\/www.facebook.com\/Radiio-Ljubuski-1490835324566332","https:\/\/x.com\/radioljubuski","https:\/\/hr.linkedin.com\/company\/radio-ljubuski","https:\/\/www.youtube.com\/channel\/UCHYaeO_n0Db3tjNGudGpXyw"]},{"@type":"Person","@id":"https:\/\/radioljubuski.ba\/#\/schema\/person\/19fc700381a780f69665d7956c469e3b","name":"Radio Ljubu\u0161ki"}]}},"_links":{"self":[{"href":"https:\/\/radioljubuski.ba\/index.php\/wp-json\/wp\/v2\/posts\/163479","targetHints":{"allow":["GET"]}}],"collection":[{"href":"https:\/\/radioljubuski.ba\/index.php\/wp-json\/wp\/v2\/posts"}],"about":[{"href":"https:\/\/radioljubuski.ba\/index.php\/wp-json\/wp\/v2\/types\/post"}],"author":[{"embeddable":true,"href":"https:\/\/radioljubuski.ba\/index.php\/wp-json\/wp\/v2\/users\/2"}],"replies":[{"embeddable":true,"href":"https:\/\/radioljubuski.ba\/index.php\/wp-json\/wp\/v2\/comments?post=163479"}],"version-history":[{"count":1,"href":"https:\/\/radioljubuski.ba\/index.php\/wp-json\/wp\/v2\/posts\/163479\/revisions"}],"predecessor-version":[{"id":163490,"href":"https:\/\/radioljubuski.ba\/index.php\/wp-json\/wp\/v2\/posts\/163479\/revisions\/163490"}],"wp:featuredmedia":[{"embeddable":true,"href":"https:\/\/radioljubuski.ba\/index.php\/wp-json\/wp\/v2\/media\/163485"}],"wp:attachment":[{"href":"https:\/\/radioljubuski.ba\/index.php\/wp-json\/wp\/v2\/media?parent=163479"}],"wp:term":[{"taxonomy":"category","embeddable":true,"href":"https:\/\/radioljubuski.ba\/index.php\/wp-json\/wp\/v2\/categories?post=163479"},{"taxonomy":"post_tag","embeddable":true,"href":"https:\/\/radioljubuski.ba\/index.php\/wp-json\/wp\/v2\/tags?post=163479"}],"curies":[{"name":"wp","href":"https:\/\/api.w.org\/{rel}","templated":true}]}}