{"id":163502,"date":"2022-07-26T10:53:11","date_gmt":"2022-07-26T09:53:11","guid":{"rendered":"https:\/\/radioljubuski.ba\/?p=163502"},"modified":"2022-07-26T10:53:13","modified_gmt":"2022-07-26T09:53:13","slug":"hrs-dok-se-hrvate-zeli-stavljati-u-vagone-hrvatskim-rukama-se-razvlascuju-zupanije","status":"publish","type":"post","link":"https:\/\/radioljubuski.ba\/index.php\/2022\/07\/26\/hrs-dok-se-hrvate-zeli-stavljati-u-vagone-hrvatskim-rukama-se-razvlascuju-zupanije\/","title":{"rendered":"HRS: Dok se Hrvate \u017eeli stavljati u vagone, hrvatskim rukama se razvla\u0161\u0107uju \u017eupanije"},"content":{"rendered":"\n<p>Hrvatska republikanska stranka oglasila se priop\u0107enjem koje prenosimo u cijelosti:<\/p>\n\n\n\n<p>\u201ePonovio sam moja upozorenja! Ako navu\u010dete jo\u0161 jednu lu\u0111a\u010dku ko\u0161ulju Bo\u0161njacima, pitanje je kako \u0107e se oni pona\u0161ati i na \u0161to \u0107e biti spremni da probiju te blokade.\u201c Ovo je Bakir Izetbegovi\u0107 izjavio 25.07.2022. Podsje\u0107amo na jo\u0161 jednu njegovu izjavu iz velja\u010de 2020. \u201eNe mogu Hrvati imati isto kao i mi kojih ima duplo vi\u0161e\u2026 Ukoliko bude potreba, imamo prijatelje iz Europe i islamskih zemalja, ne daj Bo\u017ee potrebe, pobijedit \u0107emo i vojno ako treba\u201c. Dakle, Hrvati u BiH bi se morali zadovoljiti mrvicama koje padaju sa stola \u201ebosanskog\u201c vezira i \u201eprobosanskih\u201c stranaka koje bi Hrvate stavili u \u201edva vagona\u201c, da citiramo prosvjednike ispred zgrade OHR-a.<\/p>\n\n\n\n<p>Da kod hrvatskog politi\u010dkog vodstva postoji imalo dostojanstva, prekinuli bi davno svu suradnju s ovim \u010dovjekom i politikom koju predstavlja. Prekinuti sve dogovore, raskinuti koalicije. Imamo poluge vlasti, osobito na \u017eupanijskoj razini, idemo ja\u010dati \u017eupanije, ja\u010dati poljoprivredu, obrazovanje, zdravstvo,\u2026 Ali ne! Politi\u010dko vodstvo Hrvata, HDZ BiH, ne samo da gr\u010devito brani sve koalicijske poluge sa SDA i DF-om kao \u0161to se to mo\u017ee vidjeti iz rada gradskog vije\u0107a Mostara, nego idu puno koraka dalje. Razvla\u0161\u0107uju \u017eupanije, ja\u010daju\u0107i Federaciju.<\/p>\n\n\n\n<p>Dok se Hrvate pred OHR-om stavlja u vagone i brani \u201eislamska BiH\u201c, koalicija danas dogovorila stavljanje na dnevni red prijedlog Zakona o \u0161umama Federacije. I to onaj \u0160emsudina Dedi\u0107a, usvojen jednoglasno od Vlade FBiH unato\u010d protivljenjima \u017eupanija. Zakonom se centralizira nadle\u017enost nad \u0161umskim bogatstvom, \u010dime se raspolaganje vrijednosti koja se mjeri milijardama KM prebacuje na Sarajevo. Umjesto da se donese Zakon o \u0161umama HN\u017d, umjesto da se regulira raspolaganje \u0161umskim resursima u HB\u017d i \u017dZH kako bi se sprije\u010dio kriminal koji se trenutno radi, umjesto da se ja\u010da nadle\u017enost \u017eupanija, hrvatske legitimne ruke prebacuju to na razinu Federacije. Sli\u010dno kao \u0161to je napravljeno s poljoprivrednim zemlji\u0161tem kada su se hrvatskim rukama razvlastile \u017eupanije. Nevjerojatno!<\/p>\n\n\n\n<p>Nevjerojatno nam je i da se, u trenucima kada se Hrvate \u017eeli staviti u vagone, s istim tim koji bi nas, tko zna gdje, poveli \u017eeljeznicama, dogovara rebalans prora\u010duna HN\u017d, za potrebe izborne kampanje dvaju vje\u010dnih partnera. Zloupotrebljava se po\u017ear na Blidinju za ubrzavanje procedure progla\u0161enja Blidinja nacionalnim parkom, kako bi se i ovdje razvlastilo \u017eupanije i prebacila nadle\u017enost na Federaciju.<\/p>\n\n\n\n<p>HRS danima poku\u0161ava stopirati sve ove aktivnosti. U trenucima kada se otvoreno prijeti nasiljem, krvoproli\u0107em, ratom, u trenucima vjerojatno, nakon 2001., najve\u0107e antihrvatske histerije u BiH dogovarati zajedni\u010dke aktivnosti s autorima tih prijetnji nam je suludo. Razvla\u0161\u0107ivanje \u017eupanija nam je suicidalno!<\/p>\n\n\n\n<p>Hrvati danas mogu rije\u0161iti hrvatsko pitanje i prakti\u010dno odgovoriti na sve napade politi\u010dkog Sarajeva. Taj odgovor je JA\u010cANJE nadle\u017enosti \u017eupanija, a UMANJIVANJE nadle\u017enosti Federacije. Padanje svih \u201eprobosanskih\u201c maski slijedom Odluke OHR-a koja nije niti objavljena, ponajbolji je dokaz kako je to jedini strate\u0161ki smjer opstanka Hrvata. Sve suprotno tome je IZDAJA! Osobito razvla\u0161\u0107ivanje \u017eupanija zbog sitnih interesa i netransparentnog tro\u0161enja prora\u010dunskog novca.<\/p>\n\n\n\n<p>Ovim putem apeliramo, ako postoji netko iole hrvatski domoljubno osvije\u0161ten u zakonodavnim i izvr\u0161nim tijelima, da zaustavi sve procese s kojima \u0107emo nepovratno o\u0161tetiti \u017eupanije. Unato\u010d svim novcima ovog svijeta, ne mo\u017ee vam biti bli\u017ei Bakir Izetbegovi\u0107 koji prijeti ratom od hrvatskog naroda. Zaustavite barem do listopada, dok HRS ne stupi na scenu. Tada vas ne\u0107emo ni\u0161ta ni pitati!&#8221;<\/p>\n\n\n\n<p>Dnevnik.ba<\/p>\n","protected":false},"excerpt":{"rendered":"<p>Hrvatska republikanska stranka oglasila se priop\u0107enjem koje prenosimo u cijelosti: \u201ePonovio sam moja upozorenja! Ako navu\u010dete jo\u0161 jednu lu\u0111a\u010dku ko\u0161ulju Bo\u0161njacima, pitanje je kako \u0107e se oni pona\u0161ati i na \u0161to \u0107e biti spremni da probiju te blokade.\u201c Ovo je Bakir Izetbegovi\u0107 izjavio 25.07.2022. Podsje\u0107amo na jo\u0161 jednu njegovu izjavu iz velja\u010de 2020. \u201eNe mogu [&hellip;]<\/p>\n","protected":false},"author":2,"featured_media":163503,"comment_status":"closed","ping_status":"closed","sticky":false,"template":"","format":"standard","meta":{"h5ap_radio_sources":[],"footnotes":""},"categories":[1],"tags":[],"class_list":["post-163502","post","type-post","status-publish","format-standard","has-post-thumbnail","hentry","category-bihiregija"],"yoast_head":"<!-- This site is optimized with the Yoast SEO plugin v27.5 - https:\/\/yoast.com\/product\/yoast-seo-wordpress\/ -->\n<title>HRS: Dok se Hrvate \u017eeli stavljati u vagone, hrvatskim rukama se razvla\u0161\u0107uju \u017eupanije - RADIO LJUBU\u0160KI<\/title>\n<meta name=\"robots\" content=\"index, follow, max-snippet:-1, max-image-preview:large, max-video-preview:-1\" \/>\n<link rel=\"canonical\" href=\"https:\/\/radioljubuski.ba\/index.php\/2022\/07\/26\/hrs-dok-se-hrvate-zeli-stavljati-u-vagone-hrvatskim-rukama-se-razvlascuju-zupanije\/\" \/>\n<meta property=\"og:locale\" content=\"hr_HR\" \/>\n<meta property=\"og:type\" content=\"article\" \/>\n<meta property=\"og:title\" content=\"HRS: Dok se Hrvate \u017eeli stavljati u vagone, hrvatskim rukama se razvla\u0161\u0107uju \u017eupanije - RADIO LJUBU\u0160KI\" \/>\n<meta property=\"og:description\" content=\"Hrvatska republikanska stranka oglasila se priop\u0107enjem koje prenosimo u cijelosti: \u201ePonovio sam moja upozorenja! Ako navu\u010dete jo\u0161 jednu lu\u0111a\u010dku ko\u0161ulju Bo\u0161njacima, pitanje je kako \u0107e se oni pona\u0161ati i na \u0161to \u0107e biti spremni da probiju te blokade.\u201c Ovo je Bakir Izetbegovi\u0107 izjavio 25.07.2022. Podsje\u0107amo na jo\u0161 jednu njegovu izjavu iz velja\u010de 2020. \u201eNe mogu [&hellip;]\" \/>\n<meta property=\"og:url\" content=\"https:\/\/radioljubuski.ba\/index.php\/2022\/07\/26\/hrs-dok-se-hrvate-zeli-stavljati-u-vagone-hrvatskim-rukama-se-razvlascuju-zupanije\/\" \/>\n<meta property=\"og:site_name\" content=\"RADIO LJUBU\u0160KI\" \/>\n<meta property=\"article:publisher\" content=\"https:\/\/www.facebook.com\/Radiio-Ljubuski-1490835324566332\" \/>\n<meta property=\"article:published_time\" content=\"2022-07-26T09:53:11+00:00\" \/>\n<meta property=\"article:modified_time\" content=\"2022-07-26T09:53:13+00:00\" \/>\n<meta property=\"og:image\" content=\"https:\/\/radioljubuski.ba\/wp-content\/uploads\/2022\/07\/o_115354_1024.jpg\" \/>\n\t<meta property=\"og:image:width\" content=\"1024\" \/>\n\t<meta property=\"og:image:height\" content=\"573\" \/>\n\t<meta property=\"og:image:type\" content=\"image\/jpeg\" \/>\n<meta name=\"author\" content=\"Radio Ljubu\u0161ki\" \/>\n<meta name=\"twitter:card\" content=\"summary_large_image\" \/>\n<meta name=\"twitter:creator\" content=\"@radioljubuski\" \/>\n<meta name=\"twitter:site\" content=\"@radioljubuski\" \/>\n<meta name=\"twitter:label1\" content=\"Napisao\/la\" \/>\n\t<meta name=\"twitter:data1\" content=\"Radio Ljubu\u0161ki\" \/>\n\t<meta name=\"twitter:label2\" content=\"Procijenjeno vrijeme \u010ditanja\" \/>\n\t<meta name=\"twitter:data2\" content=\"3 minute\" \/>\n<script type=\"application\/ld+json\" class=\"yoast-schema-graph\">{\"@context\":\"https:\\\/\\\/schema.org\",\"@graph\":[{\"@type\":\"Article\",\"@id\":\"https:\\\/\\\/radioljubuski.ba\\\/index.php\\\/2022\\\/07\\\/26\\\/hrs-dok-se-hrvate-zeli-stavljati-u-vagone-hrvatskim-rukama-se-razvlascuju-zupanije\\\/#article\",\"isPartOf\":{\"@id\":\"https:\\\/\\\/radioljubuski.ba\\\/index.php\\\/2022\\\/07\\\/26\\\/hrs-dok-se-hrvate-zeli-stavljati-u-vagone-hrvatskim-rukama-se-razvlascuju-zupanije\\\/\"},\"author\":{\"name\":\"Radio Ljubu\u0161ki\",\"@id\":\"https:\\\/\\\/radioljubuski.ba\\\/#\\\/schema\\\/person\\\/19fc700381a780f69665d7956c469e3b\"},\"headline\":\"HRS: Dok se Hrvate \u017eeli stavljati u vagone, hrvatskim rukama se razvla\u0161\u0107uju \u017eupanije\",\"datePublished\":\"2022-07-26T09:53:11+00:00\",\"dateModified\":\"2022-07-26T09:53:13+00:00\",\"mainEntityOfPage\":{\"@id\":\"https:\\\/\\\/radioljubuski.ba\\\/index.php\\\/2022\\\/07\\\/26\\\/hrs-dok-se-hrvate-zeli-stavljati-u-vagone-hrvatskim-rukama-se-razvlascuju-zupanije\\\/\"},\"wordCount\":599,\"publisher\":{\"@id\":\"https:\\\/\\\/radioljubuski.ba\\\/#organization\"},\"image\":{\"@id\":\"https:\\\/\\\/radioljubuski.ba\\\/index.php\\\/2022\\\/07\\\/26\\\/hrs-dok-se-hrvate-zeli-stavljati-u-vagone-hrvatskim-rukama-se-razvlascuju-zupanije\\\/#primaryimage\"},\"thumbnailUrl\":\"https:\\\/\\\/radioljubuski.ba\\\/wp-content\\\/uploads\\\/2022\\\/07\\\/o_115354_1024.jpg\",\"articleSection\":[\"BIH i regija\"],\"inLanguage\":\"hr\"},{\"@type\":\"WebPage\",\"@id\":\"https:\\\/\\\/radioljubuski.ba\\\/index.php\\\/2022\\\/07\\\/26\\\/hrs-dok-se-hrvate-zeli-stavljati-u-vagone-hrvatskim-rukama-se-razvlascuju-zupanije\\\/\",\"url\":\"https:\\\/\\\/radioljubuski.ba\\\/index.php\\\/2022\\\/07\\\/26\\\/hrs-dok-se-hrvate-zeli-stavljati-u-vagone-hrvatskim-rukama-se-razvlascuju-zupanije\\\/\",\"name\":\"HRS: Dok se Hrvate \u017eeli stavljati u vagone, hrvatskim rukama se razvla\u0161\u0107uju \u017eupanije - RADIO LJUBU\u0160KI\",\"isPartOf\":{\"@id\":\"https:\\\/\\\/radioljubuski.ba\\\/#website\"},\"primaryImageOfPage\":{\"@id\":\"https:\\\/\\\/radioljubuski.ba\\\/index.php\\\/2022\\\/07\\\/26\\\/hrs-dok-se-hrvate-zeli-stavljati-u-vagone-hrvatskim-rukama-se-razvlascuju-zupanije\\\/#primaryimage\"},\"image\":{\"@id\":\"https:\\\/\\\/radioljubuski.ba\\\/index.php\\\/2022\\\/07\\\/26\\\/hrs-dok-se-hrvate-zeli-stavljati-u-vagone-hrvatskim-rukama-se-razvlascuju-zupanije\\\/#primaryimage\"},\"thumbnailUrl\":\"https:\\\/\\\/radioljubuski.ba\\\/wp-content\\\/uploads\\\/2022\\\/07\\\/o_115354_1024.jpg\",\"datePublished\":\"2022-07-26T09:53:11+00:00\",\"dateModified\":\"2022-07-26T09:53:13+00:00\",\"breadcrumb\":{\"@id\":\"https:\\\/\\\/radioljubuski.ba\\\/index.php\\\/2022\\\/07\\\/26\\\/hrs-dok-se-hrvate-zeli-stavljati-u-vagone-hrvatskim-rukama-se-razvlascuju-zupanije\\\/#breadcrumb\"},\"inLanguage\":\"hr\",\"potentialAction\":[{\"@type\":\"ReadAction\",\"target\":[\"https:\\\/\\\/radioljubuski.ba\\\/index.php\\\/2022\\\/07\\\/26\\\/hrs-dok-se-hrvate-zeli-stavljati-u-vagone-hrvatskim-rukama-se-razvlascuju-zupanije\\\/\"]}]},{\"@type\":\"ImageObject\",\"inLanguage\":\"hr\",\"@id\":\"https:\\\/\\\/radioljubuski.ba\\\/index.php\\\/2022\\\/07\\\/26\\\/hrs-dok-se-hrvate-zeli-stavljati-u-vagone-hrvatskim-rukama-se-razvlascuju-zupanije\\\/#primaryimage\",\"url\":\"https:\\\/\\\/radioljubuski.ba\\\/wp-content\\\/uploads\\\/2022\\\/07\\\/o_115354_1024.jpg\",\"contentUrl\":\"https:\\\/\\\/radioljubuski.ba\\\/wp-content\\\/uploads\\\/2022\\\/07\\\/o_115354_1024.jpg\",\"width\":1024,\"height\":573},{\"@type\":\"BreadcrumbList\",\"@id\":\"https:\\\/\\\/radioljubuski.ba\\\/index.php\\\/2022\\\/07\\\/26\\\/hrs-dok-se-hrvate-zeli-stavljati-u-vagone-hrvatskim-rukama-se-razvlascuju-zupanije\\\/#breadcrumb\",\"itemListElement\":[{\"@type\":\"ListItem\",\"position\":1,\"name\":\"Po\u010detna stranica\",\"item\":\"https:\\\/\\\/radioljubuski.ba\\\/\"},{\"@type\":\"ListItem\",\"position\":2,\"name\":\"HRS: Dok se Hrvate \u017eeli stavljati u vagone, hrvatskim rukama se razvla\u0161\u0107uju \u017eupanije\"}]},{\"@type\":\"WebSite\",\"@id\":\"https:\\\/\\\/radioljubuski.ba\\\/#website\",\"url\":\"https:\\\/\\\/radioljubuski.ba\\\/\",\"name\":\"Radio Ljubu\u0161ki\",\"description\":\"Sun\u010dana frekvencija Hercegovine\",\"publisher\":{\"@id\":\"https:\\\/\\\/radioljubuski.ba\\\/#organization\"},\"potentialAction\":[{\"@type\":\"SearchAction\",\"target\":{\"@type\":\"EntryPoint\",\"urlTemplate\":\"https:\\\/\\\/radioljubuski.ba\\\/?s={search_term_string}\"},\"query-input\":{\"@type\":\"PropertyValueSpecification\",\"valueRequired\":true,\"valueName\":\"search_term_string\"}}],\"inLanguage\":\"hr\"},{\"@type\":\"Organization\",\"@id\":\"https:\\\/\\\/radioljubuski.ba\\\/#organization\",\"name\":\"Radio Ljubu\u0161ki\",\"url\":\"https:\\\/\\\/radioljubuski.ba\\\/\",\"logo\":{\"@type\":\"ImageObject\",\"inLanguage\":\"hr\",\"@id\":\"https:\\\/\\\/radioljubuski.ba\\\/#\\\/schema\\\/logo\\\/image\\\/\",\"url\":\"https:\\\/\\\/radioljubuski.ba\\\/wp-content\\\/uploads\\\/2021\\\/02\\\/cropped-Radio_Ljubuski_logo1.jpg\",\"contentUrl\":\"https:\\\/\\\/radioljubuski.ba\\\/wp-content\\\/uploads\\\/2021\\\/02\\\/cropped-Radio_Ljubuski_logo1.jpg\",\"width\":512,\"height\":512,\"caption\":\"Radio Ljubu\u0161ki\"},\"image\":{\"@id\":\"https:\\\/\\\/radioljubuski.ba\\\/#\\\/schema\\\/logo\\\/image\\\/\"},\"sameAs\":[\"https:\\\/\\\/www.facebook.com\\\/Radiio-Ljubuski-1490835324566332\",\"https:\\\/\\\/x.com\\\/radioljubuski\",\"https:\\\/\\\/hr.linkedin.com\\\/company\\\/radio-ljubuski\",\"https:\\\/\\\/www.youtube.com\\\/channel\\\/UCHYaeO_n0Db3tjNGudGpXyw\"]},{\"@type\":\"Person\",\"@id\":\"https:\\\/\\\/radioljubuski.ba\\\/#\\\/schema\\\/person\\\/19fc700381a780f69665d7956c469e3b\",\"name\":\"Radio Ljubu\u0161ki\"}]}<\/script>\n<!-- \/ Yoast SEO plugin. -->","yoast_head_json":{"title":"HRS: Dok se Hrvate \u017eeli stavljati u vagone, hrvatskim rukama se razvla\u0161\u0107uju \u017eupanije - RADIO LJUBU\u0160KI","robots":{"index":"index","follow":"follow","max-snippet":"max-snippet:-1","max-image-preview":"max-image-preview:large","max-video-preview":"max-video-preview:-1"},"canonical":"https:\/\/radioljubuski.ba\/index.php\/2022\/07\/26\/hrs-dok-se-hrvate-zeli-stavljati-u-vagone-hrvatskim-rukama-se-razvlascuju-zupanije\/","og_locale":"hr_HR","og_type":"article","og_title":"HRS: Dok se Hrvate \u017eeli stavljati u vagone, hrvatskim rukama se razvla\u0161\u0107uju \u017eupanije - RADIO LJUBU\u0160KI","og_description":"Hrvatska republikanska stranka oglasila se priop\u0107enjem koje prenosimo u cijelosti: \u201ePonovio sam moja upozorenja! Ako navu\u010dete jo\u0161 jednu lu\u0111a\u010dku ko\u0161ulju Bo\u0161njacima, pitanje je kako \u0107e se oni pona\u0161ati i na \u0161to \u0107e biti spremni da probiju te blokade.\u201c Ovo je Bakir Izetbegovi\u0107 izjavio 25.07.2022. Podsje\u0107amo na jo\u0161 jednu njegovu izjavu iz velja\u010de 2020. \u201eNe mogu [&hellip;]","og_url":"https:\/\/radioljubuski.ba\/index.php\/2022\/07\/26\/hrs-dok-se-hrvate-zeli-stavljati-u-vagone-hrvatskim-rukama-se-razvlascuju-zupanije\/","og_site_name":"RADIO LJUBU\u0160KI","article_publisher":"https:\/\/www.facebook.com\/Radiio-Ljubuski-1490835324566332","article_published_time":"2022-07-26T09:53:11+00:00","article_modified_time":"2022-07-26T09:53:13+00:00","og_image":[{"width":1024,"height":573,"url":"https:\/\/radioljubuski.ba\/wp-content\/uploads\/2022\/07\/o_115354_1024.jpg","type":"image\/jpeg"}],"author":"Radio Ljubu\u0161ki","twitter_card":"summary_large_image","twitter_creator":"@radioljubuski","twitter_site":"@radioljubuski","twitter_misc":{"Napisao\/la":"Radio Ljubu\u0161ki","Procijenjeno vrijeme \u010ditanja":"3 minute"},"schema":{"@context":"https:\/\/schema.org","@graph":[{"@type":"Article","@id":"https:\/\/radioljubuski.ba\/index.php\/2022\/07\/26\/hrs-dok-se-hrvate-zeli-stavljati-u-vagone-hrvatskim-rukama-se-razvlascuju-zupanije\/#article","isPartOf":{"@id":"https:\/\/radioljubuski.ba\/index.php\/2022\/07\/26\/hrs-dok-se-hrvate-zeli-stavljati-u-vagone-hrvatskim-rukama-se-razvlascuju-zupanije\/"},"author":{"name":"Radio Ljubu\u0161ki","@id":"https:\/\/radioljubuski.ba\/#\/schema\/person\/19fc700381a780f69665d7956c469e3b"},"headline":"HRS: Dok se Hrvate \u017eeli stavljati u vagone, hrvatskim rukama se razvla\u0161\u0107uju \u017eupanije","datePublished":"2022-07-26T09:53:11+00:00","dateModified":"2022-07-26T09:53:13+00:00","mainEntityOfPage":{"@id":"https:\/\/radioljubuski.ba\/index.php\/2022\/07\/26\/hrs-dok-se-hrvate-zeli-stavljati-u-vagone-hrvatskim-rukama-se-razvlascuju-zupanije\/"},"wordCount":599,"publisher":{"@id":"https:\/\/radioljubuski.ba\/#organization"},"image":{"@id":"https:\/\/radioljubuski.ba\/index.php\/2022\/07\/26\/hrs-dok-se-hrvate-zeli-stavljati-u-vagone-hrvatskim-rukama-se-razvlascuju-zupanije\/#primaryimage"},"thumbnailUrl":"https:\/\/radioljubuski.ba\/wp-content\/uploads\/2022\/07\/o_115354_1024.jpg","articleSection":["BIH i regija"],"inLanguage":"hr"},{"@type":"WebPage","@id":"https:\/\/radioljubuski.ba\/index.php\/2022\/07\/26\/hrs-dok-se-hrvate-zeli-stavljati-u-vagone-hrvatskim-rukama-se-razvlascuju-zupanije\/","url":"https:\/\/radioljubuski.ba\/index.php\/2022\/07\/26\/hrs-dok-se-hrvate-zeli-stavljati-u-vagone-hrvatskim-rukama-se-razvlascuju-zupanije\/","name":"HRS: Dok se Hrvate \u017eeli stavljati u vagone, hrvatskim rukama se razvla\u0161\u0107uju \u017eupanije - RADIO LJUBU\u0160KI","isPartOf":{"@id":"https:\/\/radioljubuski.ba\/#website"},"primaryImageOfPage":{"@id":"https:\/\/radioljubuski.ba\/index.php\/2022\/07\/26\/hrs-dok-se-hrvate-zeli-stavljati-u-vagone-hrvatskim-rukama-se-razvlascuju-zupanije\/#primaryimage"},"image":{"@id":"https:\/\/radioljubuski.ba\/index.php\/2022\/07\/26\/hrs-dok-se-hrvate-zeli-stavljati-u-vagone-hrvatskim-rukama-se-razvlascuju-zupanije\/#primaryimage"},"thumbnailUrl":"https:\/\/radioljubuski.ba\/wp-content\/uploads\/2022\/07\/o_115354_1024.jpg","datePublished":"2022-07-26T09:53:11+00:00","dateModified":"2022-07-26T09:53:13+00:00","breadcrumb":{"@id":"https:\/\/radioljubuski.ba\/index.php\/2022\/07\/26\/hrs-dok-se-hrvate-zeli-stavljati-u-vagone-hrvatskim-rukama-se-razvlascuju-zupanije\/#breadcrumb"},"inLanguage":"hr","potentialAction":[{"@type":"ReadAction","target":["https:\/\/radioljubuski.ba\/index.php\/2022\/07\/26\/hrs-dok-se-hrvate-zeli-stavljati-u-vagone-hrvatskim-rukama-se-razvlascuju-zupanije\/"]}]},{"@type":"ImageObject","inLanguage":"hr","@id":"https:\/\/radioljubuski.ba\/index.php\/2022\/07\/26\/hrs-dok-se-hrvate-zeli-stavljati-u-vagone-hrvatskim-rukama-se-razvlascuju-zupanije\/#primaryimage","url":"https:\/\/radioljubuski.ba\/wp-content\/uploads\/2022\/07\/o_115354_1024.jpg","contentUrl":"https:\/\/radioljubuski.ba\/wp-content\/uploads\/2022\/07\/o_115354_1024.jpg","width":1024,"height":573},{"@type":"BreadcrumbList","@id":"https:\/\/radioljubuski.ba\/index.php\/2022\/07\/26\/hrs-dok-se-hrvate-zeli-stavljati-u-vagone-hrvatskim-rukama-se-razvlascuju-zupanije\/#breadcrumb","itemListElement":[{"@type":"ListItem","position":1,"name":"Po\u010detna stranica","item":"https:\/\/radioljubuski.ba\/"},{"@type":"ListItem","position":2,"name":"HRS: Dok se Hrvate \u017eeli stavljati u vagone, hrvatskim rukama se razvla\u0161\u0107uju \u017eupanije"}]},{"@type":"WebSite","@id":"https:\/\/radioljubuski.ba\/#website","url":"https:\/\/radioljubuski.ba\/","name":"Radio Ljubu\u0161ki","description":"Sun\u010dana frekvencija Hercegovine","publisher":{"@id":"https:\/\/radioljubuski.ba\/#organization"},"potentialAction":[{"@type":"SearchAction","target":{"@type":"EntryPoint","urlTemplate":"https:\/\/radioljubuski.ba\/?s={search_term_string}"},"query-input":{"@type":"PropertyValueSpecification","valueRequired":true,"valueName":"search_term_string"}}],"inLanguage":"hr"},{"@type":"Organization","@id":"https:\/\/radioljubuski.ba\/#organization","name":"Radio Ljubu\u0161ki","url":"https:\/\/radioljubuski.ba\/","logo":{"@type":"ImageObject","inLanguage":"hr","@id":"https:\/\/radioljubuski.ba\/#\/schema\/logo\/image\/","url":"https:\/\/radioljubuski.ba\/wp-content\/uploads\/2021\/02\/cropped-Radio_Ljubuski_logo1.jpg","contentUrl":"https:\/\/radioljubuski.ba\/wp-content\/uploads\/2021\/02\/cropped-Radio_Ljubuski_logo1.jpg","width":512,"height":512,"caption":"Radio Ljubu\u0161ki"},"image":{"@id":"https:\/\/radioljubuski.ba\/#\/schema\/logo\/image\/"},"sameAs":["https:\/\/www.facebook.com\/Radiio-Ljubuski-1490835324566332","https:\/\/x.com\/radioljubuski","https:\/\/hr.linkedin.com\/company\/radio-ljubuski","https:\/\/www.youtube.com\/channel\/UCHYaeO_n0Db3tjNGudGpXyw"]},{"@type":"Person","@id":"https:\/\/radioljubuski.ba\/#\/schema\/person\/19fc700381a780f69665d7956c469e3b","name":"Radio Ljubu\u0161ki"}]}},"_links":{"self":[{"href":"https:\/\/radioljubuski.ba\/index.php\/wp-json\/wp\/v2\/posts\/163502","targetHints":{"allow":["GET"]}}],"collection":[{"href":"https:\/\/radioljubuski.ba\/index.php\/wp-json\/wp\/v2\/posts"}],"about":[{"href":"https:\/\/radioljubuski.ba\/index.php\/wp-json\/wp\/v2\/types\/post"}],"author":[{"embeddable":true,"href":"https:\/\/radioljubuski.ba\/index.php\/wp-json\/wp\/v2\/users\/2"}],"replies":[{"embeddable":true,"href":"https:\/\/radioljubuski.ba\/index.php\/wp-json\/wp\/v2\/comments?post=163502"}],"version-history":[{"count":1,"href":"https:\/\/radioljubuski.ba\/index.php\/wp-json\/wp\/v2\/posts\/163502\/revisions"}],"predecessor-version":[{"id":163504,"href":"https:\/\/radioljubuski.ba\/index.php\/wp-json\/wp\/v2\/posts\/163502\/revisions\/163504"}],"wp:featuredmedia":[{"embeddable":true,"href":"https:\/\/radioljubuski.ba\/index.php\/wp-json\/wp\/v2\/media\/163503"}],"wp:attachment":[{"href":"https:\/\/radioljubuski.ba\/index.php\/wp-json\/wp\/v2\/media?parent=163502"}],"wp:term":[{"taxonomy":"category","embeddable":true,"href":"https:\/\/radioljubuski.ba\/index.php\/wp-json\/wp\/v2\/categories?post=163502"},{"taxonomy":"post_tag","embeddable":true,"href":"https:\/\/radioljubuski.ba\/index.php\/wp-json\/wp\/v2\/tags?post=163502"}],"curies":[{"name":"wp","href":"https:\/\/api.w.org\/{rel}","templated":true}]}}