{"id":163505,"date":"2022-07-26T10:54:51","date_gmt":"2022-07-26T09:54:51","guid":{"rendered":"https:\/\/radioljubuski.ba\/?p=163505"},"modified":"2022-07-26T10:54:51","modified_gmt":"2022-07-26T09:54:51","slug":"hdz-trazi-da-parlament-fbih-usvoji-deklaraciju-koja-potvrduje-nacela-washingtonskog-sporazuma","status":"publish","type":"post","link":"https:\/\/radioljubuski.ba\/index.php\/2022\/07\/26\/hdz-trazi-da-parlament-fbih-usvoji-deklaraciju-koja-potvrduje-nacela-washingtonskog-sporazuma\/","title":{"rendered":"HDZ tra\u017ei da Parlament FBiH usvoji Deklaraciju koja potvr\u0111uje na\u010dela Washingtonskog sporazuma"},"content":{"rendered":"\n<p>Klub zastupnika HDZ BiH-HNS u Zastupni\u010dkom domu Parlamenta FBiH uputio je hitan zahtjev za dopunu dnevnog reda dana\u0161nje sjednice s prijedlogom da se usvoji Deklaracija o provedbi Ustava BiH, FBiH, presuda Ustavnog suda BiH i Europskog suda za ljudska prava.<\/p>\n\n\n\n<p>Predsjednik Kluba HDZ BiH-HNS Marijan Klai\u0107 uputio je predsjedatelju Zastupni\u010dkog doma Parlamenta FBiH Mirsadu Zaimovi\u0107u zahtjev za hitnu dopunu dnevnog reda dana\u0161nje sjednice.<\/p>\n\n\n\n<p>U prijedlogu Deklaracije navedeno je se potvr\u0111uje privr\u017eenost na\u010delima i ciljevima izra\u017eenim Washingtonskim sporazumom i Op\u0107im okvirnim sporazumom za mir u BiH koji su osigurali mir i sigurnost te pozdravlja uloga medijatora i partnera iz me\u0111unarodne zajednice koji su pokrenuli proces novog dijaloga i rje\u0161enja temeljnih pitanja o unutarnjem zakonodavstvu i politi\u010dkom sustavu BiH.<\/p>\n\n\n\n<p>U prijedlogu Deklaracije istaknuto je i da predlagatelji podsje\u0107aju na sporazum iz Bruxellesa od 1. listopada 2013. godine unutar kojega je navedeno da metoda izbora dva \u010dlana Predsjedni\u0161tva iz FBIH treba sprije\u010diti nametanje rezultata izbora bilo kojem od konstitutivnih naroda, te da jedan narod ne\u0107e drugome birati politi\u010dke predstavnike.<\/p>\n\n\n\n<p>Deklaracija bi trebala biti usvojena uva\u017eavaju\u0107i temeljne odredbe Ustavotvorne skup\u0161tine FBiH od 30. o\u017eujka 1994. godine na kojoj je usvojen Ustav FBiH na konstituiraju\u0107oj sjednici kojom je implementiran me\u0111unarodni sporazum.<\/p>\n\n\n\n<p>Klub HDZ-a u Parlamentu FBiH predla\u017ee zastupnicima da donesu Deklaraciju kojom pozivaju sve relevantne politi\u010dke i me\u0111unarodne predstavnike i politi\u010dke subjekte na svim razinama vlasti u BiH da provode presude Ustavnog suda i presude Europskog suda za ljudska prava te da se one me\u0111usobno ne isklju\u010duju.<\/p>\n\n\n\n<p>Pozvali su HDZ-ovci i da Parlament FBiH potvrdi kako je konstitutivnost naroda i njihovo legitimno predstavljanje temelj Daytonskog sporazuma te da bilo kakvi poku\u0161aji derogiranja konstitutivnosti zna\u010de ru\u0161enje ustavnog poretka.<\/p>\n\n\n\n<p>Izvor: Dnevnik.ba<\/p>\n","protected":false},"excerpt":{"rendered":"<p>Klub zastupnika HDZ BiH-HNS u Zastupni\u010dkom domu Parlamenta FBiH uputio je hitan zahtjev za dopunu dnevnog reda dana\u0161nje sjednice s prijedlogom da se usvoji Deklaracija o provedbi Ustava BiH, FBiH, presuda Ustavnog suda BiH i Europskog suda za ljudska prava. Predsjednik Kluba HDZ BiH-HNS Marijan Klai\u0107 uputio je predsjedatelju Zastupni\u010dkog doma Parlamenta FBiH Mirsadu Zaimovi\u0107u [&hellip;]<\/p>\n","protected":false},"author":2,"featured_media":163506,"comment_status":"closed","ping_status":"closed","sticky":false,"template":"","format":"standard","meta":{"h5ap_radio_sources":[],"footnotes":""},"categories":[1],"tags":[],"class_list":["post-163505","post","type-post","status-publish","format-standard","has-post-thumbnail","hentry","category-bihiregija"],"yoast_head":"<!-- This site is optimized with the Yoast SEO plugin v27.5 - https:\/\/yoast.com\/product\/yoast-seo-wordpress\/ -->\n<title>HDZ tra\u017ei da Parlament FBiH usvoji Deklaraciju koja potvr\u0111uje na\u010dela Washingtonskog sporazuma - RADIO LJUBU\u0160KI<\/title>\n<meta name=\"robots\" content=\"index, follow, max-snippet:-1, max-image-preview:large, max-video-preview:-1\" \/>\n<link rel=\"canonical\" href=\"https:\/\/radioljubuski.ba\/index.php\/2022\/07\/26\/hdz-trazi-da-parlament-fbih-usvoji-deklaraciju-koja-potvrduje-nacela-washingtonskog-sporazuma\/\" \/>\n<meta property=\"og:locale\" content=\"hr_HR\" \/>\n<meta property=\"og:type\" content=\"article\" \/>\n<meta property=\"og:title\" content=\"HDZ tra\u017ei da Parlament FBiH usvoji Deklaraciju koja potvr\u0111uje na\u010dela Washingtonskog sporazuma - RADIO LJUBU\u0160KI\" \/>\n<meta property=\"og:description\" content=\"Klub zastupnika HDZ BiH-HNS u Zastupni\u010dkom domu Parlamenta FBiH uputio je hitan zahtjev za dopunu dnevnog reda dana\u0161nje sjednice s prijedlogom da se usvoji Deklaracija o provedbi Ustava BiH, FBiH, presuda Ustavnog suda BiH i Europskog suda za ljudska prava. Predsjednik Kluba HDZ BiH-HNS Marijan Klai\u0107 uputio je predsjedatelju Zastupni\u010dkog doma Parlamenta FBiH Mirsadu Zaimovi\u0107u [&hellip;]\" \/>\n<meta property=\"og:url\" content=\"https:\/\/radioljubuski.ba\/index.php\/2022\/07\/26\/hdz-trazi-da-parlament-fbih-usvoji-deklaraciju-koja-potvrduje-nacela-washingtonskog-sporazuma\/\" \/>\n<meta property=\"og:site_name\" content=\"RADIO LJUBU\u0160KI\" \/>\n<meta property=\"article:publisher\" content=\"https:\/\/www.facebook.com\/Radiio-Ljubuski-1490835324566332\" \/>\n<meta property=\"article:published_time\" content=\"2022-07-26T09:54:51+00:00\" \/>\n<meta property=\"og:image\" content=\"https:\/\/radioljubuski.ba\/wp-content\/uploads\/2022\/07\/3303c440e9a9f0d82257d6423b175646-scaled-e1648214056537-1068x649-1.jpg\" \/>\n\t<meta property=\"og:image:width\" content=\"1068\" \/>\n\t<meta property=\"og:image:height\" content=\"649\" \/>\n\t<meta property=\"og:image:type\" content=\"image\/jpeg\" \/>\n<meta name=\"author\" content=\"Radio Ljubu\u0161ki\" \/>\n<meta name=\"twitter:card\" content=\"summary_large_image\" \/>\n<meta name=\"twitter:creator\" content=\"@radioljubuski\" \/>\n<meta name=\"twitter:site\" content=\"@radioljubuski\" \/>\n<meta name=\"twitter:label1\" content=\"Napisao\/la\" \/>\n\t<meta name=\"twitter:data1\" content=\"Radio Ljubu\u0161ki\" \/>\n\t<meta name=\"twitter:label2\" content=\"Procijenjeno vrijeme \u010ditanja\" \/>\n\t<meta name=\"twitter:data2\" content=\"2 minute\" \/>\n<script type=\"application\/ld+json\" class=\"yoast-schema-graph\">{\"@context\":\"https:\\\/\\\/schema.org\",\"@graph\":[{\"@type\":\"Article\",\"@id\":\"https:\\\/\\\/radioljubuski.ba\\\/index.php\\\/2022\\\/07\\\/26\\\/hdz-trazi-da-parlament-fbih-usvoji-deklaraciju-koja-potvrduje-nacela-washingtonskog-sporazuma\\\/#article\",\"isPartOf\":{\"@id\":\"https:\\\/\\\/radioljubuski.ba\\\/index.php\\\/2022\\\/07\\\/26\\\/hdz-trazi-da-parlament-fbih-usvoji-deklaraciju-koja-potvrduje-nacela-washingtonskog-sporazuma\\\/\"},\"author\":{\"name\":\"Radio Ljubu\u0161ki\",\"@id\":\"https:\\\/\\\/radioljubuski.ba\\\/#\\\/schema\\\/person\\\/19fc700381a780f69665d7956c469e3b\"},\"headline\":\"HDZ tra\u017ei da Parlament FBiH usvoji Deklaraciju koja potvr\u0111uje na\u010dela Washingtonskog sporazuma\",\"datePublished\":\"2022-07-26T09:54:51+00:00\",\"mainEntityOfPage\":{\"@id\":\"https:\\\/\\\/radioljubuski.ba\\\/index.php\\\/2022\\\/07\\\/26\\\/hdz-trazi-da-parlament-fbih-usvoji-deklaraciju-koja-potvrduje-nacela-washingtonskog-sporazuma\\\/\"},\"wordCount\":319,\"publisher\":{\"@id\":\"https:\\\/\\\/radioljubuski.ba\\\/#organization\"},\"image\":{\"@id\":\"https:\\\/\\\/radioljubuski.ba\\\/index.php\\\/2022\\\/07\\\/26\\\/hdz-trazi-da-parlament-fbih-usvoji-deklaraciju-koja-potvrduje-nacela-washingtonskog-sporazuma\\\/#primaryimage\"},\"thumbnailUrl\":\"https:\\\/\\\/radioljubuski.ba\\\/wp-content\\\/uploads\\\/2022\\\/07\\\/3303c440e9a9f0d82257d6423b175646-scaled-e1648214056537-1068x649-1.jpg\",\"articleSection\":[\"BIH i regija\"],\"inLanguage\":\"hr\"},{\"@type\":\"WebPage\",\"@id\":\"https:\\\/\\\/radioljubuski.ba\\\/index.php\\\/2022\\\/07\\\/26\\\/hdz-trazi-da-parlament-fbih-usvoji-deklaraciju-koja-potvrduje-nacela-washingtonskog-sporazuma\\\/\",\"url\":\"https:\\\/\\\/radioljubuski.ba\\\/index.php\\\/2022\\\/07\\\/26\\\/hdz-trazi-da-parlament-fbih-usvoji-deklaraciju-koja-potvrduje-nacela-washingtonskog-sporazuma\\\/\",\"name\":\"HDZ tra\u017ei da Parlament FBiH usvoji Deklaraciju koja potvr\u0111uje na\u010dela Washingtonskog sporazuma - RADIO LJUBU\u0160KI\",\"isPartOf\":{\"@id\":\"https:\\\/\\\/radioljubuski.ba\\\/#website\"},\"primaryImageOfPage\":{\"@id\":\"https:\\\/\\\/radioljubuski.ba\\\/index.php\\\/2022\\\/07\\\/26\\\/hdz-trazi-da-parlament-fbih-usvoji-deklaraciju-koja-potvrduje-nacela-washingtonskog-sporazuma\\\/#primaryimage\"},\"image\":{\"@id\":\"https:\\\/\\\/radioljubuski.ba\\\/index.php\\\/2022\\\/07\\\/26\\\/hdz-trazi-da-parlament-fbih-usvoji-deklaraciju-koja-potvrduje-nacela-washingtonskog-sporazuma\\\/#primaryimage\"},\"thumbnailUrl\":\"https:\\\/\\\/radioljubuski.ba\\\/wp-content\\\/uploads\\\/2022\\\/07\\\/3303c440e9a9f0d82257d6423b175646-scaled-e1648214056537-1068x649-1.jpg\",\"datePublished\":\"2022-07-26T09:54:51+00:00\",\"breadcrumb\":{\"@id\":\"https:\\\/\\\/radioljubuski.ba\\\/index.php\\\/2022\\\/07\\\/26\\\/hdz-trazi-da-parlament-fbih-usvoji-deklaraciju-koja-potvrduje-nacela-washingtonskog-sporazuma\\\/#breadcrumb\"},\"inLanguage\":\"hr\",\"potentialAction\":[{\"@type\":\"ReadAction\",\"target\":[\"https:\\\/\\\/radioljubuski.ba\\\/index.php\\\/2022\\\/07\\\/26\\\/hdz-trazi-da-parlament-fbih-usvoji-deklaraciju-koja-potvrduje-nacela-washingtonskog-sporazuma\\\/\"]}]},{\"@type\":\"ImageObject\",\"inLanguage\":\"hr\",\"@id\":\"https:\\\/\\\/radioljubuski.ba\\\/index.php\\\/2022\\\/07\\\/26\\\/hdz-trazi-da-parlament-fbih-usvoji-deklaraciju-koja-potvrduje-nacela-washingtonskog-sporazuma\\\/#primaryimage\",\"url\":\"https:\\\/\\\/radioljubuski.ba\\\/wp-content\\\/uploads\\\/2022\\\/07\\\/3303c440e9a9f0d82257d6423b175646-scaled-e1648214056537-1068x649-1.jpg\",\"contentUrl\":\"https:\\\/\\\/radioljubuski.ba\\\/wp-content\\\/uploads\\\/2022\\\/07\\\/3303c440e9a9f0d82257d6423b175646-scaled-e1648214056537-1068x649-1.jpg\",\"width\":1068,\"height\":649,\"caption\":\"MOSTAR, 25. o\u017eujka (FENA) \u2013 Po\u010dela je sa radom sjednica Predsjedni\u0161tva Hrvatske demokratske zajednice BiH. (Foto FENA\\\/Mario Obrdalj)\"},{\"@type\":\"BreadcrumbList\",\"@id\":\"https:\\\/\\\/radioljubuski.ba\\\/index.php\\\/2022\\\/07\\\/26\\\/hdz-trazi-da-parlament-fbih-usvoji-deklaraciju-koja-potvrduje-nacela-washingtonskog-sporazuma\\\/#breadcrumb\",\"itemListElement\":[{\"@type\":\"ListItem\",\"position\":1,\"name\":\"Po\u010detna stranica\",\"item\":\"https:\\\/\\\/radioljubuski.ba\\\/\"},{\"@type\":\"ListItem\",\"position\":2,\"name\":\"HDZ tra\u017ei da Parlament FBiH usvoji Deklaraciju koja potvr\u0111uje na\u010dela Washingtonskog sporazuma\"}]},{\"@type\":\"WebSite\",\"@id\":\"https:\\\/\\\/radioljubuski.ba\\\/#website\",\"url\":\"https:\\\/\\\/radioljubuski.ba\\\/\",\"name\":\"Radio Ljubu\u0161ki\",\"description\":\"Sun\u010dana frekvencija Hercegovine\",\"publisher\":{\"@id\":\"https:\\\/\\\/radioljubuski.ba\\\/#organization\"},\"potentialAction\":[{\"@type\":\"SearchAction\",\"target\":{\"@type\":\"EntryPoint\",\"urlTemplate\":\"https:\\\/\\\/radioljubuski.ba\\\/?s={search_term_string}\"},\"query-input\":{\"@type\":\"PropertyValueSpecification\",\"valueRequired\":true,\"valueName\":\"search_term_string\"}}],\"inLanguage\":\"hr\"},{\"@type\":\"Organization\",\"@id\":\"https:\\\/\\\/radioljubuski.ba\\\/#organization\",\"name\":\"Radio Ljubu\u0161ki\",\"url\":\"https:\\\/\\\/radioljubuski.ba\\\/\",\"logo\":{\"@type\":\"ImageObject\",\"inLanguage\":\"hr\",\"@id\":\"https:\\\/\\\/radioljubuski.ba\\\/#\\\/schema\\\/logo\\\/image\\\/\",\"url\":\"https:\\\/\\\/radioljubuski.ba\\\/wp-content\\\/uploads\\\/2021\\\/02\\\/cropped-Radio_Ljubuski_logo1.jpg\",\"contentUrl\":\"https:\\\/\\\/radioljubuski.ba\\\/wp-content\\\/uploads\\\/2021\\\/02\\\/cropped-Radio_Ljubuski_logo1.jpg\",\"width\":512,\"height\":512,\"caption\":\"Radio Ljubu\u0161ki\"},\"image\":{\"@id\":\"https:\\\/\\\/radioljubuski.ba\\\/#\\\/schema\\\/logo\\\/image\\\/\"},\"sameAs\":[\"https:\\\/\\\/www.facebook.com\\\/Radiio-Ljubuski-1490835324566332\",\"https:\\\/\\\/x.com\\\/radioljubuski\",\"https:\\\/\\\/hr.linkedin.com\\\/company\\\/radio-ljubuski\",\"https:\\\/\\\/www.youtube.com\\\/channel\\\/UCHYaeO_n0Db3tjNGudGpXyw\"]},{\"@type\":\"Person\",\"@id\":\"https:\\\/\\\/radioljubuski.ba\\\/#\\\/schema\\\/person\\\/19fc700381a780f69665d7956c469e3b\",\"name\":\"Radio Ljubu\u0161ki\"}]}<\/script>\n<!-- \/ Yoast SEO plugin. -->","yoast_head_json":{"title":"HDZ tra\u017ei da Parlament FBiH usvoji Deklaraciju koja potvr\u0111uje na\u010dela Washingtonskog sporazuma - RADIO LJUBU\u0160KI","robots":{"index":"index","follow":"follow","max-snippet":"max-snippet:-1","max-image-preview":"max-image-preview:large","max-video-preview":"max-video-preview:-1"},"canonical":"https:\/\/radioljubuski.ba\/index.php\/2022\/07\/26\/hdz-trazi-da-parlament-fbih-usvoji-deklaraciju-koja-potvrduje-nacela-washingtonskog-sporazuma\/","og_locale":"hr_HR","og_type":"article","og_title":"HDZ tra\u017ei da Parlament FBiH usvoji Deklaraciju koja potvr\u0111uje na\u010dela Washingtonskog sporazuma - RADIO LJUBU\u0160KI","og_description":"Klub zastupnika HDZ BiH-HNS u Zastupni\u010dkom domu Parlamenta FBiH uputio je hitan zahtjev za dopunu dnevnog reda dana\u0161nje sjednice s prijedlogom da se usvoji Deklaracija o provedbi Ustava BiH, FBiH, presuda Ustavnog suda BiH i Europskog suda za ljudska prava. Predsjednik Kluba HDZ BiH-HNS Marijan Klai\u0107 uputio je predsjedatelju Zastupni\u010dkog doma Parlamenta FBiH Mirsadu Zaimovi\u0107u [&hellip;]","og_url":"https:\/\/radioljubuski.ba\/index.php\/2022\/07\/26\/hdz-trazi-da-parlament-fbih-usvoji-deklaraciju-koja-potvrduje-nacela-washingtonskog-sporazuma\/","og_site_name":"RADIO LJUBU\u0160KI","article_publisher":"https:\/\/www.facebook.com\/Radiio-Ljubuski-1490835324566332","article_published_time":"2022-07-26T09:54:51+00:00","og_image":[{"width":1068,"height":649,"url":"https:\/\/radioljubuski.ba\/wp-content\/uploads\/2022\/07\/3303c440e9a9f0d82257d6423b175646-scaled-e1648214056537-1068x649-1.jpg","type":"image\/jpeg"}],"author":"Radio Ljubu\u0161ki","twitter_card":"summary_large_image","twitter_creator":"@radioljubuski","twitter_site":"@radioljubuski","twitter_misc":{"Napisao\/la":"Radio Ljubu\u0161ki","Procijenjeno vrijeme \u010ditanja":"2 minute"},"schema":{"@context":"https:\/\/schema.org","@graph":[{"@type":"Article","@id":"https:\/\/radioljubuski.ba\/index.php\/2022\/07\/26\/hdz-trazi-da-parlament-fbih-usvoji-deklaraciju-koja-potvrduje-nacela-washingtonskog-sporazuma\/#article","isPartOf":{"@id":"https:\/\/radioljubuski.ba\/index.php\/2022\/07\/26\/hdz-trazi-da-parlament-fbih-usvoji-deklaraciju-koja-potvrduje-nacela-washingtonskog-sporazuma\/"},"author":{"name":"Radio Ljubu\u0161ki","@id":"https:\/\/radioljubuski.ba\/#\/schema\/person\/19fc700381a780f69665d7956c469e3b"},"headline":"HDZ tra\u017ei da Parlament FBiH usvoji Deklaraciju koja potvr\u0111uje na\u010dela Washingtonskog sporazuma","datePublished":"2022-07-26T09:54:51+00:00","mainEntityOfPage":{"@id":"https:\/\/radioljubuski.ba\/index.php\/2022\/07\/26\/hdz-trazi-da-parlament-fbih-usvoji-deklaraciju-koja-potvrduje-nacela-washingtonskog-sporazuma\/"},"wordCount":319,"publisher":{"@id":"https:\/\/radioljubuski.ba\/#organization"},"image":{"@id":"https:\/\/radioljubuski.ba\/index.php\/2022\/07\/26\/hdz-trazi-da-parlament-fbih-usvoji-deklaraciju-koja-potvrduje-nacela-washingtonskog-sporazuma\/#primaryimage"},"thumbnailUrl":"https:\/\/radioljubuski.ba\/wp-content\/uploads\/2022\/07\/3303c440e9a9f0d82257d6423b175646-scaled-e1648214056537-1068x649-1.jpg","articleSection":["BIH i regija"],"inLanguage":"hr"},{"@type":"WebPage","@id":"https:\/\/radioljubuski.ba\/index.php\/2022\/07\/26\/hdz-trazi-da-parlament-fbih-usvoji-deklaraciju-koja-potvrduje-nacela-washingtonskog-sporazuma\/","url":"https:\/\/radioljubuski.ba\/index.php\/2022\/07\/26\/hdz-trazi-da-parlament-fbih-usvoji-deklaraciju-koja-potvrduje-nacela-washingtonskog-sporazuma\/","name":"HDZ tra\u017ei da Parlament FBiH usvoji Deklaraciju koja potvr\u0111uje na\u010dela Washingtonskog sporazuma - RADIO LJUBU\u0160KI","isPartOf":{"@id":"https:\/\/radioljubuski.ba\/#website"},"primaryImageOfPage":{"@id":"https:\/\/radioljubuski.ba\/index.php\/2022\/07\/26\/hdz-trazi-da-parlament-fbih-usvoji-deklaraciju-koja-potvrduje-nacela-washingtonskog-sporazuma\/#primaryimage"},"image":{"@id":"https:\/\/radioljubuski.ba\/index.php\/2022\/07\/26\/hdz-trazi-da-parlament-fbih-usvoji-deklaraciju-koja-potvrduje-nacela-washingtonskog-sporazuma\/#primaryimage"},"thumbnailUrl":"https:\/\/radioljubuski.ba\/wp-content\/uploads\/2022\/07\/3303c440e9a9f0d82257d6423b175646-scaled-e1648214056537-1068x649-1.jpg","datePublished":"2022-07-26T09:54:51+00:00","breadcrumb":{"@id":"https:\/\/radioljubuski.ba\/index.php\/2022\/07\/26\/hdz-trazi-da-parlament-fbih-usvoji-deklaraciju-koja-potvrduje-nacela-washingtonskog-sporazuma\/#breadcrumb"},"inLanguage":"hr","potentialAction":[{"@type":"ReadAction","target":["https:\/\/radioljubuski.ba\/index.php\/2022\/07\/26\/hdz-trazi-da-parlament-fbih-usvoji-deklaraciju-koja-potvrduje-nacela-washingtonskog-sporazuma\/"]}]},{"@type":"ImageObject","inLanguage":"hr","@id":"https:\/\/radioljubuski.ba\/index.php\/2022\/07\/26\/hdz-trazi-da-parlament-fbih-usvoji-deklaraciju-koja-potvrduje-nacela-washingtonskog-sporazuma\/#primaryimage","url":"https:\/\/radioljubuski.ba\/wp-content\/uploads\/2022\/07\/3303c440e9a9f0d82257d6423b175646-scaled-e1648214056537-1068x649-1.jpg","contentUrl":"https:\/\/radioljubuski.ba\/wp-content\/uploads\/2022\/07\/3303c440e9a9f0d82257d6423b175646-scaled-e1648214056537-1068x649-1.jpg","width":1068,"height":649,"caption":"MOSTAR, 25. o\u017eujka (FENA) \u2013 Po\u010dela je sa radom sjednica Predsjedni\u0161tva Hrvatske demokratske zajednice BiH. (Foto FENA\/Mario Obrdalj)"},{"@type":"BreadcrumbList","@id":"https:\/\/radioljubuski.ba\/index.php\/2022\/07\/26\/hdz-trazi-da-parlament-fbih-usvoji-deklaraciju-koja-potvrduje-nacela-washingtonskog-sporazuma\/#breadcrumb","itemListElement":[{"@type":"ListItem","position":1,"name":"Po\u010detna stranica","item":"https:\/\/radioljubuski.ba\/"},{"@type":"ListItem","position":2,"name":"HDZ tra\u017ei da Parlament FBiH usvoji Deklaraciju koja potvr\u0111uje na\u010dela Washingtonskog sporazuma"}]},{"@type":"WebSite","@id":"https:\/\/radioljubuski.ba\/#website","url":"https:\/\/radioljubuski.ba\/","name":"Radio Ljubu\u0161ki","description":"Sun\u010dana frekvencija Hercegovine","publisher":{"@id":"https:\/\/radioljubuski.ba\/#organization"},"potentialAction":[{"@type":"SearchAction","target":{"@type":"EntryPoint","urlTemplate":"https:\/\/radioljubuski.ba\/?s={search_term_string}"},"query-input":{"@type":"PropertyValueSpecification","valueRequired":true,"valueName":"search_term_string"}}],"inLanguage":"hr"},{"@type":"Organization","@id":"https:\/\/radioljubuski.ba\/#organization","name":"Radio Ljubu\u0161ki","url":"https:\/\/radioljubuski.ba\/","logo":{"@type":"ImageObject","inLanguage":"hr","@id":"https:\/\/radioljubuski.ba\/#\/schema\/logo\/image\/","url":"https:\/\/radioljubuski.ba\/wp-content\/uploads\/2021\/02\/cropped-Radio_Ljubuski_logo1.jpg","contentUrl":"https:\/\/radioljubuski.ba\/wp-content\/uploads\/2021\/02\/cropped-Radio_Ljubuski_logo1.jpg","width":512,"height":512,"caption":"Radio Ljubu\u0161ki"},"image":{"@id":"https:\/\/radioljubuski.ba\/#\/schema\/logo\/image\/"},"sameAs":["https:\/\/www.facebook.com\/Radiio-Ljubuski-1490835324566332","https:\/\/x.com\/radioljubuski","https:\/\/hr.linkedin.com\/company\/radio-ljubuski","https:\/\/www.youtube.com\/channel\/UCHYaeO_n0Db3tjNGudGpXyw"]},{"@type":"Person","@id":"https:\/\/radioljubuski.ba\/#\/schema\/person\/19fc700381a780f69665d7956c469e3b","name":"Radio Ljubu\u0161ki"}]}},"_links":{"self":[{"href":"https:\/\/radioljubuski.ba\/index.php\/wp-json\/wp\/v2\/posts\/163505","targetHints":{"allow":["GET"]}}],"collection":[{"href":"https:\/\/radioljubuski.ba\/index.php\/wp-json\/wp\/v2\/posts"}],"about":[{"href":"https:\/\/radioljubuski.ba\/index.php\/wp-json\/wp\/v2\/types\/post"}],"author":[{"embeddable":true,"href":"https:\/\/radioljubuski.ba\/index.php\/wp-json\/wp\/v2\/users\/2"}],"replies":[{"embeddable":true,"href":"https:\/\/radioljubuski.ba\/index.php\/wp-json\/wp\/v2\/comments?post=163505"}],"version-history":[{"count":1,"href":"https:\/\/radioljubuski.ba\/index.php\/wp-json\/wp\/v2\/posts\/163505\/revisions"}],"predecessor-version":[{"id":163507,"href":"https:\/\/radioljubuski.ba\/index.php\/wp-json\/wp\/v2\/posts\/163505\/revisions\/163507"}],"wp:featuredmedia":[{"embeddable":true,"href":"https:\/\/radioljubuski.ba\/index.php\/wp-json\/wp\/v2\/media\/163506"}],"wp:attachment":[{"href":"https:\/\/radioljubuski.ba\/index.php\/wp-json\/wp\/v2\/media?parent=163505"}],"wp:term":[{"taxonomy":"category","embeddable":true,"href":"https:\/\/radioljubuski.ba\/index.php\/wp-json\/wp\/v2\/categories?post=163505"},{"taxonomy":"post_tag","embeddable":true,"href":"https:\/\/radioljubuski.ba\/index.php\/wp-json\/wp\/v2\/tags?post=163505"}],"curies":[{"name":"wp","href":"https:\/\/api.w.org\/{rel}","templated":true}]}}