{"id":163508,"date":"2022-07-26T10:56:05","date_gmt":"2022-07-26T09:56:05","guid":{"rendered":"https:\/\/radioljubuski.ba\/?p=163508"},"modified":"2022-07-26T10:56:06","modified_gmt":"2022-07-26T09:56:06","slug":"jozo-pavkovic-nevidena-mrznja-bosnjackih-politicara-prema-hrvatima-gotovo-je-na-razini-objave-rata","status":"publish","type":"post","link":"https:\/\/radioljubuski.ba\/index.php\/2022\/07\/26\/jozo-pavkovic-nevidena-mrznja-bosnjackih-politicara-prema-hrvatima-gotovo-je-na-razini-objave-rata\/","title":{"rendered":"Jozo Pavkovi\u0107: Nevi\u0111ena mr\u017enja bo\u0161nja\u010dkih politi\u010dara prema Hrvatima gotovo je na razini objave rata"},"content":{"rendered":"\n<p><strong>Stvarna vlast u BiH nije visoki predstavnik, nego sarajevska javnost. Bo\u0161nja\u010dki slu\u017ebenici umnogome kreiraju stavove stranaca. Zbog nevi\u0111enih se pritisaka OHR hitno mora seliti iz Sarajeva. Recimo u Bruxelles<\/strong><\/p>\n\n\n\n<p><strong>Pi\u0161e: Jozo Pavkovi\u0107, <a href=\"https:\/\/www.vecernji.ba\/kolumne\/nevidena-mrznja-bosnjackih-politicara-prema-hrvatima-gotovo-je-na-razini-objave-rata-1604823\" target=\"_blank\" rel=\"noreferrer noopener\">Ve\u010dernji list<\/a><\/strong><\/p>\n\n\n\n<p>Takva koli\u010dina mr\u017enje poput one koju posljednjih tjedana bo\u0161nja\u010dki politi\u010dari i pojedini mediji izra\u017eavaju prema Hrvatima u BiH nikada nije zabilje\u017eena. Podno\u0161ljivije je bilo u vrijeme rata. Ovo je sada zastra\u0161uju\u0107e, gotovo na razini objave rata. Razlog je \u0161to, navodno, visoki predstavnik jo\u0161 jednim nametanjem zakona ne misli dalje obespravljivati Hrvate. Upravo je to do sada bila praksa od Daytona do danas. Sve, na\u017ealost, podsje\u0107a na pona\u0161anje srpske politike i medija iz godina koje su prethodile definitivnom raspadu Jugoslavije. Njihovi prosvjedi i sino\u0107 su podsje\u0107ali na \u201cdoga\u0111anje naroda\u201d ili, bolje re\u010deno, na \u201cdr\u017eavni udar\u201d.<\/p>\n\n\n\n<p>\u010cini se da Bo\u0161njaci, iako velike \u017ertve srpske hegemonisti\u010dke politike, nisu ni\u0161ta nau\u010dili iz pogre\u0161aka Milo\u0161evi\u0107a i njegova re\u017eima. Svoju brojnost name\u0107u kao standard i klju\u010dni argument u kreiranju budu\u0107nosti BiH, a u takvim planovima sve je manje mjesta za druge, njihove \u017eelje i kolektivna prava. Schmidt im je postao neprijatelj broj 1 samo zbog poku\u0161aja da Hrvatima omogu\u0107i da sami biraju svoje predstavnike u Dom naroda, kad ve\u0107 ne mogu u Predsjedni\u0161tvo BiH. Zbog svega se na udaru na\u0161ao i sam visoki predstavnik. Samo zato \u0161to je netko iz njegova Ureda (OHR-a) dao bo\u0161nja\u010dkim portalima nacrt odluke. A taj netko su bo\u0161nja\u010dki slu\u017ebenici koji uglavnom rade u njegovu Uredu i uredima svih stranih veleposlanstava te drugih institucija. I oni umnogome kreiraju mi\u0161ljenja onih koji donose odluke. Tako i visokog predstavnika.<\/p>\n\n\n\n<p>Niti je \u0161to rekao, niti u\u010dinio, a njema\u010dki diplomat na privremenom radu u Bosni i Hercegovini Christian Schmidt je u samo nekoliko sati od \u201cvelikog prijatelja BiH i uglednog politi\u010dara\u201d postao najve\u0107i neprijatelj Bo\u0161njaka, a samim time, po logici stvari onih koji to tvrde, i neprijatelj BiH. On navodno planira nametnuti izmjene Ustava Federacije i Izbornog zakona BiH u dijelu koji se odnosi na izbor izaslanika u Dom naroda Parlamenta FBiH i funkcioniranje institucija ovog entiteta.<\/p>\n\n\n\n<p>U medijima se pojavio i nacrt izmjena koje je Schmidt navodno trebao nametnuti ako se ne povu\u010de pod pritiscima, a izgleda kako ve\u0107 popu\u0161ta. Autenti\u010dnost dokumenta, kao ni same nakane, Schmidt ili bilo tko od njegovih suradnika nisu potvrdili. No, to nije smetalo da se na Schmidta obru\u0161e svi, od bo\u0161nja\u010dkih nacionalnih i tzv. gra\u0111anskih stranaka, preko Islamske zajednice u BiH do raznih udruga, kvazianaliti\u010dara, lobista, predstavnika akademske zajednice do sarajevskih medija.<\/p>\n\n\n\n<p>Ako je istina ono \u0161to je objavljeno, Schmidtove intervencije u federalni Ustav i dr\u017eavni Izborni zakon svode se na djelomi\u010dno zadovoljenje klju\u010dnog hrvatskog i klju\u010dnog bo\u0161nja\u010dkog zahtjeva u pregovorima koji su mjesecima neuspje\u0161no vo\u0111eni uz posredovanje SAD i EU- U najkra\u0107em, Schmidtove izmjene trebale bi zadovoljiti bo\u0161nja\u010dki zahtjev za funkcionalnijim entitetskim institucijama i smanjiti mogu\u0107nost Hrvatima da blokiraju ili uvjetuju neke procese u Federaciji BiH. S druge strane, uvodi se cenzus za izbor nacionalnih izaslanika u entitetski Dom naroda, pa bo\u0161nja\u010dke stranke vi\u0161e ne bi mogle iz \u017eupanija u kojima je marginalan broj Hrvata, a to su Unsko-sanska i Bosansko-podrinjska, birati la\u017ene hrvatske predstavnike u taj dom, kao \u0161to su to trenuta\u010dno Edim Fejzi\u0107 i Razim Halki\u0107.<\/p>\n\n\n\n<p>Iako nema najava da bi Schmidt mogao onemogu\u0107iti ponovnu uzurpaciju hrvatske pozicije u Predsjedni\u0161tvu BiH ili sprije\u010diti bo\u0161nja\u010dke stranke da i dalje biraju svoje Hrvate u Dom naroda iz jo\u0161 najmanje triju \u017eupanija, Nijemac je u Sarajevu izlo\u017een nevi\u0111enim napadima i uvredama, uspore\u0111uje ga se s nacistima, optu\u017euje za palestinizaciju Bo\u0161njaka, naziva grobarom demokracije\u2026 To \u0161to Schmidt za izmjene koje navodno \u017eeli nametnuti ima potporu SAD, Velike Britanije, pa i EU, u politi\u010dkom i medijskom Sarajevu obja\u0161njava se jednostavno \u2013 zapadnom islamofobijom.<\/p>\n\n\n\n<p>Sve bo\u0161nja\u010dke stranke su do prije mjesec dana svakodnevno prizivale me\u0111unarodni intervencionizam i pozdravljale sve odluke iz OHR-a. Sad se odjednom zala\u017eu za prekid njihova \u201cmije\u0161anja\u201d i odlu\u010divanja u institucijama BiH. Ovakva nedosljednost nevi\u0111ena je \u010dak i u balkanskim politi\u010dkim okvirima. Na stranu to \u0161to bi Schmidt, ako uistinu uradi ovo za \u0161to ga se u Sarajevu optu\u017euje, samo djelomi\u010dno ispravio nepravdu koju su Hrvatima u BiH svojim odlukama nanijeli neki njegovi prethodnici, a prije svih Wolfgang Petritsch.<\/p>\n\n\n\n<p>Zbog nevi\u0111enih se pritisaka OHR hitno mora seliti iz Sarajeva. Recimo u Bruxelles. Zamislite da mu je sada sjedi\u0161te u zapadnoj Hercegovini ili Republici Srpskoj. Naravno da bi oni imali presudnu ulogu u kreiranju stavova stranaca. Zbog takvog ambijenta stvarni visoki me\u0111unarodni predstavnik je sarajevska javnost. Zvu\u010di kao \u201cDas ist Walter\u201d, re\u010denica iz ratnog filma \u201cValter brani Sarajevo\u201d. Danas bi glasila: \u201cSarajevo je visoki predstavnik\u201d. \u201cDas ist Schmidt\u201d.<\/p>\n\n\n\n<p>\/HMS\/<\/p>\n","protected":false},"excerpt":{"rendered":"<p>Stvarna vlast u BiH nije visoki predstavnik, nego sarajevska javnost. Bo\u0161nja\u010dki slu\u017ebenici umnogome kreiraju stavove stranaca. Zbog nevi\u0111enih se pritisaka OHR hitno mora seliti iz Sarajeva. Recimo u Bruxelles Pi\u0161e: Jozo Pavkovi\u0107, Ve\u010dernji list Takva koli\u010dina mr\u017enje poput one koju posljednjih tjedana bo\u0161nja\u010dki politi\u010dari i pojedini mediji izra\u017eavaju prema Hrvatima u BiH nikada nije zabilje\u017eena. [&hellip;]<\/p>\n","protected":false},"author":2,"featured_media":163510,"comment_status":"closed","ping_status":"closed","sticky":false,"template":"","format":"standard","meta":{"h5ap_radio_sources":[],"footnotes":""},"categories":[1],"tags":[],"class_list":["post-163508","post","type-post","status-publish","format-standard","has-post-thumbnail","hentry","category-bihiregija"],"yoast_head":"<!-- This site is optimized with the Yoast SEO plugin v27.5 - https:\/\/yoast.com\/product\/yoast-seo-wordpress\/ -->\n<title>Jozo Pavkovi\u0107: Nevi\u0111ena mr\u017enja bo\u0161nja\u010dkih politi\u010dara prema Hrvatima gotovo je na razini objave rata - RADIO LJUBU\u0160KI<\/title>\n<meta name=\"robots\" content=\"index, follow, max-snippet:-1, max-image-preview:large, max-video-preview:-1\" \/>\n<link rel=\"canonical\" href=\"https:\/\/radioljubuski.ba\/index.php\/2022\/07\/26\/jozo-pavkovic-nevidena-mrznja-bosnjackih-politicara-prema-hrvatima-gotovo-je-na-razini-objave-rata\/\" \/>\n<meta property=\"og:locale\" content=\"hr_HR\" \/>\n<meta property=\"og:type\" content=\"article\" \/>\n<meta property=\"og:title\" content=\"Jozo Pavkovi\u0107: Nevi\u0111ena mr\u017enja bo\u0161nja\u010dkih politi\u010dara prema Hrvatima gotovo je na razini objave rata - RADIO LJUBU\u0160KI\" \/>\n<meta property=\"og:description\" content=\"Stvarna vlast u BiH nije visoki predstavnik, nego sarajevska javnost. Bo\u0161nja\u010dki slu\u017ebenici umnogome kreiraju stavove stranaca. Zbog nevi\u0111enih se pritisaka OHR hitno mora seliti iz Sarajeva. Recimo u Bruxelles Pi\u0161e: Jozo Pavkovi\u0107, Ve\u010dernji list Takva koli\u010dina mr\u017enje poput one koju posljednjih tjedana bo\u0161nja\u010dki politi\u010dari i pojedini mediji izra\u017eavaju prema Hrvatima u BiH nikada nije zabilje\u017eena. [&hellip;]\" \/>\n<meta property=\"og:url\" content=\"https:\/\/radioljubuski.ba\/index.php\/2022\/07\/26\/jozo-pavkovic-nevidena-mrznja-bosnjackih-politicara-prema-hrvatima-gotovo-je-na-razini-objave-rata\/\" \/>\n<meta property=\"og:site_name\" content=\"RADIO LJUBU\u0160KI\" \/>\n<meta property=\"article:publisher\" content=\"https:\/\/www.facebook.com\/Radiio-Ljubuski-1490835324566332\" \/>\n<meta property=\"article:published_time\" content=\"2022-07-26T09:56:05+00:00\" \/>\n<meta property=\"article:modified_time\" content=\"2022-07-26T09:56:06+00:00\" \/>\n<meta property=\"og:image\" content=\"https:\/\/radioljubuski.ba\/wp-content\/uploads\/2022\/07\/jozo-pavkovic.jpg\" \/>\n\t<meta property=\"og:image:width\" content=\"660\" \/>\n\t<meta property=\"og:image:height\" content=\"330\" \/>\n\t<meta property=\"og:image:type\" content=\"image\/jpeg\" \/>\n<meta name=\"author\" content=\"Radio Ljubu\u0161ki\" \/>\n<meta name=\"twitter:card\" content=\"summary_large_image\" \/>\n<meta name=\"twitter:creator\" content=\"@radioljubuski\" \/>\n<meta name=\"twitter:site\" content=\"@radioljubuski\" \/>\n<meta name=\"twitter:label1\" content=\"Napisao\/la\" \/>\n\t<meta name=\"twitter:data1\" content=\"Radio Ljubu\u0161ki\" \/>\n\t<meta name=\"twitter:label2\" content=\"Procijenjeno vrijeme \u010ditanja\" \/>\n\t<meta name=\"twitter:data2\" content=\"4 minute\" \/>\n<script type=\"application\/ld+json\" class=\"yoast-schema-graph\">{\"@context\":\"https:\\\/\\\/schema.org\",\"@graph\":[{\"@type\":\"Article\",\"@id\":\"https:\\\/\\\/radioljubuski.ba\\\/index.php\\\/2022\\\/07\\\/26\\\/jozo-pavkovic-nevidena-mrznja-bosnjackih-politicara-prema-hrvatima-gotovo-je-na-razini-objave-rata\\\/#article\",\"isPartOf\":{\"@id\":\"https:\\\/\\\/radioljubuski.ba\\\/index.php\\\/2022\\\/07\\\/26\\\/jozo-pavkovic-nevidena-mrznja-bosnjackih-politicara-prema-hrvatima-gotovo-je-na-razini-objave-rata\\\/\"},\"author\":{\"name\":\"Radio Ljubu\u0161ki\",\"@id\":\"https:\\\/\\\/radioljubuski.ba\\\/#\\\/schema\\\/person\\\/19fc700381a780f69665d7956c469e3b\"},\"headline\":\"Jozo Pavkovi\u0107: Nevi\u0111ena mr\u017enja bo\u0161nja\u010dkih politi\u010dara prema Hrvatima gotovo je na razini objave rata\",\"datePublished\":\"2022-07-26T09:56:05+00:00\",\"dateModified\":\"2022-07-26T09:56:06+00:00\",\"mainEntityOfPage\":{\"@id\":\"https:\\\/\\\/radioljubuski.ba\\\/index.php\\\/2022\\\/07\\\/26\\\/jozo-pavkovic-nevidena-mrznja-bosnjackih-politicara-prema-hrvatima-gotovo-je-na-razini-objave-rata\\\/\"},\"wordCount\":871,\"publisher\":{\"@id\":\"https:\\\/\\\/radioljubuski.ba\\\/#organization\"},\"image\":{\"@id\":\"https:\\\/\\\/radioljubuski.ba\\\/index.php\\\/2022\\\/07\\\/26\\\/jozo-pavkovic-nevidena-mrznja-bosnjackih-politicara-prema-hrvatima-gotovo-je-na-razini-objave-rata\\\/#primaryimage\"},\"thumbnailUrl\":\"https:\\\/\\\/radioljubuski.ba\\\/wp-content\\\/uploads\\\/2022\\\/07\\\/jozo-pavkovic.jpg\",\"articleSection\":[\"BIH i regija\"],\"inLanguage\":\"hr\"},{\"@type\":\"WebPage\",\"@id\":\"https:\\\/\\\/radioljubuski.ba\\\/index.php\\\/2022\\\/07\\\/26\\\/jozo-pavkovic-nevidena-mrznja-bosnjackih-politicara-prema-hrvatima-gotovo-je-na-razini-objave-rata\\\/\",\"url\":\"https:\\\/\\\/radioljubuski.ba\\\/index.php\\\/2022\\\/07\\\/26\\\/jozo-pavkovic-nevidena-mrznja-bosnjackih-politicara-prema-hrvatima-gotovo-je-na-razini-objave-rata\\\/\",\"name\":\"Jozo Pavkovi\u0107: Nevi\u0111ena mr\u017enja bo\u0161nja\u010dkih politi\u010dara prema Hrvatima gotovo je na razini objave rata - RADIO LJUBU\u0160KI\",\"isPartOf\":{\"@id\":\"https:\\\/\\\/radioljubuski.ba\\\/#website\"},\"primaryImageOfPage\":{\"@id\":\"https:\\\/\\\/radioljubuski.ba\\\/index.php\\\/2022\\\/07\\\/26\\\/jozo-pavkovic-nevidena-mrznja-bosnjackih-politicara-prema-hrvatima-gotovo-je-na-razini-objave-rata\\\/#primaryimage\"},\"image\":{\"@id\":\"https:\\\/\\\/radioljubuski.ba\\\/index.php\\\/2022\\\/07\\\/26\\\/jozo-pavkovic-nevidena-mrznja-bosnjackih-politicara-prema-hrvatima-gotovo-je-na-razini-objave-rata\\\/#primaryimage\"},\"thumbnailUrl\":\"https:\\\/\\\/radioljubuski.ba\\\/wp-content\\\/uploads\\\/2022\\\/07\\\/jozo-pavkovic.jpg\",\"datePublished\":\"2022-07-26T09:56:05+00:00\",\"dateModified\":\"2022-07-26T09:56:06+00:00\",\"breadcrumb\":{\"@id\":\"https:\\\/\\\/radioljubuski.ba\\\/index.php\\\/2022\\\/07\\\/26\\\/jozo-pavkovic-nevidena-mrznja-bosnjackih-politicara-prema-hrvatima-gotovo-je-na-razini-objave-rata\\\/#breadcrumb\"},\"inLanguage\":\"hr\",\"potentialAction\":[{\"@type\":\"ReadAction\",\"target\":[\"https:\\\/\\\/radioljubuski.ba\\\/index.php\\\/2022\\\/07\\\/26\\\/jozo-pavkovic-nevidena-mrznja-bosnjackih-politicara-prema-hrvatima-gotovo-je-na-razini-objave-rata\\\/\"]}]},{\"@type\":\"ImageObject\",\"inLanguage\":\"hr\",\"@id\":\"https:\\\/\\\/radioljubuski.ba\\\/index.php\\\/2022\\\/07\\\/26\\\/jozo-pavkovic-nevidena-mrznja-bosnjackih-politicara-prema-hrvatima-gotovo-je-na-razini-objave-rata\\\/#primaryimage\",\"url\":\"https:\\\/\\\/radioljubuski.ba\\\/wp-content\\\/uploads\\\/2022\\\/07\\\/jozo-pavkovic.jpg\",\"contentUrl\":\"https:\\\/\\\/radioljubuski.ba\\\/wp-content\\\/uploads\\\/2022\\\/07\\\/jozo-pavkovic.jpg\",\"width\":660,\"height\":330},{\"@type\":\"BreadcrumbList\",\"@id\":\"https:\\\/\\\/radioljubuski.ba\\\/index.php\\\/2022\\\/07\\\/26\\\/jozo-pavkovic-nevidena-mrznja-bosnjackih-politicara-prema-hrvatima-gotovo-je-na-razini-objave-rata\\\/#breadcrumb\",\"itemListElement\":[{\"@type\":\"ListItem\",\"position\":1,\"name\":\"Po\u010detna stranica\",\"item\":\"https:\\\/\\\/radioljubuski.ba\\\/\"},{\"@type\":\"ListItem\",\"position\":2,\"name\":\"Jozo Pavkovi\u0107: Nevi\u0111ena mr\u017enja bo\u0161nja\u010dkih politi\u010dara prema Hrvatima gotovo je na razini objave rata\"}]},{\"@type\":\"WebSite\",\"@id\":\"https:\\\/\\\/radioljubuski.ba\\\/#website\",\"url\":\"https:\\\/\\\/radioljubuski.ba\\\/\",\"name\":\"Radio Ljubu\u0161ki\",\"description\":\"Sun\u010dana frekvencija Hercegovine\",\"publisher\":{\"@id\":\"https:\\\/\\\/radioljubuski.ba\\\/#organization\"},\"potentialAction\":[{\"@type\":\"SearchAction\",\"target\":{\"@type\":\"EntryPoint\",\"urlTemplate\":\"https:\\\/\\\/radioljubuski.ba\\\/?s={search_term_string}\"},\"query-input\":{\"@type\":\"PropertyValueSpecification\",\"valueRequired\":true,\"valueName\":\"search_term_string\"}}],\"inLanguage\":\"hr\"},{\"@type\":\"Organization\",\"@id\":\"https:\\\/\\\/radioljubuski.ba\\\/#organization\",\"name\":\"Radio Ljubu\u0161ki\",\"url\":\"https:\\\/\\\/radioljubuski.ba\\\/\",\"logo\":{\"@type\":\"ImageObject\",\"inLanguage\":\"hr\",\"@id\":\"https:\\\/\\\/radioljubuski.ba\\\/#\\\/schema\\\/logo\\\/image\\\/\",\"url\":\"https:\\\/\\\/radioljubuski.ba\\\/wp-content\\\/uploads\\\/2021\\\/02\\\/cropped-Radio_Ljubuski_logo1.jpg\",\"contentUrl\":\"https:\\\/\\\/radioljubuski.ba\\\/wp-content\\\/uploads\\\/2021\\\/02\\\/cropped-Radio_Ljubuski_logo1.jpg\",\"width\":512,\"height\":512,\"caption\":\"Radio Ljubu\u0161ki\"},\"image\":{\"@id\":\"https:\\\/\\\/radioljubuski.ba\\\/#\\\/schema\\\/logo\\\/image\\\/\"},\"sameAs\":[\"https:\\\/\\\/www.facebook.com\\\/Radiio-Ljubuski-1490835324566332\",\"https:\\\/\\\/x.com\\\/radioljubuski\",\"https:\\\/\\\/hr.linkedin.com\\\/company\\\/radio-ljubuski\",\"https:\\\/\\\/www.youtube.com\\\/channel\\\/UCHYaeO_n0Db3tjNGudGpXyw\"]},{\"@type\":\"Person\",\"@id\":\"https:\\\/\\\/radioljubuski.ba\\\/#\\\/schema\\\/person\\\/19fc700381a780f69665d7956c469e3b\",\"name\":\"Radio Ljubu\u0161ki\"}]}<\/script>\n<!-- \/ Yoast SEO plugin. -->","yoast_head_json":{"title":"Jozo Pavkovi\u0107: Nevi\u0111ena mr\u017enja bo\u0161nja\u010dkih politi\u010dara prema Hrvatima gotovo je na razini objave rata - RADIO LJUBU\u0160KI","robots":{"index":"index","follow":"follow","max-snippet":"max-snippet:-1","max-image-preview":"max-image-preview:large","max-video-preview":"max-video-preview:-1"},"canonical":"https:\/\/radioljubuski.ba\/index.php\/2022\/07\/26\/jozo-pavkovic-nevidena-mrznja-bosnjackih-politicara-prema-hrvatima-gotovo-je-na-razini-objave-rata\/","og_locale":"hr_HR","og_type":"article","og_title":"Jozo Pavkovi\u0107: Nevi\u0111ena mr\u017enja bo\u0161nja\u010dkih politi\u010dara prema Hrvatima gotovo je na razini objave rata - RADIO LJUBU\u0160KI","og_description":"Stvarna vlast u BiH nije visoki predstavnik, nego sarajevska javnost. Bo\u0161nja\u010dki slu\u017ebenici umnogome kreiraju stavove stranaca. Zbog nevi\u0111enih se pritisaka OHR hitno mora seliti iz Sarajeva. Recimo u Bruxelles Pi\u0161e: Jozo Pavkovi\u0107, Ve\u010dernji list Takva koli\u010dina mr\u017enje poput one koju posljednjih tjedana bo\u0161nja\u010dki politi\u010dari i pojedini mediji izra\u017eavaju prema Hrvatima u BiH nikada nije zabilje\u017eena. [&hellip;]","og_url":"https:\/\/radioljubuski.ba\/index.php\/2022\/07\/26\/jozo-pavkovic-nevidena-mrznja-bosnjackih-politicara-prema-hrvatima-gotovo-je-na-razini-objave-rata\/","og_site_name":"RADIO LJUBU\u0160KI","article_publisher":"https:\/\/www.facebook.com\/Radiio-Ljubuski-1490835324566332","article_published_time":"2022-07-26T09:56:05+00:00","article_modified_time":"2022-07-26T09:56:06+00:00","og_image":[{"width":660,"height":330,"url":"https:\/\/radioljubuski.ba\/wp-content\/uploads\/2022\/07\/jozo-pavkovic.jpg","type":"image\/jpeg"}],"author":"Radio Ljubu\u0161ki","twitter_card":"summary_large_image","twitter_creator":"@radioljubuski","twitter_site":"@radioljubuski","twitter_misc":{"Napisao\/la":"Radio Ljubu\u0161ki","Procijenjeno vrijeme \u010ditanja":"4 minute"},"schema":{"@context":"https:\/\/schema.org","@graph":[{"@type":"Article","@id":"https:\/\/radioljubuski.ba\/index.php\/2022\/07\/26\/jozo-pavkovic-nevidena-mrznja-bosnjackih-politicara-prema-hrvatima-gotovo-je-na-razini-objave-rata\/#article","isPartOf":{"@id":"https:\/\/radioljubuski.ba\/index.php\/2022\/07\/26\/jozo-pavkovic-nevidena-mrznja-bosnjackih-politicara-prema-hrvatima-gotovo-je-na-razini-objave-rata\/"},"author":{"name":"Radio Ljubu\u0161ki","@id":"https:\/\/radioljubuski.ba\/#\/schema\/person\/19fc700381a780f69665d7956c469e3b"},"headline":"Jozo Pavkovi\u0107: Nevi\u0111ena mr\u017enja bo\u0161nja\u010dkih politi\u010dara prema Hrvatima gotovo je na razini objave rata","datePublished":"2022-07-26T09:56:05+00:00","dateModified":"2022-07-26T09:56:06+00:00","mainEntityOfPage":{"@id":"https:\/\/radioljubuski.ba\/index.php\/2022\/07\/26\/jozo-pavkovic-nevidena-mrznja-bosnjackih-politicara-prema-hrvatima-gotovo-je-na-razini-objave-rata\/"},"wordCount":871,"publisher":{"@id":"https:\/\/radioljubuski.ba\/#organization"},"image":{"@id":"https:\/\/radioljubuski.ba\/index.php\/2022\/07\/26\/jozo-pavkovic-nevidena-mrznja-bosnjackih-politicara-prema-hrvatima-gotovo-je-na-razini-objave-rata\/#primaryimage"},"thumbnailUrl":"https:\/\/radioljubuski.ba\/wp-content\/uploads\/2022\/07\/jozo-pavkovic.jpg","articleSection":["BIH i regija"],"inLanguage":"hr"},{"@type":"WebPage","@id":"https:\/\/radioljubuski.ba\/index.php\/2022\/07\/26\/jozo-pavkovic-nevidena-mrznja-bosnjackih-politicara-prema-hrvatima-gotovo-je-na-razini-objave-rata\/","url":"https:\/\/radioljubuski.ba\/index.php\/2022\/07\/26\/jozo-pavkovic-nevidena-mrznja-bosnjackih-politicara-prema-hrvatima-gotovo-je-na-razini-objave-rata\/","name":"Jozo Pavkovi\u0107: Nevi\u0111ena mr\u017enja bo\u0161nja\u010dkih politi\u010dara prema Hrvatima gotovo je na razini objave rata - RADIO LJUBU\u0160KI","isPartOf":{"@id":"https:\/\/radioljubuski.ba\/#website"},"primaryImageOfPage":{"@id":"https:\/\/radioljubuski.ba\/index.php\/2022\/07\/26\/jozo-pavkovic-nevidena-mrznja-bosnjackih-politicara-prema-hrvatima-gotovo-je-na-razini-objave-rata\/#primaryimage"},"image":{"@id":"https:\/\/radioljubuski.ba\/index.php\/2022\/07\/26\/jozo-pavkovic-nevidena-mrznja-bosnjackih-politicara-prema-hrvatima-gotovo-je-na-razini-objave-rata\/#primaryimage"},"thumbnailUrl":"https:\/\/radioljubuski.ba\/wp-content\/uploads\/2022\/07\/jozo-pavkovic.jpg","datePublished":"2022-07-26T09:56:05+00:00","dateModified":"2022-07-26T09:56:06+00:00","breadcrumb":{"@id":"https:\/\/radioljubuski.ba\/index.php\/2022\/07\/26\/jozo-pavkovic-nevidena-mrznja-bosnjackih-politicara-prema-hrvatima-gotovo-je-na-razini-objave-rata\/#breadcrumb"},"inLanguage":"hr","potentialAction":[{"@type":"ReadAction","target":["https:\/\/radioljubuski.ba\/index.php\/2022\/07\/26\/jozo-pavkovic-nevidena-mrznja-bosnjackih-politicara-prema-hrvatima-gotovo-je-na-razini-objave-rata\/"]}]},{"@type":"ImageObject","inLanguage":"hr","@id":"https:\/\/radioljubuski.ba\/index.php\/2022\/07\/26\/jozo-pavkovic-nevidena-mrznja-bosnjackih-politicara-prema-hrvatima-gotovo-je-na-razini-objave-rata\/#primaryimage","url":"https:\/\/radioljubuski.ba\/wp-content\/uploads\/2022\/07\/jozo-pavkovic.jpg","contentUrl":"https:\/\/radioljubuski.ba\/wp-content\/uploads\/2022\/07\/jozo-pavkovic.jpg","width":660,"height":330},{"@type":"BreadcrumbList","@id":"https:\/\/radioljubuski.ba\/index.php\/2022\/07\/26\/jozo-pavkovic-nevidena-mrznja-bosnjackih-politicara-prema-hrvatima-gotovo-je-na-razini-objave-rata\/#breadcrumb","itemListElement":[{"@type":"ListItem","position":1,"name":"Po\u010detna stranica","item":"https:\/\/radioljubuski.ba\/"},{"@type":"ListItem","position":2,"name":"Jozo Pavkovi\u0107: Nevi\u0111ena mr\u017enja bo\u0161nja\u010dkih politi\u010dara prema Hrvatima gotovo je na razini objave rata"}]},{"@type":"WebSite","@id":"https:\/\/radioljubuski.ba\/#website","url":"https:\/\/radioljubuski.ba\/","name":"Radio Ljubu\u0161ki","description":"Sun\u010dana frekvencija Hercegovine","publisher":{"@id":"https:\/\/radioljubuski.ba\/#organization"},"potentialAction":[{"@type":"SearchAction","target":{"@type":"EntryPoint","urlTemplate":"https:\/\/radioljubuski.ba\/?s={search_term_string}"},"query-input":{"@type":"PropertyValueSpecification","valueRequired":true,"valueName":"search_term_string"}}],"inLanguage":"hr"},{"@type":"Organization","@id":"https:\/\/radioljubuski.ba\/#organization","name":"Radio Ljubu\u0161ki","url":"https:\/\/radioljubuski.ba\/","logo":{"@type":"ImageObject","inLanguage":"hr","@id":"https:\/\/radioljubuski.ba\/#\/schema\/logo\/image\/","url":"https:\/\/radioljubuski.ba\/wp-content\/uploads\/2021\/02\/cropped-Radio_Ljubuski_logo1.jpg","contentUrl":"https:\/\/radioljubuski.ba\/wp-content\/uploads\/2021\/02\/cropped-Radio_Ljubuski_logo1.jpg","width":512,"height":512,"caption":"Radio Ljubu\u0161ki"},"image":{"@id":"https:\/\/radioljubuski.ba\/#\/schema\/logo\/image\/"},"sameAs":["https:\/\/www.facebook.com\/Radiio-Ljubuski-1490835324566332","https:\/\/x.com\/radioljubuski","https:\/\/hr.linkedin.com\/company\/radio-ljubuski","https:\/\/www.youtube.com\/channel\/UCHYaeO_n0Db3tjNGudGpXyw"]},{"@type":"Person","@id":"https:\/\/radioljubuski.ba\/#\/schema\/person\/19fc700381a780f69665d7956c469e3b","name":"Radio Ljubu\u0161ki"}]}},"_links":{"self":[{"href":"https:\/\/radioljubuski.ba\/index.php\/wp-json\/wp\/v2\/posts\/163508","targetHints":{"allow":["GET"]}}],"collection":[{"href":"https:\/\/radioljubuski.ba\/index.php\/wp-json\/wp\/v2\/posts"}],"about":[{"href":"https:\/\/radioljubuski.ba\/index.php\/wp-json\/wp\/v2\/types\/post"}],"author":[{"embeddable":true,"href":"https:\/\/radioljubuski.ba\/index.php\/wp-json\/wp\/v2\/users\/2"}],"replies":[{"embeddable":true,"href":"https:\/\/radioljubuski.ba\/index.php\/wp-json\/wp\/v2\/comments?post=163508"}],"version-history":[{"count":1,"href":"https:\/\/radioljubuski.ba\/index.php\/wp-json\/wp\/v2\/posts\/163508\/revisions"}],"predecessor-version":[{"id":163511,"href":"https:\/\/radioljubuski.ba\/index.php\/wp-json\/wp\/v2\/posts\/163508\/revisions\/163511"}],"wp:featuredmedia":[{"embeddable":true,"href":"https:\/\/radioljubuski.ba\/index.php\/wp-json\/wp\/v2\/media\/163510"}],"wp:attachment":[{"href":"https:\/\/radioljubuski.ba\/index.php\/wp-json\/wp\/v2\/media?parent=163508"}],"wp:term":[{"taxonomy":"category","embeddable":true,"href":"https:\/\/radioljubuski.ba\/index.php\/wp-json\/wp\/v2\/categories?post=163508"},{"taxonomy":"post_tag","embeddable":true,"href":"https:\/\/radioljubuski.ba\/index.php\/wp-json\/wp\/v2\/tags?post=163508"}],"curies":[{"name":"wp","href":"https:\/\/api.w.org\/{rel}","templated":true}]}}