{"id":163524,"date":"2022-07-26T11:09:19","date_gmt":"2022-07-26T10:09:19","guid":{"rendered":"https:\/\/radioljubuski.ba\/?p=163524"},"modified":"2022-07-26T11:09:20","modified_gmt":"2022-07-26T10:09:20","slug":"ruske-aviokompanije-ce-zbog-sankcija-prevesti-19-milijuna-putnika-manje-nego-lani","status":"publish","type":"post","link":"https:\/\/radioljubuski.ba\/index.php\/2022\/07\/26\/ruske-aviokompanije-ce-zbog-sankcija-prevesti-19-milijuna-putnika-manje-nego-lani\/","title":{"rendered":"Ruske aviokompanije \u0107e zbog sankcija prevesti 19 milijuna putnika manje nego lani"},"content":{"rendered":"\n<p>Ruske aviokompanije u ovoj godini prevest \u0107e 19 milijuna putnika manje nego lani, zbog zapadnih sankcija nakon ruske invazije na Ukrajinu te zabrana letova koje je Moskva uvela u ju\u017enoj Rusiji.<\/p>\n\n\n\n<p>To je petina&nbsp;planiranog ukupnog broja putnika, izvijestio je ruski poslovni list Vedomosti, prenose\u0107i podatke tamo\u0161njeg ministarstva prometa.<\/p>\n\n\n\n<p>Ruska zrakoplovna industrija me\u0111u najte\u017ee je pogo\u0111enima zbog rata&nbsp;u Ukrajini.&nbsp;Zra\u010dni prostor iznad Europe i Sjeverne Amerike zatvoren je za Rusiju, a zapadne sankcije tako\u0111er zabranjuju nabavu i odr\u017eavanje zrakoplova kompanija Boeing i Airbus, koji su okosnica ruskih zrakoplovnih&nbsp;kompanija.<\/p>\n\n\n\n<p>Moskva obustavila zra\u010dni promet prema brojnim zemljama<\/p>\n\n\n\n<p>Moskva je&nbsp;odlu\u010dila preregistrirati mnoge zrakoplove te&nbsp;obustaviti&nbsp;zra\u010dni promet prema brojnim dr\u017eavama zbog straha da bi zrakoplovi mogli biti zaplijenjeni. Osim toga, ruska je vlada od velja\u010de uvela zabrane letova iznad juga zemlje zbog vojnih bitki.<\/p>\n\n\n\n<p>Jedanaest zra\u010dnih luka se ne mo\u017ee koristiti, uklju\u010duju\u0107i i one u crnomorskim ljetovali\u0161tima Anapa i Gelend\u017eik, kao i u Simferopolju na Krimu, poluotoku koji je Rusija pripojila 2014.<\/p>\n\n\n\n<p>Posljedice su za rusku zrakoplovnu industriju ozbiljne, posebno u&nbsp;ljetnim&nbsp;mjesecima. U lipnju su ruske zrakoplovne kompanije izgubile 2.7 milijuna putnika, a u srpnju i kolovozu nazire se manjak od 3.2 i 3.3 milijuna putnika.<\/p>\n\n\n\n<p>Ruska je vlada zrakoplovnim kompanijama obe\u0107ala dr\u017eavnu pomo\u0107 od 100 milijardi rubalja (1.7 milijardi dolara).<\/p>\n\n\n\n<p>Izvor:pogled.ba<\/p>\n","protected":false},"excerpt":{"rendered":"<p>Ruske aviokompanije u ovoj godini prevest \u0107e 19 milijuna putnika manje nego lani, zbog zapadnih sankcija nakon ruske invazije na Ukrajinu te zabrana letova koje je Moskva uvela u ju\u017enoj Rusiji. To je petina&nbsp;planiranog ukupnog broja putnika, izvijestio je ruski poslovni list Vedomosti, prenose\u0107i podatke tamo\u0161njeg ministarstva prometa. Ruska zrakoplovna industrija me\u0111u najte\u017ee je pogo\u0111enima [&hellip;]<\/p>\n","protected":false},"author":2,"featured_media":163526,"comment_status":"closed","ping_status":"closed","sticky":false,"template":"","format":"standard","meta":{"h5ap_radio_sources":[],"footnotes":""},"categories":[1],"tags":[],"class_list":["post-163524","post","type-post","status-publish","format-standard","has-post-thumbnail","hentry","category-bihiregija"],"yoast_head":"<!-- This site is optimized with the Yoast SEO plugin v27.5 - https:\/\/yoast.com\/product\/yoast-seo-wordpress\/ -->\n<title>Ruske aviokompanije \u0107e zbog sankcija prevesti 19 milijuna putnika manje nego lani - RADIO LJUBU\u0160KI<\/title>\n<meta name=\"robots\" content=\"index, follow, max-snippet:-1, max-image-preview:large, max-video-preview:-1\" \/>\n<link rel=\"canonical\" href=\"https:\/\/radioljubuski.ba\/index.php\/2022\/07\/26\/ruske-aviokompanije-ce-zbog-sankcija-prevesti-19-milijuna-putnika-manje-nego-lani\/\" \/>\n<meta property=\"og:locale\" content=\"hr_HR\" \/>\n<meta property=\"og:type\" content=\"article\" \/>\n<meta property=\"og:title\" content=\"Ruske aviokompanije \u0107e zbog sankcija prevesti 19 milijuna putnika manje nego lani - RADIO LJUBU\u0160KI\" \/>\n<meta property=\"og:description\" content=\"Ruske aviokompanije u ovoj godini prevest \u0107e 19 milijuna putnika manje nego lani, zbog zapadnih sankcija nakon ruske invazije na Ukrajinu te zabrana letova koje je Moskva uvela u ju\u017enoj Rusiji. To je petina&nbsp;planiranog ukupnog broja putnika, izvijestio je ruski poslovni list Vedomosti, prenose\u0107i podatke tamo\u0161njeg ministarstva prometa. Ruska zrakoplovna industrija me\u0111u najte\u017ee je pogo\u0111enima [&hellip;]\" \/>\n<meta property=\"og:url\" content=\"https:\/\/radioljubuski.ba\/index.php\/2022\/07\/26\/ruske-aviokompanije-ce-zbog-sankcija-prevesti-19-milijuna-putnika-manje-nego-lani\/\" \/>\n<meta property=\"og:site_name\" content=\"RADIO LJUBU\u0160KI\" \/>\n<meta property=\"article:publisher\" content=\"https:\/\/www.facebook.com\/Radiio-Ljubuski-1490835324566332\" \/>\n<meta property=\"article:published_time\" content=\"2022-07-26T10:09:19+00:00\" \/>\n<meta property=\"article:modified_time\" content=\"2022-07-26T10:09:20+00:00\" \/>\n<meta property=\"og:image\" content=\"https:\/\/radioljubuski.ba\/wp-content\/uploads\/2022\/07\/10-2022-07-25-15-06-33-Snimka-zaslona-2022-07-25-150547.jpg\" \/>\n\t<meta property=\"og:image:width\" content=\"1000\" \/>\n\t<meta property=\"og:image:height\" content=\"625\" \/>\n\t<meta property=\"og:image:type\" content=\"image\/jpeg\" \/>\n<meta name=\"author\" content=\"Radio Ljubu\u0161ki\" \/>\n<meta name=\"twitter:card\" content=\"summary_large_image\" \/>\n<meta name=\"twitter:creator\" content=\"@radioljubuski\" \/>\n<meta name=\"twitter:site\" content=\"@radioljubuski\" \/>\n<meta name=\"twitter:label1\" content=\"Napisao\/la\" \/>\n\t<meta name=\"twitter:data1\" content=\"Radio Ljubu\u0161ki\" \/>\n\t<meta name=\"twitter:label2\" content=\"Procijenjeno vrijeme \u010ditanja\" \/>\n\t<meta name=\"twitter:data2\" content=\"1 minuta\" \/>\n<script type=\"application\/ld+json\" class=\"yoast-schema-graph\">{\"@context\":\"https:\\\/\\\/schema.org\",\"@graph\":[{\"@type\":\"Article\",\"@id\":\"https:\\\/\\\/radioljubuski.ba\\\/index.php\\\/2022\\\/07\\\/26\\\/ruske-aviokompanije-ce-zbog-sankcija-prevesti-19-milijuna-putnika-manje-nego-lani\\\/#article\",\"isPartOf\":{\"@id\":\"https:\\\/\\\/radioljubuski.ba\\\/index.php\\\/2022\\\/07\\\/26\\\/ruske-aviokompanije-ce-zbog-sankcija-prevesti-19-milijuna-putnika-manje-nego-lani\\\/\"},\"author\":{\"name\":\"Radio Ljubu\u0161ki\",\"@id\":\"https:\\\/\\\/radioljubuski.ba\\\/#\\\/schema\\\/person\\\/19fc700381a780f69665d7956c469e3b\"},\"headline\":\"Ruske aviokompanije \u0107e zbog sankcija prevesti 19 milijuna putnika manje nego lani\",\"datePublished\":\"2022-07-26T10:09:19+00:00\",\"dateModified\":\"2022-07-26T10:09:20+00:00\",\"mainEntityOfPage\":{\"@id\":\"https:\\\/\\\/radioljubuski.ba\\\/index.php\\\/2022\\\/07\\\/26\\\/ruske-aviokompanije-ce-zbog-sankcija-prevesti-19-milijuna-putnika-manje-nego-lani\\\/\"},\"wordCount\":250,\"publisher\":{\"@id\":\"https:\\\/\\\/radioljubuski.ba\\\/#organization\"},\"image\":{\"@id\":\"https:\\\/\\\/radioljubuski.ba\\\/index.php\\\/2022\\\/07\\\/26\\\/ruske-aviokompanije-ce-zbog-sankcija-prevesti-19-milijuna-putnika-manje-nego-lani\\\/#primaryimage\"},\"thumbnailUrl\":\"https:\\\/\\\/radioljubuski.ba\\\/wp-content\\\/uploads\\\/2022\\\/07\\\/10-2022-07-25-15-06-33-Snimka-zaslona-2022-07-25-150547.jpg\",\"articleSection\":[\"BIH i regija\"],\"inLanguage\":\"hr\"},{\"@type\":\"WebPage\",\"@id\":\"https:\\\/\\\/radioljubuski.ba\\\/index.php\\\/2022\\\/07\\\/26\\\/ruske-aviokompanije-ce-zbog-sankcija-prevesti-19-milijuna-putnika-manje-nego-lani\\\/\",\"url\":\"https:\\\/\\\/radioljubuski.ba\\\/index.php\\\/2022\\\/07\\\/26\\\/ruske-aviokompanije-ce-zbog-sankcija-prevesti-19-milijuna-putnika-manje-nego-lani\\\/\",\"name\":\"Ruske aviokompanije \u0107e zbog sankcija prevesti 19 milijuna putnika manje nego lani - RADIO LJUBU\u0160KI\",\"isPartOf\":{\"@id\":\"https:\\\/\\\/radioljubuski.ba\\\/#website\"},\"primaryImageOfPage\":{\"@id\":\"https:\\\/\\\/radioljubuski.ba\\\/index.php\\\/2022\\\/07\\\/26\\\/ruske-aviokompanije-ce-zbog-sankcija-prevesti-19-milijuna-putnika-manje-nego-lani\\\/#primaryimage\"},\"image\":{\"@id\":\"https:\\\/\\\/radioljubuski.ba\\\/index.php\\\/2022\\\/07\\\/26\\\/ruske-aviokompanije-ce-zbog-sankcija-prevesti-19-milijuna-putnika-manje-nego-lani\\\/#primaryimage\"},\"thumbnailUrl\":\"https:\\\/\\\/radioljubuski.ba\\\/wp-content\\\/uploads\\\/2022\\\/07\\\/10-2022-07-25-15-06-33-Snimka-zaslona-2022-07-25-150547.jpg\",\"datePublished\":\"2022-07-26T10:09:19+00:00\",\"dateModified\":\"2022-07-26T10:09:20+00:00\",\"breadcrumb\":{\"@id\":\"https:\\\/\\\/radioljubuski.ba\\\/index.php\\\/2022\\\/07\\\/26\\\/ruske-aviokompanije-ce-zbog-sankcija-prevesti-19-milijuna-putnika-manje-nego-lani\\\/#breadcrumb\"},\"inLanguage\":\"hr\",\"potentialAction\":[{\"@type\":\"ReadAction\",\"target\":[\"https:\\\/\\\/radioljubuski.ba\\\/index.php\\\/2022\\\/07\\\/26\\\/ruske-aviokompanije-ce-zbog-sankcija-prevesti-19-milijuna-putnika-manje-nego-lani\\\/\"]}]},{\"@type\":\"ImageObject\",\"inLanguage\":\"hr\",\"@id\":\"https:\\\/\\\/radioljubuski.ba\\\/index.php\\\/2022\\\/07\\\/26\\\/ruske-aviokompanije-ce-zbog-sankcija-prevesti-19-milijuna-putnika-manje-nego-lani\\\/#primaryimage\",\"url\":\"https:\\\/\\\/radioljubuski.ba\\\/wp-content\\\/uploads\\\/2022\\\/07\\\/10-2022-07-25-15-06-33-Snimka-zaslona-2022-07-25-150547.jpg\",\"contentUrl\":\"https:\\\/\\\/radioljubuski.ba\\\/wp-content\\\/uploads\\\/2022\\\/07\\\/10-2022-07-25-15-06-33-Snimka-zaslona-2022-07-25-150547.jpg\",\"width\":1000,\"height\":625},{\"@type\":\"BreadcrumbList\",\"@id\":\"https:\\\/\\\/radioljubuski.ba\\\/index.php\\\/2022\\\/07\\\/26\\\/ruske-aviokompanije-ce-zbog-sankcija-prevesti-19-milijuna-putnika-manje-nego-lani\\\/#breadcrumb\",\"itemListElement\":[{\"@type\":\"ListItem\",\"position\":1,\"name\":\"Po\u010detna stranica\",\"item\":\"https:\\\/\\\/radioljubuski.ba\\\/\"},{\"@type\":\"ListItem\",\"position\":2,\"name\":\"Ruske aviokompanije \u0107e zbog sankcija prevesti 19 milijuna putnika manje nego lani\"}]},{\"@type\":\"WebSite\",\"@id\":\"https:\\\/\\\/radioljubuski.ba\\\/#website\",\"url\":\"https:\\\/\\\/radioljubuski.ba\\\/\",\"name\":\"Radio Ljubu\u0161ki\",\"description\":\"Sun\u010dana frekvencija Hercegovine\",\"publisher\":{\"@id\":\"https:\\\/\\\/radioljubuski.ba\\\/#organization\"},\"potentialAction\":[{\"@type\":\"SearchAction\",\"target\":{\"@type\":\"EntryPoint\",\"urlTemplate\":\"https:\\\/\\\/radioljubuski.ba\\\/?s={search_term_string}\"},\"query-input\":{\"@type\":\"PropertyValueSpecification\",\"valueRequired\":true,\"valueName\":\"search_term_string\"}}],\"inLanguage\":\"hr\"},{\"@type\":\"Organization\",\"@id\":\"https:\\\/\\\/radioljubuski.ba\\\/#organization\",\"name\":\"Radio Ljubu\u0161ki\",\"url\":\"https:\\\/\\\/radioljubuski.ba\\\/\",\"logo\":{\"@type\":\"ImageObject\",\"inLanguage\":\"hr\",\"@id\":\"https:\\\/\\\/radioljubuski.ba\\\/#\\\/schema\\\/logo\\\/image\\\/\",\"url\":\"https:\\\/\\\/radioljubuski.ba\\\/wp-content\\\/uploads\\\/2021\\\/02\\\/cropped-Radio_Ljubuski_logo1.jpg\",\"contentUrl\":\"https:\\\/\\\/radioljubuski.ba\\\/wp-content\\\/uploads\\\/2021\\\/02\\\/cropped-Radio_Ljubuski_logo1.jpg\",\"width\":512,\"height\":512,\"caption\":\"Radio Ljubu\u0161ki\"},\"image\":{\"@id\":\"https:\\\/\\\/radioljubuski.ba\\\/#\\\/schema\\\/logo\\\/image\\\/\"},\"sameAs\":[\"https:\\\/\\\/www.facebook.com\\\/Radiio-Ljubuski-1490835324566332\",\"https:\\\/\\\/x.com\\\/radioljubuski\",\"https:\\\/\\\/hr.linkedin.com\\\/company\\\/radio-ljubuski\",\"https:\\\/\\\/www.youtube.com\\\/channel\\\/UCHYaeO_n0Db3tjNGudGpXyw\"]},{\"@type\":\"Person\",\"@id\":\"https:\\\/\\\/radioljubuski.ba\\\/#\\\/schema\\\/person\\\/19fc700381a780f69665d7956c469e3b\",\"name\":\"Radio Ljubu\u0161ki\"}]}<\/script>\n<!-- \/ Yoast SEO plugin. -->","yoast_head_json":{"title":"Ruske aviokompanije \u0107e zbog sankcija prevesti 19 milijuna putnika manje nego lani - RADIO LJUBU\u0160KI","robots":{"index":"index","follow":"follow","max-snippet":"max-snippet:-1","max-image-preview":"max-image-preview:large","max-video-preview":"max-video-preview:-1"},"canonical":"https:\/\/radioljubuski.ba\/index.php\/2022\/07\/26\/ruske-aviokompanije-ce-zbog-sankcija-prevesti-19-milijuna-putnika-manje-nego-lani\/","og_locale":"hr_HR","og_type":"article","og_title":"Ruske aviokompanije \u0107e zbog sankcija prevesti 19 milijuna putnika manje nego lani - RADIO LJUBU\u0160KI","og_description":"Ruske aviokompanije u ovoj godini prevest \u0107e 19 milijuna putnika manje nego lani, zbog zapadnih sankcija nakon ruske invazije na Ukrajinu te zabrana letova koje je Moskva uvela u ju\u017enoj Rusiji. To je petina&nbsp;planiranog ukupnog broja putnika, izvijestio je ruski poslovni list Vedomosti, prenose\u0107i podatke tamo\u0161njeg ministarstva prometa. Ruska zrakoplovna industrija me\u0111u najte\u017ee je pogo\u0111enima [&hellip;]","og_url":"https:\/\/radioljubuski.ba\/index.php\/2022\/07\/26\/ruske-aviokompanije-ce-zbog-sankcija-prevesti-19-milijuna-putnika-manje-nego-lani\/","og_site_name":"RADIO LJUBU\u0160KI","article_publisher":"https:\/\/www.facebook.com\/Radiio-Ljubuski-1490835324566332","article_published_time":"2022-07-26T10:09:19+00:00","article_modified_time":"2022-07-26T10:09:20+00:00","og_image":[{"width":1000,"height":625,"url":"https:\/\/radioljubuski.ba\/wp-content\/uploads\/2022\/07\/10-2022-07-25-15-06-33-Snimka-zaslona-2022-07-25-150547.jpg","type":"image\/jpeg"}],"author":"Radio Ljubu\u0161ki","twitter_card":"summary_large_image","twitter_creator":"@radioljubuski","twitter_site":"@radioljubuski","twitter_misc":{"Napisao\/la":"Radio Ljubu\u0161ki","Procijenjeno vrijeme \u010ditanja":"1 minuta"},"schema":{"@context":"https:\/\/schema.org","@graph":[{"@type":"Article","@id":"https:\/\/radioljubuski.ba\/index.php\/2022\/07\/26\/ruske-aviokompanije-ce-zbog-sankcija-prevesti-19-milijuna-putnika-manje-nego-lani\/#article","isPartOf":{"@id":"https:\/\/radioljubuski.ba\/index.php\/2022\/07\/26\/ruske-aviokompanije-ce-zbog-sankcija-prevesti-19-milijuna-putnika-manje-nego-lani\/"},"author":{"name":"Radio Ljubu\u0161ki","@id":"https:\/\/radioljubuski.ba\/#\/schema\/person\/19fc700381a780f69665d7956c469e3b"},"headline":"Ruske aviokompanije \u0107e zbog sankcija prevesti 19 milijuna putnika manje nego lani","datePublished":"2022-07-26T10:09:19+00:00","dateModified":"2022-07-26T10:09:20+00:00","mainEntityOfPage":{"@id":"https:\/\/radioljubuski.ba\/index.php\/2022\/07\/26\/ruske-aviokompanije-ce-zbog-sankcija-prevesti-19-milijuna-putnika-manje-nego-lani\/"},"wordCount":250,"publisher":{"@id":"https:\/\/radioljubuski.ba\/#organization"},"image":{"@id":"https:\/\/radioljubuski.ba\/index.php\/2022\/07\/26\/ruske-aviokompanije-ce-zbog-sankcija-prevesti-19-milijuna-putnika-manje-nego-lani\/#primaryimage"},"thumbnailUrl":"https:\/\/radioljubuski.ba\/wp-content\/uploads\/2022\/07\/10-2022-07-25-15-06-33-Snimka-zaslona-2022-07-25-150547.jpg","articleSection":["BIH i regija"],"inLanguage":"hr"},{"@type":"WebPage","@id":"https:\/\/radioljubuski.ba\/index.php\/2022\/07\/26\/ruske-aviokompanije-ce-zbog-sankcija-prevesti-19-milijuna-putnika-manje-nego-lani\/","url":"https:\/\/radioljubuski.ba\/index.php\/2022\/07\/26\/ruske-aviokompanije-ce-zbog-sankcija-prevesti-19-milijuna-putnika-manje-nego-lani\/","name":"Ruske aviokompanije \u0107e zbog sankcija prevesti 19 milijuna putnika manje nego lani - RADIO LJUBU\u0160KI","isPartOf":{"@id":"https:\/\/radioljubuski.ba\/#website"},"primaryImageOfPage":{"@id":"https:\/\/radioljubuski.ba\/index.php\/2022\/07\/26\/ruske-aviokompanije-ce-zbog-sankcija-prevesti-19-milijuna-putnika-manje-nego-lani\/#primaryimage"},"image":{"@id":"https:\/\/radioljubuski.ba\/index.php\/2022\/07\/26\/ruske-aviokompanije-ce-zbog-sankcija-prevesti-19-milijuna-putnika-manje-nego-lani\/#primaryimage"},"thumbnailUrl":"https:\/\/radioljubuski.ba\/wp-content\/uploads\/2022\/07\/10-2022-07-25-15-06-33-Snimka-zaslona-2022-07-25-150547.jpg","datePublished":"2022-07-26T10:09:19+00:00","dateModified":"2022-07-26T10:09:20+00:00","breadcrumb":{"@id":"https:\/\/radioljubuski.ba\/index.php\/2022\/07\/26\/ruske-aviokompanije-ce-zbog-sankcija-prevesti-19-milijuna-putnika-manje-nego-lani\/#breadcrumb"},"inLanguage":"hr","potentialAction":[{"@type":"ReadAction","target":["https:\/\/radioljubuski.ba\/index.php\/2022\/07\/26\/ruske-aviokompanije-ce-zbog-sankcija-prevesti-19-milijuna-putnika-manje-nego-lani\/"]}]},{"@type":"ImageObject","inLanguage":"hr","@id":"https:\/\/radioljubuski.ba\/index.php\/2022\/07\/26\/ruske-aviokompanije-ce-zbog-sankcija-prevesti-19-milijuna-putnika-manje-nego-lani\/#primaryimage","url":"https:\/\/radioljubuski.ba\/wp-content\/uploads\/2022\/07\/10-2022-07-25-15-06-33-Snimka-zaslona-2022-07-25-150547.jpg","contentUrl":"https:\/\/radioljubuski.ba\/wp-content\/uploads\/2022\/07\/10-2022-07-25-15-06-33-Snimka-zaslona-2022-07-25-150547.jpg","width":1000,"height":625},{"@type":"BreadcrumbList","@id":"https:\/\/radioljubuski.ba\/index.php\/2022\/07\/26\/ruske-aviokompanije-ce-zbog-sankcija-prevesti-19-milijuna-putnika-manje-nego-lani\/#breadcrumb","itemListElement":[{"@type":"ListItem","position":1,"name":"Po\u010detna stranica","item":"https:\/\/radioljubuski.ba\/"},{"@type":"ListItem","position":2,"name":"Ruske aviokompanije \u0107e zbog sankcija prevesti 19 milijuna putnika manje nego lani"}]},{"@type":"WebSite","@id":"https:\/\/radioljubuski.ba\/#website","url":"https:\/\/radioljubuski.ba\/","name":"Radio Ljubu\u0161ki","description":"Sun\u010dana frekvencija Hercegovine","publisher":{"@id":"https:\/\/radioljubuski.ba\/#organization"},"potentialAction":[{"@type":"SearchAction","target":{"@type":"EntryPoint","urlTemplate":"https:\/\/radioljubuski.ba\/?s={search_term_string}"},"query-input":{"@type":"PropertyValueSpecification","valueRequired":true,"valueName":"search_term_string"}}],"inLanguage":"hr"},{"@type":"Organization","@id":"https:\/\/radioljubuski.ba\/#organization","name":"Radio Ljubu\u0161ki","url":"https:\/\/radioljubuski.ba\/","logo":{"@type":"ImageObject","inLanguage":"hr","@id":"https:\/\/radioljubuski.ba\/#\/schema\/logo\/image\/","url":"https:\/\/radioljubuski.ba\/wp-content\/uploads\/2021\/02\/cropped-Radio_Ljubuski_logo1.jpg","contentUrl":"https:\/\/radioljubuski.ba\/wp-content\/uploads\/2021\/02\/cropped-Radio_Ljubuski_logo1.jpg","width":512,"height":512,"caption":"Radio Ljubu\u0161ki"},"image":{"@id":"https:\/\/radioljubuski.ba\/#\/schema\/logo\/image\/"},"sameAs":["https:\/\/www.facebook.com\/Radiio-Ljubuski-1490835324566332","https:\/\/x.com\/radioljubuski","https:\/\/hr.linkedin.com\/company\/radio-ljubuski","https:\/\/www.youtube.com\/channel\/UCHYaeO_n0Db3tjNGudGpXyw"]},{"@type":"Person","@id":"https:\/\/radioljubuski.ba\/#\/schema\/person\/19fc700381a780f69665d7956c469e3b","name":"Radio Ljubu\u0161ki"}]}},"_links":{"self":[{"href":"https:\/\/radioljubuski.ba\/index.php\/wp-json\/wp\/v2\/posts\/163524","targetHints":{"allow":["GET"]}}],"collection":[{"href":"https:\/\/radioljubuski.ba\/index.php\/wp-json\/wp\/v2\/posts"}],"about":[{"href":"https:\/\/radioljubuski.ba\/index.php\/wp-json\/wp\/v2\/types\/post"}],"author":[{"embeddable":true,"href":"https:\/\/radioljubuski.ba\/index.php\/wp-json\/wp\/v2\/users\/2"}],"replies":[{"embeddable":true,"href":"https:\/\/radioljubuski.ba\/index.php\/wp-json\/wp\/v2\/comments?post=163524"}],"version-history":[{"count":1,"href":"https:\/\/radioljubuski.ba\/index.php\/wp-json\/wp\/v2\/posts\/163524\/revisions"}],"predecessor-version":[{"id":163527,"href":"https:\/\/radioljubuski.ba\/index.php\/wp-json\/wp\/v2\/posts\/163524\/revisions\/163527"}],"wp:featuredmedia":[{"embeddable":true,"href":"https:\/\/radioljubuski.ba\/index.php\/wp-json\/wp\/v2\/media\/163526"}],"wp:attachment":[{"href":"https:\/\/radioljubuski.ba\/index.php\/wp-json\/wp\/v2\/media?parent=163524"}],"wp:term":[{"taxonomy":"category","embeddable":true,"href":"https:\/\/radioljubuski.ba\/index.php\/wp-json\/wp\/v2\/categories?post=163524"},{"taxonomy":"post_tag","embeddable":true,"href":"https:\/\/radioljubuski.ba\/index.php\/wp-json\/wp\/v2\/tags?post=163524"}],"curies":[{"name":"wp","href":"https:\/\/api.w.org\/{rel}","templated":true}]}}