{"id":163536,"date":"2022-07-26T11:16:32","date_gmt":"2022-07-26T10:16:32","guid":{"rendered":"https:\/\/radioljubuski.ba\/?p=163536"},"modified":"2022-07-26T11:16:34","modified_gmt":"2022-07-26T10:16:34","slug":"u-brisevu-su-ubijane-citave-hrvatske-obitelji","status":"publish","type":"post","link":"https:\/\/radioljubuski.ba\/index.php\/2022\/07\/26\/u-brisevu-su-ubijane-citave-hrvatske-obitelji\/","title":{"rendered":"U Bri\u0161evu su ubijane \u010ditave hrvatske obitelji"},"content":{"rendered":"\n<p>Vreli srpanjski dani vrijeme su kada se Hrvati Prijedora s bolom u srcu prisje\u0107aju stra\u0161nih zlo\u010dina koje su nad njihovim najmilijima po\u010dinili pripadnici Vojske Republike Srpske, a upravo u dva dana-24. i 25. srpnja 1992. godine dogodio se najmasovniji zlo\u010din nad Hrvatima u BiH-pokolj u selu Bri\u0161evo.<\/p>\n\n\n\n<p>Danas, 30 godina kasnije pre\u017eivjeli mje\u0161tani, rodbina i prijatelji i dalje postavljaju isto pitanje kao i toga srpnja 1992.-zbog \u010dega je zvijersko ubijeno 67 mje\u0161tana hrvatske nacionalnosti, \u017eena djece i staraca te kada \u0107e odgovorni, kako nalogodavci, tako i po\u010dinitelji, biti izvedeni pred lice pravde.<\/p>\n\n\n\n<p>Nekada bogato selo sada je u ru\u0161evinama, no ju\u010der je na trenutak ponovno o\u017eivjelo zahvaljuju\u0107i svima onima koji su \u017eeljeli svojim dolaskom odati po\u010dast nevinim \u017ertvama. Svetu misu prevodio je banjalu\u010dki biskup mons. Franjo Komarica, a na njoj se na\u0161ao veliki broj onih koje srce vu\u010de rodnoj grudi, kao i onih koji su \u017eeljeli biti uz svoje sunarodnjake.<\/p>\n\n\n\n<p>Na obilje\u017eavanju su i bili politi\u010dki predsjednici hrvatskog naroda u BiH-ministar pravde Josip Grube\u0161a, izaslanik u Klubu Hrvata u federalnom Domu naroda Ilija Naki\u0107 kao i Davor Pranji\u0107, predsjednik Gradskog odbora HDZ-a BiH u Banjoj Luci, kandidat HDZ-a BiH za potpredsjednika Republike Srpske na listopadskim op\u0107im izborima.<\/p>\n\n\n\n<p>Selo koje nije predstavljalo vojnu metu niti je na bilo koji na\u010din bilo prijetnja ipak se na\u0161lo na putu zvjerskog pohoda 5. Kozara\u010dke brigade i 6. Kraji\u0161ke brigade iz Sanskog Mosta, a u stra\u0161nom zlo\u010dinu smaknute su \u010ditave obitelji Bri\u0161eva: Matanovi\u0107a 13, Buzuka 10, Ivandi\u0107a devetero, Marijana sedmero, Mlinara i Komljena po petero&#8230;<\/p>\n\n\n\n<p>U pokolju su, pi\u0161e Nedjelja.ba npr. ubijeni i otac Mladen Matanovi\u0107, te dva sina: 16- godi\u0161nji Ervin i 18-godi\u0161nji Johan Matanovi\u0107. Pre\u017eivjeli svjedoci tvrde da su zlo\u010dini stra\u0161ni i da su u njima stradale cijele obitelji. Prije ubojstva gotovo sve \u017eene su silovane, a mu\u0161karci masakrirani&#8230;<\/p>\n\n\n\n<p>Najmla\u0111a \u017ertva bio je 14-godi\u0161nji Ervin Matanovi\u0107, a najstarija 81-godi\u0161nji Stipo Dima\u010d. Danas u Bri\u0161evu, nekada bogatom selu koje je bilo dio \u017eupe u kojoj je \u017eivjelo 1500 \u017eupljana, \u017eivi tek nekoliko Hrvata. Rodbina i potomci ubijenih i ove su godine, kao i svih godina do sada, odali po\u010dast svojim najmilijima, a s mjesta stradanja Hrvata uputili su i apel kojim \u017eele skrenuti pozornost na ono \u0161to se doga\u0111alo u Bri\u0161evu, ali i diljem prijedorske op\u0107ine te pozvati pravosudne institucije da kona\u010dno stave to\u010dku na i kada je rije\u010d o procesuiranju odgovornih.<\/p>\n\n\n\n<figure class=\"wp-block-embed is-type-wp-embed is-provider-radio-ljubuski wp-block-embed-radio-ljubuski\"><div class=\"wp-block-embed__wrapper\">\n<blockquote class=\"wp-embedded-content\" data-secret=\"VzhU6Q71ci\"><a href=\"https:\/\/radioljubuski.ba\/index.php\/2022\/07\/25\/najveci-zlocin-nad-hrvatima-u-bih-u-selu-izbrisanoga-imena-zvjerski-je-ubijeno-67-hrvata\/\">Najve\u0107i zlo\u010din nad Hrvatima u BiH: U selu &#8220;izbrisanoga&#8221; imena zvjerski je ubijeno 67 Hrvata<\/a><\/blockquote><iframe loading=\"lazy\" class=\"wp-embedded-content\" sandbox=\"allow-scripts\" security=\"restricted\" style=\"position: absolute; clip: rect(1px, 1px, 1px, 1px);\" title=\"&#8220;Najve\u0107i zlo\u010din nad Hrvatima u BiH: U selu &#8220;izbrisanoga&#8221; imena zvjerski je ubijeno 67 Hrvata&#8221; &#8212;   RADIO LJUBU\u0160KI\" src=\"https:\/\/radioljubuski.ba\/index.php\/2022\/07\/25\/najveci-zlocin-nad-hrvatima-u-bih-u-selu-izbrisanoga-imena-zvjerski-je-ubijeno-67-hrvata\/embed\/#?secret=3FolP5hhrB#?secret=VzhU6Q71ci\" data-secret=\"VzhU6Q71ci\" width=\"600\" height=\"338\" frameborder=\"0\" marginwidth=\"0\" marginheight=\"0\" scrolling=\"no\"><\/iframe>\n<\/div><\/figure>\n\n\n\n<p>Izvor:vecernji.ba<\/p>\n","protected":false},"excerpt":{"rendered":"<p>Vreli srpanjski dani vrijeme su kada se Hrvati Prijedora s bolom u srcu prisje\u0107aju stra\u0161nih zlo\u010dina koje su nad njihovim najmilijima po\u010dinili pripadnici Vojske Republike Srpske, a upravo u dva dana-24. i 25. srpnja 1992. godine dogodio se najmasovniji zlo\u010din nad Hrvatima u BiH-pokolj u selu Bri\u0161evo. Danas, 30 godina kasnije pre\u017eivjeli mje\u0161tani, rodbina i [&hellip;]<\/p>\n","protected":false},"author":2,"featured_media":163537,"comment_status":"closed","ping_status":"closed","sticky":false,"template":"","format":"standard","meta":{"h5ap_radio_sources":[],"footnotes":""},"categories":[1],"tags":[],"class_list":["post-163536","post","type-post","status-publish","format-standard","has-post-thumbnail","hentry","category-bihiregija"],"yoast_head":"<!-- This site is optimized with the Yoast SEO plugin v27.5 - https:\/\/yoast.com\/product\/yoast-seo-wordpress\/ -->\n<title>U Bri\u0161evu su ubijane \u010ditave hrvatske obitelji - RADIO LJUBU\u0160KI<\/title>\n<meta name=\"robots\" content=\"index, follow, max-snippet:-1, max-image-preview:large, max-video-preview:-1\" \/>\n<link rel=\"canonical\" href=\"https:\/\/radioljubuski.ba\/index.php\/2022\/07\/26\/u-brisevu-su-ubijane-citave-hrvatske-obitelji\/\" \/>\n<meta property=\"og:locale\" content=\"hr_HR\" \/>\n<meta property=\"og:type\" content=\"article\" \/>\n<meta property=\"og:title\" content=\"U Bri\u0161evu su ubijane \u010ditave hrvatske obitelji - RADIO LJUBU\u0160KI\" \/>\n<meta property=\"og:description\" content=\"Vreli srpanjski dani vrijeme su kada se Hrvati Prijedora s bolom u srcu prisje\u0107aju stra\u0161nih zlo\u010dina koje su nad njihovim najmilijima po\u010dinili pripadnici Vojske Republike Srpske, a upravo u dva dana-24. i 25. srpnja 1992. godine dogodio se najmasovniji zlo\u010din nad Hrvatima u BiH-pokolj u selu Bri\u0161evo. Danas, 30 godina kasnije pre\u017eivjeli mje\u0161tani, rodbina i [&hellip;]\" \/>\n<meta property=\"og:url\" content=\"https:\/\/radioljubuski.ba\/index.php\/2022\/07\/26\/u-brisevu-su-ubijane-citave-hrvatske-obitelji\/\" \/>\n<meta property=\"og:site_name\" content=\"RADIO LJUBU\u0160KI\" \/>\n<meta property=\"article:publisher\" content=\"https:\/\/www.facebook.com\/Radiio-Ljubuski-1490835324566332\" \/>\n<meta property=\"article:published_time\" content=\"2022-07-26T10:16:32+00:00\" \/>\n<meta property=\"article:modified_time\" content=\"2022-07-26T10:16:34+00:00\" \/>\n<meta property=\"og:image\" content=\"https:\/\/radioljubuski.ba\/wp-content\/uploads\/2022\/07\/10-2022-07-25-15-36-04-Snimka-zaslona-2022-07-25-153553.jpg\" \/>\n\t<meta property=\"og:image:width\" content=\"1000\" \/>\n\t<meta property=\"og:image:height\" content=\"625\" \/>\n\t<meta property=\"og:image:type\" content=\"image\/jpeg\" \/>\n<meta name=\"author\" content=\"Radio Ljubu\u0161ki\" \/>\n<meta name=\"twitter:card\" content=\"summary_large_image\" \/>\n<meta name=\"twitter:creator\" content=\"@radioljubuski\" \/>\n<meta name=\"twitter:site\" content=\"@radioljubuski\" \/>\n<meta name=\"twitter:label1\" content=\"Napisao\/la\" \/>\n\t<meta name=\"twitter:data1\" content=\"Radio Ljubu\u0161ki\" \/>\n\t<meta name=\"twitter:label2\" content=\"Procijenjeno vrijeme \u010ditanja\" \/>\n\t<meta name=\"twitter:data2\" content=\"2 minute\" \/>\n<script type=\"application\/ld+json\" class=\"yoast-schema-graph\">{\"@context\":\"https:\\\/\\\/schema.org\",\"@graph\":[{\"@type\":\"Article\",\"@id\":\"https:\\\/\\\/radioljubuski.ba\\\/index.php\\\/2022\\\/07\\\/26\\\/u-brisevu-su-ubijane-citave-hrvatske-obitelji\\\/#article\",\"isPartOf\":{\"@id\":\"https:\\\/\\\/radioljubuski.ba\\\/index.php\\\/2022\\\/07\\\/26\\\/u-brisevu-su-ubijane-citave-hrvatske-obitelji\\\/\"},\"author\":{\"name\":\"Radio Ljubu\u0161ki\",\"@id\":\"https:\\\/\\\/radioljubuski.ba\\\/#\\\/schema\\\/person\\\/19fc700381a780f69665d7956c469e3b\"},\"headline\":\"U Bri\u0161evu su ubijane \u010ditave hrvatske obitelji\",\"datePublished\":\"2022-07-26T10:16:32+00:00\",\"dateModified\":\"2022-07-26T10:16:34+00:00\",\"mainEntityOfPage\":{\"@id\":\"https:\\\/\\\/radioljubuski.ba\\\/index.php\\\/2022\\\/07\\\/26\\\/u-brisevu-su-ubijane-citave-hrvatske-obitelji\\\/\"},\"wordCount\":446,\"publisher\":{\"@id\":\"https:\\\/\\\/radioljubuski.ba\\\/#organization\"},\"image\":{\"@id\":\"https:\\\/\\\/radioljubuski.ba\\\/index.php\\\/2022\\\/07\\\/26\\\/u-brisevu-su-ubijane-citave-hrvatske-obitelji\\\/#primaryimage\"},\"thumbnailUrl\":\"https:\\\/\\\/radioljubuski.ba\\\/wp-content\\\/uploads\\\/2022\\\/07\\\/10-2022-07-25-15-36-04-Snimka-zaslona-2022-07-25-153553.jpg\",\"articleSection\":[\"BIH i regija\"],\"inLanguage\":\"hr\"},{\"@type\":\"WebPage\",\"@id\":\"https:\\\/\\\/radioljubuski.ba\\\/index.php\\\/2022\\\/07\\\/26\\\/u-brisevu-su-ubijane-citave-hrvatske-obitelji\\\/\",\"url\":\"https:\\\/\\\/radioljubuski.ba\\\/index.php\\\/2022\\\/07\\\/26\\\/u-brisevu-su-ubijane-citave-hrvatske-obitelji\\\/\",\"name\":\"U Bri\u0161evu su ubijane \u010ditave hrvatske obitelji - RADIO LJUBU\u0160KI\",\"isPartOf\":{\"@id\":\"https:\\\/\\\/radioljubuski.ba\\\/#website\"},\"primaryImageOfPage\":{\"@id\":\"https:\\\/\\\/radioljubuski.ba\\\/index.php\\\/2022\\\/07\\\/26\\\/u-brisevu-su-ubijane-citave-hrvatske-obitelji\\\/#primaryimage\"},\"image\":{\"@id\":\"https:\\\/\\\/radioljubuski.ba\\\/index.php\\\/2022\\\/07\\\/26\\\/u-brisevu-su-ubijane-citave-hrvatske-obitelji\\\/#primaryimage\"},\"thumbnailUrl\":\"https:\\\/\\\/radioljubuski.ba\\\/wp-content\\\/uploads\\\/2022\\\/07\\\/10-2022-07-25-15-36-04-Snimka-zaslona-2022-07-25-153553.jpg\",\"datePublished\":\"2022-07-26T10:16:32+00:00\",\"dateModified\":\"2022-07-26T10:16:34+00:00\",\"breadcrumb\":{\"@id\":\"https:\\\/\\\/radioljubuski.ba\\\/index.php\\\/2022\\\/07\\\/26\\\/u-brisevu-su-ubijane-citave-hrvatske-obitelji\\\/#breadcrumb\"},\"inLanguage\":\"hr\",\"potentialAction\":[{\"@type\":\"ReadAction\",\"target\":[\"https:\\\/\\\/radioljubuski.ba\\\/index.php\\\/2022\\\/07\\\/26\\\/u-brisevu-su-ubijane-citave-hrvatske-obitelji\\\/\"]}]},{\"@type\":\"ImageObject\",\"inLanguage\":\"hr\",\"@id\":\"https:\\\/\\\/radioljubuski.ba\\\/index.php\\\/2022\\\/07\\\/26\\\/u-brisevu-su-ubijane-citave-hrvatske-obitelji\\\/#primaryimage\",\"url\":\"https:\\\/\\\/radioljubuski.ba\\\/wp-content\\\/uploads\\\/2022\\\/07\\\/10-2022-07-25-15-36-04-Snimka-zaslona-2022-07-25-153553.jpg\",\"contentUrl\":\"https:\\\/\\\/radioljubuski.ba\\\/wp-content\\\/uploads\\\/2022\\\/07\\\/10-2022-07-25-15-36-04-Snimka-zaslona-2022-07-25-153553.jpg\",\"width\":1000,\"height\":625},{\"@type\":\"BreadcrumbList\",\"@id\":\"https:\\\/\\\/radioljubuski.ba\\\/index.php\\\/2022\\\/07\\\/26\\\/u-brisevu-su-ubijane-citave-hrvatske-obitelji\\\/#breadcrumb\",\"itemListElement\":[{\"@type\":\"ListItem\",\"position\":1,\"name\":\"Po\u010detna stranica\",\"item\":\"https:\\\/\\\/radioljubuski.ba\\\/\"},{\"@type\":\"ListItem\",\"position\":2,\"name\":\"U Bri\u0161evu su ubijane \u010ditave hrvatske obitelji\"}]},{\"@type\":\"WebSite\",\"@id\":\"https:\\\/\\\/radioljubuski.ba\\\/#website\",\"url\":\"https:\\\/\\\/radioljubuski.ba\\\/\",\"name\":\"Radio Ljubu\u0161ki\",\"description\":\"Sun\u010dana frekvencija Hercegovine\",\"publisher\":{\"@id\":\"https:\\\/\\\/radioljubuski.ba\\\/#organization\"},\"potentialAction\":[{\"@type\":\"SearchAction\",\"target\":{\"@type\":\"EntryPoint\",\"urlTemplate\":\"https:\\\/\\\/radioljubuski.ba\\\/?s={search_term_string}\"},\"query-input\":{\"@type\":\"PropertyValueSpecification\",\"valueRequired\":true,\"valueName\":\"search_term_string\"}}],\"inLanguage\":\"hr\"},{\"@type\":\"Organization\",\"@id\":\"https:\\\/\\\/radioljubuski.ba\\\/#organization\",\"name\":\"Radio Ljubu\u0161ki\",\"url\":\"https:\\\/\\\/radioljubuski.ba\\\/\",\"logo\":{\"@type\":\"ImageObject\",\"inLanguage\":\"hr\",\"@id\":\"https:\\\/\\\/radioljubuski.ba\\\/#\\\/schema\\\/logo\\\/image\\\/\",\"url\":\"https:\\\/\\\/radioljubuski.ba\\\/wp-content\\\/uploads\\\/2021\\\/02\\\/cropped-Radio_Ljubuski_logo1.jpg\",\"contentUrl\":\"https:\\\/\\\/radioljubuski.ba\\\/wp-content\\\/uploads\\\/2021\\\/02\\\/cropped-Radio_Ljubuski_logo1.jpg\",\"width\":512,\"height\":512,\"caption\":\"Radio Ljubu\u0161ki\"},\"image\":{\"@id\":\"https:\\\/\\\/radioljubuski.ba\\\/#\\\/schema\\\/logo\\\/image\\\/\"},\"sameAs\":[\"https:\\\/\\\/www.facebook.com\\\/Radiio-Ljubuski-1490835324566332\",\"https:\\\/\\\/x.com\\\/radioljubuski\",\"https:\\\/\\\/hr.linkedin.com\\\/company\\\/radio-ljubuski\",\"https:\\\/\\\/www.youtube.com\\\/channel\\\/UCHYaeO_n0Db3tjNGudGpXyw\"]},{\"@type\":\"Person\",\"@id\":\"https:\\\/\\\/radioljubuski.ba\\\/#\\\/schema\\\/person\\\/19fc700381a780f69665d7956c469e3b\",\"name\":\"Radio Ljubu\u0161ki\"}]}<\/script>\n<!-- \/ Yoast SEO plugin. -->","yoast_head_json":{"title":"U Bri\u0161evu su ubijane \u010ditave hrvatske obitelji - RADIO LJUBU\u0160KI","robots":{"index":"index","follow":"follow","max-snippet":"max-snippet:-1","max-image-preview":"max-image-preview:large","max-video-preview":"max-video-preview:-1"},"canonical":"https:\/\/radioljubuski.ba\/index.php\/2022\/07\/26\/u-brisevu-su-ubijane-citave-hrvatske-obitelji\/","og_locale":"hr_HR","og_type":"article","og_title":"U Bri\u0161evu su ubijane \u010ditave hrvatske obitelji - RADIO LJUBU\u0160KI","og_description":"Vreli srpanjski dani vrijeme su kada se Hrvati Prijedora s bolom u srcu prisje\u0107aju stra\u0161nih zlo\u010dina koje su nad njihovim najmilijima po\u010dinili pripadnici Vojske Republike Srpske, a upravo u dva dana-24. i 25. srpnja 1992. godine dogodio se najmasovniji zlo\u010din nad Hrvatima u BiH-pokolj u selu Bri\u0161evo. Danas, 30 godina kasnije pre\u017eivjeli mje\u0161tani, rodbina i [&hellip;]","og_url":"https:\/\/radioljubuski.ba\/index.php\/2022\/07\/26\/u-brisevu-su-ubijane-citave-hrvatske-obitelji\/","og_site_name":"RADIO LJUBU\u0160KI","article_publisher":"https:\/\/www.facebook.com\/Radiio-Ljubuski-1490835324566332","article_published_time":"2022-07-26T10:16:32+00:00","article_modified_time":"2022-07-26T10:16:34+00:00","og_image":[{"width":1000,"height":625,"url":"https:\/\/radioljubuski.ba\/wp-content\/uploads\/2022\/07\/10-2022-07-25-15-36-04-Snimka-zaslona-2022-07-25-153553.jpg","type":"image\/jpeg"}],"author":"Radio Ljubu\u0161ki","twitter_card":"summary_large_image","twitter_creator":"@radioljubuski","twitter_site":"@radioljubuski","twitter_misc":{"Napisao\/la":"Radio Ljubu\u0161ki","Procijenjeno vrijeme \u010ditanja":"2 minute"},"schema":{"@context":"https:\/\/schema.org","@graph":[{"@type":"Article","@id":"https:\/\/radioljubuski.ba\/index.php\/2022\/07\/26\/u-brisevu-su-ubijane-citave-hrvatske-obitelji\/#article","isPartOf":{"@id":"https:\/\/radioljubuski.ba\/index.php\/2022\/07\/26\/u-brisevu-su-ubijane-citave-hrvatske-obitelji\/"},"author":{"name":"Radio Ljubu\u0161ki","@id":"https:\/\/radioljubuski.ba\/#\/schema\/person\/19fc700381a780f69665d7956c469e3b"},"headline":"U Bri\u0161evu su ubijane \u010ditave hrvatske obitelji","datePublished":"2022-07-26T10:16:32+00:00","dateModified":"2022-07-26T10:16:34+00:00","mainEntityOfPage":{"@id":"https:\/\/radioljubuski.ba\/index.php\/2022\/07\/26\/u-brisevu-su-ubijane-citave-hrvatske-obitelji\/"},"wordCount":446,"publisher":{"@id":"https:\/\/radioljubuski.ba\/#organization"},"image":{"@id":"https:\/\/radioljubuski.ba\/index.php\/2022\/07\/26\/u-brisevu-su-ubijane-citave-hrvatske-obitelji\/#primaryimage"},"thumbnailUrl":"https:\/\/radioljubuski.ba\/wp-content\/uploads\/2022\/07\/10-2022-07-25-15-36-04-Snimka-zaslona-2022-07-25-153553.jpg","articleSection":["BIH i regija"],"inLanguage":"hr"},{"@type":"WebPage","@id":"https:\/\/radioljubuski.ba\/index.php\/2022\/07\/26\/u-brisevu-su-ubijane-citave-hrvatske-obitelji\/","url":"https:\/\/radioljubuski.ba\/index.php\/2022\/07\/26\/u-brisevu-su-ubijane-citave-hrvatske-obitelji\/","name":"U Bri\u0161evu su ubijane \u010ditave hrvatske obitelji - RADIO LJUBU\u0160KI","isPartOf":{"@id":"https:\/\/radioljubuski.ba\/#website"},"primaryImageOfPage":{"@id":"https:\/\/radioljubuski.ba\/index.php\/2022\/07\/26\/u-brisevu-su-ubijane-citave-hrvatske-obitelji\/#primaryimage"},"image":{"@id":"https:\/\/radioljubuski.ba\/index.php\/2022\/07\/26\/u-brisevu-su-ubijane-citave-hrvatske-obitelji\/#primaryimage"},"thumbnailUrl":"https:\/\/radioljubuski.ba\/wp-content\/uploads\/2022\/07\/10-2022-07-25-15-36-04-Snimka-zaslona-2022-07-25-153553.jpg","datePublished":"2022-07-26T10:16:32+00:00","dateModified":"2022-07-26T10:16:34+00:00","breadcrumb":{"@id":"https:\/\/radioljubuski.ba\/index.php\/2022\/07\/26\/u-brisevu-su-ubijane-citave-hrvatske-obitelji\/#breadcrumb"},"inLanguage":"hr","potentialAction":[{"@type":"ReadAction","target":["https:\/\/radioljubuski.ba\/index.php\/2022\/07\/26\/u-brisevu-su-ubijane-citave-hrvatske-obitelji\/"]}]},{"@type":"ImageObject","inLanguage":"hr","@id":"https:\/\/radioljubuski.ba\/index.php\/2022\/07\/26\/u-brisevu-su-ubijane-citave-hrvatske-obitelji\/#primaryimage","url":"https:\/\/radioljubuski.ba\/wp-content\/uploads\/2022\/07\/10-2022-07-25-15-36-04-Snimka-zaslona-2022-07-25-153553.jpg","contentUrl":"https:\/\/radioljubuski.ba\/wp-content\/uploads\/2022\/07\/10-2022-07-25-15-36-04-Snimka-zaslona-2022-07-25-153553.jpg","width":1000,"height":625},{"@type":"BreadcrumbList","@id":"https:\/\/radioljubuski.ba\/index.php\/2022\/07\/26\/u-brisevu-su-ubijane-citave-hrvatske-obitelji\/#breadcrumb","itemListElement":[{"@type":"ListItem","position":1,"name":"Po\u010detna stranica","item":"https:\/\/radioljubuski.ba\/"},{"@type":"ListItem","position":2,"name":"U Bri\u0161evu su ubijane \u010ditave hrvatske obitelji"}]},{"@type":"WebSite","@id":"https:\/\/radioljubuski.ba\/#website","url":"https:\/\/radioljubuski.ba\/","name":"Radio Ljubu\u0161ki","description":"Sun\u010dana frekvencija Hercegovine","publisher":{"@id":"https:\/\/radioljubuski.ba\/#organization"},"potentialAction":[{"@type":"SearchAction","target":{"@type":"EntryPoint","urlTemplate":"https:\/\/radioljubuski.ba\/?s={search_term_string}"},"query-input":{"@type":"PropertyValueSpecification","valueRequired":true,"valueName":"search_term_string"}}],"inLanguage":"hr"},{"@type":"Organization","@id":"https:\/\/radioljubuski.ba\/#organization","name":"Radio Ljubu\u0161ki","url":"https:\/\/radioljubuski.ba\/","logo":{"@type":"ImageObject","inLanguage":"hr","@id":"https:\/\/radioljubuski.ba\/#\/schema\/logo\/image\/","url":"https:\/\/radioljubuski.ba\/wp-content\/uploads\/2021\/02\/cropped-Radio_Ljubuski_logo1.jpg","contentUrl":"https:\/\/radioljubuski.ba\/wp-content\/uploads\/2021\/02\/cropped-Radio_Ljubuski_logo1.jpg","width":512,"height":512,"caption":"Radio Ljubu\u0161ki"},"image":{"@id":"https:\/\/radioljubuski.ba\/#\/schema\/logo\/image\/"},"sameAs":["https:\/\/www.facebook.com\/Radiio-Ljubuski-1490835324566332","https:\/\/x.com\/radioljubuski","https:\/\/hr.linkedin.com\/company\/radio-ljubuski","https:\/\/www.youtube.com\/channel\/UCHYaeO_n0Db3tjNGudGpXyw"]},{"@type":"Person","@id":"https:\/\/radioljubuski.ba\/#\/schema\/person\/19fc700381a780f69665d7956c469e3b","name":"Radio Ljubu\u0161ki"}]}},"_links":{"self":[{"href":"https:\/\/radioljubuski.ba\/index.php\/wp-json\/wp\/v2\/posts\/163536","targetHints":{"allow":["GET"]}}],"collection":[{"href":"https:\/\/radioljubuski.ba\/index.php\/wp-json\/wp\/v2\/posts"}],"about":[{"href":"https:\/\/radioljubuski.ba\/index.php\/wp-json\/wp\/v2\/types\/post"}],"author":[{"embeddable":true,"href":"https:\/\/radioljubuski.ba\/index.php\/wp-json\/wp\/v2\/users\/2"}],"replies":[{"embeddable":true,"href":"https:\/\/radioljubuski.ba\/index.php\/wp-json\/wp\/v2\/comments?post=163536"}],"version-history":[{"count":1,"href":"https:\/\/radioljubuski.ba\/index.php\/wp-json\/wp\/v2\/posts\/163536\/revisions"}],"predecessor-version":[{"id":163538,"href":"https:\/\/radioljubuski.ba\/index.php\/wp-json\/wp\/v2\/posts\/163536\/revisions\/163538"}],"wp:featuredmedia":[{"embeddable":true,"href":"https:\/\/radioljubuski.ba\/index.php\/wp-json\/wp\/v2\/media\/163537"}],"wp:attachment":[{"href":"https:\/\/radioljubuski.ba\/index.php\/wp-json\/wp\/v2\/media?parent=163536"}],"wp:term":[{"taxonomy":"category","embeddable":true,"href":"https:\/\/radioljubuski.ba\/index.php\/wp-json\/wp\/v2\/categories?post=163536"},{"taxonomy":"post_tag","embeddable":true,"href":"https:\/\/radioljubuski.ba\/index.php\/wp-json\/wp\/v2\/tags?post=163536"}],"curies":[{"name":"wp","href":"https:\/\/api.w.org\/{rel}","templated":true}]}}