{"id":163539,"date":"2022-07-26T11:17:38","date_gmt":"2022-07-26T10:17:38","guid":{"rendered":"https:\/\/radioljubuski.ba\/?p=163539"},"modified":"2022-07-26T11:17:39","modified_gmt":"2022-07-26T10:17:39","slug":"cetvorica-hrvatskih-branitelja-iz-varazdina-pjesice-stigla-do-peljeskog-mosta","status":"publish","type":"post","link":"https:\/\/radioljubuski.ba\/index.php\/2022\/07\/26\/cetvorica-hrvatskih-branitelja-iz-varazdina-pjesice-stigla-do-peljeskog-mosta\/","title":{"rendered":"\u010cetvorica hrvatskih branitelja iz Vara\u017edina pje\u0161ice stigla do Pelje\u0161kog mosta"},"content":{"rendered":"\n<p>Nakon 1100 kilometara puta, \u010detvorica hrvatskih branitelja iz Vara\u017edina u ponedjeljak su od Vukovara pje\u0161ice stigla do Pelje\u0161kog mosta, koji&nbsp;\u0107e prije\u0107i u utorak, na dan otvorenja, a na brdu Rabi&nbsp;do\u010dekao ih je vara\u017edinski \u017eupan An\u0111elko Stri\u010dak.<\/p>\n\n\n\n<p>Hrvatski branitelji, veterani, \u010dasnici i do\u010dasnici Hrvatske vojske u mirovini Nenad Kamenar, Bo\u017eidar Sambolec, Miljenko Varga i Krasnodar \u0160poljari\u0107 prije ne\u0161to vi\u0161e od mjesec dana uputili su se pje\u0161ice od Vukovara preko Vara\u017edina i Zagreba do Pelje\u0161kog mosta, priop\u0107ili su iz Vara\u017edinske \u017eupanije. Dodali su da je \u017eelja branitelja bila tako&nbsp;obilje\u017eiti otvorenje&nbsp;Pelje\u0161kog mosta i kona\u010dno spajanje cestom istoka i juga Hrvatske.<\/p>\n\n\n\n<p>Idejni za\u010detnik i voditelj akcije Nenad Kamenar istaknuo je da svojim pje\u0161a\u010denjem \u017eeljeli odati po\u010dast poginulim hrvatskim braniteljima.<\/p>\n\n\n\n<p>\u201e\u017deljeli smo odati po\u010dast onima koji su sanjali ovaj trenutak, ali ga nisu do\u010dekali, kao i svima onima koji se jo\u0161 vode kao nestali, njihovim obiteljima, i podsjetiti \u0161iru javnost na njihov nemjerljiv doprinos u Domovinskom ratu\u201c, rekao je Kamenar.<\/p>\n\n\n\n<p>Svakodnevno su pje\u0161a\u010dili od 20 do 30 kilometara, a Bo\u017eidar Sambolec je rekao da su se morali naviknuti na vru\u0107inu&nbsp;od sunca i u\u017earenog asfalta. Krasnodar \u0160poljari\u0107 rekao&nbsp;je kako se sad nadomak Pelje\u0161kog mosta osje\u0107aju ponovno kao da imaju 20 godina, koliko su imali kada su 90-ih krenuli u obranu Domovine. Miljenko Varga je podsjetio&nbsp;da su im stanovnici gradova i mjesta kroz koja su prolazili dizali moral i davali potporu.<\/p>\n\n\n\n<p>Do\u010dekav\u0161i branitelje na brdu Rabi, vara\u017edinski \u017eupan An\u0111elko Stri\u010dak je rekao da je njihov pothvat bio pitanje snage, volje, ljubavi i po\u0161tovanja u spomen na doprinos vara\u017edinskih branitelja u obrani, oslobo\u0111enju i stvaranju Domovine.<\/p>\n\n\n\n<p>\u201eBolje prigode za jedan takav pothvat&nbsp;kao \u0161to je otvorenje Pelje\u0161kog mosta&nbsp;nema. Sutra se kona\u010dno cestovno spajaju sjever i jug Hrvatske\u201c, istaknuo&nbsp;je \u017eupan Stri\u010dak i pritom \u010destitao&nbsp;braniteljima te&nbsp;zahvalio&nbsp;svima koji su im logisti\u010dki pomagali u pripremi&nbsp;i na putu.<\/p>\n\n\n\n<p>Iz Vara\u017edinske \u017eupanije najavili su da \u0107e branitelji sutra u sedam sati prvi pro\u0107i Pelje\u0161kim mostom.<\/p>\n\n\n\n<p>Izvor:pogled.ba<\/p>\n","protected":false},"excerpt":{"rendered":"<p>Nakon 1100 kilometara puta, \u010detvorica hrvatskih branitelja iz Vara\u017edina u ponedjeljak su od Vukovara pje\u0161ice stigla do Pelje\u0161kog mosta, koji&nbsp;\u0107e prije\u0107i u utorak, na dan otvorenja, a na brdu Rabi&nbsp;do\u010dekao ih je vara\u017edinski \u017eupan An\u0111elko Stri\u010dak. Hrvatski branitelji, veterani, \u010dasnici i do\u010dasnici Hrvatske vojske u mirovini Nenad Kamenar, Bo\u017eidar Sambolec, Miljenko Varga i Krasnodar \u0160poljari\u0107 [&hellip;]<\/p>\n","protected":false},"author":2,"featured_media":163540,"comment_status":"closed","ping_status":"closed","sticky":false,"template":"","format":"standard","meta":{"h5ap_radio_sources":[],"footnotes":""},"categories":[1],"tags":[],"class_list":["post-163539","post","type-post","status-publish","format-standard","has-post-thumbnail","hentry","category-bihiregija"],"yoast_head":"<!-- This site is optimized with the Yoast SEO plugin v27.5 - https:\/\/yoast.com\/product\/yoast-seo-wordpress\/ -->\n<title>\u010cetvorica hrvatskih branitelja iz Vara\u017edina pje\u0161ice stigla do Pelje\u0161kog mosta - RADIO LJUBU\u0160KI<\/title>\n<meta name=\"robots\" content=\"index, follow, max-snippet:-1, max-image-preview:large, max-video-preview:-1\" \/>\n<link rel=\"canonical\" href=\"https:\/\/radioljubuski.ba\/index.php\/2022\/07\/26\/cetvorica-hrvatskih-branitelja-iz-varazdina-pjesice-stigla-do-peljeskog-mosta\/\" \/>\n<meta property=\"og:locale\" content=\"hr_HR\" \/>\n<meta property=\"og:type\" content=\"article\" \/>\n<meta property=\"og:title\" content=\"\u010cetvorica hrvatskih branitelja iz Vara\u017edina pje\u0161ice stigla do Pelje\u0161kog mosta - RADIO LJUBU\u0160KI\" \/>\n<meta property=\"og:description\" content=\"Nakon 1100 kilometara puta, \u010detvorica hrvatskih branitelja iz Vara\u017edina u ponedjeljak su od Vukovara pje\u0161ice stigla do Pelje\u0161kog mosta, koji&nbsp;\u0107e prije\u0107i u utorak, na dan otvorenja, a na brdu Rabi&nbsp;do\u010dekao ih je vara\u017edinski \u017eupan An\u0111elko Stri\u010dak. Hrvatski branitelji, veterani, \u010dasnici i do\u010dasnici Hrvatske vojske u mirovini Nenad Kamenar, Bo\u017eidar Sambolec, Miljenko Varga i Krasnodar \u0160poljari\u0107 [&hellip;]\" \/>\n<meta property=\"og:url\" content=\"https:\/\/radioljubuski.ba\/index.php\/2022\/07\/26\/cetvorica-hrvatskih-branitelja-iz-varazdina-pjesice-stigla-do-peljeskog-mosta\/\" \/>\n<meta property=\"og:site_name\" content=\"RADIO LJUBU\u0160KI\" \/>\n<meta property=\"article:publisher\" content=\"https:\/\/www.facebook.com\/Radiio-Ljubuski-1490835324566332\" \/>\n<meta property=\"article:published_time\" content=\"2022-07-26T10:17:38+00:00\" \/>\n<meta property=\"article:modified_time\" content=\"2022-07-26T10:17:39+00:00\" \/>\n<meta property=\"og:image\" content=\"https:\/\/radioljubuski.ba\/wp-content\/uploads\/2022\/07\/10-2022-07-25-15-47-41-Snimka-zaslona-2022-07-25-154215.jpg\" \/>\n\t<meta property=\"og:image:width\" content=\"1000\" \/>\n\t<meta property=\"og:image:height\" content=\"625\" \/>\n\t<meta property=\"og:image:type\" content=\"image\/jpeg\" \/>\n<meta name=\"author\" content=\"Radio Ljubu\u0161ki\" \/>\n<meta name=\"twitter:card\" content=\"summary_large_image\" \/>\n<meta name=\"twitter:creator\" content=\"@radioljubuski\" \/>\n<meta name=\"twitter:site\" content=\"@radioljubuski\" \/>\n<meta name=\"twitter:label1\" content=\"Napisao\/la\" \/>\n\t<meta name=\"twitter:data1\" content=\"Radio Ljubu\u0161ki\" \/>\n\t<meta name=\"twitter:label2\" content=\"Procijenjeno vrijeme \u010ditanja\" \/>\n\t<meta name=\"twitter:data2\" content=\"2 minute\" \/>\n<script type=\"application\/ld+json\" class=\"yoast-schema-graph\">{\"@context\":\"https:\\\/\\\/schema.org\",\"@graph\":[{\"@type\":\"Article\",\"@id\":\"https:\\\/\\\/radioljubuski.ba\\\/index.php\\\/2022\\\/07\\\/26\\\/cetvorica-hrvatskih-branitelja-iz-varazdina-pjesice-stigla-do-peljeskog-mosta\\\/#article\",\"isPartOf\":{\"@id\":\"https:\\\/\\\/radioljubuski.ba\\\/index.php\\\/2022\\\/07\\\/26\\\/cetvorica-hrvatskih-branitelja-iz-varazdina-pjesice-stigla-do-peljeskog-mosta\\\/\"},\"author\":{\"name\":\"Radio Ljubu\u0161ki\",\"@id\":\"https:\\\/\\\/radioljubuski.ba\\\/#\\\/schema\\\/person\\\/19fc700381a780f69665d7956c469e3b\"},\"headline\":\"\u010cetvorica hrvatskih branitelja iz Vara\u017edina pje\u0161ice stigla do Pelje\u0161kog mosta\",\"datePublished\":\"2022-07-26T10:17:38+00:00\",\"dateModified\":\"2022-07-26T10:17:39+00:00\",\"mainEntityOfPage\":{\"@id\":\"https:\\\/\\\/radioljubuski.ba\\\/index.php\\\/2022\\\/07\\\/26\\\/cetvorica-hrvatskih-branitelja-iz-varazdina-pjesice-stigla-do-peljeskog-mosta\\\/\"},\"wordCount\":398,\"publisher\":{\"@id\":\"https:\\\/\\\/radioljubuski.ba\\\/#organization\"},\"image\":{\"@id\":\"https:\\\/\\\/radioljubuski.ba\\\/index.php\\\/2022\\\/07\\\/26\\\/cetvorica-hrvatskih-branitelja-iz-varazdina-pjesice-stigla-do-peljeskog-mosta\\\/#primaryimage\"},\"thumbnailUrl\":\"https:\\\/\\\/radioljubuski.ba\\\/wp-content\\\/uploads\\\/2022\\\/07\\\/10-2022-07-25-15-47-41-Snimka-zaslona-2022-07-25-154215.jpg\",\"articleSection\":[\"BIH i regija\"],\"inLanguage\":\"hr\"},{\"@type\":\"WebPage\",\"@id\":\"https:\\\/\\\/radioljubuski.ba\\\/index.php\\\/2022\\\/07\\\/26\\\/cetvorica-hrvatskih-branitelja-iz-varazdina-pjesice-stigla-do-peljeskog-mosta\\\/\",\"url\":\"https:\\\/\\\/radioljubuski.ba\\\/index.php\\\/2022\\\/07\\\/26\\\/cetvorica-hrvatskih-branitelja-iz-varazdina-pjesice-stigla-do-peljeskog-mosta\\\/\",\"name\":\"\u010cetvorica hrvatskih branitelja iz Vara\u017edina pje\u0161ice stigla do Pelje\u0161kog mosta - RADIO LJUBU\u0160KI\",\"isPartOf\":{\"@id\":\"https:\\\/\\\/radioljubuski.ba\\\/#website\"},\"primaryImageOfPage\":{\"@id\":\"https:\\\/\\\/radioljubuski.ba\\\/index.php\\\/2022\\\/07\\\/26\\\/cetvorica-hrvatskih-branitelja-iz-varazdina-pjesice-stigla-do-peljeskog-mosta\\\/#primaryimage\"},\"image\":{\"@id\":\"https:\\\/\\\/radioljubuski.ba\\\/index.php\\\/2022\\\/07\\\/26\\\/cetvorica-hrvatskih-branitelja-iz-varazdina-pjesice-stigla-do-peljeskog-mosta\\\/#primaryimage\"},\"thumbnailUrl\":\"https:\\\/\\\/radioljubuski.ba\\\/wp-content\\\/uploads\\\/2022\\\/07\\\/10-2022-07-25-15-47-41-Snimka-zaslona-2022-07-25-154215.jpg\",\"datePublished\":\"2022-07-26T10:17:38+00:00\",\"dateModified\":\"2022-07-26T10:17:39+00:00\",\"breadcrumb\":{\"@id\":\"https:\\\/\\\/radioljubuski.ba\\\/index.php\\\/2022\\\/07\\\/26\\\/cetvorica-hrvatskih-branitelja-iz-varazdina-pjesice-stigla-do-peljeskog-mosta\\\/#breadcrumb\"},\"inLanguage\":\"hr\",\"potentialAction\":[{\"@type\":\"ReadAction\",\"target\":[\"https:\\\/\\\/radioljubuski.ba\\\/index.php\\\/2022\\\/07\\\/26\\\/cetvorica-hrvatskih-branitelja-iz-varazdina-pjesice-stigla-do-peljeskog-mosta\\\/\"]}]},{\"@type\":\"ImageObject\",\"inLanguage\":\"hr\",\"@id\":\"https:\\\/\\\/radioljubuski.ba\\\/index.php\\\/2022\\\/07\\\/26\\\/cetvorica-hrvatskih-branitelja-iz-varazdina-pjesice-stigla-do-peljeskog-mosta\\\/#primaryimage\",\"url\":\"https:\\\/\\\/radioljubuski.ba\\\/wp-content\\\/uploads\\\/2022\\\/07\\\/10-2022-07-25-15-47-41-Snimka-zaslona-2022-07-25-154215.jpg\",\"contentUrl\":\"https:\\\/\\\/radioljubuski.ba\\\/wp-content\\\/uploads\\\/2022\\\/07\\\/10-2022-07-25-15-47-41-Snimka-zaslona-2022-07-25-154215.jpg\",\"width\":1000,\"height\":625},{\"@type\":\"BreadcrumbList\",\"@id\":\"https:\\\/\\\/radioljubuski.ba\\\/index.php\\\/2022\\\/07\\\/26\\\/cetvorica-hrvatskih-branitelja-iz-varazdina-pjesice-stigla-do-peljeskog-mosta\\\/#breadcrumb\",\"itemListElement\":[{\"@type\":\"ListItem\",\"position\":1,\"name\":\"Po\u010detna stranica\",\"item\":\"https:\\\/\\\/radioljubuski.ba\\\/\"},{\"@type\":\"ListItem\",\"position\":2,\"name\":\"\u010cetvorica hrvatskih branitelja iz Vara\u017edina pje\u0161ice stigla do Pelje\u0161kog mosta\"}]},{\"@type\":\"WebSite\",\"@id\":\"https:\\\/\\\/radioljubuski.ba\\\/#website\",\"url\":\"https:\\\/\\\/radioljubuski.ba\\\/\",\"name\":\"Radio Ljubu\u0161ki\",\"description\":\"Sun\u010dana frekvencija Hercegovine\",\"publisher\":{\"@id\":\"https:\\\/\\\/radioljubuski.ba\\\/#organization\"},\"potentialAction\":[{\"@type\":\"SearchAction\",\"target\":{\"@type\":\"EntryPoint\",\"urlTemplate\":\"https:\\\/\\\/radioljubuski.ba\\\/?s={search_term_string}\"},\"query-input\":{\"@type\":\"PropertyValueSpecification\",\"valueRequired\":true,\"valueName\":\"search_term_string\"}}],\"inLanguage\":\"hr\"},{\"@type\":\"Organization\",\"@id\":\"https:\\\/\\\/radioljubuski.ba\\\/#organization\",\"name\":\"Radio Ljubu\u0161ki\",\"url\":\"https:\\\/\\\/radioljubuski.ba\\\/\",\"logo\":{\"@type\":\"ImageObject\",\"inLanguage\":\"hr\",\"@id\":\"https:\\\/\\\/radioljubuski.ba\\\/#\\\/schema\\\/logo\\\/image\\\/\",\"url\":\"https:\\\/\\\/radioljubuski.ba\\\/wp-content\\\/uploads\\\/2021\\\/02\\\/cropped-Radio_Ljubuski_logo1.jpg\",\"contentUrl\":\"https:\\\/\\\/radioljubuski.ba\\\/wp-content\\\/uploads\\\/2021\\\/02\\\/cropped-Radio_Ljubuski_logo1.jpg\",\"width\":512,\"height\":512,\"caption\":\"Radio Ljubu\u0161ki\"},\"image\":{\"@id\":\"https:\\\/\\\/radioljubuski.ba\\\/#\\\/schema\\\/logo\\\/image\\\/\"},\"sameAs\":[\"https:\\\/\\\/www.facebook.com\\\/Radiio-Ljubuski-1490835324566332\",\"https:\\\/\\\/x.com\\\/radioljubuski\",\"https:\\\/\\\/hr.linkedin.com\\\/company\\\/radio-ljubuski\",\"https:\\\/\\\/www.youtube.com\\\/channel\\\/UCHYaeO_n0Db3tjNGudGpXyw\"]},{\"@type\":\"Person\",\"@id\":\"https:\\\/\\\/radioljubuski.ba\\\/#\\\/schema\\\/person\\\/19fc700381a780f69665d7956c469e3b\",\"name\":\"Radio Ljubu\u0161ki\"}]}<\/script>\n<!-- \/ Yoast SEO plugin. -->","yoast_head_json":{"title":"\u010cetvorica hrvatskih branitelja iz Vara\u017edina pje\u0161ice stigla do Pelje\u0161kog mosta - RADIO LJUBU\u0160KI","robots":{"index":"index","follow":"follow","max-snippet":"max-snippet:-1","max-image-preview":"max-image-preview:large","max-video-preview":"max-video-preview:-1"},"canonical":"https:\/\/radioljubuski.ba\/index.php\/2022\/07\/26\/cetvorica-hrvatskih-branitelja-iz-varazdina-pjesice-stigla-do-peljeskog-mosta\/","og_locale":"hr_HR","og_type":"article","og_title":"\u010cetvorica hrvatskih branitelja iz Vara\u017edina pje\u0161ice stigla do Pelje\u0161kog mosta - RADIO LJUBU\u0160KI","og_description":"Nakon 1100 kilometara puta, \u010detvorica hrvatskih branitelja iz Vara\u017edina u ponedjeljak su od Vukovara pje\u0161ice stigla do Pelje\u0161kog mosta, koji&nbsp;\u0107e prije\u0107i u utorak, na dan otvorenja, a na brdu Rabi&nbsp;do\u010dekao ih je vara\u017edinski \u017eupan An\u0111elko Stri\u010dak. Hrvatski branitelji, veterani, \u010dasnici i do\u010dasnici Hrvatske vojske u mirovini Nenad Kamenar, Bo\u017eidar Sambolec, Miljenko Varga i Krasnodar \u0160poljari\u0107 [&hellip;]","og_url":"https:\/\/radioljubuski.ba\/index.php\/2022\/07\/26\/cetvorica-hrvatskih-branitelja-iz-varazdina-pjesice-stigla-do-peljeskog-mosta\/","og_site_name":"RADIO LJUBU\u0160KI","article_publisher":"https:\/\/www.facebook.com\/Radiio-Ljubuski-1490835324566332","article_published_time":"2022-07-26T10:17:38+00:00","article_modified_time":"2022-07-26T10:17:39+00:00","og_image":[{"width":1000,"height":625,"url":"https:\/\/radioljubuski.ba\/wp-content\/uploads\/2022\/07\/10-2022-07-25-15-47-41-Snimka-zaslona-2022-07-25-154215.jpg","type":"image\/jpeg"}],"author":"Radio Ljubu\u0161ki","twitter_card":"summary_large_image","twitter_creator":"@radioljubuski","twitter_site":"@radioljubuski","twitter_misc":{"Napisao\/la":"Radio Ljubu\u0161ki","Procijenjeno vrijeme \u010ditanja":"2 minute"},"schema":{"@context":"https:\/\/schema.org","@graph":[{"@type":"Article","@id":"https:\/\/radioljubuski.ba\/index.php\/2022\/07\/26\/cetvorica-hrvatskih-branitelja-iz-varazdina-pjesice-stigla-do-peljeskog-mosta\/#article","isPartOf":{"@id":"https:\/\/radioljubuski.ba\/index.php\/2022\/07\/26\/cetvorica-hrvatskih-branitelja-iz-varazdina-pjesice-stigla-do-peljeskog-mosta\/"},"author":{"name":"Radio Ljubu\u0161ki","@id":"https:\/\/radioljubuski.ba\/#\/schema\/person\/19fc700381a780f69665d7956c469e3b"},"headline":"\u010cetvorica hrvatskih branitelja iz Vara\u017edina pje\u0161ice stigla do Pelje\u0161kog mosta","datePublished":"2022-07-26T10:17:38+00:00","dateModified":"2022-07-26T10:17:39+00:00","mainEntityOfPage":{"@id":"https:\/\/radioljubuski.ba\/index.php\/2022\/07\/26\/cetvorica-hrvatskih-branitelja-iz-varazdina-pjesice-stigla-do-peljeskog-mosta\/"},"wordCount":398,"publisher":{"@id":"https:\/\/radioljubuski.ba\/#organization"},"image":{"@id":"https:\/\/radioljubuski.ba\/index.php\/2022\/07\/26\/cetvorica-hrvatskih-branitelja-iz-varazdina-pjesice-stigla-do-peljeskog-mosta\/#primaryimage"},"thumbnailUrl":"https:\/\/radioljubuski.ba\/wp-content\/uploads\/2022\/07\/10-2022-07-25-15-47-41-Snimka-zaslona-2022-07-25-154215.jpg","articleSection":["BIH i regija"],"inLanguage":"hr"},{"@type":"WebPage","@id":"https:\/\/radioljubuski.ba\/index.php\/2022\/07\/26\/cetvorica-hrvatskih-branitelja-iz-varazdina-pjesice-stigla-do-peljeskog-mosta\/","url":"https:\/\/radioljubuski.ba\/index.php\/2022\/07\/26\/cetvorica-hrvatskih-branitelja-iz-varazdina-pjesice-stigla-do-peljeskog-mosta\/","name":"\u010cetvorica hrvatskih branitelja iz Vara\u017edina pje\u0161ice stigla do Pelje\u0161kog mosta - RADIO LJUBU\u0160KI","isPartOf":{"@id":"https:\/\/radioljubuski.ba\/#website"},"primaryImageOfPage":{"@id":"https:\/\/radioljubuski.ba\/index.php\/2022\/07\/26\/cetvorica-hrvatskih-branitelja-iz-varazdina-pjesice-stigla-do-peljeskog-mosta\/#primaryimage"},"image":{"@id":"https:\/\/radioljubuski.ba\/index.php\/2022\/07\/26\/cetvorica-hrvatskih-branitelja-iz-varazdina-pjesice-stigla-do-peljeskog-mosta\/#primaryimage"},"thumbnailUrl":"https:\/\/radioljubuski.ba\/wp-content\/uploads\/2022\/07\/10-2022-07-25-15-47-41-Snimka-zaslona-2022-07-25-154215.jpg","datePublished":"2022-07-26T10:17:38+00:00","dateModified":"2022-07-26T10:17:39+00:00","breadcrumb":{"@id":"https:\/\/radioljubuski.ba\/index.php\/2022\/07\/26\/cetvorica-hrvatskih-branitelja-iz-varazdina-pjesice-stigla-do-peljeskog-mosta\/#breadcrumb"},"inLanguage":"hr","potentialAction":[{"@type":"ReadAction","target":["https:\/\/radioljubuski.ba\/index.php\/2022\/07\/26\/cetvorica-hrvatskih-branitelja-iz-varazdina-pjesice-stigla-do-peljeskog-mosta\/"]}]},{"@type":"ImageObject","inLanguage":"hr","@id":"https:\/\/radioljubuski.ba\/index.php\/2022\/07\/26\/cetvorica-hrvatskih-branitelja-iz-varazdina-pjesice-stigla-do-peljeskog-mosta\/#primaryimage","url":"https:\/\/radioljubuski.ba\/wp-content\/uploads\/2022\/07\/10-2022-07-25-15-47-41-Snimka-zaslona-2022-07-25-154215.jpg","contentUrl":"https:\/\/radioljubuski.ba\/wp-content\/uploads\/2022\/07\/10-2022-07-25-15-47-41-Snimka-zaslona-2022-07-25-154215.jpg","width":1000,"height":625},{"@type":"BreadcrumbList","@id":"https:\/\/radioljubuski.ba\/index.php\/2022\/07\/26\/cetvorica-hrvatskih-branitelja-iz-varazdina-pjesice-stigla-do-peljeskog-mosta\/#breadcrumb","itemListElement":[{"@type":"ListItem","position":1,"name":"Po\u010detna stranica","item":"https:\/\/radioljubuski.ba\/"},{"@type":"ListItem","position":2,"name":"\u010cetvorica hrvatskih branitelja iz Vara\u017edina pje\u0161ice stigla do Pelje\u0161kog mosta"}]},{"@type":"WebSite","@id":"https:\/\/radioljubuski.ba\/#website","url":"https:\/\/radioljubuski.ba\/","name":"Radio Ljubu\u0161ki","description":"Sun\u010dana frekvencija Hercegovine","publisher":{"@id":"https:\/\/radioljubuski.ba\/#organization"},"potentialAction":[{"@type":"SearchAction","target":{"@type":"EntryPoint","urlTemplate":"https:\/\/radioljubuski.ba\/?s={search_term_string}"},"query-input":{"@type":"PropertyValueSpecification","valueRequired":true,"valueName":"search_term_string"}}],"inLanguage":"hr"},{"@type":"Organization","@id":"https:\/\/radioljubuski.ba\/#organization","name":"Radio Ljubu\u0161ki","url":"https:\/\/radioljubuski.ba\/","logo":{"@type":"ImageObject","inLanguage":"hr","@id":"https:\/\/radioljubuski.ba\/#\/schema\/logo\/image\/","url":"https:\/\/radioljubuski.ba\/wp-content\/uploads\/2021\/02\/cropped-Radio_Ljubuski_logo1.jpg","contentUrl":"https:\/\/radioljubuski.ba\/wp-content\/uploads\/2021\/02\/cropped-Radio_Ljubuski_logo1.jpg","width":512,"height":512,"caption":"Radio Ljubu\u0161ki"},"image":{"@id":"https:\/\/radioljubuski.ba\/#\/schema\/logo\/image\/"},"sameAs":["https:\/\/www.facebook.com\/Radiio-Ljubuski-1490835324566332","https:\/\/x.com\/radioljubuski","https:\/\/hr.linkedin.com\/company\/radio-ljubuski","https:\/\/www.youtube.com\/channel\/UCHYaeO_n0Db3tjNGudGpXyw"]},{"@type":"Person","@id":"https:\/\/radioljubuski.ba\/#\/schema\/person\/19fc700381a780f69665d7956c469e3b","name":"Radio Ljubu\u0161ki"}]}},"_links":{"self":[{"href":"https:\/\/radioljubuski.ba\/index.php\/wp-json\/wp\/v2\/posts\/163539","targetHints":{"allow":["GET"]}}],"collection":[{"href":"https:\/\/radioljubuski.ba\/index.php\/wp-json\/wp\/v2\/posts"}],"about":[{"href":"https:\/\/radioljubuski.ba\/index.php\/wp-json\/wp\/v2\/types\/post"}],"author":[{"embeddable":true,"href":"https:\/\/radioljubuski.ba\/index.php\/wp-json\/wp\/v2\/users\/2"}],"replies":[{"embeddable":true,"href":"https:\/\/radioljubuski.ba\/index.php\/wp-json\/wp\/v2\/comments?post=163539"}],"version-history":[{"count":1,"href":"https:\/\/radioljubuski.ba\/index.php\/wp-json\/wp\/v2\/posts\/163539\/revisions"}],"predecessor-version":[{"id":163541,"href":"https:\/\/radioljubuski.ba\/index.php\/wp-json\/wp\/v2\/posts\/163539\/revisions\/163541"}],"wp:featuredmedia":[{"embeddable":true,"href":"https:\/\/radioljubuski.ba\/index.php\/wp-json\/wp\/v2\/media\/163540"}],"wp:attachment":[{"href":"https:\/\/radioljubuski.ba\/index.php\/wp-json\/wp\/v2\/media?parent=163539"}],"wp:term":[{"taxonomy":"category","embeddable":true,"href":"https:\/\/radioljubuski.ba\/index.php\/wp-json\/wp\/v2\/categories?post=163539"},{"taxonomy":"post_tag","embeddable":true,"href":"https:\/\/radioljubuski.ba\/index.php\/wp-json\/wp\/v2\/tags?post=163539"}],"curies":[{"name":"wp","href":"https:\/\/api.w.org\/{rel}","templated":true}]}}