{"id":163542,"date":"2022-07-26T11:19:03","date_gmt":"2022-07-26T10:19:03","guid":{"rendered":"https:\/\/radioljubuski.ba\/?p=163542"},"modified":"2022-07-26T11:19:04","modified_gmt":"2022-07-26T10:19:04","slug":"cetiri-tisuce-djece-u-orasju-naucile-plivati","status":"publish","type":"post","link":"https:\/\/radioljubuski.ba\/index.php\/2022\/07\/26\/cetiri-tisuce-djece-u-orasju-naucile-plivati\/","title":{"rendered":"\u010cetiri tisu\u0107e djece u Ora\u0161ju nau\u010dile plivati"},"content":{"rendered":"\n<p>Posavina je podru\u010dje, kao \u0161to joj i ime govori, uz rijeke. \u017divotno je vezana uz rije\u010dne slivove koji je prate i u teritorijalnom smislu jer su sve tri posavske op\u0107ine smje\u0161tene uz rijeku Savu. O\u010dekivalo bi se da svi stanovnici tog podru\u010dja znaju i plivati, ali ipak nije tako, pi\u0161e Ve\u010dernji list BiH.<\/p>\n\n\n\n<p>Brojne statistike pokazuju da mnogi nisu savladali tajne odr\u017eavanja na vodi, osobito \u0161kolarci, pa se prof. Mehmed Memi\u0161evi\u0107 upustio u jedan samo naizgled bezna\u010dajan projekt &#8211; nau\u010diti mali\u0161ane plivanju. Sa skupinom entuzijasta pokrenut je projekt u okviru Crvenoga kri\u017ea i tako su od malog prerasli u respektabilan projekt desetogodi\u0161njeg trajanja.<\/p>\n\n\n\n<p>\u0160kola plivanja tako je u Ora\u0161ju do\u017eivjela svoj jubilej, a \u010dak ni u vrijeme pandemije nije prekidala s radom uz preventivne mjere. Ve\u0107 desetu godinu tijekom ljetnog raspusta okupljaju se \u0161kolarci u Sportskom rekreacijskom centru Bazeni Ora\u0161je. Instruktori imaju odli\u010dne rezultate, pa poru\u010duju kako je opravdanost \u0161kole plivanja vi\u0161estruka.<\/p>\n\n\n\n<p>Deset godina postojanja<\/p>\n\n\n\n<p>U desetogodi\u0161njem postojanju \u0161kole plivanja u Ora\u0161ju, prema procjenama voditelja, vi\u0161e od \u010detiri tisu\u0107e djece nau\u010dilo je plivati. &#8211; Naravno da sam zadovoljan kada se sjetim koliko smo generacija ispratili i djece nau\u010dili plivati. U edukativnom i preventivnom smislu \u0161kola plivanja je od neprocjenjivog zna\u010daja.<\/p>\n\n\n\n<p>Ovo podru\u010dje je, ina\u010de, bogato vodama i rijekama te se svake godine bilje\u017ee nesretni slu\u010dajevi utapanja. Treba znati da su na ovome na\u0161em podru\u010dju mnogi mladi \u017eivoti izgubljeni ba\u0161 zato \u0161to \u017ertve nisu znale plivati. Otkako je po\u010dela \u0161kola plivanja, do sada ni jedan slu\u010daj utapanja nije zabilje\u017een. Proces je zami\u0161ljen tako da traje jedanaest dana po jednoj skupini, a sam radni dan sastoji se od dva radna sata.<\/p>\n\n\n\n<p>Uspostavili smo suradnju sa \u0161kolama pa su djeca dolazila organizirano kako bismo obuhvatili sva mjesta ovoga podru\u010dja &#8211; ka\u017ee prof. Mehmed Memi\u0161evi\u0107, voditelj \u0161kole plivanja u Ora\u0161ju, ina\u010de politi\u010dki aktivan kao zastupnik u Skup\u0161tini Posavske \u017eupanije, a vrijedno je isticanja i njegovo vo\u0111enje odbojka\u0161ica Ora\u0161je koje su stekle popularnost kao \u017eokice.<br><br>Polaznici \u0161kole plivanja su djeca iz cijele BiH, ali \u010dak i iz susjedne op\u0107ine \u017dupanja u Hrvatskoj. Me\u0111u njima je Lukas Topi\u0107 iz O\u0161tre Luke koji je, ka\u017ee, nau\u010dio upravo u Ora\u0161ju pro\u0161le godine plivati, a ove se usavr\u0161ava. &#8211; Upoznao sam u Ora\u0161ju puno prijatelja pa je, uz plivanje, odli\u010dno dru\u017eenje &#8211; ka\u017ee Lukas.<\/p>\n\n\n\n<p>Iz Bijeljine je Sofija Blagojevi\u0107. I ona je od pro\u0161le godine ponovila \u0161kolu plivanja iz istih razloga kao i Lukas. Me\u0111u pliva\u010dima je multitalentirani Sanjin \u0106orhasanovi\u0107 iz Ora\u0161ja. Uz darovitost sviranja na klaviru, zbog \u010dega se okitio brojnim nagradama, sport ne zapostavlja pa je ve\u0107 osam godina polaznik \u0161kole. Sanjin ka\u017ee kako mu sport poma\u017ee da bude fizi\u010dki aktivan. Iz Lon\u010dara Aleksandar Kova\u010di\u0107 isti\u010de profesionalnost onih koji ih u\u010de plivanju.<\/p>\n\n\n\n<p>&#8211; Ovdje mi je super i ima puno zanimljivih vje\u017ebi &#8211; ka\u017ee Aleksandar. Marija Mati\u0107 iz Domaljevca za \u0161kolu ima samo rije\u010di hvale, a Mihael Te\u0161i\u0107 iz Donjeg \u017dabara ima tek osam godina, no, unato\u010d tomu, savladao je vje\u0161tinu plivanja.<\/p>\n\n\n\n<p>Daleko je more<\/p>\n\n\n\n<p>Ovaj desetogodi\u0161nji projekt opstao je zahvaljuju\u0107i instruktorima i voditelju \u0161kole, kao i gostoprimstvu vlasnika bazena. Uz razvijanje vje\u0161tina plivanja, on ima i socijalnu dimenziju jer mnogim roditeljima \u0161kola plivanja odli\u010dna je zamjena za nedostupno more.<\/p>\n\n\n\n<p>Izvor:vecernji.ba<\/p>\n","protected":false},"excerpt":{"rendered":"<p>Posavina je podru\u010dje, kao \u0161to joj i ime govori, uz rijeke. \u017divotno je vezana uz rije\u010dne slivove koji je prate i u teritorijalnom smislu jer su sve tri posavske op\u0107ine smje\u0161tene uz rijeku Savu. O\u010dekivalo bi se da svi stanovnici tog podru\u010dja znaju i plivati, ali ipak nije tako, pi\u0161e Ve\u010dernji list BiH. Brojne statistike [&hellip;]<\/p>\n","protected":false},"author":2,"featured_media":163543,"comment_status":"closed","ping_status":"closed","sticky":false,"template":"","format":"standard","meta":{"h5ap_radio_sources":[],"footnotes":""},"categories":[1],"tags":[],"class_list":["post-163542","post","type-post","status-publish","format-standard","has-post-thumbnail","hentry","category-bihiregija"],"yoast_head":"<!-- This site is optimized with the Yoast SEO plugin v27.5 - https:\/\/yoast.com\/product\/yoast-seo-wordpress\/ -->\n<title>\u010cetiri tisu\u0107e djece u Ora\u0161ju nau\u010dile plivati - RADIO LJUBU\u0160KI<\/title>\n<meta name=\"robots\" content=\"index, follow, max-snippet:-1, max-image-preview:large, max-video-preview:-1\" \/>\n<link rel=\"canonical\" href=\"https:\/\/radioljubuski.ba\/index.php\/2022\/07\/26\/cetiri-tisuce-djece-u-orasju-naucile-plivati\/\" \/>\n<meta property=\"og:locale\" content=\"hr_HR\" \/>\n<meta property=\"og:type\" content=\"article\" \/>\n<meta property=\"og:title\" content=\"\u010cetiri tisu\u0107e djece u Ora\u0161ju nau\u010dile plivati - RADIO LJUBU\u0160KI\" \/>\n<meta property=\"og:description\" content=\"Posavina je podru\u010dje, kao \u0161to joj i ime govori, uz rijeke. \u017divotno je vezana uz rije\u010dne slivove koji je prate i u teritorijalnom smislu jer su sve tri posavske op\u0107ine smje\u0161tene uz rijeku Savu. O\u010dekivalo bi se da svi stanovnici tog podru\u010dja znaju i plivati, ali ipak nije tako, pi\u0161e Ve\u010dernji list BiH. Brojne statistike [&hellip;]\" \/>\n<meta property=\"og:url\" content=\"https:\/\/radioljubuski.ba\/index.php\/2022\/07\/26\/cetiri-tisuce-djece-u-orasju-naucile-plivati\/\" \/>\n<meta property=\"og:site_name\" content=\"RADIO LJUBU\u0160KI\" \/>\n<meta property=\"article:publisher\" content=\"https:\/\/www.facebook.com\/Radiio-Ljubuski-1490835324566332\" \/>\n<meta property=\"article:published_time\" content=\"2022-07-26T10:19:03+00:00\" \/>\n<meta property=\"article:modified_time\" content=\"2022-07-26T10:19:04+00:00\" \/>\n<meta property=\"og:image\" content=\"https:\/\/radioljubuski.ba\/wp-content\/uploads\/2022\/07\/10-2022-07-25-16-31-22-Snimka-zaslona-2022-07-25-162920.jpg\" \/>\n\t<meta property=\"og:image:width\" content=\"1000\" \/>\n\t<meta property=\"og:image:height\" content=\"625\" \/>\n\t<meta property=\"og:image:type\" content=\"image\/jpeg\" \/>\n<meta name=\"author\" content=\"Radio Ljubu\u0161ki\" \/>\n<meta name=\"twitter:card\" content=\"summary_large_image\" \/>\n<meta name=\"twitter:creator\" content=\"@radioljubuski\" \/>\n<meta name=\"twitter:site\" content=\"@radioljubuski\" \/>\n<meta name=\"twitter:label1\" content=\"Napisao\/la\" \/>\n\t<meta name=\"twitter:data1\" content=\"Radio Ljubu\u0161ki\" \/>\n\t<meta name=\"twitter:label2\" content=\"Procijenjeno vrijeme \u010ditanja\" \/>\n\t<meta name=\"twitter:data2\" content=\"3 minute\" \/>\n<script type=\"application\/ld+json\" class=\"yoast-schema-graph\">{\"@context\":\"https:\\\/\\\/schema.org\",\"@graph\":[{\"@type\":\"Article\",\"@id\":\"https:\\\/\\\/radioljubuski.ba\\\/index.php\\\/2022\\\/07\\\/26\\\/cetiri-tisuce-djece-u-orasju-naucile-plivati\\\/#article\",\"isPartOf\":{\"@id\":\"https:\\\/\\\/radioljubuski.ba\\\/index.php\\\/2022\\\/07\\\/26\\\/cetiri-tisuce-djece-u-orasju-naucile-plivati\\\/\"},\"author\":{\"name\":\"Radio Ljubu\u0161ki\",\"@id\":\"https:\\\/\\\/radioljubuski.ba\\\/#\\\/schema\\\/person\\\/19fc700381a780f69665d7956c469e3b\"},\"headline\":\"\u010cetiri tisu\u0107e djece u Ora\u0161ju nau\u010dile plivati\",\"datePublished\":\"2022-07-26T10:19:03+00:00\",\"dateModified\":\"2022-07-26T10:19:04+00:00\",\"mainEntityOfPage\":{\"@id\":\"https:\\\/\\\/radioljubuski.ba\\\/index.php\\\/2022\\\/07\\\/26\\\/cetiri-tisuce-djece-u-orasju-naucile-plivati\\\/\"},\"wordCount\":616,\"publisher\":{\"@id\":\"https:\\\/\\\/radioljubuski.ba\\\/#organization\"},\"image\":{\"@id\":\"https:\\\/\\\/radioljubuski.ba\\\/index.php\\\/2022\\\/07\\\/26\\\/cetiri-tisuce-djece-u-orasju-naucile-plivati\\\/#primaryimage\"},\"thumbnailUrl\":\"https:\\\/\\\/radioljubuski.ba\\\/wp-content\\\/uploads\\\/2022\\\/07\\\/10-2022-07-25-16-31-22-Snimka-zaslona-2022-07-25-162920.jpg\",\"articleSection\":[\"BIH i regija\"],\"inLanguage\":\"hr\"},{\"@type\":\"WebPage\",\"@id\":\"https:\\\/\\\/radioljubuski.ba\\\/index.php\\\/2022\\\/07\\\/26\\\/cetiri-tisuce-djece-u-orasju-naucile-plivati\\\/\",\"url\":\"https:\\\/\\\/radioljubuski.ba\\\/index.php\\\/2022\\\/07\\\/26\\\/cetiri-tisuce-djece-u-orasju-naucile-plivati\\\/\",\"name\":\"\u010cetiri tisu\u0107e djece u Ora\u0161ju nau\u010dile plivati - RADIO LJUBU\u0160KI\",\"isPartOf\":{\"@id\":\"https:\\\/\\\/radioljubuski.ba\\\/#website\"},\"primaryImageOfPage\":{\"@id\":\"https:\\\/\\\/radioljubuski.ba\\\/index.php\\\/2022\\\/07\\\/26\\\/cetiri-tisuce-djece-u-orasju-naucile-plivati\\\/#primaryimage\"},\"image\":{\"@id\":\"https:\\\/\\\/radioljubuski.ba\\\/index.php\\\/2022\\\/07\\\/26\\\/cetiri-tisuce-djece-u-orasju-naucile-plivati\\\/#primaryimage\"},\"thumbnailUrl\":\"https:\\\/\\\/radioljubuski.ba\\\/wp-content\\\/uploads\\\/2022\\\/07\\\/10-2022-07-25-16-31-22-Snimka-zaslona-2022-07-25-162920.jpg\",\"datePublished\":\"2022-07-26T10:19:03+00:00\",\"dateModified\":\"2022-07-26T10:19:04+00:00\",\"breadcrumb\":{\"@id\":\"https:\\\/\\\/radioljubuski.ba\\\/index.php\\\/2022\\\/07\\\/26\\\/cetiri-tisuce-djece-u-orasju-naucile-plivati\\\/#breadcrumb\"},\"inLanguage\":\"hr\",\"potentialAction\":[{\"@type\":\"ReadAction\",\"target\":[\"https:\\\/\\\/radioljubuski.ba\\\/index.php\\\/2022\\\/07\\\/26\\\/cetiri-tisuce-djece-u-orasju-naucile-plivati\\\/\"]}]},{\"@type\":\"ImageObject\",\"inLanguage\":\"hr\",\"@id\":\"https:\\\/\\\/radioljubuski.ba\\\/index.php\\\/2022\\\/07\\\/26\\\/cetiri-tisuce-djece-u-orasju-naucile-plivati\\\/#primaryimage\",\"url\":\"https:\\\/\\\/radioljubuski.ba\\\/wp-content\\\/uploads\\\/2022\\\/07\\\/10-2022-07-25-16-31-22-Snimka-zaslona-2022-07-25-162920.jpg\",\"contentUrl\":\"https:\\\/\\\/radioljubuski.ba\\\/wp-content\\\/uploads\\\/2022\\\/07\\\/10-2022-07-25-16-31-22-Snimka-zaslona-2022-07-25-162920.jpg\",\"width\":1000,\"height\":625},{\"@type\":\"BreadcrumbList\",\"@id\":\"https:\\\/\\\/radioljubuski.ba\\\/index.php\\\/2022\\\/07\\\/26\\\/cetiri-tisuce-djece-u-orasju-naucile-plivati\\\/#breadcrumb\",\"itemListElement\":[{\"@type\":\"ListItem\",\"position\":1,\"name\":\"Po\u010detna stranica\",\"item\":\"https:\\\/\\\/radioljubuski.ba\\\/\"},{\"@type\":\"ListItem\",\"position\":2,\"name\":\"\u010cetiri tisu\u0107e djece u Ora\u0161ju nau\u010dile plivati\"}]},{\"@type\":\"WebSite\",\"@id\":\"https:\\\/\\\/radioljubuski.ba\\\/#website\",\"url\":\"https:\\\/\\\/radioljubuski.ba\\\/\",\"name\":\"Radio Ljubu\u0161ki\",\"description\":\"Sun\u010dana frekvencija Hercegovine\",\"publisher\":{\"@id\":\"https:\\\/\\\/radioljubuski.ba\\\/#organization\"},\"potentialAction\":[{\"@type\":\"SearchAction\",\"target\":{\"@type\":\"EntryPoint\",\"urlTemplate\":\"https:\\\/\\\/radioljubuski.ba\\\/?s={search_term_string}\"},\"query-input\":{\"@type\":\"PropertyValueSpecification\",\"valueRequired\":true,\"valueName\":\"search_term_string\"}}],\"inLanguage\":\"hr\"},{\"@type\":\"Organization\",\"@id\":\"https:\\\/\\\/radioljubuski.ba\\\/#organization\",\"name\":\"Radio Ljubu\u0161ki\",\"url\":\"https:\\\/\\\/radioljubuski.ba\\\/\",\"logo\":{\"@type\":\"ImageObject\",\"inLanguage\":\"hr\",\"@id\":\"https:\\\/\\\/radioljubuski.ba\\\/#\\\/schema\\\/logo\\\/image\\\/\",\"url\":\"https:\\\/\\\/radioljubuski.ba\\\/wp-content\\\/uploads\\\/2021\\\/02\\\/cropped-Radio_Ljubuski_logo1.jpg\",\"contentUrl\":\"https:\\\/\\\/radioljubuski.ba\\\/wp-content\\\/uploads\\\/2021\\\/02\\\/cropped-Radio_Ljubuski_logo1.jpg\",\"width\":512,\"height\":512,\"caption\":\"Radio Ljubu\u0161ki\"},\"image\":{\"@id\":\"https:\\\/\\\/radioljubuski.ba\\\/#\\\/schema\\\/logo\\\/image\\\/\"},\"sameAs\":[\"https:\\\/\\\/www.facebook.com\\\/Radiio-Ljubuski-1490835324566332\",\"https:\\\/\\\/x.com\\\/radioljubuski\",\"https:\\\/\\\/hr.linkedin.com\\\/company\\\/radio-ljubuski\",\"https:\\\/\\\/www.youtube.com\\\/channel\\\/UCHYaeO_n0Db3tjNGudGpXyw\"]},{\"@type\":\"Person\",\"@id\":\"https:\\\/\\\/radioljubuski.ba\\\/#\\\/schema\\\/person\\\/19fc700381a780f69665d7956c469e3b\",\"name\":\"Radio Ljubu\u0161ki\"}]}<\/script>\n<!-- \/ Yoast SEO plugin. -->","yoast_head_json":{"title":"\u010cetiri tisu\u0107e djece u Ora\u0161ju nau\u010dile plivati - RADIO LJUBU\u0160KI","robots":{"index":"index","follow":"follow","max-snippet":"max-snippet:-1","max-image-preview":"max-image-preview:large","max-video-preview":"max-video-preview:-1"},"canonical":"https:\/\/radioljubuski.ba\/index.php\/2022\/07\/26\/cetiri-tisuce-djece-u-orasju-naucile-plivati\/","og_locale":"hr_HR","og_type":"article","og_title":"\u010cetiri tisu\u0107e djece u Ora\u0161ju nau\u010dile plivati - RADIO LJUBU\u0160KI","og_description":"Posavina je podru\u010dje, kao \u0161to joj i ime govori, uz rijeke. \u017divotno je vezana uz rije\u010dne slivove koji je prate i u teritorijalnom smislu jer su sve tri posavske op\u0107ine smje\u0161tene uz rijeku Savu. O\u010dekivalo bi se da svi stanovnici tog podru\u010dja znaju i plivati, ali ipak nije tako, pi\u0161e Ve\u010dernji list BiH. Brojne statistike [&hellip;]","og_url":"https:\/\/radioljubuski.ba\/index.php\/2022\/07\/26\/cetiri-tisuce-djece-u-orasju-naucile-plivati\/","og_site_name":"RADIO LJUBU\u0160KI","article_publisher":"https:\/\/www.facebook.com\/Radiio-Ljubuski-1490835324566332","article_published_time":"2022-07-26T10:19:03+00:00","article_modified_time":"2022-07-26T10:19:04+00:00","og_image":[{"width":1000,"height":625,"url":"https:\/\/radioljubuski.ba\/wp-content\/uploads\/2022\/07\/10-2022-07-25-16-31-22-Snimka-zaslona-2022-07-25-162920.jpg","type":"image\/jpeg"}],"author":"Radio Ljubu\u0161ki","twitter_card":"summary_large_image","twitter_creator":"@radioljubuski","twitter_site":"@radioljubuski","twitter_misc":{"Napisao\/la":"Radio Ljubu\u0161ki","Procijenjeno vrijeme \u010ditanja":"3 minute"},"schema":{"@context":"https:\/\/schema.org","@graph":[{"@type":"Article","@id":"https:\/\/radioljubuski.ba\/index.php\/2022\/07\/26\/cetiri-tisuce-djece-u-orasju-naucile-plivati\/#article","isPartOf":{"@id":"https:\/\/radioljubuski.ba\/index.php\/2022\/07\/26\/cetiri-tisuce-djece-u-orasju-naucile-plivati\/"},"author":{"name":"Radio Ljubu\u0161ki","@id":"https:\/\/radioljubuski.ba\/#\/schema\/person\/19fc700381a780f69665d7956c469e3b"},"headline":"\u010cetiri tisu\u0107e djece u Ora\u0161ju nau\u010dile plivati","datePublished":"2022-07-26T10:19:03+00:00","dateModified":"2022-07-26T10:19:04+00:00","mainEntityOfPage":{"@id":"https:\/\/radioljubuski.ba\/index.php\/2022\/07\/26\/cetiri-tisuce-djece-u-orasju-naucile-plivati\/"},"wordCount":616,"publisher":{"@id":"https:\/\/radioljubuski.ba\/#organization"},"image":{"@id":"https:\/\/radioljubuski.ba\/index.php\/2022\/07\/26\/cetiri-tisuce-djece-u-orasju-naucile-plivati\/#primaryimage"},"thumbnailUrl":"https:\/\/radioljubuski.ba\/wp-content\/uploads\/2022\/07\/10-2022-07-25-16-31-22-Snimka-zaslona-2022-07-25-162920.jpg","articleSection":["BIH i regija"],"inLanguage":"hr"},{"@type":"WebPage","@id":"https:\/\/radioljubuski.ba\/index.php\/2022\/07\/26\/cetiri-tisuce-djece-u-orasju-naucile-plivati\/","url":"https:\/\/radioljubuski.ba\/index.php\/2022\/07\/26\/cetiri-tisuce-djece-u-orasju-naucile-plivati\/","name":"\u010cetiri tisu\u0107e djece u Ora\u0161ju nau\u010dile plivati - RADIO LJUBU\u0160KI","isPartOf":{"@id":"https:\/\/radioljubuski.ba\/#website"},"primaryImageOfPage":{"@id":"https:\/\/radioljubuski.ba\/index.php\/2022\/07\/26\/cetiri-tisuce-djece-u-orasju-naucile-plivati\/#primaryimage"},"image":{"@id":"https:\/\/radioljubuski.ba\/index.php\/2022\/07\/26\/cetiri-tisuce-djece-u-orasju-naucile-plivati\/#primaryimage"},"thumbnailUrl":"https:\/\/radioljubuski.ba\/wp-content\/uploads\/2022\/07\/10-2022-07-25-16-31-22-Snimka-zaslona-2022-07-25-162920.jpg","datePublished":"2022-07-26T10:19:03+00:00","dateModified":"2022-07-26T10:19:04+00:00","breadcrumb":{"@id":"https:\/\/radioljubuski.ba\/index.php\/2022\/07\/26\/cetiri-tisuce-djece-u-orasju-naucile-plivati\/#breadcrumb"},"inLanguage":"hr","potentialAction":[{"@type":"ReadAction","target":["https:\/\/radioljubuski.ba\/index.php\/2022\/07\/26\/cetiri-tisuce-djece-u-orasju-naucile-plivati\/"]}]},{"@type":"ImageObject","inLanguage":"hr","@id":"https:\/\/radioljubuski.ba\/index.php\/2022\/07\/26\/cetiri-tisuce-djece-u-orasju-naucile-plivati\/#primaryimage","url":"https:\/\/radioljubuski.ba\/wp-content\/uploads\/2022\/07\/10-2022-07-25-16-31-22-Snimka-zaslona-2022-07-25-162920.jpg","contentUrl":"https:\/\/radioljubuski.ba\/wp-content\/uploads\/2022\/07\/10-2022-07-25-16-31-22-Snimka-zaslona-2022-07-25-162920.jpg","width":1000,"height":625},{"@type":"BreadcrumbList","@id":"https:\/\/radioljubuski.ba\/index.php\/2022\/07\/26\/cetiri-tisuce-djece-u-orasju-naucile-plivati\/#breadcrumb","itemListElement":[{"@type":"ListItem","position":1,"name":"Po\u010detna stranica","item":"https:\/\/radioljubuski.ba\/"},{"@type":"ListItem","position":2,"name":"\u010cetiri tisu\u0107e djece u Ora\u0161ju nau\u010dile plivati"}]},{"@type":"WebSite","@id":"https:\/\/radioljubuski.ba\/#website","url":"https:\/\/radioljubuski.ba\/","name":"Radio Ljubu\u0161ki","description":"Sun\u010dana frekvencija Hercegovine","publisher":{"@id":"https:\/\/radioljubuski.ba\/#organization"},"potentialAction":[{"@type":"SearchAction","target":{"@type":"EntryPoint","urlTemplate":"https:\/\/radioljubuski.ba\/?s={search_term_string}"},"query-input":{"@type":"PropertyValueSpecification","valueRequired":true,"valueName":"search_term_string"}}],"inLanguage":"hr"},{"@type":"Organization","@id":"https:\/\/radioljubuski.ba\/#organization","name":"Radio Ljubu\u0161ki","url":"https:\/\/radioljubuski.ba\/","logo":{"@type":"ImageObject","inLanguage":"hr","@id":"https:\/\/radioljubuski.ba\/#\/schema\/logo\/image\/","url":"https:\/\/radioljubuski.ba\/wp-content\/uploads\/2021\/02\/cropped-Radio_Ljubuski_logo1.jpg","contentUrl":"https:\/\/radioljubuski.ba\/wp-content\/uploads\/2021\/02\/cropped-Radio_Ljubuski_logo1.jpg","width":512,"height":512,"caption":"Radio Ljubu\u0161ki"},"image":{"@id":"https:\/\/radioljubuski.ba\/#\/schema\/logo\/image\/"},"sameAs":["https:\/\/www.facebook.com\/Radiio-Ljubuski-1490835324566332","https:\/\/x.com\/radioljubuski","https:\/\/hr.linkedin.com\/company\/radio-ljubuski","https:\/\/www.youtube.com\/channel\/UCHYaeO_n0Db3tjNGudGpXyw"]},{"@type":"Person","@id":"https:\/\/radioljubuski.ba\/#\/schema\/person\/19fc700381a780f69665d7956c469e3b","name":"Radio Ljubu\u0161ki"}]}},"_links":{"self":[{"href":"https:\/\/radioljubuski.ba\/index.php\/wp-json\/wp\/v2\/posts\/163542","targetHints":{"allow":["GET"]}}],"collection":[{"href":"https:\/\/radioljubuski.ba\/index.php\/wp-json\/wp\/v2\/posts"}],"about":[{"href":"https:\/\/radioljubuski.ba\/index.php\/wp-json\/wp\/v2\/types\/post"}],"author":[{"embeddable":true,"href":"https:\/\/radioljubuski.ba\/index.php\/wp-json\/wp\/v2\/users\/2"}],"replies":[{"embeddable":true,"href":"https:\/\/radioljubuski.ba\/index.php\/wp-json\/wp\/v2\/comments?post=163542"}],"version-history":[{"count":1,"href":"https:\/\/radioljubuski.ba\/index.php\/wp-json\/wp\/v2\/posts\/163542\/revisions"}],"predecessor-version":[{"id":163544,"href":"https:\/\/radioljubuski.ba\/index.php\/wp-json\/wp\/v2\/posts\/163542\/revisions\/163544"}],"wp:featuredmedia":[{"embeddable":true,"href":"https:\/\/radioljubuski.ba\/index.php\/wp-json\/wp\/v2\/media\/163543"}],"wp:attachment":[{"href":"https:\/\/radioljubuski.ba\/index.php\/wp-json\/wp\/v2\/media?parent=163542"}],"wp:term":[{"taxonomy":"category","embeddable":true,"href":"https:\/\/radioljubuski.ba\/index.php\/wp-json\/wp\/v2\/categories?post=163542"},{"taxonomy":"post_tag","embeddable":true,"href":"https:\/\/radioljubuski.ba\/index.php\/wp-json\/wp\/v2\/tags?post=163542"}],"curies":[{"name":"wp","href":"https:\/\/api.w.org\/{rel}","templated":true}]}}