{"id":163553,"date":"2022-07-26T11:23:30","date_gmt":"2022-07-26T10:23:30","guid":{"rendered":"https:\/\/radioljubuski.ba\/?p=163553"},"modified":"2022-07-26T11:23:31","modified_gmt":"2022-07-26T10:23:31","slug":"sip-odbio-ovjeru-iste-stranke-za-bih","status":"publish","type":"post","link":"https:\/\/radioljubuski.ba\/index.php\/2022\/07\/26\/sip-odbio-ovjeru-iste-stranke-za-bih\/","title":{"rendered":"SIP odbio ovjeru iste Stranke za BiH"},"content":{"rendered":"\n<p>Sredi\u0161nje izborno povjerenstvo BiH (SIP) zavr\u0161ilo je proces ovjere kandidacijskih lista i kandidata koji ispunjavaju zakonom propisane uvjete za sudjelovanje na op\u0107im izborima zakazanim za 2. listopada.<\/p>\n\n\n\n<p>Prethodno je SIP BiH ovjerio 750 kandidacijskih lista, dok je 78 kandidacijskih lista imalo nedostatke ili nepravilnosti koje su trebali otkloniti u roku od pet dana, a koji je istekao 19. srpnja.<\/p>\n\n\n\n<p>&#8211; Od ukupno 78 kandidacijskih lista koje su imale nedostatke ili nepravilnosti, Sredi\u0161nje izborno povjerenstvo BiH ju\u010der je ovjerilo 72 kandidacijske liste od kojih je jedna ovjerena samo u dijelu koji ispunjava uvjete jer nisu u cjelosti otklonjeni nedostaci &#8211; priop\u0107eno je iz SIP-a.<\/p>\n\n\n\n<p>Kako je re\u010deno na samoj sjednici SIP-a, djelomi\u010dno je ovjerena lista BPS-a Sefer Halilovi\u0107. SIP BiH odbio je ovjeru \u0161est kandidacijskih lista jer ne ispunjavaju zakonske uvjete za ovjeru. U pitanju su kandidacijska lista Stranke za BiH za Predsjedni\u0161tvo BiH na kojoj je bio Nermin \u0160ehovi\u0107, a koja je odbijena jer nije dostavljena njegova izjava.<\/p>\n\n\n\n<p>Ranije je sam \u0160ehovi\u0107 izjavio medijima da nije kandidat SBiH za \u010dlana Predsjedni\u0161tva BiH i da nije predao svoju izjavu za tu kandidaturu.&nbsp;<\/p>\n\n\n\n<p>Izvor:vecernji.ba<\/p>\n","protected":false},"excerpt":{"rendered":"<p>Sredi\u0161nje izborno povjerenstvo BiH (SIP) zavr\u0161ilo je proces ovjere kandidacijskih lista i kandidata koji ispunjavaju zakonom propisane uvjete za sudjelovanje na op\u0107im izborima zakazanim za 2. listopada. Prethodno je SIP BiH ovjerio 750 kandidacijskih lista, dok je 78 kandidacijskih lista imalo nedostatke ili nepravilnosti koje su trebali otkloniti u roku od pet dana, a koji [&hellip;]<\/p>\n","protected":false},"author":2,"featured_media":163554,"comment_status":"closed","ping_status":"closed","sticky":false,"template":"","format":"standard","meta":{"h5ap_radio_sources":[],"footnotes":""},"categories":[1],"tags":[],"class_list":["post-163553","post","type-post","status-publish","format-standard","has-post-thumbnail","hentry","category-bihiregija"],"yoast_head":"<!-- This site is optimized with the Yoast SEO plugin v27.5 - https:\/\/yoast.com\/product\/yoast-seo-wordpress\/ -->\n<title>SIP odbio ovjeru iste Stranke za BiH - RADIO LJUBU\u0160KI<\/title>\n<meta name=\"robots\" content=\"index, follow, max-snippet:-1, max-image-preview:large, max-video-preview:-1\" \/>\n<link rel=\"canonical\" href=\"https:\/\/radioljubuski.ba\/index.php\/2022\/07\/26\/sip-odbio-ovjeru-iste-stranke-za-bih\/\" \/>\n<meta property=\"og:locale\" content=\"hr_HR\" \/>\n<meta property=\"og:type\" content=\"article\" \/>\n<meta property=\"og:title\" content=\"SIP odbio ovjeru iste Stranke za BiH - RADIO LJUBU\u0160KI\" \/>\n<meta property=\"og:description\" content=\"Sredi\u0161nje izborno povjerenstvo BiH (SIP) zavr\u0161ilo je proces ovjere kandidacijskih lista i kandidata koji ispunjavaju zakonom propisane uvjete za sudjelovanje na op\u0107im izborima zakazanim za 2. listopada. Prethodno je SIP BiH ovjerio 750 kandidacijskih lista, dok je 78 kandidacijskih lista imalo nedostatke ili nepravilnosti koje su trebali otkloniti u roku od pet dana, a koji [&hellip;]\" \/>\n<meta property=\"og:url\" content=\"https:\/\/radioljubuski.ba\/index.php\/2022\/07\/26\/sip-odbio-ovjeru-iste-stranke-za-bih\/\" \/>\n<meta property=\"og:site_name\" content=\"RADIO LJUBU\u0160KI\" \/>\n<meta property=\"article:publisher\" content=\"https:\/\/www.facebook.com\/Radiio-Ljubuski-1490835324566332\" \/>\n<meta property=\"article:published_time\" content=\"2022-07-26T10:23:30+00:00\" \/>\n<meta property=\"article:modified_time\" content=\"2022-07-26T10:23:31+00:00\" \/>\n<meta property=\"og:image\" content=\"https:\/\/radioljubuski.ba\/wp-content\/uploads\/2022\/07\/10-2022-07-25-17-52-11-Snimka-zaslona-2022-07-25-175203.jpg\" \/>\n\t<meta property=\"og:image:width\" content=\"1000\" \/>\n\t<meta property=\"og:image:height\" content=\"625\" \/>\n\t<meta property=\"og:image:type\" content=\"image\/jpeg\" \/>\n<meta name=\"author\" content=\"Radio Ljubu\u0161ki\" \/>\n<meta name=\"twitter:card\" content=\"summary_large_image\" \/>\n<meta name=\"twitter:creator\" content=\"@radioljubuski\" \/>\n<meta name=\"twitter:site\" content=\"@radioljubuski\" \/>\n<meta name=\"twitter:label1\" content=\"Napisao\/la\" \/>\n\t<meta name=\"twitter:data1\" content=\"Radio Ljubu\u0161ki\" \/>\n\t<meta name=\"twitter:label2\" content=\"Procijenjeno vrijeme \u010ditanja\" \/>\n\t<meta name=\"twitter:data2\" content=\"1 minuta\" \/>\n<script type=\"application\/ld+json\" class=\"yoast-schema-graph\">{\"@context\":\"https:\\\/\\\/schema.org\",\"@graph\":[{\"@type\":\"Article\",\"@id\":\"https:\\\/\\\/radioljubuski.ba\\\/index.php\\\/2022\\\/07\\\/26\\\/sip-odbio-ovjeru-iste-stranke-za-bih\\\/#article\",\"isPartOf\":{\"@id\":\"https:\\\/\\\/radioljubuski.ba\\\/index.php\\\/2022\\\/07\\\/26\\\/sip-odbio-ovjeru-iste-stranke-za-bih\\\/\"},\"author\":{\"name\":\"Radio Ljubu\u0161ki\",\"@id\":\"https:\\\/\\\/radioljubuski.ba\\\/#\\\/schema\\\/person\\\/19fc700381a780f69665d7956c469e3b\"},\"headline\":\"SIP odbio ovjeru iste Stranke za BiH\",\"datePublished\":\"2022-07-26T10:23:30+00:00\",\"dateModified\":\"2022-07-26T10:23:31+00:00\",\"mainEntityOfPage\":{\"@id\":\"https:\\\/\\\/radioljubuski.ba\\\/index.php\\\/2022\\\/07\\\/26\\\/sip-odbio-ovjeru-iste-stranke-za-bih\\\/\"},\"wordCount\":196,\"publisher\":{\"@id\":\"https:\\\/\\\/radioljubuski.ba\\\/#organization\"},\"image\":{\"@id\":\"https:\\\/\\\/radioljubuski.ba\\\/index.php\\\/2022\\\/07\\\/26\\\/sip-odbio-ovjeru-iste-stranke-za-bih\\\/#primaryimage\"},\"thumbnailUrl\":\"https:\\\/\\\/radioljubuski.ba\\\/wp-content\\\/uploads\\\/2022\\\/07\\\/10-2022-07-25-17-52-11-Snimka-zaslona-2022-07-25-175203.jpg\",\"articleSection\":[\"BIH i regija\"],\"inLanguage\":\"hr\"},{\"@type\":\"WebPage\",\"@id\":\"https:\\\/\\\/radioljubuski.ba\\\/index.php\\\/2022\\\/07\\\/26\\\/sip-odbio-ovjeru-iste-stranke-za-bih\\\/\",\"url\":\"https:\\\/\\\/radioljubuski.ba\\\/index.php\\\/2022\\\/07\\\/26\\\/sip-odbio-ovjeru-iste-stranke-za-bih\\\/\",\"name\":\"SIP odbio ovjeru iste Stranke za BiH - RADIO LJUBU\u0160KI\",\"isPartOf\":{\"@id\":\"https:\\\/\\\/radioljubuski.ba\\\/#website\"},\"primaryImageOfPage\":{\"@id\":\"https:\\\/\\\/radioljubuski.ba\\\/index.php\\\/2022\\\/07\\\/26\\\/sip-odbio-ovjeru-iste-stranke-za-bih\\\/#primaryimage\"},\"image\":{\"@id\":\"https:\\\/\\\/radioljubuski.ba\\\/index.php\\\/2022\\\/07\\\/26\\\/sip-odbio-ovjeru-iste-stranke-za-bih\\\/#primaryimage\"},\"thumbnailUrl\":\"https:\\\/\\\/radioljubuski.ba\\\/wp-content\\\/uploads\\\/2022\\\/07\\\/10-2022-07-25-17-52-11-Snimka-zaslona-2022-07-25-175203.jpg\",\"datePublished\":\"2022-07-26T10:23:30+00:00\",\"dateModified\":\"2022-07-26T10:23:31+00:00\",\"breadcrumb\":{\"@id\":\"https:\\\/\\\/radioljubuski.ba\\\/index.php\\\/2022\\\/07\\\/26\\\/sip-odbio-ovjeru-iste-stranke-za-bih\\\/#breadcrumb\"},\"inLanguage\":\"hr\",\"potentialAction\":[{\"@type\":\"ReadAction\",\"target\":[\"https:\\\/\\\/radioljubuski.ba\\\/index.php\\\/2022\\\/07\\\/26\\\/sip-odbio-ovjeru-iste-stranke-za-bih\\\/\"]}]},{\"@type\":\"ImageObject\",\"inLanguage\":\"hr\",\"@id\":\"https:\\\/\\\/radioljubuski.ba\\\/index.php\\\/2022\\\/07\\\/26\\\/sip-odbio-ovjeru-iste-stranke-za-bih\\\/#primaryimage\",\"url\":\"https:\\\/\\\/radioljubuski.ba\\\/wp-content\\\/uploads\\\/2022\\\/07\\\/10-2022-07-25-17-52-11-Snimka-zaslona-2022-07-25-175203.jpg\",\"contentUrl\":\"https:\\\/\\\/radioljubuski.ba\\\/wp-content\\\/uploads\\\/2022\\\/07\\\/10-2022-07-25-17-52-11-Snimka-zaslona-2022-07-25-175203.jpg\",\"width\":1000,\"height\":625},{\"@type\":\"BreadcrumbList\",\"@id\":\"https:\\\/\\\/radioljubuski.ba\\\/index.php\\\/2022\\\/07\\\/26\\\/sip-odbio-ovjeru-iste-stranke-za-bih\\\/#breadcrumb\",\"itemListElement\":[{\"@type\":\"ListItem\",\"position\":1,\"name\":\"Po\u010detna stranica\",\"item\":\"https:\\\/\\\/radioljubuski.ba\\\/\"},{\"@type\":\"ListItem\",\"position\":2,\"name\":\"SIP odbio ovjeru iste Stranke za BiH\"}]},{\"@type\":\"WebSite\",\"@id\":\"https:\\\/\\\/radioljubuski.ba\\\/#website\",\"url\":\"https:\\\/\\\/radioljubuski.ba\\\/\",\"name\":\"Radio Ljubu\u0161ki\",\"description\":\"Sun\u010dana frekvencija Hercegovine\",\"publisher\":{\"@id\":\"https:\\\/\\\/radioljubuski.ba\\\/#organization\"},\"potentialAction\":[{\"@type\":\"SearchAction\",\"target\":{\"@type\":\"EntryPoint\",\"urlTemplate\":\"https:\\\/\\\/radioljubuski.ba\\\/?s={search_term_string}\"},\"query-input\":{\"@type\":\"PropertyValueSpecification\",\"valueRequired\":true,\"valueName\":\"search_term_string\"}}],\"inLanguage\":\"hr\"},{\"@type\":\"Organization\",\"@id\":\"https:\\\/\\\/radioljubuski.ba\\\/#organization\",\"name\":\"Radio Ljubu\u0161ki\",\"url\":\"https:\\\/\\\/radioljubuski.ba\\\/\",\"logo\":{\"@type\":\"ImageObject\",\"inLanguage\":\"hr\",\"@id\":\"https:\\\/\\\/radioljubuski.ba\\\/#\\\/schema\\\/logo\\\/image\\\/\",\"url\":\"https:\\\/\\\/radioljubuski.ba\\\/wp-content\\\/uploads\\\/2021\\\/02\\\/cropped-Radio_Ljubuski_logo1.jpg\",\"contentUrl\":\"https:\\\/\\\/radioljubuski.ba\\\/wp-content\\\/uploads\\\/2021\\\/02\\\/cropped-Radio_Ljubuski_logo1.jpg\",\"width\":512,\"height\":512,\"caption\":\"Radio Ljubu\u0161ki\"},\"image\":{\"@id\":\"https:\\\/\\\/radioljubuski.ba\\\/#\\\/schema\\\/logo\\\/image\\\/\"},\"sameAs\":[\"https:\\\/\\\/www.facebook.com\\\/Radiio-Ljubuski-1490835324566332\",\"https:\\\/\\\/x.com\\\/radioljubuski\",\"https:\\\/\\\/hr.linkedin.com\\\/company\\\/radio-ljubuski\",\"https:\\\/\\\/www.youtube.com\\\/channel\\\/UCHYaeO_n0Db3tjNGudGpXyw\"]},{\"@type\":\"Person\",\"@id\":\"https:\\\/\\\/radioljubuski.ba\\\/#\\\/schema\\\/person\\\/19fc700381a780f69665d7956c469e3b\",\"name\":\"Radio Ljubu\u0161ki\"}]}<\/script>\n<!-- \/ Yoast SEO plugin. -->","yoast_head_json":{"title":"SIP odbio ovjeru iste Stranke za BiH - RADIO LJUBU\u0160KI","robots":{"index":"index","follow":"follow","max-snippet":"max-snippet:-1","max-image-preview":"max-image-preview:large","max-video-preview":"max-video-preview:-1"},"canonical":"https:\/\/radioljubuski.ba\/index.php\/2022\/07\/26\/sip-odbio-ovjeru-iste-stranke-za-bih\/","og_locale":"hr_HR","og_type":"article","og_title":"SIP odbio ovjeru iste Stranke za BiH - RADIO LJUBU\u0160KI","og_description":"Sredi\u0161nje izborno povjerenstvo BiH (SIP) zavr\u0161ilo je proces ovjere kandidacijskih lista i kandidata koji ispunjavaju zakonom propisane uvjete za sudjelovanje na op\u0107im izborima zakazanim za 2. listopada. Prethodno je SIP BiH ovjerio 750 kandidacijskih lista, dok je 78 kandidacijskih lista imalo nedostatke ili nepravilnosti koje su trebali otkloniti u roku od pet dana, a koji [&hellip;]","og_url":"https:\/\/radioljubuski.ba\/index.php\/2022\/07\/26\/sip-odbio-ovjeru-iste-stranke-za-bih\/","og_site_name":"RADIO LJUBU\u0160KI","article_publisher":"https:\/\/www.facebook.com\/Radiio-Ljubuski-1490835324566332","article_published_time":"2022-07-26T10:23:30+00:00","article_modified_time":"2022-07-26T10:23:31+00:00","og_image":[{"width":1000,"height":625,"url":"https:\/\/radioljubuski.ba\/wp-content\/uploads\/2022\/07\/10-2022-07-25-17-52-11-Snimka-zaslona-2022-07-25-175203.jpg","type":"image\/jpeg"}],"author":"Radio Ljubu\u0161ki","twitter_card":"summary_large_image","twitter_creator":"@radioljubuski","twitter_site":"@radioljubuski","twitter_misc":{"Napisao\/la":"Radio Ljubu\u0161ki","Procijenjeno vrijeme \u010ditanja":"1 minuta"},"schema":{"@context":"https:\/\/schema.org","@graph":[{"@type":"Article","@id":"https:\/\/radioljubuski.ba\/index.php\/2022\/07\/26\/sip-odbio-ovjeru-iste-stranke-za-bih\/#article","isPartOf":{"@id":"https:\/\/radioljubuski.ba\/index.php\/2022\/07\/26\/sip-odbio-ovjeru-iste-stranke-za-bih\/"},"author":{"name":"Radio Ljubu\u0161ki","@id":"https:\/\/radioljubuski.ba\/#\/schema\/person\/19fc700381a780f69665d7956c469e3b"},"headline":"SIP odbio ovjeru iste Stranke za BiH","datePublished":"2022-07-26T10:23:30+00:00","dateModified":"2022-07-26T10:23:31+00:00","mainEntityOfPage":{"@id":"https:\/\/radioljubuski.ba\/index.php\/2022\/07\/26\/sip-odbio-ovjeru-iste-stranke-za-bih\/"},"wordCount":196,"publisher":{"@id":"https:\/\/radioljubuski.ba\/#organization"},"image":{"@id":"https:\/\/radioljubuski.ba\/index.php\/2022\/07\/26\/sip-odbio-ovjeru-iste-stranke-za-bih\/#primaryimage"},"thumbnailUrl":"https:\/\/radioljubuski.ba\/wp-content\/uploads\/2022\/07\/10-2022-07-25-17-52-11-Snimka-zaslona-2022-07-25-175203.jpg","articleSection":["BIH i regija"],"inLanguage":"hr"},{"@type":"WebPage","@id":"https:\/\/radioljubuski.ba\/index.php\/2022\/07\/26\/sip-odbio-ovjeru-iste-stranke-za-bih\/","url":"https:\/\/radioljubuski.ba\/index.php\/2022\/07\/26\/sip-odbio-ovjeru-iste-stranke-za-bih\/","name":"SIP odbio ovjeru iste Stranke za BiH - RADIO LJUBU\u0160KI","isPartOf":{"@id":"https:\/\/radioljubuski.ba\/#website"},"primaryImageOfPage":{"@id":"https:\/\/radioljubuski.ba\/index.php\/2022\/07\/26\/sip-odbio-ovjeru-iste-stranke-za-bih\/#primaryimage"},"image":{"@id":"https:\/\/radioljubuski.ba\/index.php\/2022\/07\/26\/sip-odbio-ovjeru-iste-stranke-za-bih\/#primaryimage"},"thumbnailUrl":"https:\/\/radioljubuski.ba\/wp-content\/uploads\/2022\/07\/10-2022-07-25-17-52-11-Snimka-zaslona-2022-07-25-175203.jpg","datePublished":"2022-07-26T10:23:30+00:00","dateModified":"2022-07-26T10:23:31+00:00","breadcrumb":{"@id":"https:\/\/radioljubuski.ba\/index.php\/2022\/07\/26\/sip-odbio-ovjeru-iste-stranke-za-bih\/#breadcrumb"},"inLanguage":"hr","potentialAction":[{"@type":"ReadAction","target":["https:\/\/radioljubuski.ba\/index.php\/2022\/07\/26\/sip-odbio-ovjeru-iste-stranke-za-bih\/"]}]},{"@type":"ImageObject","inLanguage":"hr","@id":"https:\/\/radioljubuski.ba\/index.php\/2022\/07\/26\/sip-odbio-ovjeru-iste-stranke-za-bih\/#primaryimage","url":"https:\/\/radioljubuski.ba\/wp-content\/uploads\/2022\/07\/10-2022-07-25-17-52-11-Snimka-zaslona-2022-07-25-175203.jpg","contentUrl":"https:\/\/radioljubuski.ba\/wp-content\/uploads\/2022\/07\/10-2022-07-25-17-52-11-Snimka-zaslona-2022-07-25-175203.jpg","width":1000,"height":625},{"@type":"BreadcrumbList","@id":"https:\/\/radioljubuski.ba\/index.php\/2022\/07\/26\/sip-odbio-ovjeru-iste-stranke-za-bih\/#breadcrumb","itemListElement":[{"@type":"ListItem","position":1,"name":"Po\u010detna stranica","item":"https:\/\/radioljubuski.ba\/"},{"@type":"ListItem","position":2,"name":"SIP odbio ovjeru iste Stranke za BiH"}]},{"@type":"WebSite","@id":"https:\/\/radioljubuski.ba\/#website","url":"https:\/\/radioljubuski.ba\/","name":"Radio Ljubu\u0161ki","description":"Sun\u010dana frekvencija Hercegovine","publisher":{"@id":"https:\/\/radioljubuski.ba\/#organization"},"potentialAction":[{"@type":"SearchAction","target":{"@type":"EntryPoint","urlTemplate":"https:\/\/radioljubuski.ba\/?s={search_term_string}"},"query-input":{"@type":"PropertyValueSpecification","valueRequired":true,"valueName":"search_term_string"}}],"inLanguage":"hr"},{"@type":"Organization","@id":"https:\/\/radioljubuski.ba\/#organization","name":"Radio Ljubu\u0161ki","url":"https:\/\/radioljubuski.ba\/","logo":{"@type":"ImageObject","inLanguage":"hr","@id":"https:\/\/radioljubuski.ba\/#\/schema\/logo\/image\/","url":"https:\/\/radioljubuski.ba\/wp-content\/uploads\/2021\/02\/cropped-Radio_Ljubuski_logo1.jpg","contentUrl":"https:\/\/radioljubuski.ba\/wp-content\/uploads\/2021\/02\/cropped-Radio_Ljubuski_logo1.jpg","width":512,"height":512,"caption":"Radio Ljubu\u0161ki"},"image":{"@id":"https:\/\/radioljubuski.ba\/#\/schema\/logo\/image\/"},"sameAs":["https:\/\/www.facebook.com\/Radiio-Ljubuski-1490835324566332","https:\/\/x.com\/radioljubuski","https:\/\/hr.linkedin.com\/company\/radio-ljubuski","https:\/\/www.youtube.com\/channel\/UCHYaeO_n0Db3tjNGudGpXyw"]},{"@type":"Person","@id":"https:\/\/radioljubuski.ba\/#\/schema\/person\/19fc700381a780f69665d7956c469e3b","name":"Radio Ljubu\u0161ki"}]}},"_links":{"self":[{"href":"https:\/\/radioljubuski.ba\/index.php\/wp-json\/wp\/v2\/posts\/163553","targetHints":{"allow":["GET"]}}],"collection":[{"href":"https:\/\/radioljubuski.ba\/index.php\/wp-json\/wp\/v2\/posts"}],"about":[{"href":"https:\/\/radioljubuski.ba\/index.php\/wp-json\/wp\/v2\/types\/post"}],"author":[{"embeddable":true,"href":"https:\/\/radioljubuski.ba\/index.php\/wp-json\/wp\/v2\/users\/2"}],"replies":[{"embeddable":true,"href":"https:\/\/radioljubuski.ba\/index.php\/wp-json\/wp\/v2\/comments?post=163553"}],"version-history":[{"count":1,"href":"https:\/\/radioljubuski.ba\/index.php\/wp-json\/wp\/v2\/posts\/163553\/revisions"}],"predecessor-version":[{"id":163555,"href":"https:\/\/radioljubuski.ba\/index.php\/wp-json\/wp\/v2\/posts\/163553\/revisions\/163555"}],"wp:featuredmedia":[{"embeddable":true,"href":"https:\/\/radioljubuski.ba\/index.php\/wp-json\/wp\/v2\/media\/163554"}],"wp:attachment":[{"href":"https:\/\/radioljubuski.ba\/index.php\/wp-json\/wp\/v2\/media?parent=163553"}],"wp:term":[{"taxonomy":"category","embeddable":true,"href":"https:\/\/radioljubuski.ba\/index.php\/wp-json\/wp\/v2\/categories?post=163553"},{"taxonomy":"post_tag","embeddable":true,"href":"https:\/\/radioljubuski.ba\/index.php\/wp-json\/wp\/v2\/tags?post=163553"}],"curies":[{"name":"wp","href":"https:\/\/api.w.org\/{rel}","templated":true}]}}