{"id":163559,"date":"2022-07-26T11:40:01","date_gmt":"2022-07-26T10:40:01","guid":{"rendered":"https:\/\/radioljubuski.ba\/?p=163559"},"modified":"2022-07-26T11:40:01","modified_gmt":"2022-07-26T10:40:01","slug":"koncert-filmske-glazbe-ponovno-pred-posusanima","status":"publish","type":"post","link":"https:\/\/radioljubuski.ba\/index.php\/2022\/07\/26\/koncert-filmske-glazbe-ponovno-pred-posusanima\/","title":{"rendered":"Koncert Filmske Glazbe ponovno pred Posu\u0161anima"},"content":{"rendered":"\n<p>Granice se redovito pomjeraju, tako da su ove godine, uz obilje filmskih soundtrackova i glazbenih tema, u program uvr\u0161tene i glazbene podloge iz serija koje imaju sve ve\u0107u gledanost na streaming servisima. <\/p>\n\n\n\n<p>U ponedjeljak 1. kolovoza od 20:30 sati Posu\u0161ani imaju po peti put priliku u\u017eivati u Koncertu Filmske Glazbe. Pozornica koncerta je na uobi\u010dajenom mjestu, ispred zgrade Op\u0107ine Posu\u0161je, a poznaju\u0107i posu\u0161ke glazbenike iz Ku\u0107nog Benda Filmske Glazbe sigurni smo da ni\u0161ta drugo ne\u0107e biti uobi\u010dajeno. <\/p>\n\n\n\n<p>Granice se redovito pomjeraju, tako da su ove godine, uz obilje filmskih soundtrackova i glazbenih tema, u program uvr\u0161tene i glazbene podloge iz serija koje imaju sve ve\u0107u gledanost na streaming servisima. Mladi bendovi posu\u0161ke Rock Akademije imaju priliku ugostiti svoje vr\u0161njake iz Mostar Rock School te bend Lovers kojeg sa\u010dinjavaju polaznici Glazbene \u0161kole Imotski. Prilika je ovo da se posu\u0161koj publici predstave i glazbenici iz Bratunca, Novog Sada, Tomislavgrada\u2026. sa svojim zanimljivim aran\u017emanima filmske glazbe. Iz organizacije najavljuju jednu novost koja \u0107e razveseliti njihovu stalnu publiku. <\/p>\n\n\n\n<p>Naime, ove godine, na dan koncerta 1.kolovoza, u prodaju \u0107e biti pu\u0161tene majice s logom i programom koncerta, po promotivnoj cijeni od 10 KM. Svi koji \u017eele pratiti Koncert, a nisu u mogu\u0107nosti sti\u0107i tu ve\u010der do Posu\u0161ja, mo\u0107i \u0107e pratiti izravne prijenose na radio postajama Posu\u0161je, Plus, Herceg Bosna te uz svoje TV-prijemnike na programu RTV HB od 20:30 sati.<\/p>\n\n\n\n<p> Izvor: <a href=\"https:\/\/bljesak.info\/kultura\/glazba\/koncert-filmske-glazbe-ponovno-pred-posusanima\/389384\">Bljesak info<\/a><\/p>\n","protected":false},"excerpt":{"rendered":"<p>Granice se redovito pomjeraju, tako da su ove godine, uz obilje filmskih soundtrackova i glazbenih tema, u program uvr\u0161tene i glazbene podloge iz serija koje imaju sve ve\u0107u gledanost na streaming servisima. U ponedjeljak 1. kolovoza od 20:30 sati Posu\u0161ani imaju po peti put priliku u\u017eivati u Koncertu Filmske Glazbe. Pozornica koncerta je na uobi\u010dajenom [&hellip;]<\/p>\n","protected":false},"author":2,"featured_media":163583,"comment_status":"closed","ping_status":"closed","sticky":false,"template":"","format":"standard","meta":{"h5ap_radio_sources":[],"footnotes":""},"categories":[1],"tags":[],"class_list":["post-163559","post","type-post","status-publish","format-standard","has-post-thumbnail","hentry","category-bihiregija"],"yoast_head":"<!-- This site is optimized with the Yoast SEO plugin v27.5 - https:\/\/yoast.com\/product\/yoast-seo-wordpress\/ -->\n<title>Koncert Filmske Glazbe ponovno pred Posu\u0161anima - RADIO LJUBU\u0160KI<\/title>\n<meta name=\"robots\" content=\"index, follow, max-snippet:-1, max-image-preview:large, max-video-preview:-1\" \/>\n<link rel=\"canonical\" href=\"https:\/\/radioljubuski.ba\/index.php\/2022\/07\/26\/koncert-filmske-glazbe-ponovno-pred-posusanima\/\" \/>\n<meta property=\"og:locale\" content=\"hr_HR\" \/>\n<meta property=\"og:type\" content=\"article\" \/>\n<meta property=\"og:title\" content=\"Koncert Filmske Glazbe ponovno pred Posu\u0161anima - RADIO LJUBU\u0160KI\" \/>\n<meta property=\"og:description\" content=\"Granice se redovito pomjeraju, tako da su ove godine, uz obilje filmskih soundtrackova i glazbenih tema, u program uvr\u0161tene i glazbene podloge iz serija koje imaju sve ve\u0107u gledanost na streaming servisima. U ponedjeljak 1. kolovoza od 20:30 sati Posu\u0161ani imaju po peti put priliku u\u017eivati u Koncertu Filmske Glazbe. Pozornica koncerta je na uobi\u010dajenom [&hellip;]\" \/>\n<meta property=\"og:url\" content=\"https:\/\/radioljubuski.ba\/index.php\/2022\/07\/26\/koncert-filmske-glazbe-ponovno-pred-posusanima\/\" \/>\n<meta property=\"og:site_name\" content=\"RADIO LJUBU\u0160KI\" \/>\n<meta property=\"article:publisher\" content=\"https:\/\/www.facebook.com\/Radiio-Ljubuski-1490835324566332\" \/>\n<meta property=\"article:published_time\" content=\"2022-07-26T10:40:01+00:00\" \/>\n<meta property=\"og:image\" content=\"https:\/\/radioljubuski.ba\/wp-content\/uploads\/2022\/07\/posusje-koncert-filmske-glazbe2.jpg\" \/>\n\t<meta property=\"og:image:width\" content=\"800\" \/>\n\t<meta property=\"og:image:height\" content=\"550\" \/>\n\t<meta property=\"og:image:type\" content=\"image\/jpeg\" \/>\n<meta name=\"author\" content=\"Radio Ljubu\u0161ki\" \/>\n<meta name=\"twitter:card\" content=\"summary_large_image\" \/>\n<meta name=\"twitter:creator\" content=\"@radioljubuski\" \/>\n<meta name=\"twitter:site\" content=\"@radioljubuski\" \/>\n<meta name=\"twitter:label1\" content=\"Napisao\/la\" \/>\n\t<meta name=\"twitter:data1\" content=\"Radio Ljubu\u0161ki\" \/>\n\t<meta name=\"twitter:label2\" content=\"Procijenjeno vrijeme \u010ditanja\" \/>\n\t<meta name=\"twitter:data2\" content=\"1 minuta\" \/>\n<script type=\"application\/ld+json\" class=\"yoast-schema-graph\">{\"@context\":\"https:\\\/\\\/schema.org\",\"@graph\":[{\"@type\":\"Article\",\"@id\":\"https:\\\/\\\/radioljubuski.ba\\\/index.php\\\/2022\\\/07\\\/26\\\/koncert-filmske-glazbe-ponovno-pred-posusanima\\\/#article\",\"isPartOf\":{\"@id\":\"https:\\\/\\\/radioljubuski.ba\\\/index.php\\\/2022\\\/07\\\/26\\\/koncert-filmske-glazbe-ponovno-pred-posusanima\\\/\"},\"author\":{\"name\":\"Radio Ljubu\u0161ki\",\"@id\":\"https:\\\/\\\/radioljubuski.ba\\\/#\\\/schema\\\/person\\\/19fc700381a780f69665d7956c469e3b\"},\"headline\":\"Koncert Filmske Glazbe ponovno pred Posu\u0161anima\",\"datePublished\":\"2022-07-26T10:40:01+00:00\",\"mainEntityOfPage\":{\"@id\":\"https:\\\/\\\/radioljubuski.ba\\\/index.php\\\/2022\\\/07\\\/26\\\/koncert-filmske-glazbe-ponovno-pred-posusanima\\\/\"},\"wordCount\":258,\"publisher\":{\"@id\":\"https:\\\/\\\/radioljubuski.ba\\\/#organization\"},\"image\":{\"@id\":\"https:\\\/\\\/radioljubuski.ba\\\/index.php\\\/2022\\\/07\\\/26\\\/koncert-filmske-glazbe-ponovno-pred-posusanima\\\/#primaryimage\"},\"thumbnailUrl\":\"https:\\\/\\\/radioljubuski.ba\\\/wp-content\\\/uploads\\\/2022\\\/07\\\/posusje-koncert-filmske-glazbe2.jpg\",\"articleSection\":[\"BIH i regija\"],\"inLanguage\":\"hr\"},{\"@type\":\"WebPage\",\"@id\":\"https:\\\/\\\/radioljubuski.ba\\\/index.php\\\/2022\\\/07\\\/26\\\/koncert-filmske-glazbe-ponovno-pred-posusanima\\\/\",\"url\":\"https:\\\/\\\/radioljubuski.ba\\\/index.php\\\/2022\\\/07\\\/26\\\/koncert-filmske-glazbe-ponovno-pred-posusanima\\\/\",\"name\":\"Koncert Filmske Glazbe ponovno pred Posu\u0161anima - RADIO LJUBU\u0160KI\",\"isPartOf\":{\"@id\":\"https:\\\/\\\/radioljubuski.ba\\\/#website\"},\"primaryImageOfPage\":{\"@id\":\"https:\\\/\\\/radioljubuski.ba\\\/index.php\\\/2022\\\/07\\\/26\\\/koncert-filmske-glazbe-ponovno-pred-posusanima\\\/#primaryimage\"},\"image\":{\"@id\":\"https:\\\/\\\/radioljubuski.ba\\\/index.php\\\/2022\\\/07\\\/26\\\/koncert-filmske-glazbe-ponovno-pred-posusanima\\\/#primaryimage\"},\"thumbnailUrl\":\"https:\\\/\\\/radioljubuski.ba\\\/wp-content\\\/uploads\\\/2022\\\/07\\\/posusje-koncert-filmske-glazbe2.jpg\",\"datePublished\":\"2022-07-26T10:40:01+00:00\",\"breadcrumb\":{\"@id\":\"https:\\\/\\\/radioljubuski.ba\\\/index.php\\\/2022\\\/07\\\/26\\\/koncert-filmske-glazbe-ponovno-pred-posusanima\\\/#breadcrumb\"},\"inLanguage\":\"hr\",\"potentialAction\":[{\"@type\":\"ReadAction\",\"target\":[\"https:\\\/\\\/radioljubuski.ba\\\/index.php\\\/2022\\\/07\\\/26\\\/koncert-filmske-glazbe-ponovno-pred-posusanima\\\/\"]}]},{\"@type\":\"ImageObject\",\"inLanguage\":\"hr\",\"@id\":\"https:\\\/\\\/radioljubuski.ba\\\/index.php\\\/2022\\\/07\\\/26\\\/koncert-filmske-glazbe-ponovno-pred-posusanima\\\/#primaryimage\",\"url\":\"https:\\\/\\\/radioljubuski.ba\\\/wp-content\\\/uploads\\\/2022\\\/07\\\/posusje-koncert-filmske-glazbe2.jpg\",\"contentUrl\":\"https:\\\/\\\/radioljubuski.ba\\\/wp-content\\\/uploads\\\/2022\\\/07\\\/posusje-koncert-filmske-glazbe2.jpg\",\"width\":800,\"height\":550},{\"@type\":\"BreadcrumbList\",\"@id\":\"https:\\\/\\\/radioljubuski.ba\\\/index.php\\\/2022\\\/07\\\/26\\\/koncert-filmske-glazbe-ponovno-pred-posusanima\\\/#breadcrumb\",\"itemListElement\":[{\"@type\":\"ListItem\",\"position\":1,\"name\":\"Po\u010detna stranica\",\"item\":\"https:\\\/\\\/radioljubuski.ba\\\/\"},{\"@type\":\"ListItem\",\"position\":2,\"name\":\"Koncert Filmske Glazbe ponovno pred Posu\u0161anima\"}]},{\"@type\":\"WebSite\",\"@id\":\"https:\\\/\\\/radioljubuski.ba\\\/#website\",\"url\":\"https:\\\/\\\/radioljubuski.ba\\\/\",\"name\":\"Radio Ljubu\u0161ki\",\"description\":\"Sun\u010dana frekvencija Hercegovine\",\"publisher\":{\"@id\":\"https:\\\/\\\/radioljubuski.ba\\\/#organization\"},\"potentialAction\":[{\"@type\":\"SearchAction\",\"target\":{\"@type\":\"EntryPoint\",\"urlTemplate\":\"https:\\\/\\\/radioljubuski.ba\\\/?s={search_term_string}\"},\"query-input\":{\"@type\":\"PropertyValueSpecification\",\"valueRequired\":true,\"valueName\":\"search_term_string\"}}],\"inLanguage\":\"hr\"},{\"@type\":\"Organization\",\"@id\":\"https:\\\/\\\/radioljubuski.ba\\\/#organization\",\"name\":\"Radio Ljubu\u0161ki\",\"url\":\"https:\\\/\\\/radioljubuski.ba\\\/\",\"logo\":{\"@type\":\"ImageObject\",\"inLanguage\":\"hr\",\"@id\":\"https:\\\/\\\/radioljubuski.ba\\\/#\\\/schema\\\/logo\\\/image\\\/\",\"url\":\"https:\\\/\\\/radioljubuski.ba\\\/wp-content\\\/uploads\\\/2021\\\/02\\\/cropped-Radio_Ljubuski_logo1.jpg\",\"contentUrl\":\"https:\\\/\\\/radioljubuski.ba\\\/wp-content\\\/uploads\\\/2021\\\/02\\\/cropped-Radio_Ljubuski_logo1.jpg\",\"width\":512,\"height\":512,\"caption\":\"Radio Ljubu\u0161ki\"},\"image\":{\"@id\":\"https:\\\/\\\/radioljubuski.ba\\\/#\\\/schema\\\/logo\\\/image\\\/\"},\"sameAs\":[\"https:\\\/\\\/www.facebook.com\\\/Radiio-Ljubuski-1490835324566332\",\"https:\\\/\\\/x.com\\\/radioljubuski\",\"https:\\\/\\\/hr.linkedin.com\\\/company\\\/radio-ljubuski\",\"https:\\\/\\\/www.youtube.com\\\/channel\\\/UCHYaeO_n0Db3tjNGudGpXyw\"]},{\"@type\":\"Person\",\"@id\":\"https:\\\/\\\/radioljubuski.ba\\\/#\\\/schema\\\/person\\\/19fc700381a780f69665d7956c469e3b\",\"name\":\"Radio Ljubu\u0161ki\"}]}<\/script>\n<!-- \/ Yoast SEO plugin. -->","yoast_head_json":{"title":"Koncert Filmske Glazbe ponovno pred Posu\u0161anima - RADIO LJUBU\u0160KI","robots":{"index":"index","follow":"follow","max-snippet":"max-snippet:-1","max-image-preview":"max-image-preview:large","max-video-preview":"max-video-preview:-1"},"canonical":"https:\/\/radioljubuski.ba\/index.php\/2022\/07\/26\/koncert-filmske-glazbe-ponovno-pred-posusanima\/","og_locale":"hr_HR","og_type":"article","og_title":"Koncert Filmske Glazbe ponovno pred Posu\u0161anima - RADIO LJUBU\u0160KI","og_description":"Granice se redovito pomjeraju, tako da su ove godine, uz obilje filmskih soundtrackova i glazbenih tema, u program uvr\u0161tene i glazbene podloge iz serija koje imaju sve ve\u0107u gledanost na streaming servisima. U ponedjeljak 1. kolovoza od 20:30 sati Posu\u0161ani imaju po peti put priliku u\u017eivati u Koncertu Filmske Glazbe. Pozornica koncerta je na uobi\u010dajenom [&hellip;]","og_url":"https:\/\/radioljubuski.ba\/index.php\/2022\/07\/26\/koncert-filmske-glazbe-ponovno-pred-posusanima\/","og_site_name":"RADIO LJUBU\u0160KI","article_publisher":"https:\/\/www.facebook.com\/Radiio-Ljubuski-1490835324566332","article_published_time":"2022-07-26T10:40:01+00:00","og_image":[{"width":800,"height":550,"url":"https:\/\/radioljubuski.ba\/wp-content\/uploads\/2022\/07\/posusje-koncert-filmske-glazbe2.jpg","type":"image\/jpeg"}],"author":"Radio Ljubu\u0161ki","twitter_card":"summary_large_image","twitter_creator":"@radioljubuski","twitter_site":"@radioljubuski","twitter_misc":{"Napisao\/la":"Radio Ljubu\u0161ki","Procijenjeno vrijeme \u010ditanja":"1 minuta"},"schema":{"@context":"https:\/\/schema.org","@graph":[{"@type":"Article","@id":"https:\/\/radioljubuski.ba\/index.php\/2022\/07\/26\/koncert-filmske-glazbe-ponovno-pred-posusanima\/#article","isPartOf":{"@id":"https:\/\/radioljubuski.ba\/index.php\/2022\/07\/26\/koncert-filmske-glazbe-ponovno-pred-posusanima\/"},"author":{"name":"Radio Ljubu\u0161ki","@id":"https:\/\/radioljubuski.ba\/#\/schema\/person\/19fc700381a780f69665d7956c469e3b"},"headline":"Koncert Filmske Glazbe ponovno pred Posu\u0161anima","datePublished":"2022-07-26T10:40:01+00:00","mainEntityOfPage":{"@id":"https:\/\/radioljubuski.ba\/index.php\/2022\/07\/26\/koncert-filmske-glazbe-ponovno-pred-posusanima\/"},"wordCount":258,"publisher":{"@id":"https:\/\/radioljubuski.ba\/#organization"},"image":{"@id":"https:\/\/radioljubuski.ba\/index.php\/2022\/07\/26\/koncert-filmske-glazbe-ponovno-pred-posusanima\/#primaryimage"},"thumbnailUrl":"https:\/\/radioljubuski.ba\/wp-content\/uploads\/2022\/07\/posusje-koncert-filmske-glazbe2.jpg","articleSection":["BIH i regija"],"inLanguage":"hr"},{"@type":"WebPage","@id":"https:\/\/radioljubuski.ba\/index.php\/2022\/07\/26\/koncert-filmske-glazbe-ponovno-pred-posusanima\/","url":"https:\/\/radioljubuski.ba\/index.php\/2022\/07\/26\/koncert-filmske-glazbe-ponovno-pred-posusanima\/","name":"Koncert Filmske Glazbe ponovno pred Posu\u0161anima - RADIO LJUBU\u0160KI","isPartOf":{"@id":"https:\/\/radioljubuski.ba\/#website"},"primaryImageOfPage":{"@id":"https:\/\/radioljubuski.ba\/index.php\/2022\/07\/26\/koncert-filmske-glazbe-ponovno-pred-posusanima\/#primaryimage"},"image":{"@id":"https:\/\/radioljubuski.ba\/index.php\/2022\/07\/26\/koncert-filmske-glazbe-ponovno-pred-posusanima\/#primaryimage"},"thumbnailUrl":"https:\/\/radioljubuski.ba\/wp-content\/uploads\/2022\/07\/posusje-koncert-filmske-glazbe2.jpg","datePublished":"2022-07-26T10:40:01+00:00","breadcrumb":{"@id":"https:\/\/radioljubuski.ba\/index.php\/2022\/07\/26\/koncert-filmske-glazbe-ponovno-pred-posusanima\/#breadcrumb"},"inLanguage":"hr","potentialAction":[{"@type":"ReadAction","target":["https:\/\/radioljubuski.ba\/index.php\/2022\/07\/26\/koncert-filmske-glazbe-ponovno-pred-posusanima\/"]}]},{"@type":"ImageObject","inLanguage":"hr","@id":"https:\/\/radioljubuski.ba\/index.php\/2022\/07\/26\/koncert-filmske-glazbe-ponovno-pred-posusanima\/#primaryimage","url":"https:\/\/radioljubuski.ba\/wp-content\/uploads\/2022\/07\/posusje-koncert-filmske-glazbe2.jpg","contentUrl":"https:\/\/radioljubuski.ba\/wp-content\/uploads\/2022\/07\/posusje-koncert-filmske-glazbe2.jpg","width":800,"height":550},{"@type":"BreadcrumbList","@id":"https:\/\/radioljubuski.ba\/index.php\/2022\/07\/26\/koncert-filmske-glazbe-ponovno-pred-posusanima\/#breadcrumb","itemListElement":[{"@type":"ListItem","position":1,"name":"Po\u010detna stranica","item":"https:\/\/radioljubuski.ba\/"},{"@type":"ListItem","position":2,"name":"Koncert Filmske Glazbe ponovno pred Posu\u0161anima"}]},{"@type":"WebSite","@id":"https:\/\/radioljubuski.ba\/#website","url":"https:\/\/radioljubuski.ba\/","name":"Radio Ljubu\u0161ki","description":"Sun\u010dana frekvencija Hercegovine","publisher":{"@id":"https:\/\/radioljubuski.ba\/#organization"},"potentialAction":[{"@type":"SearchAction","target":{"@type":"EntryPoint","urlTemplate":"https:\/\/radioljubuski.ba\/?s={search_term_string}"},"query-input":{"@type":"PropertyValueSpecification","valueRequired":true,"valueName":"search_term_string"}}],"inLanguage":"hr"},{"@type":"Organization","@id":"https:\/\/radioljubuski.ba\/#organization","name":"Radio Ljubu\u0161ki","url":"https:\/\/radioljubuski.ba\/","logo":{"@type":"ImageObject","inLanguage":"hr","@id":"https:\/\/radioljubuski.ba\/#\/schema\/logo\/image\/","url":"https:\/\/radioljubuski.ba\/wp-content\/uploads\/2021\/02\/cropped-Radio_Ljubuski_logo1.jpg","contentUrl":"https:\/\/radioljubuski.ba\/wp-content\/uploads\/2021\/02\/cropped-Radio_Ljubuski_logo1.jpg","width":512,"height":512,"caption":"Radio Ljubu\u0161ki"},"image":{"@id":"https:\/\/radioljubuski.ba\/#\/schema\/logo\/image\/"},"sameAs":["https:\/\/www.facebook.com\/Radiio-Ljubuski-1490835324566332","https:\/\/x.com\/radioljubuski","https:\/\/hr.linkedin.com\/company\/radio-ljubuski","https:\/\/www.youtube.com\/channel\/UCHYaeO_n0Db3tjNGudGpXyw"]},{"@type":"Person","@id":"https:\/\/radioljubuski.ba\/#\/schema\/person\/19fc700381a780f69665d7956c469e3b","name":"Radio Ljubu\u0161ki"}]}},"_links":{"self":[{"href":"https:\/\/radioljubuski.ba\/index.php\/wp-json\/wp\/v2\/posts\/163559","targetHints":{"allow":["GET"]}}],"collection":[{"href":"https:\/\/radioljubuski.ba\/index.php\/wp-json\/wp\/v2\/posts"}],"about":[{"href":"https:\/\/radioljubuski.ba\/index.php\/wp-json\/wp\/v2\/types\/post"}],"author":[{"embeddable":true,"href":"https:\/\/radioljubuski.ba\/index.php\/wp-json\/wp\/v2\/users\/2"}],"replies":[{"embeddable":true,"href":"https:\/\/radioljubuski.ba\/index.php\/wp-json\/wp\/v2\/comments?post=163559"}],"version-history":[{"count":1,"href":"https:\/\/radioljubuski.ba\/index.php\/wp-json\/wp\/v2\/posts\/163559\/revisions"}],"predecessor-version":[{"id":163586,"href":"https:\/\/radioljubuski.ba\/index.php\/wp-json\/wp\/v2\/posts\/163559\/revisions\/163586"}],"wp:featuredmedia":[{"embeddable":true,"href":"https:\/\/radioljubuski.ba\/index.php\/wp-json\/wp\/v2\/media\/163583"}],"wp:attachment":[{"href":"https:\/\/radioljubuski.ba\/index.php\/wp-json\/wp\/v2\/media?parent=163559"}],"wp:term":[{"taxonomy":"category","embeddable":true,"href":"https:\/\/radioljubuski.ba\/index.php\/wp-json\/wp\/v2\/categories?post=163559"},{"taxonomy":"post_tag","embeddable":true,"href":"https:\/\/radioljubuski.ba\/index.php\/wp-json\/wp\/v2\/tags?post=163559"}],"curies":[{"name":"wp","href":"https:\/\/api.w.org\/{rel}","templated":true}]}}