{"id":163577,"date":"2022-07-26T11:35:02","date_gmt":"2022-07-26T10:35:02","guid":{"rendered":"https:\/\/radioljubuski.ba\/?p=163577"},"modified":"2022-07-26T11:35:03","modified_gmt":"2022-07-26T10:35:03","slug":"i-dalje-se-istrazuje-uzrok-pada-zrakoplova-kod-sarajeva","status":"publish","type":"post","link":"https:\/\/radioljubuski.ba\/index.php\/2022\/07\/26\/i-dalje-se-istrazuje-uzrok-pada-zrakoplova-kod-sarajeva\/","title":{"rendered":"I dalje se istra\u017euje uzrok pada zrakoplova kod Sarajeva"},"content":{"rendered":"\n<p>Tu\u017eitelji Tu\u017eiteljstva Bosne i Hercegovine i dalje istra\u017euju i utvr\u0111uju uzrok pada malog sportskog zrakoplova na podru\u010dju Ni\u0161i\u0107ke visoravni nedaleko od Sarajeva u kojem je poginulo dvoje austrijskih dr\u017eavljana.<\/p>\n\n\n\n<p>Zrakoplov je u nedjelju odvezen s lokacije Du\u0161evina, u blizini Bijamara, na dodatna vje\u0161ta\u010denja. Mje\u0161tani su protekle subote u poslijepodnevnim satima prona\u0161li olupinu zrakoplova francuskih registracijskih oznaka i dva be\u017eivotna tijela.<\/p>\n\n\n\n<p>Mali sportski zrakoplov francuskih registracijskih oznaka mje\u0161tani ovog podru\u010dja u subotu su vidjeli kako leti na podru\u010dju Tuzlanske i Sarajevske \u017eupanije. Prema njihovim navodima, letjeli su nisko i \u010dinilo se kao da se poku\u0161avaju prizemljiti.<\/p>\n\n\n\n<p>Pretpostavlja se da su \u017eena i mu\u0161karac zrakoplovom obilazili prirodne ljepote Bosne i Hercegovine, ali je sve zavr\u0161ilo tragi\u010dno. Navodno je zrakoplov u Bosnu i Hercegovinu stigao iz Ma\u0111arske. Pripadnici Ministarstva unutarnjih poslova Sarajevske \u017eupanije odmah su iza\u0161li na teren s ekipom Hitne pomo\u0107i koja je utvrdila smrt dviju osoba.<\/p>\n\n\n\n<p>Na teren je ubrzo stigao i de\u017eurni tu\u017eitelj Tu\u017eiteljstva BiH nakon \u010dega su tijela odvezena s mjesta tragedije. U nesre\u0107i su poginuli Johann Sattler i njegova supruga.<\/p>\n\n\n\n<p>Treba naglasiti da se ne radi o Johannu Sattleru, \u0161efu Izaslanstva Europske unije u BiH, nego o mu\u0161karcu koji ima isto ime i prezime.<\/p>\n\n\n\n<p>Izvor:pogled.ba<\/p>\n","protected":false},"excerpt":{"rendered":"<p>Tu\u017eitelji Tu\u017eiteljstva Bosne i Hercegovine i dalje istra\u017euju i utvr\u0111uju uzrok pada malog sportskog zrakoplova na podru\u010dju Ni\u0161i\u0107ke visoravni nedaleko od Sarajeva u kojem je poginulo dvoje austrijskih dr\u017eavljana. Zrakoplov je u nedjelju odvezen s lokacije Du\u0161evina, u blizini Bijamara, na dodatna vje\u0161ta\u010denja. Mje\u0161tani su protekle subote u poslijepodnevnim satima prona\u0161li olupinu zrakoplova francuskih registracijskih [&hellip;]<\/p>\n","protected":false},"author":2,"featured_media":163578,"comment_status":"closed","ping_status":"closed","sticky":false,"template":"","format":"standard","meta":{"h5ap_radio_sources":[],"footnotes":""},"categories":[1],"tags":[],"class_list":["post-163577","post","type-post","status-publish","format-standard","has-post-thumbnail","hentry","category-bihiregija"],"yoast_head":"<!-- This site is optimized with the Yoast SEO plugin v27.5 - https:\/\/yoast.com\/product\/yoast-seo-wordpress\/ -->\n<title>I dalje se istra\u017euje uzrok pada zrakoplova kod Sarajeva - RADIO LJUBU\u0160KI<\/title>\n<meta name=\"robots\" content=\"index, follow, max-snippet:-1, max-image-preview:large, max-video-preview:-1\" \/>\n<link rel=\"canonical\" href=\"https:\/\/radioljubuski.ba\/index.php\/2022\/07\/26\/i-dalje-se-istrazuje-uzrok-pada-zrakoplova-kod-sarajeva\/\" \/>\n<meta property=\"og:locale\" content=\"hr_HR\" \/>\n<meta property=\"og:type\" content=\"article\" \/>\n<meta property=\"og:title\" content=\"I dalje se istra\u017euje uzrok pada zrakoplova kod Sarajeva - RADIO LJUBU\u0160KI\" \/>\n<meta property=\"og:description\" content=\"Tu\u017eitelji Tu\u017eiteljstva Bosne i Hercegovine i dalje istra\u017euju i utvr\u0111uju uzrok pada malog sportskog zrakoplova na podru\u010dju Ni\u0161i\u0107ke visoravni nedaleko od Sarajeva u kojem je poginulo dvoje austrijskih dr\u017eavljana. Zrakoplov je u nedjelju odvezen s lokacije Du\u0161evina, u blizini Bijamara, na dodatna vje\u0161ta\u010denja. Mje\u0161tani su protekle subote u poslijepodnevnim satima prona\u0161li olupinu zrakoplova francuskih registracijskih [&hellip;]\" \/>\n<meta property=\"og:url\" content=\"https:\/\/radioljubuski.ba\/index.php\/2022\/07\/26\/i-dalje-se-istrazuje-uzrok-pada-zrakoplova-kod-sarajeva\/\" \/>\n<meta property=\"og:site_name\" content=\"RADIO LJUBU\u0160KI\" \/>\n<meta property=\"article:publisher\" content=\"https:\/\/www.facebook.com\/Radiio-Ljubuski-1490835324566332\" \/>\n<meta property=\"article:published_time\" content=\"2022-07-26T10:35:02+00:00\" \/>\n<meta property=\"article:modified_time\" content=\"2022-07-26T10:35:03+00:00\" \/>\n<meta property=\"og:image\" content=\"https:\/\/radioljubuski.ba\/wp-content\/uploads\/2022\/07\/10-2022-07-25-19-37-40-Snimka-zaslona-2022-07-25-193645.jpg\" \/>\n\t<meta property=\"og:image:width\" content=\"1000\" \/>\n\t<meta property=\"og:image:height\" content=\"625\" \/>\n\t<meta property=\"og:image:type\" content=\"image\/jpeg\" \/>\n<meta name=\"author\" content=\"Radio Ljubu\u0161ki\" \/>\n<meta name=\"twitter:card\" content=\"summary_large_image\" \/>\n<meta name=\"twitter:creator\" content=\"@radioljubuski\" \/>\n<meta name=\"twitter:site\" content=\"@radioljubuski\" \/>\n<meta name=\"twitter:label1\" content=\"Napisao\/la\" \/>\n\t<meta name=\"twitter:data1\" content=\"Radio Ljubu\u0161ki\" \/>\n\t<meta name=\"twitter:label2\" content=\"Procijenjeno vrijeme \u010ditanja\" \/>\n\t<meta name=\"twitter:data2\" content=\"1 minuta\" \/>\n<script type=\"application\/ld+json\" class=\"yoast-schema-graph\">{\"@context\":\"https:\\\/\\\/schema.org\",\"@graph\":[{\"@type\":\"Article\",\"@id\":\"https:\\\/\\\/radioljubuski.ba\\\/index.php\\\/2022\\\/07\\\/26\\\/i-dalje-se-istrazuje-uzrok-pada-zrakoplova-kod-sarajeva\\\/#article\",\"isPartOf\":{\"@id\":\"https:\\\/\\\/radioljubuski.ba\\\/index.php\\\/2022\\\/07\\\/26\\\/i-dalje-se-istrazuje-uzrok-pada-zrakoplova-kod-sarajeva\\\/\"},\"author\":{\"name\":\"Radio Ljubu\u0161ki\",\"@id\":\"https:\\\/\\\/radioljubuski.ba\\\/#\\\/schema\\\/person\\\/19fc700381a780f69665d7956c469e3b\"},\"headline\":\"I dalje se istra\u017euje uzrok pada zrakoplova kod Sarajeva\",\"datePublished\":\"2022-07-26T10:35:02+00:00\",\"dateModified\":\"2022-07-26T10:35:03+00:00\",\"mainEntityOfPage\":{\"@id\":\"https:\\\/\\\/radioljubuski.ba\\\/index.php\\\/2022\\\/07\\\/26\\\/i-dalje-se-istrazuje-uzrok-pada-zrakoplova-kod-sarajeva\\\/\"},\"wordCount\":238,\"publisher\":{\"@id\":\"https:\\\/\\\/radioljubuski.ba\\\/#organization\"},\"image\":{\"@id\":\"https:\\\/\\\/radioljubuski.ba\\\/index.php\\\/2022\\\/07\\\/26\\\/i-dalje-se-istrazuje-uzrok-pada-zrakoplova-kod-sarajeva\\\/#primaryimage\"},\"thumbnailUrl\":\"https:\\\/\\\/radioljubuski.ba\\\/wp-content\\\/uploads\\\/2022\\\/07\\\/10-2022-07-25-19-37-40-Snimka-zaslona-2022-07-25-193645.jpg\",\"articleSection\":[\"BIH i regija\"],\"inLanguage\":\"hr\"},{\"@type\":\"WebPage\",\"@id\":\"https:\\\/\\\/radioljubuski.ba\\\/index.php\\\/2022\\\/07\\\/26\\\/i-dalje-se-istrazuje-uzrok-pada-zrakoplova-kod-sarajeva\\\/\",\"url\":\"https:\\\/\\\/radioljubuski.ba\\\/index.php\\\/2022\\\/07\\\/26\\\/i-dalje-se-istrazuje-uzrok-pada-zrakoplova-kod-sarajeva\\\/\",\"name\":\"I dalje se istra\u017euje uzrok pada zrakoplova kod Sarajeva - RADIO LJUBU\u0160KI\",\"isPartOf\":{\"@id\":\"https:\\\/\\\/radioljubuski.ba\\\/#website\"},\"primaryImageOfPage\":{\"@id\":\"https:\\\/\\\/radioljubuski.ba\\\/index.php\\\/2022\\\/07\\\/26\\\/i-dalje-se-istrazuje-uzrok-pada-zrakoplova-kod-sarajeva\\\/#primaryimage\"},\"image\":{\"@id\":\"https:\\\/\\\/radioljubuski.ba\\\/index.php\\\/2022\\\/07\\\/26\\\/i-dalje-se-istrazuje-uzrok-pada-zrakoplova-kod-sarajeva\\\/#primaryimage\"},\"thumbnailUrl\":\"https:\\\/\\\/radioljubuski.ba\\\/wp-content\\\/uploads\\\/2022\\\/07\\\/10-2022-07-25-19-37-40-Snimka-zaslona-2022-07-25-193645.jpg\",\"datePublished\":\"2022-07-26T10:35:02+00:00\",\"dateModified\":\"2022-07-26T10:35:03+00:00\",\"breadcrumb\":{\"@id\":\"https:\\\/\\\/radioljubuski.ba\\\/index.php\\\/2022\\\/07\\\/26\\\/i-dalje-se-istrazuje-uzrok-pada-zrakoplova-kod-sarajeva\\\/#breadcrumb\"},\"inLanguage\":\"hr\",\"potentialAction\":[{\"@type\":\"ReadAction\",\"target\":[\"https:\\\/\\\/radioljubuski.ba\\\/index.php\\\/2022\\\/07\\\/26\\\/i-dalje-se-istrazuje-uzrok-pada-zrakoplova-kod-sarajeva\\\/\"]}]},{\"@type\":\"ImageObject\",\"inLanguage\":\"hr\",\"@id\":\"https:\\\/\\\/radioljubuski.ba\\\/index.php\\\/2022\\\/07\\\/26\\\/i-dalje-se-istrazuje-uzrok-pada-zrakoplova-kod-sarajeva\\\/#primaryimage\",\"url\":\"https:\\\/\\\/radioljubuski.ba\\\/wp-content\\\/uploads\\\/2022\\\/07\\\/10-2022-07-25-19-37-40-Snimka-zaslona-2022-07-25-193645.jpg\",\"contentUrl\":\"https:\\\/\\\/radioljubuski.ba\\\/wp-content\\\/uploads\\\/2022\\\/07\\\/10-2022-07-25-19-37-40-Snimka-zaslona-2022-07-25-193645.jpg\",\"width\":1000,\"height\":625},{\"@type\":\"BreadcrumbList\",\"@id\":\"https:\\\/\\\/radioljubuski.ba\\\/index.php\\\/2022\\\/07\\\/26\\\/i-dalje-se-istrazuje-uzrok-pada-zrakoplova-kod-sarajeva\\\/#breadcrumb\",\"itemListElement\":[{\"@type\":\"ListItem\",\"position\":1,\"name\":\"Po\u010detna stranica\",\"item\":\"https:\\\/\\\/radioljubuski.ba\\\/\"},{\"@type\":\"ListItem\",\"position\":2,\"name\":\"I dalje se istra\u017euje uzrok pada zrakoplova kod Sarajeva\"}]},{\"@type\":\"WebSite\",\"@id\":\"https:\\\/\\\/radioljubuski.ba\\\/#website\",\"url\":\"https:\\\/\\\/radioljubuski.ba\\\/\",\"name\":\"Radio Ljubu\u0161ki\",\"description\":\"Sun\u010dana frekvencija Hercegovine\",\"publisher\":{\"@id\":\"https:\\\/\\\/radioljubuski.ba\\\/#organization\"},\"potentialAction\":[{\"@type\":\"SearchAction\",\"target\":{\"@type\":\"EntryPoint\",\"urlTemplate\":\"https:\\\/\\\/radioljubuski.ba\\\/?s={search_term_string}\"},\"query-input\":{\"@type\":\"PropertyValueSpecification\",\"valueRequired\":true,\"valueName\":\"search_term_string\"}}],\"inLanguage\":\"hr\"},{\"@type\":\"Organization\",\"@id\":\"https:\\\/\\\/radioljubuski.ba\\\/#organization\",\"name\":\"Radio Ljubu\u0161ki\",\"url\":\"https:\\\/\\\/radioljubuski.ba\\\/\",\"logo\":{\"@type\":\"ImageObject\",\"inLanguage\":\"hr\",\"@id\":\"https:\\\/\\\/radioljubuski.ba\\\/#\\\/schema\\\/logo\\\/image\\\/\",\"url\":\"https:\\\/\\\/radioljubuski.ba\\\/wp-content\\\/uploads\\\/2021\\\/02\\\/cropped-Radio_Ljubuski_logo1.jpg\",\"contentUrl\":\"https:\\\/\\\/radioljubuski.ba\\\/wp-content\\\/uploads\\\/2021\\\/02\\\/cropped-Radio_Ljubuski_logo1.jpg\",\"width\":512,\"height\":512,\"caption\":\"Radio Ljubu\u0161ki\"},\"image\":{\"@id\":\"https:\\\/\\\/radioljubuski.ba\\\/#\\\/schema\\\/logo\\\/image\\\/\"},\"sameAs\":[\"https:\\\/\\\/www.facebook.com\\\/Radiio-Ljubuski-1490835324566332\",\"https:\\\/\\\/x.com\\\/radioljubuski\",\"https:\\\/\\\/hr.linkedin.com\\\/company\\\/radio-ljubuski\",\"https:\\\/\\\/www.youtube.com\\\/channel\\\/UCHYaeO_n0Db3tjNGudGpXyw\"]},{\"@type\":\"Person\",\"@id\":\"https:\\\/\\\/radioljubuski.ba\\\/#\\\/schema\\\/person\\\/19fc700381a780f69665d7956c469e3b\",\"name\":\"Radio Ljubu\u0161ki\"}]}<\/script>\n<!-- \/ Yoast SEO plugin. -->","yoast_head_json":{"title":"I dalje se istra\u017euje uzrok pada zrakoplova kod Sarajeva - RADIO LJUBU\u0160KI","robots":{"index":"index","follow":"follow","max-snippet":"max-snippet:-1","max-image-preview":"max-image-preview:large","max-video-preview":"max-video-preview:-1"},"canonical":"https:\/\/radioljubuski.ba\/index.php\/2022\/07\/26\/i-dalje-se-istrazuje-uzrok-pada-zrakoplova-kod-sarajeva\/","og_locale":"hr_HR","og_type":"article","og_title":"I dalje se istra\u017euje uzrok pada zrakoplova kod Sarajeva - RADIO LJUBU\u0160KI","og_description":"Tu\u017eitelji Tu\u017eiteljstva Bosne i Hercegovine i dalje istra\u017euju i utvr\u0111uju uzrok pada malog sportskog zrakoplova na podru\u010dju Ni\u0161i\u0107ke visoravni nedaleko od Sarajeva u kojem je poginulo dvoje austrijskih dr\u017eavljana. Zrakoplov je u nedjelju odvezen s lokacije Du\u0161evina, u blizini Bijamara, na dodatna vje\u0161ta\u010denja. Mje\u0161tani su protekle subote u poslijepodnevnim satima prona\u0161li olupinu zrakoplova francuskih registracijskih [&hellip;]","og_url":"https:\/\/radioljubuski.ba\/index.php\/2022\/07\/26\/i-dalje-se-istrazuje-uzrok-pada-zrakoplova-kod-sarajeva\/","og_site_name":"RADIO LJUBU\u0160KI","article_publisher":"https:\/\/www.facebook.com\/Radiio-Ljubuski-1490835324566332","article_published_time":"2022-07-26T10:35:02+00:00","article_modified_time":"2022-07-26T10:35:03+00:00","og_image":[{"width":1000,"height":625,"url":"https:\/\/radioljubuski.ba\/wp-content\/uploads\/2022\/07\/10-2022-07-25-19-37-40-Snimka-zaslona-2022-07-25-193645.jpg","type":"image\/jpeg"}],"author":"Radio Ljubu\u0161ki","twitter_card":"summary_large_image","twitter_creator":"@radioljubuski","twitter_site":"@radioljubuski","twitter_misc":{"Napisao\/la":"Radio Ljubu\u0161ki","Procijenjeno vrijeme \u010ditanja":"1 minuta"},"schema":{"@context":"https:\/\/schema.org","@graph":[{"@type":"Article","@id":"https:\/\/radioljubuski.ba\/index.php\/2022\/07\/26\/i-dalje-se-istrazuje-uzrok-pada-zrakoplova-kod-sarajeva\/#article","isPartOf":{"@id":"https:\/\/radioljubuski.ba\/index.php\/2022\/07\/26\/i-dalje-se-istrazuje-uzrok-pada-zrakoplova-kod-sarajeva\/"},"author":{"name":"Radio Ljubu\u0161ki","@id":"https:\/\/radioljubuski.ba\/#\/schema\/person\/19fc700381a780f69665d7956c469e3b"},"headline":"I dalje se istra\u017euje uzrok pada zrakoplova kod Sarajeva","datePublished":"2022-07-26T10:35:02+00:00","dateModified":"2022-07-26T10:35:03+00:00","mainEntityOfPage":{"@id":"https:\/\/radioljubuski.ba\/index.php\/2022\/07\/26\/i-dalje-se-istrazuje-uzrok-pada-zrakoplova-kod-sarajeva\/"},"wordCount":238,"publisher":{"@id":"https:\/\/radioljubuski.ba\/#organization"},"image":{"@id":"https:\/\/radioljubuski.ba\/index.php\/2022\/07\/26\/i-dalje-se-istrazuje-uzrok-pada-zrakoplova-kod-sarajeva\/#primaryimage"},"thumbnailUrl":"https:\/\/radioljubuski.ba\/wp-content\/uploads\/2022\/07\/10-2022-07-25-19-37-40-Snimka-zaslona-2022-07-25-193645.jpg","articleSection":["BIH i regija"],"inLanguage":"hr"},{"@type":"WebPage","@id":"https:\/\/radioljubuski.ba\/index.php\/2022\/07\/26\/i-dalje-se-istrazuje-uzrok-pada-zrakoplova-kod-sarajeva\/","url":"https:\/\/radioljubuski.ba\/index.php\/2022\/07\/26\/i-dalje-se-istrazuje-uzrok-pada-zrakoplova-kod-sarajeva\/","name":"I dalje se istra\u017euje uzrok pada zrakoplova kod Sarajeva - RADIO LJUBU\u0160KI","isPartOf":{"@id":"https:\/\/radioljubuski.ba\/#website"},"primaryImageOfPage":{"@id":"https:\/\/radioljubuski.ba\/index.php\/2022\/07\/26\/i-dalje-se-istrazuje-uzrok-pada-zrakoplova-kod-sarajeva\/#primaryimage"},"image":{"@id":"https:\/\/radioljubuski.ba\/index.php\/2022\/07\/26\/i-dalje-se-istrazuje-uzrok-pada-zrakoplova-kod-sarajeva\/#primaryimage"},"thumbnailUrl":"https:\/\/radioljubuski.ba\/wp-content\/uploads\/2022\/07\/10-2022-07-25-19-37-40-Snimka-zaslona-2022-07-25-193645.jpg","datePublished":"2022-07-26T10:35:02+00:00","dateModified":"2022-07-26T10:35:03+00:00","breadcrumb":{"@id":"https:\/\/radioljubuski.ba\/index.php\/2022\/07\/26\/i-dalje-se-istrazuje-uzrok-pada-zrakoplova-kod-sarajeva\/#breadcrumb"},"inLanguage":"hr","potentialAction":[{"@type":"ReadAction","target":["https:\/\/radioljubuski.ba\/index.php\/2022\/07\/26\/i-dalje-se-istrazuje-uzrok-pada-zrakoplova-kod-sarajeva\/"]}]},{"@type":"ImageObject","inLanguage":"hr","@id":"https:\/\/radioljubuski.ba\/index.php\/2022\/07\/26\/i-dalje-se-istrazuje-uzrok-pada-zrakoplova-kod-sarajeva\/#primaryimage","url":"https:\/\/radioljubuski.ba\/wp-content\/uploads\/2022\/07\/10-2022-07-25-19-37-40-Snimka-zaslona-2022-07-25-193645.jpg","contentUrl":"https:\/\/radioljubuski.ba\/wp-content\/uploads\/2022\/07\/10-2022-07-25-19-37-40-Snimka-zaslona-2022-07-25-193645.jpg","width":1000,"height":625},{"@type":"BreadcrumbList","@id":"https:\/\/radioljubuski.ba\/index.php\/2022\/07\/26\/i-dalje-se-istrazuje-uzrok-pada-zrakoplova-kod-sarajeva\/#breadcrumb","itemListElement":[{"@type":"ListItem","position":1,"name":"Po\u010detna stranica","item":"https:\/\/radioljubuski.ba\/"},{"@type":"ListItem","position":2,"name":"I dalje se istra\u017euje uzrok pada zrakoplova kod Sarajeva"}]},{"@type":"WebSite","@id":"https:\/\/radioljubuski.ba\/#website","url":"https:\/\/radioljubuski.ba\/","name":"Radio Ljubu\u0161ki","description":"Sun\u010dana frekvencija Hercegovine","publisher":{"@id":"https:\/\/radioljubuski.ba\/#organization"},"potentialAction":[{"@type":"SearchAction","target":{"@type":"EntryPoint","urlTemplate":"https:\/\/radioljubuski.ba\/?s={search_term_string}"},"query-input":{"@type":"PropertyValueSpecification","valueRequired":true,"valueName":"search_term_string"}}],"inLanguage":"hr"},{"@type":"Organization","@id":"https:\/\/radioljubuski.ba\/#organization","name":"Radio Ljubu\u0161ki","url":"https:\/\/radioljubuski.ba\/","logo":{"@type":"ImageObject","inLanguage":"hr","@id":"https:\/\/radioljubuski.ba\/#\/schema\/logo\/image\/","url":"https:\/\/radioljubuski.ba\/wp-content\/uploads\/2021\/02\/cropped-Radio_Ljubuski_logo1.jpg","contentUrl":"https:\/\/radioljubuski.ba\/wp-content\/uploads\/2021\/02\/cropped-Radio_Ljubuski_logo1.jpg","width":512,"height":512,"caption":"Radio Ljubu\u0161ki"},"image":{"@id":"https:\/\/radioljubuski.ba\/#\/schema\/logo\/image\/"},"sameAs":["https:\/\/www.facebook.com\/Radiio-Ljubuski-1490835324566332","https:\/\/x.com\/radioljubuski","https:\/\/hr.linkedin.com\/company\/radio-ljubuski","https:\/\/www.youtube.com\/channel\/UCHYaeO_n0Db3tjNGudGpXyw"]},{"@type":"Person","@id":"https:\/\/radioljubuski.ba\/#\/schema\/person\/19fc700381a780f69665d7956c469e3b","name":"Radio Ljubu\u0161ki"}]}},"_links":{"self":[{"href":"https:\/\/radioljubuski.ba\/index.php\/wp-json\/wp\/v2\/posts\/163577","targetHints":{"allow":["GET"]}}],"collection":[{"href":"https:\/\/radioljubuski.ba\/index.php\/wp-json\/wp\/v2\/posts"}],"about":[{"href":"https:\/\/radioljubuski.ba\/index.php\/wp-json\/wp\/v2\/types\/post"}],"author":[{"embeddable":true,"href":"https:\/\/radioljubuski.ba\/index.php\/wp-json\/wp\/v2\/users\/2"}],"replies":[{"embeddable":true,"href":"https:\/\/radioljubuski.ba\/index.php\/wp-json\/wp\/v2\/comments?post=163577"}],"version-history":[{"count":1,"href":"https:\/\/radioljubuski.ba\/index.php\/wp-json\/wp\/v2\/posts\/163577\/revisions"}],"predecessor-version":[{"id":163579,"href":"https:\/\/radioljubuski.ba\/index.php\/wp-json\/wp\/v2\/posts\/163577\/revisions\/163579"}],"wp:featuredmedia":[{"embeddable":true,"href":"https:\/\/radioljubuski.ba\/index.php\/wp-json\/wp\/v2\/media\/163578"}],"wp:attachment":[{"href":"https:\/\/radioljubuski.ba\/index.php\/wp-json\/wp\/v2\/media?parent=163577"}],"wp:term":[{"taxonomy":"category","embeddable":true,"href":"https:\/\/radioljubuski.ba\/index.php\/wp-json\/wp\/v2\/categories?post=163577"},{"taxonomy":"post_tag","embeddable":true,"href":"https:\/\/radioljubuski.ba\/index.php\/wp-json\/wp\/v2\/tags?post=163577"}],"curies":[{"name":"wp","href":"https:\/\/api.w.org\/{rel}","templated":true}]}}