{"id":163596,"date":"2022-07-26T11:57:20","date_gmt":"2022-07-26T10:57:20","guid":{"rendered":"https:\/\/radioljubuski.ba\/?p=163596"},"modified":"2022-07-26T11:57:21","modified_gmt":"2022-07-26T10:57:21","slug":"snazno-nevrijeme-padali-komadi-leda-temperatura-skliznula-na-22-zenu-vjetar-skoro-oborio","status":"publish","type":"post","link":"https:\/\/radioljubuski.ba\/index.php\/2022\/07\/26\/snazno-nevrijeme-padali-komadi-leda-temperatura-skliznula-na-22-zenu-vjetar-skoro-oborio\/","title":{"rendered":"Sna\u017eno nevrijeme: Padali komadi leda, temperatura skliznula na 22, \u017eenu vjetar skoro oborio"},"content":{"rendered":"\n<p>Toplinski val ide prema svojem kraju, a na Kvarneru je kraj ovog vala vru\u0107ina ve\u0107 do\u0161ao.<\/p>\n\n\n\n<p>Naime, oko 10 sati \u017eestoko se nevrijeme sru\u010dilo na Kvarner, pa su tako grmljavina, ki\u0161a i tu\u010da s velikim komadima leda padali u Rijeci.<\/p>\n\n\n\n<p>Na nekim gradskim ulicama do\u0161lo je i do nakupljanja vode pa su poplavljene.<\/p>\n\n\n\n<p>&#8220;Nova runda pljuskova sti\u017ee na sjeverozapad Istre gdje je temperatura pala na 22 \u00b0C uz osvje\u017eavaju\u0107i sjeverac. U Puli (Egipat) i dalje pr\u017ei na 31 \u00b0C. Mala nada ostaje jo\u0161 ve\u010deras kada pokoji neverin mo\u017ee zalutati i na to podru\u010dje&#8221;, objavio je Istramet na Facebooku.<\/p>\n\n\n\n<p>Javljaju tako\u0111er kako sijeva u Istri, konkretno iznad Pore\u010da.<\/p>\n\n\n\n<p>Sna\u017ean vjetar pu\u0161e u Bregima u op\u0107ini Matulja u Primorsko-goranskoj \u017eupaniji. Video je objavio RiMeteo, a gospo\u0111u je vjetar dobrano uzdrmao.<\/p>\n\n\n\n<p>Izvor: <a href=\"https:\/\/pogled.ba\/regija\/snazno-nevrijeme-padali-komadi-leda-temperatura-skliznula-na-22-zenu-vjetar-skoro-oborio\/251612\">Pogled.ba<\/a><\/p>\n","protected":false},"excerpt":{"rendered":"<p>Toplinski val ide prema svojem kraju, a na Kvarneru je kraj ovog vala vru\u0107ina ve\u0107 do\u0161ao. Naime, oko 10 sati \u017eestoko se nevrijeme sru\u010dilo na Kvarner, pa su tako grmljavina, ki\u0161a i tu\u010da s velikim komadima leda padali u Rijeci. Na nekim gradskim ulicama do\u0161lo je i do nakupljanja vode pa su poplavljene. &#8220;Nova runda [&hellip;]<\/p>\n","protected":false},"author":2,"featured_media":163598,"comment_status":"closed","ping_status":"closed","sticky":false,"template":"","format":"standard","meta":{"h5ap_radio_sources":[],"footnotes":""},"categories":[1],"tags":[],"class_list":["post-163596","post","type-post","status-publish","format-standard","has-post-thumbnail","hentry","category-bihiregija"],"yoast_head":"<!-- This site is optimized with the Yoast SEO plugin v27.5 - https:\/\/yoast.com\/product\/yoast-seo-wordpress\/ -->\n<title>Sna\u017eno nevrijeme: Padali komadi leda, temperatura skliznula na 22, \u017eenu vjetar skoro oborio - RADIO LJUBU\u0160KI<\/title>\n<meta name=\"robots\" content=\"index, follow, max-snippet:-1, max-image-preview:large, max-video-preview:-1\" \/>\n<link rel=\"canonical\" href=\"https:\/\/radioljubuski.ba\/index.php\/2022\/07\/26\/snazno-nevrijeme-padali-komadi-leda-temperatura-skliznula-na-22-zenu-vjetar-skoro-oborio\/\" \/>\n<meta property=\"og:locale\" content=\"hr_HR\" \/>\n<meta property=\"og:type\" content=\"article\" \/>\n<meta property=\"og:title\" content=\"Sna\u017eno nevrijeme: Padali komadi leda, temperatura skliznula na 22, \u017eenu vjetar skoro oborio - RADIO LJUBU\u0160KI\" \/>\n<meta property=\"og:description\" content=\"Toplinski val ide prema svojem kraju, a na Kvarneru je kraj ovog vala vru\u0107ina ve\u0107 do\u0161ao. Naime, oko 10 sati \u017eestoko se nevrijeme sru\u010dilo na Kvarner, pa su tako grmljavina, ki\u0161a i tu\u010da s velikim komadima leda padali u Rijeci. Na nekim gradskim ulicama do\u0161lo je i do nakupljanja vode pa su poplavljene. &#8220;Nova runda [&hellip;]\" \/>\n<meta property=\"og:url\" content=\"https:\/\/radioljubuski.ba\/index.php\/2022\/07\/26\/snazno-nevrijeme-padali-komadi-leda-temperatura-skliznula-na-22-zenu-vjetar-skoro-oborio\/\" \/>\n<meta property=\"og:site_name\" content=\"RADIO LJUBU\u0160KI\" \/>\n<meta property=\"article:publisher\" content=\"https:\/\/www.facebook.com\/Radiio-Ljubuski-1490835324566332\" \/>\n<meta property=\"article:published_time\" content=\"2022-07-26T10:57:20+00:00\" \/>\n<meta property=\"article:modified_time\" content=\"2022-07-26T10:57:21+00:00\" \/>\n<meta property=\"og:image\" content=\"https:\/\/radioljubuski.ba\/wp-content\/uploads\/2022\/07\/rInBw2Qd_kisa.jpg\" \/>\n\t<meta property=\"og:image:width\" content=\"1000\" \/>\n\t<meta property=\"og:image:height\" content=\"625\" \/>\n\t<meta property=\"og:image:type\" content=\"image\/jpeg\" \/>\n<meta name=\"author\" content=\"Radio Ljubu\u0161ki\" \/>\n<meta name=\"twitter:card\" content=\"summary_large_image\" \/>\n<meta name=\"twitter:creator\" content=\"@radioljubuski\" \/>\n<meta name=\"twitter:site\" content=\"@radioljubuski\" \/>\n<meta name=\"twitter:label1\" content=\"Napisao\/la\" \/>\n\t<meta name=\"twitter:data1\" content=\"Radio Ljubu\u0161ki\" \/>\n\t<meta name=\"twitter:label2\" content=\"Procijenjeno vrijeme \u010ditanja\" \/>\n\t<meta name=\"twitter:data2\" content=\"1 minuta\" \/>\n<script type=\"application\/ld+json\" class=\"yoast-schema-graph\">{\"@context\":\"https:\\\/\\\/schema.org\",\"@graph\":[{\"@type\":\"Article\",\"@id\":\"https:\\\/\\\/radioljubuski.ba\\\/index.php\\\/2022\\\/07\\\/26\\\/snazno-nevrijeme-padali-komadi-leda-temperatura-skliznula-na-22-zenu-vjetar-skoro-oborio\\\/#article\",\"isPartOf\":{\"@id\":\"https:\\\/\\\/radioljubuski.ba\\\/index.php\\\/2022\\\/07\\\/26\\\/snazno-nevrijeme-padali-komadi-leda-temperatura-skliznula-na-22-zenu-vjetar-skoro-oborio\\\/\"},\"author\":{\"name\":\"Radio Ljubu\u0161ki\",\"@id\":\"https:\\\/\\\/radioljubuski.ba\\\/#\\\/schema\\\/person\\\/19fc700381a780f69665d7956c469e3b\"},\"headline\":\"Sna\u017eno nevrijeme: Padali komadi leda, temperatura skliznula na 22, \u017eenu vjetar skoro oborio\",\"datePublished\":\"2022-07-26T10:57:20+00:00\",\"dateModified\":\"2022-07-26T10:57:21+00:00\",\"mainEntityOfPage\":{\"@id\":\"https:\\\/\\\/radioljubuski.ba\\\/index.php\\\/2022\\\/07\\\/26\\\/snazno-nevrijeme-padali-komadi-leda-temperatura-skliznula-na-22-zenu-vjetar-skoro-oborio\\\/\"},\"wordCount\":160,\"publisher\":{\"@id\":\"https:\\\/\\\/radioljubuski.ba\\\/#organization\"},\"image\":{\"@id\":\"https:\\\/\\\/radioljubuski.ba\\\/index.php\\\/2022\\\/07\\\/26\\\/snazno-nevrijeme-padali-komadi-leda-temperatura-skliznula-na-22-zenu-vjetar-skoro-oborio\\\/#primaryimage\"},\"thumbnailUrl\":\"https:\\\/\\\/radioljubuski.ba\\\/wp-content\\\/uploads\\\/2022\\\/07\\\/rInBw2Qd_kisa.jpg\",\"articleSection\":[\"BIH i regija\"],\"inLanguage\":\"hr\"},{\"@type\":\"WebPage\",\"@id\":\"https:\\\/\\\/radioljubuski.ba\\\/index.php\\\/2022\\\/07\\\/26\\\/snazno-nevrijeme-padali-komadi-leda-temperatura-skliznula-na-22-zenu-vjetar-skoro-oborio\\\/\",\"url\":\"https:\\\/\\\/radioljubuski.ba\\\/index.php\\\/2022\\\/07\\\/26\\\/snazno-nevrijeme-padali-komadi-leda-temperatura-skliznula-na-22-zenu-vjetar-skoro-oborio\\\/\",\"name\":\"Sna\u017eno nevrijeme: Padali komadi leda, temperatura skliznula na 22, \u017eenu vjetar skoro oborio - RADIO LJUBU\u0160KI\",\"isPartOf\":{\"@id\":\"https:\\\/\\\/radioljubuski.ba\\\/#website\"},\"primaryImageOfPage\":{\"@id\":\"https:\\\/\\\/radioljubuski.ba\\\/index.php\\\/2022\\\/07\\\/26\\\/snazno-nevrijeme-padali-komadi-leda-temperatura-skliznula-na-22-zenu-vjetar-skoro-oborio\\\/#primaryimage\"},\"image\":{\"@id\":\"https:\\\/\\\/radioljubuski.ba\\\/index.php\\\/2022\\\/07\\\/26\\\/snazno-nevrijeme-padali-komadi-leda-temperatura-skliznula-na-22-zenu-vjetar-skoro-oborio\\\/#primaryimage\"},\"thumbnailUrl\":\"https:\\\/\\\/radioljubuski.ba\\\/wp-content\\\/uploads\\\/2022\\\/07\\\/rInBw2Qd_kisa.jpg\",\"datePublished\":\"2022-07-26T10:57:20+00:00\",\"dateModified\":\"2022-07-26T10:57:21+00:00\",\"breadcrumb\":{\"@id\":\"https:\\\/\\\/radioljubuski.ba\\\/index.php\\\/2022\\\/07\\\/26\\\/snazno-nevrijeme-padali-komadi-leda-temperatura-skliznula-na-22-zenu-vjetar-skoro-oborio\\\/#breadcrumb\"},\"inLanguage\":\"hr\",\"potentialAction\":[{\"@type\":\"ReadAction\",\"target\":[\"https:\\\/\\\/radioljubuski.ba\\\/index.php\\\/2022\\\/07\\\/26\\\/snazno-nevrijeme-padali-komadi-leda-temperatura-skliznula-na-22-zenu-vjetar-skoro-oborio\\\/\"]}]},{\"@type\":\"ImageObject\",\"inLanguage\":\"hr\",\"@id\":\"https:\\\/\\\/radioljubuski.ba\\\/index.php\\\/2022\\\/07\\\/26\\\/snazno-nevrijeme-padali-komadi-leda-temperatura-skliznula-na-22-zenu-vjetar-skoro-oborio\\\/#primaryimage\",\"url\":\"https:\\\/\\\/radioljubuski.ba\\\/wp-content\\\/uploads\\\/2022\\\/07\\\/rInBw2Qd_kisa.jpg\",\"contentUrl\":\"https:\\\/\\\/radioljubuski.ba\\\/wp-content\\\/uploads\\\/2022\\\/07\\\/rInBw2Qd_kisa.jpg\",\"width\":1000,\"height\":625},{\"@type\":\"BreadcrumbList\",\"@id\":\"https:\\\/\\\/radioljubuski.ba\\\/index.php\\\/2022\\\/07\\\/26\\\/snazno-nevrijeme-padali-komadi-leda-temperatura-skliznula-na-22-zenu-vjetar-skoro-oborio\\\/#breadcrumb\",\"itemListElement\":[{\"@type\":\"ListItem\",\"position\":1,\"name\":\"Po\u010detna stranica\",\"item\":\"https:\\\/\\\/radioljubuski.ba\\\/\"},{\"@type\":\"ListItem\",\"position\":2,\"name\":\"Sna\u017eno nevrijeme: Padali komadi leda, temperatura skliznula na 22, \u017eenu vjetar skoro oborio\"}]},{\"@type\":\"WebSite\",\"@id\":\"https:\\\/\\\/radioljubuski.ba\\\/#website\",\"url\":\"https:\\\/\\\/radioljubuski.ba\\\/\",\"name\":\"Radio Ljubu\u0161ki\",\"description\":\"Sun\u010dana frekvencija Hercegovine\",\"publisher\":{\"@id\":\"https:\\\/\\\/radioljubuski.ba\\\/#organization\"},\"potentialAction\":[{\"@type\":\"SearchAction\",\"target\":{\"@type\":\"EntryPoint\",\"urlTemplate\":\"https:\\\/\\\/radioljubuski.ba\\\/?s={search_term_string}\"},\"query-input\":{\"@type\":\"PropertyValueSpecification\",\"valueRequired\":true,\"valueName\":\"search_term_string\"}}],\"inLanguage\":\"hr\"},{\"@type\":\"Organization\",\"@id\":\"https:\\\/\\\/radioljubuski.ba\\\/#organization\",\"name\":\"Radio Ljubu\u0161ki\",\"url\":\"https:\\\/\\\/radioljubuski.ba\\\/\",\"logo\":{\"@type\":\"ImageObject\",\"inLanguage\":\"hr\",\"@id\":\"https:\\\/\\\/radioljubuski.ba\\\/#\\\/schema\\\/logo\\\/image\\\/\",\"url\":\"https:\\\/\\\/radioljubuski.ba\\\/wp-content\\\/uploads\\\/2021\\\/02\\\/cropped-Radio_Ljubuski_logo1.jpg\",\"contentUrl\":\"https:\\\/\\\/radioljubuski.ba\\\/wp-content\\\/uploads\\\/2021\\\/02\\\/cropped-Radio_Ljubuski_logo1.jpg\",\"width\":512,\"height\":512,\"caption\":\"Radio Ljubu\u0161ki\"},\"image\":{\"@id\":\"https:\\\/\\\/radioljubuski.ba\\\/#\\\/schema\\\/logo\\\/image\\\/\"},\"sameAs\":[\"https:\\\/\\\/www.facebook.com\\\/Radiio-Ljubuski-1490835324566332\",\"https:\\\/\\\/x.com\\\/radioljubuski\",\"https:\\\/\\\/hr.linkedin.com\\\/company\\\/radio-ljubuski\",\"https:\\\/\\\/www.youtube.com\\\/channel\\\/UCHYaeO_n0Db3tjNGudGpXyw\"]},{\"@type\":\"Person\",\"@id\":\"https:\\\/\\\/radioljubuski.ba\\\/#\\\/schema\\\/person\\\/19fc700381a780f69665d7956c469e3b\",\"name\":\"Radio Ljubu\u0161ki\"}]}<\/script>\n<!-- \/ Yoast SEO plugin. -->","yoast_head_json":{"title":"Sna\u017eno nevrijeme: Padali komadi leda, temperatura skliznula na 22, \u017eenu vjetar skoro oborio - RADIO LJUBU\u0160KI","robots":{"index":"index","follow":"follow","max-snippet":"max-snippet:-1","max-image-preview":"max-image-preview:large","max-video-preview":"max-video-preview:-1"},"canonical":"https:\/\/radioljubuski.ba\/index.php\/2022\/07\/26\/snazno-nevrijeme-padali-komadi-leda-temperatura-skliznula-na-22-zenu-vjetar-skoro-oborio\/","og_locale":"hr_HR","og_type":"article","og_title":"Sna\u017eno nevrijeme: Padali komadi leda, temperatura skliznula na 22, \u017eenu vjetar skoro oborio - RADIO LJUBU\u0160KI","og_description":"Toplinski val ide prema svojem kraju, a na Kvarneru je kraj ovog vala vru\u0107ina ve\u0107 do\u0161ao. Naime, oko 10 sati \u017eestoko se nevrijeme sru\u010dilo na Kvarner, pa su tako grmljavina, ki\u0161a i tu\u010da s velikim komadima leda padali u Rijeci. Na nekim gradskim ulicama do\u0161lo je i do nakupljanja vode pa su poplavljene. &#8220;Nova runda [&hellip;]","og_url":"https:\/\/radioljubuski.ba\/index.php\/2022\/07\/26\/snazno-nevrijeme-padali-komadi-leda-temperatura-skliznula-na-22-zenu-vjetar-skoro-oborio\/","og_site_name":"RADIO LJUBU\u0160KI","article_publisher":"https:\/\/www.facebook.com\/Radiio-Ljubuski-1490835324566332","article_published_time":"2022-07-26T10:57:20+00:00","article_modified_time":"2022-07-26T10:57:21+00:00","og_image":[{"width":1000,"height":625,"url":"https:\/\/radioljubuski.ba\/wp-content\/uploads\/2022\/07\/rInBw2Qd_kisa.jpg","type":"image\/jpeg"}],"author":"Radio Ljubu\u0161ki","twitter_card":"summary_large_image","twitter_creator":"@radioljubuski","twitter_site":"@radioljubuski","twitter_misc":{"Napisao\/la":"Radio Ljubu\u0161ki","Procijenjeno vrijeme \u010ditanja":"1 minuta"},"schema":{"@context":"https:\/\/schema.org","@graph":[{"@type":"Article","@id":"https:\/\/radioljubuski.ba\/index.php\/2022\/07\/26\/snazno-nevrijeme-padali-komadi-leda-temperatura-skliznula-na-22-zenu-vjetar-skoro-oborio\/#article","isPartOf":{"@id":"https:\/\/radioljubuski.ba\/index.php\/2022\/07\/26\/snazno-nevrijeme-padali-komadi-leda-temperatura-skliznula-na-22-zenu-vjetar-skoro-oborio\/"},"author":{"name":"Radio Ljubu\u0161ki","@id":"https:\/\/radioljubuski.ba\/#\/schema\/person\/19fc700381a780f69665d7956c469e3b"},"headline":"Sna\u017eno nevrijeme: Padali komadi leda, temperatura skliznula na 22, \u017eenu vjetar skoro oborio","datePublished":"2022-07-26T10:57:20+00:00","dateModified":"2022-07-26T10:57:21+00:00","mainEntityOfPage":{"@id":"https:\/\/radioljubuski.ba\/index.php\/2022\/07\/26\/snazno-nevrijeme-padali-komadi-leda-temperatura-skliznula-na-22-zenu-vjetar-skoro-oborio\/"},"wordCount":160,"publisher":{"@id":"https:\/\/radioljubuski.ba\/#organization"},"image":{"@id":"https:\/\/radioljubuski.ba\/index.php\/2022\/07\/26\/snazno-nevrijeme-padali-komadi-leda-temperatura-skliznula-na-22-zenu-vjetar-skoro-oborio\/#primaryimage"},"thumbnailUrl":"https:\/\/radioljubuski.ba\/wp-content\/uploads\/2022\/07\/rInBw2Qd_kisa.jpg","articleSection":["BIH i regija"],"inLanguage":"hr"},{"@type":"WebPage","@id":"https:\/\/radioljubuski.ba\/index.php\/2022\/07\/26\/snazno-nevrijeme-padali-komadi-leda-temperatura-skliznula-na-22-zenu-vjetar-skoro-oborio\/","url":"https:\/\/radioljubuski.ba\/index.php\/2022\/07\/26\/snazno-nevrijeme-padali-komadi-leda-temperatura-skliznula-na-22-zenu-vjetar-skoro-oborio\/","name":"Sna\u017eno nevrijeme: Padali komadi leda, temperatura skliznula na 22, \u017eenu vjetar skoro oborio - RADIO LJUBU\u0160KI","isPartOf":{"@id":"https:\/\/radioljubuski.ba\/#website"},"primaryImageOfPage":{"@id":"https:\/\/radioljubuski.ba\/index.php\/2022\/07\/26\/snazno-nevrijeme-padali-komadi-leda-temperatura-skliznula-na-22-zenu-vjetar-skoro-oborio\/#primaryimage"},"image":{"@id":"https:\/\/radioljubuski.ba\/index.php\/2022\/07\/26\/snazno-nevrijeme-padali-komadi-leda-temperatura-skliznula-na-22-zenu-vjetar-skoro-oborio\/#primaryimage"},"thumbnailUrl":"https:\/\/radioljubuski.ba\/wp-content\/uploads\/2022\/07\/rInBw2Qd_kisa.jpg","datePublished":"2022-07-26T10:57:20+00:00","dateModified":"2022-07-26T10:57:21+00:00","breadcrumb":{"@id":"https:\/\/radioljubuski.ba\/index.php\/2022\/07\/26\/snazno-nevrijeme-padali-komadi-leda-temperatura-skliznula-na-22-zenu-vjetar-skoro-oborio\/#breadcrumb"},"inLanguage":"hr","potentialAction":[{"@type":"ReadAction","target":["https:\/\/radioljubuski.ba\/index.php\/2022\/07\/26\/snazno-nevrijeme-padali-komadi-leda-temperatura-skliznula-na-22-zenu-vjetar-skoro-oborio\/"]}]},{"@type":"ImageObject","inLanguage":"hr","@id":"https:\/\/radioljubuski.ba\/index.php\/2022\/07\/26\/snazno-nevrijeme-padali-komadi-leda-temperatura-skliznula-na-22-zenu-vjetar-skoro-oborio\/#primaryimage","url":"https:\/\/radioljubuski.ba\/wp-content\/uploads\/2022\/07\/rInBw2Qd_kisa.jpg","contentUrl":"https:\/\/radioljubuski.ba\/wp-content\/uploads\/2022\/07\/rInBw2Qd_kisa.jpg","width":1000,"height":625},{"@type":"BreadcrumbList","@id":"https:\/\/radioljubuski.ba\/index.php\/2022\/07\/26\/snazno-nevrijeme-padali-komadi-leda-temperatura-skliznula-na-22-zenu-vjetar-skoro-oborio\/#breadcrumb","itemListElement":[{"@type":"ListItem","position":1,"name":"Po\u010detna stranica","item":"https:\/\/radioljubuski.ba\/"},{"@type":"ListItem","position":2,"name":"Sna\u017eno nevrijeme: Padali komadi leda, temperatura skliznula na 22, \u017eenu vjetar skoro oborio"}]},{"@type":"WebSite","@id":"https:\/\/radioljubuski.ba\/#website","url":"https:\/\/radioljubuski.ba\/","name":"Radio Ljubu\u0161ki","description":"Sun\u010dana frekvencija Hercegovine","publisher":{"@id":"https:\/\/radioljubuski.ba\/#organization"},"potentialAction":[{"@type":"SearchAction","target":{"@type":"EntryPoint","urlTemplate":"https:\/\/radioljubuski.ba\/?s={search_term_string}"},"query-input":{"@type":"PropertyValueSpecification","valueRequired":true,"valueName":"search_term_string"}}],"inLanguage":"hr"},{"@type":"Organization","@id":"https:\/\/radioljubuski.ba\/#organization","name":"Radio Ljubu\u0161ki","url":"https:\/\/radioljubuski.ba\/","logo":{"@type":"ImageObject","inLanguage":"hr","@id":"https:\/\/radioljubuski.ba\/#\/schema\/logo\/image\/","url":"https:\/\/radioljubuski.ba\/wp-content\/uploads\/2021\/02\/cropped-Radio_Ljubuski_logo1.jpg","contentUrl":"https:\/\/radioljubuski.ba\/wp-content\/uploads\/2021\/02\/cropped-Radio_Ljubuski_logo1.jpg","width":512,"height":512,"caption":"Radio Ljubu\u0161ki"},"image":{"@id":"https:\/\/radioljubuski.ba\/#\/schema\/logo\/image\/"},"sameAs":["https:\/\/www.facebook.com\/Radiio-Ljubuski-1490835324566332","https:\/\/x.com\/radioljubuski","https:\/\/hr.linkedin.com\/company\/radio-ljubuski","https:\/\/www.youtube.com\/channel\/UCHYaeO_n0Db3tjNGudGpXyw"]},{"@type":"Person","@id":"https:\/\/radioljubuski.ba\/#\/schema\/person\/19fc700381a780f69665d7956c469e3b","name":"Radio Ljubu\u0161ki"}]}},"_links":{"self":[{"href":"https:\/\/radioljubuski.ba\/index.php\/wp-json\/wp\/v2\/posts\/163596","targetHints":{"allow":["GET"]}}],"collection":[{"href":"https:\/\/radioljubuski.ba\/index.php\/wp-json\/wp\/v2\/posts"}],"about":[{"href":"https:\/\/radioljubuski.ba\/index.php\/wp-json\/wp\/v2\/types\/post"}],"author":[{"embeddable":true,"href":"https:\/\/radioljubuski.ba\/index.php\/wp-json\/wp\/v2\/users\/2"}],"replies":[{"embeddable":true,"href":"https:\/\/radioljubuski.ba\/index.php\/wp-json\/wp\/v2\/comments?post=163596"}],"version-history":[{"count":1,"href":"https:\/\/radioljubuski.ba\/index.php\/wp-json\/wp\/v2\/posts\/163596\/revisions"}],"predecessor-version":[{"id":163599,"href":"https:\/\/radioljubuski.ba\/index.php\/wp-json\/wp\/v2\/posts\/163596\/revisions\/163599"}],"wp:featuredmedia":[{"embeddable":true,"href":"https:\/\/radioljubuski.ba\/index.php\/wp-json\/wp\/v2\/media\/163598"}],"wp:attachment":[{"href":"https:\/\/radioljubuski.ba\/index.php\/wp-json\/wp\/v2\/media?parent=163596"}],"wp:term":[{"taxonomy":"category","embeddable":true,"href":"https:\/\/radioljubuski.ba\/index.php\/wp-json\/wp\/v2\/categories?post=163596"},{"taxonomy":"post_tag","embeddable":true,"href":"https:\/\/radioljubuski.ba\/index.php\/wp-json\/wp\/v2\/tags?post=163596"}],"curies":[{"name":"wp","href":"https:\/\/api.w.org\/{rel}","templated":true}]}}