{"id":163608,"date":"2022-07-26T12:13:55","date_gmt":"2022-07-26T11:13:55","guid":{"rendered":"https:\/\/radioljubuski.ba\/?p=163608"},"modified":"2022-07-26T12:13:55","modified_gmt":"2022-07-26T11:13:55","slug":"na-racune-2-394-proracunskih-korisnika-uplaceno-po-54750-km-regresa","status":"publish","type":"post","link":"https:\/\/radioljubuski.ba\/index.php\/2022\/07\/26\/na-racune-2-394-proracunskih-korisnika-uplaceno-po-54750-km-regresa\/","title":{"rendered":"Na ra\u010dune 2.394 prora\u010dunskih korisnika upla\u0107eno po 547,50 KM regresa"},"content":{"rendered":"\n<p>Odlukom Vlade \u017dupanije Zapadnohercegova\u010dke (\u017dZH), a na prijedlog Ministarstva financija, na ra\u010dune 2.394 prora\u010dunskih korisnika u utorak je upla\u0107eno po 547,50 konvertibilnih maraka naknade tro\u0161kova za vrijeme kori\u0161tenja godi\u0161njeg odmora \u2013 regres.<\/p>\n\n\n\n<p>Dopredsjednik Vlade \u017dZH i \u017eupanijski ministar financija Toni Kraljevi\u0107 kazao je za Fenu kako je regres za ovu godinu, kao i ranije, obra\u010dunat u iznosu od 50 posto prosje\u010dne neto pla\u0107e ispla\u0107ene u Federaciji BiH u posljednja tri mjeseca prije isplate.<\/p>\n\n\n\n<p>Ina\u010de, Odluku o utvr\u0111ivanju visine i na\u010dinu isplate naknade za kori\u0161tenje godi\u0161njeg odmora (regres) za 2022. godinu Vlada \u017dZH je donijela na svojoj posljednjoj sjednici odr\u017eanoj pro\u0161li tjedan u \u0160irokom Brijegu.<\/p>\n\n\n\n<p>Kako stoji u obrazlo\u017eenju te odluke, pravni temelj za njezino dono\u0161enje sadr\u017ean je u Zakonu o izvr\u0161enju prora\u010duna, gdje je propisano da osnovicu za obra\u010dun pla\u0107e, visinu naknade za topli obrok i visinu naknade za kori\u0161tenje godi\u0161njeg odmora utvr\u0111uje Vlada \u017dZH-a na prijedlog Ministarstva financija i \u010dlanka 10. Odluke o naknadama iz osnove materijalnih prava zaposlenih kod korisnika prora\u010duna u \u017dZH-u.<\/p>\n\n\n\n<p>Tu je navedeno da zaposleniku pripada naknada na ime kori\u0161tenja godi\u0161njeg odmora \u2013 regres te da \u0107e Vlada, ovisno o priljevu sredstava u prora\u010dun, za svaku prora\u010dunsku godinu posebnim aktom utvrditi visinu i na\u010din isplate naknade na ime kori\u0161tenja godi\u0161njeg odmora.<\/p>\n\n\n\n<p>Pro\u0161le godine visina regresa iznosila je 489,50 konvertibilnih maraka, a godinu ranije 470 konvertibilnih maraka.<\/p>\n\n\n\n<p>Izvor:<a href=\"https:\/\/pogled.ba\/novosti\/na-racune-2394-proracunskih-korisnika-uplaceno-po-54750-km-regresa\/251614\">Pogled.ba<\/a><\/p>\n","protected":false},"excerpt":{"rendered":"<p>Odlukom Vlade \u017dupanije Zapadnohercegova\u010dke (\u017dZH), a na prijedlog Ministarstva financija, na ra\u010dune 2.394 prora\u010dunskih korisnika u utorak je upla\u0107eno po 547,50 konvertibilnih maraka naknade tro\u0161kova za vrijeme kori\u0161tenja godi\u0161njeg odmora \u2013 regres. Dopredsjednik Vlade \u017dZH i \u017eupanijski ministar financija Toni Kraljevi\u0107 kazao je za Fenu kako je regres za ovu godinu, kao i ranije, obra\u010dunat [&hellip;]<\/p>\n","protected":false},"author":2,"featured_media":163612,"comment_status":"closed","ping_status":"closed","sticky":false,"template":"","format":"standard","meta":{"h5ap_radio_sources":[],"footnotes":""},"categories":[1],"tags":[],"class_list":["post-163608","post","type-post","status-publish","format-standard","has-post-thumbnail","hentry","category-bihiregija"],"yoast_head":"<!-- This site is optimized with the Yoast SEO plugin v27.5 - https:\/\/yoast.com\/product\/yoast-seo-wordpress\/ -->\n<title>Na ra\u010dune 2.394 prora\u010dunskih korisnika upla\u0107eno po 547,50 KM regresa - RADIO LJUBU\u0160KI<\/title>\n<meta name=\"robots\" content=\"index, follow, max-snippet:-1, max-image-preview:large, max-video-preview:-1\" \/>\n<link rel=\"canonical\" href=\"https:\/\/radioljubuski.ba\/index.php\/2022\/07\/26\/na-racune-2-394-proracunskih-korisnika-uplaceno-po-54750-km-regresa\/\" \/>\n<meta property=\"og:locale\" content=\"hr_HR\" \/>\n<meta property=\"og:type\" content=\"article\" \/>\n<meta property=\"og:title\" content=\"Na ra\u010dune 2.394 prora\u010dunskih korisnika upla\u0107eno po 547,50 KM regresa - RADIO LJUBU\u0160KI\" \/>\n<meta property=\"og:description\" content=\"Odlukom Vlade \u017dupanije Zapadnohercegova\u010dke (\u017dZH), a na prijedlog Ministarstva financija, na ra\u010dune 2.394 prora\u010dunskih korisnika u utorak je upla\u0107eno po 547,50 konvertibilnih maraka naknade tro\u0161kova za vrijeme kori\u0161tenja godi\u0161njeg odmora \u2013 regres. Dopredsjednik Vlade \u017dZH i \u017eupanijski ministar financija Toni Kraljevi\u0107 kazao je za Fenu kako je regres za ovu godinu, kao i ranije, obra\u010dunat [&hellip;]\" \/>\n<meta property=\"og:url\" content=\"https:\/\/radioljubuski.ba\/index.php\/2022\/07\/26\/na-racune-2-394-proracunskih-korisnika-uplaceno-po-54750-km-regresa\/\" \/>\n<meta property=\"og:site_name\" content=\"RADIO LJUBU\u0160KI\" \/>\n<meta property=\"article:publisher\" content=\"https:\/\/www.facebook.com\/Radiio-Ljubuski-1490835324566332\" \/>\n<meta property=\"article:published_time\" content=\"2022-07-26T11:13:55+00:00\" \/>\n<meta property=\"og:image\" content=\"https:\/\/radioljubuski.ba\/wp-content\/uploads\/2022\/07\/8-2022-06-16-13-56-26-novac-km111-696x4562-1.jpg\" \/>\n\t<meta property=\"og:image:width\" content=\"1000\" \/>\n\t<meta property=\"og:image:height\" content=\"625\" \/>\n\t<meta property=\"og:image:type\" content=\"image\/jpeg\" \/>\n<meta name=\"author\" content=\"Radio Ljubu\u0161ki\" \/>\n<meta name=\"twitter:card\" content=\"summary_large_image\" \/>\n<meta name=\"twitter:creator\" content=\"@radioljubuski\" \/>\n<meta name=\"twitter:site\" content=\"@radioljubuski\" \/>\n<meta name=\"twitter:label1\" content=\"Napisao\/la\" \/>\n\t<meta name=\"twitter:data1\" content=\"Radio Ljubu\u0161ki\" \/>\n\t<meta name=\"twitter:label2\" content=\"Procijenjeno vrijeme \u010ditanja\" \/>\n\t<meta name=\"twitter:data2\" content=\"1 minuta\" \/>\n<script type=\"application\/ld+json\" class=\"yoast-schema-graph\">{\"@context\":\"https:\\\/\\\/schema.org\",\"@graph\":[{\"@type\":\"Article\",\"@id\":\"https:\\\/\\\/radioljubuski.ba\\\/index.php\\\/2022\\\/07\\\/26\\\/na-racune-2-394-proracunskih-korisnika-uplaceno-po-54750-km-regresa\\\/#article\",\"isPartOf\":{\"@id\":\"https:\\\/\\\/radioljubuski.ba\\\/index.php\\\/2022\\\/07\\\/26\\\/na-racune-2-394-proracunskih-korisnika-uplaceno-po-54750-km-regresa\\\/\"},\"author\":{\"name\":\"Radio Ljubu\u0161ki\",\"@id\":\"https:\\\/\\\/radioljubuski.ba\\\/#\\\/schema\\\/person\\\/19fc700381a780f69665d7956c469e3b\"},\"headline\":\"Na ra\u010dune 2.394 prora\u010dunskih korisnika upla\u0107eno po 547,50 KM regresa\",\"datePublished\":\"2022-07-26T11:13:55+00:00\",\"mainEntityOfPage\":{\"@id\":\"https:\\\/\\\/radioljubuski.ba\\\/index.php\\\/2022\\\/07\\\/26\\\/na-racune-2-394-proracunskih-korisnika-uplaceno-po-54750-km-regresa\\\/\"},\"wordCount\":263,\"publisher\":{\"@id\":\"https:\\\/\\\/radioljubuski.ba\\\/#organization\"},\"image\":{\"@id\":\"https:\\\/\\\/radioljubuski.ba\\\/index.php\\\/2022\\\/07\\\/26\\\/na-racune-2-394-proracunskih-korisnika-uplaceno-po-54750-km-regresa\\\/#primaryimage\"},\"thumbnailUrl\":\"https:\\\/\\\/radioljubuski.ba\\\/wp-content\\\/uploads\\\/2022\\\/07\\\/8-2022-06-16-13-56-26-novac-km111-696x4562-1.jpg\",\"articleSection\":[\"BIH i regija\"],\"inLanguage\":\"hr\"},{\"@type\":\"WebPage\",\"@id\":\"https:\\\/\\\/radioljubuski.ba\\\/index.php\\\/2022\\\/07\\\/26\\\/na-racune-2-394-proracunskih-korisnika-uplaceno-po-54750-km-regresa\\\/\",\"url\":\"https:\\\/\\\/radioljubuski.ba\\\/index.php\\\/2022\\\/07\\\/26\\\/na-racune-2-394-proracunskih-korisnika-uplaceno-po-54750-km-regresa\\\/\",\"name\":\"Na ra\u010dune 2.394 prora\u010dunskih korisnika upla\u0107eno po 547,50 KM regresa - RADIO LJUBU\u0160KI\",\"isPartOf\":{\"@id\":\"https:\\\/\\\/radioljubuski.ba\\\/#website\"},\"primaryImageOfPage\":{\"@id\":\"https:\\\/\\\/radioljubuski.ba\\\/index.php\\\/2022\\\/07\\\/26\\\/na-racune-2-394-proracunskih-korisnika-uplaceno-po-54750-km-regresa\\\/#primaryimage\"},\"image\":{\"@id\":\"https:\\\/\\\/radioljubuski.ba\\\/index.php\\\/2022\\\/07\\\/26\\\/na-racune-2-394-proracunskih-korisnika-uplaceno-po-54750-km-regresa\\\/#primaryimage\"},\"thumbnailUrl\":\"https:\\\/\\\/radioljubuski.ba\\\/wp-content\\\/uploads\\\/2022\\\/07\\\/8-2022-06-16-13-56-26-novac-km111-696x4562-1.jpg\",\"datePublished\":\"2022-07-26T11:13:55+00:00\",\"breadcrumb\":{\"@id\":\"https:\\\/\\\/radioljubuski.ba\\\/index.php\\\/2022\\\/07\\\/26\\\/na-racune-2-394-proracunskih-korisnika-uplaceno-po-54750-km-regresa\\\/#breadcrumb\"},\"inLanguage\":\"hr\",\"potentialAction\":[{\"@type\":\"ReadAction\",\"target\":[\"https:\\\/\\\/radioljubuski.ba\\\/index.php\\\/2022\\\/07\\\/26\\\/na-racune-2-394-proracunskih-korisnika-uplaceno-po-54750-km-regresa\\\/\"]}]},{\"@type\":\"ImageObject\",\"inLanguage\":\"hr\",\"@id\":\"https:\\\/\\\/radioljubuski.ba\\\/index.php\\\/2022\\\/07\\\/26\\\/na-racune-2-394-proracunskih-korisnika-uplaceno-po-54750-km-regresa\\\/#primaryimage\",\"url\":\"https:\\\/\\\/radioljubuski.ba\\\/wp-content\\\/uploads\\\/2022\\\/07\\\/8-2022-06-16-13-56-26-novac-km111-696x4562-1.jpg\",\"contentUrl\":\"https:\\\/\\\/radioljubuski.ba\\\/wp-content\\\/uploads\\\/2022\\\/07\\\/8-2022-06-16-13-56-26-novac-km111-696x4562-1.jpg\",\"width\":1000,\"height\":625},{\"@type\":\"BreadcrumbList\",\"@id\":\"https:\\\/\\\/radioljubuski.ba\\\/index.php\\\/2022\\\/07\\\/26\\\/na-racune-2-394-proracunskih-korisnika-uplaceno-po-54750-km-regresa\\\/#breadcrumb\",\"itemListElement\":[{\"@type\":\"ListItem\",\"position\":1,\"name\":\"Po\u010detna stranica\",\"item\":\"https:\\\/\\\/radioljubuski.ba\\\/\"},{\"@type\":\"ListItem\",\"position\":2,\"name\":\"Na ra\u010dune 2.394 prora\u010dunskih korisnika upla\u0107eno po 547,50 KM regresa\"}]},{\"@type\":\"WebSite\",\"@id\":\"https:\\\/\\\/radioljubuski.ba\\\/#website\",\"url\":\"https:\\\/\\\/radioljubuski.ba\\\/\",\"name\":\"Radio Ljubu\u0161ki\",\"description\":\"Sun\u010dana frekvencija Hercegovine\",\"publisher\":{\"@id\":\"https:\\\/\\\/radioljubuski.ba\\\/#organization\"},\"potentialAction\":[{\"@type\":\"SearchAction\",\"target\":{\"@type\":\"EntryPoint\",\"urlTemplate\":\"https:\\\/\\\/radioljubuski.ba\\\/?s={search_term_string}\"},\"query-input\":{\"@type\":\"PropertyValueSpecification\",\"valueRequired\":true,\"valueName\":\"search_term_string\"}}],\"inLanguage\":\"hr\"},{\"@type\":\"Organization\",\"@id\":\"https:\\\/\\\/radioljubuski.ba\\\/#organization\",\"name\":\"Radio Ljubu\u0161ki\",\"url\":\"https:\\\/\\\/radioljubuski.ba\\\/\",\"logo\":{\"@type\":\"ImageObject\",\"inLanguage\":\"hr\",\"@id\":\"https:\\\/\\\/radioljubuski.ba\\\/#\\\/schema\\\/logo\\\/image\\\/\",\"url\":\"https:\\\/\\\/radioljubuski.ba\\\/wp-content\\\/uploads\\\/2021\\\/02\\\/cropped-Radio_Ljubuski_logo1.jpg\",\"contentUrl\":\"https:\\\/\\\/radioljubuski.ba\\\/wp-content\\\/uploads\\\/2021\\\/02\\\/cropped-Radio_Ljubuski_logo1.jpg\",\"width\":512,\"height\":512,\"caption\":\"Radio Ljubu\u0161ki\"},\"image\":{\"@id\":\"https:\\\/\\\/radioljubuski.ba\\\/#\\\/schema\\\/logo\\\/image\\\/\"},\"sameAs\":[\"https:\\\/\\\/www.facebook.com\\\/Radiio-Ljubuski-1490835324566332\",\"https:\\\/\\\/x.com\\\/radioljubuski\",\"https:\\\/\\\/hr.linkedin.com\\\/company\\\/radio-ljubuski\",\"https:\\\/\\\/www.youtube.com\\\/channel\\\/UCHYaeO_n0Db3tjNGudGpXyw\"]},{\"@type\":\"Person\",\"@id\":\"https:\\\/\\\/radioljubuski.ba\\\/#\\\/schema\\\/person\\\/19fc700381a780f69665d7956c469e3b\",\"name\":\"Radio Ljubu\u0161ki\"}]}<\/script>\n<!-- \/ Yoast SEO plugin. -->","yoast_head_json":{"title":"Na ra\u010dune 2.394 prora\u010dunskih korisnika upla\u0107eno po 547,50 KM regresa - RADIO LJUBU\u0160KI","robots":{"index":"index","follow":"follow","max-snippet":"max-snippet:-1","max-image-preview":"max-image-preview:large","max-video-preview":"max-video-preview:-1"},"canonical":"https:\/\/radioljubuski.ba\/index.php\/2022\/07\/26\/na-racune-2-394-proracunskih-korisnika-uplaceno-po-54750-km-regresa\/","og_locale":"hr_HR","og_type":"article","og_title":"Na ra\u010dune 2.394 prora\u010dunskih korisnika upla\u0107eno po 547,50 KM regresa - RADIO LJUBU\u0160KI","og_description":"Odlukom Vlade \u017dupanije Zapadnohercegova\u010dke (\u017dZH), a na prijedlog Ministarstva financija, na ra\u010dune 2.394 prora\u010dunskih korisnika u utorak je upla\u0107eno po 547,50 konvertibilnih maraka naknade tro\u0161kova za vrijeme kori\u0161tenja godi\u0161njeg odmora \u2013 regres. Dopredsjednik Vlade \u017dZH i \u017eupanijski ministar financija Toni Kraljevi\u0107 kazao je za Fenu kako je regres za ovu godinu, kao i ranije, obra\u010dunat [&hellip;]","og_url":"https:\/\/radioljubuski.ba\/index.php\/2022\/07\/26\/na-racune-2-394-proracunskih-korisnika-uplaceno-po-54750-km-regresa\/","og_site_name":"RADIO LJUBU\u0160KI","article_publisher":"https:\/\/www.facebook.com\/Radiio-Ljubuski-1490835324566332","article_published_time":"2022-07-26T11:13:55+00:00","og_image":[{"width":1000,"height":625,"url":"https:\/\/radioljubuski.ba\/wp-content\/uploads\/2022\/07\/8-2022-06-16-13-56-26-novac-km111-696x4562-1.jpg","type":"image\/jpeg"}],"author":"Radio Ljubu\u0161ki","twitter_card":"summary_large_image","twitter_creator":"@radioljubuski","twitter_site":"@radioljubuski","twitter_misc":{"Napisao\/la":"Radio Ljubu\u0161ki","Procijenjeno vrijeme \u010ditanja":"1 minuta"},"schema":{"@context":"https:\/\/schema.org","@graph":[{"@type":"Article","@id":"https:\/\/radioljubuski.ba\/index.php\/2022\/07\/26\/na-racune-2-394-proracunskih-korisnika-uplaceno-po-54750-km-regresa\/#article","isPartOf":{"@id":"https:\/\/radioljubuski.ba\/index.php\/2022\/07\/26\/na-racune-2-394-proracunskih-korisnika-uplaceno-po-54750-km-regresa\/"},"author":{"name":"Radio Ljubu\u0161ki","@id":"https:\/\/radioljubuski.ba\/#\/schema\/person\/19fc700381a780f69665d7956c469e3b"},"headline":"Na ra\u010dune 2.394 prora\u010dunskih korisnika upla\u0107eno po 547,50 KM regresa","datePublished":"2022-07-26T11:13:55+00:00","mainEntityOfPage":{"@id":"https:\/\/radioljubuski.ba\/index.php\/2022\/07\/26\/na-racune-2-394-proracunskih-korisnika-uplaceno-po-54750-km-regresa\/"},"wordCount":263,"publisher":{"@id":"https:\/\/radioljubuski.ba\/#organization"},"image":{"@id":"https:\/\/radioljubuski.ba\/index.php\/2022\/07\/26\/na-racune-2-394-proracunskih-korisnika-uplaceno-po-54750-km-regresa\/#primaryimage"},"thumbnailUrl":"https:\/\/radioljubuski.ba\/wp-content\/uploads\/2022\/07\/8-2022-06-16-13-56-26-novac-km111-696x4562-1.jpg","articleSection":["BIH i regija"],"inLanguage":"hr"},{"@type":"WebPage","@id":"https:\/\/radioljubuski.ba\/index.php\/2022\/07\/26\/na-racune-2-394-proracunskih-korisnika-uplaceno-po-54750-km-regresa\/","url":"https:\/\/radioljubuski.ba\/index.php\/2022\/07\/26\/na-racune-2-394-proracunskih-korisnika-uplaceno-po-54750-km-regresa\/","name":"Na ra\u010dune 2.394 prora\u010dunskih korisnika upla\u0107eno po 547,50 KM regresa - RADIO LJUBU\u0160KI","isPartOf":{"@id":"https:\/\/radioljubuski.ba\/#website"},"primaryImageOfPage":{"@id":"https:\/\/radioljubuski.ba\/index.php\/2022\/07\/26\/na-racune-2-394-proracunskih-korisnika-uplaceno-po-54750-km-regresa\/#primaryimage"},"image":{"@id":"https:\/\/radioljubuski.ba\/index.php\/2022\/07\/26\/na-racune-2-394-proracunskih-korisnika-uplaceno-po-54750-km-regresa\/#primaryimage"},"thumbnailUrl":"https:\/\/radioljubuski.ba\/wp-content\/uploads\/2022\/07\/8-2022-06-16-13-56-26-novac-km111-696x4562-1.jpg","datePublished":"2022-07-26T11:13:55+00:00","breadcrumb":{"@id":"https:\/\/radioljubuski.ba\/index.php\/2022\/07\/26\/na-racune-2-394-proracunskih-korisnika-uplaceno-po-54750-km-regresa\/#breadcrumb"},"inLanguage":"hr","potentialAction":[{"@type":"ReadAction","target":["https:\/\/radioljubuski.ba\/index.php\/2022\/07\/26\/na-racune-2-394-proracunskih-korisnika-uplaceno-po-54750-km-regresa\/"]}]},{"@type":"ImageObject","inLanguage":"hr","@id":"https:\/\/radioljubuski.ba\/index.php\/2022\/07\/26\/na-racune-2-394-proracunskih-korisnika-uplaceno-po-54750-km-regresa\/#primaryimage","url":"https:\/\/radioljubuski.ba\/wp-content\/uploads\/2022\/07\/8-2022-06-16-13-56-26-novac-km111-696x4562-1.jpg","contentUrl":"https:\/\/radioljubuski.ba\/wp-content\/uploads\/2022\/07\/8-2022-06-16-13-56-26-novac-km111-696x4562-1.jpg","width":1000,"height":625},{"@type":"BreadcrumbList","@id":"https:\/\/radioljubuski.ba\/index.php\/2022\/07\/26\/na-racune-2-394-proracunskih-korisnika-uplaceno-po-54750-km-regresa\/#breadcrumb","itemListElement":[{"@type":"ListItem","position":1,"name":"Po\u010detna stranica","item":"https:\/\/radioljubuski.ba\/"},{"@type":"ListItem","position":2,"name":"Na ra\u010dune 2.394 prora\u010dunskih korisnika upla\u0107eno po 547,50 KM regresa"}]},{"@type":"WebSite","@id":"https:\/\/radioljubuski.ba\/#website","url":"https:\/\/radioljubuski.ba\/","name":"Radio Ljubu\u0161ki","description":"Sun\u010dana frekvencija Hercegovine","publisher":{"@id":"https:\/\/radioljubuski.ba\/#organization"},"potentialAction":[{"@type":"SearchAction","target":{"@type":"EntryPoint","urlTemplate":"https:\/\/radioljubuski.ba\/?s={search_term_string}"},"query-input":{"@type":"PropertyValueSpecification","valueRequired":true,"valueName":"search_term_string"}}],"inLanguage":"hr"},{"@type":"Organization","@id":"https:\/\/radioljubuski.ba\/#organization","name":"Radio Ljubu\u0161ki","url":"https:\/\/radioljubuski.ba\/","logo":{"@type":"ImageObject","inLanguage":"hr","@id":"https:\/\/radioljubuski.ba\/#\/schema\/logo\/image\/","url":"https:\/\/radioljubuski.ba\/wp-content\/uploads\/2021\/02\/cropped-Radio_Ljubuski_logo1.jpg","contentUrl":"https:\/\/radioljubuski.ba\/wp-content\/uploads\/2021\/02\/cropped-Radio_Ljubuski_logo1.jpg","width":512,"height":512,"caption":"Radio Ljubu\u0161ki"},"image":{"@id":"https:\/\/radioljubuski.ba\/#\/schema\/logo\/image\/"},"sameAs":["https:\/\/www.facebook.com\/Radiio-Ljubuski-1490835324566332","https:\/\/x.com\/radioljubuski","https:\/\/hr.linkedin.com\/company\/radio-ljubuski","https:\/\/www.youtube.com\/channel\/UCHYaeO_n0Db3tjNGudGpXyw"]},{"@type":"Person","@id":"https:\/\/radioljubuski.ba\/#\/schema\/person\/19fc700381a780f69665d7956c469e3b","name":"Radio Ljubu\u0161ki"}]}},"_links":{"self":[{"href":"https:\/\/radioljubuski.ba\/index.php\/wp-json\/wp\/v2\/posts\/163608","targetHints":{"allow":["GET"]}}],"collection":[{"href":"https:\/\/radioljubuski.ba\/index.php\/wp-json\/wp\/v2\/posts"}],"about":[{"href":"https:\/\/radioljubuski.ba\/index.php\/wp-json\/wp\/v2\/types\/post"}],"author":[{"embeddable":true,"href":"https:\/\/radioljubuski.ba\/index.php\/wp-json\/wp\/v2\/users\/2"}],"replies":[{"embeddable":true,"href":"https:\/\/radioljubuski.ba\/index.php\/wp-json\/wp\/v2\/comments?post=163608"}],"version-history":[{"count":1,"href":"https:\/\/radioljubuski.ba\/index.php\/wp-json\/wp\/v2\/posts\/163608\/revisions"}],"predecessor-version":[{"id":163615,"href":"https:\/\/radioljubuski.ba\/index.php\/wp-json\/wp\/v2\/posts\/163608\/revisions\/163615"}],"wp:featuredmedia":[{"embeddable":true,"href":"https:\/\/radioljubuski.ba\/index.php\/wp-json\/wp\/v2\/media\/163612"}],"wp:attachment":[{"href":"https:\/\/radioljubuski.ba\/index.php\/wp-json\/wp\/v2\/media?parent=163608"}],"wp:term":[{"taxonomy":"category","embeddable":true,"href":"https:\/\/radioljubuski.ba\/index.php\/wp-json\/wp\/v2\/categories?post=163608"},{"taxonomy":"post_tag","embeddable":true,"href":"https:\/\/radioljubuski.ba\/index.php\/wp-json\/wp\/v2\/tags?post=163608"}],"curies":[{"name":"wp","href":"https:\/\/api.w.org\/{rel}","templated":true}]}}