{"id":163617,"date":"2022-07-26T12:15:47","date_gmt":"2022-07-26T11:15:47","guid":{"rendered":"https:\/\/radioljubuski.ba\/?p=163617"},"modified":"2022-07-26T12:15:48","modified_gmt":"2022-07-26T11:15:48","slug":"sebija-izetbegovic-branila-bakira-i-galamila-na-gradanku-sarajeva-ova-joj-porucila-da-je-za-razliku-od-nje-fakultetski-obrazovana","status":"publish","type":"post","link":"https:\/\/radioljubuski.ba\/index.php\/2022\/07\/26\/sebija-izetbegovic-branila-bakira-i-galamila-na-gradanku-sarajeva-ova-joj-porucila-da-je-za-razliku-od-nje-fakultetski-obrazovana\/","title":{"rendered":"Sebija Izetbegovi\u0107 branila Bakira i galamila na gra\u0111anku Sarajeva, ova joj poru\u010dila da je za razliku od nje fakultetski obrazovana!"},"content":{"rendered":"\n<p>Nije samo predsjedavaju\u0107i Predsjedni\u0161tva Bosne i Hercegovine \u0160efik D\u017eaferovi\u0107 na ju\u010dera\u0161njem prosvjedu&nbsp; gra\u0111ana ispred OHR-a nai\u0161ao na negodovanje dijela gra\u0111ana. &#8216;Nezgodan&#8217; momenat imao je i lider njegove stranke, Bakir Izetbegovi\u0107, kojeg je u dijalogu sa sugra\u0111ankom branila supruga Sebija Izetbegovi\u0107.<\/p>\n\n\n\n<p>\u201cMo\u017eete li nam svima sad objasniti zbog \u010dega ste to potpisali\u201d, \u010dulo se pitanje gra\u0111anke postavljeno lideru SDA u prolazu.<\/p>\n\n\n\n<p>Izetbegovi\u0107 se kraj sugovornice nije dugo zadr\u017eao, a njegov kratak odgovor nije bilo mogu\u0107e \u010duti zbog mase okupljenih.<\/p>\n\n\n\n<p>Ipak, ne\u0161to glasnija je bila njegova supruga Sebija Izetbegovi\u0107, koja se odlu\u010dila pri\u0107i gra\u0111anki s porukom da se educira.<\/p>\n\n\n\n<p>\u201cNe mo\u017eete lupetati tako, \u010ditajte malo, pojma nemate\u201d, \u010duje se direktorica KCUS-a, na \u0161ta joj je gra\u0111anka odgovorila da je fakultetski obrazovana.<\/p>\n\n\n\n<p>Video pogledajte <a href=\"https:\/\/ba.n1info.com\/vijesti\/izetbegovica-od-pitanja-gradjanke-branila-supruga-pojma-vi-nemate-video\/\" target=\"_blank\" rel=\"noreferrer noopener\">OVDJE<\/a><\/p>\n\n\n\n<p>Izvor:N1<\/p>\n","protected":false},"excerpt":{"rendered":"<p>Nije samo predsjedavaju\u0107i Predsjedni\u0161tva Bosne i Hercegovine \u0160efik D\u017eaferovi\u0107 na ju\u010dera\u0161njem prosvjedu&nbsp; gra\u0111ana ispred OHR-a nai\u0161ao na negodovanje dijela gra\u0111ana. &#8216;Nezgodan&#8217; momenat imao je i lider njegove stranke, Bakir Izetbegovi\u0107, kojeg je u dijalogu sa sugra\u0111ankom branila supruga Sebija Izetbegovi\u0107. \u201cMo\u017eete li nam svima sad objasniti zbog \u010dega ste to potpisali\u201d, \u010dulo se pitanje gra\u0111anke [&hellip;]<\/p>\n","protected":false},"author":2,"featured_media":163618,"comment_status":"closed","ping_status":"closed","sticky":false,"template":"","format":"standard","meta":{"h5ap_radio_sources":[],"footnotes":""},"categories":[1],"tags":[],"class_list":["post-163617","post","type-post","status-publish","format-standard","has-post-thumbnail","hentry","category-bihiregija"],"yoast_head":"<!-- This site is optimized with the Yoast SEO plugin v27.5 - https:\/\/yoast.com\/product\/yoast-seo-wordpress\/ -->\n<title>Sebija Izetbegovi\u0107 branila Bakira i galamila na gra\u0111anku Sarajeva, ova joj poru\u010dila da je za razliku od nje fakultetski obrazovana! - RADIO LJUBU\u0160KI<\/title>\n<meta name=\"robots\" content=\"index, follow, max-snippet:-1, max-image-preview:large, max-video-preview:-1\" \/>\n<link rel=\"canonical\" href=\"https:\/\/radioljubuski.ba\/index.php\/2022\/07\/26\/sebija-izetbegovic-branila-bakira-i-galamila-na-gradanku-sarajeva-ova-joj-porucila-da-je-za-razliku-od-nje-fakultetski-obrazovana\/\" \/>\n<meta property=\"og:locale\" content=\"hr_HR\" \/>\n<meta property=\"og:type\" content=\"article\" \/>\n<meta property=\"og:title\" content=\"Sebija Izetbegovi\u0107 branila Bakira i galamila na gra\u0111anku Sarajeva, ova joj poru\u010dila da je za razliku od nje fakultetski obrazovana! - RADIO LJUBU\u0160KI\" \/>\n<meta property=\"og:description\" content=\"Nije samo predsjedavaju\u0107i Predsjedni\u0161tva Bosne i Hercegovine \u0160efik D\u017eaferovi\u0107 na ju\u010dera\u0161njem prosvjedu&nbsp; gra\u0111ana ispred OHR-a nai\u0161ao na negodovanje dijela gra\u0111ana. &#8216;Nezgodan&#8217; momenat imao je i lider njegove stranke, Bakir Izetbegovi\u0107, kojeg je u dijalogu sa sugra\u0111ankom branila supruga Sebija Izetbegovi\u0107. \u201cMo\u017eete li nam svima sad objasniti zbog \u010dega ste to potpisali\u201d, \u010dulo se pitanje gra\u0111anke [&hellip;]\" \/>\n<meta property=\"og:url\" content=\"https:\/\/radioljubuski.ba\/index.php\/2022\/07\/26\/sebija-izetbegovic-branila-bakira-i-galamila-na-gradanku-sarajeva-ova-joj-porucila-da-je-za-razliku-od-nje-fakultetski-obrazovana\/\" \/>\n<meta property=\"og:site_name\" content=\"RADIO LJUBU\u0160KI\" \/>\n<meta property=\"article:publisher\" content=\"https:\/\/www.facebook.com\/Radiio-Ljubuski-1490835324566332\" \/>\n<meta property=\"article:published_time\" content=\"2022-07-26T11:15:47+00:00\" \/>\n<meta property=\"article:modified_time\" content=\"2022-07-26T11:15:48+00:00\" \/>\n<meta property=\"og:image\" content=\"https:\/\/radioljubuski.ba\/wp-content\/uploads\/2022\/07\/8-2022-07-26-07-42-48-SEBIJA.jpg\" \/>\n\t<meta property=\"og:image:width\" content=\"1000\" \/>\n\t<meta property=\"og:image:height\" content=\"625\" \/>\n\t<meta property=\"og:image:type\" content=\"image\/jpeg\" \/>\n<meta name=\"author\" content=\"Radio Ljubu\u0161ki\" \/>\n<meta name=\"twitter:card\" content=\"summary_large_image\" \/>\n<meta name=\"twitter:creator\" content=\"@radioljubuski\" \/>\n<meta name=\"twitter:site\" content=\"@radioljubuski\" \/>\n<meta name=\"twitter:label1\" content=\"Napisao\/la\" \/>\n\t<meta name=\"twitter:data1\" content=\"Radio Ljubu\u0161ki\" \/>\n\t<meta name=\"twitter:label2\" content=\"Procijenjeno vrijeme \u010ditanja\" \/>\n\t<meta name=\"twitter:data2\" content=\"1 minuta\" \/>\n<script type=\"application\/ld+json\" class=\"yoast-schema-graph\">{\"@context\":\"https:\\\/\\\/schema.org\",\"@graph\":[{\"@type\":\"Article\",\"@id\":\"https:\\\/\\\/radioljubuski.ba\\\/index.php\\\/2022\\\/07\\\/26\\\/sebija-izetbegovic-branila-bakira-i-galamila-na-gradanku-sarajeva-ova-joj-porucila-da-je-za-razliku-od-nje-fakultetski-obrazovana\\\/#article\",\"isPartOf\":{\"@id\":\"https:\\\/\\\/radioljubuski.ba\\\/index.php\\\/2022\\\/07\\\/26\\\/sebija-izetbegovic-branila-bakira-i-galamila-na-gradanku-sarajeva-ova-joj-porucila-da-je-za-razliku-od-nje-fakultetski-obrazovana\\\/\"},\"author\":{\"name\":\"Radio Ljubu\u0161ki\",\"@id\":\"https:\\\/\\\/radioljubuski.ba\\\/#\\\/schema\\\/person\\\/19fc700381a780f69665d7956c469e3b\"},\"headline\":\"Sebija Izetbegovi\u0107 branila Bakira i galamila na gra\u0111anku Sarajeva, ova joj poru\u010dila da je za razliku od nje fakultetski obrazovana!\",\"datePublished\":\"2022-07-26T11:15:47+00:00\",\"dateModified\":\"2022-07-26T11:15:48+00:00\",\"mainEntityOfPage\":{\"@id\":\"https:\\\/\\\/radioljubuski.ba\\\/index.php\\\/2022\\\/07\\\/26\\\/sebija-izetbegovic-branila-bakira-i-galamila-na-gradanku-sarajeva-ova-joj-porucila-da-je-za-razliku-od-nje-fakultetski-obrazovana\\\/\"},\"wordCount\":166,\"publisher\":{\"@id\":\"https:\\\/\\\/radioljubuski.ba\\\/#organization\"},\"image\":{\"@id\":\"https:\\\/\\\/radioljubuski.ba\\\/index.php\\\/2022\\\/07\\\/26\\\/sebija-izetbegovic-branila-bakira-i-galamila-na-gradanku-sarajeva-ova-joj-porucila-da-je-za-razliku-od-nje-fakultetski-obrazovana\\\/#primaryimage\"},\"thumbnailUrl\":\"https:\\\/\\\/radioljubuski.ba\\\/wp-content\\\/uploads\\\/2022\\\/07\\\/8-2022-07-26-07-42-48-SEBIJA.jpg\",\"articleSection\":[\"BIH i regija\"],\"inLanguage\":\"hr\"},{\"@type\":\"WebPage\",\"@id\":\"https:\\\/\\\/radioljubuski.ba\\\/index.php\\\/2022\\\/07\\\/26\\\/sebija-izetbegovic-branila-bakira-i-galamila-na-gradanku-sarajeva-ova-joj-porucila-da-je-za-razliku-od-nje-fakultetski-obrazovana\\\/\",\"url\":\"https:\\\/\\\/radioljubuski.ba\\\/index.php\\\/2022\\\/07\\\/26\\\/sebija-izetbegovic-branila-bakira-i-galamila-na-gradanku-sarajeva-ova-joj-porucila-da-je-za-razliku-od-nje-fakultetski-obrazovana\\\/\",\"name\":\"Sebija Izetbegovi\u0107 branila Bakira i galamila na gra\u0111anku Sarajeva, ova joj poru\u010dila da je za razliku od nje fakultetski obrazovana! - RADIO LJUBU\u0160KI\",\"isPartOf\":{\"@id\":\"https:\\\/\\\/radioljubuski.ba\\\/#website\"},\"primaryImageOfPage\":{\"@id\":\"https:\\\/\\\/radioljubuski.ba\\\/index.php\\\/2022\\\/07\\\/26\\\/sebija-izetbegovic-branila-bakira-i-galamila-na-gradanku-sarajeva-ova-joj-porucila-da-je-za-razliku-od-nje-fakultetski-obrazovana\\\/#primaryimage\"},\"image\":{\"@id\":\"https:\\\/\\\/radioljubuski.ba\\\/index.php\\\/2022\\\/07\\\/26\\\/sebija-izetbegovic-branila-bakira-i-galamila-na-gradanku-sarajeva-ova-joj-porucila-da-je-za-razliku-od-nje-fakultetski-obrazovana\\\/#primaryimage\"},\"thumbnailUrl\":\"https:\\\/\\\/radioljubuski.ba\\\/wp-content\\\/uploads\\\/2022\\\/07\\\/8-2022-07-26-07-42-48-SEBIJA.jpg\",\"datePublished\":\"2022-07-26T11:15:47+00:00\",\"dateModified\":\"2022-07-26T11:15:48+00:00\",\"breadcrumb\":{\"@id\":\"https:\\\/\\\/radioljubuski.ba\\\/index.php\\\/2022\\\/07\\\/26\\\/sebija-izetbegovic-branila-bakira-i-galamila-na-gradanku-sarajeva-ova-joj-porucila-da-je-za-razliku-od-nje-fakultetski-obrazovana\\\/#breadcrumb\"},\"inLanguage\":\"hr\",\"potentialAction\":[{\"@type\":\"ReadAction\",\"target\":[\"https:\\\/\\\/radioljubuski.ba\\\/index.php\\\/2022\\\/07\\\/26\\\/sebija-izetbegovic-branila-bakira-i-galamila-na-gradanku-sarajeva-ova-joj-porucila-da-je-za-razliku-od-nje-fakultetski-obrazovana\\\/\"]}]},{\"@type\":\"ImageObject\",\"inLanguage\":\"hr\",\"@id\":\"https:\\\/\\\/radioljubuski.ba\\\/index.php\\\/2022\\\/07\\\/26\\\/sebija-izetbegovic-branila-bakira-i-galamila-na-gradanku-sarajeva-ova-joj-porucila-da-je-za-razliku-od-nje-fakultetski-obrazovana\\\/#primaryimage\",\"url\":\"https:\\\/\\\/radioljubuski.ba\\\/wp-content\\\/uploads\\\/2022\\\/07\\\/8-2022-07-26-07-42-48-SEBIJA.jpg\",\"contentUrl\":\"https:\\\/\\\/radioljubuski.ba\\\/wp-content\\\/uploads\\\/2022\\\/07\\\/8-2022-07-26-07-42-48-SEBIJA.jpg\",\"width\":1000,\"height\":625},{\"@type\":\"BreadcrumbList\",\"@id\":\"https:\\\/\\\/radioljubuski.ba\\\/index.php\\\/2022\\\/07\\\/26\\\/sebija-izetbegovic-branila-bakira-i-galamila-na-gradanku-sarajeva-ova-joj-porucila-da-je-za-razliku-od-nje-fakultetski-obrazovana\\\/#breadcrumb\",\"itemListElement\":[{\"@type\":\"ListItem\",\"position\":1,\"name\":\"Po\u010detna stranica\",\"item\":\"https:\\\/\\\/radioljubuski.ba\\\/\"},{\"@type\":\"ListItem\",\"position\":2,\"name\":\"Sebija Izetbegovi\u0107 branila Bakira i galamila na gra\u0111anku Sarajeva, ova joj poru\u010dila da je za razliku od nje fakultetski obrazovana!\"}]},{\"@type\":\"WebSite\",\"@id\":\"https:\\\/\\\/radioljubuski.ba\\\/#website\",\"url\":\"https:\\\/\\\/radioljubuski.ba\\\/\",\"name\":\"Radio Ljubu\u0161ki\",\"description\":\"Sun\u010dana frekvencija Hercegovine\",\"publisher\":{\"@id\":\"https:\\\/\\\/radioljubuski.ba\\\/#organization\"},\"potentialAction\":[{\"@type\":\"SearchAction\",\"target\":{\"@type\":\"EntryPoint\",\"urlTemplate\":\"https:\\\/\\\/radioljubuski.ba\\\/?s={search_term_string}\"},\"query-input\":{\"@type\":\"PropertyValueSpecification\",\"valueRequired\":true,\"valueName\":\"search_term_string\"}}],\"inLanguage\":\"hr\"},{\"@type\":\"Organization\",\"@id\":\"https:\\\/\\\/radioljubuski.ba\\\/#organization\",\"name\":\"Radio Ljubu\u0161ki\",\"url\":\"https:\\\/\\\/radioljubuski.ba\\\/\",\"logo\":{\"@type\":\"ImageObject\",\"inLanguage\":\"hr\",\"@id\":\"https:\\\/\\\/radioljubuski.ba\\\/#\\\/schema\\\/logo\\\/image\\\/\",\"url\":\"https:\\\/\\\/radioljubuski.ba\\\/wp-content\\\/uploads\\\/2021\\\/02\\\/cropped-Radio_Ljubuski_logo1.jpg\",\"contentUrl\":\"https:\\\/\\\/radioljubuski.ba\\\/wp-content\\\/uploads\\\/2021\\\/02\\\/cropped-Radio_Ljubuski_logo1.jpg\",\"width\":512,\"height\":512,\"caption\":\"Radio Ljubu\u0161ki\"},\"image\":{\"@id\":\"https:\\\/\\\/radioljubuski.ba\\\/#\\\/schema\\\/logo\\\/image\\\/\"},\"sameAs\":[\"https:\\\/\\\/www.facebook.com\\\/Radiio-Ljubuski-1490835324566332\",\"https:\\\/\\\/x.com\\\/radioljubuski\",\"https:\\\/\\\/hr.linkedin.com\\\/company\\\/radio-ljubuski\",\"https:\\\/\\\/www.youtube.com\\\/channel\\\/UCHYaeO_n0Db3tjNGudGpXyw\"]},{\"@type\":\"Person\",\"@id\":\"https:\\\/\\\/radioljubuski.ba\\\/#\\\/schema\\\/person\\\/19fc700381a780f69665d7956c469e3b\",\"name\":\"Radio Ljubu\u0161ki\"}]}<\/script>\n<!-- \/ Yoast SEO plugin. -->","yoast_head_json":{"title":"Sebija Izetbegovi\u0107 branila Bakira i galamila na gra\u0111anku Sarajeva, ova joj poru\u010dila da je za razliku od nje fakultetski obrazovana! - RADIO LJUBU\u0160KI","robots":{"index":"index","follow":"follow","max-snippet":"max-snippet:-1","max-image-preview":"max-image-preview:large","max-video-preview":"max-video-preview:-1"},"canonical":"https:\/\/radioljubuski.ba\/index.php\/2022\/07\/26\/sebija-izetbegovic-branila-bakira-i-galamila-na-gradanku-sarajeva-ova-joj-porucila-da-je-za-razliku-od-nje-fakultetski-obrazovana\/","og_locale":"hr_HR","og_type":"article","og_title":"Sebija Izetbegovi\u0107 branila Bakira i galamila na gra\u0111anku Sarajeva, ova joj poru\u010dila da je za razliku od nje fakultetski obrazovana! - RADIO LJUBU\u0160KI","og_description":"Nije samo predsjedavaju\u0107i Predsjedni\u0161tva Bosne i Hercegovine \u0160efik D\u017eaferovi\u0107 na ju\u010dera\u0161njem prosvjedu&nbsp; gra\u0111ana ispred OHR-a nai\u0161ao na negodovanje dijela gra\u0111ana. &#8216;Nezgodan&#8217; momenat imao je i lider njegove stranke, Bakir Izetbegovi\u0107, kojeg je u dijalogu sa sugra\u0111ankom branila supruga Sebija Izetbegovi\u0107. \u201cMo\u017eete li nam svima sad objasniti zbog \u010dega ste to potpisali\u201d, \u010dulo se pitanje gra\u0111anke [&hellip;]","og_url":"https:\/\/radioljubuski.ba\/index.php\/2022\/07\/26\/sebija-izetbegovic-branila-bakira-i-galamila-na-gradanku-sarajeva-ova-joj-porucila-da-je-za-razliku-od-nje-fakultetski-obrazovana\/","og_site_name":"RADIO LJUBU\u0160KI","article_publisher":"https:\/\/www.facebook.com\/Radiio-Ljubuski-1490835324566332","article_published_time":"2022-07-26T11:15:47+00:00","article_modified_time":"2022-07-26T11:15:48+00:00","og_image":[{"width":1000,"height":625,"url":"https:\/\/radioljubuski.ba\/wp-content\/uploads\/2022\/07\/8-2022-07-26-07-42-48-SEBIJA.jpg","type":"image\/jpeg"}],"author":"Radio Ljubu\u0161ki","twitter_card":"summary_large_image","twitter_creator":"@radioljubuski","twitter_site":"@radioljubuski","twitter_misc":{"Napisao\/la":"Radio Ljubu\u0161ki","Procijenjeno vrijeme \u010ditanja":"1 minuta"},"schema":{"@context":"https:\/\/schema.org","@graph":[{"@type":"Article","@id":"https:\/\/radioljubuski.ba\/index.php\/2022\/07\/26\/sebija-izetbegovic-branila-bakira-i-galamila-na-gradanku-sarajeva-ova-joj-porucila-da-je-za-razliku-od-nje-fakultetski-obrazovana\/#article","isPartOf":{"@id":"https:\/\/radioljubuski.ba\/index.php\/2022\/07\/26\/sebija-izetbegovic-branila-bakira-i-galamila-na-gradanku-sarajeva-ova-joj-porucila-da-je-za-razliku-od-nje-fakultetski-obrazovana\/"},"author":{"name":"Radio Ljubu\u0161ki","@id":"https:\/\/radioljubuski.ba\/#\/schema\/person\/19fc700381a780f69665d7956c469e3b"},"headline":"Sebija Izetbegovi\u0107 branila Bakira i galamila na gra\u0111anku Sarajeva, ova joj poru\u010dila da je za razliku od nje fakultetski obrazovana!","datePublished":"2022-07-26T11:15:47+00:00","dateModified":"2022-07-26T11:15:48+00:00","mainEntityOfPage":{"@id":"https:\/\/radioljubuski.ba\/index.php\/2022\/07\/26\/sebija-izetbegovic-branila-bakira-i-galamila-na-gradanku-sarajeva-ova-joj-porucila-da-je-za-razliku-od-nje-fakultetski-obrazovana\/"},"wordCount":166,"publisher":{"@id":"https:\/\/radioljubuski.ba\/#organization"},"image":{"@id":"https:\/\/radioljubuski.ba\/index.php\/2022\/07\/26\/sebija-izetbegovic-branila-bakira-i-galamila-na-gradanku-sarajeva-ova-joj-porucila-da-je-za-razliku-od-nje-fakultetski-obrazovana\/#primaryimage"},"thumbnailUrl":"https:\/\/radioljubuski.ba\/wp-content\/uploads\/2022\/07\/8-2022-07-26-07-42-48-SEBIJA.jpg","articleSection":["BIH i regija"],"inLanguage":"hr"},{"@type":"WebPage","@id":"https:\/\/radioljubuski.ba\/index.php\/2022\/07\/26\/sebija-izetbegovic-branila-bakira-i-galamila-na-gradanku-sarajeva-ova-joj-porucila-da-je-za-razliku-od-nje-fakultetski-obrazovana\/","url":"https:\/\/radioljubuski.ba\/index.php\/2022\/07\/26\/sebija-izetbegovic-branila-bakira-i-galamila-na-gradanku-sarajeva-ova-joj-porucila-da-je-za-razliku-od-nje-fakultetski-obrazovana\/","name":"Sebija Izetbegovi\u0107 branila Bakira i galamila na gra\u0111anku Sarajeva, ova joj poru\u010dila da je za razliku od nje fakultetski obrazovana! - RADIO LJUBU\u0160KI","isPartOf":{"@id":"https:\/\/radioljubuski.ba\/#website"},"primaryImageOfPage":{"@id":"https:\/\/radioljubuski.ba\/index.php\/2022\/07\/26\/sebija-izetbegovic-branila-bakira-i-galamila-na-gradanku-sarajeva-ova-joj-porucila-da-je-za-razliku-od-nje-fakultetski-obrazovana\/#primaryimage"},"image":{"@id":"https:\/\/radioljubuski.ba\/index.php\/2022\/07\/26\/sebija-izetbegovic-branila-bakira-i-galamila-na-gradanku-sarajeva-ova-joj-porucila-da-je-za-razliku-od-nje-fakultetski-obrazovana\/#primaryimage"},"thumbnailUrl":"https:\/\/radioljubuski.ba\/wp-content\/uploads\/2022\/07\/8-2022-07-26-07-42-48-SEBIJA.jpg","datePublished":"2022-07-26T11:15:47+00:00","dateModified":"2022-07-26T11:15:48+00:00","breadcrumb":{"@id":"https:\/\/radioljubuski.ba\/index.php\/2022\/07\/26\/sebija-izetbegovic-branila-bakira-i-galamila-na-gradanku-sarajeva-ova-joj-porucila-da-je-za-razliku-od-nje-fakultetski-obrazovana\/#breadcrumb"},"inLanguage":"hr","potentialAction":[{"@type":"ReadAction","target":["https:\/\/radioljubuski.ba\/index.php\/2022\/07\/26\/sebija-izetbegovic-branila-bakira-i-galamila-na-gradanku-sarajeva-ova-joj-porucila-da-je-za-razliku-od-nje-fakultetski-obrazovana\/"]}]},{"@type":"ImageObject","inLanguage":"hr","@id":"https:\/\/radioljubuski.ba\/index.php\/2022\/07\/26\/sebija-izetbegovic-branila-bakira-i-galamila-na-gradanku-sarajeva-ova-joj-porucila-da-je-za-razliku-od-nje-fakultetski-obrazovana\/#primaryimage","url":"https:\/\/radioljubuski.ba\/wp-content\/uploads\/2022\/07\/8-2022-07-26-07-42-48-SEBIJA.jpg","contentUrl":"https:\/\/radioljubuski.ba\/wp-content\/uploads\/2022\/07\/8-2022-07-26-07-42-48-SEBIJA.jpg","width":1000,"height":625},{"@type":"BreadcrumbList","@id":"https:\/\/radioljubuski.ba\/index.php\/2022\/07\/26\/sebija-izetbegovic-branila-bakira-i-galamila-na-gradanku-sarajeva-ova-joj-porucila-da-je-za-razliku-od-nje-fakultetski-obrazovana\/#breadcrumb","itemListElement":[{"@type":"ListItem","position":1,"name":"Po\u010detna stranica","item":"https:\/\/radioljubuski.ba\/"},{"@type":"ListItem","position":2,"name":"Sebija Izetbegovi\u0107 branila Bakira i galamila na gra\u0111anku Sarajeva, ova joj poru\u010dila da je za razliku od nje fakultetski obrazovana!"}]},{"@type":"WebSite","@id":"https:\/\/radioljubuski.ba\/#website","url":"https:\/\/radioljubuski.ba\/","name":"Radio Ljubu\u0161ki","description":"Sun\u010dana frekvencija Hercegovine","publisher":{"@id":"https:\/\/radioljubuski.ba\/#organization"},"potentialAction":[{"@type":"SearchAction","target":{"@type":"EntryPoint","urlTemplate":"https:\/\/radioljubuski.ba\/?s={search_term_string}"},"query-input":{"@type":"PropertyValueSpecification","valueRequired":true,"valueName":"search_term_string"}}],"inLanguage":"hr"},{"@type":"Organization","@id":"https:\/\/radioljubuski.ba\/#organization","name":"Radio Ljubu\u0161ki","url":"https:\/\/radioljubuski.ba\/","logo":{"@type":"ImageObject","inLanguage":"hr","@id":"https:\/\/radioljubuski.ba\/#\/schema\/logo\/image\/","url":"https:\/\/radioljubuski.ba\/wp-content\/uploads\/2021\/02\/cropped-Radio_Ljubuski_logo1.jpg","contentUrl":"https:\/\/radioljubuski.ba\/wp-content\/uploads\/2021\/02\/cropped-Radio_Ljubuski_logo1.jpg","width":512,"height":512,"caption":"Radio Ljubu\u0161ki"},"image":{"@id":"https:\/\/radioljubuski.ba\/#\/schema\/logo\/image\/"},"sameAs":["https:\/\/www.facebook.com\/Radiio-Ljubuski-1490835324566332","https:\/\/x.com\/radioljubuski","https:\/\/hr.linkedin.com\/company\/radio-ljubuski","https:\/\/www.youtube.com\/channel\/UCHYaeO_n0Db3tjNGudGpXyw"]},{"@type":"Person","@id":"https:\/\/radioljubuski.ba\/#\/schema\/person\/19fc700381a780f69665d7956c469e3b","name":"Radio Ljubu\u0161ki"}]}},"_links":{"self":[{"href":"https:\/\/radioljubuski.ba\/index.php\/wp-json\/wp\/v2\/posts\/163617","targetHints":{"allow":["GET"]}}],"collection":[{"href":"https:\/\/radioljubuski.ba\/index.php\/wp-json\/wp\/v2\/posts"}],"about":[{"href":"https:\/\/radioljubuski.ba\/index.php\/wp-json\/wp\/v2\/types\/post"}],"author":[{"embeddable":true,"href":"https:\/\/radioljubuski.ba\/index.php\/wp-json\/wp\/v2\/users\/2"}],"replies":[{"embeddable":true,"href":"https:\/\/radioljubuski.ba\/index.php\/wp-json\/wp\/v2\/comments?post=163617"}],"version-history":[{"count":1,"href":"https:\/\/radioljubuski.ba\/index.php\/wp-json\/wp\/v2\/posts\/163617\/revisions"}],"predecessor-version":[{"id":163619,"href":"https:\/\/radioljubuski.ba\/index.php\/wp-json\/wp\/v2\/posts\/163617\/revisions\/163619"}],"wp:featuredmedia":[{"embeddable":true,"href":"https:\/\/radioljubuski.ba\/index.php\/wp-json\/wp\/v2\/media\/163618"}],"wp:attachment":[{"href":"https:\/\/radioljubuski.ba\/index.php\/wp-json\/wp\/v2\/media?parent=163617"}],"wp:term":[{"taxonomy":"category","embeddable":true,"href":"https:\/\/radioljubuski.ba\/index.php\/wp-json\/wp\/v2\/categories?post=163617"},{"taxonomy":"post_tag","embeddable":true,"href":"https:\/\/radioljubuski.ba\/index.php\/wp-json\/wp\/v2\/tags?post=163617"}],"curies":[{"name":"wp","href":"https:\/\/api.w.org\/{rel}","templated":true}]}}