{"id":163621,"date":"2022-07-26T12:18:03","date_gmt":"2022-07-26T11:18:03","guid":{"rendered":"https:\/\/radioljubuski.ba\/?p=163621"},"modified":"2022-07-26T12:18:03","modified_gmt":"2022-07-26T11:18:03","slug":"ulaznice-za-koncert-josipe-lisac-u-medugorju-po-nizim-cijenama-do-1-kolovoza","status":"publish","type":"post","link":"https:\/\/radioljubuski.ba\/index.php\/2022\/07\/26\/ulaznice-za-koncert-josipe-lisac-u-medugorju-po-nizim-cijenama-do-1-kolovoza\/","title":{"rendered":"Ulaznice za koncert Josipe Lisac u Me\u0111ugorju po ni\u017eim cijenama do 1. kolovoza"},"content":{"rendered":"\n<p>Unikatna pojava glazbene scene Josipa Lisac pred hercegova\u010dku publiku sti\u017ee 19. kolovoza, kada \u0107e u amfiteatru Herceg etno sela u Me\u0111ugorju odr\u017eati svoj gala koncert s po\u010detkom od 21 sat, kao zavr\u0161ni koncert manifestacije \u201eZvijezde pod zvijezdama u Hercegovini\u201c.<\/p>\n\n\n\n<p>\u201eBit \u0107e to novi Josipin susret, nakon sedam godina, sa publikom u Me\u0111ugorju. I ovog puta o\u010dekujemo njezinu publiku iz cijele regije. Znamo da su zadnjih godina njezini koncerti postali vrlo rijetki, ekskluzivni i redovito rasprodani nekoliko dana prije samog odr\u017eavanja. Stoga, preporuke publici da ulaznice kupe na vrijeme, tim vi\u0161e jer se regular ulaznice trenutno mogu kupiti po ni\u017eoj cijeni- 25 KM sve do 1. kolovoza, nakon \u010dega \u0107e biti po cijeni 30 KM\u201c, priop\u0107ili su organizatori iz agencije PRimera.<\/p>\n\n\n\n<p>U svojoj karijeri, dugoj preko pet decenija, ova glazbena diva je postala prepoznatljiva po hitovima, poput \u201cMagla\u201d, \u201cHir, hir, hir\u201d, \u201cGdje Dunav ljubi nebo\u201d, \u201cBoginja\u201d, \u201cDanas sam luda\u201d\u2026i brojnim drugim, sa kojima plijeni pozornost publike gdje god se pojavi.<\/p>\n\n\n\n<p>Josipa Lisac je umjetnica, koja je svojim trudom, radom i uspjehom znatno doprinijela glazbenoj kulturi cijele regije, za \u0161to joj je Upravni odbor najpresti\u017enije muzi\u010dke nagrade u Hrvatskoj- Porin, dodijelio nagradu za \u017eivotno djelo.<\/p>\n\n\n\n<p>Fascinira da je i dalje koncertno i diskografski aktivna, a publiku \u0107e uskoro obradovati i novim singlom na kojemu upravo radi.<\/p>\n\n\n\n<p>Ulaznice su dostupne u prodaji na info pultu Mepas Mall-a u Mostaru, blagajni Herceg Etno sela u Me\u0111ugorju i online preko kupikartu.ba.<\/p>\n\n\n\n<p>Izvor:pogled.bA<\/p>\n","protected":false},"excerpt":{"rendered":"<p>Unikatna pojava glazbene scene Josipa Lisac pred hercegova\u010dku publiku sti\u017ee 19. kolovoza, kada \u0107e u amfiteatru Herceg etno sela u Me\u0111ugorju odr\u017eati svoj gala koncert s po\u010detkom od 21 sat, kao zavr\u0161ni koncert manifestacije \u201eZvijezde pod zvijezdama u Hercegovini\u201c. \u201eBit \u0107e to novi Josipin susret, nakon sedam godina, sa publikom u Me\u0111ugorju. I ovog puta [&hellip;]<\/p>\n","protected":false},"author":2,"featured_media":163622,"comment_status":"closed","ping_status":"closed","sticky":false,"template":"","format":"standard","meta":{"h5ap_radio_sources":[],"footnotes":""},"categories":[1],"tags":[],"class_list":["post-163621","post","type-post","status-publish","format-standard","has-post-thumbnail","hentry","category-bihiregija"],"yoast_head":"<!-- This site is optimized with the Yoast SEO plugin v27.5 - https:\/\/yoast.com\/product\/yoast-seo-wordpress\/ -->\n<title>Ulaznice za koncert Josipe Lisac u Me\u0111ugorju po ni\u017eim cijenama do 1. kolovoza - RADIO LJUBU\u0160KI<\/title>\n<meta name=\"robots\" content=\"index, follow, max-snippet:-1, max-image-preview:large, max-video-preview:-1\" \/>\n<link rel=\"canonical\" href=\"https:\/\/radioljubuski.ba\/index.php\/2022\/07\/26\/ulaznice-za-koncert-josipe-lisac-u-medugorju-po-nizim-cijenama-do-1-kolovoza\/\" \/>\n<meta property=\"og:locale\" content=\"hr_HR\" \/>\n<meta property=\"og:type\" content=\"article\" \/>\n<meta property=\"og:title\" content=\"Ulaznice za koncert Josipe Lisac u Me\u0111ugorju po ni\u017eim cijenama do 1. kolovoza - RADIO LJUBU\u0160KI\" \/>\n<meta property=\"og:description\" content=\"Unikatna pojava glazbene scene Josipa Lisac pred hercegova\u010dku publiku sti\u017ee 19. kolovoza, kada \u0107e u amfiteatru Herceg etno sela u Me\u0111ugorju odr\u017eati svoj gala koncert s po\u010detkom od 21 sat, kao zavr\u0161ni koncert manifestacije \u201eZvijezde pod zvijezdama u Hercegovini\u201c. \u201eBit \u0107e to novi Josipin susret, nakon sedam godina, sa publikom u Me\u0111ugorju. I ovog puta [&hellip;]\" \/>\n<meta property=\"og:url\" content=\"https:\/\/radioljubuski.ba\/index.php\/2022\/07\/26\/ulaznice-za-koncert-josipe-lisac-u-medugorju-po-nizim-cijenama-do-1-kolovoza\/\" \/>\n<meta property=\"og:site_name\" content=\"RADIO LJUBU\u0160KI\" \/>\n<meta property=\"article:publisher\" content=\"https:\/\/www.facebook.com\/Radiio-Ljubuski-1490835324566332\" \/>\n<meta property=\"article:published_time\" content=\"2022-07-26T11:18:03+00:00\" \/>\n<meta property=\"og:image\" content=\"https:\/\/radioljubuski.ba\/wp-content\/uploads\/2022\/07\/OH4jhYWm_josipa_lisac.jpg\" \/>\n\t<meta property=\"og:image:width\" content=\"1000\" \/>\n\t<meta property=\"og:image:height\" content=\"625\" \/>\n\t<meta property=\"og:image:type\" content=\"image\/jpeg\" \/>\n<meta name=\"author\" content=\"Radio Ljubu\u0161ki\" \/>\n<meta name=\"twitter:card\" content=\"summary_large_image\" \/>\n<meta name=\"twitter:creator\" content=\"@radioljubuski\" \/>\n<meta name=\"twitter:site\" content=\"@radioljubuski\" \/>\n<meta name=\"twitter:label1\" content=\"Napisao\/la\" \/>\n\t<meta name=\"twitter:data1\" content=\"Radio Ljubu\u0161ki\" \/>\n\t<meta name=\"twitter:label2\" content=\"Procijenjeno vrijeme \u010ditanja\" \/>\n\t<meta name=\"twitter:data2\" content=\"2 minute\" \/>\n<script type=\"application\/ld+json\" class=\"yoast-schema-graph\">{\"@context\":\"https:\\\/\\\/schema.org\",\"@graph\":[{\"@type\":\"Article\",\"@id\":\"https:\\\/\\\/radioljubuski.ba\\\/index.php\\\/2022\\\/07\\\/26\\\/ulaznice-za-koncert-josipe-lisac-u-medugorju-po-nizim-cijenama-do-1-kolovoza\\\/#article\",\"isPartOf\":{\"@id\":\"https:\\\/\\\/radioljubuski.ba\\\/index.php\\\/2022\\\/07\\\/26\\\/ulaznice-za-koncert-josipe-lisac-u-medugorju-po-nizim-cijenama-do-1-kolovoza\\\/\"},\"author\":{\"name\":\"Radio Ljubu\u0161ki\",\"@id\":\"https:\\\/\\\/radioljubuski.ba\\\/#\\\/schema\\\/person\\\/19fc700381a780f69665d7956c469e3b\"},\"headline\":\"Ulaznice za koncert Josipe Lisac u Me\u0111ugorju po ni\u017eim cijenama do 1. kolovoza\",\"datePublished\":\"2022-07-26T11:18:03+00:00\",\"mainEntityOfPage\":{\"@id\":\"https:\\\/\\\/radioljubuski.ba\\\/index.php\\\/2022\\\/07\\\/26\\\/ulaznice-za-koncert-josipe-lisac-u-medugorju-po-nizim-cijenama-do-1-kolovoza\\\/\"},\"wordCount\":265,\"publisher\":{\"@id\":\"https:\\\/\\\/radioljubuski.ba\\\/#organization\"},\"image\":{\"@id\":\"https:\\\/\\\/radioljubuski.ba\\\/index.php\\\/2022\\\/07\\\/26\\\/ulaznice-za-koncert-josipe-lisac-u-medugorju-po-nizim-cijenama-do-1-kolovoza\\\/#primaryimage\"},\"thumbnailUrl\":\"https:\\\/\\\/radioljubuski.ba\\\/wp-content\\\/uploads\\\/2022\\\/07\\\/OH4jhYWm_josipa_lisac.jpg\",\"articleSection\":[\"BIH i regija\"],\"inLanguage\":\"hr\"},{\"@type\":\"WebPage\",\"@id\":\"https:\\\/\\\/radioljubuski.ba\\\/index.php\\\/2022\\\/07\\\/26\\\/ulaznice-za-koncert-josipe-lisac-u-medugorju-po-nizim-cijenama-do-1-kolovoza\\\/\",\"url\":\"https:\\\/\\\/radioljubuski.ba\\\/index.php\\\/2022\\\/07\\\/26\\\/ulaznice-za-koncert-josipe-lisac-u-medugorju-po-nizim-cijenama-do-1-kolovoza\\\/\",\"name\":\"Ulaznice za koncert Josipe Lisac u Me\u0111ugorju po ni\u017eim cijenama do 1. kolovoza - RADIO LJUBU\u0160KI\",\"isPartOf\":{\"@id\":\"https:\\\/\\\/radioljubuski.ba\\\/#website\"},\"primaryImageOfPage\":{\"@id\":\"https:\\\/\\\/radioljubuski.ba\\\/index.php\\\/2022\\\/07\\\/26\\\/ulaznice-za-koncert-josipe-lisac-u-medugorju-po-nizim-cijenama-do-1-kolovoza\\\/#primaryimage\"},\"image\":{\"@id\":\"https:\\\/\\\/radioljubuski.ba\\\/index.php\\\/2022\\\/07\\\/26\\\/ulaznice-za-koncert-josipe-lisac-u-medugorju-po-nizim-cijenama-do-1-kolovoza\\\/#primaryimage\"},\"thumbnailUrl\":\"https:\\\/\\\/radioljubuski.ba\\\/wp-content\\\/uploads\\\/2022\\\/07\\\/OH4jhYWm_josipa_lisac.jpg\",\"datePublished\":\"2022-07-26T11:18:03+00:00\",\"breadcrumb\":{\"@id\":\"https:\\\/\\\/radioljubuski.ba\\\/index.php\\\/2022\\\/07\\\/26\\\/ulaznice-za-koncert-josipe-lisac-u-medugorju-po-nizim-cijenama-do-1-kolovoza\\\/#breadcrumb\"},\"inLanguage\":\"hr\",\"potentialAction\":[{\"@type\":\"ReadAction\",\"target\":[\"https:\\\/\\\/radioljubuski.ba\\\/index.php\\\/2022\\\/07\\\/26\\\/ulaznice-za-koncert-josipe-lisac-u-medugorju-po-nizim-cijenama-do-1-kolovoza\\\/\"]}]},{\"@type\":\"ImageObject\",\"inLanguage\":\"hr\",\"@id\":\"https:\\\/\\\/radioljubuski.ba\\\/index.php\\\/2022\\\/07\\\/26\\\/ulaznice-za-koncert-josipe-lisac-u-medugorju-po-nizim-cijenama-do-1-kolovoza\\\/#primaryimage\",\"url\":\"https:\\\/\\\/radioljubuski.ba\\\/wp-content\\\/uploads\\\/2022\\\/07\\\/OH4jhYWm_josipa_lisac.jpg\",\"contentUrl\":\"https:\\\/\\\/radioljubuski.ba\\\/wp-content\\\/uploads\\\/2022\\\/07\\\/OH4jhYWm_josipa_lisac.jpg\",\"width\":1000,\"height\":625},{\"@type\":\"BreadcrumbList\",\"@id\":\"https:\\\/\\\/radioljubuski.ba\\\/index.php\\\/2022\\\/07\\\/26\\\/ulaznice-za-koncert-josipe-lisac-u-medugorju-po-nizim-cijenama-do-1-kolovoza\\\/#breadcrumb\",\"itemListElement\":[{\"@type\":\"ListItem\",\"position\":1,\"name\":\"Po\u010detna stranica\",\"item\":\"https:\\\/\\\/radioljubuski.ba\\\/\"},{\"@type\":\"ListItem\",\"position\":2,\"name\":\"Ulaznice za koncert Josipe Lisac u Me\u0111ugorju po ni\u017eim cijenama do 1. kolovoza\"}]},{\"@type\":\"WebSite\",\"@id\":\"https:\\\/\\\/radioljubuski.ba\\\/#website\",\"url\":\"https:\\\/\\\/radioljubuski.ba\\\/\",\"name\":\"Radio Ljubu\u0161ki\",\"description\":\"Sun\u010dana frekvencija Hercegovine\",\"publisher\":{\"@id\":\"https:\\\/\\\/radioljubuski.ba\\\/#organization\"},\"potentialAction\":[{\"@type\":\"SearchAction\",\"target\":{\"@type\":\"EntryPoint\",\"urlTemplate\":\"https:\\\/\\\/radioljubuski.ba\\\/?s={search_term_string}\"},\"query-input\":{\"@type\":\"PropertyValueSpecification\",\"valueRequired\":true,\"valueName\":\"search_term_string\"}}],\"inLanguage\":\"hr\"},{\"@type\":\"Organization\",\"@id\":\"https:\\\/\\\/radioljubuski.ba\\\/#organization\",\"name\":\"Radio Ljubu\u0161ki\",\"url\":\"https:\\\/\\\/radioljubuski.ba\\\/\",\"logo\":{\"@type\":\"ImageObject\",\"inLanguage\":\"hr\",\"@id\":\"https:\\\/\\\/radioljubuski.ba\\\/#\\\/schema\\\/logo\\\/image\\\/\",\"url\":\"https:\\\/\\\/radioljubuski.ba\\\/wp-content\\\/uploads\\\/2021\\\/02\\\/cropped-Radio_Ljubuski_logo1.jpg\",\"contentUrl\":\"https:\\\/\\\/radioljubuski.ba\\\/wp-content\\\/uploads\\\/2021\\\/02\\\/cropped-Radio_Ljubuski_logo1.jpg\",\"width\":512,\"height\":512,\"caption\":\"Radio Ljubu\u0161ki\"},\"image\":{\"@id\":\"https:\\\/\\\/radioljubuski.ba\\\/#\\\/schema\\\/logo\\\/image\\\/\"},\"sameAs\":[\"https:\\\/\\\/www.facebook.com\\\/Radiio-Ljubuski-1490835324566332\",\"https:\\\/\\\/x.com\\\/radioljubuski\",\"https:\\\/\\\/hr.linkedin.com\\\/company\\\/radio-ljubuski\",\"https:\\\/\\\/www.youtube.com\\\/channel\\\/UCHYaeO_n0Db3tjNGudGpXyw\"]},{\"@type\":\"Person\",\"@id\":\"https:\\\/\\\/radioljubuski.ba\\\/#\\\/schema\\\/person\\\/19fc700381a780f69665d7956c469e3b\",\"name\":\"Radio Ljubu\u0161ki\"}]}<\/script>\n<!-- \/ Yoast SEO plugin. -->","yoast_head_json":{"title":"Ulaznice za koncert Josipe Lisac u Me\u0111ugorju po ni\u017eim cijenama do 1. kolovoza - RADIO LJUBU\u0160KI","robots":{"index":"index","follow":"follow","max-snippet":"max-snippet:-1","max-image-preview":"max-image-preview:large","max-video-preview":"max-video-preview:-1"},"canonical":"https:\/\/radioljubuski.ba\/index.php\/2022\/07\/26\/ulaznice-za-koncert-josipe-lisac-u-medugorju-po-nizim-cijenama-do-1-kolovoza\/","og_locale":"hr_HR","og_type":"article","og_title":"Ulaznice za koncert Josipe Lisac u Me\u0111ugorju po ni\u017eim cijenama do 1. kolovoza - RADIO LJUBU\u0160KI","og_description":"Unikatna pojava glazbene scene Josipa Lisac pred hercegova\u010dku publiku sti\u017ee 19. kolovoza, kada \u0107e u amfiteatru Herceg etno sela u Me\u0111ugorju odr\u017eati svoj gala koncert s po\u010detkom od 21 sat, kao zavr\u0161ni koncert manifestacije \u201eZvijezde pod zvijezdama u Hercegovini\u201c. \u201eBit \u0107e to novi Josipin susret, nakon sedam godina, sa publikom u Me\u0111ugorju. I ovog puta [&hellip;]","og_url":"https:\/\/radioljubuski.ba\/index.php\/2022\/07\/26\/ulaznice-za-koncert-josipe-lisac-u-medugorju-po-nizim-cijenama-do-1-kolovoza\/","og_site_name":"RADIO LJUBU\u0160KI","article_publisher":"https:\/\/www.facebook.com\/Radiio-Ljubuski-1490835324566332","article_published_time":"2022-07-26T11:18:03+00:00","og_image":[{"width":1000,"height":625,"url":"https:\/\/radioljubuski.ba\/wp-content\/uploads\/2022\/07\/OH4jhYWm_josipa_lisac.jpg","type":"image\/jpeg"}],"author":"Radio Ljubu\u0161ki","twitter_card":"summary_large_image","twitter_creator":"@radioljubuski","twitter_site":"@radioljubuski","twitter_misc":{"Napisao\/la":"Radio Ljubu\u0161ki","Procijenjeno vrijeme \u010ditanja":"2 minute"},"schema":{"@context":"https:\/\/schema.org","@graph":[{"@type":"Article","@id":"https:\/\/radioljubuski.ba\/index.php\/2022\/07\/26\/ulaznice-za-koncert-josipe-lisac-u-medugorju-po-nizim-cijenama-do-1-kolovoza\/#article","isPartOf":{"@id":"https:\/\/radioljubuski.ba\/index.php\/2022\/07\/26\/ulaznice-za-koncert-josipe-lisac-u-medugorju-po-nizim-cijenama-do-1-kolovoza\/"},"author":{"name":"Radio Ljubu\u0161ki","@id":"https:\/\/radioljubuski.ba\/#\/schema\/person\/19fc700381a780f69665d7956c469e3b"},"headline":"Ulaznice za koncert Josipe Lisac u Me\u0111ugorju po ni\u017eim cijenama do 1. kolovoza","datePublished":"2022-07-26T11:18:03+00:00","mainEntityOfPage":{"@id":"https:\/\/radioljubuski.ba\/index.php\/2022\/07\/26\/ulaznice-za-koncert-josipe-lisac-u-medugorju-po-nizim-cijenama-do-1-kolovoza\/"},"wordCount":265,"publisher":{"@id":"https:\/\/radioljubuski.ba\/#organization"},"image":{"@id":"https:\/\/radioljubuski.ba\/index.php\/2022\/07\/26\/ulaznice-za-koncert-josipe-lisac-u-medugorju-po-nizim-cijenama-do-1-kolovoza\/#primaryimage"},"thumbnailUrl":"https:\/\/radioljubuski.ba\/wp-content\/uploads\/2022\/07\/OH4jhYWm_josipa_lisac.jpg","articleSection":["BIH i regija"],"inLanguage":"hr"},{"@type":"WebPage","@id":"https:\/\/radioljubuski.ba\/index.php\/2022\/07\/26\/ulaznice-za-koncert-josipe-lisac-u-medugorju-po-nizim-cijenama-do-1-kolovoza\/","url":"https:\/\/radioljubuski.ba\/index.php\/2022\/07\/26\/ulaznice-za-koncert-josipe-lisac-u-medugorju-po-nizim-cijenama-do-1-kolovoza\/","name":"Ulaznice za koncert Josipe Lisac u Me\u0111ugorju po ni\u017eim cijenama do 1. kolovoza - RADIO LJUBU\u0160KI","isPartOf":{"@id":"https:\/\/radioljubuski.ba\/#website"},"primaryImageOfPage":{"@id":"https:\/\/radioljubuski.ba\/index.php\/2022\/07\/26\/ulaznice-za-koncert-josipe-lisac-u-medugorju-po-nizim-cijenama-do-1-kolovoza\/#primaryimage"},"image":{"@id":"https:\/\/radioljubuski.ba\/index.php\/2022\/07\/26\/ulaznice-za-koncert-josipe-lisac-u-medugorju-po-nizim-cijenama-do-1-kolovoza\/#primaryimage"},"thumbnailUrl":"https:\/\/radioljubuski.ba\/wp-content\/uploads\/2022\/07\/OH4jhYWm_josipa_lisac.jpg","datePublished":"2022-07-26T11:18:03+00:00","breadcrumb":{"@id":"https:\/\/radioljubuski.ba\/index.php\/2022\/07\/26\/ulaznice-za-koncert-josipe-lisac-u-medugorju-po-nizim-cijenama-do-1-kolovoza\/#breadcrumb"},"inLanguage":"hr","potentialAction":[{"@type":"ReadAction","target":["https:\/\/radioljubuski.ba\/index.php\/2022\/07\/26\/ulaznice-za-koncert-josipe-lisac-u-medugorju-po-nizim-cijenama-do-1-kolovoza\/"]}]},{"@type":"ImageObject","inLanguage":"hr","@id":"https:\/\/radioljubuski.ba\/index.php\/2022\/07\/26\/ulaznice-za-koncert-josipe-lisac-u-medugorju-po-nizim-cijenama-do-1-kolovoza\/#primaryimage","url":"https:\/\/radioljubuski.ba\/wp-content\/uploads\/2022\/07\/OH4jhYWm_josipa_lisac.jpg","contentUrl":"https:\/\/radioljubuski.ba\/wp-content\/uploads\/2022\/07\/OH4jhYWm_josipa_lisac.jpg","width":1000,"height":625},{"@type":"BreadcrumbList","@id":"https:\/\/radioljubuski.ba\/index.php\/2022\/07\/26\/ulaznice-za-koncert-josipe-lisac-u-medugorju-po-nizim-cijenama-do-1-kolovoza\/#breadcrumb","itemListElement":[{"@type":"ListItem","position":1,"name":"Po\u010detna stranica","item":"https:\/\/radioljubuski.ba\/"},{"@type":"ListItem","position":2,"name":"Ulaznice za koncert Josipe Lisac u Me\u0111ugorju po ni\u017eim cijenama do 1. kolovoza"}]},{"@type":"WebSite","@id":"https:\/\/radioljubuski.ba\/#website","url":"https:\/\/radioljubuski.ba\/","name":"Radio Ljubu\u0161ki","description":"Sun\u010dana frekvencija Hercegovine","publisher":{"@id":"https:\/\/radioljubuski.ba\/#organization"},"potentialAction":[{"@type":"SearchAction","target":{"@type":"EntryPoint","urlTemplate":"https:\/\/radioljubuski.ba\/?s={search_term_string}"},"query-input":{"@type":"PropertyValueSpecification","valueRequired":true,"valueName":"search_term_string"}}],"inLanguage":"hr"},{"@type":"Organization","@id":"https:\/\/radioljubuski.ba\/#organization","name":"Radio Ljubu\u0161ki","url":"https:\/\/radioljubuski.ba\/","logo":{"@type":"ImageObject","inLanguage":"hr","@id":"https:\/\/radioljubuski.ba\/#\/schema\/logo\/image\/","url":"https:\/\/radioljubuski.ba\/wp-content\/uploads\/2021\/02\/cropped-Radio_Ljubuski_logo1.jpg","contentUrl":"https:\/\/radioljubuski.ba\/wp-content\/uploads\/2021\/02\/cropped-Radio_Ljubuski_logo1.jpg","width":512,"height":512,"caption":"Radio Ljubu\u0161ki"},"image":{"@id":"https:\/\/radioljubuski.ba\/#\/schema\/logo\/image\/"},"sameAs":["https:\/\/www.facebook.com\/Radiio-Ljubuski-1490835324566332","https:\/\/x.com\/radioljubuski","https:\/\/hr.linkedin.com\/company\/radio-ljubuski","https:\/\/www.youtube.com\/channel\/UCHYaeO_n0Db3tjNGudGpXyw"]},{"@type":"Person","@id":"https:\/\/radioljubuski.ba\/#\/schema\/person\/19fc700381a780f69665d7956c469e3b","name":"Radio Ljubu\u0161ki"}]}},"_links":{"self":[{"href":"https:\/\/radioljubuski.ba\/index.php\/wp-json\/wp\/v2\/posts\/163621","targetHints":{"allow":["GET"]}}],"collection":[{"href":"https:\/\/radioljubuski.ba\/index.php\/wp-json\/wp\/v2\/posts"}],"about":[{"href":"https:\/\/radioljubuski.ba\/index.php\/wp-json\/wp\/v2\/types\/post"}],"author":[{"embeddable":true,"href":"https:\/\/radioljubuski.ba\/index.php\/wp-json\/wp\/v2\/users\/2"}],"replies":[{"embeddable":true,"href":"https:\/\/radioljubuski.ba\/index.php\/wp-json\/wp\/v2\/comments?post=163621"}],"version-history":[{"count":1,"href":"https:\/\/radioljubuski.ba\/index.php\/wp-json\/wp\/v2\/posts\/163621\/revisions"}],"predecessor-version":[{"id":163623,"href":"https:\/\/radioljubuski.ba\/index.php\/wp-json\/wp\/v2\/posts\/163621\/revisions\/163623"}],"wp:featuredmedia":[{"embeddable":true,"href":"https:\/\/radioljubuski.ba\/index.php\/wp-json\/wp\/v2\/media\/163622"}],"wp:attachment":[{"href":"https:\/\/radioljubuski.ba\/index.php\/wp-json\/wp\/v2\/media?parent=163621"}],"wp:term":[{"taxonomy":"category","embeddable":true,"href":"https:\/\/radioljubuski.ba\/index.php\/wp-json\/wp\/v2\/categories?post=163621"},{"taxonomy":"post_tag","embeddable":true,"href":"https:\/\/radioljubuski.ba\/index.php\/wp-json\/wp\/v2\/tags?post=163621"}],"curies":[{"name":"wp","href":"https:\/\/api.w.org\/{rel}","templated":true}]}}