{"id":163679,"date":"2022-07-26T14:37:46","date_gmt":"2022-07-26T13:37:46","guid":{"rendered":"https:\/\/radioljubuski.ba\/?p=163679"},"modified":"2022-07-26T14:37:48","modified_gmt":"2022-07-26T13:37:48","slug":"carevic-bjelica-s-razlogom-ocekuje-bolju-izvedbu-strahonja-o-jovicevoj-pogresci","status":"publish","type":"post","link":"https:\/\/radioljubuski.ba\/index.php\/2022\/07\/26\/carevic-bjelica-s-razlogom-ocekuje-bolju-izvedbu-strahonja-o-jovicevoj-pogresci\/","title":{"rendered":"Carevi\u0107: Bjelica s razlogom o\u010dekuje bolju izvedbu; Strahonja o Jovi\u0107evoj pogre\u0161ci"},"content":{"rendered":"\n<p>U emisiji Stadion analiziralo se drugo kolo SuperSport HNL-a uz pomo\u0107 stru\u010dnih komentatora <a href=\"https:\/\/sport.hrt.hr\/hrvatski-nogomet\/carevic-bjelica-s-razlogom-ocekuje-bolju-izvedbu-strahonja-o-jovicevoj-pogresci-8712720\">HRT-a<\/a> Marija Carevi\u0107a i Marija Strahonje.<\/p>\n\n\n\n<p>\u2013 U tri utakmice se dogodio preokret, dok je utakmica u Gorici zavr\u0161ila bez golova. Na\u017ealost, nismo gledali Jadranski derbi u Rijeci, ali ta utakmica je odgo\u0111ena za drugi termin, ustvrdio je Carevi\u0107, dok se Strahonja osvrnuo na su\u0111enje:<\/p>\n\n\n\n<p>\u2013 Imamo posla, kao i svako kolo. Me\u0111utim, treba re\u0107i da je su\u0111enje bilo bolje nego u prvom kolu. Imamo jednu ozbiljniju pogre\u0161ku iz Pule, ali generalno \u2013 \u201cmix\u201d starih i novih sudaca love ispravan pravac.<\/p>\n\n\n\n<p>Dinamo je uvjerljivo u Koprivnici svladao Slaven Belupo 5:1.<\/p>\n\n\n\n<p>\u2013 Sigurno da trenera \u010ca\u010di\u0107a mo\u017ee veseliti \u0161to je imao pet razli\u010ditih strijelaca. Dinamo ima \u0161irinu i kvalitetu i to je dokazao u ovoj utakmici. Igra jako brzo, ga\u0111a me\u0111uprostore, svi igra\u010di su tehni\u010dki potkovani, rekao je Carevi\u0107 te posebno istaknuo mladog Martina Baturinu.<\/p>\n\n\n\n<p>Modri danas igraju uzvratnu utakmicu pretkola Lige prvaka protiv \u0160kupija. \u2013 Dinamo je kvalitetnija ekipa, ali vidjeli smo da su i Makedonci disciplirana ekipa. Ne\u0107e biti laka utakmica, \u010ca\u010di\u0107 je nakon prve utakmice kritiziran. Petkovi\u0107 i Drmi\u0107 daju napad, ali u defanzivi malo \u201c\u0161teka\u201d, dodao je Carevi\u0107.<\/p>\n\n\n\n<p>Strahonja je rekao da je sudac donio ispravnu odluku dosudiv\u0161i kazneni udarac za Slaven Belupo na po\u010detku utakmice.<\/p>\n\n\n\n<p>Lokomotiva je preokretom svladala Osijek 2:1, a trener Osje\u010dana Nenad Bjelica bio je razo\u010daran nakon poraza.<\/p>\n\n\n\n<p>\u2013 Osijek nije dobar, samo na po\u010detku, ali ostalo je Lokomotiva bila puno bolja ekipa. Nedostajalo je Osje\u010danima dosta igra\u010da, ali igraju kao pro\u0161le godine. Oni imaju jasnu ideju kako igrati, fali nekad kreacije, no protiv Lokomotive nije uspjelo, kazao je Carevi\u0107 te naglasio \u0161irinu kadra.<\/p>\n\n\n\n<p>\u2013 Trener Bjelica s razlogom o\u010dekuje bolju izvedbu od takvih igra\u010da.<\/p>\n\n\n\n<p>Carevi\u0107 je pohvalio selekciju i skauting igra\u010da Lokomotive.<\/p>\n\n\n\n<p>Gorica i \u0160ibenik odigrali su bez golova, a sporan je ostao pogodak Anthonyja Kalika u zavr\u0161nici.<\/p>\n\n\n\n<p>\u2013 Nije bilo humano igrati u prvom poluvremenu po toj pasjoj vru\u0107ini, ali mo\u017eemo biti zadovoljni s drugim dijelom, rekao je Carevi\u0107, dok je Strahonja komentirao poni\u0161ten gol Gorice.<\/p>\n\n\n\n<p>\u2013 Pogodak je opravdano poni\u0161ten, radi se o minimalnom zale\u0111u ramena. Ovo smo vidjeli pomo\u0107u virtualnog zida, ali suci u VAR sobi nemaju taj software. Kad se povla\u010di linija, mora se paziti na ispravno potezanje linije, zato je i tako dugo trajalo, zaklju\u010dio je Strahonja.<\/p>\n\n\n\n<p>Vara\u017edin je u upisao prvu pobjedu u prvenstvu protiv Istre 1961.<\/p>\n\n\n\n<p>\u2013 Puno je novih igra\u010da u Istri, oni se sla\u017eu u hodu. To traje ve\u0107 predugo, \u0161teta \u0161to u jednu sezonu HNL-a ne krenu kako treba. Vara\u017edin je ostao na okupu, ima kvalitetu za prvu ligu. Ako se dovede jo\u0161 neko poja\u010danje, mo\u017ee biti jo\u0161 konkurentniji, rekao je Carevi\u0107.<\/p>\n\n\n\n<p>Fran Jovi\u0107 je sudio utakmicu, a Strahonja smatra da je pogrije\u0161io kod odluke za kazneni udarac Vara\u017edina.<\/p>\n\n\n\n<p>\u2013 Ina\u010de je dobar sudac, a u ovom dvoboju je imao jedan previd. Kontakt postoji, ali ne vidimo da je vratar sru\u0161io igra\u010da, igra\u010d se svjesno sapleo u igra\u010da i inicirao kontakt. Mislim da je ovo pogre\u0161na odluka suca, rekao je Strahonja.<\/p>\n\n\n\n<p><em>Izvor: narod.hr\/HRT<\/em><\/p>\n","protected":false},"excerpt":{"rendered":"<p>U emisiji Stadion analiziralo se drugo kolo SuperSport HNL-a uz pomo\u0107 stru\u010dnih komentatora HRT-a Marija Carevi\u0107a i Marija Strahonje. \u2013 U tri utakmice se dogodio preokret, dok je utakmica u Gorici zavr\u0161ila bez golova. Na\u017ealost, nismo gledali Jadranski derbi u Rijeci, ali ta utakmica je odgo\u0111ena za drugi termin, ustvrdio je Carevi\u0107, dok se Strahonja [&hellip;]<\/p>\n","protected":false},"author":2,"featured_media":163680,"comment_status":"closed","ping_status":"closed","sticky":false,"template":"","format":"standard","meta":{"h5ap_radio_sources":[],"footnotes":""},"categories":[7],"tags":[],"class_list":["post-163679","post","type-post","status-publish","format-standard","has-post-thumbnail","hentry","category-sport"],"yoast_head":"<!-- This site is optimized with the Yoast SEO plugin v27.5 - https:\/\/yoast.com\/product\/yoast-seo-wordpress\/ -->\n<title>Carevi\u0107: Bjelica s razlogom o\u010dekuje bolju izvedbu; Strahonja o Jovi\u0107evoj pogre\u0161ci - RADIO LJUBU\u0160KI<\/title>\n<meta name=\"robots\" content=\"index, follow, max-snippet:-1, max-image-preview:large, max-video-preview:-1\" \/>\n<link rel=\"canonical\" href=\"https:\/\/radioljubuski.ba\/index.php\/2022\/07\/26\/carevic-bjelica-s-razlogom-ocekuje-bolju-izvedbu-strahonja-o-jovicevoj-pogresci\/\" \/>\n<meta property=\"og:locale\" content=\"hr_HR\" \/>\n<meta property=\"og:type\" content=\"article\" \/>\n<meta property=\"og:title\" content=\"Carevi\u0107: Bjelica s razlogom o\u010dekuje bolju izvedbu; Strahonja o Jovi\u0107evoj pogre\u0161ci - RADIO LJUBU\u0160KI\" \/>\n<meta property=\"og:description\" content=\"U emisiji Stadion analiziralo se drugo kolo SuperSport HNL-a uz pomo\u0107 stru\u010dnih komentatora HRT-a Marija Carevi\u0107a i Marija Strahonje. \u2013 U tri utakmice se dogodio preokret, dok je utakmica u Gorici zavr\u0161ila bez golova. Na\u017ealost, nismo gledali Jadranski derbi u Rijeci, ali ta utakmica je odgo\u0111ena za drugi termin, ustvrdio je Carevi\u0107, dok se Strahonja [&hellip;]\" \/>\n<meta property=\"og:url\" content=\"https:\/\/radioljubuski.ba\/index.php\/2022\/07\/26\/carevic-bjelica-s-razlogom-ocekuje-bolju-izvedbu-strahonja-o-jovicevoj-pogresci\/\" \/>\n<meta property=\"og:site_name\" content=\"RADIO LJUBU\u0160KI\" \/>\n<meta property=\"article:publisher\" content=\"https:\/\/www.facebook.com\/Radiio-Ljubuski-1490835324566332\" \/>\n<meta property=\"article:published_time\" content=\"2022-07-26T13:37:46+00:00\" \/>\n<meta property=\"article:modified_time\" content=\"2022-07-26T13:37:48+00:00\" \/>\n<meta property=\"og:image\" content=\"https:\/\/radioljubuski.ba\/wp-content\/uploads\/2022\/07\/mario-carevic.png\" \/>\n\t<meta property=\"og:image:width\" content=\"609\" \/>\n\t<meta property=\"og:image:height\" content=\"332\" \/>\n\t<meta property=\"og:image:type\" content=\"image\/png\" \/>\n<meta name=\"author\" content=\"Radio Ljubu\u0161ki\" \/>\n<meta name=\"twitter:card\" content=\"summary_large_image\" \/>\n<meta name=\"twitter:creator\" content=\"@radioljubuski\" \/>\n<meta name=\"twitter:site\" content=\"@radioljubuski\" \/>\n<meta name=\"twitter:label1\" content=\"Napisao\/la\" \/>\n\t<meta name=\"twitter:data1\" content=\"Radio Ljubu\u0161ki\" \/>\n\t<meta name=\"twitter:label2\" content=\"Procijenjeno vrijeme \u010ditanja\" \/>\n\t<meta name=\"twitter:data2\" content=\"3 minute\" \/>\n<script type=\"application\/ld+json\" class=\"yoast-schema-graph\">{\"@context\":\"https:\\\/\\\/schema.org\",\"@graph\":[{\"@type\":\"Article\",\"@id\":\"https:\\\/\\\/radioljubuski.ba\\\/index.php\\\/2022\\\/07\\\/26\\\/carevic-bjelica-s-razlogom-ocekuje-bolju-izvedbu-strahonja-o-jovicevoj-pogresci\\\/#article\",\"isPartOf\":{\"@id\":\"https:\\\/\\\/radioljubuski.ba\\\/index.php\\\/2022\\\/07\\\/26\\\/carevic-bjelica-s-razlogom-ocekuje-bolju-izvedbu-strahonja-o-jovicevoj-pogresci\\\/\"},\"author\":{\"name\":\"Radio Ljubu\u0161ki\",\"@id\":\"https:\\\/\\\/radioljubuski.ba\\\/#\\\/schema\\\/person\\\/19fc700381a780f69665d7956c469e3b\"},\"headline\":\"Carevi\u0107: Bjelica s razlogom o\u010dekuje bolju izvedbu; Strahonja o Jovi\u0107evoj pogre\u0161ci\",\"datePublished\":\"2022-07-26T13:37:46+00:00\",\"dateModified\":\"2022-07-26T13:37:48+00:00\",\"mainEntityOfPage\":{\"@id\":\"https:\\\/\\\/radioljubuski.ba\\\/index.php\\\/2022\\\/07\\\/26\\\/carevic-bjelica-s-razlogom-ocekuje-bolju-izvedbu-strahonja-o-jovicevoj-pogresci\\\/\"},\"wordCount\":559,\"publisher\":{\"@id\":\"https:\\\/\\\/radioljubuski.ba\\\/#organization\"},\"image\":{\"@id\":\"https:\\\/\\\/radioljubuski.ba\\\/index.php\\\/2022\\\/07\\\/26\\\/carevic-bjelica-s-razlogom-ocekuje-bolju-izvedbu-strahonja-o-jovicevoj-pogresci\\\/#primaryimage\"},\"thumbnailUrl\":\"https:\\\/\\\/radioljubuski.ba\\\/wp-content\\\/uploads\\\/2022\\\/07\\\/mario-carevic.png\",\"articleSection\":[\"\u0160port\"],\"inLanguage\":\"hr\"},{\"@type\":\"WebPage\",\"@id\":\"https:\\\/\\\/radioljubuski.ba\\\/index.php\\\/2022\\\/07\\\/26\\\/carevic-bjelica-s-razlogom-ocekuje-bolju-izvedbu-strahonja-o-jovicevoj-pogresci\\\/\",\"url\":\"https:\\\/\\\/radioljubuski.ba\\\/index.php\\\/2022\\\/07\\\/26\\\/carevic-bjelica-s-razlogom-ocekuje-bolju-izvedbu-strahonja-o-jovicevoj-pogresci\\\/\",\"name\":\"Carevi\u0107: Bjelica s razlogom o\u010dekuje bolju izvedbu; Strahonja o Jovi\u0107evoj pogre\u0161ci - RADIO LJUBU\u0160KI\",\"isPartOf\":{\"@id\":\"https:\\\/\\\/radioljubuski.ba\\\/#website\"},\"primaryImageOfPage\":{\"@id\":\"https:\\\/\\\/radioljubuski.ba\\\/index.php\\\/2022\\\/07\\\/26\\\/carevic-bjelica-s-razlogom-ocekuje-bolju-izvedbu-strahonja-o-jovicevoj-pogresci\\\/#primaryimage\"},\"image\":{\"@id\":\"https:\\\/\\\/radioljubuski.ba\\\/index.php\\\/2022\\\/07\\\/26\\\/carevic-bjelica-s-razlogom-ocekuje-bolju-izvedbu-strahonja-o-jovicevoj-pogresci\\\/#primaryimage\"},\"thumbnailUrl\":\"https:\\\/\\\/radioljubuski.ba\\\/wp-content\\\/uploads\\\/2022\\\/07\\\/mario-carevic.png\",\"datePublished\":\"2022-07-26T13:37:46+00:00\",\"dateModified\":\"2022-07-26T13:37:48+00:00\",\"breadcrumb\":{\"@id\":\"https:\\\/\\\/radioljubuski.ba\\\/index.php\\\/2022\\\/07\\\/26\\\/carevic-bjelica-s-razlogom-ocekuje-bolju-izvedbu-strahonja-o-jovicevoj-pogresci\\\/#breadcrumb\"},\"inLanguage\":\"hr\",\"potentialAction\":[{\"@type\":\"ReadAction\",\"target\":[\"https:\\\/\\\/radioljubuski.ba\\\/index.php\\\/2022\\\/07\\\/26\\\/carevic-bjelica-s-razlogom-ocekuje-bolju-izvedbu-strahonja-o-jovicevoj-pogresci\\\/\"]}]},{\"@type\":\"ImageObject\",\"inLanguage\":\"hr\",\"@id\":\"https:\\\/\\\/radioljubuski.ba\\\/index.php\\\/2022\\\/07\\\/26\\\/carevic-bjelica-s-razlogom-ocekuje-bolju-izvedbu-strahonja-o-jovicevoj-pogresci\\\/#primaryimage\",\"url\":\"https:\\\/\\\/radioljubuski.ba\\\/wp-content\\\/uploads\\\/2022\\\/07\\\/mario-carevic.png\",\"contentUrl\":\"https:\\\/\\\/radioljubuski.ba\\\/wp-content\\\/uploads\\\/2022\\\/07\\\/mario-carevic.png\",\"width\":609,\"height\":332},{\"@type\":\"BreadcrumbList\",\"@id\":\"https:\\\/\\\/radioljubuski.ba\\\/index.php\\\/2022\\\/07\\\/26\\\/carevic-bjelica-s-razlogom-ocekuje-bolju-izvedbu-strahonja-o-jovicevoj-pogresci\\\/#breadcrumb\",\"itemListElement\":[{\"@type\":\"ListItem\",\"position\":1,\"name\":\"Po\u010detna stranica\",\"item\":\"https:\\\/\\\/radioljubuski.ba\\\/\"},{\"@type\":\"ListItem\",\"position\":2,\"name\":\"Carevi\u0107: Bjelica s razlogom o\u010dekuje bolju izvedbu; Strahonja o Jovi\u0107evoj pogre\u0161ci\"}]},{\"@type\":\"WebSite\",\"@id\":\"https:\\\/\\\/radioljubuski.ba\\\/#website\",\"url\":\"https:\\\/\\\/radioljubuski.ba\\\/\",\"name\":\"Radio Ljubu\u0161ki\",\"description\":\"Sun\u010dana frekvencija Hercegovine\",\"publisher\":{\"@id\":\"https:\\\/\\\/radioljubuski.ba\\\/#organization\"},\"potentialAction\":[{\"@type\":\"SearchAction\",\"target\":{\"@type\":\"EntryPoint\",\"urlTemplate\":\"https:\\\/\\\/radioljubuski.ba\\\/?s={search_term_string}\"},\"query-input\":{\"@type\":\"PropertyValueSpecification\",\"valueRequired\":true,\"valueName\":\"search_term_string\"}}],\"inLanguage\":\"hr\"},{\"@type\":\"Organization\",\"@id\":\"https:\\\/\\\/radioljubuski.ba\\\/#organization\",\"name\":\"Radio Ljubu\u0161ki\",\"url\":\"https:\\\/\\\/radioljubuski.ba\\\/\",\"logo\":{\"@type\":\"ImageObject\",\"inLanguage\":\"hr\",\"@id\":\"https:\\\/\\\/radioljubuski.ba\\\/#\\\/schema\\\/logo\\\/image\\\/\",\"url\":\"https:\\\/\\\/radioljubuski.ba\\\/wp-content\\\/uploads\\\/2021\\\/02\\\/cropped-Radio_Ljubuski_logo1.jpg\",\"contentUrl\":\"https:\\\/\\\/radioljubuski.ba\\\/wp-content\\\/uploads\\\/2021\\\/02\\\/cropped-Radio_Ljubuski_logo1.jpg\",\"width\":512,\"height\":512,\"caption\":\"Radio Ljubu\u0161ki\"},\"image\":{\"@id\":\"https:\\\/\\\/radioljubuski.ba\\\/#\\\/schema\\\/logo\\\/image\\\/\"},\"sameAs\":[\"https:\\\/\\\/www.facebook.com\\\/Radiio-Ljubuski-1490835324566332\",\"https:\\\/\\\/x.com\\\/radioljubuski\",\"https:\\\/\\\/hr.linkedin.com\\\/company\\\/radio-ljubuski\",\"https:\\\/\\\/www.youtube.com\\\/channel\\\/UCHYaeO_n0Db3tjNGudGpXyw\"]},{\"@type\":\"Person\",\"@id\":\"https:\\\/\\\/radioljubuski.ba\\\/#\\\/schema\\\/person\\\/19fc700381a780f69665d7956c469e3b\",\"name\":\"Radio Ljubu\u0161ki\"}]}<\/script>\n<!-- \/ Yoast SEO plugin. -->","yoast_head_json":{"title":"Carevi\u0107: Bjelica s razlogom o\u010dekuje bolju izvedbu; Strahonja o Jovi\u0107evoj pogre\u0161ci - RADIO LJUBU\u0160KI","robots":{"index":"index","follow":"follow","max-snippet":"max-snippet:-1","max-image-preview":"max-image-preview:large","max-video-preview":"max-video-preview:-1"},"canonical":"https:\/\/radioljubuski.ba\/index.php\/2022\/07\/26\/carevic-bjelica-s-razlogom-ocekuje-bolju-izvedbu-strahonja-o-jovicevoj-pogresci\/","og_locale":"hr_HR","og_type":"article","og_title":"Carevi\u0107: Bjelica s razlogom o\u010dekuje bolju izvedbu; Strahonja o Jovi\u0107evoj pogre\u0161ci - RADIO LJUBU\u0160KI","og_description":"U emisiji Stadion analiziralo se drugo kolo SuperSport HNL-a uz pomo\u0107 stru\u010dnih komentatora HRT-a Marija Carevi\u0107a i Marija Strahonje. \u2013 U tri utakmice se dogodio preokret, dok je utakmica u Gorici zavr\u0161ila bez golova. Na\u017ealost, nismo gledali Jadranski derbi u Rijeci, ali ta utakmica je odgo\u0111ena za drugi termin, ustvrdio je Carevi\u0107, dok se Strahonja [&hellip;]","og_url":"https:\/\/radioljubuski.ba\/index.php\/2022\/07\/26\/carevic-bjelica-s-razlogom-ocekuje-bolju-izvedbu-strahonja-o-jovicevoj-pogresci\/","og_site_name":"RADIO LJUBU\u0160KI","article_publisher":"https:\/\/www.facebook.com\/Radiio-Ljubuski-1490835324566332","article_published_time":"2022-07-26T13:37:46+00:00","article_modified_time":"2022-07-26T13:37:48+00:00","og_image":[{"width":609,"height":332,"url":"https:\/\/radioljubuski.ba\/wp-content\/uploads\/2022\/07\/mario-carevic.png","type":"image\/png"}],"author":"Radio Ljubu\u0161ki","twitter_card":"summary_large_image","twitter_creator":"@radioljubuski","twitter_site":"@radioljubuski","twitter_misc":{"Napisao\/la":"Radio Ljubu\u0161ki","Procijenjeno vrijeme \u010ditanja":"3 minute"},"schema":{"@context":"https:\/\/schema.org","@graph":[{"@type":"Article","@id":"https:\/\/radioljubuski.ba\/index.php\/2022\/07\/26\/carevic-bjelica-s-razlogom-ocekuje-bolju-izvedbu-strahonja-o-jovicevoj-pogresci\/#article","isPartOf":{"@id":"https:\/\/radioljubuski.ba\/index.php\/2022\/07\/26\/carevic-bjelica-s-razlogom-ocekuje-bolju-izvedbu-strahonja-o-jovicevoj-pogresci\/"},"author":{"name":"Radio Ljubu\u0161ki","@id":"https:\/\/radioljubuski.ba\/#\/schema\/person\/19fc700381a780f69665d7956c469e3b"},"headline":"Carevi\u0107: Bjelica s razlogom o\u010dekuje bolju izvedbu; Strahonja o Jovi\u0107evoj pogre\u0161ci","datePublished":"2022-07-26T13:37:46+00:00","dateModified":"2022-07-26T13:37:48+00:00","mainEntityOfPage":{"@id":"https:\/\/radioljubuski.ba\/index.php\/2022\/07\/26\/carevic-bjelica-s-razlogom-ocekuje-bolju-izvedbu-strahonja-o-jovicevoj-pogresci\/"},"wordCount":559,"publisher":{"@id":"https:\/\/radioljubuski.ba\/#organization"},"image":{"@id":"https:\/\/radioljubuski.ba\/index.php\/2022\/07\/26\/carevic-bjelica-s-razlogom-ocekuje-bolju-izvedbu-strahonja-o-jovicevoj-pogresci\/#primaryimage"},"thumbnailUrl":"https:\/\/radioljubuski.ba\/wp-content\/uploads\/2022\/07\/mario-carevic.png","articleSection":["\u0160port"],"inLanguage":"hr"},{"@type":"WebPage","@id":"https:\/\/radioljubuski.ba\/index.php\/2022\/07\/26\/carevic-bjelica-s-razlogom-ocekuje-bolju-izvedbu-strahonja-o-jovicevoj-pogresci\/","url":"https:\/\/radioljubuski.ba\/index.php\/2022\/07\/26\/carevic-bjelica-s-razlogom-ocekuje-bolju-izvedbu-strahonja-o-jovicevoj-pogresci\/","name":"Carevi\u0107: Bjelica s razlogom o\u010dekuje bolju izvedbu; Strahonja o Jovi\u0107evoj pogre\u0161ci - RADIO LJUBU\u0160KI","isPartOf":{"@id":"https:\/\/radioljubuski.ba\/#website"},"primaryImageOfPage":{"@id":"https:\/\/radioljubuski.ba\/index.php\/2022\/07\/26\/carevic-bjelica-s-razlogom-ocekuje-bolju-izvedbu-strahonja-o-jovicevoj-pogresci\/#primaryimage"},"image":{"@id":"https:\/\/radioljubuski.ba\/index.php\/2022\/07\/26\/carevic-bjelica-s-razlogom-ocekuje-bolju-izvedbu-strahonja-o-jovicevoj-pogresci\/#primaryimage"},"thumbnailUrl":"https:\/\/radioljubuski.ba\/wp-content\/uploads\/2022\/07\/mario-carevic.png","datePublished":"2022-07-26T13:37:46+00:00","dateModified":"2022-07-26T13:37:48+00:00","breadcrumb":{"@id":"https:\/\/radioljubuski.ba\/index.php\/2022\/07\/26\/carevic-bjelica-s-razlogom-ocekuje-bolju-izvedbu-strahonja-o-jovicevoj-pogresci\/#breadcrumb"},"inLanguage":"hr","potentialAction":[{"@type":"ReadAction","target":["https:\/\/radioljubuski.ba\/index.php\/2022\/07\/26\/carevic-bjelica-s-razlogom-ocekuje-bolju-izvedbu-strahonja-o-jovicevoj-pogresci\/"]}]},{"@type":"ImageObject","inLanguage":"hr","@id":"https:\/\/radioljubuski.ba\/index.php\/2022\/07\/26\/carevic-bjelica-s-razlogom-ocekuje-bolju-izvedbu-strahonja-o-jovicevoj-pogresci\/#primaryimage","url":"https:\/\/radioljubuski.ba\/wp-content\/uploads\/2022\/07\/mario-carevic.png","contentUrl":"https:\/\/radioljubuski.ba\/wp-content\/uploads\/2022\/07\/mario-carevic.png","width":609,"height":332},{"@type":"BreadcrumbList","@id":"https:\/\/radioljubuski.ba\/index.php\/2022\/07\/26\/carevic-bjelica-s-razlogom-ocekuje-bolju-izvedbu-strahonja-o-jovicevoj-pogresci\/#breadcrumb","itemListElement":[{"@type":"ListItem","position":1,"name":"Po\u010detna stranica","item":"https:\/\/radioljubuski.ba\/"},{"@type":"ListItem","position":2,"name":"Carevi\u0107: Bjelica s razlogom o\u010dekuje bolju izvedbu; Strahonja o Jovi\u0107evoj pogre\u0161ci"}]},{"@type":"WebSite","@id":"https:\/\/radioljubuski.ba\/#website","url":"https:\/\/radioljubuski.ba\/","name":"Radio Ljubu\u0161ki","description":"Sun\u010dana frekvencija Hercegovine","publisher":{"@id":"https:\/\/radioljubuski.ba\/#organization"},"potentialAction":[{"@type":"SearchAction","target":{"@type":"EntryPoint","urlTemplate":"https:\/\/radioljubuski.ba\/?s={search_term_string}"},"query-input":{"@type":"PropertyValueSpecification","valueRequired":true,"valueName":"search_term_string"}}],"inLanguage":"hr"},{"@type":"Organization","@id":"https:\/\/radioljubuski.ba\/#organization","name":"Radio Ljubu\u0161ki","url":"https:\/\/radioljubuski.ba\/","logo":{"@type":"ImageObject","inLanguage":"hr","@id":"https:\/\/radioljubuski.ba\/#\/schema\/logo\/image\/","url":"https:\/\/radioljubuski.ba\/wp-content\/uploads\/2021\/02\/cropped-Radio_Ljubuski_logo1.jpg","contentUrl":"https:\/\/radioljubuski.ba\/wp-content\/uploads\/2021\/02\/cropped-Radio_Ljubuski_logo1.jpg","width":512,"height":512,"caption":"Radio Ljubu\u0161ki"},"image":{"@id":"https:\/\/radioljubuski.ba\/#\/schema\/logo\/image\/"},"sameAs":["https:\/\/www.facebook.com\/Radiio-Ljubuski-1490835324566332","https:\/\/x.com\/radioljubuski","https:\/\/hr.linkedin.com\/company\/radio-ljubuski","https:\/\/www.youtube.com\/channel\/UCHYaeO_n0Db3tjNGudGpXyw"]},{"@type":"Person","@id":"https:\/\/radioljubuski.ba\/#\/schema\/person\/19fc700381a780f69665d7956c469e3b","name":"Radio Ljubu\u0161ki"}]}},"_links":{"self":[{"href":"https:\/\/radioljubuski.ba\/index.php\/wp-json\/wp\/v2\/posts\/163679","targetHints":{"allow":["GET"]}}],"collection":[{"href":"https:\/\/radioljubuski.ba\/index.php\/wp-json\/wp\/v2\/posts"}],"about":[{"href":"https:\/\/radioljubuski.ba\/index.php\/wp-json\/wp\/v2\/types\/post"}],"author":[{"embeddable":true,"href":"https:\/\/radioljubuski.ba\/index.php\/wp-json\/wp\/v2\/users\/2"}],"replies":[{"embeddable":true,"href":"https:\/\/radioljubuski.ba\/index.php\/wp-json\/wp\/v2\/comments?post=163679"}],"version-history":[{"count":1,"href":"https:\/\/radioljubuski.ba\/index.php\/wp-json\/wp\/v2\/posts\/163679\/revisions"}],"predecessor-version":[{"id":163681,"href":"https:\/\/radioljubuski.ba\/index.php\/wp-json\/wp\/v2\/posts\/163679\/revisions\/163681"}],"wp:featuredmedia":[{"embeddable":true,"href":"https:\/\/radioljubuski.ba\/index.php\/wp-json\/wp\/v2\/media\/163680"}],"wp:attachment":[{"href":"https:\/\/radioljubuski.ba\/index.php\/wp-json\/wp\/v2\/media?parent=163679"}],"wp:term":[{"taxonomy":"category","embeddable":true,"href":"https:\/\/radioljubuski.ba\/index.php\/wp-json\/wp\/v2\/categories?post=163679"},{"taxonomy":"post_tag","embeddable":true,"href":"https:\/\/radioljubuski.ba\/index.php\/wp-json\/wp\/v2\/tags?post=163679"}],"curies":[{"name":"wp","href":"https:\/\/api.w.org\/{rel}","templated":true}]}}