{"id":163708,"date":"2022-07-26T14:57:18","date_gmt":"2022-07-26T13:57:18","guid":{"rendered":"https:\/\/radioljubuski.ba\/?p=163708"},"modified":"2022-07-26T14:57:19","modified_gmt":"2022-07-26T13:57:19","slug":"predrag-kozul-nevjerojatno-je-licemjerje-bosnjackih-politickih-predstavnika","status":"publish","type":"post","link":"https:\/\/radioljubuski.ba\/index.php\/2022\/07\/26\/predrag-kozul-nevjerojatno-je-licemjerje-bosnjackih-politickih-predstavnika\/","title":{"rendered":"Predrag Ko\u017eul: Nevjerojatno je licemjerje bo\u0161nja\u010dkih politi\u010dkih predstavnika"},"content":{"rendered":"\n<p>&nbsp;Zastupnik u Zastupni\u010dkom domu Parlamentarne skup\u0161tine BiH Predrag Ko\u017eul (HDZ BiH) danas je u Sarajevu izjavio kako je &#8220;nevjerojatno licemjerje bo\u0161nja\u010dkih politi\u010dkih predstavnika i politi\u010dkih predstavnika iz Sarajeva&#8221; vezano uz djelatnost visokog predstavnika, uz ono \u0161to on radi.<\/p>\n\n\n\n<p>&#8211; Kada donosi odluke koje se ti\u010du Republike Srpske on je po\u017eeljan i dobar, kada donosi odluke koje se ti\u010du Federacije BiH, onda je to ne\u0161to drugo. \u010covjek jednostavno ne mo\u017ee pojmiti te dvostruke kriterije koje ljudi imaju za bilo koju oblast, konkretno u ovom slu\u010daju radi se o djelatnosti visokog predstavnika Christiana Schmidta &#8211; kazao je Ko\u017eul, komentiraju\u0107i najave dono\u0161enja odluke o izmjenama Izbornog zakona BiH i Ustava FBiH, te u vezi s tim proteste ispred zgrade OHR-a.<\/p>\n\n\n\n<p>Po njegovim rije\u010dima, bilo je niz \u0161pekulacija u vezi s tim odlukama.<\/p>\n\n\n\n<p>&#8211; Dalo bi se analizirati kad te odluke do\u0111u, koliko su one dobre i za jednu i za drugu stranu, ali to je druga tema. Ono \u0161to je posebno opasno u tom licemjerju je poziv da ulica to rje\u0161ava. Dakle, visoki predstavnik je prepu\u0161ten ulici. Ono \u0161to je sre\u0107a u toj nesre\u0107i je da se gra\u0111ani BiH nisu odazvali na te pozive. To je jedan mali broj ljudi koji je do\u0161ao na prosvjede, s obzirom na to da je to bio jedan uniformirani poziv iz svih politi\u010dkih stranaka. \u0160ta \u0107e se dalje de\u0161avati vezano za Izborni zakon, za ono \u0161to je visoki predstavnik, \u0161pekuliramo sada, planirao donijeti, vidjet \u0107emo &#8211; kazao je Ko\u017eul.&nbsp;<\/p>\n\n\n\n<p>Mi smo, dodao je on, ve\u0107 puno puta govorili da je visoki predstavnik, kao forma, kao pojava u BiH, ne\u0161to \u0161to je problem BiH.<\/p>\n\n\n\n<p>&#8211; BiH na taj na\u010din nije neovisna ni samostalna zemlja. Tako da je to jedan na\u010delan stav, da smo davno trebali razmi\u0161ljati o tome da mandat visokog predstavnika prestane, kao i mandati nekih drugih stranih du\u017enosnika koji su u ovoj zemlji i koji su u samom dejtonskom Ustavu bili definirani kao ne\u0161to \u0161to je temporalnog karaktera &#8211; naveo je Ko\u017eul.<\/p>\n\n\n\n<p>Govore\u0107i o poku\u0161aju, jer je to jo\u0161 na razini poku\u0161aja, da visoki predstavnik donese odluku koja se ti\u010de promjena Izbornog zakona, podsjetio je \u0161ta je sve bilo sa Izbornim zakonom, \u201ekoliko je energije uzaludno potro\u0161eno oko Izbornog zakona\u201c.<\/p>\n\n\n\n<p>&#8211; Znamo da imamo vrlo ozbiljan problem kod provo\u0111enja izbornih rezultata, kod provo\u0111enja one druge faze izbora, pitanja indirektnih izbora, pitanja izbora domova naroda. S te strane, dr\u017eimo da je to potrebno rije\u0161iti i da nikada nije kasno da to rije\u0161imo. To se ne ti\u010de konkretno izbornog dana, izborne no\u0107i, nego onoga \u0161to slijedi poslije toga. Bojim se da nas trenutna situacija uvodi u jo\u0161 ozbiljniju politi\u010dku krizu. Zato je mogu\u0107nost da se na neki na\u010din to pitanje rije\u0161i na vrijeme, po meni dobro do\u0161lo &#8211; zaklju\u010dio je Ko\u017eul.<\/p>\n\n\n\n<p>Izvor:pogled.ba<\/p>\n","protected":false},"excerpt":{"rendered":"<p>&nbsp;Zastupnik u Zastupni\u010dkom domu Parlamentarne skup\u0161tine BiH Predrag Ko\u017eul (HDZ BiH) danas je u Sarajevu izjavio kako je &#8220;nevjerojatno licemjerje bo\u0161nja\u010dkih politi\u010dkih predstavnika i politi\u010dkih predstavnika iz Sarajeva&#8221; vezano uz djelatnost visokog predstavnika, uz ono \u0161to on radi. &#8211; Kada donosi odluke koje se ti\u010du Republike Srpske on je po\u017eeljan i dobar, kada donosi odluke [&hellip;]<\/p>\n","protected":false},"author":2,"featured_media":163709,"comment_status":"closed","ping_status":"closed","sticky":false,"template":"","format":"standard","meta":{"h5ap_radio_sources":[],"footnotes":""},"categories":[1],"tags":[],"class_list":["post-163708","post","type-post","status-publish","format-standard","has-post-thumbnail","hentry","category-bihiregija"],"yoast_head":"<!-- This site is optimized with the Yoast SEO plugin v27.5 - https:\/\/yoast.com\/product\/yoast-seo-wordpress\/ -->\n<title>Predrag Ko\u017eul: Nevjerojatno je licemjerje bo\u0161nja\u010dkih politi\u010dkih predstavnika - RADIO LJUBU\u0160KI<\/title>\n<meta name=\"robots\" content=\"index, follow, max-snippet:-1, max-image-preview:large, max-video-preview:-1\" \/>\n<link rel=\"canonical\" href=\"https:\/\/radioljubuski.ba\/index.php\/2022\/07\/26\/predrag-kozul-nevjerojatno-je-licemjerje-bosnjackih-politickih-predstavnika\/\" \/>\n<meta property=\"og:locale\" content=\"hr_HR\" \/>\n<meta property=\"og:type\" content=\"article\" \/>\n<meta property=\"og:title\" content=\"Predrag Ko\u017eul: Nevjerojatno je licemjerje bo\u0161nja\u010dkih politi\u010dkih predstavnika - RADIO LJUBU\u0160KI\" \/>\n<meta property=\"og:description\" content=\"&nbsp;Zastupnik u Zastupni\u010dkom domu Parlamentarne skup\u0161tine BiH Predrag Ko\u017eul (HDZ BiH) danas je u Sarajevu izjavio kako je &#8220;nevjerojatno licemjerje bo\u0161nja\u010dkih politi\u010dkih predstavnika i politi\u010dkih predstavnika iz Sarajeva&#8221; vezano uz djelatnost visokog predstavnika, uz ono \u0161to on radi. &#8211; Kada donosi odluke koje se ti\u010du Republike Srpske on je po\u017eeljan i dobar, kada donosi odluke [&hellip;]\" \/>\n<meta property=\"og:url\" content=\"https:\/\/radioljubuski.ba\/index.php\/2022\/07\/26\/predrag-kozul-nevjerojatno-je-licemjerje-bosnjackih-politickih-predstavnika\/\" \/>\n<meta property=\"og:site_name\" content=\"RADIO LJUBU\u0160KI\" \/>\n<meta property=\"article:publisher\" content=\"https:\/\/www.facebook.com\/Radiio-Ljubuski-1490835324566332\" \/>\n<meta property=\"article:published_time\" content=\"2022-07-26T13:57:18+00:00\" \/>\n<meta property=\"article:modified_time\" content=\"2022-07-26T13:57:19+00:00\" \/>\n<meta property=\"og:image\" content=\"https:\/\/radioljubuski.ba\/wp-content\/uploads\/2022\/07\/8-2022-01-27-09-20-24-predrag-kozul_0.jpg\" \/>\n\t<meta property=\"og:image:width\" content=\"1000\" \/>\n\t<meta property=\"og:image:height\" content=\"625\" \/>\n\t<meta property=\"og:image:type\" content=\"image\/jpeg\" \/>\n<meta name=\"author\" content=\"Radio Ljubu\u0161ki\" \/>\n<meta name=\"twitter:card\" content=\"summary_large_image\" \/>\n<meta name=\"twitter:creator\" content=\"@radioljubuski\" \/>\n<meta name=\"twitter:site\" content=\"@radioljubuski\" \/>\n<meta name=\"twitter:label1\" content=\"Napisao\/la\" \/>\n\t<meta name=\"twitter:data1\" content=\"Radio Ljubu\u0161ki\" \/>\n\t<meta name=\"twitter:label2\" content=\"Procijenjeno vrijeme \u010ditanja\" \/>\n\t<meta name=\"twitter:data2\" content=\"2 minute\" \/>\n<script type=\"application\/ld+json\" class=\"yoast-schema-graph\">{\"@context\":\"https:\\\/\\\/schema.org\",\"@graph\":[{\"@type\":\"Article\",\"@id\":\"https:\\\/\\\/radioljubuski.ba\\\/index.php\\\/2022\\\/07\\\/26\\\/predrag-kozul-nevjerojatno-je-licemjerje-bosnjackih-politickih-predstavnika\\\/#article\",\"isPartOf\":{\"@id\":\"https:\\\/\\\/radioljubuski.ba\\\/index.php\\\/2022\\\/07\\\/26\\\/predrag-kozul-nevjerojatno-je-licemjerje-bosnjackih-politickih-predstavnika\\\/\"},\"author\":{\"name\":\"Radio Ljubu\u0161ki\",\"@id\":\"https:\\\/\\\/radioljubuski.ba\\\/#\\\/schema\\\/person\\\/19fc700381a780f69665d7956c469e3b\"},\"headline\":\"Predrag Ko\u017eul: Nevjerojatno je licemjerje bo\u0161nja\u010dkih politi\u010dkih predstavnika\",\"datePublished\":\"2022-07-26T13:57:18+00:00\",\"dateModified\":\"2022-07-26T13:57:19+00:00\",\"mainEntityOfPage\":{\"@id\":\"https:\\\/\\\/radioljubuski.ba\\\/index.php\\\/2022\\\/07\\\/26\\\/predrag-kozul-nevjerojatno-je-licemjerje-bosnjackih-politickih-predstavnika\\\/\"},\"wordCount\":523,\"publisher\":{\"@id\":\"https:\\\/\\\/radioljubuski.ba\\\/#organization\"},\"image\":{\"@id\":\"https:\\\/\\\/radioljubuski.ba\\\/index.php\\\/2022\\\/07\\\/26\\\/predrag-kozul-nevjerojatno-je-licemjerje-bosnjackih-politickih-predstavnika\\\/#primaryimage\"},\"thumbnailUrl\":\"https:\\\/\\\/radioljubuski.ba\\\/wp-content\\\/uploads\\\/2022\\\/07\\\/8-2022-01-27-09-20-24-predrag-kozul_0.jpg\",\"articleSection\":[\"BIH i regija\"],\"inLanguage\":\"hr\"},{\"@type\":\"WebPage\",\"@id\":\"https:\\\/\\\/radioljubuski.ba\\\/index.php\\\/2022\\\/07\\\/26\\\/predrag-kozul-nevjerojatno-je-licemjerje-bosnjackih-politickih-predstavnika\\\/\",\"url\":\"https:\\\/\\\/radioljubuski.ba\\\/index.php\\\/2022\\\/07\\\/26\\\/predrag-kozul-nevjerojatno-je-licemjerje-bosnjackih-politickih-predstavnika\\\/\",\"name\":\"Predrag Ko\u017eul: Nevjerojatno je licemjerje bo\u0161nja\u010dkih politi\u010dkih predstavnika - RADIO LJUBU\u0160KI\",\"isPartOf\":{\"@id\":\"https:\\\/\\\/radioljubuski.ba\\\/#website\"},\"primaryImageOfPage\":{\"@id\":\"https:\\\/\\\/radioljubuski.ba\\\/index.php\\\/2022\\\/07\\\/26\\\/predrag-kozul-nevjerojatno-je-licemjerje-bosnjackih-politickih-predstavnika\\\/#primaryimage\"},\"image\":{\"@id\":\"https:\\\/\\\/radioljubuski.ba\\\/index.php\\\/2022\\\/07\\\/26\\\/predrag-kozul-nevjerojatno-je-licemjerje-bosnjackih-politickih-predstavnika\\\/#primaryimage\"},\"thumbnailUrl\":\"https:\\\/\\\/radioljubuski.ba\\\/wp-content\\\/uploads\\\/2022\\\/07\\\/8-2022-01-27-09-20-24-predrag-kozul_0.jpg\",\"datePublished\":\"2022-07-26T13:57:18+00:00\",\"dateModified\":\"2022-07-26T13:57:19+00:00\",\"breadcrumb\":{\"@id\":\"https:\\\/\\\/radioljubuski.ba\\\/index.php\\\/2022\\\/07\\\/26\\\/predrag-kozul-nevjerojatno-je-licemjerje-bosnjackih-politickih-predstavnika\\\/#breadcrumb\"},\"inLanguage\":\"hr\",\"potentialAction\":[{\"@type\":\"ReadAction\",\"target\":[\"https:\\\/\\\/radioljubuski.ba\\\/index.php\\\/2022\\\/07\\\/26\\\/predrag-kozul-nevjerojatno-je-licemjerje-bosnjackih-politickih-predstavnika\\\/\"]}]},{\"@type\":\"ImageObject\",\"inLanguage\":\"hr\",\"@id\":\"https:\\\/\\\/radioljubuski.ba\\\/index.php\\\/2022\\\/07\\\/26\\\/predrag-kozul-nevjerojatno-je-licemjerje-bosnjackih-politickih-predstavnika\\\/#primaryimage\",\"url\":\"https:\\\/\\\/radioljubuski.ba\\\/wp-content\\\/uploads\\\/2022\\\/07\\\/8-2022-01-27-09-20-24-predrag-kozul_0.jpg\",\"contentUrl\":\"https:\\\/\\\/radioljubuski.ba\\\/wp-content\\\/uploads\\\/2022\\\/07\\\/8-2022-01-27-09-20-24-predrag-kozul_0.jpg\",\"width\":1000,\"height\":625},{\"@type\":\"BreadcrumbList\",\"@id\":\"https:\\\/\\\/radioljubuski.ba\\\/index.php\\\/2022\\\/07\\\/26\\\/predrag-kozul-nevjerojatno-je-licemjerje-bosnjackih-politickih-predstavnika\\\/#breadcrumb\",\"itemListElement\":[{\"@type\":\"ListItem\",\"position\":1,\"name\":\"Po\u010detna stranica\",\"item\":\"https:\\\/\\\/radioljubuski.ba\\\/\"},{\"@type\":\"ListItem\",\"position\":2,\"name\":\"Predrag Ko\u017eul: Nevjerojatno je licemjerje bo\u0161nja\u010dkih politi\u010dkih predstavnika\"}]},{\"@type\":\"WebSite\",\"@id\":\"https:\\\/\\\/radioljubuski.ba\\\/#website\",\"url\":\"https:\\\/\\\/radioljubuski.ba\\\/\",\"name\":\"Radio Ljubu\u0161ki\",\"description\":\"Sun\u010dana frekvencija Hercegovine\",\"publisher\":{\"@id\":\"https:\\\/\\\/radioljubuski.ba\\\/#organization\"},\"potentialAction\":[{\"@type\":\"SearchAction\",\"target\":{\"@type\":\"EntryPoint\",\"urlTemplate\":\"https:\\\/\\\/radioljubuski.ba\\\/?s={search_term_string}\"},\"query-input\":{\"@type\":\"PropertyValueSpecification\",\"valueRequired\":true,\"valueName\":\"search_term_string\"}}],\"inLanguage\":\"hr\"},{\"@type\":\"Organization\",\"@id\":\"https:\\\/\\\/radioljubuski.ba\\\/#organization\",\"name\":\"Radio Ljubu\u0161ki\",\"url\":\"https:\\\/\\\/radioljubuski.ba\\\/\",\"logo\":{\"@type\":\"ImageObject\",\"inLanguage\":\"hr\",\"@id\":\"https:\\\/\\\/radioljubuski.ba\\\/#\\\/schema\\\/logo\\\/image\\\/\",\"url\":\"https:\\\/\\\/radioljubuski.ba\\\/wp-content\\\/uploads\\\/2021\\\/02\\\/cropped-Radio_Ljubuski_logo1.jpg\",\"contentUrl\":\"https:\\\/\\\/radioljubuski.ba\\\/wp-content\\\/uploads\\\/2021\\\/02\\\/cropped-Radio_Ljubuski_logo1.jpg\",\"width\":512,\"height\":512,\"caption\":\"Radio Ljubu\u0161ki\"},\"image\":{\"@id\":\"https:\\\/\\\/radioljubuski.ba\\\/#\\\/schema\\\/logo\\\/image\\\/\"},\"sameAs\":[\"https:\\\/\\\/www.facebook.com\\\/Radiio-Ljubuski-1490835324566332\",\"https:\\\/\\\/x.com\\\/radioljubuski\",\"https:\\\/\\\/hr.linkedin.com\\\/company\\\/radio-ljubuski\",\"https:\\\/\\\/www.youtube.com\\\/channel\\\/UCHYaeO_n0Db3tjNGudGpXyw\"]},{\"@type\":\"Person\",\"@id\":\"https:\\\/\\\/radioljubuski.ba\\\/#\\\/schema\\\/person\\\/19fc700381a780f69665d7956c469e3b\",\"name\":\"Radio Ljubu\u0161ki\"}]}<\/script>\n<!-- \/ Yoast SEO plugin. -->","yoast_head_json":{"title":"Predrag Ko\u017eul: Nevjerojatno je licemjerje bo\u0161nja\u010dkih politi\u010dkih predstavnika - RADIO LJUBU\u0160KI","robots":{"index":"index","follow":"follow","max-snippet":"max-snippet:-1","max-image-preview":"max-image-preview:large","max-video-preview":"max-video-preview:-1"},"canonical":"https:\/\/radioljubuski.ba\/index.php\/2022\/07\/26\/predrag-kozul-nevjerojatno-je-licemjerje-bosnjackih-politickih-predstavnika\/","og_locale":"hr_HR","og_type":"article","og_title":"Predrag Ko\u017eul: Nevjerojatno je licemjerje bo\u0161nja\u010dkih politi\u010dkih predstavnika - RADIO LJUBU\u0160KI","og_description":"&nbsp;Zastupnik u Zastupni\u010dkom domu Parlamentarne skup\u0161tine BiH Predrag Ko\u017eul (HDZ BiH) danas je u Sarajevu izjavio kako je &#8220;nevjerojatno licemjerje bo\u0161nja\u010dkih politi\u010dkih predstavnika i politi\u010dkih predstavnika iz Sarajeva&#8221; vezano uz djelatnost visokog predstavnika, uz ono \u0161to on radi. &#8211; Kada donosi odluke koje se ti\u010du Republike Srpske on je po\u017eeljan i dobar, kada donosi odluke [&hellip;]","og_url":"https:\/\/radioljubuski.ba\/index.php\/2022\/07\/26\/predrag-kozul-nevjerojatno-je-licemjerje-bosnjackih-politickih-predstavnika\/","og_site_name":"RADIO LJUBU\u0160KI","article_publisher":"https:\/\/www.facebook.com\/Radiio-Ljubuski-1490835324566332","article_published_time":"2022-07-26T13:57:18+00:00","article_modified_time":"2022-07-26T13:57:19+00:00","og_image":[{"width":1000,"height":625,"url":"https:\/\/radioljubuski.ba\/wp-content\/uploads\/2022\/07\/8-2022-01-27-09-20-24-predrag-kozul_0.jpg","type":"image\/jpeg"}],"author":"Radio Ljubu\u0161ki","twitter_card":"summary_large_image","twitter_creator":"@radioljubuski","twitter_site":"@radioljubuski","twitter_misc":{"Napisao\/la":"Radio Ljubu\u0161ki","Procijenjeno vrijeme \u010ditanja":"2 minute"},"schema":{"@context":"https:\/\/schema.org","@graph":[{"@type":"Article","@id":"https:\/\/radioljubuski.ba\/index.php\/2022\/07\/26\/predrag-kozul-nevjerojatno-je-licemjerje-bosnjackih-politickih-predstavnika\/#article","isPartOf":{"@id":"https:\/\/radioljubuski.ba\/index.php\/2022\/07\/26\/predrag-kozul-nevjerojatno-je-licemjerje-bosnjackih-politickih-predstavnika\/"},"author":{"name":"Radio Ljubu\u0161ki","@id":"https:\/\/radioljubuski.ba\/#\/schema\/person\/19fc700381a780f69665d7956c469e3b"},"headline":"Predrag Ko\u017eul: Nevjerojatno je licemjerje bo\u0161nja\u010dkih politi\u010dkih predstavnika","datePublished":"2022-07-26T13:57:18+00:00","dateModified":"2022-07-26T13:57:19+00:00","mainEntityOfPage":{"@id":"https:\/\/radioljubuski.ba\/index.php\/2022\/07\/26\/predrag-kozul-nevjerojatno-je-licemjerje-bosnjackih-politickih-predstavnika\/"},"wordCount":523,"publisher":{"@id":"https:\/\/radioljubuski.ba\/#organization"},"image":{"@id":"https:\/\/radioljubuski.ba\/index.php\/2022\/07\/26\/predrag-kozul-nevjerojatno-je-licemjerje-bosnjackih-politickih-predstavnika\/#primaryimage"},"thumbnailUrl":"https:\/\/radioljubuski.ba\/wp-content\/uploads\/2022\/07\/8-2022-01-27-09-20-24-predrag-kozul_0.jpg","articleSection":["BIH i regija"],"inLanguage":"hr"},{"@type":"WebPage","@id":"https:\/\/radioljubuski.ba\/index.php\/2022\/07\/26\/predrag-kozul-nevjerojatno-je-licemjerje-bosnjackih-politickih-predstavnika\/","url":"https:\/\/radioljubuski.ba\/index.php\/2022\/07\/26\/predrag-kozul-nevjerojatno-je-licemjerje-bosnjackih-politickih-predstavnika\/","name":"Predrag Ko\u017eul: Nevjerojatno je licemjerje bo\u0161nja\u010dkih politi\u010dkih predstavnika - RADIO LJUBU\u0160KI","isPartOf":{"@id":"https:\/\/radioljubuski.ba\/#website"},"primaryImageOfPage":{"@id":"https:\/\/radioljubuski.ba\/index.php\/2022\/07\/26\/predrag-kozul-nevjerojatno-je-licemjerje-bosnjackih-politickih-predstavnika\/#primaryimage"},"image":{"@id":"https:\/\/radioljubuski.ba\/index.php\/2022\/07\/26\/predrag-kozul-nevjerojatno-je-licemjerje-bosnjackih-politickih-predstavnika\/#primaryimage"},"thumbnailUrl":"https:\/\/radioljubuski.ba\/wp-content\/uploads\/2022\/07\/8-2022-01-27-09-20-24-predrag-kozul_0.jpg","datePublished":"2022-07-26T13:57:18+00:00","dateModified":"2022-07-26T13:57:19+00:00","breadcrumb":{"@id":"https:\/\/radioljubuski.ba\/index.php\/2022\/07\/26\/predrag-kozul-nevjerojatno-je-licemjerje-bosnjackih-politickih-predstavnika\/#breadcrumb"},"inLanguage":"hr","potentialAction":[{"@type":"ReadAction","target":["https:\/\/radioljubuski.ba\/index.php\/2022\/07\/26\/predrag-kozul-nevjerojatno-je-licemjerje-bosnjackih-politickih-predstavnika\/"]}]},{"@type":"ImageObject","inLanguage":"hr","@id":"https:\/\/radioljubuski.ba\/index.php\/2022\/07\/26\/predrag-kozul-nevjerojatno-je-licemjerje-bosnjackih-politickih-predstavnika\/#primaryimage","url":"https:\/\/radioljubuski.ba\/wp-content\/uploads\/2022\/07\/8-2022-01-27-09-20-24-predrag-kozul_0.jpg","contentUrl":"https:\/\/radioljubuski.ba\/wp-content\/uploads\/2022\/07\/8-2022-01-27-09-20-24-predrag-kozul_0.jpg","width":1000,"height":625},{"@type":"BreadcrumbList","@id":"https:\/\/radioljubuski.ba\/index.php\/2022\/07\/26\/predrag-kozul-nevjerojatno-je-licemjerje-bosnjackih-politickih-predstavnika\/#breadcrumb","itemListElement":[{"@type":"ListItem","position":1,"name":"Po\u010detna stranica","item":"https:\/\/radioljubuski.ba\/"},{"@type":"ListItem","position":2,"name":"Predrag Ko\u017eul: Nevjerojatno je licemjerje bo\u0161nja\u010dkih politi\u010dkih predstavnika"}]},{"@type":"WebSite","@id":"https:\/\/radioljubuski.ba\/#website","url":"https:\/\/radioljubuski.ba\/","name":"Radio Ljubu\u0161ki","description":"Sun\u010dana frekvencija Hercegovine","publisher":{"@id":"https:\/\/radioljubuski.ba\/#organization"},"potentialAction":[{"@type":"SearchAction","target":{"@type":"EntryPoint","urlTemplate":"https:\/\/radioljubuski.ba\/?s={search_term_string}"},"query-input":{"@type":"PropertyValueSpecification","valueRequired":true,"valueName":"search_term_string"}}],"inLanguage":"hr"},{"@type":"Organization","@id":"https:\/\/radioljubuski.ba\/#organization","name":"Radio Ljubu\u0161ki","url":"https:\/\/radioljubuski.ba\/","logo":{"@type":"ImageObject","inLanguage":"hr","@id":"https:\/\/radioljubuski.ba\/#\/schema\/logo\/image\/","url":"https:\/\/radioljubuski.ba\/wp-content\/uploads\/2021\/02\/cropped-Radio_Ljubuski_logo1.jpg","contentUrl":"https:\/\/radioljubuski.ba\/wp-content\/uploads\/2021\/02\/cropped-Radio_Ljubuski_logo1.jpg","width":512,"height":512,"caption":"Radio Ljubu\u0161ki"},"image":{"@id":"https:\/\/radioljubuski.ba\/#\/schema\/logo\/image\/"},"sameAs":["https:\/\/www.facebook.com\/Radiio-Ljubuski-1490835324566332","https:\/\/x.com\/radioljubuski","https:\/\/hr.linkedin.com\/company\/radio-ljubuski","https:\/\/www.youtube.com\/channel\/UCHYaeO_n0Db3tjNGudGpXyw"]},{"@type":"Person","@id":"https:\/\/radioljubuski.ba\/#\/schema\/person\/19fc700381a780f69665d7956c469e3b","name":"Radio Ljubu\u0161ki"}]}},"_links":{"self":[{"href":"https:\/\/radioljubuski.ba\/index.php\/wp-json\/wp\/v2\/posts\/163708","targetHints":{"allow":["GET"]}}],"collection":[{"href":"https:\/\/radioljubuski.ba\/index.php\/wp-json\/wp\/v2\/posts"}],"about":[{"href":"https:\/\/radioljubuski.ba\/index.php\/wp-json\/wp\/v2\/types\/post"}],"author":[{"embeddable":true,"href":"https:\/\/radioljubuski.ba\/index.php\/wp-json\/wp\/v2\/users\/2"}],"replies":[{"embeddable":true,"href":"https:\/\/radioljubuski.ba\/index.php\/wp-json\/wp\/v2\/comments?post=163708"}],"version-history":[{"count":1,"href":"https:\/\/radioljubuski.ba\/index.php\/wp-json\/wp\/v2\/posts\/163708\/revisions"}],"predecessor-version":[{"id":163710,"href":"https:\/\/radioljubuski.ba\/index.php\/wp-json\/wp\/v2\/posts\/163708\/revisions\/163710"}],"wp:featuredmedia":[{"embeddable":true,"href":"https:\/\/radioljubuski.ba\/index.php\/wp-json\/wp\/v2\/media\/163709"}],"wp:attachment":[{"href":"https:\/\/radioljubuski.ba\/index.php\/wp-json\/wp\/v2\/media?parent=163708"}],"wp:term":[{"taxonomy":"category","embeddable":true,"href":"https:\/\/radioljubuski.ba\/index.php\/wp-json\/wp\/v2\/categories?post=163708"},{"taxonomy":"post_tag","embeddable":true,"href":"https:\/\/radioljubuski.ba\/index.php\/wp-json\/wp\/v2\/tags?post=163708"}],"curies":[{"name":"wp","href":"https:\/\/api.w.org\/{rel}","templated":true}]}}