{"id":163711,"date":"2022-07-26T14:58:23","date_gmt":"2022-07-26T13:58:23","guid":{"rendered":"https:\/\/radioljubuski.ba\/?p=163711"},"modified":"2022-07-26T14:58:25","modified_gmt":"2022-07-26T13:58:25","slug":"preminuo-nakon-sto-ga-je-ubo-strsljen-vjerojatno-mu-je-uletio-u-sobu","status":"publish","type":"post","link":"https:\/\/radioljubuski.ba\/index.php\/2022\/07\/26\/preminuo-nakon-sto-ga-je-ubo-strsljen-vjerojatno-mu-je-uletio-u-sobu\/","title":{"rendered":"Preminuo nakon \u0161to ga je ubo str\u0161ljen: &#8220;Vjerojatno mu je uletio u sobu&#8221;"},"content":{"rendered":"\n<p>Pro\u0161li tjedan u Rasinji u Koprivni\u010dko-kri\u017eeva\u010dkoj \u017eupaniji str\u0161ljen je ubo umirovljenika Vladu. Vlado je umro u bolnici koji sat kasnije, pi\u0161e <a href=\"https:\/\/podravski.hr\/nedaleko-koprivnice-vlado-preminuo-nakon-uboda-strsljena-cijelo-selo-u-soku\/\" target=\"_blank\" rel=\"noreferrer noopener\">Podravski<\/a>. Str\u0161ljen je Vladu ubo u no\u0107i s \u010detvrtka na petak, ne\u0161to iza pola no\u0107i. Vlado je sam nazvao hitnu pomo\u0107 nakon \u0161to mu je pozlilo.<\/p>\n\n\n\n<p>Hitna pomo\u0107 do\u0161la je oko jedan sat u no\u0107i i odvezla ga u bolnicu, no nije mu bilo spasa. Oko pola tri u no\u0107i su ga proglasili mrtvim.<\/p>\n\n\n\n<p>&#8220;Cijelo je selo u \u0161oku, svi smo ga znali kao dobrog i radi\u0161nog \u010dovjeka. Pro\u0161li je \u010detvrtak proveo u dru\u0161tvu s jednim prijateljem. Vidjeli smo ga u ve\u010dernjim satima i bilo je sve u redu. \u017dalio se malo na vru\u0107ine, ali to svi podnosimo, u ve\u0107oj ili manjoj mjeri&#8221;, rekla je Vladina susjeda u razgovoru za Podravski.<\/p>\n\n\n\n<p>Mje\u0161tani ka\u017eu da je Vlado bio pravi i vrijedan majstor, poseban specijalist za traktore. Sam ih je volio popravljati u svojoj gara\u017ei i za to nikad nije tra\u017eio nikakav novac.<\/p>\n\n\n\n<p>&#8220;Bolovao je na plu\u0107a ve\u0107 dulje vrijeme, tako da nije bio najboljeg zdravlja, no mislimo da je ubod str\u0161ljena na kraju bio koban. Da se nije to dogodilo, vjerojatno bi i dalje bio \u017eiv&#8221;, kazala je Podravskom Vladina sestra Ru\u017eica.<\/p>\n\n\n\n<p>&#8220;\u0160to se to\u010dno dogodilo te no\u0107i, ne znamo, jer na kraju nas uop\u0107e nije zvao. Alarmirana je bila hitna. No mo\u017eemo pretpostavljati. On vam je znao gledati televiziju do kasno u no\u0107, a kako ima otvoren prozor po no\u0107i, str\u0161ljen mu je vjerojatno uletio unutra u sobu. Stra\u0161ne su vru\u0107ine i su\u0161e, a znamo kako u nedostatku hrane znaju biti vrlo agresivni&#8221;, rekao je \u0161ogor Ljubo.<\/p>\n\n\n\n<p>&#8220;Do\u0161la nam je policija ujutro, tra\u017eili su s kim je u rodu, jer pokraj sestre, odnosno moje supruge, nije imao druge rodbine u selu. Tako smo i saznali da je umro. Taman kada smo zavr\u0161ili razgovor i kada su nas obavijestili, jednog od policajaca napao je str\u0161ljen, i to kako je otvorio vrata svog auta. Prestra\u0161no koliko ih ove godine ima&#8221;, nastavio je Ljubo pa zaklju\u010dio:<\/p>\n\n\n\n<p>&#8220;Znamo da je Vlado oko 22 minute razgovarao s hitnom, vidio sam mu u listi poziva na mobitelu. Znamo da ih je \u010dekao vani i da je ku\u0107u zaklju\u010dao. Ostavio je sve dokumente vani, a sa sobom je uzeo samo mobitel i punja\u010d.&#8221;<\/p>\n\n\n\n<p>Izvor:podravski.hr<\/p>\n","protected":false},"excerpt":{"rendered":"<p>Pro\u0161li tjedan u Rasinji u Koprivni\u010dko-kri\u017eeva\u010dkoj \u017eupaniji str\u0161ljen je ubo umirovljenika Vladu. Vlado je umro u bolnici koji sat kasnije, pi\u0161e Podravski. Str\u0161ljen je Vladu ubo u no\u0107i s \u010detvrtka na petak, ne\u0161to iza pola no\u0107i. Vlado je sam nazvao hitnu pomo\u0107 nakon \u0161to mu je pozlilo. Hitna pomo\u0107 do\u0161la je oko jedan sat u [&hellip;]<\/p>\n","protected":false},"author":2,"featured_media":163712,"comment_status":"closed","ping_status":"closed","sticky":false,"template":"","format":"standard","meta":{"h5ap_radio_sources":[],"footnotes":""},"categories":[1],"tags":[],"class_list":["post-163711","post","type-post","status-publish","format-standard","has-post-thumbnail","hentry","category-bihiregija"],"yoast_head":"<!-- This site is optimized with the Yoast SEO plugin v27.5 - https:\/\/yoast.com\/product\/yoast-seo-wordpress\/ -->\n<title>Preminuo nakon \u0161to ga je ubo str\u0161ljen: &quot;Vjerojatno mu je uletio u sobu&quot; - RADIO LJUBU\u0160KI<\/title>\n<meta name=\"robots\" content=\"index, follow, max-snippet:-1, max-image-preview:large, max-video-preview:-1\" \/>\n<link rel=\"canonical\" href=\"https:\/\/radioljubuski.ba\/index.php\/2022\/07\/26\/preminuo-nakon-sto-ga-je-ubo-strsljen-vjerojatno-mu-je-uletio-u-sobu\/\" \/>\n<meta property=\"og:locale\" content=\"hr_HR\" \/>\n<meta property=\"og:type\" content=\"article\" \/>\n<meta property=\"og:title\" content=\"Preminuo nakon \u0161to ga je ubo str\u0161ljen: &quot;Vjerojatno mu je uletio u sobu&quot; - RADIO LJUBU\u0160KI\" \/>\n<meta property=\"og:description\" content=\"Pro\u0161li tjedan u Rasinji u Koprivni\u010dko-kri\u017eeva\u010dkoj \u017eupaniji str\u0161ljen je ubo umirovljenika Vladu. Vlado je umro u bolnici koji sat kasnije, pi\u0161e Podravski. Str\u0161ljen je Vladu ubo u no\u0107i s \u010detvrtka na petak, ne\u0161to iza pola no\u0107i. Vlado je sam nazvao hitnu pomo\u0107 nakon \u0161to mu je pozlilo. Hitna pomo\u0107 do\u0161la je oko jedan sat u [&hellip;]\" \/>\n<meta property=\"og:url\" content=\"https:\/\/radioljubuski.ba\/index.php\/2022\/07\/26\/preminuo-nakon-sto-ga-je-ubo-strsljen-vjerojatno-mu-je-uletio-u-sobu\/\" \/>\n<meta property=\"og:site_name\" content=\"RADIO LJUBU\u0160KI\" \/>\n<meta property=\"article:publisher\" content=\"https:\/\/www.facebook.com\/Radiio-Ljubuski-1490835324566332\" \/>\n<meta property=\"article:published_time\" content=\"2022-07-26T13:58:23+00:00\" \/>\n<meta property=\"article:modified_time\" content=\"2022-07-26T13:58:25+00:00\" \/>\n<meta property=\"og:image\" content=\"https:\/\/radioljubuski.ba\/wp-content\/uploads\/2022\/07\/M04PzcjZ_strsljen_0.jpg\" \/>\n\t<meta property=\"og:image:width\" content=\"1000\" \/>\n\t<meta property=\"og:image:height\" content=\"625\" \/>\n\t<meta property=\"og:image:type\" content=\"image\/jpeg\" \/>\n<meta name=\"author\" content=\"Radio Ljubu\u0161ki\" \/>\n<meta name=\"twitter:card\" content=\"summary_large_image\" \/>\n<meta name=\"twitter:creator\" content=\"@radioljubuski\" \/>\n<meta name=\"twitter:site\" content=\"@radioljubuski\" \/>\n<meta name=\"twitter:label1\" content=\"Napisao\/la\" \/>\n\t<meta name=\"twitter:data1\" content=\"Radio Ljubu\u0161ki\" \/>\n\t<meta name=\"twitter:label2\" content=\"Procijenjeno vrijeme \u010ditanja\" \/>\n\t<meta name=\"twitter:data2\" content=\"2 minute\" \/>\n<script type=\"application\/ld+json\" class=\"yoast-schema-graph\">{\"@context\":\"https:\\\/\\\/schema.org\",\"@graph\":[{\"@type\":\"Article\",\"@id\":\"https:\\\/\\\/radioljubuski.ba\\\/index.php\\\/2022\\\/07\\\/26\\\/preminuo-nakon-sto-ga-je-ubo-strsljen-vjerojatno-mu-je-uletio-u-sobu\\\/#article\",\"isPartOf\":{\"@id\":\"https:\\\/\\\/radioljubuski.ba\\\/index.php\\\/2022\\\/07\\\/26\\\/preminuo-nakon-sto-ga-je-ubo-strsljen-vjerojatno-mu-je-uletio-u-sobu\\\/\"},\"author\":{\"name\":\"Radio Ljubu\u0161ki\",\"@id\":\"https:\\\/\\\/radioljubuski.ba\\\/#\\\/schema\\\/person\\\/19fc700381a780f69665d7956c469e3b\"},\"headline\":\"Preminuo nakon \u0161to ga je ubo str\u0161ljen: &#8220;Vjerojatno mu je uletio u sobu&#8221;\",\"datePublished\":\"2022-07-26T13:58:23+00:00\",\"dateModified\":\"2022-07-26T13:58:25+00:00\",\"mainEntityOfPage\":{\"@id\":\"https:\\\/\\\/radioljubuski.ba\\\/index.php\\\/2022\\\/07\\\/26\\\/preminuo-nakon-sto-ga-je-ubo-strsljen-vjerojatno-mu-je-uletio-u-sobu\\\/\"},\"wordCount\":436,\"publisher\":{\"@id\":\"https:\\\/\\\/radioljubuski.ba\\\/#organization\"},\"image\":{\"@id\":\"https:\\\/\\\/radioljubuski.ba\\\/index.php\\\/2022\\\/07\\\/26\\\/preminuo-nakon-sto-ga-je-ubo-strsljen-vjerojatno-mu-je-uletio-u-sobu\\\/#primaryimage\"},\"thumbnailUrl\":\"https:\\\/\\\/radioljubuski.ba\\\/wp-content\\\/uploads\\\/2022\\\/07\\\/M04PzcjZ_strsljen_0.jpg\",\"articleSection\":[\"BIH i regija\"],\"inLanguage\":\"hr\"},{\"@type\":\"WebPage\",\"@id\":\"https:\\\/\\\/radioljubuski.ba\\\/index.php\\\/2022\\\/07\\\/26\\\/preminuo-nakon-sto-ga-je-ubo-strsljen-vjerojatno-mu-je-uletio-u-sobu\\\/\",\"url\":\"https:\\\/\\\/radioljubuski.ba\\\/index.php\\\/2022\\\/07\\\/26\\\/preminuo-nakon-sto-ga-je-ubo-strsljen-vjerojatno-mu-je-uletio-u-sobu\\\/\",\"name\":\"Preminuo nakon \u0161to ga je ubo str\u0161ljen: \\\"Vjerojatno mu je uletio u sobu\\\" - RADIO LJUBU\u0160KI\",\"isPartOf\":{\"@id\":\"https:\\\/\\\/radioljubuski.ba\\\/#website\"},\"primaryImageOfPage\":{\"@id\":\"https:\\\/\\\/radioljubuski.ba\\\/index.php\\\/2022\\\/07\\\/26\\\/preminuo-nakon-sto-ga-je-ubo-strsljen-vjerojatno-mu-je-uletio-u-sobu\\\/#primaryimage\"},\"image\":{\"@id\":\"https:\\\/\\\/radioljubuski.ba\\\/index.php\\\/2022\\\/07\\\/26\\\/preminuo-nakon-sto-ga-je-ubo-strsljen-vjerojatno-mu-je-uletio-u-sobu\\\/#primaryimage\"},\"thumbnailUrl\":\"https:\\\/\\\/radioljubuski.ba\\\/wp-content\\\/uploads\\\/2022\\\/07\\\/M04PzcjZ_strsljen_0.jpg\",\"datePublished\":\"2022-07-26T13:58:23+00:00\",\"dateModified\":\"2022-07-26T13:58:25+00:00\",\"breadcrumb\":{\"@id\":\"https:\\\/\\\/radioljubuski.ba\\\/index.php\\\/2022\\\/07\\\/26\\\/preminuo-nakon-sto-ga-je-ubo-strsljen-vjerojatno-mu-je-uletio-u-sobu\\\/#breadcrumb\"},\"inLanguage\":\"hr\",\"potentialAction\":[{\"@type\":\"ReadAction\",\"target\":[\"https:\\\/\\\/radioljubuski.ba\\\/index.php\\\/2022\\\/07\\\/26\\\/preminuo-nakon-sto-ga-je-ubo-strsljen-vjerojatno-mu-je-uletio-u-sobu\\\/\"]}]},{\"@type\":\"ImageObject\",\"inLanguage\":\"hr\",\"@id\":\"https:\\\/\\\/radioljubuski.ba\\\/index.php\\\/2022\\\/07\\\/26\\\/preminuo-nakon-sto-ga-je-ubo-strsljen-vjerojatno-mu-je-uletio-u-sobu\\\/#primaryimage\",\"url\":\"https:\\\/\\\/radioljubuski.ba\\\/wp-content\\\/uploads\\\/2022\\\/07\\\/M04PzcjZ_strsljen_0.jpg\",\"contentUrl\":\"https:\\\/\\\/radioljubuski.ba\\\/wp-content\\\/uploads\\\/2022\\\/07\\\/M04PzcjZ_strsljen_0.jpg\",\"width\":1000,\"height\":625},{\"@type\":\"BreadcrumbList\",\"@id\":\"https:\\\/\\\/radioljubuski.ba\\\/index.php\\\/2022\\\/07\\\/26\\\/preminuo-nakon-sto-ga-je-ubo-strsljen-vjerojatno-mu-je-uletio-u-sobu\\\/#breadcrumb\",\"itemListElement\":[{\"@type\":\"ListItem\",\"position\":1,\"name\":\"Po\u010detna stranica\",\"item\":\"https:\\\/\\\/radioljubuski.ba\\\/\"},{\"@type\":\"ListItem\",\"position\":2,\"name\":\"Preminuo nakon \u0161to ga je ubo str\u0161ljen: &#8220;Vjerojatno mu je uletio u sobu&#8221;\"}]},{\"@type\":\"WebSite\",\"@id\":\"https:\\\/\\\/radioljubuski.ba\\\/#website\",\"url\":\"https:\\\/\\\/radioljubuski.ba\\\/\",\"name\":\"Radio Ljubu\u0161ki\",\"description\":\"Sun\u010dana frekvencija Hercegovine\",\"publisher\":{\"@id\":\"https:\\\/\\\/radioljubuski.ba\\\/#organization\"},\"potentialAction\":[{\"@type\":\"SearchAction\",\"target\":{\"@type\":\"EntryPoint\",\"urlTemplate\":\"https:\\\/\\\/radioljubuski.ba\\\/?s={search_term_string}\"},\"query-input\":{\"@type\":\"PropertyValueSpecification\",\"valueRequired\":true,\"valueName\":\"search_term_string\"}}],\"inLanguage\":\"hr\"},{\"@type\":\"Organization\",\"@id\":\"https:\\\/\\\/radioljubuski.ba\\\/#organization\",\"name\":\"Radio Ljubu\u0161ki\",\"url\":\"https:\\\/\\\/radioljubuski.ba\\\/\",\"logo\":{\"@type\":\"ImageObject\",\"inLanguage\":\"hr\",\"@id\":\"https:\\\/\\\/radioljubuski.ba\\\/#\\\/schema\\\/logo\\\/image\\\/\",\"url\":\"https:\\\/\\\/radioljubuski.ba\\\/wp-content\\\/uploads\\\/2021\\\/02\\\/cropped-Radio_Ljubuski_logo1.jpg\",\"contentUrl\":\"https:\\\/\\\/radioljubuski.ba\\\/wp-content\\\/uploads\\\/2021\\\/02\\\/cropped-Radio_Ljubuski_logo1.jpg\",\"width\":512,\"height\":512,\"caption\":\"Radio Ljubu\u0161ki\"},\"image\":{\"@id\":\"https:\\\/\\\/radioljubuski.ba\\\/#\\\/schema\\\/logo\\\/image\\\/\"},\"sameAs\":[\"https:\\\/\\\/www.facebook.com\\\/Radiio-Ljubuski-1490835324566332\",\"https:\\\/\\\/x.com\\\/radioljubuski\",\"https:\\\/\\\/hr.linkedin.com\\\/company\\\/radio-ljubuski\",\"https:\\\/\\\/www.youtube.com\\\/channel\\\/UCHYaeO_n0Db3tjNGudGpXyw\"]},{\"@type\":\"Person\",\"@id\":\"https:\\\/\\\/radioljubuski.ba\\\/#\\\/schema\\\/person\\\/19fc700381a780f69665d7956c469e3b\",\"name\":\"Radio Ljubu\u0161ki\"}]}<\/script>\n<!-- \/ Yoast SEO plugin. -->","yoast_head_json":{"title":"Preminuo nakon \u0161to ga je ubo str\u0161ljen: \"Vjerojatno mu je uletio u sobu\" - RADIO LJUBU\u0160KI","robots":{"index":"index","follow":"follow","max-snippet":"max-snippet:-1","max-image-preview":"max-image-preview:large","max-video-preview":"max-video-preview:-1"},"canonical":"https:\/\/radioljubuski.ba\/index.php\/2022\/07\/26\/preminuo-nakon-sto-ga-je-ubo-strsljen-vjerojatno-mu-je-uletio-u-sobu\/","og_locale":"hr_HR","og_type":"article","og_title":"Preminuo nakon \u0161to ga je ubo str\u0161ljen: \"Vjerojatno mu je uletio u sobu\" - RADIO LJUBU\u0160KI","og_description":"Pro\u0161li tjedan u Rasinji u Koprivni\u010dko-kri\u017eeva\u010dkoj \u017eupaniji str\u0161ljen je ubo umirovljenika Vladu. Vlado je umro u bolnici koji sat kasnije, pi\u0161e Podravski. Str\u0161ljen je Vladu ubo u no\u0107i s \u010detvrtka na petak, ne\u0161to iza pola no\u0107i. Vlado je sam nazvao hitnu pomo\u0107 nakon \u0161to mu je pozlilo. Hitna pomo\u0107 do\u0161la je oko jedan sat u [&hellip;]","og_url":"https:\/\/radioljubuski.ba\/index.php\/2022\/07\/26\/preminuo-nakon-sto-ga-je-ubo-strsljen-vjerojatno-mu-je-uletio-u-sobu\/","og_site_name":"RADIO LJUBU\u0160KI","article_publisher":"https:\/\/www.facebook.com\/Radiio-Ljubuski-1490835324566332","article_published_time":"2022-07-26T13:58:23+00:00","article_modified_time":"2022-07-26T13:58:25+00:00","og_image":[{"width":1000,"height":625,"url":"https:\/\/radioljubuski.ba\/wp-content\/uploads\/2022\/07\/M04PzcjZ_strsljen_0.jpg","type":"image\/jpeg"}],"author":"Radio Ljubu\u0161ki","twitter_card":"summary_large_image","twitter_creator":"@radioljubuski","twitter_site":"@radioljubuski","twitter_misc":{"Napisao\/la":"Radio Ljubu\u0161ki","Procijenjeno vrijeme \u010ditanja":"2 minute"},"schema":{"@context":"https:\/\/schema.org","@graph":[{"@type":"Article","@id":"https:\/\/radioljubuski.ba\/index.php\/2022\/07\/26\/preminuo-nakon-sto-ga-je-ubo-strsljen-vjerojatno-mu-je-uletio-u-sobu\/#article","isPartOf":{"@id":"https:\/\/radioljubuski.ba\/index.php\/2022\/07\/26\/preminuo-nakon-sto-ga-je-ubo-strsljen-vjerojatno-mu-je-uletio-u-sobu\/"},"author":{"name":"Radio Ljubu\u0161ki","@id":"https:\/\/radioljubuski.ba\/#\/schema\/person\/19fc700381a780f69665d7956c469e3b"},"headline":"Preminuo nakon \u0161to ga je ubo str\u0161ljen: &#8220;Vjerojatno mu je uletio u sobu&#8221;","datePublished":"2022-07-26T13:58:23+00:00","dateModified":"2022-07-26T13:58:25+00:00","mainEntityOfPage":{"@id":"https:\/\/radioljubuski.ba\/index.php\/2022\/07\/26\/preminuo-nakon-sto-ga-je-ubo-strsljen-vjerojatno-mu-je-uletio-u-sobu\/"},"wordCount":436,"publisher":{"@id":"https:\/\/radioljubuski.ba\/#organization"},"image":{"@id":"https:\/\/radioljubuski.ba\/index.php\/2022\/07\/26\/preminuo-nakon-sto-ga-je-ubo-strsljen-vjerojatno-mu-je-uletio-u-sobu\/#primaryimage"},"thumbnailUrl":"https:\/\/radioljubuski.ba\/wp-content\/uploads\/2022\/07\/M04PzcjZ_strsljen_0.jpg","articleSection":["BIH i regija"],"inLanguage":"hr"},{"@type":"WebPage","@id":"https:\/\/radioljubuski.ba\/index.php\/2022\/07\/26\/preminuo-nakon-sto-ga-je-ubo-strsljen-vjerojatno-mu-je-uletio-u-sobu\/","url":"https:\/\/radioljubuski.ba\/index.php\/2022\/07\/26\/preminuo-nakon-sto-ga-je-ubo-strsljen-vjerojatno-mu-je-uletio-u-sobu\/","name":"Preminuo nakon \u0161to ga je ubo str\u0161ljen: \"Vjerojatno mu je uletio u sobu\" - RADIO LJUBU\u0160KI","isPartOf":{"@id":"https:\/\/radioljubuski.ba\/#website"},"primaryImageOfPage":{"@id":"https:\/\/radioljubuski.ba\/index.php\/2022\/07\/26\/preminuo-nakon-sto-ga-je-ubo-strsljen-vjerojatno-mu-je-uletio-u-sobu\/#primaryimage"},"image":{"@id":"https:\/\/radioljubuski.ba\/index.php\/2022\/07\/26\/preminuo-nakon-sto-ga-je-ubo-strsljen-vjerojatno-mu-je-uletio-u-sobu\/#primaryimage"},"thumbnailUrl":"https:\/\/radioljubuski.ba\/wp-content\/uploads\/2022\/07\/M04PzcjZ_strsljen_0.jpg","datePublished":"2022-07-26T13:58:23+00:00","dateModified":"2022-07-26T13:58:25+00:00","breadcrumb":{"@id":"https:\/\/radioljubuski.ba\/index.php\/2022\/07\/26\/preminuo-nakon-sto-ga-je-ubo-strsljen-vjerojatno-mu-je-uletio-u-sobu\/#breadcrumb"},"inLanguage":"hr","potentialAction":[{"@type":"ReadAction","target":["https:\/\/radioljubuski.ba\/index.php\/2022\/07\/26\/preminuo-nakon-sto-ga-je-ubo-strsljen-vjerojatno-mu-je-uletio-u-sobu\/"]}]},{"@type":"ImageObject","inLanguage":"hr","@id":"https:\/\/radioljubuski.ba\/index.php\/2022\/07\/26\/preminuo-nakon-sto-ga-je-ubo-strsljen-vjerojatno-mu-je-uletio-u-sobu\/#primaryimage","url":"https:\/\/radioljubuski.ba\/wp-content\/uploads\/2022\/07\/M04PzcjZ_strsljen_0.jpg","contentUrl":"https:\/\/radioljubuski.ba\/wp-content\/uploads\/2022\/07\/M04PzcjZ_strsljen_0.jpg","width":1000,"height":625},{"@type":"BreadcrumbList","@id":"https:\/\/radioljubuski.ba\/index.php\/2022\/07\/26\/preminuo-nakon-sto-ga-je-ubo-strsljen-vjerojatno-mu-je-uletio-u-sobu\/#breadcrumb","itemListElement":[{"@type":"ListItem","position":1,"name":"Po\u010detna stranica","item":"https:\/\/radioljubuski.ba\/"},{"@type":"ListItem","position":2,"name":"Preminuo nakon \u0161to ga je ubo str\u0161ljen: &#8220;Vjerojatno mu je uletio u sobu&#8221;"}]},{"@type":"WebSite","@id":"https:\/\/radioljubuski.ba\/#website","url":"https:\/\/radioljubuski.ba\/","name":"Radio Ljubu\u0161ki","description":"Sun\u010dana frekvencija Hercegovine","publisher":{"@id":"https:\/\/radioljubuski.ba\/#organization"},"potentialAction":[{"@type":"SearchAction","target":{"@type":"EntryPoint","urlTemplate":"https:\/\/radioljubuski.ba\/?s={search_term_string}"},"query-input":{"@type":"PropertyValueSpecification","valueRequired":true,"valueName":"search_term_string"}}],"inLanguage":"hr"},{"@type":"Organization","@id":"https:\/\/radioljubuski.ba\/#organization","name":"Radio Ljubu\u0161ki","url":"https:\/\/radioljubuski.ba\/","logo":{"@type":"ImageObject","inLanguage":"hr","@id":"https:\/\/radioljubuski.ba\/#\/schema\/logo\/image\/","url":"https:\/\/radioljubuski.ba\/wp-content\/uploads\/2021\/02\/cropped-Radio_Ljubuski_logo1.jpg","contentUrl":"https:\/\/radioljubuski.ba\/wp-content\/uploads\/2021\/02\/cropped-Radio_Ljubuski_logo1.jpg","width":512,"height":512,"caption":"Radio Ljubu\u0161ki"},"image":{"@id":"https:\/\/radioljubuski.ba\/#\/schema\/logo\/image\/"},"sameAs":["https:\/\/www.facebook.com\/Radiio-Ljubuski-1490835324566332","https:\/\/x.com\/radioljubuski","https:\/\/hr.linkedin.com\/company\/radio-ljubuski","https:\/\/www.youtube.com\/channel\/UCHYaeO_n0Db3tjNGudGpXyw"]},{"@type":"Person","@id":"https:\/\/radioljubuski.ba\/#\/schema\/person\/19fc700381a780f69665d7956c469e3b","name":"Radio Ljubu\u0161ki"}]}},"_links":{"self":[{"href":"https:\/\/radioljubuski.ba\/index.php\/wp-json\/wp\/v2\/posts\/163711","targetHints":{"allow":["GET"]}}],"collection":[{"href":"https:\/\/radioljubuski.ba\/index.php\/wp-json\/wp\/v2\/posts"}],"about":[{"href":"https:\/\/radioljubuski.ba\/index.php\/wp-json\/wp\/v2\/types\/post"}],"author":[{"embeddable":true,"href":"https:\/\/radioljubuski.ba\/index.php\/wp-json\/wp\/v2\/users\/2"}],"replies":[{"embeddable":true,"href":"https:\/\/radioljubuski.ba\/index.php\/wp-json\/wp\/v2\/comments?post=163711"}],"version-history":[{"count":1,"href":"https:\/\/radioljubuski.ba\/index.php\/wp-json\/wp\/v2\/posts\/163711\/revisions"}],"predecessor-version":[{"id":163713,"href":"https:\/\/radioljubuski.ba\/index.php\/wp-json\/wp\/v2\/posts\/163711\/revisions\/163713"}],"wp:featuredmedia":[{"embeddable":true,"href":"https:\/\/radioljubuski.ba\/index.php\/wp-json\/wp\/v2\/media\/163712"}],"wp:attachment":[{"href":"https:\/\/radioljubuski.ba\/index.php\/wp-json\/wp\/v2\/media?parent=163711"}],"wp:term":[{"taxonomy":"category","embeddable":true,"href":"https:\/\/radioljubuski.ba\/index.php\/wp-json\/wp\/v2\/categories?post=163711"},{"taxonomy":"post_tag","embeddable":true,"href":"https:\/\/radioljubuski.ba\/index.php\/wp-json\/wp\/v2\/tags?post=163711"}],"curies":[{"name":"wp","href":"https:\/\/api.w.org\/{rel}","templated":true}]}}