{"id":163714,"date":"2022-07-26T14:59:36","date_gmt":"2022-07-26T13:59:36","guid":{"rendered":"https:\/\/radioljubuski.ba\/?p=163714"},"modified":"2022-07-26T14:59:37","modified_gmt":"2022-07-26T13:59:37","slug":"toni-sunjic-iz-kine-obitelj-mi-najvise-nedostaje","status":"publish","type":"post","link":"https:\/\/radioljubuski.ba\/index.php\/2022\/07\/26\/toni-sunjic-iz-kine-obitelj-mi-najvise-nedostaje\/","title":{"rendered":"Toni \u0160unji\u0107 iz Kine: Obitelj mi najvi\u0161e nedostaje"},"content":{"rendered":"\n<p>Desetak godina je uspje\u0161no branio boje reprezentacije Bosne i Hercegovine. Pro\u0161ao je sve dr\u017eavne selekcije, igrao je na Svjetskom prvenstvu u Brazilu, a publika i svi izbornici znali su cijeniti \u0161to je u svakoj utakmici dres natapao znojem.<\/p>\n\n\n\n<p>Sa svojim kvalitetama i iskustvom Toni \u0160unji\u0107 bi i danas itekako valjao Ivaylu Petevu. Ipak, utakmica koju je u rujnu 2020. godine odigrao protiv Italije za njega je bila posljednja u dresu s dr\u017eavnim grbom, odlu\u010dio je to iz vi\u0161e razloga, a danas je najvi\u0161e fokusiran na obaveze u Kini gdje igra vrlo dobro za Henan Songshan Longmen.<\/p>\n\n\n\n<p>Na samom po\u010detku razgovora priznaje nam da mu odgovara i to \u0161to se njegovo ime ne pojavljuje \u010desto u medijima.<\/p>\n\n\n\n<p>\u2013 Nestao sam sa radara na\u0161ih medija nakon \u0161to sam oti\u0161ao u Kinu, \u0161to je, u neku ruku, normalno. Nisam vi\u0161e ni u reprezentaciji. Mada, nisam nikada bio neko tko je \u201ctr\u010dao\u201d za novinarima, ne volim se pretjerano pojavljivati, tako da mi odgovara ovako, ka\u017ee Toni \u0160unji\u0107 za Reprezentacija.ba portal.<\/p>\n\n\n\n<p>U Kinu je ovaj bosanskohercegova\u010dki nogometa\u0161 do\u0161ao 2020. godine. Dinamo iz Moskve je najprije zamijenio sa Beijing Guoanom, ali za ovaj klub spletom okolnosti nije nikada ni zaigrao.<\/p>\n\n\n\n<p>\u2013 U Beijingu je danas Samir Memi\u0161evi\u0107. Iz nekih tehni\u010dkih razloga me nisu uspjeli registrirati, pa su me posudili Henan Songshan Longmenu gdje su, o\u010dito, bili zadovoljni sa mnom i na kraju su me zadr\u017eali. To se za mene ispostavilo kao vi\u0161e nego dobro jer se brojni klubovi u Kini u posljednje dvije godine suo\u010davaju s financijskim problemima, jedan od njih je upravo i Beijing, dok je u mom sada\u0161njem klubu puno bolja situacija.<\/p>\n\n\n\n<p>I s nogometne strane \u0160unji\u0107 u\u017eiva, iako, priznaje, kvaliteta lige nije ba\u0161 na najvi\u0161em nivou.<\/p>\n\n\n\n<p>\u2013 Sezonu smo otvorili odli\u010dno, u deset kola smo osvojili 23 boda, trenutno smo tre\u0107i na tabeli. Samo da nastavimo ovako. \u0160to se ti\u010de lige, da se ne la\u017eemo, kvalitet je ni\u017ei nego u Europi. Zadnjih godina se spustio zbog financijskih problema. Vrijeme zvijezda je ovdje pro\u0161lo, tro\u0161ili su nestvarne cifre za razvoj nogometa i same lige, a u me\u0111uvremenu donijeli su novi zakon prema kojem stranac maksimalno mo\u017ee imati ugovor na tri milijuna eura, i to bruto. Zato danas zvijezde ovdje ni ne dolaze. Nije im ovo tr\u017ei\u0161te zanimljivo kao nekada.<\/p>\n\n\n\n<p>Krajem pro\u0161le godine postao je i otac, a supruga mu je Ruskinja. Upoznali su se za vrijeme njegovog igranja u Moskvi.<\/p>\n\n\n\n<p>\u2013 Obitelj mi najvi\u0161e nedostaje. Najve\u0107i problem mi je \u0161to supruga i k\u0107erka nemaju vizu, trenutno sam ovdje sam, ali nadam se da \u0107e se i to rije\u0161iti kroz nekoliko mjeseci. Koliko dugo \u0107u se zadr\u017eati u Kini, te\u0161ko mi je re\u0107i, \u017eelim odraditi ovu sezonu najbolje \u0161to mogu i onda \u0107u vidjeti. Ako me pitate \u0161to mi najvi\u0161e nedostaje, onda su to navija\u010di kojih ovdje i dalje nema na tribinama zbog situacije sa koronavirusom. Druga\u010dije je igrati kad osjeti\u0161 onaj naboj na tribinama.<\/p>\n\n\n\n<p>Odlaskom u Kinu je ujedno zavr\u0161io svoju pri\u010du u reprezentaciji. \u0160unji\u0107 je bio i dio zlatne generacije koja je 2014. nastupila na Svjetskom prvenstvu u Brazilu.<\/p>\n\n\n\n<p>\u2013 \u010cujem se \u010desto sa Ibrahimom \u0160ehi\u0107em i sa jo\u0161 nekolicinom igra\u010da s kojima sam u to vrijeme igrao. Pratim, naravno, sve \u0161to se de\u0161ava i drago mi je vidjeti da kona\u010dno nabolje idu rezultati. Vjerujem da \u0107emo dobro odraditi ovu Ligu nacija i u\u0107i dobro u kvalifikacije. Selektor Petev me je kontaktirao kada je tek do\u0161ao, imali smo ugodan razgovor, ali je bilo previ\u0161e komplicirano da dolazim iz Kine.<\/p>\n\n\n\n<p>Priznaje da je o povla\u010denju razmi\u0161ljao i ranije.<\/p>\n\n\n\n<p>\u2013 Odluku sam donio i prije nego \u0161to sam oti\u0161ao u Kinu. Jedan od razloga je taj \u0161to na mojoj poziciji danas imamo nove, mla\u0111e, igra\u010de poput Sani\u010danina, Ahmedhod\u017ei\u0107a, Had\u017eikaduni\u0107a\u2026, treba stvarati novu generaciju, a malo sam bio i razo\u010daran nakon zadnjih kvalifikacija. Bila mi je velika \u017eelja oti\u0107i na Europsko prvenstvo. Nadam se da \u0107e ovi momci uspjeti to.<\/p>\n\n\n\n<p>Publika i navija\u010di naro\u010dito su cijenili njegovu po\u017ertvovnost kada bi igrao za Zmajeve.<\/p>\n\n\n\n<p>\u2013 Drago mi je \u0161to sam ostvario dobar dojam. Svjestan sam da je bilo dobrih utakmica, isto tako i lo\u0161ih, ali mogu sebe pogledati jer znam da sam svaki put dao maksimum, poru\u010dio je Toni \u0160unji\u0107 na kraju razgovora za <a href=\"https:\/\/reprezentacija.ba\/365746-bivsi-zmaj-u-kini-danas-me-ne-spominju-znam-zasto-a-to-mi-i-odgovara\">Reprezentacija.ba portal<\/a>.<\/p>\n\n\n\n<p>Izvor:reprezentacija.ba<\/p>\n","protected":false},"excerpt":{"rendered":"<p>Desetak godina je uspje\u0161no branio boje reprezentacije Bosne i Hercegovine. Pro\u0161ao je sve dr\u017eavne selekcije, igrao je na Svjetskom prvenstvu u Brazilu, a publika i svi izbornici znali su cijeniti \u0161to je u svakoj utakmici dres natapao znojem. Sa svojim kvalitetama i iskustvom Toni \u0160unji\u0107 bi i danas itekako valjao Ivaylu Petevu. Ipak, utakmica koju [&hellip;]<\/p>\n","protected":false},"author":2,"featured_media":163715,"comment_status":"closed","ping_status":"closed","sticky":false,"template":"","format":"standard","meta":{"h5ap_radio_sources":[],"footnotes":""},"categories":[7],"tags":[],"class_list":["post-163714","post","type-post","status-publish","format-standard","has-post-thumbnail","hentry","category-sport"],"yoast_head":"<!-- This site is optimized with the Yoast SEO plugin v27.5 - https:\/\/yoast.com\/product\/yoast-seo-wordpress\/ -->\n<title>Toni \u0160unji\u0107 iz Kine: Obitelj mi najvi\u0161e nedostaje - RADIO LJUBU\u0160KI<\/title>\n<meta name=\"robots\" content=\"index, follow, max-snippet:-1, max-image-preview:large, max-video-preview:-1\" \/>\n<link rel=\"canonical\" href=\"https:\/\/radioljubuski.ba\/index.php\/2022\/07\/26\/toni-sunjic-iz-kine-obitelj-mi-najvise-nedostaje\/\" \/>\n<meta property=\"og:locale\" content=\"hr_HR\" \/>\n<meta property=\"og:type\" content=\"article\" \/>\n<meta property=\"og:title\" content=\"Toni \u0160unji\u0107 iz Kine: Obitelj mi najvi\u0161e nedostaje - RADIO LJUBU\u0160KI\" \/>\n<meta property=\"og:description\" content=\"Desetak godina je uspje\u0161no branio boje reprezentacije Bosne i Hercegovine. Pro\u0161ao je sve dr\u017eavne selekcije, igrao je na Svjetskom prvenstvu u Brazilu, a publika i svi izbornici znali su cijeniti \u0161to je u svakoj utakmici dres natapao znojem. Sa svojim kvalitetama i iskustvom Toni \u0160unji\u0107 bi i danas itekako valjao Ivaylu Petevu. Ipak, utakmica koju [&hellip;]\" \/>\n<meta property=\"og:url\" content=\"https:\/\/radioljubuski.ba\/index.php\/2022\/07\/26\/toni-sunjic-iz-kine-obitelj-mi-najvise-nedostaje\/\" \/>\n<meta property=\"og:site_name\" content=\"RADIO LJUBU\u0160KI\" \/>\n<meta property=\"article:publisher\" content=\"https:\/\/www.facebook.com\/Radiio-Ljubuski-1490835324566332\" \/>\n<meta property=\"article:published_time\" content=\"2022-07-26T13:59:36+00:00\" \/>\n<meta property=\"article:modified_time\" content=\"2022-07-26T13:59:37+00:00\" \/>\n<meta property=\"og:image\" content=\"https:\/\/radioljubuski.ba\/wp-content\/uploads\/2022\/07\/8whWRMuZ_sunjic.jpg\" \/>\n\t<meta property=\"og:image:width\" content=\"1000\" \/>\n\t<meta property=\"og:image:height\" content=\"625\" \/>\n\t<meta property=\"og:image:type\" content=\"image\/jpeg\" \/>\n<meta name=\"author\" content=\"Radio Ljubu\u0161ki\" \/>\n<meta name=\"twitter:card\" content=\"summary_large_image\" \/>\n<meta name=\"twitter:creator\" content=\"@radioljubuski\" \/>\n<meta name=\"twitter:site\" content=\"@radioljubuski\" \/>\n<meta name=\"twitter:label1\" content=\"Napisao\/la\" \/>\n\t<meta name=\"twitter:data1\" content=\"Radio Ljubu\u0161ki\" \/>\n\t<meta name=\"twitter:label2\" content=\"Procijenjeno vrijeme \u010ditanja\" \/>\n\t<meta name=\"twitter:data2\" content=\"4 minute\" \/>\n<script type=\"application\/ld+json\" class=\"yoast-schema-graph\">{\"@context\":\"https:\\\/\\\/schema.org\",\"@graph\":[{\"@type\":\"Article\",\"@id\":\"https:\\\/\\\/radioljubuski.ba\\\/index.php\\\/2022\\\/07\\\/26\\\/toni-sunjic-iz-kine-obitelj-mi-najvise-nedostaje\\\/#article\",\"isPartOf\":{\"@id\":\"https:\\\/\\\/radioljubuski.ba\\\/index.php\\\/2022\\\/07\\\/26\\\/toni-sunjic-iz-kine-obitelj-mi-najvise-nedostaje\\\/\"},\"author\":{\"name\":\"Radio Ljubu\u0161ki\",\"@id\":\"https:\\\/\\\/radioljubuski.ba\\\/#\\\/schema\\\/person\\\/19fc700381a780f69665d7956c469e3b\"},\"headline\":\"Toni \u0160unji\u0107 iz Kine: Obitelj mi najvi\u0161e nedostaje\",\"datePublished\":\"2022-07-26T13:59:36+00:00\",\"dateModified\":\"2022-07-26T13:59:37+00:00\",\"mainEntityOfPage\":{\"@id\":\"https:\\\/\\\/radioljubuski.ba\\\/index.php\\\/2022\\\/07\\\/26\\\/toni-sunjic-iz-kine-obitelj-mi-najvise-nedostaje\\\/\"},\"wordCount\":774,\"publisher\":{\"@id\":\"https:\\\/\\\/radioljubuski.ba\\\/#organization\"},\"image\":{\"@id\":\"https:\\\/\\\/radioljubuski.ba\\\/index.php\\\/2022\\\/07\\\/26\\\/toni-sunjic-iz-kine-obitelj-mi-najvise-nedostaje\\\/#primaryimage\"},\"thumbnailUrl\":\"https:\\\/\\\/radioljubuski.ba\\\/wp-content\\\/uploads\\\/2022\\\/07\\\/8whWRMuZ_sunjic.jpg\",\"articleSection\":[\"\u0160port\"],\"inLanguage\":\"hr\"},{\"@type\":\"WebPage\",\"@id\":\"https:\\\/\\\/radioljubuski.ba\\\/index.php\\\/2022\\\/07\\\/26\\\/toni-sunjic-iz-kine-obitelj-mi-najvise-nedostaje\\\/\",\"url\":\"https:\\\/\\\/radioljubuski.ba\\\/index.php\\\/2022\\\/07\\\/26\\\/toni-sunjic-iz-kine-obitelj-mi-najvise-nedostaje\\\/\",\"name\":\"Toni \u0160unji\u0107 iz Kine: Obitelj mi najvi\u0161e nedostaje - RADIO LJUBU\u0160KI\",\"isPartOf\":{\"@id\":\"https:\\\/\\\/radioljubuski.ba\\\/#website\"},\"primaryImageOfPage\":{\"@id\":\"https:\\\/\\\/radioljubuski.ba\\\/index.php\\\/2022\\\/07\\\/26\\\/toni-sunjic-iz-kine-obitelj-mi-najvise-nedostaje\\\/#primaryimage\"},\"image\":{\"@id\":\"https:\\\/\\\/radioljubuski.ba\\\/index.php\\\/2022\\\/07\\\/26\\\/toni-sunjic-iz-kine-obitelj-mi-najvise-nedostaje\\\/#primaryimage\"},\"thumbnailUrl\":\"https:\\\/\\\/radioljubuski.ba\\\/wp-content\\\/uploads\\\/2022\\\/07\\\/8whWRMuZ_sunjic.jpg\",\"datePublished\":\"2022-07-26T13:59:36+00:00\",\"dateModified\":\"2022-07-26T13:59:37+00:00\",\"breadcrumb\":{\"@id\":\"https:\\\/\\\/radioljubuski.ba\\\/index.php\\\/2022\\\/07\\\/26\\\/toni-sunjic-iz-kine-obitelj-mi-najvise-nedostaje\\\/#breadcrumb\"},\"inLanguage\":\"hr\",\"potentialAction\":[{\"@type\":\"ReadAction\",\"target\":[\"https:\\\/\\\/radioljubuski.ba\\\/index.php\\\/2022\\\/07\\\/26\\\/toni-sunjic-iz-kine-obitelj-mi-najvise-nedostaje\\\/\"]}]},{\"@type\":\"ImageObject\",\"inLanguage\":\"hr\",\"@id\":\"https:\\\/\\\/radioljubuski.ba\\\/index.php\\\/2022\\\/07\\\/26\\\/toni-sunjic-iz-kine-obitelj-mi-najvise-nedostaje\\\/#primaryimage\",\"url\":\"https:\\\/\\\/radioljubuski.ba\\\/wp-content\\\/uploads\\\/2022\\\/07\\\/8whWRMuZ_sunjic.jpg\",\"contentUrl\":\"https:\\\/\\\/radioljubuski.ba\\\/wp-content\\\/uploads\\\/2022\\\/07\\\/8whWRMuZ_sunjic.jpg\",\"width\":1000,\"height\":625},{\"@type\":\"BreadcrumbList\",\"@id\":\"https:\\\/\\\/radioljubuski.ba\\\/index.php\\\/2022\\\/07\\\/26\\\/toni-sunjic-iz-kine-obitelj-mi-najvise-nedostaje\\\/#breadcrumb\",\"itemListElement\":[{\"@type\":\"ListItem\",\"position\":1,\"name\":\"Po\u010detna stranica\",\"item\":\"https:\\\/\\\/radioljubuski.ba\\\/\"},{\"@type\":\"ListItem\",\"position\":2,\"name\":\"Toni \u0160unji\u0107 iz Kine: Obitelj mi najvi\u0161e nedostaje\"}]},{\"@type\":\"WebSite\",\"@id\":\"https:\\\/\\\/radioljubuski.ba\\\/#website\",\"url\":\"https:\\\/\\\/radioljubuski.ba\\\/\",\"name\":\"Radio Ljubu\u0161ki\",\"description\":\"Sun\u010dana frekvencija Hercegovine\",\"publisher\":{\"@id\":\"https:\\\/\\\/radioljubuski.ba\\\/#organization\"},\"potentialAction\":[{\"@type\":\"SearchAction\",\"target\":{\"@type\":\"EntryPoint\",\"urlTemplate\":\"https:\\\/\\\/radioljubuski.ba\\\/?s={search_term_string}\"},\"query-input\":{\"@type\":\"PropertyValueSpecification\",\"valueRequired\":true,\"valueName\":\"search_term_string\"}}],\"inLanguage\":\"hr\"},{\"@type\":\"Organization\",\"@id\":\"https:\\\/\\\/radioljubuski.ba\\\/#organization\",\"name\":\"Radio Ljubu\u0161ki\",\"url\":\"https:\\\/\\\/radioljubuski.ba\\\/\",\"logo\":{\"@type\":\"ImageObject\",\"inLanguage\":\"hr\",\"@id\":\"https:\\\/\\\/radioljubuski.ba\\\/#\\\/schema\\\/logo\\\/image\\\/\",\"url\":\"https:\\\/\\\/radioljubuski.ba\\\/wp-content\\\/uploads\\\/2021\\\/02\\\/cropped-Radio_Ljubuski_logo1.jpg\",\"contentUrl\":\"https:\\\/\\\/radioljubuski.ba\\\/wp-content\\\/uploads\\\/2021\\\/02\\\/cropped-Radio_Ljubuski_logo1.jpg\",\"width\":512,\"height\":512,\"caption\":\"Radio Ljubu\u0161ki\"},\"image\":{\"@id\":\"https:\\\/\\\/radioljubuski.ba\\\/#\\\/schema\\\/logo\\\/image\\\/\"},\"sameAs\":[\"https:\\\/\\\/www.facebook.com\\\/Radiio-Ljubuski-1490835324566332\",\"https:\\\/\\\/x.com\\\/radioljubuski\",\"https:\\\/\\\/hr.linkedin.com\\\/company\\\/radio-ljubuski\",\"https:\\\/\\\/www.youtube.com\\\/channel\\\/UCHYaeO_n0Db3tjNGudGpXyw\"]},{\"@type\":\"Person\",\"@id\":\"https:\\\/\\\/radioljubuski.ba\\\/#\\\/schema\\\/person\\\/19fc700381a780f69665d7956c469e3b\",\"name\":\"Radio Ljubu\u0161ki\"}]}<\/script>\n<!-- \/ Yoast SEO plugin. -->","yoast_head_json":{"title":"Toni \u0160unji\u0107 iz Kine: Obitelj mi najvi\u0161e nedostaje - RADIO LJUBU\u0160KI","robots":{"index":"index","follow":"follow","max-snippet":"max-snippet:-1","max-image-preview":"max-image-preview:large","max-video-preview":"max-video-preview:-1"},"canonical":"https:\/\/radioljubuski.ba\/index.php\/2022\/07\/26\/toni-sunjic-iz-kine-obitelj-mi-najvise-nedostaje\/","og_locale":"hr_HR","og_type":"article","og_title":"Toni \u0160unji\u0107 iz Kine: Obitelj mi najvi\u0161e nedostaje - RADIO LJUBU\u0160KI","og_description":"Desetak godina je uspje\u0161no branio boje reprezentacije Bosne i Hercegovine. Pro\u0161ao je sve dr\u017eavne selekcije, igrao je na Svjetskom prvenstvu u Brazilu, a publika i svi izbornici znali su cijeniti \u0161to je u svakoj utakmici dres natapao znojem. Sa svojim kvalitetama i iskustvom Toni \u0160unji\u0107 bi i danas itekako valjao Ivaylu Petevu. Ipak, utakmica koju [&hellip;]","og_url":"https:\/\/radioljubuski.ba\/index.php\/2022\/07\/26\/toni-sunjic-iz-kine-obitelj-mi-najvise-nedostaje\/","og_site_name":"RADIO LJUBU\u0160KI","article_publisher":"https:\/\/www.facebook.com\/Radiio-Ljubuski-1490835324566332","article_published_time":"2022-07-26T13:59:36+00:00","article_modified_time":"2022-07-26T13:59:37+00:00","og_image":[{"width":1000,"height":625,"url":"https:\/\/radioljubuski.ba\/wp-content\/uploads\/2022\/07\/8whWRMuZ_sunjic.jpg","type":"image\/jpeg"}],"author":"Radio Ljubu\u0161ki","twitter_card":"summary_large_image","twitter_creator":"@radioljubuski","twitter_site":"@radioljubuski","twitter_misc":{"Napisao\/la":"Radio Ljubu\u0161ki","Procijenjeno vrijeme \u010ditanja":"4 minute"},"schema":{"@context":"https:\/\/schema.org","@graph":[{"@type":"Article","@id":"https:\/\/radioljubuski.ba\/index.php\/2022\/07\/26\/toni-sunjic-iz-kine-obitelj-mi-najvise-nedostaje\/#article","isPartOf":{"@id":"https:\/\/radioljubuski.ba\/index.php\/2022\/07\/26\/toni-sunjic-iz-kine-obitelj-mi-najvise-nedostaje\/"},"author":{"name":"Radio Ljubu\u0161ki","@id":"https:\/\/radioljubuski.ba\/#\/schema\/person\/19fc700381a780f69665d7956c469e3b"},"headline":"Toni \u0160unji\u0107 iz Kine: Obitelj mi najvi\u0161e nedostaje","datePublished":"2022-07-26T13:59:36+00:00","dateModified":"2022-07-26T13:59:37+00:00","mainEntityOfPage":{"@id":"https:\/\/radioljubuski.ba\/index.php\/2022\/07\/26\/toni-sunjic-iz-kine-obitelj-mi-najvise-nedostaje\/"},"wordCount":774,"publisher":{"@id":"https:\/\/radioljubuski.ba\/#organization"},"image":{"@id":"https:\/\/radioljubuski.ba\/index.php\/2022\/07\/26\/toni-sunjic-iz-kine-obitelj-mi-najvise-nedostaje\/#primaryimage"},"thumbnailUrl":"https:\/\/radioljubuski.ba\/wp-content\/uploads\/2022\/07\/8whWRMuZ_sunjic.jpg","articleSection":["\u0160port"],"inLanguage":"hr"},{"@type":"WebPage","@id":"https:\/\/radioljubuski.ba\/index.php\/2022\/07\/26\/toni-sunjic-iz-kine-obitelj-mi-najvise-nedostaje\/","url":"https:\/\/radioljubuski.ba\/index.php\/2022\/07\/26\/toni-sunjic-iz-kine-obitelj-mi-najvise-nedostaje\/","name":"Toni \u0160unji\u0107 iz Kine: Obitelj mi najvi\u0161e nedostaje - RADIO LJUBU\u0160KI","isPartOf":{"@id":"https:\/\/radioljubuski.ba\/#website"},"primaryImageOfPage":{"@id":"https:\/\/radioljubuski.ba\/index.php\/2022\/07\/26\/toni-sunjic-iz-kine-obitelj-mi-najvise-nedostaje\/#primaryimage"},"image":{"@id":"https:\/\/radioljubuski.ba\/index.php\/2022\/07\/26\/toni-sunjic-iz-kine-obitelj-mi-najvise-nedostaje\/#primaryimage"},"thumbnailUrl":"https:\/\/radioljubuski.ba\/wp-content\/uploads\/2022\/07\/8whWRMuZ_sunjic.jpg","datePublished":"2022-07-26T13:59:36+00:00","dateModified":"2022-07-26T13:59:37+00:00","breadcrumb":{"@id":"https:\/\/radioljubuski.ba\/index.php\/2022\/07\/26\/toni-sunjic-iz-kine-obitelj-mi-najvise-nedostaje\/#breadcrumb"},"inLanguage":"hr","potentialAction":[{"@type":"ReadAction","target":["https:\/\/radioljubuski.ba\/index.php\/2022\/07\/26\/toni-sunjic-iz-kine-obitelj-mi-najvise-nedostaje\/"]}]},{"@type":"ImageObject","inLanguage":"hr","@id":"https:\/\/radioljubuski.ba\/index.php\/2022\/07\/26\/toni-sunjic-iz-kine-obitelj-mi-najvise-nedostaje\/#primaryimage","url":"https:\/\/radioljubuski.ba\/wp-content\/uploads\/2022\/07\/8whWRMuZ_sunjic.jpg","contentUrl":"https:\/\/radioljubuski.ba\/wp-content\/uploads\/2022\/07\/8whWRMuZ_sunjic.jpg","width":1000,"height":625},{"@type":"BreadcrumbList","@id":"https:\/\/radioljubuski.ba\/index.php\/2022\/07\/26\/toni-sunjic-iz-kine-obitelj-mi-najvise-nedostaje\/#breadcrumb","itemListElement":[{"@type":"ListItem","position":1,"name":"Po\u010detna stranica","item":"https:\/\/radioljubuski.ba\/"},{"@type":"ListItem","position":2,"name":"Toni \u0160unji\u0107 iz Kine: Obitelj mi najvi\u0161e nedostaje"}]},{"@type":"WebSite","@id":"https:\/\/radioljubuski.ba\/#website","url":"https:\/\/radioljubuski.ba\/","name":"Radio Ljubu\u0161ki","description":"Sun\u010dana frekvencija Hercegovine","publisher":{"@id":"https:\/\/radioljubuski.ba\/#organization"},"potentialAction":[{"@type":"SearchAction","target":{"@type":"EntryPoint","urlTemplate":"https:\/\/radioljubuski.ba\/?s={search_term_string}"},"query-input":{"@type":"PropertyValueSpecification","valueRequired":true,"valueName":"search_term_string"}}],"inLanguage":"hr"},{"@type":"Organization","@id":"https:\/\/radioljubuski.ba\/#organization","name":"Radio Ljubu\u0161ki","url":"https:\/\/radioljubuski.ba\/","logo":{"@type":"ImageObject","inLanguage":"hr","@id":"https:\/\/radioljubuski.ba\/#\/schema\/logo\/image\/","url":"https:\/\/radioljubuski.ba\/wp-content\/uploads\/2021\/02\/cropped-Radio_Ljubuski_logo1.jpg","contentUrl":"https:\/\/radioljubuski.ba\/wp-content\/uploads\/2021\/02\/cropped-Radio_Ljubuski_logo1.jpg","width":512,"height":512,"caption":"Radio Ljubu\u0161ki"},"image":{"@id":"https:\/\/radioljubuski.ba\/#\/schema\/logo\/image\/"},"sameAs":["https:\/\/www.facebook.com\/Radiio-Ljubuski-1490835324566332","https:\/\/x.com\/radioljubuski","https:\/\/hr.linkedin.com\/company\/radio-ljubuski","https:\/\/www.youtube.com\/channel\/UCHYaeO_n0Db3tjNGudGpXyw"]},{"@type":"Person","@id":"https:\/\/radioljubuski.ba\/#\/schema\/person\/19fc700381a780f69665d7956c469e3b","name":"Radio Ljubu\u0161ki"}]}},"_links":{"self":[{"href":"https:\/\/radioljubuski.ba\/index.php\/wp-json\/wp\/v2\/posts\/163714","targetHints":{"allow":["GET"]}}],"collection":[{"href":"https:\/\/radioljubuski.ba\/index.php\/wp-json\/wp\/v2\/posts"}],"about":[{"href":"https:\/\/radioljubuski.ba\/index.php\/wp-json\/wp\/v2\/types\/post"}],"author":[{"embeddable":true,"href":"https:\/\/radioljubuski.ba\/index.php\/wp-json\/wp\/v2\/users\/2"}],"replies":[{"embeddable":true,"href":"https:\/\/radioljubuski.ba\/index.php\/wp-json\/wp\/v2\/comments?post=163714"}],"version-history":[{"count":1,"href":"https:\/\/radioljubuski.ba\/index.php\/wp-json\/wp\/v2\/posts\/163714\/revisions"}],"predecessor-version":[{"id":163716,"href":"https:\/\/radioljubuski.ba\/index.php\/wp-json\/wp\/v2\/posts\/163714\/revisions\/163716"}],"wp:featuredmedia":[{"embeddable":true,"href":"https:\/\/radioljubuski.ba\/index.php\/wp-json\/wp\/v2\/media\/163715"}],"wp:attachment":[{"href":"https:\/\/radioljubuski.ba\/index.php\/wp-json\/wp\/v2\/media?parent=163714"}],"wp:term":[{"taxonomy":"category","embeddable":true,"href":"https:\/\/radioljubuski.ba\/index.php\/wp-json\/wp\/v2\/categories?post=163714"},{"taxonomy":"post_tag","embeddable":true,"href":"https:\/\/radioljubuski.ba\/index.php\/wp-json\/wp\/v2\/tags?post=163714"}],"curies":[{"name":"wp","href":"https:\/\/api.w.org\/{rel}","templated":true}]}}