{"id":163720,"date":"2022-07-26T15:02:02","date_gmt":"2022-07-26T14:02:02","guid":{"rendered":"https:\/\/radioljubuski.ba\/?p=163720"},"modified":"2022-07-26T15:02:04","modified_gmt":"2022-07-26T14:02:04","slug":"epidemiologinja-dr-andrea-juric-koronavirus-jos-nismo-pobijedili-slijedi-nam-ponovno-udar-koji-treba-izdrzati","status":"publish","type":"post","link":"https:\/\/radioljubuski.ba\/index.php\/2022\/07\/26\/epidemiologinja-dr-andrea-juric-koronavirus-jos-nismo-pobijedili-slijedi-nam-ponovno-udar-koji-treba-izdrzati\/","title":{"rendered":"Epidemiologinja dr. Andrea Juri\u0107: Koronavirus jo\u0161 nismo pobijedili, slijedi nam ponovno udar koji treba izdr\u017eati"},"content":{"rendered":"\n<p>Broj novozara\u017eenih koronavirusom u BiH raste iz dana u dan. Iako pacijenti uglavnom imaju bla\u017eu klini\u010dku sliku, ne mo\u017ee se govoriti o slabljenju virusa, obja\u0161njava za \u201e<a href=\"https:\/\/avaz.ba\/vijesti\/bih\/760744\/epidemiologinja-dr-andrea-juric-za-avaz-koronavirus-jos-nismo-pobijedili\" target=\"_blank\" rel=\"noreferrer noopener\">Avaz<\/a>\u201c epidemiologinja dr. Andrea Juri\u0107.<\/p>\n\n\n\n<p>&#8211; Novi val koronavirusa je ve\u0107 po\u010deo, prije mjesec u Europi, a ve\u0107 je i kod nas. Brojevi enormno rastu jer su varijante virusa koje kru\u017ee u na\u0161oj okolini, a vjerojatno i kod nas, dosta infektivnije od onih ranijih &#8211; ka\u017ee dr. Juri\u0107.<\/p>\n\n\n\n<p>Obja\u0161njava kako su epidemiolozi vi\u0161e puta govorili da se o\u010dekuje vi\u0161e manjih valova koronavirusa. O bezazlenosti virusa jo\u0161 se ne mo\u017ee govoriti.<\/p>\n\n\n\n<p>&#8211; Jedna karakteristika, u usporedbi s periodom iza nas, jeste da manji broj ljudi zavr\u0161ava na respiratoru i s te\u017eim formama bolesti. Me\u0111utim, virus koji odjednom mo\u017ee zaraziti stotine tisu\u0107a ljudi u nekoliko dana i na taj na\u010din opteretiti zdravstveni sistem, koji je ionako preoptere\u0107en, ne mo\u017eemo nikako nazvati bezazlenim &#8211; isti\u010de dr. Juri\u0107.<\/p>\n\n\n\n<p>Ipak, interes za cijepljenjem protiv koronavirusa opada. Jedan od razloga, navodi dr. Juri\u0107, le\u017ei u antivakcinalnom lobiju, a drugi su sami znanstvenici.<\/p>\n\n\n\n<p>&#8211; Veliki broj njih tvrdi da se prevelik broj mutacija desio na spike proteinu virusa, \u0161to zna\u010di da sva ona cjepiva koje su mRNA vrste, odnosno koje su se bazirale samo na spike protein, imaju, mo\u017eemo re\u0107i, nikakvu u\u010dinkovitost &#8211; ukazuje dr. Juri\u0107.<\/p>\n\n\n\n<p>Dodaje kako veliki broj onih koji su ve\u0107 preboljeli koronu iznova bude zara\u017eeno.<\/p>\n\n\n\n<p>&#8211; Dakle, ni cijepljeni ni oni koji su ranije prele\u017eali bolest nisu imuni. Za ovu varijantu je karakteristi\u010dno da se javlja u smislu febrilnog stanja s \u010de\u0161\u0107im te\u017eim, ja\u010dim bolom u grlu.<\/p>\n\n\n\n<p>U ovom slu\u010daju bih, prije svega, potencirala ja\u010danje imuniteta, izbjegavanje gu\u017evi i redovno provjetravanje prostorija, jer je dokazano da se ova varijanta br\u017ee \u0161iri, \u010dak neki stru\u010dnjaci ka\u017eu da se \u0161iri br\u017ee od morbila, a oni su veoma infektivni &#8211; ka\u017ee dr. Juri\u0107.<\/p>\n\n\n\n<p>Na\u0161oj dr\u017eavi u narednom periodu slijedi izazovan period, koji ve\u0107 sada uzima zamah.<\/p>\n\n\n\n<p>&#8211; Situacija je takva da idemo u dosta ozbiljno vrijeme u smislu optere\u0107enja domova zdravlja i bolnica koji su kroz sve ovo vrijeme bili previ\u0161e iscrpljeni. Slijedi nam ponovo udar koji treba izdr\u017eati &#8211; smatra dr. Juri\u0107.<\/p>\n\n\n\n<p>Izvor:avaz.ba<\/p>\n","protected":false},"excerpt":{"rendered":"<p>Broj novozara\u017eenih koronavirusom u BiH raste iz dana u dan. Iako pacijenti uglavnom imaju bla\u017eu klini\u010dku sliku, ne mo\u017ee se govoriti o slabljenju virusa, obja\u0161njava za \u201eAvaz\u201c epidemiologinja dr. Andrea Juri\u0107. &#8211; Novi val koronavirusa je ve\u0107 po\u010deo, prije mjesec u Europi, a ve\u0107 je i kod nas. Brojevi enormno rastu jer su varijante virusa [&hellip;]<\/p>\n","protected":false},"author":2,"featured_media":2478,"comment_status":"closed","ping_status":"closed","sticky":false,"template":"","format":"standard","meta":{"h5ap_radio_sources":[],"footnotes":""},"categories":[1],"tags":[],"class_list":["post-163720","post","type-post","status-publish","format-standard","has-post-thumbnail","hentry","category-bihiregija"],"yoast_head":"<!-- This site is optimized with the Yoast SEO plugin v27.5 - https:\/\/yoast.com\/product\/yoast-seo-wordpress\/ -->\n<title>Epidemiologinja dr. Andrea Juri\u0107: Koronavirus jo\u0161 nismo pobijedili, slijedi nam ponovno udar koji treba izdr\u017eati - RADIO LJUBU\u0160KI<\/title>\n<meta name=\"robots\" content=\"index, follow, max-snippet:-1, max-image-preview:large, max-video-preview:-1\" \/>\n<link rel=\"canonical\" href=\"https:\/\/radioljubuski.ba\/index.php\/2022\/07\/26\/epidemiologinja-dr-andrea-juric-koronavirus-jos-nismo-pobijedili-slijedi-nam-ponovno-udar-koji-treba-izdrzati\/\" \/>\n<meta property=\"og:locale\" content=\"hr_HR\" \/>\n<meta property=\"og:type\" content=\"article\" \/>\n<meta property=\"og:title\" content=\"Epidemiologinja dr. Andrea Juri\u0107: Koronavirus jo\u0161 nismo pobijedili, slijedi nam ponovno udar koji treba izdr\u017eati - RADIO LJUBU\u0160KI\" \/>\n<meta property=\"og:description\" content=\"Broj novozara\u017eenih koronavirusom u BiH raste iz dana u dan. Iako pacijenti uglavnom imaju bla\u017eu klini\u010dku sliku, ne mo\u017ee se govoriti o slabljenju virusa, obja\u0161njava za \u201eAvaz\u201c epidemiologinja dr. Andrea Juri\u0107. &#8211; Novi val koronavirusa je ve\u0107 po\u010deo, prije mjesec u Europi, a ve\u0107 je i kod nas. Brojevi enormno rastu jer su varijante virusa [&hellip;]\" \/>\n<meta property=\"og:url\" content=\"https:\/\/radioljubuski.ba\/index.php\/2022\/07\/26\/epidemiologinja-dr-andrea-juric-koronavirus-jos-nismo-pobijedili-slijedi-nam-ponovno-udar-koji-treba-izdrzati\/\" \/>\n<meta property=\"og:site_name\" content=\"RADIO LJUBU\u0160KI\" \/>\n<meta property=\"article:publisher\" content=\"https:\/\/www.facebook.com\/Radiio-Ljubuski-1490835324566332\" \/>\n<meta property=\"article:published_time\" content=\"2022-07-26T14:02:02+00:00\" \/>\n<meta property=\"article:modified_time\" content=\"2022-07-26T14:02:04+00:00\" \/>\n<meta property=\"og:image\" content=\"https:\/\/radioljubuski.ba\/wp-content\/uploads\/2021\/03\/andrea-juric.jpg\" \/>\n\t<meta property=\"og:image:width\" content=\"810\" \/>\n\t<meta property=\"og:image:height\" content=\"544\" \/>\n\t<meta property=\"og:image:type\" content=\"image\/jpeg\" \/>\n<meta name=\"author\" content=\"Radio Ljubu\u0161ki\" \/>\n<meta name=\"twitter:card\" content=\"summary_large_image\" \/>\n<meta name=\"twitter:creator\" content=\"@radioljubuski\" \/>\n<meta name=\"twitter:site\" content=\"@radioljubuski\" \/>\n<meta name=\"twitter:label1\" content=\"Napisao\/la\" \/>\n\t<meta name=\"twitter:data1\" content=\"Radio Ljubu\u0161ki\" \/>\n\t<meta name=\"twitter:label2\" content=\"Procijenjeno vrijeme \u010ditanja\" \/>\n\t<meta name=\"twitter:data2\" content=\"2 minute\" \/>\n<script type=\"application\/ld+json\" class=\"yoast-schema-graph\">{\"@context\":\"https:\\\/\\\/schema.org\",\"@graph\":[{\"@type\":\"Article\",\"@id\":\"https:\\\/\\\/radioljubuski.ba\\\/index.php\\\/2022\\\/07\\\/26\\\/epidemiologinja-dr-andrea-juric-koronavirus-jos-nismo-pobijedili-slijedi-nam-ponovno-udar-koji-treba-izdrzati\\\/#article\",\"isPartOf\":{\"@id\":\"https:\\\/\\\/radioljubuski.ba\\\/index.php\\\/2022\\\/07\\\/26\\\/epidemiologinja-dr-andrea-juric-koronavirus-jos-nismo-pobijedili-slijedi-nam-ponovno-udar-koji-treba-izdrzati\\\/\"},\"author\":{\"name\":\"Radio Ljubu\u0161ki\",\"@id\":\"https:\\\/\\\/radioljubuski.ba\\\/#\\\/schema\\\/person\\\/19fc700381a780f69665d7956c469e3b\"},\"headline\":\"Epidemiologinja dr. Andrea Juri\u0107: Koronavirus jo\u0161 nismo pobijedili, slijedi nam ponovno udar koji treba izdr\u017eati\",\"datePublished\":\"2022-07-26T14:02:02+00:00\",\"dateModified\":\"2022-07-26T14:02:04+00:00\",\"mainEntityOfPage\":{\"@id\":\"https:\\\/\\\/radioljubuski.ba\\\/index.php\\\/2022\\\/07\\\/26\\\/epidemiologinja-dr-andrea-juric-koronavirus-jos-nismo-pobijedili-slijedi-nam-ponovno-udar-koji-treba-izdrzati\\\/\"},\"wordCount\":419,\"publisher\":{\"@id\":\"https:\\\/\\\/radioljubuski.ba\\\/#organization\"},\"image\":{\"@id\":\"https:\\\/\\\/radioljubuski.ba\\\/index.php\\\/2022\\\/07\\\/26\\\/epidemiologinja-dr-andrea-juric-koronavirus-jos-nismo-pobijedili-slijedi-nam-ponovno-udar-koji-treba-izdrzati\\\/#primaryimage\"},\"thumbnailUrl\":\"https:\\\/\\\/radioljubuski.ba\\\/wp-content\\\/uploads\\\/2021\\\/03\\\/andrea-juric.jpg\",\"articleSection\":[\"BIH i regija\"],\"inLanguage\":\"hr\"},{\"@type\":\"WebPage\",\"@id\":\"https:\\\/\\\/radioljubuski.ba\\\/index.php\\\/2022\\\/07\\\/26\\\/epidemiologinja-dr-andrea-juric-koronavirus-jos-nismo-pobijedili-slijedi-nam-ponovno-udar-koji-treba-izdrzati\\\/\",\"url\":\"https:\\\/\\\/radioljubuski.ba\\\/index.php\\\/2022\\\/07\\\/26\\\/epidemiologinja-dr-andrea-juric-koronavirus-jos-nismo-pobijedili-slijedi-nam-ponovno-udar-koji-treba-izdrzati\\\/\",\"name\":\"Epidemiologinja dr. Andrea Juri\u0107: Koronavirus jo\u0161 nismo pobijedili, slijedi nam ponovno udar koji treba izdr\u017eati - RADIO LJUBU\u0160KI\",\"isPartOf\":{\"@id\":\"https:\\\/\\\/radioljubuski.ba\\\/#website\"},\"primaryImageOfPage\":{\"@id\":\"https:\\\/\\\/radioljubuski.ba\\\/index.php\\\/2022\\\/07\\\/26\\\/epidemiologinja-dr-andrea-juric-koronavirus-jos-nismo-pobijedili-slijedi-nam-ponovno-udar-koji-treba-izdrzati\\\/#primaryimage\"},\"image\":{\"@id\":\"https:\\\/\\\/radioljubuski.ba\\\/index.php\\\/2022\\\/07\\\/26\\\/epidemiologinja-dr-andrea-juric-koronavirus-jos-nismo-pobijedili-slijedi-nam-ponovno-udar-koji-treba-izdrzati\\\/#primaryimage\"},\"thumbnailUrl\":\"https:\\\/\\\/radioljubuski.ba\\\/wp-content\\\/uploads\\\/2021\\\/03\\\/andrea-juric.jpg\",\"datePublished\":\"2022-07-26T14:02:02+00:00\",\"dateModified\":\"2022-07-26T14:02:04+00:00\",\"breadcrumb\":{\"@id\":\"https:\\\/\\\/radioljubuski.ba\\\/index.php\\\/2022\\\/07\\\/26\\\/epidemiologinja-dr-andrea-juric-koronavirus-jos-nismo-pobijedili-slijedi-nam-ponovno-udar-koji-treba-izdrzati\\\/#breadcrumb\"},\"inLanguage\":\"hr\",\"potentialAction\":[{\"@type\":\"ReadAction\",\"target\":[\"https:\\\/\\\/radioljubuski.ba\\\/index.php\\\/2022\\\/07\\\/26\\\/epidemiologinja-dr-andrea-juric-koronavirus-jos-nismo-pobijedili-slijedi-nam-ponovno-udar-koji-treba-izdrzati\\\/\"]}]},{\"@type\":\"ImageObject\",\"inLanguage\":\"hr\",\"@id\":\"https:\\\/\\\/radioljubuski.ba\\\/index.php\\\/2022\\\/07\\\/26\\\/epidemiologinja-dr-andrea-juric-koronavirus-jos-nismo-pobijedili-slijedi-nam-ponovno-udar-koji-treba-izdrzati\\\/#primaryimage\",\"url\":\"https:\\\/\\\/radioljubuski.ba\\\/wp-content\\\/uploads\\\/2021\\\/03\\\/andrea-juric.jpg\",\"contentUrl\":\"https:\\\/\\\/radioljubuski.ba\\\/wp-content\\\/uploads\\\/2021\\\/03\\\/andrea-juric.jpg\",\"width\":810,\"height\":544},{\"@type\":\"BreadcrumbList\",\"@id\":\"https:\\\/\\\/radioljubuski.ba\\\/index.php\\\/2022\\\/07\\\/26\\\/epidemiologinja-dr-andrea-juric-koronavirus-jos-nismo-pobijedili-slijedi-nam-ponovno-udar-koji-treba-izdrzati\\\/#breadcrumb\",\"itemListElement\":[{\"@type\":\"ListItem\",\"position\":1,\"name\":\"Po\u010detna stranica\",\"item\":\"https:\\\/\\\/radioljubuski.ba\\\/\"},{\"@type\":\"ListItem\",\"position\":2,\"name\":\"Epidemiologinja dr. Andrea Juri\u0107: Koronavirus jo\u0161 nismo pobijedili, slijedi nam ponovno udar koji treba izdr\u017eati\"}]},{\"@type\":\"WebSite\",\"@id\":\"https:\\\/\\\/radioljubuski.ba\\\/#website\",\"url\":\"https:\\\/\\\/radioljubuski.ba\\\/\",\"name\":\"Radio Ljubu\u0161ki\",\"description\":\"Sun\u010dana frekvencija Hercegovine\",\"publisher\":{\"@id\":\"https:\\\/\\\/radioljubuski.ba\\\/#organization\"},\"potentialAction\":[{\"@type\":\"SearchAction\",\"target\":{\"@type\":\"EntryPoint\",\"urlTemplate\":\"https:\\\/\\\/radioljubuski.ba\\\/?s={search_term_string}\"},\"query-input\":{\"@type\":\"PropertyValueSpecification\",\"valueRequired\":true,\"valueName\":\"search_term_string\"}}],\"inLanguage\":\"hr\"},{\"@type\":\"Organization\",\"@id\":\"https:\\\/\\\/radioljubuski.ba\\\/#organization\",\"name\":\"Radio Ljubu\u0161ki\",\"url\":\"https:\\\/\\\/radioljubuski.ba\\\/\",\"logo\":{\"@type\":\"ImageObject\",\"inLanguage\":\"hr\",\"@id\":\"https:\\\/\\\/radioljubuski.ba\\\/#\\\/schema\\\/logo\\\/image\\\/\",\"url\":\"https:\\\/\\\/radioljubuski.ba\\\/wp-content\\\/uploads\\\/2021\\\/02\\\/cropped-Radio_Ljubuski_logo1.jpg\",\"contentUrl\":\"https:\\\/\\\/radioljubuski.ba\\\/wp-content\\\/uploads\\\/2021\\\/02\\\/cropped-Radio_Ljubuski_logo1.jpg\",\"width\":512,\"height\":512,\"caption\":\"Radio Ljubu\u0161ki\"},\"image\":{\"@id\":\"https:\\\/\\\/radioljubuski.ba\\\/#\\\/schema\\\/logo\\\/image\\\/\"},\"sameAs\":[\"https:\\\/\\\/www.facebook.com\\\/Radiio-Ljubuski-1490835324566332\",\"https:\\\/\\\/x.com\\\/radioljubuski\",\"https:\\\/\\\/hr.linkedin.com\\\/company\\\/radio-ljubuski\",\"https:\\\/\\\/www.youtube.com\\\/channel\\\/UCHYaeO_n0Db3tjNGudGpXyw\"]},{\"@type\":\"Person\",\"@id\":\"https:\\\/\\\/radioljubuski.ba\\\/#\\\/schema\\\/person\\\/19fc700381a780f69665d7956c469e3b\",\"name\":\"Radio Ljubu\u0161ki\"}]}<\/script>\n<!-- \/ Yoast SEO plugin. -->","yoast_head_json":{"title":"Epidemiologinja dr. Andrea Juri\u0107: Koronavirus jo\u0161 nismo pobijedili, slijedi nam ponovno udar koji treba izdr\u017eati - RADIO LJUBU\u0160KI","robots":{"index":"index","follow":"follow","max-snippet":"max-snippet:-1","max-image-preview":"max-image-preview:large","max-video-preview":"max-video-preview:-1"},"canonical":"https:\/\/radioljubuski.ba\/index.php\/2022\/07\/26\/epidemiologinja-dr-andrea-juric-koronavirus-jos-nismo-pobijedili-slijedi-nam-ponovno-udar-koji-treba-izdrzati\/","og_locale":"hr_HR","og_type":"article","og_title":"Epidemiologinja dr. Andrea Juri\u0107: Koronavirus jo\u0161 nismo pobijedili, slijedi nam ponovno udar koji treba izdr\u017eati - RADIO LJUBU\u0160KI","og_description":"Broj novozara\u017eenih koronavirusom u BiH raste iz dana u dan. Iako pacijenti uglavnom imaju bla\u017eu klini\u010dku sliku, ne mo\u017ee se govoriti o slabljenju virusa, obja\u0161njava za \u201eAvaz\u201c epidemiologinja dr. Andrea Juri\u0107. &#8211; Novi val koronavirusa je ve\u0107 po\u010deo, prije mjesec u Europi, a ve\u0107 je i kod nas. Brojevi enormno rastu jer su varijante virusa [&hellip;]","og_url":"https:\/\/radioljubuski.ba\/index.php\/2022\/07\/26\/epidemiologinja-dr-andrea-juric-koronavirus-jos-nismo-pobijedili-slijedi-nam-ponovno-udar-koji-treba-izdrzati\/","og_site_name":"RADIO LJUBU\u0160KI","article_publisher":"https:\/\/www.facebook.com\/Radiio-Ljubuski-1490835324566332","article_published_time":"2022-07-26T14:02:02+00:00","article_modified_time":"2022-07-26T14:02:04+00:00","og_image":[{"width":810,"height":544,"url":"https:\/\/radioljubuski.ba\/wp-content\/uploads\/2021\/03\/andrea-juric.jpg","type":"image\/jpeg"}],"author":"Radio Ljubu\u0161ki","twitter_card":"summary_large_image","twitter_creator":"@radioljubuski","twitter_site":"@radioljubuski","twitter_misc":{"Napisao\/la":"Radio Ljubu\u0161ki","Procijenjeno vrijeme \u010ditanja":"2 minute"},"schema":{"@context":"https:\/\/schema.org","@graph":[{"@type":"Article","@id":"https:\/\/radioljubuski.ba\/index.php\/2022\/07\/26\/epidemiologinja-dr-andrea-juric-koronavirus-jos-nismo-pobijedili-slijedi-nam-ponovno-udar-koji-treba-izdrzati\/#article","isPartOf":{"@id":"https:\/\/radioljubuski.ba\/index.php\/2022\/07\/26\/epidemiologinja-dr-andrea-juric-koronavirus-jos-nismo-pobijedili-slijedi-nam-ponovno-udar-koji-treba-izdrzati\/"},"author":{"name":"Radio Ljubu\u0161ki","@id":"https:\/\/radioljubuski.ba\/#\/schema\/person\/19fc700381a780f69665d7956c469e3b"},"headline":"Epidemiologinja dr. Andrea Juri\u0107: Koronavirus jo\u0161 nismo pobijedili, slijedi nam ponovno udar koji treba izdr\u017eati","datePublished":"2022-07-26T14:02:02+00:00","dateModified":"2022-07-26T14:02:04+00:00","mainEntityOfPage":{"@id":"https:\/\/radioljubuski.ba\/index.php\/2022\/07\/26\/epidemiologinja-dr-andrea-juric-koronavirus-jos-nismo-pobijedili-slijedi-nam-ponovno-udar-koji-treba-izdrzati\/"},"wordCount":419,"publisher":{"@id":"https:\/\/radioljubuski.ba\/#organization"},"image":{"@id":"https:\/\/radioljubuski.ba\/index.php\/2022\/07\/26\/epidemiologinja-dr-andrea-juric-koronavirus-jos-nismo-pobijedili-slijedi-nam-ponovno-udar-koji-treba-izdrzati\/#primaryimage"},"thumbnailUrl":"https:\/\/radioljubuski.ba\/wp-content\/uploads\/2021\/03\/andrea-juric.jpg","articleSection":["BIH i regija"],"inLanguage":"hr"},{"@type":"WebPage","@id":"https:\/\/radioljubuski.ba\/index.php\/2022\/07\/26\/epidemiologinja-dr-andrea-juric-koronavirus-jos-nismo-pobijedili-slijedi-nam-ponovno-udar-koji-treba-izdrzati\/","url":"https:\/\/radioljubuski.ba\/index.php\/2022\/07\/26\/epidemiologinja-dr-andrea-juric-koronavirus-jos-nismo-pobijedili-slijedi-nam-ponovno-udar-koji-treba-izdrzati\/","name":"Epidemiologinja dr. Andrea Juri\u0107: Koronavirus jo\u0161 nismo pobijedili, slijedi nam ponovno udar koji treba izdr\u017eati - RADIO LJUBU\u0160KI","isPartOf":{"@id":"https:\/\/radioljubuski.ba\/#website"},"primaryImageOfPage":{"@id":"https:\/\/radioljubuski.ba\/index.php\/2022\/07\/26\/epidemiologinja-dr-andrea-juric-koronavirus-jos-nismo-pobijedili-slijedi-nam-ponovno-udar-koji-treba-izdrzati\/#primaryimage"},"image":{"@id":"https:\/\/radioljubuski.ba\/index.php\/2022\/07\/26\/epidemiologinja-dr-andrea-juric-koronavirus-jos-nismo-pobijedili-slijedi-nam-ponovno-udar-koji-treba-izdrzati\/#primaryimage"},"thumbnailUrl":"https:\/\/radioljubuski.ba\/wp-content\/uploads\/2021\/03\/andrea-juric.jpg","datePublished":"2022-07-26T14:02:02+00:00","dateModified":"2022-07-26T14:02:04+00:00","breadcrumb":{"@id":"https:\/\/radioljubuski.ba\/index.php\/2022\/07\/26\/epidemiologinja-dr-andrea-juric-koronavirus-jos-nismo-pobijedili-slijedi-nam-ponovno-udar-koji-treba-izdrzati\/#breadcrumb"},"inLanguage":"hr","potentialAction":[{"@type":"ReadAction","target":["https:\/\/radioljubuski.ba\/index.php\/2022\/07\/26\/epidemiologinja-dr-andrea-juric-koronavirus-jos-nismo-pobijedili-slijedi-nam-ponovno-udar-koji-treba-izdrzati\/"]}]},{"@type":"ImageObject","inLanguage":"hr","@id":"https:\/\/radioljubuski.ba\/index.php\/2022\/07\/26\/epidemiologinja-dr-andrea-juric-koronavirus-jos-nismo-pobijedili-slijedi-nam-ponovno-udar-koji-treba-izdrzati\/#primaryimage","url":"https:\/\/radioljubuski.ba\/wp-content\/uploads\/2021\/03\/andrea-juric.jpg","contentUrl":"https:\/\/radioljubuski.ba\/wp-content\/uploads\/2021\/03\/andrea-juric.jpg","width":810,"height":544},{"@type":"BreadcrumbList","@id":"https:\/\/radioljubuski.ba\/index.php\/2022\/07\/26\/epidemiologinja-dr-andrea-juric-koronavirus-jos-nismo-pobijedili-slijedi-nam-ponovno-udar-koji-treba-izdrzati\/#breadcrumb","itemListElement":[{"@type":"ListItem","position":1,"name":"Po\u010detna stranica","item":"https:\/\/radioljubuski.ba\/"},{"@type":"ListItem","position":2,"name":"Epidemiologinja dr. Andrea Juri\u0107: Koronavirus jo\u0161 nismo pobijedili, slijedi nam ponovno udar koji treba izdr\u017eati"}]},{"@type":"WebSite","@id":"https:\/\/radioljubuski.ba\/#website","url":"https:\/\/radioljubuski.ba\/","name":"Radio Ljubu\u0161ki","description":"Sun\u010dana frekvencija Hercegovine","publisher":{"@id":"https:\/\/radioljubuski.ba\/#organization"},"potentialAction":[{"@type":"SearchAction","target":{"@type":"EntryPoint","urlTemplate":"https:\/\/radioljubuski.ba\/?s={search_term_string}"},"query-input":{"@type":"PropertyValueSpecification","valueRequired":true,"valueName":"search_term_string"}}],"inLanguage":"hr"},{"@type":"Organization","@id":"https:\/\/radioljubuski.ba\/#organization","name":"Radio Ljubu\u0161ki","url":"https:\/\/radioljubuski.ba\/","logo":{"@type":"ImageObject","inLanguage":"hr","@id":"https:\/\/radioljubuski.ba\/#\/schema\/logo\/image\/","url":"https:\/\/radioljubuski.ba\/wp-content\/uploads\/2021\/02\/cropped-Radio_Ljubuski_logo1.jpg","contentUrl":"https:\/\/radioljubuski.ba\/wp-content\/uploads\/2021\/02\/cropped-Radio_Ljubuski_logo1.jpg","width":512,"height":512,"caption":"Radio Ljubu\u0161ki"},"image":{"@id":"https:\/\/radioljubuski.ba\/#\/schema\/logo\/image\/"},"sameAs":["https:\/\/www.facebook.com\/Radiio-Ljubuski-1490835324566332","https:\/\/x.com\/radioljubuski","https:\/\/hr.linkedin.com\/company\/radio-ljubuski","https:\/\/www.youtube.com\/channel\/UCHYaeO_n0Db3tjNGudGpXyw"]},{"@type":"Person","@id":"https:\/\/radioljubuski.ba\/#\/schema\/person\/19fc700381a780f69665d7956c469e3b","name":"Radio Ljubu\u0161ki"}]}},"_links":{"self":[{"href":"https:\/\/radioljubuski.ba\/index.php\/wp-json\/wp\/v2\/posts\/163720","targetHints":{"allow":["GET"]}}],"collection":[{"href":"https:\/\/radioljubuski.ba\/index.php\/wp-json\/wp\/v2\/posts"}],"about":[{"href":"https:\/\/radioljubuski.ba\/index.php\/wp-json\/wp\/v2\/types\/post"}],"author":[{"embeddable":true,"href":"https:\/\/radioljubuski.ba\/index.php\/wp-json\/wp\/v2\/users\/2"}],"replies":[{"embeddable":true,"href":"https:\/\/radioljubuski.ba\/index.php\/wp-json\/wp\/v2\/comments?post=163720"}],"version-history":[{"count":1,"href":"https:\/\/radioljubuski.ba\/index.php\/wp-json\/wp\/v2\/posts\/163720\/revisions"}],"predecessor-version":[{"id":163721,"href":"https:\/\/radioljubuski.ba\/index.php\/wp-json\/wp\/v2\/posts\/163720\/revisions\/163721"}],"wp:featuredmedia":[{"embeddable":true,"href":"https:\/\/radioljubuski.ba\/index.php\/wp-json\/wp\/v2\/media\/2478"}],"wp:attachment":[{"href":"https:\/\/radioljubuski.ba\/index.php\/wp-json\/wp\/v2\/media?parent=163720"}],"wp:term":[{"taxonomy":"category","embeddable":true,"href":"https:\/\/radioljubuski.ba\/index.php\/wp-json\/wp\/v2\/categories?post=163720"},{"taxonomy":"post_tag","embeddable":true,"href":"https:\/\/radioljubuski.ba\/index.php\/wp-json\/wp\/v2\/tags?post=163720"}],"curies":[{"name":"wp","href":"https:\/\/api.w.org\/{rel}","templated":true}]}}