{"id":163725,"date":"2022-07-26T15:04:44","date_gmt":"2022-07-26T14:04:44","guid":{"rendered":"https:\/\/radioljubuski.ba\/?p=163725"},"modified":"2022-07-26T15:04:46","modified_gmt":"2022-07-26T14:04:46","slug":"slovenija-zbog-ekstremne-suse-obalnim-opcinama-dodatnu-vodu-osigurava-vojska","status":"publish","type":"post","link":"https:\/\/radioljubuski.ba\/index.php\/2022\/07\/26\/slovenija-zbog-ekstremne-suse-obalnim-opcinama-dodatnu-vodu-osigurava-vojska\/","title":{"rendered":"Slovenija: Zbog ekstremne su\u0161e obalnim op\u0107inama dodatnu vodu osigurava vojska"},"content":{"rendered":"\n<p>Zbog ekstremne su\u0161e u priobalnom dijelu Slovenije tamo\u0161njim op\u0107inama u opskrbi vodom od utorka poma\u017eu vojska i vatrogasci, a ne bude li obilnijih padalina spremni su na taj na\u010din osiguravati vodu sve do kraja kolovoza.<\/p>\n\n\n\n<p>Uklju\u010dene su 4 cisterne koje kamionima vojske prevoze vodu iz rijeke Unica do Ri\u017eanskog vodovoda koji pokriva podru\u010dje slovenske obale i ondje se ona filtrira u pitku vodu.<\/p>\n\n\n\n<p>Svaka cisterna ima zapremninu 10.000 litara.<\/p>\n\n\n\n<p>Predvi\u0111a se da \u0107e vojska i vatrogasci na taj na\u010din za ugro\u017eeno podru\u010dje obale, gdje je potro\u0161nja zbog nesta\u0161ice vode ve\u0107 reducirana, dovoziti do 5 tisu\u0107a kubi\u010dnih metara na dan, kazao je za medije Darij Kri\u017eman iz Ri\u017eanskog vodovoda.<\/p>\n\n\n\n<p>Vodu ne\u0107e trebati prokuhavati jer je nakon postupka filtracije pitka i zdravstveno ispravna, rekao je Kri\u017eman.<\/p>\n\n\n\n<p>U tom je dijelu Slovenije zbog dugotrajne su\u0161e i ograni\u010denih kapaciteta Ri\u017eanskog vodovoda ve\u0107 od ranije na snazi zabrana kori\u0161tenja vode za natapanje i sve ostale ne nu\u017ene potrebe, a trenuta\u010dna potro\u0161nja odr\u017eava se na 30.000 kubi\u010dnih metara dnevno.<\/p>\n\n\n\n<p>Interventnu mjeru za ubla\u017eenje nedostatka vode u tom dijelu Slovenije &nbsp;i kori\u0161tenje vojnih sredstava krajem pro\u0161log tjedna odobrila je vlada izdvojvi\u0161i u tu svrhu 2,9 milijuna eura iz dr\u017eavnog prora\u010duna.<\/p>\n\n\n\n<p>Izvor:pogled.ba<\/p>\n","protected":false},"excerpt":{"rendered":"<p>Zbog ekstremne su\u0161e u priobalnom dijelu Slovenije tamo\u0161njim op\u0107inama u opskrbi vodom od utorka poma\u017eu vojska i vatrogasci, a ne bude li obilnijih padalina spremni su na taj na\u010din osiguravati vodu sve do kraja kolovoza. Uklju\u010dene su 4 cisterne koje kamionima vojske prevoze vodu iz rijeke Unica do Ri\u017eanskog vodovoda koji pokriva podru\u010dje slovenske obale [&hellip;]<\/p>\n","protected":false},"author":2,"featured_media":163726,"comment_status":"closed","ping_status":"closed","sticky":false,"template":"","format":"standard","meta":{"h5ap_radio_sources":[],"footnotes":""},"categories":[1],"tags":[],"class_list":["post-163725","post","type-post","status-publish","format-standard","has-post-thumbnail","hentry","category-bihiregija"],"yoast_head":"<!-- This site is optimized with the Yoast SEO plugin v27.5 - https:\/\/yoast.com\/product\/yoast-seo-wordpress\/ -->\n<title>Slovenija: Zbog ekstremne su\u0161e obalnim op\u0107inama dodatnu vodu osigurava vojska - RADIO LJUBU\u0160KI<\/title>\n<meta name=\"robots\" content=\"index, follow, max-snippet:-1, max-image-preview:large, max-video-preview:-1\" \/>\n<link rel=\"canonical\" href=\"https:\/\/radioljubuski.ba\/index.php\/2022\/07\/26\/slovenija-zbog-ekstremne-suse-obalnim-opcinama-dodatnu-vodu-osigurava-vojska\/\" \/>\n<meta property=\"og:locale\" content=\"hr_HR\" \/>\n<meta property=\"og:type\" content=\"article\" \/>\n<meta property=\"og:title\" content=\"Slovenija: Zbog ekstremne su\u0161e obalnim op\u0107inama dodatnu vodu osigurava vojska - RADIO LJUBU\u0160KI\" \/>\n<meta property=\"og:description\" content=\"Zbog ekstremne su\u0161e u priobalnom dijelu Slovenije tamo\u0161njim op\u0107inama u opskrbi vodom od utorka poma\u017eu vojska i vatrogasci, a ne bude li obilnijih padalina spremni su na taj na\u010din osiguravati vodu sve do kraja kolovoza. Uklju\u010dene su 4 cisterne koje kamionima vojske prevoze vodu iz rijeke Unica do Ri\u017eanskog vodovoda koji pokriva podru\u010dje slovenske obale [&hellip;]\" \/>\n<meta property=\"og:url\" content=\"https:\/\/radioljubuski.ba\/index.php\/2022\/07\/26\/slovenija-zbog-ekstremne-suse-obalnim-opcinama-dodatnu-vodu-osigurava-vojska\/\" \/>\n<meta property=\"og:site_name\" content=\"RADIO LJUBU\u0160KI\" \/>\n<meta property=\"article:publisher\" content=\"https:\/\/www.facebook.com\/Radiio-Ljubuski-1490835324566332\" \/>\n<meta property=\"article:published_time\" content=\"2022-07-26T14:04:44+00:00\" \/>\n<meta property=\"article:modified_time\" content=\"2022-07-26T14:04:46+00:00\" \/>\n<meta property=\"og:image\" content=\"https:\/\/radioljubuski.ba\/wp-content\/uploads\/2022\/07\/8-2022-07-26-14-41-30-VODA-VODOVOD-CISTERNA06.jpg\" \/>\n\t<meta property=\"og:image:width\" content=\"1000\" \/>\n\t<meta property=\"og:image:height\" content=\"625\" \/>\n\t<meta property=\"og:image:type\" content=\"image\/jpeg\" \/>\n<meta name=\"author\" content=\"Radio Ljubu\u0161ki\" \/>\n<meta name=\"twitter:card\" content=\"summary_large_image\" \/>\n<meta name=\"twitter:creator\" content=\"@radioljubuski\" \/>\n<meta name=\"twitter:site\" content=\"@radioljubuski\" \/>\n<meta name=\"twitter:label1\" content=\"Napisao\/la\" \/>\n\t<meta name=\"twitter:data1\" content=\"Radio Ljubu\u0161ki\" \/>\n\t<meta name=\"twitter:label2\" content=\"Procijenjeno vrijeme \u010ditanja\" \/>\n\t<meta name=\"twitter:data2\" content=\"1 minuta\" \/>\n<script type=\"application\/ld+json\" class=\"yoast-schema-graph\">{\"@context\":\"https:\\\/\\\/schema.org\",\"@graph\":[{\"@type\":\"Article\",\"@id\":\"https:\\\/\\\/radioljubuski.ba\\\/index.php\\\/2022\\\/07\\\/26\\\/slovenija-zbog-ekstremne-suse-obalnim-opcinama-dodatnu-vodu-osigurava-vojska\\\/#article\",\"isPartOf\":{\"@id\":\"https:\\\/\\\/radioljubuski.ba\\\/index.php\\\/2022\\\/07\\\/26\\\/slovenija-zbog-ekstremne-suse-obalnim-opcinama-dodatnu-vodu-osigurava-vojska\\\/\"},\"author\":{\"name\":\"Radio Ljubu\u0161ki\",\"@id\":\"https:\\\/\\\/radioljubuski.ba\\\/#\\\/schema\\\/person\\\/19fc700381a780f69665d7956c469e3b\"},\"headline\":\"Slovenija: Zbog ekstremne su\u0161e obalnim op\u0107inama dodatnu vodu osigurava vojska\",\"datePublished\":\"2022-07-26T14:04:44+00:00\",\"dateModified\":\"2022-07-26T14:04:46+00:00\",\"mainEntityOfPage\":{\"@id\":\"https:\\\/\\\/radioljubuski.ba\\\/index.php\\\/2022\\\/07\\\/26\\\/slovenija-zbog-ekstremne-suse-obalnim-opcinama-dodatnu-vodu-osigurava-vojska\\\/\"},\"wordCount\":239,\"publisher\":{\"@id\":\"https:\\\/\\\/radioljubuski.ba\\\/#organization\"},\"image\":{\"@id\":\"https:\\\/\\\/radioljubuski.ba\\\/index.php\\\/2022\\\/07\\\/26\\\/slovenija-zbog-ekstremne-suse-obalnim-opcinama-dodatnu-vodu-osigurava-vojska\\\/#primaryimage\"},\"thumbnailUrl\":\"https:\\\/\\\/radioljubuski.ba\\\/wp-content\\\/uploads\\\/2022\\\/07\\\/8-2022-07-26-14-41-30-VODA-VODOVOD-CISTERNA06.jpg\",\"articleSection\":[\"BIH i regija\"],\"inLanguage\":\"hr\"},{\"@type\":\"WebPage\",\"@id\":\"https:\\\/\\\/radioljubuski.ba\\\/index.php\\\/2022\\\/07\\\/26\\\/slovenija-zbog-ekstremne-suse-obalnim-opcinama-dodatnu-vodu-osigurava-vojska\\\/\",\"url\":\"https:\\\/\\\/radioljubuski.ba\\\/index.php\\\/2022\\\/07\\\/26\\\/slovenija-zbog-ekstremne-suse-obalnim-opcinama-dodatnu-vodu-osigurava-vojska\\\/\",\"name\":\"Slovenija: Zbog ekstremne su\u0161e obalnim op\u0107inama dodatnu vodu osigurava vojska - RADIO LJUBU\u0160KI\",\"isPartOf\":{\"@id\":\"https:\\\/\\\/radioljubuski.ba\\\/#website\"},\"primaryImageOfPage\":{\"@id\":\"https:\\\/\\\/radioljubuski.ba\\\/index.php\\\/2022\\\/07\\\/26\\\/slovenija-zbog-ekstremne-suse-obalnim-opcinama-dodatnu-vodu-osigurava-vojska\\\/#primaryimage\"},\"image\":{\"@id\":\"https:\\\/\\\/radioljubuski.ba\\\/index.php\\\/2022\\\/07\\\/26\\\/slovenija-zbog-ekstremne-suse-obalnim-opcinama-dodatnu-vodu-osigurava-vojska\\\/#primaryimage\"},\"thumbnailUrl\":\"https:\\\/\\\/radioljubuski.ba\\\/wp-content\\\/uploads\\\/2022\\\/07\\\/8-2022-07-26-14-41-30-VODA-VODOVOD-CISTERNA06.jpg\",\"datePublished\":\"2022-07-26T14:04:44+00:00\",\"dateModified\":\"2022-07-26T14:04:46+00:00\",\"breadcrumb\":{\"@id\":\"https:\\\/\\\/radioljubuski.ba\\\/index.php\\\/2022\\\/07\\\/26\\\/slovenija-zbog-ekstremne-suse-obalnim-opcinama-dodatnu-vodu-osigurava-vojska\\\/#breadcrumb\"},\"inLanguage\":\"hr\",\"potentialAction\":[{\"@type\":\"ReadAction\",\"target\":[\"https:\\\/\\\/radioljubuski.ba\\\/index.php\\\/2022\\\/07\\\/26\\\/slovenija-zbog-ekstremne-suse-obalnim-opcinama-dodatnu-vodu-osigurava-vojska\\\/\"]}]},{\"@type\":\"ImageObject\",\"inLanguage\":\"hr\",\"@id\":\"https:\\\/\\\/radioljubuski.ba\\\/index.php\\\/2022\\\/07\\\/26\\\/slovenija-zbog-ekstremne-suse-obalnim-opcinama-dodatnu-vodu-osigurava-vojska\\\/#primaryimage\",\"url\":\"https:\\\/\\\/radioljubuski.ba\\\/wp-content\\\/uploads\\\/2022\\\/07\\\/8-2022-07-26-14-41-30-VODA-VODOVOD-CISTERNA06.jpg\",\"contentUrl\":\"https:\\\/\\\/radioljubuski.ba\\\/wp-content\\\/uploads\\\/2022\\\/07\\\/8-2022-07-26-14-41-30-VODA-VODOVOD-CISTERNA06.jpg\",\"width\":1000,\"height\":625},{\"@type\":\"BreadcrumbList\",\"@id\":\"https:\\\/\\\/radioljubuski.ba\\\/index.php\\\/2022\\\/07\\\/26\\\/slovenija-zbog-ekstremne-suse-obalnim-opcinama-dodatnu-vodu-osigurava-vojska\\\/#breadcrumb\",\"itemListElement\":[{\"@type\":\"ListItem\",\"position\":1,\"name\":\"Po\u010detna stranica\",\"item\":\"https:\\\/\\\/radioljubuski.ba\\\/\"},{\"@type\":\"ListItem\",\"position\":2,\"name\":\"Slovenija: Zbog ekstremne su\u0161e obalnim op\u0107inama dodatnu vodu osigurava vojska\"}]},{\"@type\":\"WebSite\",\"@id\":\"https:\\\/\\\/radioljubuski.ba\\\/#website\",\"url\":\"https:\\\/\\\/radioljubuski.ba\\\/\",\"name\":\"Radio Ljubu\u0161ki\",\"description\":\"Sun\u010dana frekvencija Hercegovine\",\"publisher\":{\"@id\":\"https:\\\/\\\/radioljubuski.ba\\\/#organization\"},\"potentialAction\":[{\"@type\":\"SearchAction\",\"target\":{\"@type\":\"EntryPoint\",\"urlTemplate\":\"https:\\\/\\\/radioljubuski.ba\\\/?s={search_term_string}\"},\"query-input\":{\"@type\":\"PropertyValueSpecification\",\"valueRequired\":true,\"valueName\":\"search_term_string\"}}],\"inLanguage\":\"hr\"},{\"@type\":\"Organization\",\"@id\":\"https:\\\/\\\/radioljubuski.ba\\\/#organization\",\"name\":\"Radio Ljubu\u0161ki\",\"url\":\"https:\\\/\\\/radioljubuski.ba\\\/\",\"logo\":{\"@type\":\"ImageObject\",\"inLanguage\":\"hr\",\"@id\":\"https:\\\/\\\/radioljubuski.ba\\\/#\\\/schema\\\/logo\\\/image\\\/\",\"url\":\"https:\\\/\\\/radioljubuski.ba\\\/wp-content\\\/uploads\\\/2021\\\/02\\\/cropped-Radio_Ljubuski_logo1.jpg\",\"contentUrl\":\"https:\\\/\\\/radioljubuski.ba\\\/wp-content\\\/uploads\\\/2021\\\/02\\\/cropped-Radio_Ljubuski_logo1.jpg\",\"width\":512,\"height\":512,\"caption\":\"Radio Ljubu\u0161ki\"},\"image\":{\"@id\":\"https:\\\/\\\/radioljubuski.ba\\\/#\\\/schema\\\/logo\\\/image\\\/\"},\"sameAs\":[\"https:\\\/\\\/www.facebook.com\\\/Radiio-Ljubuski-1490835324566332\",\"https:\\\/\\\/x.com\\\/radioljubuski\",\"https:\\\/\\\/hr.linkedin.com\\\/company\\\/radio-ljubuski\",\"https:\\\/\\\/www.youtube.com\\\/channel\\\/UCHYaeO_n0Db3tjNGudGpXyw\"]},{\"@type\":\"Person\",\"@id\":\"https:\\\/\\\/radioljubuski.ba\\\/#\\\/schema\\\/person\\\/19fc700381a780f69665d7956c469e3b\",\"name\":\"Radio Ljubu\u0161ki\"}]}<\/script>\n<!-- \/ Yoast SEO plugin. -->","yoast_head_json":{"title":"Slovenija: Zbog ekstremne su\u0161e obalnim op\u0107inama dodatnu vodu osigurava vojska - RADIO LJUBU\u0160KI","robots":{"index":"index","follow":"follow","max-snippet":"max-snippet:-1","max-image-preview":"max-image-preview:large","max-video-preview":"max-video-preview:-1"},"canonical":"https:\/\/radioljubuski.ba\/index.php\/2022\/07\/26\/slovenija-zbog-ekstremne-suse-obalnim-opcinama-dodatnu-vodu-osigurava-vojska\/","og_locale":"hr_HR","og_type":"article","og_title":"Slovenija: Zbog ekstremne su\u0161e obalnim op\u0107inama dodatnu vodu osigurava vojska - RADIO LJUBU\u0160KI","og_description":"Zbog ekstremne su\u0161e u priobalnom dijelu Slovenije tamo\u0161njim op\u0107inama u opskrbi vodom od utorka poma\u017eu vojska i vatrogasci, a ne bude li obilnijih padalina spremni su na taj na\u010din osiguravati vodu sve do kraja kolovoza. Uklju\u010dene su 4 cisterne koje kamionima vojske prevoze vodu iz rijeke Unica do Ri\u017eanskog vodovoda koji pokriva podru\u010dje slovenske obale [&hellip;]","og_url":"https:\/\/radioljubuski.ba\/index.php\/2022\/07\/26\/slovenija-zbog-ekstremne-suse-obalnim-opcinama-dodatnu-vodu-osigurava-vojska\/","og_site_name":"RADIO LJUBU\u0160KI","article_publisher":"https:\/\/www.facebook.com\/Radiio-Ljubuski-1490835324566332","article_published_time":"2022-07-26T14:04:44+00:00","article_modified_time":"2022-07-26T14:04:46+00:00","og_image":[{"width":1000,"height":625,"url":"https:\/\/radioljubuski.ba\/wp-content\/uploads\/2022\/07\/8-2022-07-26-14-41-30-VODA-VODOVOD-CISTERNA06.jpg","type":"image\/jpeg"}],"author":"Radio Ljubu\u0161ki","twitter_card":"summary_large_image","twitter_creator":"@radioljubuski","twitter_site":"@radioljubuski","twitter_misc":{"Napisao\/la":"Radio Ljubu\u0161ki","Procijenjeno vrijeme \u010ditanja":"1 minuta"},"schema":{"@context":"https:\/\/schema.org","@graph":[{"@type":"Article","@id":"https:\/\/radioljubuski.ba\/index.php\/2022\/07\/26\/slovenija-zbog-ekstremne-suse-obalnim-opcinama-dodatnu-vodu-osigurava-vojska\/#article","isPartOf":{"@id":"https:\/\/radioljubuski.ba\/index.php\/2022\/07\/26\/slovenija-zbog-ekstremne-suse-obalnim-opcinama-dodatnu-vodu-osigurava-vojska\/"},"author":{"name":"Radio Ljubu\u0161ki","@id":"https:\/\/radioljubuski.ba\/#\/schema\/person\/19fc700381a780f69665d7956c469e3b"},"headline":"Slovenija: Zbog ekstremne su\u0161e obalnim op\u0107inama dodatnu vodu osigurava vojska","datePublished":"2022-07-26T14:04:44+00:00","dateModified":"2022-07-26T14:04:46+00:00","mainEntityOfPage":{"@id":"https:\/\/radioljubuski.ba\/index.php\/2022\/07\/26\/slovenija-zbog-ekstremne-suse-obalnim-opcinama-dodatnu-vodu-osigurava-vojska\/"},"wordCount":239,"publisher":{"@id":"https:\/\/radioljubuski.ba\/#organization"},"image":{"@id":"https:\/\/radioljubuski.ba\/index.php\/2022\/07\/26\/slovenija-zbog-ekstremne-suse-obalnim-opcinama-dodatnu-vodu-osigurava-vojska\/#primaryimage"},"thumbnailUrl":"https:\/\/radioljubuski.ba\/wp-content\/uploads\/2022\/07\/8-2022-07-26-14-41-30-VODA-VODOVOD-CISTERNA06.jpg","articleSection":["BIH i regija"],"inLanguage":"hr"},{"@type":"WebPage","@id":"https:\/\/radioljubuski.ba\/index.php\/2022\/07\/26\/slovenija-zbog-ekstremne-suse-obalnim-opcinama-dodatnu-vodu-osigurava-vojska\/","url":"https:\/\/radioljubuski.ba\/index.php\/2022\/07\/26\/slovenija-zbog-ekstremne-suse-obalnim-opcinama-dodatnu-vodu-osigurava-vojska\/","name":"Slovenija: Zbog ekstremne su\u0161e obalnim op\u0107inama dodatnu vodu osigurava vojska - RADIO LJUBU\u0160KI","isPartOf":{"@id":"https:\/\/radioljubuski.ba\/#website"},"primaryImageOfPage":{"@id":"https:\/\/radioljubuski.ba\/index.php\/2022\/07\/26\/slovenija-zbog-ekstremne-suse-obalnim-opcinama-dodatnu-vodu-osigurava-vojska\/#primaryimage"},"image":{"@id":"https:\/\/radioljubuski.ba\/index.php\/2022\/07\/26\/slovenija-zbog-ekstremne-suse-obalnim-opcinama-dodatnu-vodu-osigurava-vojska\/#primaryimage"},"thumbnailUrl":"https:\/\/radioljubuski.ba\/wp-content\/uploads\/2022\/07\/8-2022-07-26-14-41-30-VODA-VODOVOD-CISTERNA06.jpg","datePublished":"2022-07-26T14:04:44+00:00","dateModified":"2022-07-26T14:04:46+00:00","breadcrumb":{"@id":"https:\/\/radioljubuski.ba\/index.php\/2022\/07\/26\/slovenija-zbog-ekstremne-suse-obalnim-opcinama-dodatnu-vodu-osigurava-vojska\/#breadcrumb"},"inLanguage":"hr","potentialAction":[{"@type":"ReadAction","target":["https:\/\/radioljubuski.ba\/index.php\/2022\/07\/26\/slovenija-zbog-ekstremne-suse-obalnim-opcinama-dodatnu-vodu-osigurava-vojska\/"]}]},{"@type":"ImageObject","inLanguage":"hr","@id":"https:\/\/radioljubuski.ba\/index.php\/2022\/07\/26\/slovenija-zbog-ekstremne-suse-obalnim-opcinama-dodatnu-vodu-osigurava-vojska\/#primaryimage","url":"https:\/\/radioljubuski.ba\/wp-content\/uploads\/2022\/07\/8-2022-07-26-14-41-30-VODA-VODOVOD-CISTERNA06.jpg","contentUrl":"https:\/\/radioljubuski.ba\/wp-content\/uploads\/2022\/07\/8-2022-07-26-14-41-30-VODA-VODOVOD-CISTERNA06.jpg","width":1000,"height":625},{"@type":"BreadcrumbList","@id":"https:\/\/radioljubuski.ba\/index.php\/2022\/07\/26\/slovenija-zbog-ekstremne-suse-obalnim-opcinama-dodatnu-vodu-osigurava-vojska\/#breadcrumb","itemListElement":[{"@type":"ListItem","position":1,"name":"Po\u010detna stranica","item":"https:\/\/radioljubuski.ba\/"},{"@type":"ListItem","position":2,"name":"Slovenija: Zbog ekstremne su\u0161e obalnim op\u0107inama dodatnu vodu osigurava vojska"}]},{"@type":"WebSite","@id":"https:\/\/radioljubuski.ba\/#website","url":"https:\/\/radioljubuski.ba\/","name":"Radio Ljubu\u0161ki","description":"Sun\u010dana frekvencija Hercegovine","publisher":{"@id":"https:\/\/radioljubuski.ba\/#organization"},"potentialAction":[{"@type":"SearchAction","target":{"@type":"EntryPoint","urlTemplate":"https:\/\/radioljubuski.ba\/?s={search_term_string}"},"query-input":{"@type":"PropertyValueSpecification","valueRequired":true,"valueName":"search_term_string"}}],"inLanguage":"hr"},{"@type":"Organization","@id":"https:\/\/radioljubuski.ba\/#organization","name":"Radio Ljubu\u0161ki","url":"https:\/\/radioljubuski.ba\/","logo":{"@type":"ImageObject","inLanguage":"hr","@id":"https:\/\/radioljubuski.ba\/#\/schema\/logo\/image\/","url":"https:\/\/radioljubuski.ba\/wp-content\/uploads\/2021\/02\/cropped-Radio_Ljubuski_logo1.jpg","contentUrl":"https:\/\/radioljubuski.ba\/wp-content\/uploads\/2021\/02\/cropped-Radio_Ljubuski_logo1.jpg","width":512,"height":512,"caption":"Radio Ljubu\u0161ki"},"image":{"@id":"https:\/\/radioljubuski.ba\/#\/schema\/logo\/image\/"},"sameAs":["https:\/\/www.facebook.com\/Radiio-Ljubuski-1490835324566332","https:\/\/x.com\/radioljubuski","https:\/\/hr.linkedin.com\/company\/radio-ljubuski","https:\/\/www.youtube.com\/channel\/UCHYaeO_n0Db3tjNGudGpXyw"]},{"@type":"Person","@id":"https:\/\/radioljubuski.ba\/#\/schema\/person\/19fc700381a780f69665d7956c469e3b","name":"Radio Ljubu\u0161ki"}]}},"_links":{"self":[{"href":"https:\/\/radioljubuski.ba\/index.php\/wp-json\/wp\/v2\/posts\/163725","targetHints":{"allow":["GET"]}}],"collection":[{"href":"https:\/\/radioljubuski.ba\/index.php\/wp-json\/wp\/v2\/posts"}],"about":[{"href":"https:\/\/radioljubuski.ba\/index.php\/wp-json\/wp\/v2\/types\/post"}],"author":[{"embeddable":true,"href":"https:\/\/radioljubuski.ba\/index.php\/wp-json\/wp\/v2\/users\/2"}],"replies":[{"embeddable":true,"href":"https:\/\/radioljubuski.ba\/index.php\/wp-json\/wp\/v2\/comments?post=163725"}],"version-history":[{"count":1,"href":"https:\/\/radioljubuski.ba\/index.php\/wp-json\/wp\/v2\/posts\/163725\/revisions"}],"predecessor-version":[{"id":163727,"href":"https:\/\/radioljubuski.ba\/index.php\/wp-json\/wp\/v2\/posts\/163725\/revisions\/163727"}],"wp:featuredmedia":[{"embeddable":true,"href":"https:\/\/radioljubuski.ba\/index.php\/wp-json\/wp\/v2\/media\/163726"}],"wp:attachment":[{"href":"https:\/\/radioljubuski.ba\/index.php\/wp-json\/wp\/v2\/media?parent=163725"}],"wp:term":[{"taxonomy":"category","embeddable":true,"href":"https:\/\/radioljubuski.ba\/index.php\/wp-json\/wp\/v2\/categories?post=163725"},{"taxonomy":"post_tag","embeddable":true,"href":"https:\/\/radioljubuski.ba\/index.php\/wp-json\/wp\/v2\/tags?post=163725"}],"curies":[{"name":"wp","href":"https:\/\/api.w.org\/{rel}","templated":true}]}}