{"id":163750,"date":"2022-07-26T15:19:47","date_gmt":"2022-07-26T14:19:47","guid":{"rendered":"https:\/\/radioljubuski.ba\/?p=163750"},"modified":"2022-07-26T15:19:48","modified_gmt":"2022-07-26T14:19:48","slug":"vrhovni-sud-fbih-donio-odluku-o-crkvi-sv-marije-prema-zahtjevu-islamske-zajednice-bih","status":"publish","type":"post","link":"https:\/\/radioljubuski.ba\/index.php\/2022\/07\/26\/vrhovni-sud-fbih-donio-odluku-o-crkvi-sv-marije-prema-zahtjevu-islamske-zajednice-bih\/","title":{"rendered":"Vrhovni sud FBiH donio odluku o Crkvi sv. Marije prema zahtjevu Islamske zajednice BiH"},"content":{"rendered":"\n<p><strong>Vije\u0107e Vrhovnog suda Federacije donijelo je prije nekoliko dana presudu prema kojoj je odbijen zahtjev Islamske zajednice BIH za stjecajem posjeda nad Crkvom svete Marije sa zvonikom svetog Luke u Jajcu, javlja<a href=\"https:\/\/www.klikjajce.com\/vrhovni-sud-federacije-presudio-u-slucaju-crkve-svete-marije\/\"> klikjajce.com<\/a>.<\/strong><\/p>\n\n\n\n<p>Te\u017eak je ovo bio proces koji je zapo\u010deo prije tri godine kada je Islamska zajednica pokrenula pravnu proceduru za stjecanje posjeda nad ovim nacionalnim spomenikom tvrde\u0107i da je on u zemlji\u0161nim knjigama upisan kao njihovo vlasni\u0161tvo, a kojim od 2007. godine upravlja JU Agencija Jajce. Slu\u010daj je zavr\u0161io na sudu, a Agencija je anga\u017eirala iskusnog odvjetnika Adisa Ribi\u0107a.<\/p>\n\n\n\n<p>Presudom Op\u0107inskog suda u Jajcu iz 2020. godine njihova je tu\u017eba odbijena kao neosnovana. Godinu dana kasnije, ovu presudu je potvrdio i \u017dupanijski sud u Novom Travniku, a \u017ealbe tu\u017eitelja i dionika na strani tu\u017eitelja (Vakufska direkcija Sarajevo) odbijene su kao neosnovane.<\/p>\n\n\n\n<p>Nakon toga Islamska zajednica je podnijela zahtjev Vrhovnom sudu Federacije BiH za reviziju izjavljenu protiv presude \u017dupanijskog suda u Novom Travniku, ali je prije nekoliko dana donesena presuda kojom Vrhovni sud odbija reviziju. Vije\u0107e Vrhovnog suda je sastavljeno od troje sudaca, od \u010dega dvoje sudaca bo\u0161nja\u010dke nacionalnosti.<\/p>\n\n\n\n<p>Odlu\u010deno je, dakle, da vrijedni nacionalni spomenik treba ostati pod za\u0161titom dr\u017eave.<\/p>\n\n\n\n<p>Crkva svete Marije s tornjem svetog Luke ina\u010de je prvi objekt na podru\u010dju Bosne i Hercegovine koji je progla\u0161en nacionalnim spomenikom 27. lipnja 1892. godine. U studenom 1461. godine u njoj je okrunjen posljednji bosanski kralj Stjepan Toma\u0161evi\u0107.<\/p>\n\n\n\n<p>\/HMS\/<\/p>\n","protected":false},"excerpt":{"rendered":"<p>Vije\u0107e Vrhovnog suda Federacije donijelo je prije nekoliko dana presudu prema kojoj je odbijen zahtjev Islamske zajednice BIH za stjecajem posjeda nad Crkvom svete Marije sa zvonikom svetog Luke u Jajcu, javlja klikjajce.com. Te\u017eak je ovo bio proces koji je zapo\u010deo prije tri godine kada je Islamska zajednica pokrenula pravnu proceduru za stjecanje posjeda nad [&hellip;]<\/p>\n","protected":false},"author":2,"featured_media":163751,"comment_status":"closed","ping_status":"closed","sticky":false,"template":"","format":"standard","meta":{"h5ap_radio_sources":[],"footnotes":""},"categories":[1],"tags":[],"class_list":["post-163750","post","type-post","status-publish","format-standard","has-post-thumbnail","hentry","category-bihiregija"],"yoast_head":"<!-- This site is optimized with the Yoast SEO plugin v27.5 - https:\/\/yoast.com\/product\/yoast-seo-wordpress\/ -->\n<title>Vrhovni sud FBiH donio odluku o Crkvi sv. Marije prema zahtjevu Islamske zajednice BiH - RADIO LJUBU\u0160KI<\/title>\n<meta name=\"robots\" content=\"index, follow, max-snippet:-1, max-image-preview:large, max-video-preview:-1\" \/>\n<link rel=\"canonical\" href=\"https:\/\/radioljubuski.ba\/index.php\/2022\/07\/26\/vrhovni-sud-fbih-donio-odluku-o-crkvi-sv-marije-prema-zahtjevu-islamske-zajednice-bih\/\" \/>\n<meta property=\"og:locale\" content=\"hr_HR\" \/>\n<meta property=\"og:type\" content=\"article\" \/>\n<meta property=\"og:title\" content=\"Vrhovni sud FBiH donio odluku o Crkvi sv. Marije prema zahtjevu Islamske zajednice BiH - RADIO LJUBU\u0160KI\" \/>\n<meta property=\"og:description\" content=\"Vije\u0107e Vrhovnog suda Federacije donijelo je prije nekoliko dana presudu prema kojoj je odbijen zahtjev Islamske zajednice BIH za stjecajem posjeda nad Crkvom svete Marije sa zvonikom svetog Luke u Jajcu, javlja klikjajce.com. Te\u017eak je ovo bio proces koji je zapo\u010deo prije tri godine kada je Islamska zajednica pokrenula pravnu proceduru za stjecanje posjeda nad [&hellip;]\" \/>\n<meta property=\"og:url\" content=\"https:\/\/radioljubuski.ba\/index.php\/2022\/07\/26\/vrhovni-sud-fbih-donio-odluku-o-crkvi-sv-marije-prema-zahtjevu-islamske-zajednice-bih\/\" \/>\n<meta property=\"og:site_name\" content=\"RADIO LJUBU\u0160KI\" \/>\n<meta property=\"article:publisher\" content=\"https:\/\/www.facebook.com\/Radiio-Ljubuski-1490835324566332\" \/>\n<meta property=\"article:published_time\" content=\"2022-07-26T14:19:47+00:00\" \/>\n<meta property=\"article:modified_time\" content=\"2022-07-26T14:19:48+00:00\" \/>\n<meta property=\"og:image\" content=\"https:\/\/radioljubuski.ba\/wp-content\/uploads\/2022\/07\/Crkva-svete-Marije-ili-dzamija-sultana-Sulejmana-II.jpg\" \/>\n\t<meta property=\"og:image:width\" content=\"650\" \/>\n\t<meta property=\"og:image:height\" content=\"362\" \/>\n\t<meta property=\"og:image:type\" content=\"image\/jpeg\" \/>\n<meta name=\"author\" content=\"Radio Ljubu\u0161ki\" \/>\n<meta name=\"twitter:card\" content=\"summary_large_image\" \/>\n<meta name=\"twitter:creator\" content=\"@radioljubuski\" \/>\n<meta name=\"twitter:site\" content=\"@radioljubuski\" \/>\n<meta name=\"twitter:label1\" content=\"Napisao\/la\" \/>\n\t<meta name=\"twitter:data1\" content=\"Radio Ljubu\u0161ki\" \/>\n\t<meta name=\"twitter:label2\" content=\"Procijenjeno vrijeme \u010ditanja\" \/>\n\t<meta name=\"twitter:data2\" content=\"2 minute\" \/>\n<script type=\"application\/ld+json\" class=\"yoast-schema-graph\">{\"@context\":\"https:\\\/\\\/schema.org\",\"@graph\":[{\"@type\":\"Article\",\"@id\":\"https:\\\/\\\/radioljubuski.ba\\\/index.php\\\/2022\\\/07\\\/26\\\/vrhovni-sud-fbih-donio-odluku-o-crkvi-sv-marije-prema-zahtjevu-islamske-zajednice-bih\\\/#article\",\"isPartOf\":{\"@id\":\"https:\\\/\\\/radioljubuski.ba\\\/index.php\\\/2022\\\/07\\\/26\\\/vrhovni-sud-fbih-donio-odluku-o-crkvi-sv-marije-prema-zahtjevu-islamske-zajednice-bih\\\/\"},\"author\":{\"name\":\"Radio Ljubu\u0161ki\",\"@id\":\"https:\\\/\\\/radioljubuski.ba\\\/#\\\/schema\\\/person\\\/19fc700381a780f69665d7956c469e3b\"},\"headline\":\"Vrhovni sud FBiH donio odluku o Crkvi sv. Marije prema zahtjevu Islamske zajednice BiH\",\"datePublished\":\"2022-07-26T14:19:47+00:00\",\"dateModified\":\"2022-07-26T14:19:48+00:00\",\"mainEntityOfPage\":{\"@id\":\"https:\\\/\\\/radioljubuski.ba\\\/index.php\\\/2022\\\/07\\\/26\\\/vrhovni-sud-fbih-donio-odluku-o-crkvi-sv-marije-prema-zahtjevu-islamske-zajednice-bih\\\/\"},\"wordCount\":265,\"publisher\":{\"@id\":\"https:\\\/\\\/radioljubuski.ba\\\/#organization\"},\"image\":{\"@id\":\"https:\\\/\\\/radioljubuski.ba\\\/index.php\\\/2022\\\/07\\\/26\\\/vrhovni-sud-fbih-donio-odluku-o-crkvi-sv-marije-prema-zahtjevu-islamske-zajednice-bih\\\/#primaryimage\"},\"thumbnailUrl\":\"https:\\\/\\\/radioljubuski.ba\\\/wp-content\\\/uploads\\\/2022\\\/07\\\/Crkva-svete-Marije-ili-dzamija-sultana-Sulejmana-II.jpg\",\"articleSection\":[\"BIH i regija\"],\"inLanguage\":\"hr\"},{\"@type\":\"WebPage\",\"@id\":\"https:\\\/\\\/radioljubuski.ba\\\/index.php\\\/2022\\\/07\\\/26\\\/vrhovni-sud-fbih-donio-odluku-o-crkvi-sv-marije-prema-zahtjevu-islamske-zajednice-bih\\\/\",\"url\":\"https:\\\/\\\/radioljubuski.ba\\\/index.php\\\/2022\\\/07\\\/26\\\/vrhovni-sud-fbih-donio-odluku-o-crkvi-sv-marije-prema-zahtjevu-islamske-zajednice-bih\\\/\",\"name\":\"Vrhovni sud FBiH donio odluku o Crkvi sv. Marije prema zahtjevu Islamske zajednice BiH - RADIO LJUBU\u0160KI\",\"isPartOf\":{\"@id\":\"https:\\\/\\\/radioljubuski.ba\\\/#website\"},\"primaryImageOfPage\":{\"@id\":\"https:\\\/\\\/radioljubuski.ba\\\/index.php\\\/2022\\\/07\\\/26\\\/vrhovni-sud-fbih-donio-odluku-o-crkvi-sv-marije-prema-zahtjevu-islamske-zajednice-bih\\\/#primaryimage\"},\"image\":{\"@id\":\"https:\\\/\\\/radioljubuski.ba\\\/index.php\\\/2022\\\/07\\\/26\\\/vrhovni-sud-fbih-donio-odluku-o-crkvi-sv-marije-prema-zahtjevu-islamske-zajednice-bih\\\/#primaryimage\"},\"thumbnailUrl\":\"https:\\\/\\\/radioljubuski.ba\\\/wp-content\\\/uploads\\\/2022\\\/07\\\/Crkva-svete-Marije-ili-dzamija-sultana-Sulejmana-II.jpg\",\"datePublished\":\"2022-07-26T14:19:47+00:00\",\"dateModified\":\"2022-07-26T14:19:48+00:00\",\"breadcrumb\":{\"@id\":\"https:\\\/\\\/radioljubuski.ba\\\/index.php\\\/2022\\\/07\\\/26\\\/vrhovni-sud-fbih-donio-odluku-o-crkvi-sv-marije-prema-zahtjevu-islamske-zajednice-bih\\\/#breadcrumb\"},\"inLanguage\":\"hr\",\"potentialAction\":[{\"@type\":\"ReadAction\",\"target\":[\"https:\\\/\\\/radioljubuski.ba\\\/index.php\\\/2022\\\/07\\\/26\\\/vrhovni-sud-fbih-donio-odluku-o-crkvi-sv-marije-prema-zahtjevu-islamske-zajednice-bih\\\/\"]}]},{\"@type\":\"ImageObject\",\"inLanguage\":\"hr\",\"@id\":\"https:\\\/\\\/radioljubuski.ba\\\/index.php\\\/2022\\\/07\\\/26\\\/vrhovni-sud-fbih-donio-odluku-o-crkvi-sv-marije-prema-zahtjevu-islamske-zajednice-bih\\\/#primaryimage\",\"url\":\"https:\\\/\\\/radioljubuski.ba\\\/wp-content\\\/uploads\\\/2022\\\/07\\\/Crkva-svete-Marije-ili-dzamija-sultana-Sulejmana-II.jpg\",\"contentUrl\":\"https:\\\/\\\/radioljubuski.ba\\\/wp-content\\\/uploads\\\/2022\\\/07\\\/Crkva-svete-Marije-ili-dzamija-sultana-Sulejmana-II.jpg\",\"width\":650,\"height\":362},{\"@type\":\"BreadcrumbList\",\"@id\":\"https:\\\/\\\/radioljubuski.ba\\\/index.php\\\/2022\\\/07\\\/26\\\/vrhovni-sud-fbih-donio-odluku-o-crkvi-sv-marije-prema-zahtjevu-islamske-zajednice-bih\\\/#breadcrumb\",\"itemListElement\":[{\"@type\":\"ListItem\",\"position\":1,\"name\":\"Po\u010detna stranica\",\"item\":\"https:\\\/\\\/radioljubuski.ba\\\/\"},{\"@type\":\"ListItem\",\"position\":2,\"name\":\"Vrhovni sud FBiH donio odluku o Crkvi sv. Marije prema zahtjevu Islamske zajednice BiH\"}]},{\"@type\":\"WebSite\",\"@id\":\"https:\\\/\\\/radioljubuski.ba\\\/#website\",\"url\":\"https:\\\/\\\/radioljubuski.ba\\\/\",\"name\":\"Radio Ljubu\u0161ki\",\"description\":\"Sun\u010dana frekvencija Hercegovine\",\"publisher\":{\"@id\":\"https:\\\/\\\/radioljubuski.ba\\\/#organization\"},\"potentialAction\":[{\"@type\":\"SearchAction\",\"target\":{\"@type\":\"EntryPoint\",\"urlTemplate\":\"https:\\\/\\\/radioljubuski.ba\\\/?s={search_term_string}\"},\"query-input\":{\"@type\":\"PropertyValueSpecification\",\"valueRequired\":true,\"valueName\":\"search_term_string\"}}],\"inLanguage\":\"hr\"},{\"@type\":\"Organization\",\"@id\":\"https:\\\/\\\/radioljubuski.ba\\\/#organization\",\"name\":\"Radio Ljubu\u0161ki\",\"url\":\"https:\\\/\\\/radioljubuski.ba\\\/\",\"logo\":{\"@type\":\"ImageObject\",\"inLanguage\":\"hr\",\"@id\":\"https:\\\/\\\/radioljubuski.ba\\\/#\\\/schema\\\/logo\\\/image\\\/\",\"url\":\"https:\\\/\\\/radioljubuski.ba\\\/wp-content\\\/uploads\\\/2021\\\/02\\\/cropped-Radio_Ljubuski_logo1.jpg\",\"contentUrl\":\"https:\\\/\\\/radioljubuski.ba\\\/wp-content\\\/uploads\\\/2021\\\/02\\\/cropped-Radio_Ljubuski_logo1.jpg\",\"width\":512,\"height\":512,\"caption\":\"Radio Ljubu\u0161ki\"},\"image\":{\"@id\":\"https:\\\/\\\/radioljubuski.ba\\\/#\\\/schema\\\/logo\\\/image\\\/\"},\"sameAs\":[\"https:\\\/\\\/www.facebook.com\\\/Radiio-Ljubuski-1490835324566332\",\"https:\\\/\\\/x.com\\\/radioljubuski\",\"https:\\\/\\\/hr.linkedin.com\\\/company\\\/radio-ljubuski\",\"https:\\\/\\\/www.youtube.com\\\/channel\\\/UCHYaeO_n0Db3tjNGudGpXyw\"]},{\"@type\":\"Person\",\"@id\":\"https:\\\/\\\/radioljubuski.ba\\\/#\\\/schema\\\/person\\\/19fc700381a780f69665d7956c469e3b\",\"name\":\"Radio Ljubu\u0161ki\"}]}<\/script>\n<!-- \/ Yoast SEO plugin. -->","yoast_head_json":{"title":"Vrhovni sud FBiH donio odluku o Crkvi sv. Marije prema zahtjevu Islamske zajednice BiH - RADIO LJUBU\u0160KI","robots":{"index":"index","follow":"follow","max-snippet":"max-snippet:-1","max-image-preview":"max-image-preview:large","max-video-preview":"max-video-preview:-1"},"canonical":"https:\/\/radioljubuski.ba\/index.php\/2022\/07\/26\/vrhovni-sud-fbih-donio-odluku-o-crkvi-sv-marije-prema-zahtjevu-islamske-zajednice-bih\/","og_locale":"hr_HR","og_type":"article","og_title":"Vrhovni sud FBiH donio odluku o Crkvi sv. Marije prema zahtjevu Islamske zajednice BiH - RADIO LJUBU\u0160KI","og_description":"Vije\u0107e Vrhovnog suda Federacije donijelo je prije nekoliko dana presudu prema kojoj je odbijen zahtjev Islamske zajednice BIH za stjecajem posjeda nad Crkvom svete Marije sa zvonikom svetog Luke u Jajcu, javlja klikjajce.com. Te\u017eak je ovo bio proces koji je zapo\u010deo prije tri godine kada je Islamska zajednica pokrenula pravnu proceduru za stjecanje posjeda nad [&hellip;]","og_url":"https:\/\/radioljubuski.ba\/index.php\/2022\/07\/26\/vrhovni-sud-fbih-donio-odluku-o-crkvi-sv-marije-prema-zahtjevu-islamske-zajednice-bih\/","og_site_name":"RADIO LJUBU\u0160KI","article_publisher":"https:\/\/www.facebook.com\/Radiio-Ljubuski-1490835324566332","article_published_time":"2022-07-26T14:19:47+00:00","article_modified_time":"2022-07-26T14:19:48+00:00","og_image":[{"width":650,"height":362,"url":"https:\/\/radioljubuski.ba\/wp-content\/uploads\/2022\/07\/Crkva-svete-Marije-ili-dzamija-sultana-Sulejmana-II.jpg","type":"image\/jpeg"}],"author":"Radio Ljubu\u0161ki","twitter_card":"summary_large_image","twitter_creator":"@radioljubuski","twitter_site":"@radioljubuski","twitter_misc":{"Napisao\/la":"Radio Ljubu\u0161ki","Procijenjeno vrijeme \u010ditanja":"2 minute"},"schema":{"@context":"https:\/\/schema.org","@graph":[{"@type":"Article","@id":"https:\/\/radioljubuski.ba\/index.php\/2022\/07\/26\/vrhovni-sud-fbih-donio-odluku-o-crkvi-sv-marije-prema-zahtjevu-islamske-zajednice-bih\/#article","isPartOf":{"@id":"https:\/\/radioljubuski.ba\/index.php\/2022\/07\/26\/vrhovni-sud-fbih-donio-odluku-o-crkvi-sv-marije-prema-zahtjevu-islamske-zajednice-bih\/"},"author":{"name":"Radio Ljubu\u0161ki","@id":"https:\/\/radioljubuski.ba\/#\/schema\/person\/19fc700381a780f69665d7956c469e3b"},"headline":"Vrhovni sud FBiH donio odluku o Crkvi sv. Marije prema zahtjevu Islamske zajednice BiH","datePublished":"2022-07-26T14:19:47+00:00","dateModified":"2022-07-26T14:19:48+00:00","mainEntityOfPage":{"@id":"https:\/\/radioljubuski.ba\/index.php\/2022\/07\/26\/vrhovni-sud-fbih-donio-odluku-o-crkvi-sv-marije-prema-zahtjevu-islamske-zajednice-bih\/"},"wordCount":265,"publisher":{"@id":"https:\/\/radioljubuski.ba\/#organization"},"image":{"@id":"https:\/\/radioljubuski.ba\/index.php\/2022\/07\/26\/vrhovni-sud-fbih-donio-odluku-o-crkvi-sv-marije-prema-zahtjevu-islamske-zajednice-bih\/#primaryimage"},"thumbnailUrl":"https:\/\/radioljubuski.ba\/wp-content\/uploads\/2022\/07\/Crkva-svete-Marije-ili-dzamija-sultana-Sulejmana-II.jpg","articleSection":["BIH i regija"],"inLanguage":"hr"},{"@type":"WebPage","@id":"https:\/\/radioljubuski.ba\/index.php\/2022\/07\/26\/vrhovni-sud-fbih-donio-odluku-o-crkvi-sv-marije-prema-zahtjevu-islamske-zajednice-bih\/","url":"https:\/\/radioljubuski.ba\/index.php\/2022\/07\/26\/vrhovni-sud-fbih-donio-odluku-o-crkvi-sv-marije-prema-zahtjevu-islamske-zajednice-bih\/","name":"Vrhovni sud FBiH donio odluku o Crkvi sv. Marije prema zahtjevu Islamske zajednice BiH - RADIO LJUBU\u0160KI","isPartOf":{"@id":"https:\/\/radioljubuski.ba\/#website"},"primaryImageOfPage":{"@id":"https:\/\/radioljubuski.ba\/index.php\/2022\/07\/26\/vrhovni-sud-fbih-donio-odluku-o-crkvi-sv-marije-prema-zahtjevu-islamske-zajednice-bih\/#primaryimage"},"image":{"@id":"https:\/\/radioljubuski.ba\/index.php\/2022\/07\/26\/vrhovni-sud-fbih-donio-odluku-o-crkvi-sv-marije-prema-zahtjevu-islamske-zajednice-bih\/#primaryimage"},"thumbnailUrl":"https:\/\/radioljubuski.ba\/wp-content\/uploads\/2022\/07\/Crkva-svete-Marije-ili-dzamija-sultana-Sulejmana-II.jpg","datePublished":"2022-07-26T14:19:47+00:00","dateModified":"2022-07-26T14:19:48+00:00","breadcrumb":{"@id":"https:\/\/radioljubuski.ba\/index.php\/2022\/07\/26\/vrhovni-sud-fbih-donio-odluku-o-crkvi-sv-marije-prema-zahtjevu-islamske-zajednice-bih\/#breadcrumb"},"inLanguage":"hr","potentialAction":[{"@type":"ReadAction","target":["https:\/\/radioljubuski.ba\/index.php\/2022\/07\/26\/vrhovni-sud-fbih-donio-odluku-o-crkvi-sv-marije-prema-zahtjevu-islamske-zajednice-bih\/"]}]},{"@type":"ImageObject","inLanguage":"hr","@id":"https:\/\/radioljubuski.ba\/index.php\/2022\/07\/26\/vrhovni-sud-fbih-donio-odluku-o-crkvi-sv-marije-prema-zahtjevu-islamske-zajednice-bih\/#primaryimage","url":"https:\/\/radioljubuski.ba\/wp-content\/uploads\/2022\/07\/Crkva-svete-Marije-ili-dzamija-sultana-Sulejmana-II.jpg","contentUrl":"https:\/\/radioljubuski.ba\/wp-content\/uploads\/2022\/07\/Crkva-svete-Marije-ili-dzamija-sultana-Sulejmana-II.jpg","width":650,"height":362},{"@type":"BreadcrumbList","@id":"https:\/\/radioljubuski.ba\/index.php\/2022\/07\/26\/vrhovni-sud-fbih-donio-odluku-o-crkvi-sv-marije-prema-zahtjevu-islamske-zajednice-bih\/#breadcrumb","itemListElement":[{"@type":"ListItem","position":1,"name":"Po\u010detna stranica","item":"https:\/\/radioljubuski.ba\/"},{"@type":"ListItem","position":2,"name":"Vrhovni sud FBiH donio odluku o Crkvi sv. Marije prema zahtjevu Islamske zajednice BiH"}]},{"@type":"WebSite","@id":"https:\/\/radioljubuski.ba\/#website","url":"https:\/\/radioljubuski.ba\/","name":"Radio Ljubu\u0161ki","description":"Sun\u010dana frekvencija Hercegovine","publisher":{"@id":"https:\/\/radioljubuski.ba\/#organization"},"potentialAction":[{"@type":"SearchAction","target":{"@type":"EntryPoint","urlTemplate":"https:\/\/radioljubuski.ba\/?s={search_term_string}"},"query-input":{"@type":"PropertyValueSpecification","valueRequired":true,"valueName":"search_term_string"}}],"inLanguage":"hr"},{"@type":"Organization","@id":"https:\/\/radioljubuski.ba\/#organization","name":"Radio Ljubu\u0161ki","url":"https:\/\/radioljubuski.ba\/","logo":{"@type":"ImageObject","inLanguage":"hr","@id":"https:\/\/radioljubuski.ba\/#\/schema\/logo\/image\/","url":"https:\/\/radioljubuski.ba\/wp-content\/uploads\/2021\/02\/cropped-Radio_Ljubuski_logo1.jpg","contentUrl":"https:\/\/radioljubuski.ba\/wp-content\/uploads\/2021\/02\/cropped-Radio_Ljubuski_logo1.jpg","width":512,"height":512,"caption":"Radio Ljubu\u0161ki"},"image":{"@id":"https:\/\/radioljubuski.ba\/#\/schema\/logo\/image\/"},"sameAs":["https:\/\/www.facebook.com\/Radiio-Ljubuski-1490835324566332","https:\/\/x.com\/radioljubuski","https:\/\/hr.linkedin.com\/company\/radio-ljubuski","https:\/\/www.youtube.com\/channel\/UCHYaeO_n0Db3tjNGudGpXyw"]},{"@type":"Person","@id":"https:\/\/radioljubuski.ba\/#\/schema\/person\/19fc700381a780f69665d7956c469e3b","name":"Radio Ljubu\u0161ki"}]}},"_links":{"self":[{"href":"https:\/\/radioljubuski.ba\/index.php\/wp-json\/wp\/v2\/posts\/163750","targetHints":{"allow":["GET"]}}],"collection":[{"href":"https:\/\/radioljubuski.ba\/index.php\/wp-json\/wp\/v2\/posts"}],"about":[{"href":"https:\/\/radioljubuski.ba\/index.php\/wp-json\/wp\/v2\/types\/post"}],"author":[{"embeddable":true,"href":"https:\/\/radioljubuski.ba\/index.php\/wp-json\/wp\/v2\/users\/2"}],"replies":[{"embeddable":true,"href":"https:\/\/radioljubuski.ba\/index.php\/wp-json\/wp\/v2\/comments?post=163750"}],"version-history":[{"count":1,"href":"https:\/\/radioljubuski.ba\/index.php\/wp-json\/wp\/v2\/posts\/163750\/revisions"}],"predecessor-version":[{"id":163752,"href":"https:\/\/radioljubuski.ba\/index.php\/wp-json\/wp\/v2\/posts\/163750\/revisions\/163752"}],"wp:featuredmedia":[{"embeddable":true,"href":"https:\/\/radioljubuski.ba\/index.php\/wp-json\/wp\/v2\/media\/163751"}],"wp:attachment":[{"href":"https:\/\/radioljubuski.ba\/index.php\/wp-json\/wp\/v2\/media?parent=163750"}],"wp:term":[{"taxonomy":"category","embeddable":true,"href":"https:\/\/radioljubuski.ba\/index.php\/wp-json\/wp\/v2\/categories?post=163750"},{"taxonomy":"post_tag","embeddable":true,"href":"https:\/\/radioljubuski.ba\/index.php\/wp-json\/wp\/v2\/tags?post=163750"}],"curies":[{"name":"wp","href":"https:\/\/api.w.org\/{rel}","templated":true}]}}