{"id":163756,"date":"2022-07-26T15:21:58","date_gmt":"2022-07-26T14:21:58","guid":{"rendered":"https:\/\/radioljubuski.ba\/?p=163756"},"modified":"2022-07-26T15:21:59","modified_gmt":"2022-07-26T14:21:59","slug":"zastupnicki-dom-glasovat-ce-o-cetiri-deklaracije-tri-bosnjacke-i-jednoj-hrvatskoj","status":"publish","type":"post","link":"https:\/\/radioljubuski.ba\/index.php\/2022\/07\/26\/zastupnicki-dom-glasovat-ce-o-cetiri-deklaracije-tri-bosnjacke-i-jednoj-hrvatskoj\/","title":{"rendered":"Zastupni\u010dki dom glasovat \u0107e o \u010detiri deklaracije, tri bo\u0161nja\u010dke i jednoj hrvatskoj"},"content":{"rendered":"\n<p><strong>Dnevni red dvodnevne sjednice Zastupni\u010dkog doma Parlamenta Federacije BiH pro\u0161iren je s to\u010dkom koja se ti\u010de navodnih odluka visokog predstavnika Kristijana \u0160mita (Christian Schmidt) u vezi s izbornom reformom.<\/strong><\/p>\n\n\n\n<p>Glasat \u0107e se o prijedlozima koje su predlo\u017eili klubovi zastupnika SDA, HDZ-HNS, SDP BiH i DF.<\/p>\n\n\n\n<p>Klub zastupnika SDA tra\u017ei od predsjedavaju\u0107eg doma Mirsada Zaimovi\u0107a da uputi poziv Schmidtu sa zahtjevom da se na dvodnevnoj sjednici, koja je u tijeku, obrati zastupnicima i obrazlo\u017ei informacije koje su se pojavile u javnosti posljednih dana, a koje se ti\u010du izmjena Ustava FBiH i nametanja Izbornog zakona BiH.<\/p>\n\n\n\n<p>\u2013 To je neophodno prije svega kako bi se zastupnici u Zastupni\u010dkom domu ali i \u0161ira javnost upoznali o aktivnostima koje je najavio OHR u BiH. Mnoga su pitanja koja zbunjuju javnost ali i same zastupnike kao \u0161to je najava amandmana na Ustav FBiH vezana za uvo\u0111enje cenzusa od tri posto prilikom izbora delegata u Domu naroda \u2013 rekao je Feni predsjednik Kluba SDA Adnan Efendi\u0107.<\/p>\n\n\n\n<p><strong>Najve\u0107a politi\u010dka kriza<\/strong><\/p>\n\n\n\n<p>Klub zastupnika SDA tra\u017ei po\u0161tivanje Briselskog sporazuma i rje\u0161avanje svih bitnih pitanja u BiH dijalogom u institucijama BiH.<\/p>\n\n\n\n<p>Zastupnici Kluba HDZ BiH-HNS danas su predlo\u017eili da se na dnevni red sjednice Zastupni\u010dkog doma uvrsti \u201cDeklaracija o provedbi Ustava BiH, Ustava FBiH, me\u0111unarodnih sporazuma i pripadaju\u0107ih aneksa te provedbi presuda Ustavnog suda BiH i Europskog suda za ljudska prava glede reforme izbornog zakonodavstva BiH\u201d.<\/p>\n\n\n\n<p>Predsjednik Kluba HDZ BiH-HNS Marijan Klai\u0107 istakao je da u okolnostima najve\u0107e politi\u010dke krize u kojoj se nalazi BiH, obaveza je \u0161titi ustavni poredak i institucije BiH i Federacije BiH.<\/p>\n\n\n\n<p>\u2013 Smatramo da izno\u0161enje maksimalisti\u010dkih zahtjeva i te\u017enje za radikalnim promjenama Ustava, s koje god strane da dolaze, dovode samo do daljnjeg produbljivanja krize, dodatnih podjela i naru\u0161avanja povjerenja me\u0111u narodima i gra\u0111anima \u2013 kazao je Feni Klai\u0107.<\/p>\n\n\n\n<p>Klub HDZ-HNS tra\u017ei da Zastupni\u010dki dom potvrdi kako je konstitutivnost triju naroda i njihovo legitimno predstavljanje temelj dejtonskog-pari\u0161kog mirovnog sporazuma.<\/p>\n\n\n\n<p>\u2013 Bilo kakvi poku\u0161aji derogiranja konstitutivnosti koju je upravo Ustavni sud BiH ozna\u010dio kao natkrovljuju\u0107im na\u010delom, kao i nasrtaji i negaciju Odluke Ustavnog suda BiH, zna\u010de ru\u0161enje ustavnog poretka BiH i Dejtonskog sporazuma. Sve anomalije politi\u010dkog sustava koje se reflektiraju kroz diskriminaciju i politi\u010dku majorizaciju moraju biti otklonjene i uskla\u0111ene kroz reformu izbornog zakonodavstva i ograni\u010dene ustavne reforme \u2013 dodao je Klai\u0107.<\/p>\n\n\n\n<p><strong>Protiv podjele BiH<\/strong><\/p>\n\n\n\n<p>Klub zastupnika SDP-a predlo\u017eio je dono\u0161enje Deklaracije o neprihva\u0107anju prijedloga Ureda visokog predstavnika (OHR) za izmjene entitetskog ustava i drugih zakonskih akata kojim bi se \u201cdodatno produbile etni\u010dke podjele i diskriminacija po toj osnovi u zemlji\u201d.<\/p>\n\n\n\n<p>\u2013 Pozivamo visokog predstavnika da odustane od nametanja odluke kojom bi se legaliziralo etni\u010dko \u010di\u0161\u0107enje i po\u010dinjeni genocid u BiH, te bio prekr\u0161en Ustav FBiH. Tako\u0111er, pozivamo OHR i potpisnice Dejtonskog mirovnog sporazuma na po\u0161tivanje i dosljednu primjenu odredbi ovog sporazuma \u2013 rekao je Feni predsjednik Kluba SDP-a Damir Ma\u0161i\u0107.<\/p>\n\n\n\n<p>Klub zastupnika Demokratske fronte uputio je Deklaraciju \u201cProtiv podjele BiH, za gra\u0111ansku i demokratsku\u201d kroz koju je izra\u017eeno jasno opredjeljenje da rje\u0161enje pitanja kr\u0161enja ljudskih prava u BiH le\u017ei u provo\u0111enju presuda Evropskog suda za ljudska prava i da bilo kakvo nametanje izmjena ustava i izbornog zakona u pravcu daljnje diskriminacije gra\u0111ana nije prihvatljivo.<\/p>\n\n\n\n<p>\u2013 Opredjeljeni smo da se, za gra\u0111ansku i europsku BiH u kojoj \u0107e svi gra\u0111ani imati ista prava, borimo svim demokratskim sredstvima \u2013 poru\u010dila je predsjednica Kluba DF Alma Kratina.<\/p>\n\n\n\n<p>\/Fena\/HMS\/<\/p>\n","protected":false},"excerpt":{"rendered":"<p>Dnevni red dvodnevne sjednice Zastupni\u010dkog doma Parlamenta Federacije BiH pro\u0161iren je s to\u010dkom koja se ti\u010de navodnih odluka visokog predstavnika Kristijana \u0160mita (Christian Schmidt) u vezi s izbornom reformom. Glasat \u0107e se o prijedlozima koje su predlo\u017eili klubovi zastupnika SDA, HDZ-HNS, SDP BiH i DF. Klub zastupnika SDA tra\u017ei od predsjedavaju\u0107eg doma Mirsada Zaimovi\u0107a da [&hellip;]<\/p>\n","protected":false},"author":2,"featured_media":126604,"comment_status":"closed","ping_status":"closed","sticky":false,"template":"","format":"standard","meta":{"h5ap_radio_sources":[],"footnotes":""},"categories":[1],"tags":[],"class_list":["post-163756","post","type-post","status-publish","format-standard","has-post-thumbnail","hentry","category-bihiregija"],"yoast_head":"<!-- This site is optimized with the Yoast SEO plugin v27.5 - https:\/\/yoast.com\/product\/yoast-seo-wordpress\/ -->\n<title>Zastupni\u010dki dom glasovat \u0107e o \u010detiri deklaracije, tri bo\u0161nja\u010dke i jednoj hrvatskoj - RADIO LJUBU\u0160KI<\/title>\n<meta name=\"robots\" content=\"index, follow, max-snippet:-1, max-image-preview:large, max-video-preview:-1\" \/>\n<link rel=\"canonical\" href=\"https:\/\/radioljubuski.ba\/index.php\/2022\/07\/26\/zastupnicki-dom-glasovat-ce-o-cetiri-deklaracije-tri-bosnjacke-i-jednoj-hrvatskoj\/\" \/>\n<meta property=\"og:locale\" content=\"hr_HR\" \/>\n<meta property=\"og:type\" content=\"article\" \/>\n<meta property=\"og:title\" content=\"Zastupni\u010dki dom glasovat \u0107e o \u010detiri deklaracije, tri bo\u0161nja\u010dke i jednoj hrvatskoj - RADIO LJUBU\u0160KI\" \/>\n<meta property=\"og:description\" content=\"Dnevni red dvodnevne sjednice Zastupni\u010dkog doma Parlamenta Federacije BiH pro\u0161iren je s to\u010dkom koja se ti\u010de navodnih odluka visokog predstavnika Kristijana \u0160mita (Christian Schmidt) u vezi s izbornom reformom. Glasat \u0107e se o prijedlozima koje su predlo\u017eili klubovi zastupnika SDA, HDZ-HNS, SDP BiH i DF. Klub zastupnika SDA tra\u017ei od predsjedavaju\u0107eg doma Mirsada Zaimovi\u0107a da [&hellip;]\" \/>\n<meta property=\"og:url\" content=\"https:\/\/radioljubuski.ba\/index.php\/2022\/07\/26\/zastupnicki-dom-glasovat-ce-o-cetiri-deklaracije-tri-bosnjacke-i-jednoj-hrvatskoj\/\" \/>\n<meta property=\"og:site_name\" content=\"RADIO LJUBU\u0160KI\" \/>\n<meta property=\"article:publisher\" content=\"https:\/\/www.facebook.com\/Radiio-Ljubuski-1490835324566332\" \/>\n<meta property=\"article:published_time\" content=\"2022-07-26T14:21:58+00:00\" \/>\n<meta property=\"article:modified_time\" content=\"2022-07-26T14:21:59+00:00\" \/>\n<meta property=\"og:image\" content=\"https:\/\/radioljubuski.ba\/wp-content\/uploads\/2022\/03\/8-2022-03-29-16-36-53-zastupnicki-dom-pfbih.jpg\" \/>\n\t<meta property=\"og:image:width\" content=\"1000\" \/>\n\t<meta property=\"og:image:height\" content=\"625\" \/>\n\t<meta property=\"og:image:type\" content=\"image\/jpeg\" \/>\n<meta name=\"author\" content=\"Radio Ljubu\u0161ki\" \/>\n<meta name=\"twitter:card\" content=\"summary_large_image\" \/>\n<meta name=\"twitter:creator\" content=\"@radioljubuski\" \/>\n<meta name=\"twitter:site\" content=\"@radioljubuski\" \/>\n<meta name=\"twitter:label1\" content=\"Napisao\/la\" \/>\n\t<meta name=\"twitter:data1\" content=\"Radio Ljubu\u0161ki\" \/>\n\t<meta name=\"twitter:label2\" content=\"Procijenjeno vrijeme \u010ditanja\" \/>\n\t<meta name=\"twitter:data2\" content=\"3 minute\" \/>\n<script type=\"application\/ld+json\" class=\"yoast-schema-graph\">{\"@context\":\"https:\\\/\\\/schema.org\",\"@graph\":[{\"@type\":\"Article\",\"@id\":\"https:\\\/\\\/radioljubuski.ba\\\/index.php\\\/2022\\\/07\\\/26\\\/zastupnicki-dom-glasovat-ce-o-cetiri-deklaracije-tri-bosnjacke-i-jednoj-hrvatskoj\\\/#article\",\"isPartOf\":{\"@id\":\"https:\\\/\\\/radioljubuski.ba\\\/index.php\\\/2022\\\/07\\\/26\\\/zastupnicki-dom-glasovat-ce-o-cetiri-deklaracije-tri-bosnjacke-i-jednoj-hrvatskoj\\\/\"},\"author\":{\"name\":\"Radio Ljubu\u0161ki\",\"@id\":\"https:\\\/\\\/radioljubuski.ba\\\/#\\\/schema\\\/person\\\/19fc700381a780f69665d7956c469e3b\"},\"headline\":\"Zastupni\u010dki dom glasovat \u0107e o \u010detiri deklaracije, tri bo\u0161nja\u010dke i jednoj hrvatskoj\",\"datePublished\":\"2022-07-26T14:21:58+00:00\",\"dateModified\":\"2022-07-26T14:21:59+00:00\",\"mainEntityOfPage\":{\"@id\":\"https:\\\/\\\/radioljubuski.ba\\\/index.php\\\/2022\\\/07\\\/26\\\/zastupnicki-dom-glasovat-ce-o-cetiri-deklaracije-tri-bosnjacke-i-jednoj-hrvatskoj\\\/\"},\"wordCount\":619,\"publisher\":{\"@id\":\"https:\\\/\\\/radioljubuski.ba\\\/#organization\"},\"image\":{\"@id\":\"https:\\\/\\\/radioljubuski.ba\\\/index.php\\\/2022\\\/07\\\/26\\\/zastupnicki-dom-glasovat-ce-o-cetiri-deklaracije-tri-bosnjacke-i-jednoj-hrvatskoj\\\/#primaryimage\"},\"thumbnailUrl\":\"https:\\\/\\\/radioljubuski.ba\\\/wp-content\\\/uploads\\\/2022\\\/03\\\/8-2022-03-29-16-36-53-zastupnicki-dom-pfbih.jpg\",\"articleSection\":[\"BIH i regija\"],\"inLanguage\":\"hr\"},{\"@type\":\"WebPage\",\"@id\":\"https:\\\/\\\/radioljubuski.ba\\\/index.php\\\/2022\\\/07\\\/26\\\/zastupnicki-dom-glasovat-ce-o-cetiri-deklaracije-tri-bosnjacke-i-jednoj-hrvatskoj\\\/\",\"url\":\"https:\\\/\\\/radioljubuski.ba\\\/index.php\\\/2022\\\/07\\\/26\\\/zastupnicki-dom-glasovat-ce-o-cetiri-deklaracije-tri-bosnjacke-i-jednoj-hrvatskoj\\\/\",\"name\":\"Zastupni\u010dki dom glasovat \u0107e o \u010detiri deklaracije, tri bo\u0161nja\u010dke i jednoj hrvatskoj - RADIO LJUBU\u0160KI\",\"isPartOf\":{\"@id\":\"https:\\\/\\\/radioljubuski.ba\\\/#website\"},\"primaryImageOfPage\":{\"@id\":\"https:\\\/\\\/radioljubuski.ba\\\/index.php\\\/2022\\\/07\\\/26\\\/zastupnicki-dom-glasovat-ce-o-cetiri-deklaracije-tri-bosnjacke-i-jednoj-hrvatskoj\\\/#primaryimage\"},\"image\":{\"@id\":\"https:\\\/\\\/radioljubuski.ba\\\/index.php\\\/2022\\\/07\\\/26\\\/zastupnicki-dom-glasovat-ce-o-cetiri-deklaracije-tri-bosnjacke-i-jednoj-hrvatskoj\\\/#primaryimage\"},\"thumbnailUrl\":\"https:\\\/\\\/radioljubuski.ba\\\/wp-content\\\/uploads\\\/2022\\\/03\\\/8-2022-03-29-16-36-53-zastupnicki-dom-pfbih.jpg\",\"datePublished\":\"2022-07-26T14:21:58+00:00\",\"dateModified\":\"2022-07-26T14:21:59+00:00\",\"breadcrumb\":{\"@id\":\"https:\\\/\\\/radioljubuski.ba\\\/index.php\\\/2022\\\/07\\\/26\\\/zastupnicki-dom-glasovat-ce-o-cetiri-deklaracije-tri-bosnjacke-i-jednoj-hrvatskoj\\\/#breadcrumb\"},\"inLanguage\":\"hr\",\"potentialAction\":[{\"@type\":\"ReadAction\",\"target\":[\"https:\\\/\\\/radioljubuski.ba\\\/index.php\\\/2022\\\/07\\\/26\\\/zastupnicki-dom-glasovat-ce-o-cetiri-deklaracije-tri-bosnjacke-i-jednoj-hrvatskoj\\\/\"]}]},{\"@type\":\"ImageObject\",\"inLanguage\":\"hr\",\"@id\":\"https:\\\/\\\/radioljubuski.ba\\\/index.php\\\/2022\\\/07\\\/26\\\/zastupnicki-dom-glasovat-ce-o-cetiri-deklaracije-tri-bosnjacke-i-jednoj-hrvatskoj\\\/#primaryimage\",\"url\":\"https:\\\/\\\/radioljubuski.ba\\\/wp-content\\\/uploads\\\/2022\\\/03\\\/8-2022-03-29-16-36-53-zastupnicki-dom-pfbih.jpg\",\"contentUrl\":\"https:\\\/\\\/radioljubuski.ba\\\/wp-content\\\/uploads\\\/2022\\\/03\\\/8-2022-03-29-16-36-53-zastupnicki-dom-pfbih.jpg\",\"width\":1000,\"height\":625},{\"@type\":\"BreadcrumbList\",\"@id\":\"https:\\\/\\\/radioljubuski.ba\\\/index.php\\\/2022\\\/07\\\/26\\\/zastupnicki-dom-glasovat-ce-o-cetiri-deklaracije-tri-bosnjacke-i-jednoj-hrvatskoj\\\/#breadcrumb\",\"itemListElement\":[{\"@type\":\"ListItem\",\"position\":1,\"name\":\"Po\u010detna stranica\",\"item\":\"https:\\\/\\\/radioljubuski.ba\\\/\"},{\"@type\":\"ListItem\",\"position\":2,\"name\":\"Zastupni\u010dki dom glasovat \u0107e o \u010detiri deklaracije, tri bo\u0161nja\u010dke i jednoj hrvatskoj\"}]},{\"@type\":\"WebSite\",\"@id\":\"https:\\\/\\\/radioljubuski.ba\\\/#website\",\"url\":\"https:\\\/\\\/radioljubuski.ba\\\/\",\"name\":\"Radio Ljubu\u0161ki\",\"description\":\"Sun\u010dana frekvencija Hercegovine\",\"publisher\":{\"@id\":\"https:\\\/\\\/radioljubuski.ba\\\/#organization\"},\"potentialAction\":[{\"@type\":\"SearchAction\",\"target\":{\"@type\":\"EntryPoint\",\"urlTemplate\":\"https:\\\/\\\/radioljubuski.ba\\\/?s={search_term_string}\"},\"query-input\":{\"@type\":\"PropertyValueSpecification\",\"valueRequired\":true,\"valueName\":\"search_term_string\"}}],\"inLanguage\":\"hr\"},{\"@type\":\"Organization\",\"@id\":\"https:\\\/\\\/radioljubuski.ba\\\/#organization\",\"name\":\"Radio Ljubu\u0161ki\",\"url\":\"https:\\\/\\\/radioljubuski.ba\\\/\",\"logo\":{\"@type\":\"ImageObject\",\"inLanguage\":\"hr\",\"@id\":\"https:\\\/\\\/radioljubuski.ba\\\/#\\\/schema\\\/logo\\\/image\\\/\",\"url\":\"https:\\\/\\\/radioljubuski.ba\\\/wp-content\\\/uploads\\\/2021\\\/02\\\/cropped-Radio_Ljubuski_logo1.jpg\",\"contentUrl\":\"https:\\\/\\\/radioljubuski.ba\\\/wp-content\\\/uploads\\\/2021\\\/02\\\/cropped-Radio_Ljubuski_logo1.jpg\",\"width\":512,\"height\":512,\"caption\":\"Radio Ljubu\u0161ki\"},\"image\":{\"@id\":\"https:\\\/\\\/radioljubuski.ba\\\/#\\\/schema\\\/logo\\\/image\\\/\"},\"sameAs\":[\"https:\\\/\\\/www.facebook.com\\\/Radiio-Ljubuski-1490835324566332\",\"https:\\\/\\\/x.com\\\/radioljubuski\",\"https:\\\/\\\/hr.linkedin.com\\\/company\\\/radio-ljubuski\",\"https:\\\/\\\/www.youtube.com\\\/channel\\\/UCHYaeO_n0Db3tjNGudGpXyw\"]},{\"@type\":\"Person\",\"@id\":\"https:\\\/\\\/radioljubuski.ba\\\/#\\\/schema\\\/person\\\/19fc700381a780f69665d7956c469e3b\",\"name\":\"Radio Ljubu\u0161ki\"}]}<\/script>\n<!-- \/ Yoast SEO plugin. -->","yoast_head_json":{"title":"Zastupni\u010dki dom glasovat \u0107e o \u010detiri deklaracije, tri bo\u0161nja\u010dke i jednoj hrvatskoj - RADIO LJUBU\u0160KI","robots":{"index":"index","follow":"follow","max-snippet":"max-snippet:-1","max-image-preview":"max-image-preview:large","max-video-preview":"max-video-preview:-1"},"canonical":"https:\/\/radioljubuski.ba\/index.php\/2022\/07\/26\/zastupnicki-dom-glasovat-ce-o-cetiri-deklaracije-tri-bosnjacke-i-jednoj-hrvatskoj\/","og_locale":"hr_HR","og_type":"article","og_title":"Zastupni\u010dki dom glasovat \u0107e o \u010detiri deklaracije, tri bo\u0161nja\u010dke i jednoj hrvatskoj - RADIO LJUBU\u0160KI","og_description":"Dnevni red dvodnevne sjednice Zastupni\u010dkog doma Parlamenta Federacije BiH pro\u0161iren je s to\u010dkom koja se ti\u010de navodnih odluka visokog predstavnika Kristijana \u0160mita (Christian Schmidt) u vezi s izbornom reformom. Glasat \u0107e se o prijedlozima koje su predlo\u017eili klubovi zastupnika SDA, HDZ-HNS, SDP BiH i DF. Klub zastupnika SDA tra\u017ei od predsjedavaju\u0107eg doma Mirsada Zaimovi\u0107a da [&hellip;]","og_url":"https:\/\/radioljubuski.ba\/index.php\/2022\/07\/26\/zastupnicki-dom-glasovat-ce-o-cetiri-deklaracije-tri-bosnjacke-i-jednoj-hrvatskoj\/","og_site_name":"RADIO LJUBU\u0160KI","article_publisher":"https:\/\/www.facebook.com\/Radiio-Ljubuski-1490835324566332","article_published_time":"2022-07-26T14:21:58+00:00","article_modified_time":"2022-07-26T14:21:59+00:00","og_image":[{"width":1000,"height":625,"url":"https:\/\/radioljubuski.ba\/wp-content\/uploads\/2022\/03\/8-2022-03-29-16-36-53-zastupnicki-dom-pfbih.jpg","type":"image\/jpeg"}],"author":"Radio Ljubu\u0161ki","twitter_card":"summary_large_image","twitter_creator":"@radioljubuski","twitter_site":"@radioljubuski","twitter_misc":{"Napisao\/la":"Radio Ljubu\u0161ki","Procijenjeno vrijeme \u010ditanja":"3 minute"},"schema":{"@context":"https:\/\/schema.org","@graph":[{"@type":"Article","@id":"https:\/\/radioljubuski.ba\/index.php\/2022\/07\/26\/zastupnicki-dom-glasovat-ce-o-cetiri-deklaracije-tri-bosnjacke-i-jednoj-hrvatskoj\/#article","isPartOf":{"@id":"https:\/\/radioljubuski.ba\/index.php\/2022\/07\/26\/zastupnicki-dom-glasovat-ce-o-cetiri-deklaracije-tri-bosnjacke-i-jednoj-hrvatskoj\/"},"author":{"name":"Radio Ljubu\u0161ki","@id":"https:\/\/radioljubuski.ba\/#\/schema\/person\/19fc700381a780f69665d7956c469e3b"},"headline":"Zastupni\u010dki dom glasovat \u0107e o \u010detiri deklaracije, tri bo\u0161nja\u010dke i jednoj hrvatskoj","datePublished":"2022-07-26T14:21:58+00:00","dateModified":"2022-07-26T14:21:59+00:00","mainEntityOfPage":{"@id":"https:\/\/radioljubuski.ba\/index.php\/2022\/07\/26\/zastupnicki-dom-glasovat-ce-o-cetiri-deklaracije-tri-bosnjacke-i-jednoj-hrvatskoj\/"},"wordCount":619,"publisher":{"@id":"https:\/\/radioljubuski.ba\/#organization"},"image":{"@id":"https:\/\/radioljubuski.ba\/index.php\/2022\/07\/26\/zastupnicki-dom-glasovat-ce-o-cetiri-deklaracije-tri-bosnjacke-i-jednoj-hrvatskoj\/#primaryimage"},"thumbnailUrl":"https:\/\/radioljubuski.ba\/wp-content\/uploads\/2022\/03\/8-2022-03-29-16-36-53-zastupnicki-dom-pfbih.jpg","articleSection":["BIH i regija"],"inLanguage":"hr"},{"@type":"WebPage","@id":"https:\/\/radioljubuski.ba\/index.php\/2022\/07\/26\/zastupnicki-dom-glasovat-ce-o-cetiri-deklaracije-tri-bosnjacke-i-jednoj-hrvatskoj\/","url":"https:\/\/radioljubuski.ba\/index.php\/2022\/07\/26\/zastupnicki-dom-glasovat-ce-o-cetiri-deklaracije-tri-bosnjacke-i-jednoj-hrvatskoj\/","name":"Zastupni\u010dki dom glasovat \u0107e o \u010detiri deklaracije, tri bo\u0161nja\u010dke i jednoj hrvatskoj - RADIO LJUBU\u0160KI","isPartOf":{"@id":"https:\/\/radioljubuski.ba\/#website"},"primaryImageOfPage":{"@id":"https:\/\/radioljubuski.ba\/index.php\/2022\/07\/26\/zastupnicki-dom-glasovat-ce-o-cetiri-deklaracije-tri-bosnjacke-i-jednoj-hrvatskoj\/#primaryimage"},"image":{"@id":"https:\/\/radioljubuski.ba\/index.php\/2022\/07\/26\/zastupnicki-dom-glasovat-ce-o-cetiri-deklaracije-tri-bosnjacke-i-jednoj-hrvatskoj\/#primaryimage"},"thumbnailUrl":"https:\/\/radioljubuski.ba\/wp-content\/uploads\/2022\/03\/8-2022-03-29-16-36-53-zastupnicki-dom-pfbih.jpg","datePublished":"2022-07-26T14:21:58+00:00","dateModified":"2022-07-26T14:21:59+00:00","breadcrumb":{"@id":"https:\/\/radioljubuski.ba\/index.php\/2022\/07\/26\/zastupnicki-dom-glasovat-ce-o-cetiri-deklaracije-tri-bosnjacke-i-jednoj-hrvatskoj\/#breadcrumb"},"inLanguage":"hr","potentialAction":[{"@type":"ReadAction","target":["https:\/\/radioljubuski.ba\/index.php\/2022\/07\/26\/zastupnicki-dom-glasovat-ce-o-cetiri-deklaracije-tri-bosnjacke-i-jednoj-hrvatskoj\/"]}]},{"@type":"ImageObject","inLanguage":"hr","@id":"https:\/\/radioljubuski.ba\/index.php\/2022\/07\/26\/zastupnicki-dom-glasovat-ce-o-cetiri-deklaracije-tri-bosnjacke-i-jednoj-hrvatskoj\/#primaryimage","url":"https:\/\/radioljubuski.ba\/wp-content\/uploads\/2022\/03\/8-2022-03-29-16-36-53-zastupnicki-dom-pfbih.jpg","contentUrl":"https:\/\/radioljubuski.ba\/wp-content\/uploads\/2022\/03\/8-2022-03-29-16-36-53-zastupnicki-dom-pfbih.jpg","width":1000,"height":625},{"@type":"BreadcrumbList","@id":"https:\/\/radioljubuski.ba\/index.php\/2022\/07\/26\/zastupnicki-dom-glasovat-ce-o-cetiri-deklaracije-tri-bosnjacke-i-jednoj-hrvatskoj\/#breadcrumb","itemListElement":[{"@type":"ListItem","position":1,"name":"Po\u010detna stranica","item":"https:\/\/radioljubuski.ba\/"},{"@type":"ListItem","position":2,"name":"Zastupni\u010dki dom glasovat \u0107e o \u010detiri deklaracije, tri bo\u0161nja\u010dke i jednoj hrvatskoj"}]},{"@type":"WebSite","@id":"https:\/\/radioljubuski.ba\/#website","url":"https:\/\/radioljubuski.ba\/","name":"Radio Ljubu\u0161ki","description":"Sun\u010dana frekvencija Hercegovine","publisher":{"@id":"https:\/\/radioljubuski.ba\/#organization"},"potentialAction":[{"@type":"SearchAction","target":{"@type":"EntryPoint","urlTemplate":"https:\/\/radioljubuski.ba\/?s={search_term_string}"},"query-input":{"@type":"PropertyValueSpecification","valueRequired":true,"valueName":"search_term_string"}}],"inLanguage":"hr"},{"@type":"Organization","@id":"https:\/\/radioljubuski.ba\/#organization","name":"Radio Ljubu\u0161ki","url":"https:\/\/radioljubuski.ba\/","logo":{"@type":"ImageObject","inLanguage":"hr","@id":"https:\/\/radioljubuski.ba\/#\/schema\/logo\/image\/","url":"https:\/\/radioljubuski.ba\/wp-content\/uploads\/2021\/02\/cropped-Radio_Ljubuski_logo1.jpg","contentUrl":"https:\/\/radioljubuski.ba\/wp-content\/uploads\/2021\/02\/cropped-Radio_Ljubuski_logo1.jpg","width":512,"height":512,"caption":"Radio Ljubu\u0161ki"},"image":{"@id":"https:\/\/radioljubuski.ba\/#\/schema\/logo\/image\/"},"sameAs":["https:\/\/www.facebook.com\/Radiio-Ljubuski-1490835324566332","https:\/\/x.com\/radioljubuski","https:\/\/hr.linkedin.com\/company\/radio-ljubuski","https:\/\/www.youtube.com\/channel\/UCHYaeO_n0Db3tjNGudGpXyw"]},{"@type":"Person","@id":"https:\/\/radioljubuski.ba\/#\/schema\/person\/19fc700381a780f69665d7956c469e3b","name":"Radio Ljubu\u0161ki"}]}},"_links":{"self":[{"href":"https:\/\/radioljubuski.ba\/index.php\/wp-json\/wp\/v2\/posts\/163756","targetHints":{"allow":["GET"]}}],"collection":[{"href":"https:\/\/radioljubuski.ba\/index.php\/wp-json\/wp\/v2\/posts"}],"about":[{"href":"https:\/\/radioljubuski.ba\/index.php\/wp-json\/wp\/v2\/types\/post"}],"author":[{"embeddable":true,"href":"https:\/\/radioljubuski.ba\/index.php\/wp-json\/wp\/v2\/users\/2"}],"replies":[{"embeddable":true,"href":"https:\/\/radioljubuski.ba\/index.php\/wp-json\/wp\/v2\/comments?post=163756"}],"version-history":[{"count":1,"href":"https:\/\/radioljubuski.ba\/index.php\/wp-json\/wp\/v2\/posts\/163756\/revisions"}],"predecessor-version":[{"id":163757,"href":"https:\/\/radioljubuski.ba\/index.php\/wp-json\/wp\/v2\/posts\/163756\/revisions\/163757"}],"wp:featuredmedia":[{"embeddable":true,"href":"https:\/\/radioljubuski.ba\/index.php\/wp-json\/wp\/v2\/media\/126604"}],"wp:attachment":[{"href":"https:\/\/radioljubuski.ba\/index.php\/wp-json\/wp\/v2\/media?parent=163756"}],"wp:term":[{"taxonomy":"category","embeddable":true,"href":"https:\/\/radioljubuski.ba\/index.php\/wp-json\/wp\/v2\/categories?post=163756"},{"taxonomy":"post_tag","embeddable":true,"href":"https:\/\/radioljubuski.ba\/index.php\/wp-json\/wp\/v2\/tags?post=163756"}],"curies":[{"name":"wp","href":"https:\/\/api.w.org\/{rel}","templated":true}]}}