{"id":163761,"date":"2022-07-26T15:29:30","date_gmt":"2022-07-26T14:29:30","guid":{"rendered":"https:\/\/radioljubuski.ba\/?p=163761"},"modified":"2022-07-26T15:29:32","modified_gmt":"2022-07-26T14:29:32","slug":"hrvati-u-svijetu-gustav-likan","status":"publish","type":"post","link":"https:\/\/radioljubuski.ba\/index.php\/2022\/07\/26\/hrvati-u-svijetu-gustav-likan\/","title":{"rendered":"Hrvati u svijetu: Gustav Likan"},"content":{"rendered":"\n<p>\u010cesto \u010ditamo da je netko akademski slikar ili kipar. Takva bi nam titula trebala jam\u010diti da su njegova djela zaista vrijedna. Ali nije uvijek tako. Manjak talenta vi\u0161eput je prekriven \u201emoderno\u0161\u0107u\u201d, koju navodno obi\u010dni smrtnici ne razumiju. \u010cinjenica je da umjetnici i s akademskom titulom ponekad nisu spoj prirodne nadarenosti i dobre umjetni\u010dke izobrazbe, nego su \u201enau\u010dnici\u201d bez umjetni\u010dke vizije i vlastitoga likovnoga izri\u010daja. Ovdje \u0107u vas upoznati s Hrvatom koji je \u017eivio diljem svijeta, ponajdulje u Americi, kojega je Bog nadario umjetni\u010dkim darom, a on ga usavr\u0161io i svojim djelima obogatio ovaj svijet.<\/p>\n\n\n\n<h1 class=\"wp-block-heading\">Gustav Likan (1912. \u2013 1998.)<br>umjetnik \u2013 slikar<\/h1>\n\n\n\n<p>Gustav Likan ro\u0111en je u Lici (mjesto Srb) 1. svibnja 1912. (ponegdje stoji 1910.) Otac mu je bio in\u017eenjer. Pu\u010dku \u0161kolu zavr\u0161io je u Gospi\u0107u, gimnaziju u Zagrebu i potom bio \u010dinovnik u zagreba\u010dkoj Diskontnoj banci. Uro\u0111ena umjetni\u010dka \u201e\u017eica\u201d nije mu dala mira pa je (dobrotom ravnatelja banke) i\u0161ao na privatne pouke kod poznatoga zagreba\u010dkoga umjetnika prof. Roberta Auera, koji je prepoznao nadarenost mladoga Li\u010danina i pomogao mu po\u0107i na Umjetni\u010dku akademiju u M\u00fcnchenu (1929.), koju je neko\u0107 i Auer poha\u0111ao.<\/p>\n\n\n\n<p>Likan je bio tako uspje\u0161an da je imenovan po\u010dasnim studentom, a to mu je omogu\u0107ilo dodjelu ateljea i modela. Ali mladu i znati\u017eeljnu Likanu M\u00fcnchen nije bio dostatan. Oti\u0161ao je u Rim i ondje proveo nekoliko mjeseci. Potom se uputio u Pariz, kojega su \u017eeljni svi umjetnici, ostao blizu godine dana i tu se zanio impresionizmom. Nakon pari\u0161kih iskustava, odlazi u Amsterdam gdje, uz neumoran rad, posje\u0107uje muzeje, posebice one u obli\u017enjem Haarlemu. I u Nizozemskoj je boravio oko godinu dana, vratio se u M\u00fcnchen i potom u Hrvatsku (1936). Nakon vi\u0161emjese\u010dnoga putovanja i slikanja po Dalmaciji, vratio se ponovno u M\u00fcnchen i prenosio na platno skice koje je napravio tijekom putovanja po mjestima uz obalu plavoga Jadrana.<\/p>\n\n\n\n<p>Po muzejima je pomno promatrao radove starih majstora, od njih u\u010dio i usavr\u0161avao vlastiti umjetni\u010dki izra\u017eaj. Ve\u0107 u tim danima uspje\u0161no je oslikavao portrete i imao narud\u017ebe od vi\u0161e dr\u017eavnika i \u010dlanova plemi\u0107kih obitelji.<\/p>\n\n\n\n<p>Dok je \u017eivio u Europi izlagao je i u sljede\u0107im gradovima: M\u00fcnchen, Berlin, Pariz, Amsterdam, Kopenhagen, Odense, Aarhus, Gothenburg, Oslo, Stockholm, Be\u010d, Bratislava, Salzburg i Split, a u Zagrebu je od 1932. do 1944. imao nekoliko izlo\u017eaba. Premda je bio mlad nije se bojao stupiti na svjetsku pozornicu i suo\u010diti se s kritikom. To mu je uvijek bio poticaj da u\u010di i sve uspje\u0161nije stvara.<\/p>\n\n\n\n<p>Na kraju 2. svjetskoga rata Likan se na\u0161ao u Austriji, kao i mnogi drugi Hrvati toga tegobnoga vremena, ali \u010dak i u tim prilikama on slika. Posljednja europska izlo\u017eba bila mu je u poratnom Salzburgu.<\/p>\n\n\n\n<p>Godine 1950. odlazi u Argentinu i odmah nastavlja s umjetni\u010dkim djelatnostima. Osim \u0161to je izradio vi\u0161e portreta i nekoliko puta izlagao u poznatoj Galeriji Mueller u Buenos Airesu, Likan je, na osobni poziv Eve Per\u00f3n, oslikao velik broj murala u ustanovama pod okriljem njezine humanitarne zaklade.<\/p>\n\n\n\n<p>Poznati su njegovi murali u Buenos Airesu, Mendozi, Cordobi, Corrientesu, Tucumanu, Rosariju, Termal de Reyesu, San Juanu, Salti i Formosi, a najpoznatiji mu je bio u bolnici za bolesnu djecu u Termas de Reyes u San Salvador de Jujuyu, koju su poslije politi\u010dari pretvorili u luksuzni hotel za sebe i svoje obitelji.<\/p>\n\n\n\n<figure class=\"wp-block-image\"><img decoding=\"async\" src=\"https:\/\/www.hkv.hr\/images\/stories\/slike15\/01\/IM_Gustav_Likan.png\" alt=\"IM Gustav Likan\"\/><\/figure>\n\n\n\n<p>Nakon umjetni\u010dkih uspjeha u Argentini, krajem travnja godine 1957. do\u0161ao je u Chicago. Premda u novoj sredini, relativno brzo imao je atelje (s jo\u0161 nekim umjetnicima) na presti\u017enu mjestu u centru grada (619 N. Michigan Ave.). Umjetni\u010dki ugled u Chicagu jako mu je porastao nakon oslikavanja portreta vrlo poznatih i utjecajnih osoba, kao \u0161to su bili Conrad Hilton, utemeljitelj i vlasnik hotelskoga lanca \u201eHilton\u201d, biv\u0161i predsjednik SAD-a Herbert Hoover, veletrgovac pokojni Marshall Field, chica\u0161ki nadbiskup Samuel kardinal Stritch i drugi. Njegova slika \u201eAmeri\u010dka tragedija\u201c (1963.), u kojoj oslikava o\u017ealo\u0161\u0107enu obitelji Kennedy (sada u Predsjedni\u010dkoj knji\u017enici L. B. Johnsona) postala je prepoznatljiva u cijeloj Americi. Hrvati u SAD-u posebice su cijenili njegove portrete umjetnika Ivana Me\u0161trovi\u0107a i Alojzija kardinala Stepinca, koji je objavljen 1959. na naslovnoj stranici spomen-knjige \u201eCardinal Stepinca Day\u201d u Chicagu. Likan je ponajvi\u0161e cijenio portret svoje supruge, koji mu je, na\u017ealost, bio otu\u0111en i zagubljen, a autor ga nije nikad pre\u017ealio.<\/p>\n\n\n\n<p>Chica\u0161ki umjetni\u010dki krugovi prepoznali su njegove talente i dobio je mjesto profesora na tamo\u0161njoj Akademiji likovnih umjetnosti.<\/p>\n\n\n\n<p>Prva izlo\u017eba njegovih radova u Americi bila je u Chicagu u svibnju 1959. Izlagao je i u New Yorku, Denveru, Los Angelesu, Sacramentu, Atlanti, Toluci (Meksiko), Austinu i drugdje. Zanimljivo, \u201eVincent Price Museum\u201d u Los Angelesu jedno\u0107 je otkupio 250 njegovih slika i crte\u017ea.<\/p>\n\n\n\n<figure class=\"wp-block-image\"><img decoding=\"async\" src=\"https:\/\/www.hkv.hr\/images\/stories\/slike15\/01\/As-Gustav_Likan.png\" alt=\"AS Gustav Likan\"\/><\/figure>\n\n\n\n<p>Likan je u Chicagu proveo deset godina i potom se odselio u Austin (1967.), glavni grad dr\u017eave Teksas. U tom je gradu tijekom 11 godina podu\u010davao u muzeju Laguna Gloria. Imao je sna\u017ean utjecaj na velik krug mladih umjetnika, kao i na ja\u010danje interesa za umjetnost u tom dijelu Amerike. Slikao je do kraja \u017eivota i njegovi radovi u osebujnim bojama priskrbili su mu titulu \u201eoca akrila\u201c. Likanove slike nalaze se u galerijama diljem Europe i Amerike, i u nekoliko galerija u Hrvatskoj.<\/p>\n\n\n\n<p>Suvremenici opisuju Likana kao pomalo neobi\u010dna, ali me\u0111u studentima vrlo cijenjena i popularna u\u010ditelja. Naime, dok je predavao u Chicagu \u201e\u0161efovi\u201d su mu zamjerili \u0161to je studentima dopu\u0161tao pu\u0161iti za vrijeme poduke i nikad nije zapisivao tko jest\/nije do\u0161ao na predavanje. Zbog svoje neformalnosti bio je blizak studentima i omiljen, posebice u Austinu. Nadahnjivao ih je da budu slobodni, smioni, znati\u017eeljni i neumorni u radu. Godine 1993. Likan je na engleskom objavio biografske zapise \u201eThe Life and Times of Gustav Likan, Collected Anecdotes\u201d \/ \u017divot i vrijeme Gustava Likana \u2013 Zbirka anegdota.<\/p>\n\n\n\n<p>Likan je umro 18. (ponegdje pi\u0161e 20.) listopada 1998. u svom domu u West Lake Hillsu, nedaleko od Austina. On i supruga mu Barbara imali su sina Michaela, koji je tako\u0111er umjetnik.<\/p>\n\n\n\n<p>Nakon odlaska iz Chicaga, Gustav Likan poprili\u010dno se udaljio od hrvatskog zajedni\u0161tva u Americi i zato je ostao malo prepoznatljiv me\u0111u tamo\u0161njim mla\u0111im nara\u0161tajima. Taj nadareni i uspje\u0161ni sin Like malo je poznat i u Hrvatskoj, osim \u0161to mu je u Gospi\u0107u bila posve\u0107ena izlo\u017eba \u201eLikanala\u201d 2013. godine.<\/p>\n\n\n\n<p>dr. <strong>A<\/strong>nte <strong>\u010c<\/strong>uvalo<\/p>\n\n\n\n<p>izvor:hkv.hr<\/p>\n","protected":false},"excerpt":{"rendered":"<p>\u010cesto \u010ditamo da je netko akademski slikar ili kipar. Takva bi nam titula trebala jam\u010diti da su njegova djela zaista vrijedna. Ali nije uvijek tako. Manjak talenta vi\u0161eput je prekriven \u201emoderno\u0161\u0107u\u201d, koju navodno obi\u010dni smrtnici ne razumiju. \u010cinjenica je da umjetnici i s akademskom titulom ponekad nisu spoj prirodne nadarenosti i dobre umjetni\u010dke izobrazbe, nego [&hellip;]<\/p>\n","protected":false},"author":2,"featured_media":163762,"comment_status":"closed","ping_status":"closed","sticky":false,"template":"","format":"standard","meta":{"h5ap_radio_sources":[],"footnotes":""},"categories":[1],"tags":[],"class_list":["post-163761","post","type-post","status-publish","format-standard","has-post-thumbnail","hentry","category-bihiregija"],"yoast_head":"<!-- This site is optimized with the Yoast SEO plugin v27.5 - https:\/\/yoast.com\/product\/yoast-seo-wordpress\/ -->\n<title>Hrvati u svijetu: Gustav Likan - RADIO LJUBU\u0160KI<\/title>\n<meta name=\"robots\" content=\"index, follow, max-snippet:-1, max-image-preview:large, max-video-preview:-1\" \/>\n<link rel=\"canonical\" href=\"https:\/\/radioljubuski.ba\/index.php\/2022\/07\/26\/hrvati-u-svijetu-gustav-likan\/\" \/>\n<meta property=\"og:locale\" content=\"hr_HR\" \/>\n<meta property=\"og:type\" content=\"article\" \/>\n<meta property=\"og:title\" content=\"Hrvati u svijetu: Gustav Likan - RADIO LJUBU\u0160KI\" \/>\n<meta property=\"og:description\" content=\"\u010cesto \u010ditamo da je netko akademski slikar ili kipar. Takva bi nam titula trebala jam\u010diti da su njegova djela zaista vrijedna. Ali nije uvijek tako. Manjak talenta vi\u0161eput je prekriven \u201emoderno\u0161\u0107u\u201d, koju navodno obi\u010dni smrtnici ne razumiju. \u010cinjenica je da umjetnici i s akademskom titulom ponekad nisu spoj prirodne nadarenosti i dobre umjetni\u010dke izobrazbe, nego [&hellip;]\" \/>\n<meta property=\"og:url\" content=\"https:\/\/radioljubuski.ba\/index.php\/2022\/07\/26\/hrvati-u-svijetu-gustav-likan\/\" \/>\n<meta property=\"og:site_name\" content=\"RADIO LJUBU\u0160KI\" \/>\n<meta property=\"article:publisher\" content=\"https:\/\/www.facebook.com\/Radiio-Ljubuski-1490835324566332\" \/>\n<meta property=\"article:published_time\" content=\"2022-07-26T14:29:30+00:00\" \/>\n<meta property=\"article:modified_time\" content=\"2022-07-26T14:29:32+00:00\" \/>\n<meta property=\"og:image\" content=\"https:\/\/radioljubuski.ba\/wp-content\/uploads\/2022\/07\/Gustav_Likan.jpg\" \/>\n\t<meta property=\"og:image:width\" content=\"300\" \/>\n\t<meta property=\"og:image:height\" content=\"298\" \/>\n\t<meta property=\"og:image:type\" content=\"image\/jpeg\" \/>\n<meta name=\"author\" content=\"Radio Ljubu\u0161ki\" \/>\n<meta name=\"twitter:card\" content=\"summary_large_image\" \/>\n<meta name=\"twitter:creator\" content=\"@radioljubuski\" \/>\n<meta name=\"twitter:site\" content=\"@radioljubuski\" \/>\n<meta name=\"twitter:label1\" content=\"Napisao\/la\" \/>\n\t<meta name=\"twitter:data1\" content=\"Radio Ljubu\u0161ki\" \/>\n\t<meta name=\"twitter:label2\" content=\"Procijenjeno vrijeme \u010ditanja\" \/>\n\t<meta name=\"twitter:data2\" content=\"5 minuta\" \/>\n<script type=\"application\/ld+json\" class=\"yoast-schema-graph\">{\"@context\":\"https:\\\/\\\/schema.org\",\"@graph\":[{\"@type\":\"Article\",\"@id\":\"https:\\\/\\\/radioljubuski.ba\\\/index.php\\\/2022\\\/07\\\/26\\\/hrvati-u-svijetu-gustav-likan\\\/#article\",\"isPartOf\":{\"@id\":\"https:\\\/\\\/radioljubuski.ba\\\/index.php\\\/2022\\\/07\\\/26\\\/hrvati-u-svijetu-gustav-likan\\\/\"},\"author\":{\"name\":\"Radio Ljubu\u0161ki\",\"@id\":\"https:\\\/\\\/radioljubuski.ba\\\/#\\\/schema\\\/person\\\/19fc700381a780f69665d7956c469e3b\"},\"headline\":\"Hrvati u svijetu: Gustav Likan\",\"datePublished\":\"2022-07-26T14:29:30+00:00\",\"dateModified\":\"2022-07-26T14:29:32+00:00\",\"mainEntityOfPage\":{\"@id\":\"https:\\\/\\\/radioljubuski.ba\\\/index.php\\\/2022\\\/07\\\/26\\\/hrvati-u-svijetu-gustav-likan\\\/\"},\"wordCount\":1090,\"publisher\":{\"@id\":\"https:\\\/\\\/radioljubuski.ba\\\/#organization\"},\"image\":{\"@id\":\"https:\\\/\\\/radioljubuski.ba\\\/index.php\\\/2022\\\/07\\\/26\\\/hrvati-u-svijetu-gustav-likan\\\/#primaryimage\"},\"thumbnailUrl\":\"https:\\\/\\\/radioljubuski.ba\\\/wp-content\\\/uploads\\\/2022\\\/07\\\/Gustav_Likan.jpg\",\"articleSection\":[\"BIH i regija\"],\"inLanguage\":\"hr\"},{\"@type\":\"WebPage\",\"@id\":\"https:\\\/\\\/radioljubuski.ba\\\/index.php\\\/2022\\\/07\\\/26\\\/hrvati-u-svijetu-gustav-likan\\\/\",\"url\":\"https:\\\/\\\/radioljubuski.ba\\\/index.php\\\/2022\\\/07\\\/26\\\/hrvati-u-svijetu-gustav-likan\\\/\",\"name\":\"Hrvati u svijetu: Gustav Likan - RADIO LJUBU\u0160KI\",\"isPartOf\":{\"@id\":\"https:\\\/\\\/radioljubuski.ba\\\/#website\"},\"primaryImageOfPage\":{\"@id\":\"https:\\\/\\\/radioljubuski.ba\\\/index.php\\\/2022\\\/07\\\/26\\\/hrvati-u-svijetu-gustav-likan\\\/#primaryimage\"},\"image\":{\"@id\":\"https:\\\/\\\/radioljubuski.ba\\\/index.php\\\/2022\\\/07\\\/26\\\/hrvati-u-svijetu-gustav-likan\\\/#primaryimage\"},\"thumbnailUrl\":\"https:\\\/\\\/radioljubuski.ba\\\/wp-content\\\/uploads\\\/2022\\\/07\\\/Gustav_Likan.jpg\",\"datePublished\":\"2022-07-26T14:29:30+00:00\",\"dateModified\":\"2022-07-26T14:29:32+00:00\",\"breadcrumb\":{\"@id\":\"https:\\\/\\\/radioljubuski.ba\\\/index.php\\\/2022\\\/07\\\/26\\\/hrvati-u-svijetu-gustav-likan\\\/#breadcrumb\"},\"inLanguage\":\"hr\",\"potentialAction\":[{\"@type\":\"ReadAction\",\"target\":[\"https:\\\/\\\/radioljubuski.ba\\\/index.php\\\/2022\\\/07\\\/26\\\/hrvati-u-svijetu-gustav-likan\\\/\"]}]},{\"@type\":\"ImageObject\",\"inLanguage\":\"hr\",\"@id\":\"https:\\\/\\\/radioljubuski.ba\\\/index.php\\\/2022\\\/07\\\/26\\\/hrvati-u-svijetu-gustav-likan\\\/#primaryimage\",\"url\":\"https:\\\/\\\/radioljubuski.ba\\\/wp-content\\\/uploads\\\/2022\\\/07\\\/Gustav_Likan.jpg\",\"contentUrl\":\"https:\\\/\\\/radioljubuski.ba\\\/wp-content\\\/uploads\\\/2022\\\/07\\\/Gustav_Likan.jpg\",\"width\":300,\"height\":298},{\"@type\":\"BreadcrumbList\",\"@id\":\"https:\\\/\\\/radioljubuski.ba\\\/index.php\\\/2022\\\/07\\\/26\\\/hrvati-u-svijetu-gustav-likan\\\/#breadcrumb\",\"itemListElement\":[{\"@type\":\"ListItem\",\"position\":1,\"name\":\"Po\u010detna stranica\",\"item\":\"https:\\\/\\\/radioljubuski.ba\\\/\"},{\"@type\":\"ListItem\",\"position\":2,\"name\":\"Hrvati u svijetu: Gustav Likan\"}]},{\"@type\":\"WebSite\",\"@id\":\"https:\\\/\\\/radioljubuski.ba\\\/#website\",\"url\":\"https:\\\/\\\/radioljubuski.ba\\\/\",\"name\":\"Radio Ljubu\u0161ki\",\"description\":\"Sun\u010dana frekvencija Hercegovine\",\"publisher\":{\"@id\":\"https:\\\/\\\/radioljubuski.ba\\\/#organization\"},\"potentialAction\":[{\"@type\":\"SearchAction\",\"target\":{\"@type\":\"EntryPoint\",\"urlTemplate\":\"https:\\\/\\\/radioljubuski.ba\\\/?s={search_term_string}\"},\"query-input\":{\"@type\":\"PropertyValueSpecification\",\"valueRequired\":true,\"valueName\":\"search_term_string\"}}],\"inLanguage\":\"hr\"},{\"@type\":\"Organization\",\"@id\":\"https:\\\/\\\/radioljubuski.ba\\\/#organization\",\"name\":\"Radio Ljubu\u0161ki\",\"url\":\"https:\\\/\\\/radioljubuski.ba\\\/\",\"logo\":{\"@type\":\"ImageObject\",\"inLanguage\":\"hr\",\"@id\":\"https:\\\/\\\/radioljubuski.ba\\\/#\\\/schema\\\/logo\\\/image\\\/\",\"url\":\"https:\\\/\\\/radioljubuski.ba\\\/wp-content\\\/uploads\\\/2021\\\/02\\\/cropped-Radio_Ljubuski_logo1.jpg\",\"contentUrl\":\"https:\\\/\\\/radioljubuski.ba\\\/wp-content\\\/uploads\\\/2021\\\/02\\\/cropped-Radio_Ljubuski_logo1.jpg\",\"width\":512,\"height\":512,\"caption\":\"Radio Ljubu\u0161ki\"},\"image\":{\"@id\":\"https:\\\/\\\/radioljubuski.ba\\\/#\\\/schema\\\/logo\\\/image\\\/\"},\"sameAs\":[\"https:\\\/\\\/www.facebook.com\\\/Radiio-Ljubuski-1490835324566332\",\"https:\\\/\\\/x.com\\\/radioljubuski\",\"https:\\\/\\\/hr.linkedin.com\\\/company\\\/radio-ljubuski\",\"https:\\\/\\\/www.youtube.com\\\/channel\\\/UCHYaeO_n0Db3tjNGudGpXyw\"]},{\"@type\":\"Person\",\"@id\":\"https:\\\/\\\/radioljubuski.ba\\\/#\\\/schema\\\/person\\\/19fc700381a780f69665d7956c469e3b\",\"name\":\"Radio Ljubu\u0161ki\"}]}<\/script>\n<!-- \/ Yoast SEO plugin. -->","yoast_head_json":{"title":"Hrvati u svijetu: Gustav Likan - RADIO LJUBU\u0160KI","robots":{"index":"index","follow":"follow","max-snippet":"max-snippet:-1","max-image-preview":"max-image-preview:large","max-video-preview":"max-video-preview:-1"},"canonical":"https:\/\/radioljubuski.ba\/index.php\/2022\/07\/26\/hrvati-u-svijetu-gustav-likan\/","og_locale":"hr_HR","og_type":"article","og_title":"Hrvati u svijetu: Gustav Likan - RADIO LJUBU\u0160KI","og_description":"\u010cesto \u010ditamo da je netko akademski slikar ili kipar. Takva bi nam titula trebala jam\u010diti da su njegova djela zaista vrijedna. Ali nije uvijek tako. Manjak talenta vi\u0161eput je prekriven \u201emoderno\u0161\u0107u\u201d, koju navodno obi\u010dni smrtnici ne razumiju. \u010cinjenica je da umjetnici i s akademskom titulom ponekad nisu spoj prirodne nadarenosti i dobre umjetni\u010dke izobrazbe, nego [&hellip;]","og_url":"https:\/\/radioljubuski.ba\/index.php\/2022\/07\/26\/hrvati-u-svijetu-gustav-likan\/","og_site_name":"RADIO LJUBU\u0160KI","article_publisher":"https:\/\/www.facebook.com\/Radiio-Ljubuski-1490835324566332","article_published_time":"2022-07-26T14:29:30+00:00","article_modified_time":"2022-07-26T14:29:32+00:00","og_image":[{"width":300,"height":298,"url":"https:\/\/radioljubuski.ba\/wp-content\/uploads\/2022\/07\/Gustav_Likan.jpg","type":"image\/jpeg"}],"author":"Radio Ljubu\u0161ki","twitter_card":"summary_large_image","twitter_creator":"@radioljubuski","twitter_site":"@radioljubuski","twitter_misc":{"Napisao\/la":"Radio Ljubu\u0161ki","Procijenjeno vrijeme \u010ditanja":"5 minuta"},"schema":{"@context":"https:\/\/schema.org","@graph":[{"@type":"Article","@id":"https:\/\/radioljubuski.ba\/index.php\/2022\/07\/26\/hrvati-u-svijetu-gustav-likan\/#article","isPartOf":{"@id":"https:\/\/radioljubuski.ba\/index.php\/2022\/07\/26\/hrvati-u-svijetu-gustav-likan\/"},"author":{"name":"Radio Ljubu\u0161ki","@id":"https:\/\/radioljubuski.ba\/#\/schema\/person\/19fc700381a780f69665d7956c469e3b"},"headline":"Hrvati u svijetu: Gustav Likan","datePublished":"2022-07-26T14:29:30+00:00","dateModified":"2022-07-26T14:29:32+00:00","mainEntityOfPage":{"@id":"https:\/\/radioljubuski.ba\/index.php\/2022\/07\/26\/hrvati-u-svijetu-gustav-likan\/"},"wordCount":1090,"publisher":{"@id":"https:\/\/radioljubuski.ba\/#organization"},"image":{"@id":"https:\/\/radioljubuski.ba\/index.php\/2022\/07\/26\/hrvati-u-svijetu-gustav-likan\/#primaryimage"},"thumbnailUrl":"https:\/\/radioljubuski.ba\/wp-content\/uploads\/2022\/07\/Gustav_Likan.jpg","articleSection":["BIH i regija"],"inLanguage":"hr"},{"@type":"WebPage","@id":"https:\/\/radioljubuski.ba\/index.php\/2022\/07\/26\/hrvati-u-svijetu-gustav-likan\/","url":"https:\/\/radioljubuski.ba\/index.php\/2022\/07\/26\/hrvati-u-svijetu-gustav-likan\/","name":"Hrvati u svijetu: Gustav Likan - RADIO LJUBU\u0160KI","isPartOf":{"@id":"https:\/\/radioljubuski.ba\/#website"},"primaryImageOfPage":{"@id":"https:\/\/radioljubuski.ba\/index.php\/2022\/07\/26\/hrvati-u-svijetu-gustav-likan\/#primaryimage"},"image":{"@id":"https:\/\/radioljubuski.ba\/index.php\/2022\/07\/26\/hrvati-u-svijetu-gustav-likan\/#primaryimage"},"thumbnailUrl":"https:\/\/radioljubuski.ba\/wp-content\/uploads\/2022\/07\/Gustav_Likan.jpg","datePublished":"2022-07-26T14:29:30+00:00","dateModified":"2022-07-26T14:29:32+00:00","breadcrumb":{"@id":"https:\/\/radioljubuski.ba\/index.php\/2022\/07\/26\/hrvati-u-svijetu-gustav-likan\/#breadcrumb"},"inLanguage":"hr","potentialAction":[{"@type":"ReadAction","target":["https:\/\/radioljubuski.ba\/index.php\/2022\/07\/26\/hrvati-u-svijetu-gustav-likan\/"]}]},{"@type":"ImageObject","inLanguage":"hr","@id":"https:\/\/radioljubuski.ba\/index.php\/2022\/07\/26\/hrvati-u-svijetu-gustav-likan\/#primaryimage","url":"https:\/\/radioljubuski.ba\/wp-content\/uploads\/2022\/07\/Gustav_Likan.jpg","contentUrl":"https:\/\/radioljubuski.ba\/wp-content\/uploads\/2022\/07\/Gustav_Likan.jpg","width":300,"height":298},{"@type":"BreadcrumbList","@id":"https:\/\/radioljubuski.ba\/index.php\/2022\/07\/26\/hrvati-u-svijetu-gustav-likan\/#breadcrumb","itemListElement":[{"@type":"ListItem","position":1,"name":"Po\u010detna stranica","item":"https:\/\/radioljubuski.ba\/"},{"@type":"ListItem","position":2,"name":"Hrvati u svijetu: Gustav Likan"}]},{"@type":"WebSite","@id":"https:\/\/radioljubuski.ba\/#website","url":"https:\/\/radioljubuski.ba\/","name":"Radio Ljubu\u0161ki","description":"Sun\u010dana frekvencija Hercegovine","publisher":{"@id":"https:\/\/radioljubuski.ba\/#organization"},"potentialAction":[{"@type":"SearchAction","target":{"@type":"EntryPoint","urlTemplate":"https:\/\/radioljubuski.ba\/?s={search_term_string}"},"query-input":{"@type":"PropertyValueSpecification","valueRequired":true,"valueName":"search_term_string"}}],"inLanguage":"hr"},{"@type":"Organization","@id":"https:\/\/radioljubuski.ba\/#organization","name":"Radio Ljubu\u0161ki","url":"https:\/\/radioljubuski.ba\/","logo":{"@type":"ImageObject","inLanguage":"hr","@id":"https:\/\/radioljubuski.ba\/#\/schema\/logo\/image\/","url":"https:\/\/radioljubuski.ba\/wp-content\/uploads\/2021\/02\/cropped-Radio_Ljubuski_logo1.jpg","contentUrl":"https:\/\/radioljubuski.ba\/wp-content\/uploads\/2021\/02\/cropped-Radio_Ljubuski_logo1.jpg","width":512,"height":512,"caption":"Radio Ljubu\u0161ki"},"image":{"@id":"https:\/\/radioljubuski.ba\/#\/schema\/logo\/image\/"},"sameAs":["https:\/\/www.facebook.com\/Radiio-Ljubuski-1490835324566332","https:\/\/x.com\/radioljubuski","https:\/\/hr.linkedin.com\/company\/radio-ljubuski","https:\/\/www.youtube.com\/channel\/UCHYaeO_n0Db3tjNGudGpXyw"]},{"@type":"Person","@id":"https:\/\/radioljubuski.ba\/#\/schema\/person\/19fc700381a780f69665d7956c469e3b","name":"Radio Ljubu\u0161ki"}]}},"_links":{"self":[{"href":"https:\/\/radioljubuski.ba\/index.php\/wp-json\/wp\/v2\/posts\/163761","targetHints":{"allow":["GET"]}}],"collection":[{"href":"https:\/\/radioljubuski.ba\/index.php\/wp-json\/wp\/v2\/posts"}],"about":[{"href":"https:\/\/radioljubuski.ba\/index.php\/wp-json\/wp\/v2\/types\/post"}],"author":[{"embeddable":true,"href":"https:\/\/radioljubuski.ba\/index.php\/wp-json\/wp\/v2\/users\/2"}],"replies":[{"embeddable":true,"href":"https:\/\/radioljubuski.ba\/index.php\/wp-json\/wp\/v2\/comments?post=163761"}],"version-history":[{"count":1,"href":"https:\/\/radioljubuski.ba\/index.php\/wp-json\/wp\/v2\/posts\/163761\/revisions"}],"predecessor-version":[{"id":163763,"href":"https:\/\/radioljubuski.ba\/index.php\/wp-json\/wp\/v2\/posts\/163761\/revisions\/163763"}],"wp:featuredmedia":[{"embeddable":true,"href":"https:\/\/radioljubuski.ba\/index.php\/wp-json\/wp\/v2\/media\/163762"}],"wp:attachment":[{"href":"https:\/\/radioljubuski.ba\/index.php\/wp-json\/wp\/v2\/media?parent=163761"}],"wp:term":[{"taxonomy":"category","embeddable":true,"href":"https:\/\/radioljubuski.ba\/index.php\/wp-json\/wp\/v2\/categories?post=163761"},{"taxonomy":"post_tag","embeddable":true,"href":"https:\/\/radioljubuski.ba\/index.php\/wp-json\/wp\/v2\/tags?post=163761"}],"curies":[{"name":"wp","href":"https:\/\/api.w.org\/{rel}","templated":true}]}}