{"id":16377,"date":"2021-04-26T09:42:30","date_gmt":"2021-04-26T08:42:30","guid":{"rendered":"https:\/\/radioljubuski.ba\/?p=16377"},"modified":"2021-04-26T09:42:31","modified_gmt":"2021-04-26T08:42:31","slug":"lijecnicko-povjerenstvo-smanjilo-invaliditet-za-10-872-a-ukinulo-za-5808-branitelja","status":"publish","type":"post","link":"https:\/\/radioljubuski.ba\/index.php\/2021\/04\/26\/lijecnicko-povjerenstvo-smanjilo-invaliditet-za-10-872-a-ukinulo-za-5808-branitelja\/","title":{"rendered":"Lije\u010dni\u010dko povjerenstvo smanjilo invaliditet za 10.872, a ukinulo za 5808 branitelja"},"content":{"rendered":"\n<p>U razdoblju od 29. travnja 2011., kada su prvi put dostavljeni predmeti Institutu, do 31. prosinca 2020. Lije\u010dni\u010dkom povjerenstvu Instituta za medicinsko vje\u0161ta\u010denje po Zakonu o provo\u0111enju kontrole zakonitosti kori\u0161tenja prava iz oblasti braniteljsko-invalidske za\u0161tite dostavljeno je ukupno 53.848 predmeta<\/p>\n\n\n\n<p>Vlada FBiH prihvatila je informaciju o primjeni Zakona o provo\u0111enju kontrole zakonitosti kori\u0161tenja prava iz oblasti braniteljsko-invalidske za\u0161tite za razdoblje od listopada do prosinca 2020.&nbsp;Ve\u010dernji list BiH&nbsp;donosi&nbsp;dio iz informacije, koji se odnosi na pokazatelje o radu Lije\u010dni\u010dkoga povjerenstva Instituta u postupku po Zakonu o reviziji.<\/p>\n\n\n\n<p>Rezultati vje\u0161ta\u010denja<\/p>\n\n\n\n<p>U razdoblju od 29. travnja 2011., kada su prvi put dostavljeni predmeti Institutu, do 31. prosinca 2020. Lije\u010dni\u010dkom povjerenstvu Instituta za medicinsko vje\u0161ta\u010denje po Zakonu o provo\u0111enju kontrole zakonitosti kori\u0161tenja prava iz oblasti braniteljsko-invalidske za\u0161tite dostavljeno je ukupno 53.848 predmeta. Od tog broja dani su nalazi i mi\u0161ljenja u ukupno 53.057 predmeta. S 31. prosinca 2020. kod Povjerenstva se nalazi 791 predmet u kojem nije okon\u010dano medicinsko vje\u0161ta\u010denje. Od 53.057 danih nalaza i mi\u0161ljenja, postotak invaliditeta po nalazima i mi\u0161ljenjima Povjerenstva u odnosu na utvr\u0111ene kona\u010dnim odlukama u predmetima osobne invalidnine isti je u 35.513 predmeta, ve\u0107i u 706, manji u 10.872 predmeta, ukinut u 5808, a u 158 predmeta vojni invaliditet nije ocijenjen. U ukupno 32 dana nalaza i mi\u0161ljenja u predmetima obiteljske invalidnine (uzro\u010dno-posljedi\u010dna veza izme\u0111u smrti RVI i osnove po kojoj mu je bilo priznato svojstvo RVI i nesposobnost za rad) stanje u odnosu na utvr\u0111eno kona\u010dnom odlukom ostalo je isto u svim predmetima. U IV. tromjese\u010dju 2020. Odjeli za upravno rje\u0161avanje dostavio je Povjerenstvu 373 predmeta osobne invalidnine i ni jedan predmet obiteljske invalidnine, a ono je u 626 predmeta osobne invalidnine dalo nalaz i mi\u0161ljenje. U IV. tromjese\u010dju 2020., od 626 nalaza i mi\u0161ljenja danih u tom razdoblju, postotak invaliditeta po nalazima i mi\u0161ljenjima Povjerenstva u odnosu na utvr\u0111eni kona\u010dnim odlukama isti je u 306 predmeta, ve\u0107i u 5, manji u 265, ukinut u 38 i nije ocijenjen u 12 predmeta.<\/p>\n\n\n\n<p>Ortopedski dodatak<\/p>\n\n\n\n<p>Ortopedski dodatak od po\u010detka druge faze revizije do 31. prosinca 2020. ocijenjen je u 10.011 predmeta korisnika prava na osobnu invalidninu, pri \u010demu je postoje\u0107i stupanj potvr\u0111en u 8128 predmeta, pove\u0107an u 94, smanjen u 169, ukinut u 1349, prvi put utvr\u0111en u 263 predmeta, a nije ocijenjen u sedam predmeta. U IV. tromjese\u010dju 2020. ortopedski dodatak ocijenjen je u 46 predmeta korisnika prava na osobnu invalidninu, pri \u010demu je postoje\u0107i stupanj potvr\u0111en u 19 predmeta, smanjen u jednom, ukinut u 13, prvi put utvr\u0111en u devet, a nije pove\u0107an ni u jednom i nije ocijenjen u 4 predmeta. Dodatak za njegu i pomo\u0107 od druge osobe od po\u010detka druge faze revizije do 31. prosinca 2020. ocijenjen je u 881 predmetu korisnika prava na osobnu invalidninu, pri \u010demu je postoje\u0107i stupanj tu\u0111e njege potvr\u0111en u 779 predmeta, pove\u0107an u 10, smanjen u 39, ukinut u 40, prvi put utvr\u0111en u 9 predmeta, a nije ocijenjen u \u010detiri predmeta. U IV. tromjese\u010dju 2020. dodatak za njegu i pomo\u0107 od druge osobe ocijenjen je u pet predmeta korisnika prava na osobnu invalidninu, pri \u010demu je u dva predmetu potvr\u0111en postoje\u0107i stupanj tu\u0111e njege, ukinut tako\u0111er u dva predmeta, dok nije ocijenjen u jednom predmet<\/p>\n\n\n\n<p>Izvor:vecernji.ba<\/p>\n","protected":false},"excerpt":{"rendered":"<p>U razdoblju od 29. travnja 2011., kada su prvi put dostavljeni predmeti Institutu, do 31. prosinca 2020. Lije\u010dni\u010dkom povjerenstvu Instituta za medicinsko vje\u0161ta\u010denje po Zakonu o provo\u0111enju kontrole zakonitosti kori\u0161tenja prava iz oblasti braniteljsko-invalidske za\u0161tite dostavljeno je ukupno 53.848 predmeta Vlada FBiH prihvatila je informaciju o primjeni Zakona o provo\u0111enju kontrole zakonitosti kori\u0161tenja prava iz [&hellip;]<\/p>\n","protected":false},"author":2,"featured_media":16378,"comment_status":"closed","ping_status":"closed","sticky":false,"template":"","format":"standard","meta":{"h5ap_radio_sources":[],"footnotes":""},"categories":[1],"tags":[],"class_list":["post-16377","post","type-post","status-publish","format-standard","has-post-thumbnail","hentry","category-bihiregija"],"yoast_head":"<!-- This site is optimized with the Yoast SEO plugin v27.4 - https:\/\/yoast.com\/product\/yoast-seo-wordpress\/ -->\n<title>Lije\u010dni\u010dko povjerenstvo smanjilo invaliditet za 10.872, a ukinulo za 5808 branitelja - RADIO LJUBU\u0160KI<\/title>\n<meta name=\"robots\" content=\"index, follow, max-snippet:-1, max-image-preview:large, max-video-preview:-1\" \/>\n<link rel=\"canonical\" href=\"https:\/\/radioljubuski.ba\/index.php\/2021\/04\/26\/lijecnicko-povjerenstvo-smanjilo-invaliditet-za-10-872-a-ukinulo-za-5808-branitelja\/\" \/>\n<meta property=\"og:locale\" content=\"hr_HR\" \/>\n<meta property=\"og:type\" content=\"article\" \/>\n<meta property=\"og:title\" content=\"Lije\u010dni\u010dko povjerenstvo smanjilo invaliditet za 10.872, a ukinulo za 5808 branitelja - RADIO LJUBU\u0160KI\" \/>\n<meta property=\"og:description\" content=\"U razdoblju od 29. travnja 2011., kada su prvi put dostavljeni predmeti Institutu, do 31. prosinca 2020. Lije\u010dni\u010dkom povjerenstvu Instituta za medicinsko vje\u0161ta\u010denje po Zakonu o provo\u0111enju kontrole zakonitosti kori\u0161tenja prava iz oblasti braniteljsko-invalidske za\u0161tite dostavljeno je ukupno 53.848 predmeta Vlada FBiH prihvatila je informaciju o primjeni Zakona o provo\u0111enju kontrole zakonitosti kori\u0161tenja prava iz [&hellip;]\" \/>\n<meta property=\"og:url\" content=\"https:\/\/radioljubuski.ba\/index.php\/2021\/04\/26\/lijecnicko-povjerenstvo-smanjilo-invaliditet-za-10-872-a-ukinulo-za-5808-branitelja\/\" \/>\n<meta property=\"og:site_name\" content=\"RADIO LJUBU\u0160KI\" \/>\n<meta property=\"article:publisher\" content=\"https:\/\/www.facebook.com\/Radiio-Ljubuski-1490835324566332\" \/>\n<meta property=\"article:published_time\" content=\"2021-04-26T08:42:30+00:00\" \/>\n<meta property=\"article:modified_time\" content=\"2021-04-26T08:42:31+00:00\" \/>\n<meta property=\"og:image\" content=\"https:\/\/radioljubuski.ba\/wp-content\/uploads\/2021\/04\/DNqgRhGH_branitelje.jpg\" \/>\n\t<meta property=\"og:image:width\" content=\"1000\" \/>\n\t<meta property=\"og:image:height\" content=\"625\" \/>\n\t<meta property=\"og:image:type\" content=\"image\/jpeg\" \/>\n<meta name=\"author\" content=\"Radio Ljubu\u0161ki\" \/>\n<meta name=\"twitter:card\" content=\"summary_large_image\" \/>\n<meta name=\"twitter:creator\" content=\"@radioljubuski\" \/>\n<meta name=\"twitter:site\" content=\"@radioljubuski\" \/>\n<meta name=\"twitter:label1\" content=\"Napisao\/la\" \/>\n\t<meta name=\"twitter:data1\" content=\"Radio Ljubu\u0161ki\" \/>\n\t<meta name=\"twitter:label2\" content=\"Procijenjeno vrijeme \u010ditanja\" \/>\n\t<meta name=\"twitter:data2\" content=\"3 minute\" \/>\n<script type=\"application\/ld+json\" class=\"yoast-schema-graph\">{\"@context\":\"https:\\\/\\\/schema.org\",\"@graph\":[{\"@type\":\"Article\",\"@id\":\"https:\\\/\\\/radioljubuski.ba\\\/index.php\\\/2021\\\/04\\\/26\\\/lijecnicko-povjerenstvo-smanjilo-invaliditet-za-10-872-a-ukinulo-za-5808-branitelja\\\/#article\",\"isPartOf\":{\"@id\":\"https:\\\/\\\/radioljubuski.ba\\\/index.php\\\/2021\\\/04\\\/26\\\/lijecnicko-povjerenstvo-smanjilo-invaliditet-za-10-872-a-ukinulo-za-5808-branitelja\\\/\"},\"author\":{\"name\":\"Radio Ljubu\u0161ki\",\"@id\":\"https:\\\/\\\/radioljubuski.ba\\\/#\\\/schema\\\/person\\\/19fc700381a780f69665d7956c469e3b\"},\"headline\":\"Lije\u010dni\u010dko povjerenstvo smanjilo invaliditet za 10.872, a ukinulo za 5808 branitelja\",\"datePublished\":\"2021-04-26T08:42:30+00:00\",\"dateModified\":\"2021-04-26T08:42:31+00:00\",\"mainEntityOfPage\":{\"@id\":\"https:\\\/\\\/radioljubuski.ba\\\/index.php\\\/2021\\\/04\\\/26\\\/lijecnicko-povjerenstvo-smanjilo-invaliditet-za-10-872-a-ukinulo-za-5808-branitelja\\\/\"},\"wordCount\":560,\"publisher\":{\"@id\":\"https:\\\/\\\/radioljubuski.ba\\\/#organization\"},\"image\":{\"@id\":\"https:\\\/\\\/radioljubuski.ba\\\/index.php\\\/2021\\\/04\\\/26\\\/lijecnicko-povjerenstvo-smanjilo-invaliditet-za-10-872-a-ukinulo-za-5808-branitelja\\\/#primaryimage\"},\"thumbnailUrl\":\"https:\\\/\\\/radioljubuski.ba\\\/wp-content\\\/uploads\\\/2021\\\/04\\\/DNqgRhGH_branitelje.jpg\",\"articleSection\":[\"BIH i regija\"],\"inLanguage\":\"hr\"},{\"@type\":\"WebPage\",\"@id\":\"https:\\\/\\\/radioljubuski.ba\\\/index.php\\\/2021\\\/04\\\/26\\\/lijecnicko-povjerenstvo-smanjilo-invaliditet-za-10-872-a-ukinulo-za-5808-branitelja\\\/\",\"url\":\"https:\\\/\\\/radioljubuski.ba\\\/index.php\\\/2021\\\/04\\\/26\\\/lijecnicko-povjerenstvo-smanjilo-invaliditet-za-10-872-a-ukinulo-za-5808-branitelja\\\/\",\"name\":\"Lije\u010dni\u010dko povjerenstvo smanjilo invaliditet za 10.872, a ukinulo za 5808 branitelja - RADIO LJUBU\u0160KI\",\"isPartOf\":{\"@id\":\"https:\\\/\\\/radioljubuski.ba\\\/#website\"},\"primaryImageOfPage\":{\"@id\":\"https:\\\/\\\/radioljubuski.ba\\\/index.php\\\/2021\\\/04\\\/26\\\/lijecnicko-povjerenstvo-smanjilo-invaliditet-za-10-872-a-ukinulo-za-5808-branitelja\\\/#primaryimage\"},\"image\":{\"@id\":\"https:\\\/\\\/radioljubuski.ba\\\/index.php\\\/2021\\\/04\\\/26\\\/lijecnicko-povjerenstvo-smanjilo-invaliditet-za-10-872-a-ukinulo-za-5808-branitelja\\\/#primaryimage\"},\"thumbnailUrl\":\"https:\\\/\\\/radioljubuski.ba\\\/wp-content\\\/uploads\\\/2021\\\/04\\\/DNqgRhGH_branitelje.jpg\",\"datePublished\":\"2021-04-26T08:42:30+00:00\",\"dateModified\":\"2021-04-26T08:42:31+00:00\",\"breadcrumb\":{\"@id\":\"https:\\\/\\\/radioljubuski.ba\\\/index.php\\\/2021\\\/04\\\/26\\\/lijecnicko-povjerenstvo-smanjilo-invaliditet-za-10-872-a-ukinulo-za-5808-branitelja\\\/#breadcrumb\"},\"inLanguage\":\"hr\",\"potentialAction\":[{\"@type\":\"ReadAction\",\"target\":[\"https:\\\/\\\/radioljubuski.ba\\\/index.php\\\/2021\\\/04\\\/26\\\/lijecnicko-povjerenstvo-smanjilo-invaliditet-za-10-872-a-ukinulo-za-5808-branitelja\\\/\"]}]},{\"@type\":\"ImageObject\",\"inLanguage\":\"hr\",\"@id\":\"https:\\\/\\\/radioljubuski.ba\\\/index.php\\\/2021\\\/04\\\/26\\\/lijecnicko-povjerenstvo-smanjilo-invaliditet-za-10-872-a-ukinulo-za-5808-branitelja\\\/#primaryimage\",\"url\":\"https:\\\/\\\/radioljubuski.ba\\\/wp-content\\\/uploads\\\/2021\\\/04\\\/DNqgRhGH_branitelje.jpg\",\"contentUrl\":\"https:\\\/\\\/radioljubuski.ba\\\/wp-content\\\/uploads\\\/2021\\\/04\\\/DNqgRhGH_branitelje.jpg\",\"width\":1000,\"height\":625},{\"@type\":\"BreadcrumbList\",\"@id\":\"https:\\\/\\\/radioljubuski.ba\\\/index.php\\\/2021\\\/04\\\/26\\\/lijecnicko-povjerenstvo-smanjilo-invaliditet-za-10-872-a-ukinulo-za-5808-branitelja\\\/#breadcrumb\",\"itemListElement\":[{\"@type\":\"ListItem\",\"position\":1,\"name\":\"Po\u010detna stranica\",\"item\":\"https:\\\/\\\/radioljubuski.ba\\\/\"},{\"@type\":\"ListItem\",\"position\":2,\"name\":\"Lije\u010dni\u010dko povjerenstvo smanjilo invaliditet za 10.872, a ukinulo za 5808 branitelja\"}]},{\"@type\":\"WebSite\",\"@id\":\"https:\\\/\\\/radioljubuski.ba\\\/#website\",\"url\":\"https:\\\/\\\/radioljubuski.ba\\\/\",\"name\":\"Radio Ljubu\u0161ki\",\"description\":\"Sun\u010dana frekvencija Hercegovine\",\"publisher\":{\"@id\":\"https:\\\/\\\/radioljubuski.ba\\\/#organization\"},\"potentialAction\":[{\"@type\":\"SearchAction\",\"target\":{\"@type\":\"EntryPoint\",\"urlTemplate\":\"https:\\\/\\\/radioljubuski.ba\\\/?s={search_term_string}\"},\"query-input\":{\"@type\":\"PropertyValueSpecification\",\"valueRequired\":true,\"valueName\":\"search_term_string\"}}],\"inLanguage\":\"hr\"},{\"@type\":\"Organization\",\"@id\":\"https:\\\/\\\/radioljubuski.ba\\\/#organization\",\"name\":\"Radio Ljubu\u0161ki\",\"url\":\"https:\\\/\\\/radioljubuski.ba\\\/\",\"logo\":{\"@type\":\"ImageObject\",\"inLanguage\":\"hr\",\"@id\":\"https:\\\/\\\/radioljubuski.ba\\\/#\\\/schema\\\/logo\\\/image\\\/\",\"url\":\"https:\\\/\\\/radioljubuski.ba\\\/wp-content\\\/uploads\\\/2021\\\/02\\\/cropped-Radio_Ljubuski_logo1.jpg\",\"contentUrl\":\"https:\\\/\\\/radioljubuski.ba\\\/wp-content\\\/uploads\\\/2021\\\/02\\\/cropped-Radio_Ljubuski_logo1.jpg\",\"width\":512,\"height\":512,\"caption\":\"Radio Ljubu\u0161ki\"},\"image\":{\"@id\":\"https:\\\/\\\/radioljubuski.ba\\\/#\\\/schema\\\/logo\\\/image\\\/\"},\"sameAs\":[\"https:\\\/\\\/www.facebook.com\\\/Radiio-Ljubuski-1490835324566332\",\"https:\\\/\\\/x.com\\\/radioljubuski\",\"https:\\\/\\\/hr.linkedin.com\\\/company\\\/radio-ljubuski\",\"https:\\\/\\\/www.youtube.com\\\/channel\\\/UCHYaeO_n0Db3tjNGudGpXyw\"]},{\"@type\":\"Person\",\"@id\":\"https:\\\/\\\/radioljubuski.ba\\\/#\\\/schema\\\/person\\\/19fc700381a780f69665d7956c469e3b\",\"name\":\"Radio Ljubu\u0161ki\"}]}<\/script>\n<!-- \/ Yoast SEO plugin. -->","yoast_head_json":{"title":"Lije\u010dni\u010dko povjerenstvo smanjilo invaliditet za 10.872, a ukinulo za 5808 branitelja - RADIO LJUBU\u0160KI","robots":{"index":"index","follow":"follow","max-snippet":"max-snippet:-1","max-image-preview":"max-image-preview:large","max-video-preview":"max-video-preview:-1"},"canonical":"https:\/\/radioljubuski.ba\/index.php\/2021\/04\/26\/lijecnicko-povjerenstvo-smanjilo-invaliditet-za-10-872-a-ukinulo-za-5808-branitelja\/","og_locale":"hr_HR","og_type":"article","og_title":"Lije\u010dni\u010dko povjerenstvo smanjilo invaliditet za 10.872, a ukinulo za 5808 branitelja - RADIO LJUBU\u0160KI","og_description":"U razdoblju od 29. travnja 2011., kada su prvi put dostavljeni predmeti Institutu, do 31. prosinca 2020. Lije\u010dni\u010dkom povjerenstvu Instituta za medicinsko vje\u0161ta\u010denje po Zakonu o provo\u0111enju kontrole zakonitosti kori\u0161tenja prava iz oblasti braniteljsko-invalidske za\u0161tite dostavljeno je ukupno 53.848 predmeta Vlada FBiH prihvatila je informaciju o primjeni Zakona o provo\u0111enju kontrole zakonitosti kori\u0161tenja prava iz [&hellip;]","og_url":"https:\/\/radioljubuski.ba\/index.php\/2021\/04\/26\/lijecnicko-povjerenstvo-smanjilo-invaliditet-za-10-872-a-ukinulo-za-5808-branitelja\/","og_site_name":"RADIO LJUBU\u0160KI","article_publisher":"https:\/\/www.facebook.com\/Radiio-Ljubuski-1490835324566332","article_published_time":"2021-04-26T08:42:30+00:00","article_modified_time":"2021-04-26T08:42:31+00:00","og_image":[{"width":1000,"height":625,"url":"https:\/\/radioljubuski.ba\/wp-content\/uploads\/2021\/04\/DNqgRhGH_branitelje.jpg","type":"image\/jpeg"}],"author":"Radio Ljubu\u0161ki","twitter_card":"summary_large_image","twitter_creator":"@radioljubuski","twitter_site":"@radioljubuski","twitter_misc":{"Napisao\/la":"Radio Ljubu\u0161ki","Procijenjeno vrijeme \u010ditanja":"3 minute"},"schema":{"@context":"https:\/\/schema.org","@graph":[{"@type":"Article","@id":"https:\/\/radioljubuski.ba\/index.php\/2021\/04\/26\/lijecnicko-povjerenstvo-smanjilo-invaliditet-za-10-872-a-ukinulo-za-5808-branitelja\/#article","isPartOf":{"@id":"https:\/\/radioljubuski.ba\/index.php\/2021\/04\/26\/lijecnicko-povjerenstvo-smanjilo-invaliditet-za-10-872-a-ukinulo-za-5808-branitelja\/"},"author":{"name":"Radio Ljubu\u0161ki","@id":"https:\/\/radioljubuski.ba\/#\/schema\/person\/19fc700381a780f69665d7956c469e3b"},"headline":"Lije\u010dni\u010dko povjerenstvo smanjilo invaliditet za 10.872, a ukinulo za 5808 branitelja","datePublished":"2021-04-26T08:42:30+00:00","dateModified":"2021-04-26T08:42:31+00:00","mainEntityOfPage":{"@id":"https:\/\/radioljubuski.ba\/index.php\/2021\/04\/26\/lijecnicko-povjerenstvo-smanjilo-invaliditet-za-10-872-a-ukinulo-za-5808-branitelja\/"},"wordCount":560,"publisher":{"@id":"https:\/\/radioljubuski.ba\/#organization"},"image":{"@id":"https:\/\/radioljubuski.ba\/index.php\/2021\/04\/26\/lijecnicko-povjerenstvo-smanjilo-invaliditet-za-10-872-a-ukinulo-za-5808-branitelja\/#primaryimage"},"thumbnailUrl":"https:\/\/radioljubuski.ba\/wp-content\/uploads\/2021\/04\/DNqgRhGH_branitelje.jpg","articleSection":["BIH i regija"],"inLanguage":"hr"},{"@type":"WebPage","@id":"https:\/\/radioljubuski.ba\/index.php\/2021\/04\/26\/lijecnicko-povjerenstvo-smanjilo-invaliditet-za-10-872-a-ukinulo-za-5808-branitelja\/","url":"https:\/\/radioljubuski.ba\/index.php\/2021\/04\/26\/lijecnicko-povjerenstvo-smanjilo-invaliditet-za-10-872-a-ukinulo-za-5808-branitelja\/","name":"Lije\u010dni\u010dko povjerenstvo smanjilo invaliditet za 10.872, a ukinulo za 5808 branitelja - RADIO LJUBU\u0160KI","isPartOf":{"@id":"https:\/\/radioljubuski.ba\/#website"},"primaryImageOfPage":{"@id":"https:\/\/radioljubuski.ba\/index.php\/2021\/04\/26\/lijecnicko-povjerenstvo-smanjilo-invaliditet-za-10-872-a-ukinulo-za-5808-branitelja\/#primaryimage"},"image":{"@id":"https:\/\/radioljubuski.ba\/index.php\/2021\/04\/26\/lijecnicko-povjerenstvo-smanjilo-invaliditet-za-10-872-a-ukinulo-za-5808-branitelja\/#primaryimage"},"thumbnailUrl":"https:\/\/radioljubuski.ba\/wp-content\/uploads\/2021\/04\/DNqgRhGH_branitelje.jpg","datePublished":"2021-04-26T08:42:30+00:00","dateModified":"2021-04-26T08:42:31+00:00","breadcrumb":{"@id":"https:\/\/radioljubuski.ba\/index.php\/2021\/04\/26\/lijecnicko-povjerenstvo-smanjilo-invaliditet-za-10-872-a-ukinulo-za-5808-branitelja\/#breadcrumb"},"inLanguage":"hr","potentialAction":[{"@type":"ReadAction","target":["https:\/\/radioljubuski.ba\/index.php\/2021\/04\/26\/lijecnicko-povjerenstvo-smanjilo-invaliditet-za-10-872-a-ukinulo-za-5808-branitelja\/"]}]},{"@type":"ImageObject","inLanguage":"hr","@id":"https:\/\/radioljubuski.ba\/index.php\/2021\/04\/26\/lijecnicko-povjerenstvo-smanjilo-invaliditet-za-10-872-a-ukinulo-za-5808-branitelja\/#primaryimage","url":"https:\/\/radioljubuski.ba\/wp-content\/uploads\/2021\/04\/DNqgRhGH_branitelje.jpg","contentUrl":"https:\/\/radioljubuski.ba\/wp-content\/uploads\/2021\/04\/DNqgRhGH_branitelje.jpg","width":1000,"height":625},{"@type":"BreadcrumbList","@id":"https:\/\/radioljubuski.ba\/index.php\/2021\/04\/26\/lijecnicko-povjerenstvo-smanjilo-invaliditet-za-10-872-a-ukinulo-za-5808-branitelja\/#breadcrumb","itemListElement":[{"@type":"ListItem","position":1,"name":"Po\u010detna stranica","item":"https:\/\/radioljubuski.ba\/"},{"@type":"ListItem","position":2,"name":"Lije\u010dni\u010dko povjerenstvo smanjilo invaliditet za 10.872, a ukinulo za 5808 branitelja"}]},{"@type":"WebSite","@id":"https:\/\/radioljubuski.ba\/#website","url":"https:\/\/radioljubuski.ba\/","name":"Radio Ljubu\u0161ki","description":"Sun\u010dana frekvencija Hercegovine","publisher":{"@id":"https:\/\/radioljubuski.ba\/#organization"},"potentialAction":[{"@type":"SearchAction","target":{"@type":"EntryPoint","urlTemplate":"https:\/\/radioljubuski.ba\/?s={search_term_string}"},"query-input":{"@type":"PropertyValueSpecification","valueRequired":true,"valueName":"search_term_string"}}],"inLanguage":"hr"},{"@type":"Organization","@id":"https:\/\/radioljubuski.ba\/#organization","name":"Radio Ljubu\u0161ki","url":"https:\/\/radioljubuski.ba\/","logo":{"@type":"ImageObject","inLanguage":"hr","@id":"https:\/\/radioljubuski.ba\/#\/schema\/logo\/image\/","url":"https:\/\/radioljubuski.ba\/wp-content\/uploads\/2021\/02\/cropped-Radio_Ljubuski_logo1.jpg","contentUrl":"https:\/\/radioljubuski.ba\/wp-content\/uploads\/2021\/02\/cropped-Radio_Ljubuski_logo1.jpg","width":512,"height":512,"caption":"Radio Ljubu\u0161ki"},"image":{"@id":"https:\/\/radioljubuski.ba\/#\/schema\/logo\/image\/"},"sameAs":["https:\/\/www.facebook.com\/Radiio-Ljubuski-1490835324566332","https:\/\/x.com\/radioljubuski","https:\/\/hr.linkedin.com\/company\/radio-ljubuski","https:\/\/www.youtube.com\/channel\/UCHYaeO_n0Db3tjNGudGpXyw"]},{"@type":"Person","@id":"https:\/\/radioljubuski.ba\/#\/schema\/person\/19fc700381a780f69665d7956c469e3b","name":"Radio Ljubu\u0161ki"}]}},"_links":{"self":[{"href":"https:\/\/radioljubuski.ba\/index.php\/wp-json\/wp\/v2\/posts\/16377","targetHints":{"allow":["GET"]}}],"collection":[{"href":"https:\/\/radioljubuski.ba\/index.php\/wp-json\/wp\/v2\/posts"}],"about":[{"href":"https:\/\/radioljubuski.ba\/index.php\/wp-json\/wp\/v2\/types\/post"}],"author":[{"embeddable":true,"href":"https:\/\/radioljubuski.ba\/index.php\/wp-json\/wp\/v2\/users\/2"}],"replies":[{"embeddable":true,"href":"https:\/\/radioljubuski.ba\/index.php\/wp-json\/wp\/v2\/comments?post=16377"}],"version-history":[{"count":1,"href":"https:\/\/radioljubuski.ba\/index.php\/wp-json\/wp\/v2\/posts\/16377\/revisions"}],"predecessor-version":[{"id":16379,"href":"https:\/\/radioljubuski.ba\/index.php\/wp-json\/wp\/v2\/posts\/16377\/revisions\/16379"}],"wp:featuredmedia":[{"embeddable":true,"href":"https:\/\/radioljubuski.ba\/index.php\/wp-json\/wp\/v2\/media\/16378"}],"wp:attachment":[{"href":"https:\/\/radioljubuski.ba\/index.php\/wp-json\/wp\/v2\/media?parent=16377"}],"wp:term":[{"taxonomy":"category","embeddable":true,"href":"https:\/\/radioljubuski.ba\/index.php\/wp-json\/wp\/v2\/categories?post=16377"},{"taxonomy":"post_tag","embeddable":true,"href":"https:\/\/radioljubuski.ba\/index.php\/wp-json\/wp\/v2\/tags?post=16377"}],"curies":[{"name":"wp","href":"https:\/\/api.w.org\/{rel}","templated":true}]}}