{"id":163771,"date":"2022-07-27T07:18:20","date_gmt":"2022-07-27T06:18:20","guid":{"rendered":"https:\/\/radioljubuski.ba\/?p=163771"},"modified":"2022-07-27T07:18:21","modified_gmt":"2022-07-27T06:18:21","slug":"plenkovic-na-otvaranju-peljeskog-mosta-obuzima-me-osjecaj-ponosa-i-radosti","status":"publish","type":"post","link":"https:\/\/radioljubuski.ba\/index.php\/2022\/07\/27\/plenkovic-na-otvaranju-peljeskog-mosta-obuzima-me-osjecaj-ponosa-i-radosti\/","title":{"rendered":"Plenkovi\u0107 na otvaranju Pelje\u0161kog mosta: Obuzima me osje\u0107aj ponosa i radosti"},"content":{"rendered":"\n<p>Premijer Andrej Plenkovi\u0107 sino\u0107 je na otvorenju Pelje\u0161kog mosta poru\u010dio kako je to povijesni dan za Hrvatsku te uputio zahvalu svima izvo\u0111a\u010dima i vladama koje su radile na realizaciji projekta za koji je rekao da je projekt ponosa kojim je spojen jug Hrvatske s ostatkom zemlje.<\/p>\n\n\n\n<p><strong>&#8220;Povijesni dan za Hrvatsku&#8221;<br><\/strong><br>&#8220;Ovo je povijesni dan za Hrvatsku. Obuzimaju me osje\u0107aji radosti, ponosa i zahvalnosti. Radosti \u0161to smo ostvarili projekt koje uistinu dr\u017eavni, strate\u0161ki, svehrvatski i nadasve nadstrana\u010dki. Ovo je projekt generacije, projekt ponosa. Ponosa zbog toga \u0161to smo dio generacije koja je ostvarila ovako veliki \u010din spajanja hrvatskog teritorija, spajanja juga Hrvatske, ju\u017enog dijela Dubrova\u010dko-neretvanske \u017eupanije s ostatkom zemlje&#8221;, poru\u010dio je.<\/p>\n\n\n\n<p>To je potez, istaknuo je premijer na sve\u010danosti na odmori\u0161tu Komarna s kopnene strane Pelje\u0161koga mosta, koji je u ravni s klju\u010dnim trenucima koje su nam priu\u0161tili hrvatski branitelji, kada se osloba\u0111ala Hrvatska, kada se kreirala hrvatska sloboda.<\/p>\n\n\n\n<p>&#8220;Ovo je potez generacije koji dolazi u trenutku kada smo znali iskoristiti ono za \u0161to smo se zalagali proteklih 30-ak godina&#8221;, dodao je te ustvrdio da je projekt realiziran skladno &#8220;u pogledu politi\u010dke volje i odlu\u010dnosti da ga realiziramo&#8221;.<\/p>\n\n\n\n<p>&#8220;Skladno u pogledu prekrasnog projekta u arhitektonskom, gra\u0111evinskom i izvedbenom pogledu, u smislu kori\u0161tenja \u010dlanstva u Europskoj uniji na najbolji i naju\u010dinkovitiji na\u010din, na na\u010delu modernog suverenizma, gdje je realiziramo na\u0161e strate\u0161ke ciljeve koriste\u0107i na\u0161 osna\u017eeni polo\u017eaj&#8221;, dodao je.<\/p>\n\n\n\n<p>Izgradnja Pelje\u0161kog mosta, istaknuo je premijer, realizirana je temeljem klju\u010dnog na\u010dela EU &#8211; na\u010dela solidarnosti &#8211; solidarnosti koja poma\u017ee onima koji su manje razvijeni da dosegnu stupanj razvijenosti onih koji su vi\u0161e razvijeni.<\/p>\n\n\n\n<p>&#8220;I zato ta \u010dinjenica da su u ovaj most ugradili svoj doprinos i na\u0161i partneri unutar EU zna\u010di da smo dio onoga kluba najrazvijenijih zemalja i da to trebamo i znamo cijeniti&#8221;, rekao je.<\/p>\n\n\n\n<p><strong>Taj nas je projekt na fascinantan na\u010din povezao s Kinom<\/strong><br><strong><br><\/strong>Istaknuo je i da je ovaj projekt Hrvatsku na fascinantan na\u010din povezao s Kinom, referiraju\u0107i se na govor kineskog premijera Li Keqianga koji se na sve\u010danosti obratio putem video linka, a u kontekstu \u010dinjenice da je most gradila kineska tvrtka China Road and Bridge Corporation (CRBC).<\/p>\n\n\n\n<p>&#8220;\u010culi smo malo prije kineskog premijera da odnosi Hrvatske i Kine nakon ovako izgra\u0111enog projekta nikada ne\u0107e biti isti. I to je istina&#8221;, rekao je Plenkovi\u0107.<\/p>\n\n\n\n<p>Spomenuo se i drugih izvo\u0111a\u010da na projektu (Strabag, Avax) i brojnih podizvo\u0111a\u010da te im zahvalio kao i Hrvatskim cestama te potpredsjedniku Vlade i resornom ministru Olegu Butkovi\u0107u, &#8220;kao i svima koji su i najmanji doprinos dali da se ovaj projekt realizira&#8221;.<\/p>\n\n\n\n<p>&#8220;Svim vladama prije nas, svima onima koji su sanjali i imali ideju da se projekt realizira. Uspjeli smo zajedno ostvariti hrvatski san. Budimo sretni da \u0107e oni koji \u0107e koristiti ovaj most dati svoj doprinos ekonomskom razvoju Hrvatske, boljoj prometnoj povezanosti, boljim prihodima od turizma, a iznad svega kvalitetnijem \u017eivotu svih ljudi koji \u017eive u ju\u017enom dijelu dubrova\u010dko neretvanske \u017eupanije&#8221;, poru\u010dio je Plenkovi\u0107.<\/p>\n\n\n\n<p>Hvala svima i veselim se da smo ovako veli\u010danstveno obilje\u017eili ovaj uistinu povijesni dan, poru\u010dio je.<\/p>\n\n\n\n<p><strong>Izvor: Index.hr<\/strong><\/p>\n","protected":false},"excerpt":{"rendered":"<p>Premijer Andrej Plenkovi\u0107 sino\u0107 je na otvorenju Pelje\u0161kog mosta poru\u010dio kako je to povijesni dan za Hrvatsku te uputio zahvalu svima izvo\u0111a\u010dima i vladama koje su radile na realizaciji projekta za koji je rekao da je projekt ponosa kojim je spojen jug Hrvatske s ostatkom zemlje. &#8220;Povijesni dan za Hrvatsku&#8221;&#8220;Ovo je povijesni dan za Hrvatsku. [&hellip;]<\/p>\n","protected":false},"author":2,"featured_media":163773,"comment_status":"closed","ping_status":"closed","sticky":false,"template":"","format":"standard","meta":{"h5ap_radio_sources":[],"footnotes":""},"categories":[1],"tags":[],"class_list":["post-163771","post","type-post","status-publish","format-standard","has-post-thumbnail","hentry","category-bihiregija"],"yoast_head":"<!-- This site is optimized with the Yoast SEO plugin v27.5 - https:\/\/yoast.com\/product\/yoast-seo-wordpress\/ -->\n<title>Plenkovi\u0107 na otvaranju Pelje\u0161kog mosta: Obuzima me osje\u0107aj ponosa i radosti - RADIO LJUBU\u0160KI<\/title>\n<meta name=\"robots\" content=\"index, follow, max-snippet:-1, max-image-preview:large, max-video-preview:-1\" \/>\n<link rel=\"canonical\" href=\"https:\/\/radioljubuski.ba\/index.php\/2022\/07\/27\/plenkovic-na-otvaranju-peljeskog-mosta-obuzima-me-osjecaj-ponosa-i-radosti\/\" \/>\n<meta property=\"og:locale\" content=\"hr_HR\" \/>\n<meta property=\"og:type\" content=\"article\" \/>\n<meta property=\"og:title\" content=\"Plenkovi\u0107 na otvaranju Pelje\u0161kog mosta: Obuzima me osje\u0107aj ponosa i radosti - RADIO LJUBU\u0160KI\" \/>\n<meta property=\"og:description\" content=\"Premijer Andrej Plenkovi\u0107 sino\u0107 je na otvorenju Pelje\u0161kog mosta poru\u010dio kako je to povijesni dan za Hrvatsku te uputio zahvalu svima izvo\u0111a\u010dima i vladama koje su radile na realizaciji projekta za koji je rekao da je projekt ponosa kojim je spojen jug Hrvatske s ostatkom zemlje. &#8220;Povijesni dan za Hrvatsku&#8221;&#8220;Ovo je povijesni dan za Hrvatsku. [&hellip;]\" \/>\n<meta property=\"og:url\" content=\"https:\/\/radioljubuski.ba\/index.php\/2022\/07\/27\/plenkovic-na-otvaranju-peljeskog-mosta-obuzima-me-osjecaj-ponosa-i-radosti\/\" \/>\n<meta property=\"og:site_name\" content=\"RADIO LJUBU\u0160KI\" \/>\n<meta property=\"article:publisher\" content=\"https:\/\/www.facebook.com\/Radiio-Ljubuski-1490835324566332\" \/>\n<meta property=\"article:published_time\" content=\"2022-07-27T06:18:20+00:00\" \/>\n<meta property=\"article:modified_time\" content=\"2022-07-27T06:18:21+00:00\" \/>\n<meta property=\"og:image\" content=\"https:\/\/radioljubuski.ba\/wp-content\/uploads\/2022\/07\/peljeski-1.jpg\" \/>\n\t<meta property=\"og:image:width\" content=\"480\" \/>\n\t<meta property=\"og:image:height\" content=\"436\" \/>\n\t<meta property=\"og:image:type\" content=\"image\/jpeg\" \/>\n<meta name=\"author\" content=\"Radio Ljubu\u0161ki\" \/>\n<meta name=\"twitter:card\" content=\"summary_large_image\" \/>\n<meta name=\"twitter:creator\" content=\"@radioljubuski\" \/>\n<meta name=\"twitter:site\" content=\"@radioljubuski\" \/>\n<meta name=\"twitter:label1\" content=\"Napisao\/la\" \/>\n\t<meta name=\"twitter:data1\" content=\"Radio Ljubu\u0161ki\" \/>\n\t<meta name=\"twitter:label2\" content=\"Procijenjeno vrijeme \u010ditanja\" \/>\n\t<meta name=\"twitter:data2\" content=\"3 minute\" \/>\n<script type=\"application\/ld+json\" class=\"yoast-schema-graph\">{\"@context\":\"https:\\\/\\\/schema.org\",\"@graph\":[{\"@type\":\"Article\",\"@id\":\"https:\\\/\\\/radioljubuski.ba\\\/index.php\\\/2022\\\/07\\\/27\\\/plenkovic-na-otvaranju-peljeskog-mosta-obuzima-me-osjecaj-ponosa-i-radosti\\\/#article\",\"isPartOf\":{\"@id\":\"https:\\\/\\\/radioljubuski.ba\\\/index.php\\\/2022\\\/07\\\/27\\\/plenkovic-na-otvaranju-peljeskog-mosta-obuzima-me-osjecaj-ponosa-i-radosti\\\/\"},\"author\":{\"name\":\"Radio Ljubu\u0161ki\",\"@id\":\"https:\\\/\\\/radioljubuski.ba\\\/#\\\/schema\\\/person\\\/19fc700381a780f69665d7956c469e3b\"},\"headline\":\"Plenkovi\u0107 na otvaranju Pelje\u0161kog mosta: Obuzima me osje\u0107aj ponosa i radosti\",\"datePublished\":\"2022-07-27T06:18:20+00:00\",\"dateModified\":\"2022-07-27T06:18:21+00:00\",\"mainEntityOfPage\":{\"@id\":\"https:\\\/\\\/radioljubuski.ba\\\/index.php\\\/2022\\\/07\\\/27\\\/plenkovic-na-otvaranju-peljeskog-mosta-obuzima-me-osjecaj-ponosa-i-radosti\\\/\"},\"wordCount\":565,\"publisher\":{\"@id\":\"https:\\\/\\\/radioljubuski.ba\\\/#organization\"},\"image\":{\"@id\":\"https:\\\/\\\/radioljubuski.ba\\\/index.php\\\/2022\\\/07\\\/27\\\/plenkovic-na-otvaranju-peljeskog-mosta-obuzima-me-osjecaj-ponosa-i-radosti\\\/#primaryimage\"},\"thumbnailUrl\":\"https:\\\/\\\/radioljubuski.ba\\\/wp-content\\\/uploads\\\/2022\\\/07\\\/peljeski-1.jpg\",\"articleSection\":[\"BIH i regija\"],\"inLanguage\":\"hr\"},{\"@type\":\"WebPage\",\"@id\":\"https:\\\/\\\/radioljubuski.ba\\\/index.php\\\/2022\\\/07\\\/27\\\/plenkovic-na-otvaranju-peljeskog-mosta-obuzima-me-osjecaj-ponosa-i-radosti\\\/\",\"url\":\"https:\\\/\\\/radioljubuski.ba\\\/index.php\\\/2022\\\/07\\\/27\\\/plenkovic-na-otvaranju-peljeskog-mosta-obuzima-me-osjecaj-ponosa-i-radosti\\\/\",\"name\":\"Plenkovi\u0107 na otvaranju Pelje\u0161kog mosta: Obuzima me osje\u0107aj ponosa i radosti - RADIO LJUBU\u0160KI\",\"isPartOf\":{\"@id\":\"https:\\\/\\\/radioljubuski.ba\\\/#website\"},\"primaryImageOfPage\":{\"@id\":\"https:\\\/\\\/radioljubuski.ba\\\/index.php\\\/2022\\\/07\\\/27\\\/plenkovic-na-otvaranju-peljeskog-mosta-obuzima-me-osjecaj-ponosa-i-radosti\\\/#primaryimage\"},\"image\":{\"@id\":\"https:\\\/\\\/radioljubuski.ba\\\/index.php\\\/2022\\\/07\\\/27\\\/plenkovic-na-otvaranju-peljeskog-mosta-obuzima-me-osjecaj-ponosa-i-radosti\\\/#primaryimage\"},\"thumbnailUrl\":\"https:\\\/\\\/radioljubuski.ba\\\/wp-content\\\/uploads\\\/2022\\\/07\\\/peljeski-1.jpg\",\"datePublished\":\"2022-07-27T06:18:20+00:00\",\"dateModified\":\"2022-07-27T06:18:21+00:00\",\"breadcrumb\":{\"@id\":\"https:\\\/\\\/radioljubuski.ba\\\/index.php\\\/2022\\\/07\\\/27\\\/plenkovic-na-otvaranju-peljeskog-mosta-obuzima-me-osjecaj-ponosa-i-radosti\\\/#breadcrumb\"},\"inLanguage\":\"hr\",\"potentialAction\":[{\"@type\":\"ReadAction\",\"target\":[\"https:\\\/\\\/radioljubuski.ba\\\/index.php\\\/2022\\\/07\\\/27\\\/plenkovic-na-otvaranju-peljeskog-mosta-obuzima-me-osjecaj-ponosa-i-radosti\\\/\"]}]},{\"@type\":\"ImageObject\",\"inLanguage\":\"hr\",\"@id\":\"https:\\\/\\\/radioljubuski.ba\\\/index.php\\\/2022\\\/07\\\/27\\\/plenkovic-na-otvaranju-peljeskog-mosta-obuzima-me-osjecaj-ponosa-i-radosti\\\/#primaryimage\",\"url\":\"https:\\\/\\\/radioljubuski.ba\\\/wp-content\\\/uploads\\\/2022\\\/07\\\/peljeski-1.jpg\",\"contentUrl\":\"https:\\\/\\\/radioljubuski.ba\\\/wp-content\\\/uploads\\\/2022\\\/07\\\/peljeski-1.jpg\",\"width\":480,\"height\":436},{\"@type\":\"BreadcrumbList\",\"@id\":\"https:\\\/\\\/radioljubuski.ba\\\/index.php\\\/2022\\\/07\\\/27\\\/plenkovic-na-otvaranju-peljeskog-mosta-obuzima-me-osjecaj-ponosa-i-radosti\\\/#breadcrumb\",\"itemListElement\":[{\"@type\":\"ListItem\",\"position\":1,\"name\":\"Po\u010detna stranica\",\"item\":\"https:\\\/\\\/radioljubuski.ba\\\/\"},{\"@type\":\"ListItem\",\"position\":2,\"name\":\"Plenkovi\u0107 na otvaranju Pelje\u0161kog mosta: Obuzima me osje\u0107aj ponosa i radosti\"}]},{\"@type\":\"WebSite\",\"@id\":\"https:\\\/\\\/radioljubuski.ba\\\/#website\",\"url\":\"https:\\\/\\\/radioljubuski.ba\\\/\",\"name\":\"Radio Ljubu\u0161ki\",\"description\":\"Sun\u010dana frekvencija Hercegovine\",\"publisher\":{\"@id\":\"https:\\\/\\\/radioljubuski.ba\\\/#organization\"},\"potentialAction\":[{\"@type\":\"SearchAction\",\"target\":{\"@type\":\"EntryPoint\",\"urlTemplate\":\"https:\\\/\\\/radioljubuski.ba\\\/?s={search_term_string}\"},\"query-input\":{\"@type\":\"PropertyValueSpecification\",\"valueRequired\":true,\"valueName\":\"search_term_string\"}}],\"inLanguage\":\"hr\"},{\"@type\":\"Organization\",\"@id\":\"https:\\\/\\\/radioljubuski.ba\\\/#organization\",\"name\":\"Radio Ljubu\u0161ki\",\"url\":\"https:\\\/\\\/radioljubuski.ba\\\/\",\"logo\":{\"@type\":\"ImageObject\",\"inLanguage\":\"hr\",\"@id\":\"https:\\\/\\\/radioljubuski.ba\\\/#\\\/schema\\\/logo\\\/image\\\/\",\"url\":\"https:\\\/\\\/radioljubuski.ba\\\/wp-content\\\/uploads\\\/2021\\\/02\\\/cropped-Radio_Ljubuski_logo1.jpg\",\"contentUrl\":\"https:\\\/\\\/radioljubuski.ba\\\/wp-content\\\/uploads\\\/2021\\\/02\\\/cropped-Radio_Ljubuski_logo1.jpg\",\"width\":512,\"height\":512,\"caption\":\"Radio Ljubu\u0161ki\"},\"image\":{\"@id\":\"https:\\\/\\\/radioljubuski.ba\\\/#\\\/schema\\\/logo\\\/image\\\/\"},\"sameAs\":[\"https:\\\/\\\/www.facebook.com\\\/Radiio-Ljubuski-1490835324566332\",\"https:\\\/\\\/x.com\\\/radioljubuski\",\"https:\\\/\\\/hr.linkedin.com\\\/company\\\/radio-ljubuski\",\"https:\\\/\\\/www.youtube.com\\\/channel\\\/UCHYaeO_n0Db3tjNGudGpXyw\"]},{\"@type\":\"Person\",\"@id\":\"https:\\\/\\\/radioljubuski.ba\\\/#\\\/schema\\\/person\\\/19fc700381a780f69665d7956c469e3b\",\"name\":\"Radio Ljubu\u0161ki\"}]}<\/script>\n<!-- \/ Yoast SEO plugin. -->","yoast_head_json":{"title":"Plenkovi\u0107 na otvaranju Pelje\u0161kog mosta: Obuzima me osje\u0107aj ponosa i radosti - RADIO LJUBU\u0160KI","robots":{"index":"index","follow":"follow","max-snippet":"max-snippet:-1","max-image-preview":"max-image-preview:large","max-video-preview":"max-video-preview:-1"},"canonical":"https:\/\/radioljubuski.ba\/index.php\/2022\/07\/27\/plenkovic-na-otvaranju-peljeskog-mosta-obuzima-me-osjecaj-ponosa-i-radosti\/","og_locale":"hr_HR","og_type":"article","og_title":"Plenkovi\u0107 na otvaranju Pelje\u0161kog mosta: Obuzima me osje\u0107aj ponosa i radosti - RADIO LJUBU\u0160KI","og_description":"Premijer Andrej Plenkovi\u0107 sino\u0107 je na otvorenju Pelje\u0161kog mosta poru\u010dio kako je to povijesni dan za Hrvatsku te uputio zahvalu svima izvo\u0111a\u010dima i vladama koje su radile na realizaciji projekta za koji je rekao da je projekt ponosa kojim je spojen jug Hrvatske s ostatkom zemlje. &#8220;Povijesni dan za Hrvatsku&#8221;&#8220;Ovo je povijesni dan za Hrvatsku. [&hellip;]","og_url":"https:\/\/radioljubuski.ba\/index.php\/2022\/07\/27\/plenkovic-na-otvaranju-peljeskog-mosta-obuzima-me-osjecaj-ponosa-i-radosti\/","og_site_name":"RADIO LJUBU\u0160KI","article_publisher":"https:\/\/www.facebook.com\/Radiio-Ljubuski-1490835324566332","article_published_time":"2022-07-27T06:18:20+00:00","article_modified_time":"2022-07-27T06:18:21+00:00","og_image":[{"width":480,"height":436,"url":"https:\/\/radioljubuski.ba\/wp-content\/uploads\/2022\/07\/peljeski-1.jpg","type":"image\/jpeg"}],"author":"Radio Ljubu\u0161ki","twitter_card":"summary_large_image","twitter_creator":"@radioljubuski","twitter_site":"@radioljubuski","twitter_misc":{"Napisao\/la":"Radio Ljubu\u0161ki","Procijenjeno vrijeme \u010ditanja":"3 minute"},"schema":{"@context":"https:\/\/schema.org","@graph":[{"@type":"Article","@id":"https:\/\/radioljubuski.ba\/index.php\/2022\/07\/27\/plenkovic-na-otvaranju-peljeskog-mosta-obuzima-me-osjecaj-ponosa-i-radosti\/#article","isPartOf":{"@id":"https:\/\/radioljubuski.ba\/index.php\/2022\/07\/27\/plenkovic-na-otvaranju-peljeskog-mosta-obuzima-me-osjecaj-ponosa-i-radosti\/"},"author":{"name":"Radio Ljubu\u0161ki","@id":"https:\/\/radioljubuski.ba\/#\/schema\/person\/19fc700381a780f69665d7956c469e3b"},"headline":"Plenkovi\u0107 na otvaranju Pelje\u0161kog mosta: Obuzima me osje\u0107aj ponosa i radosti","datePublished":"2022-07-27T06:18:20+00:00","dateModified":"2022-07-27T06:18:21+00:00","mainEntityOfPage":{"@id":"https:\/\/radioljubuski.ba\/index.php\/2022\/07\/27\/plenkovic-na-otvaranju-peljeskog-mosta-obuzima-me-osjecaj-ponosa-i-radosti\/"},"wordCount":565,"publisher":{"@id":"https:\/\/radioljubuski.ba\/#organization"},"image":{"@id":"https:\/\/radioljubuski.ba\/index.php\/2022\/07\/27\/plenkovic-na-otvaranju-peljeskog-mosta-obuzima-me-osjecaj-ponosa-i-radosti\/#primaryimage"},"thumbnailUrl":"https:\/\/radioljubuski.ba\/wp-content\/uploads\/2022\/07\/peljeski-1.jpg","articleSection":["BIH i regija"],"inLanguage":"hr"},{"@type":"WebPage","@id":"https:\/\/radioljubuski.ba\/index.php\/2022\/07\/27\/plenkovic-na-otvaranju-peljeskog-mosta-obuzima-me-osjecaj-ponosa-i-radosti\/","url":"https:\/\/radioljubuski.ba\/index.php\/2022\/07\/27\/plenkovic-na-otvaranju-peljeskog-mosta-obuzima-me-osjecaj-ponosa-i-radosti\/","name":"Plenkovi\u0107 na otvaranju Pelje\u0161kog mosta: Obuzima me osje\u0107aj ponosa i radosti - RADIO LJUBU\u0160KI","isPartOf":{"@id":"https:\/\/radioljubuski.ba\/#website"},"primaryImageOfPage":{"@id":"https:\/\/radioljubuski.ba\/index.php\/2022\/07\/27\/plenkovic-na-otvaranju-peljeskog-mosta-obuzima-me-osjecaj-ponosa-i-radosti\/#primaryimage"},"image":{"@id":"https:\/\/radioljubuski.ba\/index.php\/2022\/07\/27\/plenkovic-na-otvaranju-peljeskog-mosta-obuzima-me-osjecaj-ponosa-i-radosti\/#primaryimage"},"thumbnailUrl":"https:\/\/radioljubuski.ba\/wp-content\/uploads\/2022\/07\/peljeski-1.jpg","datePublished":"2022-07-27T06:18:20+00:00","dateModified":"2022-07-27T06:18:21+00:00","breadcrumb":{"@id":"https:\/\/radioljubuski.ba\/index.php\/2022\/07\/27\/plenkovic-na-otvaranju-peljeskog-mosta-obuzima-me-osjecaj-ponosa-i-radosti\/#breadcrumb"},"inLanguage":"hr","potentialAction":[{"@type":"ReadAction","target":["https:\/\/radioljubuski.ba\/index.php\/2022\/07\/27\/plenkovic-na-otvaranju-peljeskog-mosta-obuzima-me-osjecaj-ponosa-i-radosti\/"]}]},{"@type":"ImageObject","inLanguage":"hr","@id":"https:\/\/radioljubuski.ba\/index.php\/2022\/07\/27\/plenkovic-na-otvaranju-peljeskog-mosta-obuzima-me-osjecaj-ponosa-i-radosti\/#primaryimage","url":"https:\/\/radioljubuski.ba\/wp-content\/uploads\/2022\/07\/peljeski-1.jpg","contentUrl":"https:\/\/radioljubuski.ba\/wp-content\/uploads\/2022\/07\/peljeski-1.jpg","width":480,"height":436},{"@type":"BreadcrumbList","@id":"https:\/\/radioljubuski.ba\/index.php\/2022\/07\/27\/plenkovic-na-otvaranju-peljeskog-mosta-obuzima-me-osjecaj-ponosa-i-radosti\/#breadcrumb","itemListElement":[{"@type":"ListItem","position":1,"name":"Po\u010detna stranica","item":"https:\/\/radioljubuski.ba\/"},{"@type":"ListItem","position":2,"name":"Plenkovi\u0107 na otvaranju Pelje\u0161kog mosta: Obuzima me osje\u0107aj ponosa i radosti"}]},{"@type":"WebSite","@id":"https:\/\/radioljubuski.ba\/#website","url":"https:\/\/radioljubuski.ba\/","name":"Radio Ljubu\u0161ki","description":"Sun\u010dana frekvencija Hercegovine","publisher":{"@id":"https:\/\/radioljubuski.ba\/#organization"},"potentialAction":[{"@type":"SearchAction","target":{"@type":"EntryPoint","urlTemplate":"https:\/\/radioljubuski.ba\/?s={search_term_string}"},"query-input":{"@type":"PropertyValueSpecification","valueRequired":true,"valueName":"search_term_string"}}],"inLanguage":"hr"},{"@type":"Organization","@id":"https:\/\/radioljubuski.ba\/#organization","name":"Radio Ljubu\u0161ki","url":"https:\/\/radioljubuski.ba\/","logo":{"@type":"ImageObject","inLanguage":"hr","@id":"https:\/\/radioljubuski.ba\/#\/schema\/logo\/image\/","url":"https:\/\/radioljubuski.ba\/wp-content\/uploads\/2021\/02\/cropped-Radio_Ljubuski_logo1.jpg","contentUrl":"https:\/\/radioljubuski.ba\/wp-content\/uploads\/2021\/02\/cropped-Radio_Ljubuski_logo1.jpg","width":512,"height":512,"caption":"Radio Ljubu\u0161ki"},"image":{"@id":"https:\/\/radioljubuski.ba\/#\/schema\/logo\/image\/"},"sameAs":["https:\/\/www.facebook.com\/Radiio-Ljubuski-1490835324566332","https:\/\/x.com\/radioljubuski","https:\/\/hr.linkedin.com\/company\/radio-ljubuski","https:\/\/www.youtube.com\/channel\/UCHYaeO_n0Db3tjNGudGpXyw"]},{"@type":"Person","@id":"https:\/\/radioljubuski.ba\/#\/schema\/person\/19fc700381a780f69665d7956c469e3b","name":"Radio Ljubu\u0161ki"}]}},"_links":{"self":[{"href":"https:\/\/radioljubuski.ba\/index.php\/wp-json\/wp\/v2\/posts\/163771","targetHints":{"allow":["GET"]}}],"collection":[{"href":"https:\/\/radioljubuski.ba\/index.php\/wp-json\/wp\/v2\/posts"}],"about":[{"href":"https:\/\/radioljubuski.ba\/index.php\/wp-json\/wp\/v2\/types\/post"}],"author":[{"embeddable":true,"href":"https:\/\/radioljubuski.ba\/index.php\/wp-json\/wp\/v2\/users\/2"}],"replies":[{"embeddable":true,"href":"https:\/\/radioljubuski.ba\/index.php\/wp-json\/wp\/v2\/comments?post=163771"}],"version-history":[{"count":1,"href":"https:\/\/radioljubuski.ba\/index.php\/wp-json\/wp\/v2\/posts\/163771\/revisions"}],"predecessor-version":[{"id":163774,"href":"https:\/\/radioljubuski.ba\/index.php\/wp-json\/wp\/v2\/posts\/163771\/revisions\/163774"}],"wp:featuredmedia":[{"embeddable":true,"href":"https:\/\/radioljubuski.ba\/index.php\/wp-json\/wp\/v2\/media\/163773"}],"wp:attachment":[{"href":"https:\/\/radioljubuski.ba\/index.php\/wp-json\/wp\/v2\/media?parent=163771"}],"wp:term":[{"taxonomy":"category","embeddable":true,"href":"https:\/\/radioljubuski.ba\/index.php\/wp-json\/wp\/v2\/categories?post=163771"},{"taxonomy":"post_tag","embeddable":true,"href":"https:\/\/radioljubuski.ba\/index.php\/wp-json\/wp\/v2\/tags?post=163771"}],"curies":[{"name":"wp","href":"https:\/\/api.w.org\/{rel}","templated":true}]}}